{"id":24618,"date":"2025-05-09T13:07:22","date_gmt":"2025-05-09T16:07:22","guid":{"rendered":"https:\/\/diarioprincipios.com\/?p=24618"},"modified":"2025-05-09T13:07:23","modified_gmt":"2025-05-09T16:07:23","slug":"se-remodelo-la-plaza-de-la-estacion-de-gutierrez","status":"publish","type":"post","link":"https:\/\/diarioprincipios.com\/index.php\/2025\/05\/09\/se-remodelo-la-plaza-de-la-estacion-de-gutierrez\/","title":{"rendered":"Se remodel\u00f3 la Plaza de la Estaci\u00f3n de Guti\u00e9rrez"},"content":{"rendered":"\n<p>Mediante una jornada de trabajo realizada por el Municipio de Berazategui, junto a vecinos y vecinas, se puso en valor la Plaza de la Estaci\u00f3n de Juan Mar\u00eda Guti\u00e9rrez (calle 413 y 455). Adem\u00e1s se instal\u00f3 una tranquera hist\u00f3rica, de cuando era una zona de estancias.<\/p>\n\n\n\n<p>All\u00ed se realizaron trabajos de pintura, parquizaci\u00f3n, desmalezamiento, corte de pasto y arreglo de juegos, entre otros.<\/p>\n\n\n\n<p>Participaron de la acci\u00f3n: los secretarios de Gobierno, Antonio Amarilla; de Servicios P\u00fablicos, Sergio Faccenda; Desarrollo Social, Recreaci\u00f3n, Turismo y Deportes, Mar\u00eda Laura Lacava; Cultura y Educaci\u00f3n, Federico L\u00f3pez; la titular de la Agencia de Tierras y H\u00e1bitat, Cecilia Rold\u00e1n; e integrantes de instituciones de la zona.<\/p>\n\n\n\n<figure class=\"wp-block-image size-large\"><img loading=\"lazy\" decoding=\"async\" width=\"1024\" height=\"682\" src=\"https:\/\/diarioprincipios.com\/wp-content\/uploads\/2025\/05\/SE-REMODELO-LA-PLAZA-DE-LA-ESTACION-DE-GUTIERREZ-1024x682.jpg\" alt=\"\" class=\"wp-image-24619\" srcset=\"https:\/\/diarioprincipios.com\/wp-content\/uploads\/2025\/05\/SE-REMODELO-LA-PLAZA-DE-LA-ESTACION-DE-GUTIERREZ-1024x682.jpg 1024w, https:\/\/diarioprincipios.com\/wp-content\/uploads\/2025\/05\/SE-REMODELO-LA-PLAZA-DE-LA-ESTACION-DE-GUTIERREZ-300x200.jpg 300w, https:\/\/diarioprincipios.com\/wp-content\/uploads\/2025\/05\/SE-REMODELO-LA-PLAZA-DE-LA-ESTACION-DE-GUTIERREZ-768x512.jpg 768w, https:\/\/diarioprincipios.com\/wp-content\/uploads\/2025\/05\/SE-REMODELO-LA-PLAZA-DE-LA-ESTACION-DE-GUTIERREZ-1536x1023.jpg 1536w, https:\/\/diarioprincipios.com\/wp-content\/uploads\/2025\/05\/SE-REMODELO-LA-PLAZA-DE-LA-ESTACION-DE-GUTIERREZ-820x545.jpg 820w, https:\/\/diarioprincipios.com\/wp-content\/uploads\/2025\/05\/SE-REMODELO-LA-PLAZA-DE-LA-ESTACION-DE-GUTIERREZ-600x400.jpg 600w, https:\/\/diarioprincipios.com\/wp-content\/uploads\/2025\/05\/SE-REMODELO-LA-PLAZA-DE-LA-ESTACION-DE-GUTIERREZ.jpg 1600w\" sizes=\"auto, (max-width: 1024px) 100vw, 1024px\" \/><\/figure>\n\n\n\n<p>La delegada municipal de Juan Mar\u00eda Guti\u00e9rrez, Elizabeth Fortunato, se\u00f1al\u00f3: \u00abEn este lugar comenz\u00f3 la historia de nuestra localidad. Por eso estamos contentos de mejorar la plaza y recuperar la tranquera, un hecho muy relevante, para que todos los vecinos y vecinas la puedan ver. Quiero destacar la participaci\u00f3n de la comunidad, que es lo que siempre fomenta el intendente Juan Jos\u00e9 Mussi\u201d.<\/p>\n\n\n\n<p>La tranquera fue recuperada y guardada por la familia Stancich, para que luego fuera restaurada e instalada por la Secretar\u00eda de Cultura y Educaci\u00f3n. Ricardo Stancich cont\u00f3: \u201cUn d\u00eda, con mi pap\u00e1, se nos ocurri\u00f3 guardar la tranquera para que no sea vandalizada. Fue un gusto cuidarla para que ahora la puedan disfrutar todos, porque es un valor para el pueblo de Guti\u00e9rrez\u201d.<\/p>\n","protected":false},"excerpt":{"rendered":"<p>Mediante una jornada de trabajo realizada por el Municipio de Berazategui, junto a vecinos y vecinas, se puso en valor la Plaza de la Estaci\u00f3n de Juan Mar\u00eda Guti\u00e9rrez (calle 413 y 455). Adem\u00e1s se instal\u00f3 una tranquera hist\u00f3rica, de cuando era una zona de estancias. All\u00ed se realizaron trabajos de pintura, parquizaci\u00f3n, desmalezamiento, corte&#8230;<\/p>\n","protected":false},"author":2,"featured_media":24620,"comment_status":"open","ping_status":"open","sticky":false,"template":"","format":"standard","meta":{"footnotes":""},"categories":[3],"tags":[],"class_list":["post-24618","post","type-post","status-publish","format-standard","has-post-thumbnail","hentry","category-berazategui"],"featured_image_src":"https:\/\/diarioprincipios.com\/wp-content\/uploads\/2025\/05\/SE-REMODELO-LA-PLAZA-DE-LA-ESTACION-DE-GUTIERREZ-3-1024x682.jpg","blog_images":{"medium":"https:\/\/diarioprincipios.com\/wp-content\/uploads\/2025\/05\/SE-REMODELO-LA-PLAZA-DE-LA-ESTACION-DE-GUTIERREZ-3-300x200.jpg","large":"https:\/\/diarioprincipios.com\/wp-content\/uploads\/2025\/05\/SE-REMODELO-LA-PLAZA-DE-LA-ESTACION-DE-GUTIERREZ-3-1024x682.jpg"},"ams_acf":[],"yoast_head":"<!-- This site is optimized with the Yoast SEO plugin v27.3 - https:\/\/yoast.com\/product\/yoast-seo-wordpress\/ -->\n<title>Se remodel\u00f3 la Plaza de la Estaci\u00f3n de Guti\u00e9rrez - Principios<\/title>\n<meta name=\"robots\" content=\"index, follow, max-snippet:-1, max-image-preview:large, max-video-preview:-1\" \/>\n<link rel=\"canonical\" href=\"https:\/\/diarioprincipios.com\/index.php\/2025\/05\/09\/se-remodelo-la-plaza-de-la-estacion-de-gutierrez\/\" \/>\n<meta property=\"og:locale\" content=\"es_ES\" \/>\n<meta property=\"og:type\" content=\"article\" \/>\n<meta property=\"og:title\" content=\"Se remodel\u00f3 la Plaza de la Estaci\u00f3n de Guti\u00e9rrez - Principios\" \/>\n<meta property=\"og:description\" content=\"Mediante una jornada de trabajo realizada por el Municipio de Berazategui, junto a vecinos y vecinas, se puso en valor la Plaza de la Estaci\u00f3n de Juan Mar\u00eda Guti\u00e9rrez (calle 413 y 455). Adem\u00e1s se instal\u00f3 una tranquera hist\u00f3rica, de cuando era una zona de estancias. All\u00ed se realizaron trabajos de pintura, parquizaci\u00f3n, desmalezamiento, corte...\" \/>\n<meta property=\"og:url\" content=\"https:\/\/diarioprincipios.com\/index.php\/2025\/05\/09\/se-remodelo-la-plaza-de-la-estacion-de-gutierrez\/\" \/>\n<meta property=\"og:site_name\" content=\"Principios\" \/>\n<meta property=\"article:published_time\" content=\"2025-05-09T16:07:22+00:00\" \/>\n<meta property=\"article:modified_time\" content=\"2025-05-09T16:07:23+00:00\" \/>\n<meta property=\"og:image\" content=\"https:\/\/diarioprincipios.com\/wp-content\/uploads\/2025\/05\/SE-REMODELO-LA-PLAZA-DE-LA-ESTACION-DE-GUTIERREZ-3.jpg\" \/>\n\t<meta property=\"og:image:width\" content=\"1600\" \/>\n\t<meta property=\"og:image:height\" content=\"1066\" \/>\n\t<meta property=\"og:image:type\" content=\"image\/jpeg\" \/>\n<meta name=\"author\" content=\"Hern\u00e1n L\u00f3pez\" \/>\n<meta name=\"twitter:card\" content=\"summary_large_image\" \/>\n<meta name=\"twitter:label1\" content=\"Escrito por\" \/>\n\t<meta name=\"twitter:data1\" content=\"Hern\u00e1n L\u00f3pez\" \/>\n\t<meta name=\"twitter:label2\" content=\"Tiempo de lectura\" \/>\n\t<meta name=\"twitter:data2\" content=\"2 minutos\" \/>\n<script type=\"application\/ld+json\" class=\"yoast-schema-graph\">{\"@context\":\"https:\\\/\\\/schema.org\",\"@graph\":[{\"@type\":\"Article\",\"@id\":\"https:\\\/\\\/diarioprincipios.com\\\/index.php\\\/2025\\\/05\\\/09\\\/se-remodelo-la-plaza-de-la-estacion-de-gutierrez\\\/#article\",\"isPartOf\":{\"@id\":\"https:\\\/\\\/diarioprincipios.com\\\/index.php\\\/2025\\\/05\\\/09\\\/se-remodelo-la-plaza-de-la-estacion-de-gutierrez\\\/\"},\"author\":{\"name\":\"Hern\u00e1n L\u00f3pez\",\"@id\":\"https:\\\/\\\/diarioprincipios.com\\\/#\\\/schema\\\/person\\\/436d5a1fd41a5e250e23ff5a6a7cb080\"},\"headline\":\"Se remodel\u00f3 la Plaza de la Estaci\u00f3n de Guti\u00e9rrez\",\"datePublished\":\"2025-05-09T16:07:22+00:00\",\"dateModified\":\"2025-05-09T16:07:23+00:00\",\"mainEntityOfPage\":{\"@id\":\"https:\\\/\\\/diarioprincipios.com\\\/index.php\\\/2025\\\/05\\\/09\\\/se-remodelo-la-plaza-de-la-estacion-de-gutierrez\\\/\"},\"wordCount\":267,\"commentCount\":0,\"publisher\":{\"@id\":\"https:\\\/\\\/diarioprincipios.com\\\/#organization\"},\"image\":{\"@id\":\"https:\\\/\\\/diarioprincipios.com\\\/index.php\\\/2025\\\/05\\\/09\\\/se-remodelo-la-plaza-de-la-estacion-de-gutierrez\\\/#primaryimage\"},\"thumbnailUrl\":\"https:\\\/\\\/diarioprincipios.com\\\/wp-content\\\/uploads\\\/2025\\\/05\\\/SE-REMODELO-LA-PLAZA-DE-LA-ESTACION-DE-GUTIERREZ-3.jpg\",\"articleSection\":[\"Berazategui\"],\"inLanguage\":\"es\",\"potentialAction\":[{\"@type\":\"CommentAction\",\"name\":\"Comment\",\"target\":[\"https:\\\/\\\/diarioprincipios.com\\\/index.php\\\/2025\\\/05\\\/09\\\/se-remodelo-la-plaza-de-la-estacion-de-gutierrez\\\/#respond\"]}]},{\"@type\":\"WebPage\",\"@id\":\"https:\\\/\\\/diarioprincipios.com\\\/index.php\\\/2025\\\/05\\\/09\\\/se-remodelo-la-plaza-de-la-estacion-de-gutierrez\\\/\",\"url\":\"https:\\\/\\\/diarioprincipios.com\\\/index.php\\\/2025\\\/05\\\/09\\\/se-remodelo-la-plaza-de-la-estacion-de-gutierrez\\\/\",\"name\":\"Se remodel\u00f3 la Plaza de la Estaci\u00f3n de Guti\u00e9rrez - Principios\",\"isPartOf\":{\"@id\":\"https:\\\/\\\/diarioprincipios.com\\\/#website\"},\"primaryImageOfPage\":{\"@id\":\"https:\\\/\\\/diarioprincipios.com\\\/index.php\\\/2025\\\/05\\\/09\\\/se-remodelo-la-plaza-de-la-estacion-de-gutierrez\\\/#primaryimage\"},\"image\":{\"@id\":\"https:\\\/\\\/diarioprincipios.com\\\/index.php\\\/2025\\\/05\\\/09\\\/se-remodelo-la-plaza-de-la-estacion-de-gutierrez\\\/#primaryimage\"},\"thumbnailUrl\":\"https:\\\/\\\/diarioprincipios.com\\\/wp-content\\\/uploads\\\/2025\\\/05\\\/SE-REMODELO-LA-PLAZA-DE-LA-ESTACION-DE-GUTIERREZ-3.jpg\",\"datePublished\":\"2025-05-09T16:07:22+00:00\",\"dateModified\":\"2025-05-09T16:07:23+00:00\",\"breadcrumb\":{\"@id\":\"https:\\\/\\\/diarioprincipios.com\\\/index.php\\\/2025\\\/05\\\/09\\\/se-remodelo-la-plaza-de-la-estacion-de-gutierrez\\\/#breadcrumb\"},\"inLanguage\":\"es\",\"potentialAction\":[{\"@type\":\"ReadAction\",\"target\":[\"https:\\\/\\\/diarioprincipios.com\\\/index.php\\\/2025\\\/05\\\/09\\\/se-remodelo-la-plaza-de-la-estacion-de-gutierrez\\\/\"]}]},{\"@type\":\"ImageObject\",\"inLanguage\":\"es\",\"@id\":\"https:\\\/\\\/diarioprincipios.com\\\/index.php\\\/2025\\\/05\\\/09\\\/se-remodelo-la-plaza-de-la-estacion-de-gutierrez\\\/#primaryimage\",\"url\":\"https:\\\/\\\/diarioprincipios.com\\\/wp-content\\\/uploads\\\/2025\\\/05\\\/SE-REMODELO-LA-PLAZA-DE-LA-ESTACION-DE-GUTIERREZ-3.jpg\",\"contentUrl\":\"https:\\\/\\\/diarioprincipios.com\\\/wp-content\\\/uploads\\\/2025\\\/05\\\/SE-REMODELO-LA-PLAZA-DE-LA-ESTACION-DE-GUTIERREZ-3.jpg\",\"width\":1600,\"height\":1066},{\"@type\":\"BreadcrumbList\",\"@id\":\"https:\\\/\\\/diarioprincipios.com\\\/index.php\\\/2025\\\/05\\\/09\\\/se-remodelo-la-plaza-de-la-estacion-de-gutierrez\\\/#breadcrumb\",\"itemListElement\":[{\"@type\":\"ListItem\",\"position\":1,\"name\":\"Portada\",\"item\":\"https:\\\/\\\/diarioprincipios.com\\\/\"},{\"@type\":\"ListItem\",\"position\":2,\"name\":\"Se remodel\u00f3 la Plaza de la Estaci\u00f3n de Guti\u00e9rrez\"}]},{\"@type\":\"WebSite\",\"@id\":\"https:\\\/\\\/diarioprincipios.com\\\/#website\",\"url\":\"https:\\\/\\\/diarioprincipios.com\\\/\",\"name\":\"Principios\",\"description\":\"Principios Diario\",\"publisher\":{\"@id\":\"https:\\\/\\\/diarioprincipios.com\\\/#organization\"},\"potentialAction\":[{\"@type\":\"SearchAction\",\"target\":{\"@type\":\"EntryPoint\",\"urlTemplate\":\"https:\\\/\\\/diarioprincipios.com\\\/?s={search_term_string}\"},\"query-input\":{\"@type\":\"PropertyValueSpecification\",\"valueRequired\":true,\"valueName\":\"search_term_string\"}}],\"inLanguage\":\"es\"},{\"@type\":\"Organization\",\"@id\":\"https:\\\/\\\/diarioprincipios.com\\\/#organization\",\"name\":\"Principios\",\"url\":\"https:\\\/\\\/diarioprincipios.com\\\/\",\"logo\":{\"@type\":\"ImageObject\",\"inLanguage\":\"es\",\"@id\":\"https:\\\/\\\/diarioprincipios.com\\\/#\\\/schema\\\/logo\\\/image\\\/\",\"url\":\"https:\\\/\\\/diarioprincipios.com\\\/wp-content\\\/uploads\\\/2024\\\/04\\\/cropped-www.diarioprincipios.com_-1.png\",\"contentUrl\":\"https:\\\/\\\/diarioprincipios.com\\\/wp-content\\\/uploads\\\/2024\\\/04\\\/cropped-www.diarioprincipios.com_-1.png\",\"width\":5325,\"height\":1454,\"caption\":\"Principios\"},\"image\":{\"@id\":\"https:\\\/\\\/diarioprincipios.com\\\/#\\\/schema\\\/logo\\\/image\\\/\"}},{\"@type\":\"Person\",\"@id\":\"https:\\\/\\\/diarioprincipios.com\\\/#\\\/schema\\\/person\\\/436d5a1fd41a5e250e23ff5a6a7cb080\",\"name\":\"Hern\u00e1n L\u00f3pez\",\"image\":{\"@type\":\"ImageObject\",\"inLanguage\":\"es\",\"@id\":\"https:\\\/\\\/diarioprincipios.com\\\/wp-content\\\/litespeed\\\/avatar\\\/11ddfe5610ff3bd100522525b2571f48.jpg?ver=1777048341\",\"url\":\"https:\\\/\\\/diarioprincipios.com\\\/wp-content\\\/litespeed\\\/avatar\\\/11ddfe5610ff3bd100522525b2571f48.jpg?ver=1777048341\",\"contentUrl\":\"https:\\\/\\\/diarioprincipios.com\\\/wp-content\\\/litespeed\\\/avatar\\\/11ddfe5610ff3bd100522525b2571f48.jpg?ver=1777048341\",\"caption\":\"Hern\u00e1n L\u00f3pez\"},\"url\":\"https:\\\/\\\/diarioprincipios.com\\\/index.php\\\/author\\\/hernan\\\/\"}]}<\/script>\n<!-- \/ Yoast SEO plugin. -->","yoast_head_json":{"title":"Se remodel\u00f3 la Plaza de la Estaci\u00f3n de Guti\u00e9rrez - Principios","robots":{"index":"index","follow":"follow","max-snippet":"max-snippet:-1","max-image-preview":"max-image-preview:large","max-video-preview":"max-video-preview:-1"},"canonical":"https:\/\/diarioprincipios.com\/index.php\/2025\/05\/09\/se-remodelo-la-plaza-de-la-estacion-de-gutierrez\/","og_locale":"es_ES","og_type":"article","og_title":"Se remodel\u00f3 la Plaza de la Estaci\u00f3n de Guti\u00e9rrez - Principios","og_description":"Mediante una jornada de trabajo realizada por el Municipio de Berazategui, junto a vecinos y vecinas, se puso en valor la Plaza de la Estaci\u00f3n de Juan Mar\u00eda Guti\u00e9rrez (calle 413 y 455). Adem\u00e1s se instal\u00f3 una tranquera hist\u00f3rica, de cuando era una zona de estancias. All\u00ed se realizaron trabajos de pintura, parquizaci\u00f3n, desmalezamiento, corte...","og_url":"https:\/\/diarioprincipios.com\/index.php\/2025\/05\/09\/se-remodelo-la-plaza-de-la-estacion-de-gutierrez\/","og_site_name":"Principios","article_published_time":"2025-05-09T16:07:22+00:00","article_modified_time":"2025-05-09T16:07:23+00:00","og_image":[{"width":1600,"height":1066,"url":"https:\/\/diarioprincipios.com\/wp-content\/uploads\/2025\/05\/SE-REMODELO-LA-PLAZA-DE-LA-ESTACION-DE-GUTIERREZ-3.jpg","type":"image\/jpeg"}],"author":"Hern\u00e1n L\u00f3pez","twitter_card":"summary_large_image","twitter_misc":{"Escrito por":"Hern\u00e1n L\u00f3pez","Tiempo de lectura":"2 minutos"},"schema":{"@context":"https:\/\/schema.org","@graph":[{"@type":"Article","@id":"https:\/\/diarioprincipios.com\/index.php\/2025\/05\/09\/se-remodelo-la-plaza-de-la-estacion-de-gutierrez\/#article","isPartOf":{"@id":"https:\/\/diarioprincipios.com\/index.php\/2025\/05\/09\/se-remodelo-la-plaza-de-la-estacion-de-gutierrez\/"},"author":{"name":"Hern\u00e1n L\u00f3pez","@id":"https:\/\/diarioprincipios.com\/#\/schema\/person\/436d5a1fd41a5e250e23ff5a6a7cb080"},"headline":"Se remodel\u00f3 la Plaza de la Estaci\u00f3n de Guti\u00e9rrez","datePublished":"2025-05-09T16:07:22+00:00","dateModified":"2025-05-09T16:07:23+00:00","mainEntityOfPage":{"@id":"https:\/\/diarioprincipios.com\/index.php\/2025\/05\/09\/se-remodelo-la-plaza-de-la-estacion-de-gutierrez\/"},"wordCount":267,"commentCount":0,"publisher":{"@id":"https:\/\/diarioprincipios.com\/#organization"},"image":{"@id":"https:\/\/diarioprincipios.com\/index.php\/2025\/05\/09\/se-remodelo-la-plaza-de-la-estacion-de-gutierrez\/#primaryimage"},"thumbnailUrl":"https:\/\/diarioprincipios.com\/wp-content\/uploads\/2025\/05\/SE-REMODELO-LA-PLAZA-DE-LA-ESTACION-DE-GUTIERREZ-3.jpg","articleSection":["Berazategui"],"inLanguage":"es","potentialAction":[{"@type":"CommentAction","name":"Comment","target":["https:\/\/diarioprincipios.com\/index.php\/2025\/05\/09\/se-remodelo-la-plaza-de-la-estacion-de-gutierrez\/#respond"]}]},{"@type":"WebPage","@id":"https:\/\/diarioprincipios.com\/index.php\/2025\/05\/09\/se-remodelo-la-plaza-de-la-estacion-de-gutierrez\/","url":"https:\/\/diarioprincipios.com\/index.php\/2025\/05\/09\/se-remodelo-la-plaza-de-la-estacion-de-gutierrez\/","name":"Se remodel\u00f3 la Plaza de la Estaci\u00f3n de Guti\u00e9rrez - Principios","isPartOf":{"@id":"https:\/\/diarioprincipios.com\/#website"},"primaryImageOfPage":{"@id":"https:\/\/diarioprincipios.com\/index.php\/2025\/05\/09\/se-remodelo-la-plaza-de-la-estacion-de-gutierrez\/#primaryimage"},"image":{"@id":"https:\/\/diarioprincipios.com\/index.php\/2025\/05\/09\/se-remodelo-la-plaza-de-la-estacion-de-gutierrez\/#primaryimage"},"thumbnailUrl":"https:\/\/diarioprincipios.com\/wp-content\/uploads\/2025\/05\/SE-REMODELO-LA-PLAZA-DE-LA-ESTACION-DE-GUTIERREZ-3.jpg","datePublished":"2025-05-09T16:07:22+00:00","dateModified":"2025-05-09T16:07:23+00:00","breadcrumb":{"@id":"https:\/\/diarioprincipios.com\/index.php\/2025\/05\/09\/se-remodelo-la-plaza-de-la-estacion-de-gutierrez\/#breadcrumb"},"inLanguage":"es","potentialAction":[{"@type":"ReadAction","target":["https:\/\/diarioprincipios.com\/index.php\/2025\/05\/09\/se-remodelo-la-plaza-de-la-estacion-de-gutierrez\/"]}]},{"@type":"ImageObject","inLanguage":"es","@id":"https:\/\/diarioprincipios.com\/index.php\/2025\/05\/09\/se-remodelo-la-plaza-de-la-estacion-de-gutierrez\/#primaryimage","url":"https:\/\/diarioprincipios.com\/wp-content\/uploads\/2025\/05\/SE-REMODELO-LA-PLAZA-DE-LA-ESTACION-DE-GUTIERREZ-3.jpg","contentUrl":"https:\/\/diarioprincipios.com\/wp-content\/uploads\/2025\/05\/SE-REMODELO-LA-PLAZA-DE-LA-ESTACION-DE-GUTIERREZ-3.jpg","width":1600,"height":1066},{"@type":"BreadcrumbList","@id":"https:\/\/diarioprincipios.com\/index.php\/2025\/05\/09\/se-remodelo-la-plaza-de-la-estacion-de-gutierrez\/#breadcrumb","itemListElement":[{"@type":"ListItem","position":1,"name":"Portada","item":"https:\/\/diarioprincipios.com\/"},{"@type":"ListItem","position":2,"name":"Se remodel\u00f3 la Plaza de la Estaci\u00f3n de Guti\u00e9rrez"}]},{"@type":"WebSite","@id":"https:\/\/diarioprincipios.com\/#website","url":"https:\/\/diarioprincipios.com\/","name":"Principios","description":"Principios Diario","publisher":{"@id":"https:\/\/diarioprincipios.com\/#organization"},"potentialAction":[{"@type":"SearchAction","target":{"@type":"EntryPoint","urlTemplate":"https:\/\/diarioprincipios.com\/?s={search_term_string}"},"query-input":{"@type":"PropertyValueSpecification","valueRequired":true,"valueName":"search_term_string"}}],"inLanguage":"es"},{"@type":"Organization","@id":"https:\/\/diarioprincipios.com\/#organization","name":"Principios","url":"https:\/\/diarioprincipios.com\/","logo":{"@type":"ImageObject","inLanguage":"es","@id":"https:\/\/diarioprincipios.com\/#\/schema\/logo\/image\/","url":"https:\/\/diarioprincipios.com\/wp-content\/uploads\/2024\/04\/cropped-www.diarioprincipios.com_-1.png","contentUrl":"https:\/\/diarioprincipios.com\/wp-content\/uploads\/2024\/04\/cropped-www.diarioprincipios.com_-1.png","width":5325,"height":1454,"caption":"Principios"},"image":{"@id":"https:\/\/diarioprincipios.com\/#\/schema\/logo\/image\/"}},{"@type":"Person","@id":"https:\/\/diarioprincipios.com\/#\/schema\/person\/436d5a1fd41a5e250e23ff5a6a7cb080","name":"Hern\u00e1n L\u00f3pez","image":{"@type":"ImageObject","inLanguage":"es","@id":"https:\/\/diarioprincipios.com\/wp-content\/litespeed\/avatar\/11ddfe5610ff3bd100522525b2571f48.jpg?ver=1777048341","url":"https:\/\/diarioprincipios.com\/wp-content\/litespeed\/avatar\/11ddfe5610ff3bd100522525b2571f48.jpg?ver=1777048341","contentUrl":"https:\/\/diarioprincipios.com\/wp-content\/litespeed\/avatar\/11ddfe5610ff3bd100522525b2571f48.jpg?ver=1777048341","caption":"Hern\u00e1n L\u00f3pez"},"url":"https:\/\/diarioprincipios.com\/index.php\/author\/hernan\/"}]}},"jetpack_featured_media_url":"https:\/\/diarioprincipios.com\/wp-content\/uploads\/2025\/05\/SE-REMODELO-LA-PLAZA-DE-LA-ESTACION-DE-GUTIERREZ-3.jpg","_links":{"self":[{"href":"https:\/\/diarioprincipios.com\/index.php\/wp-json\/wp\/v2\/posts\/24618","targetHints":{"allow":["GET"]}}],"collection":[{"href":"https:\/\/diarioprincipios.com\/index.php\/wp-json\/wp\/v2\/posts"}],"about":[{"href":"https:\/\/diarioprincipios.com\/index.php\/wp-json\/wp\/v2\/types\/post"}],"author":[{"embeddable":true,"href":"https:\/\/diarioprincipios.com\/index.php\/wp-json\/wp\/v2\/users\/2"}],"replies":[{"embeddable":true,"href":"https:\/\/diarioprincipios.com\/index.php\/wp-json\/wp\/v2\/comments?post=24618"}],"version-history":[{"count":1,"href":"https:\/\/diarioprincipios.com\/index.php\/wp-json\/wp\/v2\/posts\/24618\/revisions"}],"predecessor-version":[{"id":24621,"href":"https:\/\/diarioprincipios.com\/index.php\/wp-json\/wp\/v2\/posts\/24618\/revisions\/24621"}],"wp:featuredmedia":[{"embeddable":true,"href":"https:\/\/diarioprincipios.com\/index.php\/wp-json\/wp\/v2\/media\/24620"}],"wp:attachment":[{"href":"https:\/\/diarioprincipios.com\/index.php\/wp-json\/wp\/v2\/media?parent=24618"}],"wp:term":[{"taxonomy":"category","embeddable":true,"href":"https:\/\/diarioprincipios.com\/index.php\/wp-json\/wp\/v2\/categories?post=24618"},{"taxonomy":"post_tag","embeddable":true,"href":"https:\/\/diarioprincipios.com\/index.php\/wp-json\/wp\/v2\/tags?post=24618"}],"curies":[{"name":"wp","href":"https:\/\/api.w.org\/{rel}","templated":true}]}}