{"id":24597,"date":"2025-05-07T08:57:48","date_gmt":"2025-05-07T11:57:48","guid":{"rendered":"https:\/\/diarioprincipios.com\/?p=24597"},"modified":"2025-05-07T08:57:48","modified_gmt":"2025-05-07T11:57:48","slug":"jornadas-de-trabajo-sobre-inteligencia-artificial","status":"publish","type":"post","link":"https:\/\/diarioprincipios.com\/index.php\/2025\/05\/07\/jornadas-de-trabajo-sobre-inteligencia-artificial\/","title":{"rendered":"Jornadas de Trabajo sobre Inteligencia Artificial"},"content":{"rendered":"\n<p>Con el objetivo de ampliar el debate sobre la implementaci\u00f3n de la inteligencia artificial (IA) como herramienta para mejorar la gesti\u00f3n estatal, este 7 y 8 de mayo la Subsecretar\u00eda de Gobierno Digital del Ministerio de Gobierno, en colaboraci\u00f3n con la Delegaci\u00f3n del Gobierno de Catalunya para el Cono Sur y Obreal, llevar\u00e1n a cabo las Jornadas de Trabajo sobre Inteligencia Artificial.<\/p>\n\n\n\n<p>La apertura del encuentro, que se desarrollar\u00e1 en el edificio Karakachoff de la Universidad Nacional de La Plata, estar\u00e1 a cargo del ministro de Gobierno de la Provincia de Buenos Aires, Carlos Bianco, y la subsecretaria de Gobierno Digital, Sandra D\u2019Agostino. Las autoridades estar\u00e1n acompa\u00f1adas por el delegado del Gobierno de Catalunya para el Cono Sur, Sr. Josep Vives, y el director de Estrategia de Obreal, Nicol\u00e1s Patrici.<\/p>\n\n\n\n<p>Luego tendr\u00e1n lugar paneles de especialistas y autoridades que expondr\u00e1n sobre temas relevantes en materia de IA para la gesti\u00f3n p\u00fablica, a fin de promover el intercambio de conocimientos y experiencias locales, regionales e internacionales. Las presentaciones abordar\u00e1n cuestiones tales como la necesidad de una estrategia de IA para la gobernanza, los retos y oportunidades del enfoque de la Provincia de Buenos Aires en torno a la IA c\u00edvica y las estrategias de ciberseguridad de la Generalitat de Catalunya.<\/p>\n\n\n\n<p>Las Jornadas forman parte de las actividades preparatorias para el Tercer Di\u00e1logo Interregional sobre Educaci\u00f3n y Desarrollo en Latinoam\u00e9rica, el Caribe, \u00c1frica y Europa, que apunta a fortalecer los lazos y el trabajo conjunto entre estas regiones.<\/p>\n\n\n\n<p>La participaci\u00f3n en la actividad es gratuita y abierta al p\u00fablico, aunque con cupos limitados. Las personas interesadas en asistir pueden inscribirse a trav\u00e9s del siguiente formulario: https:\/\/tinyurl.com\/2c8l6au8<\/p>\n","protected":false},"excerpt":{"rendered":"<p>Con el objetivo de ampliar el debate sobre la implementaci\u00f3n de la inteligencia artificial (IA) como herramienta para mejorar la gesti\u00f3n estatal, este 7 y 8 de mayo la Subsecretar\u00eda de Gobierno Digital del Ministerio de Gobierno, en colaboraci\u00f3n con la Delegaci\u00f3n del Gobierno de Catalunya para el Cono Sur y Obreal, llevar\u00e1n a cabo&#8230;<\/p>\n","protected":false},"author":2,"featured_media":24598,"comment_status":"open","ping_status":"open","sticky":false,"template":"","format":"standard","meta":{"footnotes":""},"categories":[7],"tags":[],"class_list":["post-24597","post","type-post","status-publish","format-standard","has-post-thumbnail","hentry","category-provincia"],"featured_image_src":"https:\/\/diarioprincipios.com\/wp-content\/uploads\/2025\/05\/carreira-tech-inteligencia-artificial-trabalho.jpg","blog_images":{"medium":"https:\/\/diarioprincipios.com\/wp-content\/uploads\/2025\/05\/carreira-tech-inteligencia-artificial-trabalho-300x214.jpg","large":"https:\/\/diarioprincipios.com\/wp-content\/uploads\/2025\/05\/carreira-tech-inteligencia-artificial-trabalho.jpg"},"ams_acf":[],"yoast_head":"<!-- This site is optimized with the Yoast SEO plugin v27.3 - https:\/\/yoast.com\/product\/yoast-seo-wordpress\/ -->\n<title>Jornadas de Trabajo sobre Inteligencia Artificial - Principios<\/title>\n<meta name=\"robots\" content=\"index, follow, max-snippet:-1, max-image-preview:large, max-video-preview:-1\" \/>\n<link rel=\"canonical\" href=\"https:\/\/diarioprincipios.com\/index.php\/2025\/05\/07\/jornadas-de-trabajo-sobre-inteligencia-artificial\/\" \/>\n<meta property=\"og:locale\" content=\"es_ES\" \/>\n<meta property=\"og:type\" content=\"article\" \/>\n<meta property=\"og:title\" content=\"Jornadas de Trabajo sobre Inteligencia Artificial - Principios\" \/>\n<meta property=\"og:description\" content=\"Con el objetivo de ampliar el debate sobre la implementaci\u00f3n de la inteligencia artificial (IA) como herramienta para mejorar la gesti\u00f3n estatal, este 7 y 8 de mayo la Subsecretar\u00eda de Gobierno Digital del Ministerio de Gobierno, en colaboraci\u00f3n con la Delegaci\u00f3n del Gobierno de Catalunya para el Cono Sur y Obreal, llevar\u00e1n a cabo...\" \/>\n<meta property=\"og:url\" content=\"https:\/\/diarioprincipios.com\/index.php\/2025\/05\/07\/jornadas-de-trabajo-sobre-inteligencia-artificial\/\" \/>\n<meta property=\"og:site_name\" content=\"Principios\" \/>\n<meta property=\"article:published_time\" content=\"2025-05-07T11:57:48+00:00\" \/>\n<meta property=\"og:image\" content=\"https:\/\/diarioprincipios.com\/wp-content\/uploads\/2025\/05\/carreira-tech-inteligencia-artificial-trabalho.jpg\" \/>\n\t<meta property=\"og:image:width\" content=\"743\" \/>\n\t<meta property=\"og:image:height\" content=\"530\" \/>\n\t<meta property=\"og:image:type\" content=\"image\/jpeg\" \/>\n<meta name=\"author\" content=\"Hern\u00e1n L\u00f3pez\" \/>\n<meta name=\"twitter:card\" content=\"summary_large_image\" \/>\n<meta name=\"twitter:label1\" content=\"Escrito por\" \/>\n\t<meta name=\"twitter:data1\" content=\"Hern\u00e1n L\u00f3pez\" \/>\n\t<meta name=\"twitter:label2\" content=\"Tiempo de lectura\" \/>\n\t<meta name=\"twitter:data2\" content=\"2 minutos\" \/>\n<script type=\"application\/ld+json\" class=\"yoast-schema-graph\">{\"@context\":\"https:\\\/\\\/schema.org\",\"@graph\":[{\"@type\":\"Article\",\"@id\":\"https:\\\/\\\/diarioprincipios.com\\\/index.php\\\/2025\\\/05\\\/07\\\/jornadas-de-trabajo-sobre-inteligencia-artificial\\\/#article\",\"isPartOf\":{\"@id\":\"https:\\\/\\\/diarioprincipios.com\\\/index.php\\\/2025\\\/05\\\/07\\\/jornadas-de-trabajo-sobre-inteligencia-artificial\\\/\"},\"author\":{\"name\":\"Hern\u00e1n L\u00f3pez\",\"@id\":\"https:\\\/\\\/diarioprincipios.com\\\/#\\\/schema\\\/person\\\/436d5a1fd41a5e250e23ff5a6a7cb080\"},\"headline\":\"Jornadas de Trabajo sobre Inteligencia Artificial\",\"datePublished\":\"2025-05-07T11:57:48+00:00\",\"mainEntityOfPage\":{\"@id\":\"https:\\\/\\\/diarioprincipios.com\\\/index.php\\\/2025\\\/05\\\/07\\\/jornadas-de-trabajo-sobre-inteligencia-artificial\\\/\"},\"wordCount\":305,\"commentCount\":0,\"publisher\":{\"@id\":\"https:\\\/\\\/diarioprincipios.com\\\/#organization\"},\"image\":{\"@id\":\"https:\\\/\\\/diarioprincipios.com\\\/index.php\\\/2025\\\/05\\\/07\\\/jornadas-de-trabajo-sobre-inteligencia-artificial\\\/#primaryimage\"},\"thumbnailUrl\":\"https:\\\/\\\/diarioprincipios.com\\\/wp-content\\\/uploads\\\/2025\\\/05\\\/carreira-tech-inteligencia-artificial-trabalho.jpg\",\"articleSection\":[\"Provincia\"],\"inLanguage\":\"es\",\"potentialAction\":[{\"@type\":\"CommentAction\",\"name\":\"Comment\",\"target\":[\"https:\\\/\\\/diarioprincipios.com\\\/index.php\\\/2025\\\/05\\\/07\\\/jornadas-de-trabajo-sobre-inteligencia-artificial\\\/#respond\"]}]},{\"@type\":\"WebPage\",\"@id\":\"https:\\\/\\\/diarioprincipios.com\\\/index.php\\\/2025\\\/05\\\/07\\\/jornadas-de-trabajo-sobre-inteligencia-artificial\\\/\",\"url\":\"https:\\\/\\\/diarioprincipios.com\\\/index.php\\\/2025\\\/05\\\/07\\\/jornadas-de-trabajo-sobre-inteligencia-artificial\\\/\",\"name\":\"Jornadas de Trabajo sobre Inteligencia Artificial - Principios\",\"isPartOf\":{\"@id\":\"https:\\\/\\\/diarioprincipios.com\\\/#website\"},\"primaryImageOfPage\":{\"@id\":\"https:\\\/\\\/diarioprincipios.com\\\/index.php\\\/2025\\\/05\\\/07\\\/jornadas-de-trabajo-sobre-inteligencia-artificial\\\/#primaryimage\"},\"image\":{\"@id\":\"https:\\\/\\\/diarioprincipios.com\\\/index.php\\\/2025\\\/05\\\/07\\\/jornadas-de-trabajo-sobre-inteligencia-artificial\\\/#primaryimage\"},\"thumbnailUrl\":\"https:\\\/\\\/diarioprincipios.com\\\/wp-content\\\/uploads\\\/2025\\\/05\\\/carreira-tech-inteligencia-artificial-trabalho.jpg\",\"datePublished\":\"2025-05-07T11:57:48+00:00\",\"breadcrumb\":{\"@id\":\"https:\\\/\\\/diarioprincipios.com\\\/index.php\\\/2025\\\/05\\\/07\\\/jornadas-de-trabajo-sobre-inteligencia-artificial\\\/#breadcrumb\"},\"inLanguage\":\"es\",\"potentialAction\":[{\"@type\":\"ReadAction\",\"target\":[\"https:\\\/\\\/diarioprincipios.com\\\/index.php\\\/2025\\\/05\\\/07\\\/jornadas-de-trabajo-sobre-inteligencia-artificial\\\/\"]}]},{\"@type\":\"ImageObject\",\"inLanguage\":\"es\",\"@id\":\"https:\\\/\\\/diarioprincipios.com\\\/index.php\\\/2025\\\/05\\\/07\\\/jornadas-de-trabajo-sobre-inteligencia-artificial\\\/#primaryimage\",\"url\":\"https:\\\/\\\/diarioprincipios.com\\\/wp-content\\\/uploads\\\/2025\\\/05\\\/carreira-tech-inteligencia-artificial-trabalho.jpg\",\"contentUrl\":\"https:\\\/\\\/diarioprincipios.com\\\/wp-content\\\/uploads\\\/2025\\\/05\\\/carreira-tech-inteligencia-artificial-trabalho.jpg\",\"width\":743,\"height\":530},{\"@type\":\"BreadcrumbList\",\"@id\":\"https:\\\/\\\/diarioprincipios.com\\\/index.php\\\/2025\\\/05\\\/07\\\/jornadas-de-trabajo-sobre-inteligencia-artificial\\\/#breadcrumb\",\"itemListElement\":[{\"@type\":\"ListItem\",\"position\":1,\"name\":\"Portada\",\"item\":\"https:\\\/\\\/diarioprincipios.com\\\/\"},{\"@type\":\"ListItem\",\"position\":2,\"name\":\"Jornadas de Trabajo sobre Inteligencia Artificial\"}]},{\"@type\":\"WebSite\",\"@id\":\"https:\\\/\\\/diarioprincipios.com\\\/#website\",\"url\":\"https:\\\/\\\/diarioprincipios.com\\\/\",\"name\":\"Principios\",\"description\":\"Principios Diario\",\"publisher\":{\"@id\":\"https:\\\/\\\/diarioprincipios.com\\\/#organization\"},\"potentialAction\":[{\"@type\":\"SearchAction\",\"target\":{\"@type\":\"EntryPoint\",\"urlTemplate\":\"https:\\\/\\\/diarioprincipios.com\\\/?s={search_term_string}\"},\"query-input\":{\"@type\":\"PropertyValueSpecification\",\"valueRequired\":true,\"valueName\":\"search_term_string\"}}],\"inLanguage\":\"es\"},{\"@type\":\"Organization\",\"@id\":\"https:\\\/\\\/diarioprincipios.com\\\/#organization\",\"name\":\"Principios\",\"url\":\"https:\\\/\\\/diarioprincipios.com\\\/\",\"logo\":{\"@type\":\"ImageObject\",\"inLanguage\":\"es\",\"@id\":\"https:\\\/\\\/diarioprincipios.com\\\/#\\\/schema\\\/logo\\\/image\\\/\",\"url\":\"https:\\\/\\\/diarioprincipios.com\\\/wp-content\\\/uploads\\\/2024\\\/04\\\/cropped-www.diarioprincipios.com_-1.png\",\"contentUrl\":\"https:\\\/\\\/diarioprincipios.com\\\/wp-content\\\/uploads\\\/2024\\\/04\\\/cropped-www.diarioprincipios.com_-1.png\",\"width\":5325,\"height\":1454,\"caption\":\"Principios\"},\"image\":{\"@id\":\"https:\\\/\\\/diarioprincipios.com\\\/#\\\/schema\\\/logo\\\/image\\\/\"}},{\"@type\":\"Person\",\"@id\":\"https:\\\/\\\/diarioprincipios.com\\\/#\\\/schema\\\/person\\\/436d5a1fd41a5e250e23ff5a6a7cb080\",\"name\":\"Hern\u00e1n L\u00f3pez\",\"image\":{\"@type\":\"ImageObject\",\"inLanguage\":\"es\",\"@id\":\"https:\\\/\\\/diarioprincipios.com\\\/wp-content\\\/litespeed\\\/avatar\\\/11ddfe5610ff3bd100522525b2571f48.jpg?ver=1777048341\",\"url\":\"https:\\\/\\\/diarioprincipios.com\\\/wp-content\\\/litespeed\\\/avatar\\\/11ddfe5610ff3bd100522525b2571f48.jpg?ver=1777048341\",\"contentUrl\":\"https:\\\/\\\/diarioprincipios.com\\\/wp-content\\\/litespeed\\\/avatar\\\/11ddfe5610ff3bd100522525b2571f48.jpg?ver=1777048341\",\"caption\":\"Hern\u00e1n L\u00f3pez\"},\"url\":\"https:\\\/\\\/diarioprincipios.com\\\/index.php\\\/author\\\/hernan\\\/\"}]}<\/script>\n<!-- \/ Yoast SEO plugin. -->","yoast_head_json":{"title":"Jornadas de Trabajo sobre Inteligencia Artificial - Principios","robots":{"index":"index","follow":"follow","max-snippet":"max-snippet:-1","max-image-preview":"max-image-preview:large","max-video-preview":"max-video-preview:-1"},"canonical":"https:\/\/diarioprincipios.com\/index.php\/2025\/05\/07\/jornadas-de-trabajo-sobre-inteligencia-artificial\/","og_locale":"es_ES","og_type":"article","og_title":"Jornadas de Trabajo sobre Inteligencia Artificial - Principios","og_description":"Con el objetivo de ampliar el debate sobre la implementaci\u00f3n de la inteligencia artificial (IA) como herramienta para mejorar la gesti\u00f3n estatal, este 7 y 8 de mayo la Subsecretar\u00eda de Gobierno Digital del Ministerio de Gobierno, en colaboraci\u00f3n con la Delegaci\u00f3n del Gobierno de Catalunya para el Cono Sur y Obreal, llevar\u00e1n a cabo...","og_url":"https:\/\/diarioprincipios.com\/index.php\/2025\/05\/07\/jornadas-de-trabajo-sobre-inteligencia-artificial\/","og_site_name":"Principios","article_published_time":"2025-05-07T11:57:48+00:00","og_image":[{"width":743,"height":530,"url":"https:\/\/diarioprincipios.com\/wp-content\/uploads\/2025\/05\/carreira-tech-inteligencia-artificial-trabalho.jpg","type":"image\/jpeg"}],"author":"Hern\u00e1n L\u00f3pez","twitter_card":"summary_large_image","twitter_misc":{"Escrito por":"Hern\u00e1n L\u00f3pez","Tiempo de lectura":"2 minutos"},"schema":{"@context":"https:\/\/schema.org","@graph":[{"@type":"Article","@id":"https:\/\/diarioprincipios.com\/index.php\/2025\/05\/07\/jornadas-de-trabajo-sobre-inteligencia-artificial\/#article","isPartOf":{"@id":"https:\/\/diarioprincipios.com\/index.php\/2025\/05\/07\/jornadas-de-trabajo-sobre-inteligencia-artificial\/"},"author":{"name":"Hern\u00e1n L\u00f3pez","@id":"https:\/\/diarioprincipios.com\/#\/schema\/person\/436d5a1fd41a5e250e23ff5a6a7cb080"},"headline":"Jornadas de Trabajo sobre Inteligencia Artificial","datePublished":"2025-05-07T11:57:48+00:00","mainEntityOfPage":{"@id":"https:\/\/diarioprincipios.com\/index.php\/2025\/05\/07\/jornadas-de-trabajo-sobre-inteligencia-artificial\/"},"wordCount":305,"commentCount":0,"publisher":{"@id":"https:\/\/diarioprincipios.com\/#organization"},"image":{"@id":"https:\/\/diarioprincipios.com\/index.php\/2025\/05\/07\/jornadas-de-trabajo-sobre-inteligencia-artificial\/#primaryimage"},"thumbnailUrl":"https:\/\/diarioprincipios.com\/wp-content\/uploads\/2025\/05\/carreira-tech-inteligencia-artificial-trabalho.jpg","articleSection":["Provincia"],"inLanguage":"es","potentialAction":[{"@type":"CommentAction","name":"Comment","target":["https:\/\/diarioprincipios.com\/index.php\/2025\/05\/07\/jornadas-de-trabajo-sobre-inteligencia-artificial\/#respond"]}]},{"@type":"WebPage","@id":"https:\/\/diarioprincipios.com\/index.php\/2025\/05\/07\/jornadas-de-trabajo-sobre-inteligencia-artificial\/","url":"https:\/\/diarioprincipios.com\/index.php\/2025\/05\/07\/jornadas-de-trabajo-sobre-inteligencia-artificial\/","name":"Jornadas de Trabajo sobre Inteligencia Artificial - Principios","isPartOf":{"@id":"https:\/\/diarioprincipios.com\/#website"},"primaryImageOfPage":{"@id":"https:\/\/diarioprincipios.com\/index.php\/2025\/05\/07\/jornadas-de-trabajo-sobre-inteligencia-artificial\/#primaryimage"},"image":{"@id":"https:\/\/diarioprincipios.com\/index.php\/2025\/05\/07\/jornadas-de-trabajo-sobre-inteligencia-artificial\/#primaryimage"},"thumbnailUrl":"https:\/\/diarioprincipios.com\/wp-content\/uploads\/2025\/05\/carreira-tech-inteligencia-artificial-trabalho.jpg","datePublished":"2025-05-07T11:57:48+00:00","breadcrumb":{"@id":"https:\/\/diarioprincipios.com\/index.php\/2025\/05\/07\/jornadas-de-trabajo-sobre-inteligencia-artificial\/#breadcrumb"},"inLanguage":"es","potentialAction":[{"@type":"ReadAction","target":["https:\/\/diarioprincipios.com\/index.php\/2025\/05\/07\/jornadas-de-trabajo-sobre-inteligencia-artificial\/"]}]},{"@type":"ImageObject","inLanguage":"es","@id":"https:\/\/diarioprincipios.com\/index.php\/2025\/05\/07\/jornadas-de-trabajo-sobre-inteligencia-artificial\/#primaryimage","url":"https:\/\/diarioprincipios.com\/wp-content\/uploads\/2025\/05\/carreira-tech-inteligencia-artificial-trabalho.jpg","contentUrl":"https:\/\/diarioprincipios.com\/wp-content\/uploads\/2025\/05\/carreira-tech-inteligencia-artificial-trabalho.jpg","width":743,"height":530},{"@type":"BreadcrumbList","@id":"https:\/\/diarioprincipios.com\/index.php\/2025\/05\/07\/jornadas-de-trabajo-sobre-inteligencia-artificial\/#breadcrumb","itemListElement":[{"@type":"ListItem","position":1,"name":"Portada","item":"https:\/\/diarioprincipios.com\/"},{"@type":"ListItem","position":2,"name":"Jornadas de Trabajo sobre Inteligencia Artificial"}]},{"@type":"WebSite","@id":"https:\/\/diarioprincipios.com\/#website","url":"https:\/\/diarioprincipios.com\/","name":"Principios","description":"Principios Diario","publisher":{"@id":"https:\/\/diarioprincipios.com\/#organization"},"potentialAction":[{"@type":"SearchAction","target":{"@type":"EntryPoint","urlTemplate":"https:\/\/diarioprincipios.com\/?s={search_term_string}"},"query-input":{"@type":"PropertyValueSpecification","valueRequired":true,"valueName":"search_term_string"}}],"inLanguage":"es"},{"@type":"Organization","@id":"https:\/\/diarioprincipios.com\/#organization","name":"Principios","url":"https:\/\/diarioprincipios.com\/","logo":{"@type":"ImageObject","inLanguage":"es","@id":"https:\/\/diarioprincipios.com\/#\/schema\/logo\/image\/","url":"https:\/\/diarioprincipios.com\/wp-content\/uploads\/2024\/04\/cropped-www.diarioprincipios.com_-1.png","contentUrl":"https:\/\/diarioprincipios.com\/wp-content\/uploads\/2024\/04\/cropped-www.diarioprincipios.com_-1.png","width":5325,"height":1454,"caption":"Principios"},"image":{"@id":"https:\/\/diarioprincipios.com\/#\/schema\/logo\/image\/"}},{"@type":"Person","@id":"https:\/\/diarioprincipios.com\/#\/schema\/person\/436d5a1fd41a5e250e23ff5a6a7cb080","name":"Hern\u00e1n L\u00f3pez","image":{"@type":"ImageObject","inLanguage":"es","@id":"https:\/\/diarioprincipios.com\/wp-content\/litespeed\/avatar\/11ddfe5610ff3bd100522525b2571f48.jpg?ver=1777048341","url":"https:\/\/diarioprincipios.com\/wp-content\/litespeed\/avatar\/11ddfe5610ff3bd100522525b2571f48.jpg?ver=1777048341","contentUrl":"https:\/\/diarioprincipios.com\/wp-content\/litespeed\/avatar\/11ddfe5610ff3bd100522525b2571f48.jpg?ver=1777048341","caption":"Hern\u00e1n L\u00f3pez"},"url":"https:\/\/diarioprincipios.com\/index.php\/author\/hernan\/"}]}},"jetpack_featured_media_url":"https:\/\/diarioprincipios.com\/wp-content\/uploads\/2025\/05\/carreira-tech-inteligencia-artificial-trabalho.jpg","_links":{"self":[{"href":"https:\/\/diarioprincipios.com\/index.php\/wp-json\/wp\/v2\/posts\/24597","targetHints":{"allow":["GET"]}}],"collection":[{"href":"https:\/\/diarioprincipios.com\/index.php\/wp-json\/wp\/v2\/posts"}],"about":[{"href":"https:\/\/diarioprincipios.com\/index.php\/wp-json\/wp\/v2\/types\/post"}],"author":[{"embeddable":true,"href":"https:\/\/diarioprincipios.com\/index.php\/wp-json\/wp\/v2\/users\/2"}],"replies":[{"embeddable":true,"href":"https:\/\/diarioprincipios.com\/index.php\/wp-json\/wp\/v2\/comments?post=24597"}],"version-history":[{"count":1,"href":"https:\/\/diarioprincipios.com\/index.php\/wp-json\/wp\/v2\/posts\/24597\/revisions"}],"predecessor-version":[{"id":24599,"href":"https:\/\/diarioprincipios.com\/index.php\/wp-json\/wp\/v2\/posts\/24597\/revisions\/24599"}],"wp:featuredmedia":[{"embeddable":true,"href":"https:\/\/diarioprincipios.com\/index.php\/wp-json\/wp\/v2\/media\/24598"}],"wp:attachment":[{"href":"https:\/\/diarioprincipios.com\/index.php\/wp-json\/wp\/v2\/media?parent=24597"}],"wp:term":[{"taxonomy":"category","embeddable":true,"href":"https:\/\/diarioprincipios.com\/index.php\/wp-json\/wp\/v2\/categories?post=24597"},{"taxonomy":"post_tag","embeddable":true,"href":"https:\/\/diarioprincipios.com\/index.php\/wp-json\/wp\/v2\/tags?post=24597"}],"curies":[{"name":"wp","href":"https:\/\/api.w.org\/{rel}","templated":true}]}}