{"id":2457,"date":"2020-06-03T17:03:43","date_gmt":"2020-06-03T20:03:43","guid":{"rendered":"http:\/\/diarioprincipios.com\/?p=2457"},"modified":"2020-06-03T17:03:45","modified_gmt":"2020-06-03T20:03:45","slug":"mayra-mendoza-y-jorge-ferraresi-avanzaron-en-la-planificacion-de-la-urbanizacion-de-villa-azul","status":"publish","type":"post","link":"https:\/\/diarioprincipios.com\/index.php\/2020\/06\/03\/mayra-mendoza-y-jorge-ferraresi-avanzaron-en-la-planificacion-de-la-urbanizacion-de-villa-azul\/","title":{"rendered":"Mayra Mendoza y Jorge Ferraresi avanzaron en la Planificaci\u00f3n de la Urbanizaci\u00f3n de Villa Azul"},"content":{"rendered":"\n<p>La intendenta de Quilmes, Mayra Mendoza, recibi\u00f3 en el Palacio Municipal a su par de Avellaneda, Jorge Ferraresi, para avanzar en la planificaci\u00f3n del proyecto de urbanizaci\u00f3n de Villa Azul, que se encuentra bajo un aislamiento sanitario estricto a partir del crecimiento de los casos de COVID-19 en la zona.<\/p>\n\n\n\n<p>Semanas atr\u00e1s, tanto el presidente Alberto Fern\u00e1ndez como el gobernador Axel Kicillof ratificaron su compromiso de transformar la realidad de Azul y mejorar la calidad de vida de los vecinos y vecinas. Un d\u00eda despu\u00e9s de dicho encuentro, Mendoza y Ferraresi mantuvieron una reuni\u00f3n con la ministra de Desarrollo Territorial y H\u00e1bitat de la Naci\u00f3n, Mar\u00eda Eugenia Bielsa, para poner en marcha la urbanizaci\u00f3n completa del barrio.<\/p>\n\n\n\n<p>En esta oportunidad, ambos Jefes comunales hicieron \u00e9nfasis en la importancia de trabajar mancomunadamente y retomar las obras de las 152 viviendas que comenzaron a ejecutarse en 2015, que la administraci\u00f3n de Cambiemos a nivel provincial y municipal abandon\u00f3 y dej\u00f3 sin terminar, por lo que familias del barrio Villa Azul comenzaron a tomar las viviendas a partir del a\u00f1o 2016. La mayor parte de las tomas se dio en junio del a\u00f1o pasado (2019) cuando las empresas se retiraron definitivamente del lugar por falta de financiamiento. Al d\u00eda de hoy las obras tienen un avance aproximado del 20 por ciento.<\/p>\n\n\n\n<p>\u201cHay un compromiso completo del Gobierno Nacional y Provincial para que los vecinos y vecinas de Villa Azul tengan mejores condiciones de vida. Queremos que este barrio, que comparten Quilmes y Avellaneda, sea igual de un mismo lado que del otro\u201d, manifest\u00f3 Mendoza tras la reuni\u00f3n y agreg\u00f3 que \u201cJorge Ferraresi, con un Estado presente, logr\u00f3 cambiar el barrio durante las gestiones de N\u00e9stor y de Cristina Kirchner, mientras que del lado de Quilmes vimos el abandono y la desidia total de muchos a\u00f1os. Hoy quiero decirles que, conjuntamente con Alberto Fern\u00e1ndez y con Axel Kicillof, vamos a cambiar la realidad de Villa Azul\u201d.<\/p>\n\n\n\n<p>Por su parte, Ferraresi remarc\u00f3 que \u201cla reuni\u00f3n trat\u00f3 sobre trabajar en todo el tema de la urbanizaci\u00f3n de Villa Azul y las distintas tem\u00e1ticas que tienen que ver con potenciar este lugar de la zona sur del Conurbano Bonaerense. Es una responsabilidad que tenemos los intendentes, coordinar para poner en valor y mejorar tanto la ciudad de Quilmes y como la de Avellaneda\u201d.<\/p>\n\n\n\n<p>En el encuentro se evalu\u00f3 de manera conjunta la urbanizaci\u00f3n del barrio Villa Azul y a partir de la experiencia que Ferraresi tuvo en Avellaneda con esa obra, se consider\u00f3 un plan de acci\u00f3n para utilizar el terreno en el que est\u00e1n las viviendas en ejecuci\u00f3n y que fue abandonado en 2016. Adem\u00e1s, se analiz\u00f3 modificar la traza del Acceso Sudeste para generar espacios para construir viviendas.<\/p>\n\n\n\n<p>Del encuentro tambi\u00e9n particip\u00f3 el senador provincial, Emmanuel Gonz\u00e1lez Santalla, la secretaria de Desarrollo Urbano y Obra P\u00fablica local, Cecilia Soler y el secretario de Desarrollo Territorial y H\u00e1bitat de Avellaneda, Guillermo Pesce.<\/p>\n","protected":false},"excerpt":{"rendered":"<p>La intendenta de Quilmes, Mayra Mendoza, recibi\u00f3 en el Palacio Municipal a su par de Avellaneda, Jorge Ferraresi, para avanzar en la planificaci\u00f3n del proyecto de urbanizaci\u00f3n de Villa Azul, que se encuentra bajo un aislamiento sanitario estricto a partir del crecimiento de los casos de COVID-19 en la zona. Semanas atr\u00e1s, tanto el presidente&#8230;<\/p>\n","protected":false},"author":2,"featured_media":2458,"comment_status":"open","ping_status":"open","sticky":false,"template":"","format":"standard","meta":{"footnotes":""},"categories":[11],"tags":[],"class_list":["post-2457","post","type-post","status-publish","format-standard","has-post-thumbnail","hentry","category-municipios"],"featured_image_src":"https:\/\/diarioprincipios.com\/wp-content\/uploads\/2020\/06\/MAYRA-MENDOZA-Y-JORGE-FERRARESI-AVANZARON-EN-LA-PLANIFICACI\u00d3N-DE-LA-URBANIZACI\u00d3N-DE-VILLA-AZUL-3.jpeg","blog_images":{"medium":"https:\/\/diarioprincipios.com\/wp-content\/uploads\/2020\/06\/MAYRA-MENDOZA-Y-JORGE-FERRARESI-AVANZARON-EN-LA-PLANIFICACI\u00d3N-DE-LA-URBANIZACI\u00d3N-DE-VILLA-AZUL-3-300x200.jpeg","large":"https:\/\/diarioprincipios.com\/wp-content\/uploads\/2020\/06\/MAYRA-MENDOZA-Y-JORGE-FERRARESI-AVANZARON-EN-LA-PLANIFICACI\u00d3N-DE-LA-URBANIZACI\u00d3N-DE-VILLA-AZUL-3.jpeg"},"ams_acf":[],"yoast_head":"<!-- This site is optimized with the Yoast SEO plugin v27.3 - https:\/\/yoast.com\/product\/yoast-seo-wordpress\/ -->\n<title>Mayra Mendoza y Jorge Ferraresi avanzaron en la Planificaci\u00f3n de la Urbanizaci\u00f3n de Villa Azul - Principios<\/title>\n<meta name=\"robots\" content=\"index, follow, max-snippet:-1, max-image-preview:large, max-video-preview:-1\" \/>\n<link rel=\"canonical\" href=\"https:\/\/diarioprincipios.com\/index.php\/2020\/06\/03\/mayra-mendoza-y-jorge-ferraresi-avanzaron-en-la-planificacion-de-la-urbanizacion-de-villa-azul\/\" \/>\n<meta property=\"og:locale\" content=\"es_ES\" \/>\n<meta property=\"og:type\" content=\"article\" \/>\n<meta property=\"og:title\" content=\"Mayra Mendoza y Jorge Ferraresi avanzaron en la Planificaci\u00f3n de la Urbanizaci\u00f3n de Villa Azul - Principios\" \/>\n<meta property=\"og:description\" content=\"La intendenta de Quilmes, Mayra Mendoza, recibi\u00f3 en el Palacio Municipal a su par de Avellaneda, Jorge Ferraresi, para avanzar en la planificaci\u00f3n del proyecto de urbanizaci\u00f3n de Villa Azul, que se encuentra bajo un aislamiento sanitario estricto a partir del crecimiento de los casos de COVID-19 en la zona. Semanas atr\u00e1s, tanto el presidente...\" \/>\n<meta property=\"og:url\" content=\"https:\/\/diarioprincipios.com\/index.php\/2020\/06\/03\/mayra-mendoza-y-jorge-ferraresi-avanzaron-en-la-planificacion-de-la-urbanizacion-de-villa-azul\/\" \/>\n<meta property=\"og:site_name\" content=\"Principios\" \/>\n<meta property=\"article:published_time\" content=\"2020-06-03T20:03:43+00:00\" \/>\n<meta property=\"article:modified_time\" content=\"2020-06-03T20:03:45+00:00\" \/>\n<meta property=\"og:image\" content=\"https:\/\/diarioprincipios.com\/wp-content\/uploads\/2020\/06\/MAYRA-MENDOZA-Y-JORGE-FERRARESI-AVANZARON-EN-LA-PLANIFICACI\u00d3N-DE-LA-URBANIZACI\u00d3N-DE-VILLA-AZUL-3.jpeg\" \/>\n\t<meta property=\"og:image:width\" content=\"960\" \/>\n\t<meta property=\"og:image:height\" content=\"640\" \/>\n\t<meta property=\"og:image:type\" content=\"image\/jpeg\" \/>\n<meta name=\"author\" content=\"Hern\u00e1n L\u00f3pez\" \/>\n<meta name=\"twitter:card\" content=\"summary_large_image\" \/>\n<meta name=\"twitter:label1\" content=\"Escrito por\" \/>\n\t<meta name=\"twitter:data1\" content=\"Hern\u00e1n L\u00f3pez\" \/>\n\t<meta name=\"twitter:label2\" content=\"Tiempo de lectura\" \/>\n\t<meta name=\"twitter:data2\" content=\"3 minutos\" \/>\n<script type=\"application\/ld+json\" class=\"yoast-schema-graph\">{\"@context\":\"https:\\\/\\\/schema.org\",\"@graph\":[{\"@type\":\"Article\",\"@id\":\"https:\\\/\\\/diarioprincipios.com\\\/index.php\\\/2020\\\/06\\\/03\\\/mayra-mendoza-y-jorge-ferraresi-avanzaron-en-la-planificacion-de-la-urbanizacion-de-villa-azul\\\/#article\",\"isPartOf\":{\"@id\":\"https:\\\/\\\/diarioprincipios.com\\\/index.php\\\/2020\\\/06\\\/03\\\/mayra-mendoza-y-jorge-ferraresi-avanzaron-en-la-planificacion-de-la-urbanizacion-de-villa-azul\\\/\"},\"author\":{\"name\":\"Hern\u00e1n L\u00f3pez\",\"@id\":\"https:\\\/\\\/diarioprincipios.com\\\/#\\\/schema\\\/person\\\/436d5a1fd41a5e250e23ff5a6a7cb080\"},\"headline\":\"Mayra Mendoza y Jorge Ferraresi avanzaron en la Planificaci\u00f3n de la Urbanizaci\u00f3n de Villa Azul\",\"datePublished\":\"2020-06-03T20:03:43+00:00\",\"dateModified\":\"2020-06-03T20:03:45+00:00\",\"mainEntityOfPage\":{\"@id\":\"https:\\\/\\\/diarioprincipios.com\\\/index.php\\\/2020\\\/06\\\/03\\\/mayra-mendoza-y-jorge-ferraresi-avanzaron-en-la-planificacion-de-la-urbanizacion-de-villa-azul\\\/\"},\"wordCount\":528,\"commentCount\":0,\"publisher\":{\"@id\":\"https:\\\/\\\/diarioprincipios.com\\\/#organization\"},\"image\":{\"@id\":\"https:\\\/\\\/diarioprincipios.com\\\/index.php\\\/2020\\\/06\\\/03\\\/mayra-mendoza-y-jorge-ferraresi-avanzaron-en-la-planificacion-de-la-urbanizacion-de-villa-azul\\\/#primaryimage\"},\"thumbnailUrl\":\"https:\\\/\\\/diarioprincipios.com\\\/wp-content\\\/uploads\\\/2020\\\/06\\\/MAYRA-MENDOZA-Y-JORGE-FERRARESI-AVANZARON-EN-LA-PLANIFICACI\u00d3N-DE-LA-URBANIZACI\u00d3N-DE-VILLA-AZUL-3.jpeg\",\"articleSection\":[\"Municipios\"],\"inLanguage\":\"es\",\"potentialAction\":[{\"@type\":\"CommentAction\",\"name\":\"Comment\",\"target\":[\"https:\\\/\\\/diarioprincipios.com\\\/index.php\\\/2020\\\/06\\\/03\\\/mayra-mendoza-y-jorge-ferraresi-avanzaron-en-la-planificacion-de-la-urbanizacion-de-villa-azul\\\/#respond\"]}]},{\"@type\":\"WebPage\",\"@id\":\"https:\\\/\\\/diarioprincipios.com\\\/index.php\\\/2020\\\/06\\\/03\\\/mayra-mendoza-y-jorge-ferraresi-avanzaron-en-la-planificacion-de-la-urbanizacion-de-villa-azul\\\/\",\"url\":\"https:\\\/\\\/diarioprincipios.com\\\/index.php\\\/2020\\\/06\\\/03\\\/mayra-mendoza-y-jorge-ferraresi-avanzaron-en-la-planificacion-de-la-urbanizacion-de-villa-azul\\\/\",\"name\":\"Mayra Mendoza y Jorge Ferraresi avanzaron en la Planificaci\u00f3n de la Urbanizaci\u00f3n de Villa Azul - Principios\",\"isPartOf\":{\"@id\":\"https:\\\/\\\/diarioprincipios.com\\\/#website\"},\"primaryImageOfPage\":{\"@id\":\"https:\\\/\\\/diarioprincipios.com\\\/index.php\\\/2020\\\/06\\\/03\\\/mayra-mendoza-y-jorge-ferraresi-avanzaron-en-la-planificacion-de-la-urbanizacion-de-villa-azul\\\/#primaryimage\"},\"image\":{\"@id\":\"https:\\\/\\\/diarioprincipios.com\\\/index.php\\\/2020\\\/06\\\/03\\\/mayra-mendoza-y-jorge-ferraresi-avanzaron-en-la-planificacion-de-la-urbanizacion-de-villa-azul\\\/#primaryimage\"},\"thumbnailUrl\":\"https:\\\/\\\/diarioprincipios.com\\\/wp-content\\\/uploads\\\/2020\\\/06\\\/MAYRA-MENDOZA-Y-JORGE-FERRARESI-AVANZARON-EN-LA-PLANIFICACI\u00d3N-DE-LA-URBANIZACI\u00d3N-DE-VILLA-AZUL-3.jpeg\",\"datePublished\":\"2020-06-03T20:03:43+00:00\",\"dateModified\":\"2020-06-03T20:03:45+00:00\",\"breadcrumb\":{\"@id\":\"https:\\\/\\\/diarioprincipios.com\\\/index.php\\\/2020\\\/06\\\/03\\\/mayra-mendoza-y-jorge-ferraresi-avanzaron-en-la-planificacion-de-la-urbanizacion-de-villa-azul\\\/#breadcrumb\"},\"inLanguage\":\"es\",\"potentialAction\":[{\"@type\":\"ReadAction\",\"target\":[\"https:\\\/\\\/diarioprincipios.com\\\/index.php\\\/2020\\\/06\\\/03\\\/mayra-mendoza-y-jorge-ferraresi-avanzaron-en-la-planificacion-de-la-urbanizacion-de-villa-azul\\\/\"]}]},{\"@type\":\"ImageObject\",\"inLanguage\":\"es\",\"@id\":\"https:\\\/\\\/diarioprincipios.com\\\/index.php\\\/2020\\\/06\\\/03\\\/mayra-mendoza-y-jorge-ferraresi-avanzaron-en-la-planificacion-de-la-urbanizacion-de-villa-azul\\\/#primaryimage\",\"url\":\"https:\\\/\\\/diarioprincipios.com\\\/wp-content\\\/uploads\\\/2020\\\/06\\\/MAYRA-MENDOZA-Y-JORGE-FERRARESI-AVANZARON-EN-LA-PLANIFICACI\u00d3N-DE-LA-URBANIZACI\u00d3N-DE-VILLA-AZUL-3.jpeg\",\"contentUrl\":\"https:\\\/\\\/diarioprincipios.com\\\/wp-content\\\/uploads\\\/2020\\\/06\\\/MAYRA-MENDOZA-Y-JORGE-FERRARESI-AVANZARON-EN-LA-PLANIFICACI\u00d3N-DE-LA-URBANIZACI\u00d3N-DE-VILLA-AZUL-3.jpeg\",\"width\":960,\"height\":640},{\"@type\":\"BreadcrumbList\",\"@id\":\"https:\\\/\\\/diarioprincipios.com\\\/index.php\\\/2020\\\/06\\\/03\\\/mayra-mendoza-y-jorge-ferraresi-avanzaron-en-la-planificacion-de-la-urbanizacion-de-villa-azul\\\/#breadcrumb\",\"itemListElement\":[{\"@type\":\"ListItem\",\"position\":1,\"name\":\"Portada\",\"item\":\"https:\\\/\\\/diarioprincipios.com\\\/\"},{\"@type\":\"ListItem\",\"position\":2,\"name\":\"Mayra Mendoza y Jorge Ferraresi avanzaron en la Planificaci\u00f3n de la Urbanizaci\u00f3n de Villa Azul\"}]},{\"@type\":\"WebSite\",\"@id\":\"https:\\\/\\\/diarioprincipios.com\\\/#website\",\"url\":\"https:\\\/\\\/diarioprincipios.com\\\/\",\"name\":\"Principios\",\"description\":\"Principios Diario\",\"publisher\":{\"@id\":\"https:\\\/\\\/diarioprincipios.com\\\/#organization\"},\"potentialAction\":[{\"@type\":\"SearchAction\",\"target\":{\"@type\":\"EntryPoint\",\"urlTemplate\":\"https:\\\/\\\/diarioprincipios.com\\\/?s={search_term_string}\"},\"query-input\":{\"@type\":\"PropertyValueSpecification\",\"valueRequired\":true,\"valueName\":\"search_term_string\"}}],\"inLanguage\":\"es\"},{\"@type\":\"Organization\",\"@id\":\"https:\\\/\\\/diarioprincipios.com\\\/#organization\",\"name\":\"Principios\",\"url\":\"https:\\\/\\\/diarioprincipios.com\\\/\",\"logo\":{\"@type\":\"ImageObject\",\"inLanguage\":\"es\",\"@id\":\"https:\\\/\\\/diarioprincipios.com\\\/#\\\/schema\\\/logo\\\/image\\\/\",\"url\":\"https:\\\/\\\/diarioprincipios.com\\\/wp-content\\\/uploads\\\/2024\\\/04\\\/cropped-www.diarioprincipios.com_-1.png\",\"contentUrl\":\"https:\\\/\\\/diarioprincipios.com\\\/wp-content\\\/uploads\\\/2024\\\/04\\\/cropped-www.diarioprincipios.com_-1.png\",\"width\":5325,\"height\":1454,\"caption\":\"Principios\"},\"image\":{\"@id\":\"https:\\\/\\\/diarioprincipios.com\\\/#\\\/schema\\\/logo\\\/image\\\/\"}},{\"@type\":\"Person\",\"@id\":\"https:\\\/\\\/diarioprincipios.com\\\/#\\\/schema\\\/person\\\/436d5a1fd41a5e250e23ff5a6a7cb080\",\"name\":\"Hern\u00e1n L\u00f3pez\",\"image\":{\"@type\":\"ImageObject\",\"inLanguage\":\"es\",\"@id\":\"https:\\\/\\\/diarioprincipios.com\\\/wp-content\\\/litespeed\\\/avatar\\\/11ddfe5610ff3bd100522525b2571f48.jpg?ver=1777653193\",\"url\":\"https:\\\/\\\/diarioprincipios.com\\\/wp-content\\\/litespeed\\\/avatar\\\/11ddfe5610ff3bd100522525b2571f48.jpg?ver=1777653193\",\"contentUrl\":\"https:\\\/\\\/diarioprincipios.com\\\/wp-content\\\/litespeed\\\/avatar\\\/11ddfe5610ff3bd100522525b2571f48.jpg?ver=1777653193\",\"caption\":\"Hern\u00e1n L\u00f3pez\"},\"url\":\"https:\\\/\\\/diarioprincipios.com\\\/index.php\\\/author\\\/hernan\\\/\"}]}<\/script>\n<!-- \/ Yoast SEO plugin. -->","yoast_head_json":{"title":"Mayra Mendoza y Jorge Ferraresi avanzaron en la Planificaci\u00f3n de la Urbanizaci\u00f3n de Villa Azul - Principios","robots":{"index":"index","follow":"follow","max-snippet":"max-snippet:-1","max-image-preview":"max-image-preview:large","max-video-preview":"max-video-preview:-1"},"canonical":"https:\/\/diarioprincipios.com\/index.php\/2020\/06\/03\/mayra-mendoza-y-jorge-ferraresi-avanzaron-en-la-planificacion-de-la-urbanizacion-de-villa-azul\/","og_locale":"es_ES","og_type":"article","og_title":"Mayra Mendoza y Jorge Ferraresi avanzaron en la Planificaci\u00f3n de la Urbanizaci\u00f3n de Villa Azul - Principios","og_description":"La intendenta de Quilmes, Mayra Mendoza, recibi\u00f3 en el Palacio Municipal a su par de Avellaneda, Jorge Ferraresi, para avanzar en la planificaci\u00f3n del proyecto de urbanizaci\u00f3n de Villa Azul, que se encuentra bajo un aislamiento sanitario estricto a partir del crecimiento de los casos de COVID-19 en la zona. Semanas atr\u00e1s, tanto el presidente...","og_url":"https:\/\/diarioprincipios.com\/index.php\/2020\/06\/03\/mayra-mendoza-y-jorge-ferraresi-avanzaron-en-la-planificacion-de-la-urbanizacion-de-villa-azul\/","og_site_name":"Principios","article_published_time":"2020-06-03T20:03:43+00:00","article_modified_time":"2020-06-03T20:03:45+00:00","og_image":[{"width":960,"height":640,"url":"https:\/\/diarioprincipios.com\/wp-content\/uploads\/2020\/06\/MAYRA-MENDOZA-Y-JORGE-FERRARESI-AVANZARON-EN-LA-PLANIFICACI\u00d3N-DE-LA-URBANIZACI\u00d3N-DE-VILLA-AZUL-3.jpeg","type":"image\/jpeg"}],"author":"Hern\u00e1n L\u00f3pez","twitter_card":"summary_large_image","twitter_misc":{"Escrito por":"Hern\u00e1n L\u00f3pez","Tiempo de lectura":"3 minutos"},"schema":{"@context":"https:\/\/schema.org","@graph":[{"@type":"Article","@id":"https:\/\/diarioprincipios.com\/index.php\/2020\/06\/03\/mayra-mendoza-y-jorge-ferraresi-avanzaron-en-la-planificacion-de-la-urbanizacion-de-villa-azul\/#article","isPartOf":{"@id":"https:\/\/diarioprincipios.com\/index.php\/2020\/06\/03\/mayra-mendoza-y-jorge-ferraresi-avanzaron-en-la-planificacion-de-la-urbanizacion-de-villa-azul\/"},"author":{"name":"Hern\u00e1n L\u00f3pez","@id":"https:\/\/diarioprincipios.com\/#\/schema\/person\/436d5a1fd41a5e250e23ff5a6a7cb080"},"headline":"Mayra Mendoza y Jorge Ferraresi avanzaron en la Planificaci\u00f3n de la Urbanizaci\u00f3n de Villa Azul","datePublished":"2020-06-03T20:03:43+00:00","dateModified":"2020-06-03T20:03:45+00:00","mainEntityOfPage":{"@id":"https:\/\/diarioprincipios.com\/index.php\/2020\/06\/03\/mayra-mendoza-y-jorge-ferraresi-avanzaron-en-la-planificacion-de-la-urbanizacion-de-villa-azul\/"},"wordCount":528,"commentCount":0,"publisher":{"@id":"https:\/\/diarioprincipios.com\/#organization"},"image":{"@id":"https:\/\/diarioprincipios.com\/index.php\/2020\/06\/03\/mayra-mendoza-y-jorge-ferraresi-avanzaron-en-la-planificacion-de-la-urbanizacion-de-villa-azul\/#primaryimage"},"thumbnailUrl":"https:\/\/diarioprincipios.com\/wp-content\/uploads\/2020\/06\/MAYRA-MENDOZA-Y-JORGE-FERRARESI-AVANZARON-EN-LA-PLANIFICACI\u00d3N-DE-LA-URBANIZACI\u00d3N-DE-VILLA-AZUL-3.jpeg","articleSection":["Municipios"],"inLanguage":"es","potentialAction":[{"@type":"CommentAction","name":"Comment","target":["https:\/\/diarioprincipios.com\/index.php\/2020\/06\/03\/mayra-mendoza-y-jorge-ferraresi-avanzaron-en-la-planificacion-de-la-urbanizacion-de-villa-azul\/#respond"]}]},{"@type":"WebPage","@id":"https:\/\/diarioprincipios.com\/index.php\/2020\/06\/03\/mayra-mendoza-y-jorge-ferraresi-avanzaron-en-la-planificacion-de-la-urbanizacion-de-villa-azul\/","url":"https:\/\/diarioprincipios.com\/index.php\/2020\/06\/03\/mayra-mendoza-y-jorge-ferraresi-avanzaron-en-la-planificacion-de-la-urbanizacion-de-villa-azul\/","name":"Mayra Mendoza y Jorge Ferraresi avanzaron en la Planificaci\u00f3n de la Urbanizaci\u00f3n de Villa Azul - Principios","isPartOf":{"@id":"https:\/\/diarioprincipios.com\/#website"},"primaryImageOfPage":{"@id":"https:\/\/diarioprincipios.com\/index.php\/2020\/06\/03\/mayra-mendoza-y-jorge-ferraresi-avanzaron-en-la-planificacion-de-la-urbanizacion-de-villa-azul\/#primaryimage"},"image":{"@id":"https:\/\/diarioprincipios.com\/index.php\/2020\/06\/03\/mayra-mendoza-y-jorge-ferraresi-avanzaron-en-la-planificacion-de-la-urbanizacion-de-villa-azul\/#primaryimage"},"thumbnailUrl":"https:\/\/diarioprincipios.com\/wp-content\/uploads\/2020\/06\/MAYRA-MENDOZA-Y-JORGE-FERRARESI-AVANZARON-EN-LA-PLANIFICACI\u00d3N-DE-LA-URBANIZACI\u00d3N-DE-VILLA-AZUL-3.jpeg","datePublished":"2020-06-03T20:03:43+00:00","dateModified":"2020-06-03T20:03:45+00:00","breadcrumb":{"@id":"https:\/\/diarioprincipios.com\/index.php\/2020\/06\/03\/mayra-mendoza-y-jorge-ferraresi-avanzaron-en-la-planificacion-de-la-urbanizacion-de-villa-azul\/#breadcrumb"},"inLanguage":"es","potentialAction":[{"@type":"ReadAction","target":["https:\/\/diarioprincipios.com\/index.php\/2020\/06\/03\/mayra-mendoza-y-jorge-ferraresi-avanzaron-en-la-planificacion-de-la-urbanizacion-de-villa-azul\/"]}]},{"@type":"ImageObject","inLanguage":"es","@id":"https:\/\/diarioprincipios.com\/index.php\/2020\/06\/03\/mayra-mendoza-y-jorge-ferraresi-avanzaron-en-la-planificacion-de-la-urbanizacion-de-villa-azul\/#primaryimage","url":"https:\/\/diarioprincipios.com\/wp-content\/uploads\/2020\/06\/MAYRA-MENDOZA-Y-JORGE-FERRARESI-AVANZARON-EN-LA-PLANIFICACI\u00d3N-DE-LA-URBANIZACI\u00d3N-DE-VILLA-AZUL-3.jpeg","contentUrl":"https:\/\/diarioprincipios.com\/wp-content\/uploads\/2020\/06\/MAYRA-MENDOZA-Y-JORGE-FERRARESI-AVANZARON-EN-LA-PLANIFICACI\u00d3N-DE-LA-URBANIZACI\u00d3N-DE-VILLA-AZUL-3.jpeg","width":960,"height":640},{"@type":"BreadcrumbList","@id":"https:\/\/diarioprincipios.com\/index.php\/2020\/06\/03\/mayra-mendoza-y-jorge-ferraresi-avanzaron-en-la-planificacion-de-la-urbanizacion-de-villa-azul\/#breadcrumb","itemListElement":[{"@type":"ListItem","position":1,"name":"Portada","item":"https:\/\/diarioprincipios.com\/"},{"@type":"ListItem","position":2,"name":"Mayra Mendoza y Jorge Ferraresi avanzaron en la Planificaci\u00f3n de la Urbanizaci\u00f3n de Villa Azul"}]},{"@type":"WebSite","@id":"https:\/\/diarioprincipios.com\/#website","url":"https:\/\/diarioprincipios.com\/","name":"Principios","description":"Principios Diario","publisher":{"@id":"https:\/\/diarioprincipios.com\/#organization"},"potentialAction":[{"@type":"SearchAction","target":{"@type":"EntryPoint","urlTemplate":"https:\/\/diarioprincipios.com\/?s={search_term_string}"},"query-input":{"@type":"PropertyValueSpecification","valueRequired":true,"valueName":"search_term_string"}}],"inLanguage":"es"},{"@type":"Organization","@id":"https:\/\/diarioprincipios.com\/#organization","name":"Principios","url":"https:\/\/diarioprincipios.com\/","logo":{"@type":"ImageObject","inLanguage":"es","@id":"https:\/\/diarioprincipios.com\/#\/schema\/logo\/image\/","url":"https:\/\/diarioprincipios.com\/wp-content\/uploads\/2024\/04\/cropped-www.diarioprincipios.com_-1.png","contentUrl":"https:\/\/diarioprincipios.com\/wp-content\/uploads\/2024\/04\/cropped-www.diarioprincipios.com_-1.png","width":5325,"height":1454,"caption":"Principios"},"image":{"@id":"https:\/\/diarioprincipios.com\/#\/schema\/logo\/image\/"}},{"@type":"Person","@id":"https:\/\/diarioprincipios.com\/#\/schema\/person\/436d5a1fd41a5e250e23ff5a6a7cb080","name":"Hern\u00e1n L\u00f3pez","image":{"@type":"ImageObject","inLanguage":"es","@id":"https:\/\/diarioprincipios.com\/wp-content\/litespeed\/avatar\/11ddfe5610ff3bd100522525b2571f48.jpg?ver=1777653193","url":"https:\/\/diarioprincipios.com\/wp-content\/litespeed\/avatar\/11ddfe5610ff3bd100522525b2571f48.jpg?ver=1777653193","contentUrl":"https:\/\/diarioprincipios.com\/wp-content\/litespeed\/avatar\/11ddfe5610ff3bd100522525b2571f48.jpg?ver=1777653193","caption":"Hern\u00e1n L\u00f3pez"},"url":"https:\/\/diarioprincipios.com\/index.php\/author\/hernan\/"}]}},"jetpack_featured_media_url":"https:\/\/diarioprincipios.com\/wp-content\/uploads\/2020\/06\/MAYRA-MENDOZA-Y-JORGE-FERRARESI-AVANZARON-EN-LA-PLANIFICACI\u00d3N-DE-LA-URBANIZACI\u00d3N-DE-VILLA-AZUL-3.jpeg","_links":{"self":[{"href":"https:\/\/diarioprincipios.com\/index.php\/wp-json\/wp\/v2\/posts\/2457","targetHints":{"allow":["GET"]}}],"collection":[{"href":"https:\/\/diarioprincipios.com\/index.php\/wp-json\/wp\/v2\/posts"}],"about":[{"href":"https:\/\/diarioprincipios.com\/index.php\/wp-json\/wp\/v2\/types\/post"}],"author":[{"embeddable":true,"href":"https:\/\/diarioprincipios.com\/index.php\/wp-json\/wp\/v2\/users\/2"}],"replies":[{"embeddable":true,"href":"https:\/\/diarioprincipios.com\/index.php\/wp-json\/wp\/v2\/comments?post=2457"}],"version-history":[{"count":1,"href":"https:\/\/diarioprincipios.com\/index.php\/wp-json\/wp\/v2\/posts\/2457\/revisions"}],"predecessor-version":[{"id":2459,"href":"https:\/\/diarioprincipios.com\/index.php\/wp-json\/wp\/v2\/posts\/2457\/revisions\/2459"}],"wp:featuredmedia":[{"embeddable":true,"href":"https:\/\/diarioprincipios.com\/index.php\/wp-json\/wp\/v2\/media\/2458"}],"wp:attachment":[{"href":"https:\/\/diarioprincipios.com\/index.php\/wp-json\/wp\/v2\/media?parent=2457"}],"wp:term":[{"taxonomy":"category","embeddable":true,"href":"https:\/\/diarioprincipios.com\/index.php\/wp-json\/wp\/v2\/categories?post=2457"},{"taxonomy":"post_tag","embeddable":true,"href":"https:\/\/diarioprincipios.com\/index.php\/wp-json\/wp\/v2\/tags?post=2457"}],"curies":[{"name":"wp","href":"https:\/\/api.w.org\/{rel}","templated":true}]}}