{"id":24564,"date":"2025-04-30T11:59:41","date_gmt":"2025-04-30T14:59:41","guid":{"rendered":"https:\/\/diarioprincipios.com\/?p=24564"},"modified":"2025-04-30T11:59:42","modified_gmt":"2025-04-30T14:59:42","slug":"la-provincia-trabaja-por-un-sistema-de-transporte-inclusivo","status":"publish","type":"post","link":"https:\/\/diarioprincipios.com\/index.php\/2025\/04\/30\/la-provincia-trabaja-por-un-sistema-de-transporte-inclusivo\/","title":{"rendered":"La Provincia trabaja por un Sistema de Transporte Inclusivo"},"content":{"rendered":"\n<p>El ministro de Transporte de la provincia de Buenos Aires, Mart\u00edn Marinucci, recibi\u00f3 a representantes de familias de personas con autismo, el joven referente Ian Moche, empresarios de transporte y a la diputada provincial, Luciana Padulo, para avanzar en la inclusi\u00f3n dentro del sistema de transporte p\u00fablico bonaerense y acompa\u00f1ar el avance legislativo del proyecto de colocaci\u00f3n de pictogramas.<br>En el marco del Mes de la Concientizaci\u00f3n del Autismo, el ministro de Transporte bonaerense, Mart\u00edn Marinucci, recibi\u00f3 a los distintos actores junto a parte de su equipo y a la diputada impulsora de la ley para acompa\u00f1ar el avance legislativo que propone la colocaci\u00f3n de pictogramas en colectivos y, as\u00ed, trazar l\u00edneas de acci\u00f3n para potenciar la inclusi\u00f3n social.<br>\u201cEstamos comprometidos en seguir promoviendo pol\u00edticas p\u00fablicas que garanticen el acceso universal al transporte, por eso la colocaci\u00f3n de pictogramas representa un paso m\u00e1s en la construcci\u00f3n de una provincia inclusiva, donde todas las personas se sientan parte y puedan desplazarse con libertad y autonom\u00eda\u201d, destac\u00f3 el ministro Marinucci.<br>En ese sentido, se refiri\u00f3 al avance que dio la C\u00e1mara de Diputados de la provincia de Buenos Aires al proyecto de ley de la diputada Luciana Padulo, el cual prev\u00e9 la colocaci\u00f3n de pictogramas de accesibilidad en las unidades de transporte p\u00fablico de pasajeros bonaerense: \u201cCelebramos la media sanci\u00f3n en la C\u00e1mara de Diputados y confiamos en que el Senado avanzar\u00e1 r\u00e1pidamente en votar la ley. Desde el Ministerio de Transporte vamos a impulsar su implementaci\u00f3n y acompa\u00f1ar todo el proceso para que esta ley se transforme en realidad\u201d, destac\u00f3.<br>Por su parte, la diputada provincial Luciana Padulo sostuvo: \u201cEste es un enorme apoyo que recibimos del Ministerio de Transporte para seguir impulsando una ley tan importante. Va a ser mucho mejor la convivencia, mucho mejor la interpretaci\u00f3n y mucho mejor la sensibilidad\u201d.<br>En tanto, el joven Ian Moche expres\u00f3: \u201cLos pictogramas son para comunicarnos, para poder expresarnos, decir lo que sentimos, no solo para guiarnos. Las personas autistas tienen mucha ansiedad. Me pone muy feliz que puedan hacer estos pictogramas y que se puedan cumplir todos los puntos de accesibilidad\u201d; mientras que su mam\u00e1, Marlene Spesso, remarc\u00f3: \u201cLo m\u00e1s lindo que nos puede pasar hoy es estar todos juntos. Esto le mejora la calidad de vida a todos\u201d.<br>Tambi\u00e9n participaron del encuentro D\u00e9bora Barani, diplomada internacional en Autismo y referente de Red Familias TEA; Valeria Arata, subsecretaria de Articulaci\u00f3n Interjurisdiccional del Transporte; Sibila Botti, directora provincial de Pol\u00edticas de G\u00e9nero y Estrategias Inclusivas; y Alejandro Garro, gerente de la L\u00ednea 85, una de las primeras en sumarse a la iniciativa.<br>Cabe destacar que, desde el inicio de su gesti\u00f3n, Marinucci ha promovido diversas acciones orientadas a mejorar la accesibilidad en el transporte p\u00fablico, como la incorporaci\u00f3n de unidades con piso bajo, la instalaci\u00f3n de rampas en estaciones y la capacitaci\u00f3n en perspectiva de discapacidad, adem\u00e1s de extender el programa de entregas de Pases Libres Multimodales. As\u00ed, la implementaci\u00f3n de los pictogramas se sumar\u00e1 al compromiso de transformaci\u00f3n del actual sistema de transporte por uno m\u00e1s equitativo y accesible.<\/p>\n","protected":false},"excerpt":{"rendered":"<p>El ministro de Transporte de la provincia de Buenos Aires, Mart\u00edn Marinucci, recibi\u00f3 a representantes de familias de personas con autismo, el joven referente Ian Moche, empresarios de transporte y a la diputada provincial, Luciana Padulo, para avanzar en la inclusi\u00f3n dentro del sistema de transporte p\u00fablico bonaerense y acompa\u00f1ar el avance legislativo del proyecto&#8230;<\/p>\n","protected":false},"author":2,"featured_media":24565,"comment_status":"open","ping_status":"open","sticky":false,"template":"","format":"standard","meta":{"footnotes":""},"categories":[7],"tags":[],"class_list":["post-24564","post","type-post","status-publish","format-standard","has-post-thumbnail","hentry","category-provincia"],"featured_image_src":"https:\/\/diarioprincipios.com\/wp-content\/uploads\/2025\/04\/MARINUCCI-RECIBIO-A-REFERENTES-DEL-AUTISMO-Y-REAFIRMO-SU-COMPROMISO-CON-LA-ACCESIBILIDAD-EN-EL-TRANSPORTE2-1024x682.jpeg","blog_images":{"medium":"https:\/\/diarioprincipios.com\/wp-content\/uploads\/2025\/04\/MARINUCCI-RECIBIO-A-REFERENTES-DEL-AUTISMO-Y-REAFIRMO-SU-COMPROMISO-CON-LA-ACCESIBILIDAD-EN-EL-TRANSPORTE2-300x200.jpeg","large":"https:\/\/diarioprincipios.com\/wp-content\/uploads\/2025\/04\/MARINUCCI-RECIBIO-A-REFERENTES-DEL-AUTISMO-Y-REAFIRMO-SU-COMPROMISO-CON-LA-ACCESIBILIDAD-EN-EL-TRANSPORTE2-1024x682.jpeg"},"ams_acf":[],"yoast_head":"<!-- This site is optimized with the Yoast SEO plugin v27.3 - https:\/\/yoast.com\/product\/yoast-seo-wordpress\/ -->\n<title>La Provincia trabaja por un Sistema de Transporte Inclusivo - Principios<\/title>\n<meta name=\"robots\" content=\"index, follow, max-snippet:-1, max-image-preview:large, max-video-preview:-1\" \/>\n<link rel=\"canonical\" href=\"https:\/\/diarioprincipios.com\/index.php\/2025\/04\/30\/la-provincia-trabaja-por-un-sistema-de-transporte-inclusivo\/\" \/>\n<meta property=\"og:locale\" content=\"es_ES\" \/>\n<meta property=\"og:type\" content=\"article\" \/>\n<meta property=\"og:title\" content=\"La Provincia trabaja por un Sistema de Transporte Inclusivo - Principios\" \/>\n<meta property=\"og:description\" content=\"El ministro de Transporte de la provincia de Buenos Aires, Mart\u00edn Marinucci, recibi\u00f3 a representantes de familias de personas con autismo, el joven referente Ian Moche, empresarios de transporte y a la diputada provincial, Luciana Padulo, para avanzar en la inclusi\u00f3n dentro del sistema de transporte p\u00fablico bonaerense y acompa\u00f1ar el avance legislativo del proyecto...\" \/>\n<meta property=\"og:url\" content=\"https:\/\/diarioprincipios.com\/index.php\/2025\/04\/30\/la-provincia-trabaja-por-un-sistema-de-transporte-inclusivo\/\" \/>\n<meta property=\"og:site_name\" content=\"Principios\" \/>\n<meta property=\"article:published_time\" content=\"2025-04-30T14:59:41+00:00\" \/>\n<meta property=\"article:modified_time\" content=\"2025-04-30T14:59:42+00:00\" \/>\n<meta property=\"og:image\" content=\"https:\/\/diarioprincipios.com\/wp-content\/uploads\/2025\/04\/MARINUCCI-RECIBIO-A-REFERENTES-DEL-AUTISMO-Y-REAFIRMO-SU-COMPROMISO-CON-LA-ACCESIBILIDAD-EN-EL-TRANSPORTE2.jpeg\" \/>\n\t<meta property=\"og:image:width\" content=\"1280\" \/>\n\t<meta property=\"og:image:height\" content=\"853\" \/>\n\t<meta property=\"og:image:type\" content=\"image\/jpeg\" \/>\n<meta name=\"author\" content=\"Hern\u00e1n L\u00f3pez\" \/>\n<meta name=\"twitter:card\" content=\"summary_large_image\" \/>\n<meta name=\"twitter:label1\" content=\"Escrito por\" \/>\n\t<meta name=\"twitter:data1\" content=\"Hern\u00e1n L\u00f3pez\" \/>\n\t<meta name=\"twitter:label2\" content=\"Tiempo de lectura\" \/>\n\t<meta name=\"twitter:data2\" content=\"3 minutos\" \/>\n<script type=\"application\/ld+json\" class=\"yoast-schema-graph\">{\"@context\":\"https:\\\/\\\/schema.org\",\"@graph\":[{\"@type\":\"Article\",\"@id\":\"https:\\\/\\\/diarioprincipios.com\\\/index.php\\\/2025\\\/04\\\/30\\\/la-provincia-trabaja-por-un-sistema-de-transporte-inclusivo\\\/#article\",\"isPartOf\":{\"@id\":\"https:\\\/\\\/diarioprincipios.com\\\/index.php\\\/2025\\\/04\\\/30\\\/la-provincia-trabaja-por-un-sistema-de-transporte-inclusivo\\\/\"},\"author\":{\"name\":\"Hern\u00e1n L\u00f3pez\",\"@id\":\"https:\\\/\\\/diarioprincipios.com\\\/#\\\/schema\\\/person\\\/436d5a1fd41a5e250e23ff5a6a7cb080\"},\"headline\":\"La Provincia trabaja por un Sistema de Transporte Inclusivo\",\"datePublished\":\"2025-04-30T14:59:41+00:00\",\"dateModified\":\"2025-04-30T14:59:42+00:00\",\"mainEntityOfPage\":{\"@id\":\"https:\\\/\\\/diarioprincipios.com\\\/index.php\\\/2025\\\/04\\\/30\\\/la-provincia-trabaja-por-un-sistema-de-transporte-inclusivo\\\/\"},\"wordCount\":559,\"commentCount\":0,\"publisher\":{\"@id\":\"https:\\\/\\\/diarioprincipios.com\\\/#organization\"},\"image\":{\"@id\":\"https:\\\/\\\/diarioprincipios.com\\\/index.php\\\/2025\\\/04\\\/30\\\/la-provincia-trabaja-por-un-sistema-de-transporte-inclusivo\\\/#primaryimage\"},\"thumbnailUrl\":\"https:\\\/\\\/diarioprincipios.com\\\/wp-content\\\/uploads\\\/2025\\\/04\\\/MARINUCCI-RECIBIO-A-REFERENTES-DEL-AUTISMO-Y-REAFIRMO-SU-COMPROMISO-CON-LA-ACCESIBILIDAD-EN-EL-TRANSPORTE2.jpeg\",\"articleSection\":[\"Provincia\"],\"inLanguage\":\"es\",\"potentialAction\":[{\"@type\":\"CommentAction\",\"name\":\"Comment\",\"target\":[\"https:\\\/\\\/diarioprincipios.com\\\/index.php\\\/2025\\\/04\\\/30\\\/la-provincia-trabaja-por-un-sistema-de-transporte-inclusivo\\\/#respond\"]}]},{\"@type\":\"WebPage\",\"@id\":\"https:\\\/\\\/diarioprincipios.com\\\/index.php\\\/2025\\\/04\\\/30\\\/la-provincia-trabaja-por-un-sistema-de-transporte-inclusivo\\\/\",\"url\":\"https:\\\/\\\/diarioprincipios.com\\\/index.php\\\/2025\\\/04\\\/30\\\/la-provincia-trabaja-por-un-sistema-de-transporte-inclusivo\\\/\",\"name\":\"La Provincia trabaja por un Sistema de Transporte Inclusivo - Principios\",\"isPartOf\":{\"@id\":\"https:\\\/\\\/diarioprincipios.com\\\/#website\"},\"primaryImageOfPage\":{\"@id\":\"https:\\\/\\\/diarioprincipios.com\\\/index.php\\\/2025\\\/04\\\/30\\\/la-provincia-trabaja-por-un-sistema-de-transporte-inclusivo\\\/#primaryimage\"},\"image\":{\"@id\":\"https:\\\/\\\/diarioprincipios.com\\\/index.php\\\/2025\\\/04\\\/30\\\/la-provincia-trabaja-por-un-sistema-de-transporte-inclusivo\\\/#primaryimage\"},\"thumbnailUrl\":\"https:\\\/\\\/diarioprincipios.com\\\/wp-content\\\/uploads\\\/2025\\\/04\\\/MARINUCCI-RECIBIO-A-REFERENTES-DEL-AUTISMO-Y-REAFIRMO-SU-COMPROMISO-CON-LA-ACCESIBILIDAD-EN-EL-TRANSPORTE2.jpeg\",\"datePublished\":\"2025-04-30T14:59:41+00:00\",\"dateModified\":\"2025-04-30T14:59:42+00:00\",\"breadcrumb\":{\"@id\":\"https:\\\/\\\/diarioprincipios.com\\\/index.php\\\/2025\\\/04\\\/30\\\/la-provincia-trabaja-por-un-sistema-de-transporte-inclusivo\\\/#breadcrumb\"},\"inLanguage\":\"es\",\"potentialAction\":[{\"@type\":\"ReadAction\",\"target\":[\"https:\\\/\\\/diarioprincipios.com\\\/index.php\\\/2025\\\/04\\\/30\\\/la-provincia-trabaja-por-un-sistema-de-transporte-inclusivo\\\/\"]}]},{\"@type\":\"ImageObject\",\"inLanguage\":\"es\",\"@id\":\"https:\\\/\\\/diarioprincipios.com\\\/index.php\\\/2025\\\/04\\\/30\\\/la-provincia-trabaja-por-un-sistema-de-transporte-inclusivo\\\/#primaryimage\",\"url\":\"https:\\\/\\\/diarioprincipios.com\\\/wp-content\\\/uploads\\\/2025\\\/04\\\/MARINUCCI-RECIBIO-A-REFERENTES-DEL-AUTISMO-Y-REAFIRMO-SU-COMPROMISO-CON-LA-ACCESIBILIDAD-EN-EL-TRANSPORTE2.jpeg\",\"contentUrl\":\"https:\\\/\\\/diarioprincipios.com\\\/wp-content\\\/uploads\\\/2025\\\/04\\\/MARINUCCI-RECIBIO-A-REFERENTES-DEL-AUTISMO-Y-REAFIRMO-SU-COMPROMISO-CON-LA-ACCESIBILIDAD-EN-EL-TRANSPORTE2.jpeg\",\"width\":1280,\"height\":853},{\"@type\":\"BreadcrumbList\",\"@id\":\"https:\\\/\\\/diarioprincipios.com\\\/index.php\\\/2025\\\/04\\\/30\\\/la-provincia-trabaja-por-un-sistema-de-transporte-inclusivo\\\/#breadcrumb\",\"itemListElement\":[{\"@type\":\"ListItem\",\"position\":1,\"name\":\"Portada\",\"item\":\"https:\\\/\\\/diarioprincipios.com\\\/\"},{\"@type\":\"ListItem\",\"position\":2,\"name\":\"La Provincia trabaja por un Sistema de Transporte Inclusivo\"}]},{\"@type\":\"WebSite\",\"@id\":\"https:\\\/\\\/diarioprincipios.com\\\/#website\",\"url\":\"https:\\\/\\\/diarioprincipios.com\\\/\",\"name\":\"Principios\",\"description\":\"Principios Diario\",\"publisher\":{\"@id\":\"https:\\\/\\\/diarioprincipios.com\\\/#organization\"},\"potentialAction\":[{\"@type\":\"SearchAction\",\"target\":{\"@type\":\"EntryPoint\",\"urlTemplate\":\"https:\\\/\\\/diarioprincipios.com\\\/?s={search_term_string}\"},\"query-input\":{\"@type\":\"PropertyValueSpecification\",\"valueRequired\":true,\"valueName\":\"search_term_string\"}}],\"inLanguage\":\"es\"},{\"@type\":\"Organization\",\"@id\":\"https:\\\/\\\/diarioprincipios.com\\\/#organization\",\"name\":\"Principios\",\"url\":\"https:\\\/\\\/diarioprincipios.com\\\/\",\"logo\":{\"@type\":\"ImageObject\",\"inLanguage\":\"es\",\"@id\":\"https:\\\/\\\/diarioprincipios.com\\\/#\\\/schema\\\/logo\\\/image\\\/\",\"url\":\"https:\\\/\\\/diarioprincipios.com\\\/wp-content\\\/uploads\\\/2024\\\/04\\\/cropped-www.diarioprincipios.com_-1.png\",\"contentUrl\":\"https:\\\/\\\/diarioprincipios.com\\\/wp-content\\\/uploads\\\/2024\\\/04\\\/cropped-www.diarioprincipios.com_-1.png\",\"width\":5325,\"height\":1454,\"caption\":\"Principios\"},\"image\":{\"@id\":\"https:\\\/\\\/diarioprincipios.com\\\/#\\\/schema\\\/logo\\\/image\\\/\"}},{\"@type\":\"Person\",\"@id\":\"https:\\\/\\\/diarioprincipios.com\\\/#\\\/schema\\\/person\\\/436d5a1fd41a5e250e23ff5a6a7cb080\",\"name\":\"Hern\u00e1n L\u00f3pez\",\"image\":{\"@type\":\"ImageObject\",\"inLanguage\":\"es\",\"@id\":\"https:\\\/\\\/diarioprincipios.com\\\/wp-content\\\/litespeed\\\/avatar\\\/11ddfe5610ff3bd100522525b2571f48.jpg?ver=1777653193\",\"url\":\"https:\\\/\\\/diarioprincipios.com\\\/wp-content\\\/litespeed\\\/avatar\\\/11ddfe5610ff3bd100522525b2571f48.jpg?ver=1777653193\",\"contentUrl\":\"https:\\\/\\\/diarioprincipios.com\\\/wp-content\\\/litespeed\\\/avatar\\\/11ddfe5610ff3bd100522525b2571f48.jpg?ver=1777653193\",\"caption\":\"Hern\u00e1n L\u00f3pez\"},\"url\":\"https:\\\/\\\/diarioprincipios.com\\\/index.php\\\/author\\\/hernan\\\/\"}]}<\/script>\n<!-- \/ Yoast SEO plugin. -->","yoast_head_json":{"title":"La Provincia trabaja por un Sistema de Transporte Inclusivo - Principios","robots":{"index":"index","follow":"follow","max-snippet":"max-snippet:-1","max-image-preview":"max-image-preview:large","max-video-preview":"max-video-preview:-1"},"canonical":"https:\/\/diarioprincipios.com\/index.php\/2025\/04\/30\/la-provincia-trabaja-por-un-sistema-de-transporte-inclusivo\/","og_locale":"es_ES","og_type":"article","og_title":"La Provincia trabaja por un Sistema de Transporte Inclusivo - Principios","og_description":"El ministro de Transporte de la provincia de Buenos Aires, Mart\u00edn Marinucci, recibi\u00f3 a representantes de familias de personas con autismo, el joven referente Ian Moche, empresarios de transporte y a la diputada provincial, Luciana Padulo, para avanzar en la inclusi\u00f3n dentro del sistema de transporte p\u00fablico bonaerense y acompa\u00f1ar el avance legislativo del proyecto...","og_url":"https:\/\/diarioprincipios.com\/index.php\/2025\/04\/30\/la-provincia-trabaja-por-un-sistema-de-transporte-inclusivo\/","og_site_name":"Principios","article_published_time":"2025-04-30T14:59:41+00:00","article_modified_time":"2025-04-30T14:59:42+00:00","og_image":[{"width":1280,"height":853,"url":"https:\/\/diarioprincipios.com\/wp-content\/uploads\/2025\/04\/MARINUCCI-RECIBIO-A-REFERENTES-DEL-AUTISMO-Y-REAFIRMO-SU-COMPROMISO-CON-LA-ACCESIBILIDAD-EN-EL-TRANSPORTE2.jpeg","type":"image\/jpeg"}],"author":"Hern\u00e1n L\u00f3pez","twitter_card":"summary_large_image","twitter_misc":{"Escrito por":"Hern\u00e1n L\u00f3pez","Tiempo de lectura":"3 minutos"},"schema":{"@context":"https:\/\/schema.org","@graph":[{"@type":"Article","@id":"https:\/\/diarioprincipios.com\/index.php\/2025\/04\/30\/la-provincia-trabaja-por-un-sistema-de-transporte-inclusivo\/#article","isPartOf":{"@id":"https:\/\/diarioprincipios.com\/index.php\/2025\/04\/30\/la-provincia-trabaja-por-un-sistema-de-transporte-inclusivo\/"},"author":{"name":"Hern\u00e1n L\u00f3pez","@id":"https:\/\/diarioprincipios.com\/#\/schema\/person\/436d5a1fd41a5e250e23ff5a6a7cb080"},"headline":"La Provincia trabaja por un Sistema de Transporte Inclusivo","datePublished":"2025-04-30T14:59:41+00:00","dateModified":"2025-04-30T14:59:42+00:00","mainEntityOfPage":{"@id":"https:\/\/diarioprincipios.com\/index.php\/2025\/04\/30\/la-provincia-trabaja-por-un-sistema-de-transporte-inclusivo\/"},"wordCount":559,"commentCount":0,"publisher":{"@id":"https:\/\/diarioprincipios.com\/#organization"},"image":{"@id":"https:\/\/diarioprincipios.com\/index.php\/2025\/04\/30\/la-provincia-trabaja-por-un-sistema-de-transporte-inclusivo\/#primaryimage"},"thumbnailUrl":"https:\/\/diarioprincipios.com\/wp-content\/uploads\/2025\/04\/MARINUCCI-RECIBIO-A-REFERENTES-DEL-AUTISMO-Y-REAFIRMO-SU-COMPROMISO-CON-LA-ACCESIBILIDAD-EN-EL-TRANSPORTE2.jpeg","articleSection":["Provincia"],"inLanguage":"es","potentialAction":[{"@type":"CommentAction","name":"Comment","target":["https:\/\/diarioprincipios.com\/index.php\/2025\/04\/30\/la-provincia-trabaja-por-un-sistema-de-transporte-inclusivo\/#respond"]}]},{"@type":"WebPage","@id":"https:\/\/diarioprincipios.com\/index.php\/2025\/04\/30\/la-provincia-trabaja-por-un-sistema-de-transporte-inclusivo\/","url":"https:\/\/diarioprincipios.com\/index.php\/2025\/04\/30\/la-provincia-trabaja-por-un-sistema-de-transporte-inclusivo\/","name":"La Provincia trabaja por un Sistema de Transporte Inclusivo - Principios","isPartOf":{"@id":"https:\/\/diarioprincipios.com\/#website"},"primaryImageOfPage":{"@id":"https:\/\/diarioprincipios.com\/index.php\/2025\/04\/30\/la-provincia-trabaja-por-un-sistema-de-transporte-inclusivo\/#primaryimage"},"image":{"@id":"https:\/\/diarioprincipios.com\/index.php\/2025\/04\/30\/la-provincia-trabaja-por-un-sistema-de-transporte-inclusivo\/#primaryimage"},"thumbnailUrl":"https:\/\/diarioprincipios.com\/wp-content\/uploads\/2025\/04\/MARINUCCI-RECIBIO-A-REFERENTES-DEL-AUTISMO-Y-REAFIRMO-SU-COMPROMISO-CON-LA-ACCESIBILIDAD-EN-EL-TRANSPORTE2.jpeg","datePublished":"2025-04-30T14:59:41+00:00","dateModified":"2025-04-30T14:59:42+00:00","breadcrumb":{"@id":"https:\/\/diarioprincipios.com\/index.php\/2025\/04\/30\/la-provincia-trabaja-por-un-sistema-de-transporte-inclusivo\/#breadcrumb"},"inLanguage":"es","potentialAction":[{"@type":"ReadAction","target":["https:\/\/diarioprincipios.com\/index.php\/2025\/04\/30\/la-provincia-trabaja-por-un-sistema-de-transporte-inclusivo\/"]}]},{"@type":"ImageObject","inLanguage":"es","@id":"https:\/\/diarioprincipios.com\/index.php\/2025\/04\/30\/la-provincia-trabaja-por-un-sistema-de-transporte-inclusivo\/#primaryimage","url":"https:\/\/diarioprincipios.com\/wp-content\/uploads\/2025\/04\/MARINUCCI-RECIBIO-A-REFERENTES-DEL-AUTISMO-Y-REAFIRMO-SU-COMPROMISO-CON-LA-ACCESIBILIDAD-EN-EL-TRANSPORTE2.jpeg","contentUrl":"https:\/\/diarioprincipios.com\/wp-content\/uploads\/2025\/04\/MARINUCCI-RECIBIO-A-REFERENTES-DEL-AUTISMO-Y-REAFIRMO-SU-COMPROMISO-CON-LA-ACCESIBILIDAD-EN-EL-TRANSPORTE2.jpeg","width":1280,"height":853},{"@type":"BreadcrumbList","@id":"https:\/\/diarioprincipios.com\/index.php\/2025\/04\/30\/la-provincia-trabaja-por-un-sistema-de-transporte-inclusivo\/#breadcrumb","itemListElement":[{"@type":"ListItem","position":1,"name":"Portada","item":"https:\/\/diarioprincipios.com\/"},{"@type":"ListItem","position":2,"name":"La Provincia trabaja por un Sistema de Transporte Inclusivo"}]},{"@type":"WebSite","@id":"https:\/\/diarioprincipios.com\/#website","url":"https:\/\/diarioprincipios.com\/","name":"Principios","description":"Principios Diario","publisher":{"@id":"https:\/\/diarioprincipios.com\/#organization"},"potentialAction":[{"@type":"SearchAction","target":{"@type":"EntryPoint","urlTemplate":"https:\/\/diarioprincipios.com\/?s={search_term_string}"},"query-input":{"@type":"PropertyValueSpecification","valueRequired":true,"valueName":"search_term_string"}}],"inLanguage":"es"},{"@type":"Organization","@id":"https:\/\/diarioprincipios.com\/#organization","name":"Principios","url":"https:\/\/diarioprincipios.com\/","logo":{"@type":"ImageObject","inLanguage":"es","@id":"https:\/\/diarioprincipios.com\/#\/schema\/logo\/image\/","url":"https:\/\/diarioprincipios.com\/wp-content\/uploads\/2024\/04\/cropped-www.diarioprincipios.com_-1.png","contentUrl":"https:\/\/diarioprincipios.com\/wp-content\/uploads\/2024\/04\/cropped-www.diarioprincipios.com_-1.png","width":5325,"height":1454,"caption":"Principios"},"image":{"@id":"https:\/\/diarioprincipios.com\/#\/schema\/logo\/image\/"}},{"@type":"Person","@id":"https:\/\/diarioprincipios.com\/#\/schema\/person\/436d5a1fd41a5e250e23ff5a6a7cb080","name":"Hern\u00e1n L\u00f3pez","image":{"@type":"ImageObject","inLanguage":"es","@id":"https:\/\/diarioprincipios.com\/wp-content\/litespeed\/avatar\/11ddfe5610ff3bd100522525b2571f48.jpg?ver=1777653193","url":"https:\/\/diarioprincipios.com\/wp-content\/litespeed\/avatar\/11ddfe5610ff3bd100522525b2571f48.jpg?ver=1777653193","contentUrl":"https:\/\/diarioprincipios.com\/wp-content\/litespeed\/avatar\/11ddfe5610ff3bd100522525b2571f48.jpg?ver=1777653193","caption":"Hern\u00e1n L\u00f3pez"},"url":"https:\/\/diarioprincipios.com\/index.php\/author\/hernan\/"}]}},"jetpack_featured_media_url":"https:\/\/diarioprincipios.com\/wp-content\/uploads\/2025\/04\/MARINUCCI-RECIBIO-A-REFERENTES-DEL-AUTISMO-Y-REAFIRMO-SU-COMPROMISO-CON-LA-ACCESIBILIDAD-EN-EL-TRANSPORTE2.jpeg","_links":{"self":[{"href":"https:\/\/diarioprincipios.com\/index.php\/wp-json\/wp\/v2\/posts\/24564","targetHints":{"allow":["GET"]}}],"collection":[{"href":"https:\/\/diarioprincipios.com\/index.php\/wp-json\/wp\/v2\/posts"}],"about":[{"href":"https:\/\/diarioprincipios.com\/index.php\/wp-json\/wp\/v2\/types\/post"}],"author":[{"embeddable":true,"href":"https:\/\/diarioprincipios.com\/index.php\/wp-json\/wp\/v2\/users\/2"}],"replies":[{"embeddable":true,"href":"https:\/\/diarioprincipios.com\/index.php\/wp-json\/wp\/v2\/comments?post=24564"}],"version-history":[{"count":1,"href":"https:\/\/diarioprincipios.com\/index.php\/wp-json\/wp\/v2\/posts\/24564\/revisions"}],"predecessor-version":[{"id":24566,"href":"https:\/\/diarioprincipios.com\/index.php\/wp-json\/wp\/v2\/posts\/24564\/revisions\/24566"}],"wp:featuredmedia":[{"embeddable":true,"href":"https:\/\/diarioprincipios.com\/index.php\/wp-json\/wp\/v2\/media\/24565"}],"wp:attachment":[{"href":"https:\/\/diarioprincipios.com\/index.php\/wp-json\/wp\/v2\/media?parent=24564"}],"wp:term":[{"taxonomy":"category","embeddable":true,"href":"https:\/\/diarioprincipios.com\/index.php\/wp-json\/wp\/v2\/categories?post=24564"},{"taxonomy":"post_tag","embeddable":true,"href":"https:\/\/diarioprincipios.com\/index.php\/wp-json\/wp\/v2\/tags?post=24564"}],"curies":[{"name":"wp","href":"https:\/\/api.w.org\/{rel}","templated":true}]}}