{"id":24554,"date":"2025-04-29T21:08:56","date_gmt":"2025-04-30T00:08:56","guid":{"rendered":"https:\/\/diarioprincipios.com\/?p=24554"},"modified":"2025-04-29T21:08:57","modified_gmt":"2025-04-30T00:08:57","slug":"plenario-de-la-cgt-regional-en-la-sede-del-stmb","status":"publish","type":"post","link":"https:\/\/diarioprincipios.com\/index.php\/2025\/04\/29\/plenario-de-la-cgt-regional-en-la-sede-del-stmb\/","title":{"rendered":"Plenario de la CGT Regional en la sede del STMB"},"content":{"rendered":"\n<p>Durante la tarde del lunes 28 de abril, se llev\u00f3 a cabo un nuevo plenario de la CGT Regional Quilmes, Berazategui y Florencio Varela en las instalaciones del Sindicato de Trabajadores Municipales de Berazategui (STMB). El encuentro reuni\u00f3 a representantes de m\u00e1s de 40 gremios, quienes abordaron diversas problem\u00e1ticas vinculadas a la coyuntura pol\u00edtico-gremial que atraviesan las organizaciones sindicales de la regi\u00f3n.<\/p>\n\n\n\n<figure class=\"wp-block-image size-large\"><img loading=\"lazy\" decoding=\"async\" width=\"1024\" height=\"1024\" src=\"https:\/\/diarioprincipios.com\/wp-content\/uploads\/2025\/04\/FB_IMG_1745958910044-1024x1024.jpg\" alt=\"\" class=\"wp-image-24555\" srcset=\"https:\/\/diarioprincipios.com\/wp-content\/uploads\/2025\/04\/FB_IMG_1745958910044-1024x1024.jpg 1024w, https:\/\/diarioprincipios.com\/wp-content\/uploads\/2025\/04\/FB_IMG_1745958910044-300x300.jpg 300w, https:\/\/diarioprincipios.com\/wp-content\/uploads\/2025\/04\/FB_IMG_1745958910044-150x150.jpg 150w, https:\/\/diarioprincipios.com\/wp-content\/uploads\/2025\/04\/FB_IMG_1745958910044-768x768.jpg 768w, https:\/\/diarioprincipios.com\/wp-content\/uploads\/2025\/04\/FB_IMG_1745958910044.jpg 1080w\" sizes=\"auto, (max-width: 1024px) 100vw, 1024px\" \/><\/figure>\n\n\n\n<p>La reuni\u00f3n fue encabezada por dos de los tres Secretarios Generales del triunvirato de conducci\u00f3n, Rub\u00e9n Zeballos y Fabi\u00e1n Salvatierra, junto a Gabriel Carril Campusano \u2014Secretario Gremial de la CGT regional y m\u00e1ximo referente del gremio anfitri\u00f3n\u2014 y Dar\u00edo D\u2019Aquino, Secretario Adjunto regional y representante de los municipales de Florencio Varela.<\/p>\n\n\n\n<figure class=\"wp-block-image size-large\"><img loading=\"lazy\" decoding=\"async\" width=\"1024\" height=\"1024\" src=\"https:\/\/diarioprincipios.com\/wp-content\/uploads\/2025\/04\/FB_IMG_1745958901406-1024x1024.jpg\" alt=\"\" class=\"wp-image-24556\" srcset=\"https:\/\/diarioprincipios.com\/wp-content\/uploads\/2025\/04\/FB_IMG_1745958901406-1024x1024.jpg 1024w, https:\/\/diarioprincipios.com\/wp-content\/uploads\/2025\/04\/FB_IMG_1745958901406-300x300.jpg 300w, https:\/\/diarioprincipios.com\/wp-content\/uploads\/2025\/04\/FB_IMG_1745958901406-150x150.jpg 150w, https:\/\/diarioprincipios.com\/wp-content\/uploads\/2025\/04\/FB_IMG_1745958901406-768x768.jpg 768w, https:\/\/diarioprincipios.com\/wp-content\/uploads\/2025\/04\/FB_IMG_1745958901406.jpg 1080w\" sizes=\"auto, (max-width: 1024px) 100vw, 1024px\" \/><\/figure>\n\n\n\n<p>Durante el plenario se analiz\u00f3 un informe detallado sobre la \u00faltima reuni\u00f3n de las regionales de la CGT en la sede nacional de la central obrera. Asimismo, se gener\u00f3 un enriquecedor debate sobre la actualidad pol\u00edtica tanto a nivel nacional como provincial.<\/p>\n\n\n\n<p>Tambi\u00e9n se realiz\u00f3 un repaso general sobre la situaci\u00f3n de cada uno de los gremios presentes, mediante la exposici\u00f3n individual de sus respectivos representantes.<\/p>\n","protected":false},"excerpt":{"rendered":"<p>Durante la tarde del lunes 28 de abril, se llev\u00f3 a cabo un nuevo plenario de la CGT Regional Quilmes, Berazategui y Florencio Varela en las instalaciones del Sindicato de Trabajadores Municipales de Berazategui (STMB). El encuentro reuni\u00f3 a representantes de m\u00e1s de 40 gremios, quienes abordaron diversas problem\u00e1ticas vinculadas a la coyuntura pol\u00edtico-gremial que&#8230;<\/p>\n","protected":false},"author":2,"featured_media":24557,"comment_status":"open","ping_status":"open","sticky":false,"template":"","format":"standard","meta":{"footnotes":""},"categories":[21,17],"tags":[],"class_list":["post-24554","post","type-post","status-publish","format-standard","has-post-thumbnail","hentry","category-gremiales","category-zona-sur"],"featured_image_src":"https:\/\/diarioprincipios.com\/wp-content\/uploads\/2025\/04\/FB_IMG_1745958904164-1024x1024.jpg","blog_images":{"medium":"https:\/\/diarioprincipios.com\/wp-content\/uploads\/2025\/04\/FB_IMG_1745958904164-300x300.jpg","large":"https:\/\/diarioprincipios.com\/wp-content\/uploads\/2025\/04\/FB_IMG_1745958904164-1024x1024.jpg"},"ams_acf":[],"yoast_head":"<!-- This site is optimized with the Yoast SEO plugin v27.3 - https:\/\/yoast.com\/product\/yoast-seo-wordpress\/ -->\n<title>Plenario de la CGT Regional en la sede del STMB - Principios<\/title>\n<meta name=\"robots\" content=\"index, follow, max-snippet:-1, max-image-preview:large, max-video-preview:-1\" \/>\n<link rel=\"canonical\" href=\"https:\/\/diarioprincipios.com\/index.php\/2025\/04\/29\/plenario-de-la-cgt-regional-en-la-sede-del-stmb\/\" \/>\n<meta property=\"og:locale\" content=\"es_ES\" \/>\n<meta property=\"og:type\" content=\"article\" \/>\n<meta property=\"og:title\" content=\"Plenario de la CGT Regional en la sede del STMB - Principios\" \/>\n<meta property=\"og:description\" content=\"Durante la tarde del lunes 28 de abril, se llev\u00f3 a cabo un nuevo plenario de la CGT Regional Quilmes, Berazategui y Florencio Varela en las instalaciones del Sindicato de Trabajadores Municipales de Berazategui (STMB). El encuentro reuni\u00f3 a representantes de m\u00e1s de 40 gremios, quienes abordaron diversas problem\u00e1ticas vinculadas a la coyuntura pol\u00edtico-gremial que...\" \/>\n<meta property=\"og:url\" content=\"https:\/\/diarioprincipios.com\/index.php\/2025\/04\/29\/plenario-de-la-cgt-regional-en-la-sede-del-stmb\/\" \/>\n<meta property=\"og:site_name\" content=\"Principios\" \/>\n<meta property=\"article:published_time\" content=\"2025-04-30T00:08:56+00:00\" \/>\n<meta property=\"article:modified_time\" content=\"2025-04-30T00:08:57+00:00\" \/>\n<meta property=\"og:image\" content=\"https:\/\/diarioprincipios.com\/wp-content\/uploads\/2025\/04\/FB_IMG_1745958904164.jpg\" \/>\n\t<meta property=\"og:image:width\" content=\"1080\" \/>\n\t<meta property=\"og:image:height\" content=\"1080\" \/>\n\t<meta property=\"og:image:type\" content=\"image\/jpeg\" \/>\n<meta name=\"author\" content=\"Hern\u00e1n L\u00f3pez\" \/>\n<meta name=\"twitter:card\" content=\"summary_large_image\" \/>\n<meta name=\"twitter:label1\" content=\"Escrito por\" \/>\n\t<meta name=\"twitter:data1\" content=\"Hern\u00e1n L\u00f3pez\" \/>\n\t<meta name=\"twitter:label2\" content=\"Tiempo de lectura\" \/>\n\t<meta name=\"twitter:data2\" content=\"2 minutos\" \/>\n<script type=\"application\/ld+json\" class=\"yoast-schema-graph\">{\"@context\":\"https:\\\/\\\/schema.org\",\"@graph\":[{\"@type\":\"Article\",\"@id\":\"https:\\\/\\\/diarioprincipios.com\\\/index.php\\\/2025\\\/04\\\/29\\\/plenario-de-la-cgt-regional-en-la-sede-del-stmb\\\/#article\",\"isPartOf\":{\"@id\":\"https:\\\/\\\/diarioprincipios.com\\\/index.php\\\/2025\\\/04\\\/29\\\/plenario-de-la-cgt-regional-en-la-sede-del-stmb\\\/\"},\"author\":{\"name\":\"Hern\u00e1n L\u00f3pez\",\"@id\":\"https:\\\/\\\/diarioprincipios.com\\\/#\\\/schema\\\/person\\\/436d5a1fd41a5e250e23ff5a6a7cb080\"},\"headline\":\"Plenario de la CGT Regional en la sede del STMB\",\"datePublished\":\"2025-04-30T00:08:56+00:00\",\"dateModified\":\"2025-04-30T00:08:57+00:00\",\"mainEntityOfPage\":{\"@id\":\"https:\\\/\\\/diarioprincipios.com\\\/index.php\\\/2025\\\/04\\\/29\\\/plenario-de-la-cgt-regional-en-la-sede-del-stmb\\\/\"},\"wordCount\":204,\"commentCount\":0,\"publisher\":{\"@id\":\"https:\\\/\\\/diarioprincipios.com\\\/#organization\"},\"image\":{\"@id\":\"https:\\\/\\\/diarioprincipios.com\\\/index.php\\\/2025\\\/04\\\/29\\\/plenario-de-la-cgt-regional-en-la-sede-del-stmb\\\/#primaryimage\"},\"thumbnailUrl\":\"https:\\\/\\\/diarioprincipios.com\\\/wp-content\\\/uploads\\\/2025\\\/04\\\/FB_IMG_1745958904164.jpg\",\"articleSection\":[\"Gremiales\",\"Zonar Sur\"],\"inLanguage\":\"es\",\"potentialAction\":[{\"@type\":\"CommentAction\",\"name\":\"Comment\",\"target\":[\"https:\\\/\\\/diarioprincipios.com\\\/index.php\\\/2025\\\/04\\\/29\\\/plenario-de-la-cgt-regional-en-la-sede-del-stmb\\\/#respond\"]}]},{\"@type\":\"WebPage\",\"@id\":\"https:\\\/\\\/diarioprincipios.com\\\/index.php\\\/2025\\\/04\\\/29\\\/plenario-de-la-cgt-regional-en-la-sede-del-stmb\\\/\",\"url\":\"https:\\\/\\\/diarioprincipios.com\\\/index.php\\\/2025\\\/04\\\/29\\\/plenario-de-la-cgt-regional-en-la-sede-del-stmb\\\/\",\"name\":\"Plenario de la CGT Regional en la sede del STMB - Principios\",\"isPartOf\":{\"@id\":\"https:\\\/\\\/diarioprincipios.com\\\/#website\"},\"primaryImageOfPage\":{\"@id\":\"https:\\\/\\\/diarioprincipios.com\\\/index.php\\\/2025\\\/04\\\/29\\\/plenario-de-la-cgt-regional-en-la-sede-del-stmb\\\/#primaryimage\"},\"image\":{\"@id\":\"https:\\\/\\\/diarioprincipios.com\\\/index.php\\\/2025\\\/04\\\/29\\\/plenario-de-la-cgt-regional-en-la-sede-del-stmb\\\/#primaryimage\"},\"thumbnailUrl\":\"https:\\\/\\\/diarioprincipios.com\\\/wp-content\\\/uploads\\\/2025\\\/04\\\/FB_IMG_1745958904164.jpg\",\"datePublished\":\"2025-04-30T00:08:56+00:00\",\"dateModified\":\"2025-04-30T00:08:57+00:00\",\"breadcrumb\":{\"@id\":\"https:\\\/\\\/diarioprincipios.com\\\/index.php\\\/2025\\\/04\\\/29\\\/plenario-de-la-cgt-regional-en-la-sede-del-stmb\\\/#breadcrumb\"},\"inLanguage\":\"es\",\"potentialAction\":[{\"@type\":\"ReadAction\",\"target\":[\"https:\\\/\\\/diarioprincipios.com\\\/index.php\\\/2025\\\/04\\\/29\\\/plenario-de-la-cgt-regional-en-la-sede-del-stmb\\\/\"]}]},{\"@type\":\"ImageObject\",\"inLanguage\":\"es\",\"@id\":\"https:\\\/\\\/diarioprincipios.com\\\/index.php\\\/2025\\\/04\\\/29\\\/plenario-de-la-cgt-regional-en-la-sede-del-stmb\\\/#primaryimage\",\"url\":\"https:\\\/\\\/diarioprincipios.com\\\/wp-content\\\/uploads\\\/2025\\\/04\\\/FB_IMG_1745958904164.jpg\",\"contentUrl\":\"https:\\\/\\\/diarioprincipios.com\\\/wp-content\\\/uploads\\\/2025\\\/04\\\/FB_IMG_1745958904164.jpg\",\"width\":1080,\"height\":1080},{\"@type\":\"BreadcrumbList\",\"@id\":\"https:\\\/\\\/diarioprincipios.com\\\/index.php\\\/2025\\\/04\\\/29\\\/plenario-de-la-cgt-regional-en-la-sede-del-stmb\\\/#breadcrumb\",\"itemListElement\":[{\"@type\":\"ListItem\",\"position\":1,\"name\":\"Portada\",\"item\":\"https:\\\/\\\/diarioprincipios.com\\\/\"},{\"@type\":\"ListItem\",\"position\":2,\"name\":\"Plenario de la CGT Regional en la sede del STMB\"}]},{\"@type\":\"WebSite\",\"@id\":\"https:\\\/\\\/diarioprincipios.com\\\/#website\",\"url\":\"https:\\\/\\\/diarioprincipios.com\\\/\",\"name\":\"Principios\",\"description\":\"Principios Diario\",\"publisher\":{\"@id\":\"https:\\\/\\\/diarioprincipios.com\\\/#organization\"},\"potentialAction\":[{\"@type\":\"SearchAction\",\"target\":{\"@type\":\"EntryPoint\",\"urlTemplate\":\"https:\\\/\\\/diarioprincipios.com\\\/?s={search_term_string}\"},\"query-input\":{\"@type\":\"PropertyValueSpecification\",\"valueRequired\":true,\"valueName\":\"search_term_string\"}}],\"inLanguage\":\"es\"},{\"@type\":\"Organization\",\"@id\":\"https:\\\/\\\/diarioprincipios.com\\\/#organization\",\"name\":\"Principios\",\"url\":\"https:\\\/\\\/diarioprincipios.com\\\/\",\"logo\":{\"@type\":\"ImageObject\",\"inLanguage\":\"es\",\"@id\":\"https:\\\/\\\/diarioprincipios.com\\\/#\\\/schema\\\/logo\\\/image\\\/\",\"url\":\"https:\\\/\\\/diarioprincipios.com\\\/wp-content\\\/uploads\\\/2024\\\/04\\\/cropped-www.diarioprincipios.com_-1.png\",\"contentUrl\":\"https:\\\/\\\/diarioprincipios.com\\\/wp-content\\\/uploads\\\/2024\\\/04\\\/cropped-www.diarioprincipios.com_-1.png\",\"width\":5325,\"height\":1454,\"caption\":\"Principios\"},\"image\":{\"@id\":\"https:\\\/\\\/diarioprincipios.com\\\/#\\\/schema\\\/logo\\\/image\\\/\"}},{\"@type\":\"Person\",\"@id\":\"https:\\\/\\\/diarioprincipios.com\\\/#\\\/schema\\\/person\\\/436d5a1fd41a5e250e23ff5a6a7cb080\",\"name\":\"Hern\u00e1n L\u00f3pez\",\"image\":{\"@type\":\"ImageObject\",\"inLanguage\":\"es\",\"@id\":\"https:\\\/\\\/diarioprincipios.com\\\/wp-content\\\/litespeed\\\/avatar\\\/11ddfe5610ff3bd100522525b2571f48.jpg?ver=1777653193\",\"url\":\"https:\\\/\\\/diarioprincipios.com\\\/wp-content\\\/litespeed\\\/avatar\\\/11ddfe5610ff3bd100522525b2571f48.jpg?ver=1777653193\",\"contentUrl\":\"https:\\\/\\\/diarioprincipios.com\\\/wp-content\\\/litespeed\\\/avatar\\\/11ddfe5610ff3bd100522525b2571f48.jpg?ver=1777653193\",\"caption\":\"Hern\u00e1n L\u00f3pez\"},\"url\":\"https:\\\/\\\/diarioprincipios.com\\\/index.php\\\/author\\\/hernan\\\/\"}]}<\/script>\n<!-- \/ Yoast SEO plugin. -->","yoast_head_json":{"title":"Plenario de la CGT Regional en la sede del STMB - Principios","robots":{"index":"index","follow":"follow","max-snippet":"max-snippet:-1","max-image-preview":"max-image-preview:large","max-video-preview":"max-video-preview:-1"},"canonical":"https:\/\/diarioprincipios.com\/index.php\/2025\/04\/29\/plenario-de-la-cgt-regional-en-la-sede-del-stmb\/","og_locale":"es_ES","og_type":"article","og_title":"Plenario de la CGT Regional en la sede del STMB - Principios","og_description":"Durante la tarde del lunes 28 de abril, se llev\u00f3 a cabo un nuevo plenario de la CGT Regional Quilmes, Berazategui y Florencio Varela en las instalaciones del Sindicato de Trabajadores Municipales de Berazategui (STMB). El encuentro reuni\u00f3 a representantes de m\u00e1s de 40 gremios, quienes abordaron diversas problem\u00e1ticas vinculadas a la coyuntura pol\u00edtico-gremial que...","og_url":"https:\/\/diarioprincipios.com\/index.php\/2025\/04\/29\/plenario-de-la-cgt-regional-en-la-sede-del-stmb\/","og_site_name":"Principios","article_published_time":"2025-04-30T00:08:56+00:00","article_modified_time":"2025-04-30T00:08:57+00:00","og_image":[{"width":1080,"height":1080,"url":"https:\/\/diarioprincipios.com\/wp-content\/uploads\/2025\/04\/FB_IMG_1745958904164.jpg","type":"image\/jpeg"}],"author":"Hern\u00e1n L\u00f3pez","twitter_card":"summary_large_image","twitter_misc":{"Escrito por":"Hern\u00e1n L\u00f3pez","Tiempo de lectura":"2 minutos"},"schema":{"@context":"https:\/\/schema.org","@graph":[{"@type":"Article","@id":"https:\/\/diarioprincipios.com\/index.php\/2025\/04\/29\/plenario-de-la-cgt-regional-en-la-sede-del-stmb\/#article","isPartOf":{"@id":"https:\/\/diarioprincipios.com\/index.php\/2025\/04\/29\/plenario-de-la-cgt-regional-en-la-sede-del-stmb\/"},"author":{"name":"Hern\u00e1n L\u00f3pez","@id":"https:\/\/diarioprincipios.com\/#\/schema\/person\/436d5a1fd41a5e250e23ff5a6a7cb080"},"headline":"Plenario de la CGT Regional en la sede del STMB","datePublished":"2025-04-30T00:08:56+00:00","dateModified":"2025-04-30T00:08:57+00:00","mainEntityOfPage":{"@id":"https:\/\/diarioprincipios.com\/index.php\/2025\/04\/29\/plenario-de-la-cgt-regional-en-la-sede-del-stmb\/"},"wordCount":204,"commentCount":0,"publisher":{"@id":"https:\/\/diarioprincipios.com\/#organization"},"image":{"@id":"https:\/\/diarioprincipios.com\/index.php\/2025\/04\/29\/plenario-de-la-cgt-regional-en-la-sede-del-stmb\/#primaryimage"},"thumbnailUrl":"https:\/\/diarioprincipios.com\/wp-content\/uploads\/2025\/04\/FB_IMG_1745958904164.jpg","articleSection":["Gremiales","Zonar Sur"],"inLanguage":"es","potentialAction":[{"@type":"CommentAction","name":"Comment","target":["https:\/\/diarioprincipios.com\/index.php\/2025\/04\/29\/plenario-de-la-cgt-regional-en-la-sede-del-stmb\/#respond"]}]},{"@type":"WebPage","@id":"https:\/\/diarioprincipios.com\/index.php\/2025\/04\/29\/plenario-de-la-cgt-regional-en-la-sede-del-stmb\/","url":"https:\/\/diarioprincipios.com\/index.php\/2025\/04\/29\/plenario-de-la-cgt-regional-en-la-sede-del-stmb\/","name":"Plenario de la CGT Regional en la sede del STMB - Principios","isPartOf":{"@id":"https:\/\/diarioprincipios.com\/#website"},"primaryImageOfPage":{"@id":"https:\/\/diarioprincipios.com\/index.php\/2025\/04\/29\/plenario-de-la-cgt-regional-en-la-sede-del-stmb\/#primaryimage"},"image":{"@id":"https:\/\/diarioprincipios.com\/index.php\/2025\/04\/29\/plenario-de-la-cgt-regional-en-la-sede-del-stmb\/#primaryimage"},"thumbnailUrl":"https:\/\/diarioprincipios.com\/wp-content\/uploads\/2025\/04\/FB_IMG_1745958904164.jpg","datePublished":"2025-04-30T00:08:56+00:00","dateModified":"2025-04-30T00:08:57+00:00","breadcrumb":{"@id":"https:\/\/diarioprincipios.com\/index.php\/2025\/04\/29\/plenario-de-la-cgt-regional-en-la-sede-del-stmb\/#breadcrumb"},"inLanguage":"es","potentialAction":[{"@type":"ReadAction","target":["https:\/\/diarioprincipios.com\/index.php\/2025\/04\/29\/plenario-de-la-cgt-regional-en-la-sede-del-stmb\/"]}]},{"@type":"ImageObject","inLanguage":"es","@id":"https:\/\/diarioprincipios.com\/index.php\/2025\/04\/29\/plenario-de-la-cgt-regional-en-la-sede-del-stmb\/#primaryimage","url":"https:\/\/diarioprincipios.com\/wp-content\/uploads\/2025\/04\/FB_IMG_1745958904164.jpg","contentUrl":"https:\/\/diarioprincipios.com\/wp-content\/uploads\/2025\/04\/FB_IMG_1745958904164.jpg","width":1080,"height":1080},{"@type":"BreadcrumbList","@id":"https:\/\/diarioprincipios.com\/index.php\/2025\/04\/29\/plenario-de-la-cgt-regional-en-la-sede-del-stmb\/#breadcrumb","itemListElement":[{"@type":"ListItem","position":1,"name":"Portada","item":"https:\/\/diarioprincipios.com\/"},{"@type":"ListItem","position":2,"name":"Plenario de la CGT Regional en la sede del STMB"}]},{"@type":"WebSite","@id":"https:\/\/diarioprincipios.com\/#website","url":"https:\/\/diarioprincipios.com\/","name":"Principios","description":"Principios Diario","publisher":{"@id":"https:\/\/diarioprincipios.com\/#organization"},"potentialAction":[{"@type":"SearchAction","target":{"@type":"EntryPoint","urlTemplate":"https:\/\/diarioprincipios.com\/?s={search_term_string}"},"query-input":{"@type":"PropertyValueSpecification","valueRequired":true,"valueName":"search_term_string"}}],"inLanguage":"es"},{"@type":"Organization","@id":"https:\/\/diarioprincipios.com\/#organization","name":"Principios","url":"https:\/\/diarioprincipios.com\/","logo":{"@type":"ImageObject","inLanguage":"es","@id":"https:\/\/diarioprincipios.com\/#\/schema\/logo\/image\/","url":"https:\/\/diarioprincipios.com\/wp-content\/uploads\/2024\/04\/cropped-www.diarioprincipios.com_-1.png","contentUrl":"https:\/\/diarioprincipios.com\/wp-content\/uploads\/2024\/04\/cropped-www.diarioprincipios.com_-1.png","width":5325,"height":1454,"caption":"Principios"},"image":{"@id":"https:\/\/diarioprincipios.com\/#\/schema\/logo\/image\/"}},{"@type":"Person","@id":"https:\/\/diarioprincipios.com\/#\/schema\/person\/436d5a1fd41a5e250e23ff5a6a7cb080","name":"Hern\u00e1n L\u00f3pez","image":{"@type":"ImageObject","inLanguage":"es","@id":"https:\/\/diarioprincipios.com\/wp-content\/litespeed\/avatar\/11ddfe5610ff3bd100522525b2571f48.jpg?ver=1777653193","url":"https:\/\/diarioprincipios.com\/wp-content\/litespeed\/avatar\/11ddfe5610ff3bd100522525b2571f48.jpg?ver=1777653193","contentUrl":"https:\/\/diarioprincipios.com\/wp-content\/litespeed\/avatar\/11ddfe5610ff3bd100522525b2571f48.jpg?ver=1777653193","caption":"Hern\u00e1n L\u00f3pez"},"url":"https:\/\/diarioprincipios.com\/index.php\/author\/hernan\/"}]}},"jetpack_featured_media_url":"https:\/\/diarioprincipios.com\/wp-content\/uploads\/2025\/04\/FB_IMG_1745958904164.jpg","_links":{"self":[{"href":"https:\/\/diarioprincipios.com\/index.php\/wp-json\/wp\/v2\/posts\/24554","targetHints":{"allow":["GET"]}}],"collection":[{"href":"https:\/\/diarioprincipios.com\/index.php\/wp-json\/wp\/v2\/posts"}],"about":[{"href":"https:\/\/diarioprincipios.com\/index.php\/wp-json\/wp\/v2\/types\/post"}],"author":[{"embeddable":true,"href":"https:\/\/diarioprincipios.com\/index.php\/wp-json\/wp\/v2\/users\/2"}],"replies":[{"embeddable":true,"href":"https:\/\/diarioprincipios.com\/index.php\/wp-json\/wp\/v2\/comments?post=24554"}],"version-history":[{"count":1,"href":"https:\/\/diarioprincipios.com\/index.php\/wp-json\/wp\/v2\/posts\/24554\/revisions"}],"predecessor-version":[{"id":24558,"href":"https:\/\/diarioprincipios.com\/index.php\/wp-json\/wp\/v2\/posts\/24554\/revisions\/24558"}],"wp:featuredmedia":[{"embeddable":true,"href":"https:\/\/diarioprincipios.com\/index.php\/wp-json\/wp\/v2\/media\/24557"}],"wp:attachment":[{"href":"https:\/\/diarioprincipios.com\/index.php\/wp-json\/wp\/v2\/media?parent=24554"}],"wp:term":[{"taxonomy":"category","embeddable":true,"href":"https:\/\/diarioprincipios.com\/index.php\/wp-json\/wp\/v2\/categories?post=24554"},{"taxonomy":"post_tag","embeddable":true,"href":"https:\/\/diarioprincipios.com\/index.php\/wp-json\/wp\/v2\/tags?post=24554"}],"curies":[{"name":"wp","href":"https:\/\/api.w.org\/{rel}","templated":true}]}}