{"id":24548,"date":"2025-04-29T20:55:15","date_gmt":"2025-04-29T23:55:15","guid":{"rendered":"https:\/\/diarioprincipios.com\/?p=24548"},"modified":"2025-04-29T20:55:16","modified_gmt":"2025-04-29T23:55:16","slug":"apoyo-a-la-marcha-de-la-cgt-e-importantes-anuncios-de-comercio","status":"publish","type":"post","link":"https:\/\/diarioprincipios.com\/index.php\/2025\/04\/29\/apoyo-a-la-marcha-de-la-cgt-e-importantes-anuncios-de-comercio\/","title":{"rendered":"Apoyo a la marcha de la CGT e importantes anuncios de Comercio"},"content":{"rendered":"\n<p>El Secretario General del Centro de Empleados de Comercio de Quilmes, Berazategui y Varela, Roberto \u00abMata\u00bb Rodriguez, encabez\u00f3 este martes por la tarde una reuni\u00f3n con delegados de los trabajadores y miembros de la Comisi\u00f3n Directiva en el predio recreativo de la ribera quilme\u00f1a, en la cual anunci\u00f3 un fuerte acompa\u00f1amiento a la movilizaci\u00f3n de ma\u00f1ana convocada por la CGT y realiz\u00f3 importantes anuncios.<\/p>\n\n\n\n<figure class=\"wp-block-image size-large\"><img loading=\"lazy\" decoding=\"async\" width=\"1024\" height=\"576\" src=\"https:\/\/diarioprincipios.com\/wp-content\/uploads\/2025\/04\/IMG-20250429-WA0073-1024x576.jpg\" alt=\"\" class=\"wp-image-24549\" srcset=\"https:\/\/diarioprincipios.com\/wp-content\/uploads\/2025\/04\/IMG-20250429-WA0073-1024x576.jpg 1024w, https:\/\/diarioprincipios.com\/wp-content\/uploads\/2025\/04\/IMG-20250429-WA0073-300x169.jpg 300w, https:\/\/diarioprincipios.com\/wp-content\/uploads\/2025\/04\/IMG-20250429-WA0073-768x432.jpg 768w, https:\/\/diarioprincipios.com\/wp-content\/uploads\/2025\/04\/IMG-20250429-WA0073.jpg 1280w\" sizes=\"auto, (max-width: 1024px) 100vw, 1024px\" \/><\/figure>\n\n\n\n<p><br>\u00bb Ma\u00f1ana (mi\u00e9rcoles 30) es un d\u00eda visagra porque tambi\u00e9n entendemos que la Federaci\u00f3n estar\u00e1 movilizando y queremos estar presentes. Calculamos que vamos a estar movilizando unos 10.000 trabajadores\u00bb, anunci\u00f3 Rodriguez, agregando que \u00abqueremos decirle a este gobierno que lo que est\u00e1 mal est\u00e1 mal, que queremos un Estado presente, que brinde seguridad, que nos de acceso a cultura y capacitaci\u00f3n, y que nos brinde salud por sobre todas las cosas, porque la Salud en la Argentina se paga en pesos y lamentablemente el que nos da la Salud nos cobra en d\u00f3lares\u00bb<\/p>\n\n\n\n<p>RECORRIDA Y ANUNCIOS<\/p>\n\n\n\n<p>Previamente, el Secretario General del Centro de Empleados de Comercio realiz\u00f3 junto a periodistas y la comitiva que lo acompa\u00f1aba, una recorrida por el hermoso predio de la Ribera y aprovech\u00f3 para hacer importantes anuncios: \u00abla semana entrante tenemos una reuni\u00f3n con el gobernador Kicillof para ver si nos agiliza un cr\u00e9dito para hacerle una pileta a este camping o un complejo de piletas\u00bb.<\/p>\n\n\n\n<figure class=\"wp-block-image size-large\"><img loading=\"lazy\" decoding=\"async\" width=\"1024\" height=\"770\" src=\"https:\/\/diarioprincipios.com\/wp-content\/uploads\/2025\/04\/IMG-20250429-WA0074-1024x770.jpg\" alt=\"\" class=\"wp-image-24550\" srcset=\"https:\/\/diarioprincipios.com\/wp-content\/uploads\/2025\/04\/IMG-20250429-WA0074-1024x770.jpg 1024w, https:\/\/diarioprincipios.com\/wp-content\/uploads\/2025\/04\/IMG-20250429-WA0074-300x226.jpg 300w, https:\/\/diarioprincipios.com\/wp-content\/uploads\/2025\/04\/IMG-20250429-WA0074-768x578.jpg 768w, https:\/\/diarioprincipios.com\/wp-content\/uploads\/2025\/04\/IMG-20250429-WA0074.jpg 1280w\" sizes=\"auto, (max-width: 1024px) 100vw, 1024px\" \/><\/figure>\n\n\n\n<p><br>Acot\u00f3 que \u00bb la idea es hacerle a la gente de Quilmes un complejo de piletas que nos permita el esparcimiento y de la manera que est\u00e1 acostumbrado, la gente quiere cosas buenas y nosotros nos hemos acostumbrado a las cosas buenas\u00bb.<br>A\u00f1adi\u00f3 que \u00abtambi\u00e9n queremos hacer un sal\u00f3n de eventos, ya que tenemo una excelente ubicaci\u00f3n cerca de la Autopista a mitad de La Plata y Buenos Aires.<br>El \u00abMata\u00bb tuvo un p\u00e1rrafo especial para destacar el trabajo del Centro de Formaci\u00f3n Profesional que preside Germ\u00e1n Santamar\u00eda, \u00abentregamos 800, 900 t\u00edtulos por a\u00f1o y le ofrecemos a la gente la oportunidad de capacitarse porque la Argentina necesita gente que trabaje\u00bb.<\/p>\n\n\n\n<figure class=\"wp-block-image size-large\"><img loading=\"lazy\" decoding=\"async\" width=\"1024\" height=\"770\" src=\"https:\/\/diarioprincipios.com\/wp-content\/uploads\/2025\/04\/IMG-20250429-WA0080-1024x770.jpg\" alt=\"\" class=\"wp-image-24551\" srcset=\"https:\/\/diarioprincipios.com\/wp-content\/uploads\/2025\/04\/IMG-20250429-WA0080-1024x770.jpg 1024w, https:\/\/diarioprincipios.com\/wp-content\/uploads\/2025\/04\/IMG-20250429-WA0080-300x226.jpg 300w, https:\/\/diarioprincipios.com\/wp-content\/uploads\/2025\/04\/IMG-20250429-WA0080-768x578.jpg 768w, https:\/\/diarioprincipios.com\/wp-content\/uploads\/2025\/04\/IMG-20250429-WA0080.jpg 1280w\" sizes=\"auto, (max-width: 1024px) 100vw, 1024px\" \/><\/figure>\n\n\n\n<p><br>El dirigente se refiri\u00f3 adem\u00e1s a las elecciones que tendr\u00e1 el gremio este a\u00f1o sosteniendo que \u00bb uno se siente orgulloso de ser parte de este equipo que sigue trabajando denodadamente con la gente y con el empleado de comercio por sobre todas las cosas. La idea es juntarnos con el cuerpo de delegados, con la gente del consejo directivo y ver qui\u00e9n va a seguir, si los compa\u00f1eros creen que tenemos que seguir, vamos a seguir, entonces, ante todo, quiero manejar el gremio con proyectos ambiciosos, que la gente se sienta orgulloso de ser empleado de comercio\u00bb.<br>Roberto \u00abMata\u00bb Rodriguez anunci\u00f3 por \u00faltimo que \u00abestamos habilitando la Farmacia de Florencio Valera y de Solano. Son salarios diferidos, porque a la gente si no le ponen una farmacia sindical tiene que pagar m\u00e1s en las cadenas de farmacias\u00bb.<\/p>\n","protected":false},"excerpt":{"rendered":"<p>El Secretario General del Centro de Empleados de Comercio de Quilmes, Berazategui y Varela, Roberto \u00abMata\u00bb Rodriguez, encabez\u00f3 este martes por la tarde una reuni\u00f3n con delegados de los trabajadores y miembros de la Comisi\u00f3n Directiva en el predio recreativo de la ribera quilme\u00f1a, en la cual anunci\u00f3 un fuerte acompa\u00f1amiento a la movilizaci\u00f3n de&#8230;<\/p>\n","protected":false},"author":2,"featured_media":24552,"comment_status":"open","ping_status":"open","sticky":false,"template":"","format":"standard","meta":{"footnotes":""},"categories":[21,17],"tags":[],"class_list":["post-24548","post","type-post","status-publish","format-standard","has-post-thumbnail","hentry","category-gremiales","category-zona-sur"],"featured_image_src":"https:\/\/diarioprincipios.com\/wp-content\/uploads\/2025\/04\/IMG-20250429-WA0071-1024x770.jpg","blog_images":{"medium":"https:\/\/diarioprincipios.com\/wp-content\/uploads\/2025\/04\/IMG-20250429-WA0071-300x226.jpg","large":"https:\/\/diarioprincipios.com\/wp-content\/uploads\/2025\/04\/IMG-20250429-WA0071-1024x770.jpg"},"ams_acf":[],"yoast_head":"<!-- This site is optimized with the Yoast SEO plugin v27.3 - https:\/\/yoast.com\/product\/yoast-seo-wordpress\/ -->\n<title>Apoyo a la marcha de la CGT e importantes anuncios de Comercio - Principios<\/title>\n<meta name=\"robots\" content=\"index, follow, max-snippet:-1, max-image-preview:large, max-video-preview:-1\" \/>\n<link rel=\"canonical\" href=\"https:\/\/diarioprincipios.com\/index.php\/2025\/04\/29\/apoyo-a-la-marcha-de-la-cgt-e-importantes-anuncios-de-comercio\/\" \/>\n<meta property=\"og:locale\" content=\"es_ES\" \/>\n<meta property=\"og:type\" content=\"article\" \/>\n<meta property=\"og:title\" content=\"Apoyo a la marcha de la CGT e importantes anuncios de Comercio - Principios\" \/>\n<meta property=\"og:description\" content=\"El Secretario General del Centro de Empleados de Comercio de Quilmes, Berazategui y Varela, Roberto \u00abMata\u00bb Rodriguez, encabez\u00f3 este martes por la tarde una reuni\u00f3n con delegados de los trabajadores y miembros de la Comisi\u00f3n Directiva en el predio recreativo de la ribera quilme\u00f1a, en la cual anunci\u00f3 un fuerte acompa\u00f1amiento a la movilizaci\u00f3n de...\" \/>\n<meta property=\"og:url\" content=\"https:\/\/diarioprincipios.com\/index.php\/2025\/04\/29\/apoyo-a-la-marcha-de-la-cgt-e-importantes-anuncios-de-comercio\/\" \/>\n<meta property=\"og:site_name\" content=\"Principios\" \/>\n<meta property=\"article:published_time\" content=\"2025-04-29T23:55:15+00:00\" \/>\n<meta property=\"article:modified_time\" content=\"2025-04-29T23:55:16+00:00\" \/>\n<meta property=\"og:image\" content=\"https:\/\/diarioprincipios.com\/wp-content\/uploads\/2025\/04\/IMG-20250429-WA0071.jpg\" \/>\n\t<meta property=\"og:image:width\" content=\"1280\" \/>\n\t<meta property=\"og:image:height\" content=\"963\" \/>\n\t<meta property=\"og:image:type\" content=\"image\/jpeg\" \/>\n<meta name=\"author\" content=\"Hern\u00e1n L\u00f3pez\" \/>\n<meta name=\"twitter:card\" content=\"summary_large_image\" \/>\n<meta name=\"twitter:label1\" content=\"Escrito por\" \/>\n\t<meta name=\"twitter:data1\" content=\"Hern\u00e1n L\u00f3pez\" \/>\n\t<meta name=\"twitter:label2\" content=\"Tiempo de lectura\" \/>\n\t<meta name=\"twitter:data2\" content=\"3 minutos\" \/>\n<script type=\"application\/ld+json\" class=\"yoast-schema-graph\">{\"@context\":\"https:\\\/\\\/schema.org\",\"@graph\":[{\"@type\":\"Article\",\"@id\":\"https:\\\/\\\/diarioprincipios.com\\\/index.php\\\/2025\\\/04\\\/29\\\/apoyo-a-la-marcha-de-la-cgt-e-importantes-anuncios-de-comercio\\\/#article\",\"isPartOf\":{\"@id\":\"https:\\\/\\\/diarioprincipios.com\\\/index.php\\\/2025\\\/04\\\/29\\\/apoyo-a-la-marcha-de-la-cgt-e-importantes-anuncios-de-comercio\\\/\"},\"author\":{\"name\":\"Hern\u00e1n L\u00f3pez\",\"@id\":\"https:\\\/\\\/diarioprincipios.com\\\/#\\\/schema\\\/person\\\/436d5a1fd41a5e250e23ff5a6a7cb080\"},\"headline\":\"Apoyo a la marcha de la CGT e importantes anuncios de Comercio\",\"datePublished\":\"2025-04-29T23:55:15+00:00\",\"dateModified\":\"2025-04-29T23:55:16+00:00\",\"mainEntityOfPage\":{\"@id\":\"https:\\\/\\\/diarioprincipios.com\\\/index.php\\\/2025\\\/04\\\/29\\\/apoyo-a-la-marcha-de-la-cgt-e-importantes-anuncios-de-comercio\\\/\"},\"wordCount\":509,\"commentCount\":0,\"publisher\":{\"@id\":\"https:\\\/\\\/diarioprincipios.com\\\/#organization\"},\"image\":{\"@id\":\"https:\\\/\\\/diarioprincipios.com\\\/index.php\\\/2025\\\/04\\\/29\\\/apoyo-a-la-marcha-de-la-cgt-e-importantes-anuncios-de-comercio\\\/#primaryimage\"},\"thumbnailUrl\":\"https:\\\/\\\/diarioprincipios.com\\\/wp-content\\\/uploads\\\/2025\\\/04\\\/IMG-20250429-WA0071.jpg\",\"articleSection\":[\"Gremiales\",\"Zonar Sur\"],\"inLanguage\":\"es\",\"potentialAction\":[{\"@type\":\"CommentAction\",\"name\":\"Comment\",\"target\":[\"https:\\\/\\\/diarioprincipios.com\\\/index.php\\\/2025\\\/04\\\/29\\\/apoyo-a-la-marcha-de-la-cgt-e-importantes-anuncios-de-comercio\\\/#respond\"]}]},{\"@type\":\"WebPage\",\"@id\":\"https:\\\/\\\/diarioprincipios.com\\\/index.php\\\/2025\\\/04\\\/29\\\/apoyo-a-la-marcha-de-la-cgt-e-importantes-anuncios-de-comercio\\\/\",\"url\":\"https:\\\/\\\/diarioprincipios.com\\\/index.php\\\/2025\\\/04\\\/29\\\/apoyo-a-la-marcha-de-la-cgt-e-importantes-anuncios-de-comercio\\\/\",\"name\":\"Apoyo a la marcha de la CGT e importantes anuncios de Comercio - Principios\",\"isPartOf\":{\"@id\":\"https:\\\/\\\/diarioprincipios.com\\\/#website\"},\"primaryImageOfPage\":{\"@id\":\"https:\\\/\\\/diarioprincipios.com\\\/index.php\\\/2025\\\/04\\\/29\\\/apoyo-a-la-marcha-de-la-cgt-e-importantes-anuncios-de-comercio\\\/#primaryimage\"},\"image\":{\"@id\":\"https:\\\/\\\/diarioprincipios.com\\\/index.php\\\/2025\\\/04\\\/29\\\/apoyo-a-la-marcha-de-la-cgt-e-importantes-anuncios-de-comercio\\\/#primaryimage\"},\"thumbnailUrl\":\"https:\\\/\\\/diarioprincipios.com\\\/wp-content\\\/uploads\\\/2025\\\/04\\\/IMG-20250429-WA0071.jpg\",\"datePublished\":\"2025-04-29T23:55:15+00:00\",\"dateModified\":\"2025-04-29T23:55:16+00:00\",\"breadcrumb\":{\"@id\":\"https:\\\/\\\/diarioprincipios.com\\\/index.php\\\/2025\\\/04\\\/29\\\/apoyo-a-la-marcha-de-la-cgt-e-importantes-anuncios-de-comercio\\\/#breadcrumb\"},\"inLanguage\":\"es\",\"potentialAction\":[{\"@type\":\"ReadAction\",\"target\":[\"https:\\\/\\\/diarioprincipios.com\\\/index.php\\\/2025\\\/04\\\/29\\\/apoyo-a-la-marcha-de-la-cgt-e-importantes-anuncios-de-comercio\\\/\"]}]},{\"@type\":\"ImageObject\",\"inLanguage\":\"es\",\"@id\":\"https:\\\/\\\/diarioprincipios.com\\\/index.php\\\/2025\\\/04\\\/29\\\/apoyo-a-la-marcha-de-la-cgt-e-importantes-anuncios-de-comercio\\\/#primaryimage\",\"url\":\"https:\\\/\\\/diarioprincipios.com\\\/wp-content\\\/uploads\\\/2025\\\/04\\\/IMG-20250429-WA0071.jpg\",\"contentUrl\":\"https:\\\/\\\/diarioprincipios.com\\\/wp-content\\\/uploads\\\/2025\\\/04\\\/IMG-20250429-WA0071.jpg\",\"width\":1280,\"height\":963},{\"@type\":\"BreadcrumbList\",\"@id\":\"https:\\\/\\\/diarioprincipios.com\\\/index.php\\\/2025\\\/04\\\/29\\\/apoyo-a-la-marcha-de-la-cgt-e-importantes-anuncios-de-comercio\\\/#breadcrumb\",\"itemListElement\":[{\"@type\":\"ListItem\",\"position\":1,\"name\":\"Portada\",\"item\":\"https:\\\/\\\/diarioprincipios.com\\\/\"},{\"@type\":\"ListItem\",\"position\":2,\"name\":\"Apoyo a la marcha de la CGT e importantes anuncios de Comercio\"}]},{\"@type\":\"WebSite\",\"@id\":\"https:\\\/\\\/diarioprincipios.com\\\/#website\",\"url\":\"https:\\\/\\\/diarioprincipios.com\\\/\",\"name\":\"Principios\",\"description\":\"Principios Diario\",\"publisher\":{\"@id\":\"https:\\\/\\\/diarioprincipios.com\\\/#organization\"},\"potentialAction\":[{\"@type\":\"SearchAction\",\"target\":{\"@type\":\"EntryPoint\",\"urlTemplate\":\"https:\\\/\\\/diarioprincipios.com\\\/?s={search_term_string}\"},\"query-input\":{\"@type\":\"PropertyValueSpecification\",\"valueRequired\":true,\"valueName\":\"search_term_string\"}}],\"inLanguage\":\"es\"},{\"@type\":\"Organization\",\"@id\":\"https:\\\/\\\/diarioprincipios.com\\\/#organization\",\"name\":\"Principios\",\"url\":\"https:\\\/\\\/diarioprincipios.com\\\/\",\"logo\":{\"@type\":\"ImageObject\",\"inLanguage\":\"es\",\"@id\":\"https:\\\/\\\/diarioprincipios.com\\\/#\\\/schema\\\/logo\\\/image\\\/\",\"url\":\"https:\\\/\\\/diarioprincipios.com\\\/wp-content\\\/uploads\\\/2024\\\/04\\\/cropped-www.diarioprincipios.com_-1.png\",\"contentUrl\":\"https:\\\/\\\/diarioprincipios.com\\\/wp-content\\\/uploads\\\/2024\\\/04\\\/cropped-www.diarioprincipios.com_-1.png\",\"width\":5325,\"height\":1454,\"caption\":\"Principios\"},\"image\":{\"@id\":\"https:\\\/\\\/diarioprincipios.com\\\/#\\\/schema\\\/logo\\\/image\\\/\"}},{\"@type\":\"Person\",\"@id\":\"https:\\\/\\\/diarioprincipios.com\\\/#\\\/schema\\\/person\\\/436d5a1fd41a5e250e23ff5a6a7cb080\",\"name\":\"Hern\u00e1n L\u00f3pez\",\"image\":{\"@type\":\"ImageObject\",\"inLanguage\":\"es\",\"@id\":\"https:\\\/\\\/diarioprincipios.com\\\/wp-content\\\/litespeed\\\/avatar\\\/11ddfe5610ff3bd100522525b2571f48.jpg?ver=1777653193\",\"url\":\"https:\\\/\\\/diarioprincipios.com\\\/wp-content\\\/litespeed\\\/avatar\\\/11ddfe5610ff3bd100522525b2571f48.jpg?ver=1777653193\",\"contentUrl\":\"https:\\\/\\\/diarioprincipios.com\\\/wp-content\\\/litespeed\\\/avatar\\\/11ddfe5610ff3bd100522525b2571f48.jpg?ver=1777653193\",\"caption\":\"Hern\u00e1n L\u00f3pez\"},\"url\":\"https:\\\/\\\/diarioprincipios.com\\\/index.php\\\/author\\\/hernan\\\/\"}]}<\/script>\n<!-- \/ Yoast SEO plugin. -->","yoast_head_json":{"title":"Apoyo a la marcha de la CGT e importantes anuncios de Comercio - Principios","robots":{"index":"index","follow":"follow","max-snippet":"max-snippet:-1","max-image-preview":"max-image-preview:large","max-video-preview":"max-video-preview:-1"},"canonical":"https:\/\/diarioprincipios.com\/index.php\/2025\/04\/29\/apoyo-a-la-marcha-de-la-cgt-e-importantes-anuncios-de-comercio\/","og_locale":"es_ES","og_type":"article","og_title":"Apoyo a la marcha de la CGT e importantes anuncios de Comercio - Principios","og_description":"El Secretario General del Centro de Empleados de Comercio de Quilmes, Berazategui y Varela, Roberto \u00abMata\u00bb Rodriguez, encabez\u00f3 este martes por la tarde una reuni\u00f3n con delegados de los trabajadores y miembros de la Comisi\u00f3n Directiva en el predio recreativo de la ribera quilme\u00f1a, en la cual anunci\u00f3 un fuerte acompa\u00f1amiento a la movilizaci\u00f3n de...","og_url":"https:\/\/diarioprincipios.com\/index.php\/2025\/04\/29\/apoyo-a-la-marcha-de-la-cgt-e-importantes-anuncios-de-comercio\/","og_site_name":"Principios","article_published_time":"2025-04-29T23:55:15+00:00","article_modified_time":"2025-04-29T23:55:16+00:00","og_image":[{"width":1280,"height":963,"url":"https:\/\/diarioprincipios.com\/wp-content\/uploads\/2025\/04\/IMG-20250429-WA0071.jpg","type":"image\/jpeg"}],"author":"Hern\u00e1n L\u00f3pez","twitter_card":"summary_large_image","twitter_misc":{"Escrito por":"Hern\u00e1n L\u00f3pez","Tiempo de lectura":"3 minutos"},"schema":{"@context":"https:\/\/schema.org","@graph":[{"@type":"Article","@id":"https:\/\/diarioprincipios.com\/index.php\/2025\/04\/29\/apoyo-a-la-marcha-de-la-cgt-e-importantes-anuncios-de-comercio\/#article","isPartOf":{"@id":"https:\/\/diarioprincipios.com\/index.php\/2025\/04\/29\/apoyo-a-la-marcha-de-la-cgt-e-importantes-anuncios-de-comercio\/"},"author":{"name":"Hern\u00e1n L\u00f3pez","@id":"https:\/\/diarioprincipios.com\/#\/schema\/person\/436d5a1fd41a5e250e23ff5a6a7cb080"},"headline":"Apoyo a la marcha de la CGT e importantes anuncios de Comercio","datePublished":"2025-04-29T23:55:15+00:00","dateModified":"2025-04-29T23:55:16+00:00","mainEntityOfPage":{"@id":"https:\/\/diarioprincipios.com\/index.php\/2025\/04\/29\/apoyo-a-la-marcha-de-la-cgt-e-importantes-anuncios-de-comercio\/"},"wordCount":509,"commentCount":0,"publisher":{"@id":"https:\/\/diarioprincipios.com\/#organization"},"image":{"@id":"https:\/\/diarioprincipios.com\/index.php\/2025\/04\/29\/apoyo-a-la-marcha-de-la-cgt-e-importantes-anuncios-de-comercio\/#primaryimage"},"thumbnailUrl":"https:\/\/diarioprincipios.com\/wp-content\/uploads\/2025\/04\/IMG-20250429-WA0071.jpg","articleSection":["Gremiales","Zonar Sur"],"inLanguage":"es","potentialAction":[{"@type":"CommentAction","name":"Comment","target":["https:\/\/diarioprincipios.com\/index.php\/2025\/04\/29\/apoyo-a-la-marcha-de-la-cgt-e-importantes-anuncios-de-comercio\/#respond"]}]},{"@type":"WebPage","@id":"https:\/\/diarioprincipios.com\/index.php\/2025\/04\/29\/apoyo-a-la-marcha-de-la-cgt-e-importantes-anuncios-de-comercio\/","url":"https:\/\/diarioprincipios.com\/index.php\/2025\/04\/29\/apoyo-a-la-marcha-de-la-cgt-e-importantes-anuncios-de-comercio\/","name":"Apoyo a la marcha de la CGT e importantes anuncios de Comercio - Principios","isPartOf":{"@id":"https:\/\/diarioprincipios.com\/#website"},"primaryImageOfPage":{"@id":"https:\/\/diarioprincipios.com\/index.php\/2025\/04\/29\/apoyo-a-la-marcha-de-la-cgt-e-importantes-anuncios-de-comercio\/#primaryimage"},"image":{"@id":"https:\/\/diarioprincipios.com\/index.php\/2025\/04\/29\/apoyo-a-la-marcha-de-la-cgt-e-importantes-anuncios-de-comercio\/#primaryimage"},"thumbnailUrl":"https:\/\/diarioprincipios.com\/wp-content\/uploads\/2025\/04\/IMG-20250429-WA0071.jpg","datePublished":"2025-04-29T23:55:15+00:00","dateModified":"2025-04-29T23:55:16+00:00","breadcrumb":{"@id":"https:\/\/diarioprincipios.com\/index.php\/2025\/04\/29\/apoyo-a-la-marcha-de-la-cgt-e-importantes-anuncios-de-comercio\/#breadcrumb"},"inLanguage":"es","potentialAction":[{"@type":"ReadAction","target":["https:\/\/diarioprincipios.com\/index.php\/2025\/04\/29\/apoyo-a-la-marcha-de-la-cgt-e-importantes-anuncios-de-comercio\/"]}]},{"@type":"ImageObject","inLanguage":"es","@id":"https:\/\/diarioprincipios.com\/index.php\/2025\/04\/29\/apoyo-a-la-marcha-de-la-cgt-e-importantes-anuncios-de-comercio\/#primaryimage","url":"https:\/\/diarioprincipios.com\/wp-content\/uploads\/2025\/04\/IMG-20250429-WA0071.jpg","contentUrl":"https:\/\/diarioprincipios.com\/wp-content\/uploads\/2025\/04\/IMG-20250429-WA0071.jpg","width":1280,"height":963},{"@type":"BreadcrumbList","@id":"https:\/\/diarioprincipios.com\/index.php\/2025\/04\/29\/apoyo-a-la-marcha-de-la-cgt-e-importantes-anuncios-de-comercio\/#breadcrumb","itemListElement":[{"@type":"ListItem","position":1,"name":"Portada","item":"https:\/\/diarioprincipios.com\/"},{"@type":"ListItem","position":2,"name":"Apoyo a la marcha de la CGT e importantes anuncios de Comercio"}]},{"@type":"WebSite","@id":"https:\/\/diarioprincipios.com\/#website","url":"https:\/\/diarioprincipios.com\/","name":"Principios","description":"Principios Diario","publisher":{"@id":"https:\/\/diarioprincipios.com\/#organization"},"potentialAction":[{"@type":"SearchAction","target":{"@type":"EntryPoint","urlTemplate":"https:\/\/diarioprincipios.com\/?s={search_term_string}"},"query-input":{"@type":"PropertyValueSpecification","valueRequired":true,"valueName":"search_term_string"}}],"inLanguage":"es"},{"@type":"Organization","@id":"https:\/\/diarioprincipios.com\/#organization","name":"Principios","url":"https:\/\/diarioprincipios.com\/","logo":{"@type":"ImageObject","inLanguage":"es","@id":"https:\/\/diarioprincipios.com\/#\/schema\/logo\/image\/","url":"https:\/\/diarioprincipios.com\/wp-content\/uploads\/2024\/04\/cropped-www.diarioprincipios.com_-1.png","contentUrl":"https:\/\/diarioprincipios.com\/wp-content\/uploads\/2024\/04\/cropped-www.diarioprincipios.com_-1.png","width":5325,"height":1454,"caption":"Principios"},"image":{"@id":"https:\/\/diarioprincipios.com\/#\/schema\/logo\/image\/"}},{"@type":"Person","@id":"https:\/\/diarioprincipios.com\/#\/schema\/person\/436d5a1fd41a5e250e23ff5a6a7cb080","name":"Hern\u00e1n L\u00f3pez","image":{"@type":"ImageObject","inLanguage":"es","@id":"https:\/\/diarioprincipios.com\/wp-content\/litespeed\/avatar\/11ddfe5610ff3bd100522525b2571f48.jpg?ver=1777653193","url":"https:\/\/diarioprincipios.com\/wp-content\/litespeed\/avatar\/11ddfe5610ff3bd100522525b2571f48.jpg?ver=1777653193","contentUrl":"https:\/\/diarioprincipios.com\/wp-content\/litespeed\/avatar\/11ddfe5610ff3bd100522525b2571f48.jpg?ver=1777653193","caption":"Hern\u00e1n L\u00f3pez"},"url":"https:\/\/diarioprincipios.com\/index.php\/author\/hernan\/"}]}},"jetpack_featured_media_url":"https:\/\/diarioprincipios.com\/wp-content\/uploads\/2025\/04\/IMG-20250429-WA0071.jpg","_links":{"self":[{"href":"https:\/\/diarioprincipios.com\/index.php\/wp-json\/wp\/v2\/posts\/24548","targetHints":{"allow":["GET"]}}],"collection":[{"href":"https:\/\/diarioprincipios.com\/index.php\/wp-json\/wp\/v2\/posts"}],"about":[{"href":"https:\/\/diarioprincipios.com\/index.php\/wp-json\/wp\/v2\/types\/post"}],"author":[{"embeddable":true,"href":"https:\/\/diarioprincipios.com\/index.php\/wp-json\/wp\/v2\/users\/2"}],"replies":[{"embeddable":true,"href":"https:\/\/diarioprincipios.com\/index.php\/wp-json\/wp\/v2\/comments?post=24548"}],"version-history":[{"count":1,"href":"https:\/\/diarioprincipios.com\/index.php\/wp-json\/wp\/v2\/posts\/24548\/revisions"}],"predecessor-version":[{"id":24553,"href":"https:\/\/diarioprincipios.com\/index.php\/wp-json\/wp\/v2\/posts\/24548\/revisions\/24553"}],"wp:featuredmedia":[{"embeddable":true,"href":"https:\/\/diarioprincipios.com\/index.php\/wp-json\/wp\/v2\/media\/24552"}],"wp:attachment":[{"href":"https:\/\/diarioprincipios.com\/index.php\/wp-json\/wp\/v2\/media?parent=24548"}],"wp:term":[{"taxonomy":"category","embeddable":true,"href":"https:\/\/diarioprincipios.com\/index.php\/wp-json\/wp\/v2\/categories?post=24548"},{"taxonomy":"post_tag","embeddable":true,"href":"https:\/\/diarioprincipios.com\/index.php\/wp-json\/wp\/v2\/tags?post=24548"}],"curies":[{"name":"wp","href":"https:\/\/api.w.org\/{rel}","templated":true}]}}