{"id":24536,"date":"2025-04-28T11:11:47","date_gmt":"2025-04-28T14:11:47","guid":{"rendered":"https:\/\/diarioprincipios.com\/?p=24536"},"modified":"2025-04-28T11:11:48","modified_gmt":"2025-04-28T14:11:48","slug":"mas-operativos-de-limpieza-en-los-barrios-3","status":"publish","type":"post","link":"https:\/\/diarioprincipios.com\/index.php\/2025\/04\/28\/mas-operativos-de-limpieza-en-los-barrios-3\/","title":{"rendered":"M\u00e1s Operativos de Limpieza en los barrios"},"content":{"rendered":"\n<p><strong>Entre el 18 y el 24 de abril, el \u00e1rea de Higiene Urbana de la Secretar\u00eda de Obras P\u00fablicas realiz\u00f3 operativos de limpieza y recolecci\u00f3n de residuos en los barrios, para seguir eliminando puntos de arrojo clandestinos.<\/strong>\u00a0De esta manera, los trabajadores municipales recorren todos los d\u00edas el distrito, equipados con veh\u00edculos, maquinarias y herramientas para llevar a cabo las tareas de limpieza y recolecci\u00f3n, con el fin de conservar un entorno limpio y saludable para la comunidad.\u00a0Viernes 18\/04: Av. 14 desde Au. Bs. As. &#8211; La Plata hasta Av. N\u00e9stor Kirchner, Estaciones ferroviarias de Pl\u00e1tanos y Ranelagh.\u00a0S\u00e1bado 19\/04: Los Ciruelos, Los Manzanos y San Juan Pereyra.\u00a0Domingo 20\/04: Av. 14 y Au. Bs. As- La Plata, Gral. Mosconi y Estaci\u00f3n Pl\u00e1tanos.\u00a0Lunes 21\/04: Comandante Ramos, El Progreso y Pl\u00e1tanos Norte.\u00a0Martes 22\/04: Comandante Ramos, El Progreso, Pl\u00e1tanos Norte, Villa Chingolo, Santa Rosa y Barrio Americano.\u00a0Mi\u00e9rcoles 23\/04: Av. 14 y Au. Bs. As. &#8211; La Plata, Villa Chingolo, Santa Rosa y Villa Giambruno.\u00a0Jueves 24\/04: Villa Chingolo, Santa Rosa, Almirante Brown y San Marcos.<br>Desde el Municipio se recuerda que el horario para sacar los residuos domiciliarios debidamente embolsados, al cesto de la puerta de las viviendas, es de domingo a viernes (los s\u00e1bados no), de 19.00 a 21.00. Aquellos que sean voluminosos o no convencionales, como ramas, escombros, chatarra, artefactos electr\u00f3nicos, muebles, entre otros, pueden llevarse al Centro Municipal de Gesti\u00f3n Sustentable, donde recibir\u00e1n su tratamiento adecuado. Este espacio, ubicado en Av. Padre Mugica (33) y 162, abre de lunes a viernes de 6.00 a 16.00; y los s\u00e1bados de 6.00 a 13.00.<br>Asimismo, la Municipalidad informa que se aplican sanciones para aquellas personas que arrojen basura en la v\u00eda p\u00fablica, generen basurales a cielo abierto o no cumplan con las medidas sanitarias y urbanas correspondientes en calles, veredas y propiedades privadas. Los vecinos y vecinas de Berazategui pueden denunciar en el momento a quienes ensucian, llamando al 0800-999-2525\/0247 (Centro de Operaciones Municipal -COM-). Atiende todos los d\u00edas, las 24 horas.<\/p>\n","protected":false},"excerpt":{"rendered":"<p>Entre el 18 y el 24 de abril, el \u00e1rea de Higiene Urbana de la Secretar\u00eda de Obras P\u00fablicas realiz\u00f3 operativos de limpieza y recolecci\u00f3n de residuos en los barrios, para seguir eliminando puntos de arrojo clandestinos.\u00a0De esta manera, los trabajadores municipales recorren todos los d\u00edas el distrito, equipados con veh\u00edculos, maquinarias y herramientas para&#8230;<\/p>\n","protected":false},"author":2,"featured_media":24537,"comment_status":"open","ping_status":"open","sticky":false,"template":"","format":"standard","meta":{"footnotes":""},"categories":[3],"tags":[],"class_list":["post-24536","post","type-post","status-publish","format-standard","has-post-thumbnail","hentry","category-berazategui"],"featured_image_src":"https:\/\/diarioprincipios.com\/wp-content\/uploads\/2025\/04\/MAS-OPERATIVOS-DE-LIMPIEZA-EN-LOS-BARRIOS-DE-BERAZATEGUI-2-1024x576.jpg","blog_images":{"medium":"https:\/\/diarioprincipios.com\/wp-content\/uploads\/2025\/04\/MAS-OPERATIVOS-DE-LIMPIEZA-EN-LOS-BARRIOS-DE-BERAZATEGUI-2-300x169.jpg","large":"https:\/\/diarioprincipios.com\/wp-content\/uploads\/2025\/04\/MAS-OPERATIVOS-DE-LIMPIEZA-EN-LOS-BARRIOS-DE-BERAZATEGUI-2-1024x576.jpg"},"ams_acf":[],"yoast_head":"<!-- This site is optimized with the Yoast SEO plugin v27.3 - https:\/\/yoast.com\/product\/yoast-seo-wordpress\/ -->\n<title>M\u00e1s Operativos de Limpieza en los barrios - Principios<\/title>\n<meta name=\"robots\" content=\"index, follow, max-snippet:-1, max-image-preview:large, max-video-preview:-1\" \/>\n<link rel=\"canonical\" href=\"https:\/\/diarioprincipios.com\/index.php\/2025\/04\/28\/mas-operativos-de-limpieza-en-los-barrios-3\/\" \/>\n<meta property=\"og:locale\" content=\"es_ES\" \/>\n<meta property=\"og:type\" content=\"article\" \/>\n<meta property=\"og:title\" content=\"M\u00e1s Operativos de Limpieza en los barrios - Principios\" \/>\n<meta property=\"og:description\" content=\"Entre el 18 y el 24 de abril, el \u00e1rea de Higiene Urbana de la Secretar\u00eda de Obras P\u00fablicas realiz\u00f3 operativos de limpieza y recolecci\u00f3n de residuos en los barrios, para seguir eliminando puntos de arrojo clandestinos.\u00a0De esta manera, los trabajadores municipales recorren todos los d\u00edas el distrito, equipados con veh\u00edculos, maquinarias y herramientas para...\" \/>\n<meta property=\"og:url\" content=\"https:\/\/diarioprincipios.com\/index.php\/2025\/04\/28\/mas-operativos-de-limpieza-en-los-barrios-3\/\" \/>\n<meta property=\"og:site_name\" content=\"Principios\" \/>\n<meta property=\"article:published_time\" content=\"2025-04-28T14:11:47+00:00\" \/>\n<meta property=\"article:modified_time\" content=\"2025-04-28T14:11:48+00:00\" \/>\n<meta property=\"og:image\" content=\"https:\/\/diarioprincipios.com\/wp-content\/uploads\/2025\/04\/MAS-OPERATIVOS-DE-LIMPIEZA-EN-LOS-BARRIOS-DE-BERAZATEGUI-2.jpg\" \/>\n\t<meta property=\"og:image:width\" content=\"1600\" \/>\n\t<meta property=\"og:image:height\" content=\"900\" \/>\n\t<meta property=\"og:image:type\" content=\"image\/jpeg\" \/>\n<meta name=\"author\" content=\"Hern\u00e1n L\u00f3pez\" \/>\n<meta name=\"twitter:card\" content=\"summary_large_image\" \/>\n<meta name=\"twitter:label1\" content=\"Escrito por\" \/>\n\t<meta name=\"twitter:data1\" content=\"Hern\u00e1n L\u00f3pez\" \/>\n\t<meta name=\"twitter:label2\" content=\"Tiempo de lectura\" \/>\n\t<meta name=\"twitter:data2\" content=\"2 minutos\" \/>\n<script type=\"application\/ld+json\" class=\"yoast-schema-graph\">{\"@context\":\"https:\\\/\\\/schema.org\",\"@graph\":[{\"@type\":\"Article\",\"@id\":\"https:\\\/\\\/diarioprincipios.com\\\/index.php\\\/2025\\\/04\\\/28\\\/mas-operativos-de-limpieza-en-los-barrios-3\\\/#article\",\"isPartOf\":{\"@id\":\"https:\\\/\\\/diarioprincipios.com\\\/index.php\\\/2025\\\/04\\\/28\\\/mas-operativos-de-limpieza-en-los-barrios-3\\\/\"},\"author\":{\"name\":\"Hern\u00e1n L\u00f3pez\",\"@id\":\"https:\\\/\\\/diarioprincipios.com\\\/#\\\/schema\\\/person\\\/436d5a1fd41a5e250e23ff5a6a7cb080\"},\"headline\":\"M\u00e1s Operativos de Limpieza en los barrios\",\"datePublished\":\"2025-04-28T14:11:47+00:00\",\"dateModified\":\"2025-04-28T14:11:48+00:00\",\"mainEntityOfPage\":{\"@id\":\"https:\\\/\\\/diarioprincipios.com\\\/index.php\\\/2025\\\/04\\\/28\\\/mas-operativos-de-limpieza-en-los-barrios-3\\\/\"},\"wordCount\":345,\"commentCount\":0,\"publisher\":{\"@id\":\"https:\\\/\\\/diarioprincipios.com\\\/#organization\"},\"image\":{\"@id\":\"https:\\\/\\\/diarioprincipios.com\\\/index.php\\\/2025\\\/04\\\/28\\\/mas-operativos-de-limpieza-en-los-barrios-3\\\/#primaryimage\"},\"thumbnailUrl\":\"https:\\\/\\\/diarioprincipios.com\\\/wp-content\\\/uploads\\\/2025\\\/04\\\/MAS-OPERATIVOS-DE-LIMPIEZA-EN-LOS-BARRIOS-DE-BERAZATEGUI-2.jpg\",\"articleSection\":[\"Berazategui\"],\"inLanguage\":\"es\",\"potentialAction\":[{\"@type\":\"CommentAction\",\"name\":\"Comment\",\"target\":[\"https:\\\/\\\/diarioprincipios.com\\\/index.php\\\/2025\\\/04\\\/28\\\/mas-operativos-de-limpieza-en-los-barrios-3\\\/#respond\"]}]},{\"@type\":\"WebPage\",\"@id\":\"https:\\\/\\\/diarioprincipios.com\\\/index.php\\\/2025\\\/04\\\/28\\\/mas-operativos-de-limpieza-en-los-barrios-3\\\/\",\"url\":\"https:\\\/\\\/diarioprincipios.com\\\/index.php\\\/2025\\\/04\\\/28\\\/mas-operativos-de-limpieza-en-los-barrios-3\\\/\",\"name\":\"M\u00e1s Operativos de Limpieza en los barrios - Principios\",\"isPartOf\":{\"@id\":\"https:\\\/\\\/diarioprincipios.com\\\/#website\"},\"primaryImageOfPage\":{\"@id\":\"https:\\\/\\\/diarioprincipios.com\\\/index.php\\\/2025\\\/04\\\/28\\\/mas-operativos-de-limpieza-en-los-barrios-3\\\/#primaryimage\"},\"image\":{\"@id\":\"https:\\\/\\\/diarioprincipios.com\\\/index.php\\\/2025\\\/04\\\/28\\\/mas-operativos-de-limpieza-en-los-barrios-3\\\/#primaryimage\"},\"thumbnailUrl\":\"https:\\\/\\\/diarioprincipios.com\\\/wp-content\\\/uploads\\\/2025\\\/04\\\/MAS-OPERATIVOS-DE-LIMPIEZA-EN-LOS-BARRIOS-DE-BERAZATEGUI-2.jpg\",\"datePublished\":\"2025-04-28T14:11:47+00:00\",\"dateModified\":\"2025-04-28T14:11:48+00:00\",\"breadcrumb\":{\"@id\":\"https:\\\/\\\/diarioprincipios.com\\\/index.php\\\/2025\\\/04\\\/28\\\/mas-operativos-de-limpieza-en-los-barrios-3\\\/#breadcrumb\"},\"inLanguage\":\"es\",\"potentialAction\":[{\"@type\":\"ReadAction\",\"target\":[\"https:\\\/\\\/diarioprincipios.com\\\/index.php\\\/2025\\\/04\\\/28\\\/mas-operativos-de-limpieza-en-los-barrios-3\\\/\"]}]},{\"@type\":\"ImageObject\",\"inLanguage\":\"es\",\"@id\":\"https:\\\/\\\/diarioprincipios.com\\\/index.php\\\/2025\\\/04\\\/28\\\/mas-operativos-de-limpieza-en-los-barrios-3\\\/#primaryimage\",\"url\":\"https:\\\/\\\/diarioprincipios.com\\\/wp-content\\\/uploads\\\/2025\\\/04\\\/MAS-OPERATIVOS-DE-LIMPIEZA-EN-LOS-BARRIOS-DE-BERAZATEGUI-2.jpg\",\"contentUrl\":\"https:\\\/\\\/diarioprincipios.com\\\/wp-content\\\/uploads\\\/2025\\\/04\\\/MAS-OPERATIVOS-DE-LIMPIEZA-EN-LOS-BARRIOS-DE-BERAZATEGUI-2.jpg\",\"width\":1600,\"height\":900},{\"@type\":\"BreadcrumbList\",\"@id\":\"https:\\\/\\\/diarioprincipios.com\\\/index.php\\\/2025\\\/04\\\/28\\\/mas-operativos-de-limpieza-en-los-barrios-3\\\/#breadcrumb\",\"itemListElement\":[{\"@type\":\"ListItem\",\"position\":1,\"name\":\"Portada\",\"item\":\"https:\\\/\\\/diarioprincipios.com\\\/\"},{\"@type\":\"ListItem\",\"position\":2,\"name\":\"M\u00e1s Operativos de Limpieza en los barrios\"}]},{\"@type\":\"WebSite\",\"@id\":\"https:\\\/\\\/diarioprincipios.com\\\/#website\",\"url\":\"https:\\\/\\\/diarioprincipios.com\\\/\",\"name\":\"Principios\",\"description\":\"Principios Diario\",\"publisher\":{\"@id\":\"https:\\\/\\\/diarioprincipios.com\\\/#organization\"},\"potentialAction\":[{\"@type\":\"SearchAction\",\"target\":{\"@type\":\"EntryPoint\",\"urlTemplate\":\"https:\\\/\\\/diarioprincipios.com\\\/?s={search_term_string}\"},\"query-input\":{\"@type\":\"PropertyValueSpecification\",\"valueRequired\":true,\"valueName\":\"search_term_string\"}}],\"inLanguage\":\"es\"},{\"@type\":\"Organization\",\"@id\":\"https:\\\/\\\/diarioprincipios.com\\\/#organization\",\"name\":\"Principios\",\"url\":\"https:\\\/\\\/diarioprincipios.com\\\/\",\"logo\":{\"@type\":\"ImageObject\",\"inLanguage\":\"es\",\"@id\":\"https:\\\/\\\/diarioprincipios.com\\\/#\\\/schema\\\/logo\\\/image\\\/\",\"url\":\"https:\\\/\\\/diarioprincipios.com\\\/wp-content\\\/uploads\\\/2024\\\/04\\\/cropped-www.diarioprincipios.com_-1.png\",\"contentUrl\":\"https:\\\/\\\/diarioprincipios.com\\\/wp-content\\\/uploads\\\/2024\\\/04\\\/cropped-www.diarioprincipios.com_-1.png\",\"width\":5325,\"height\":1454,\"caption\":\"Principios\"},\"image\":{\"@id\":\"https:\\\/\\\/diarioprincipios.com\\\/#\\\/schema\\\/logo\\\/image\\\/\"}},{\"@type\":\"Person\",\"@id\":\"https:\\\/\\\/diarioprincipios.com\\\/#\\\/schema\\\/person\\\/436d5a1fd41a5e250e23ff5a6a7cb080\",\"name\":\"Hern\u00e1n L\u00f3pez\",\"image\":{\"@type\":\"ImageObject\",\"inLanguage\":\"es\",\"@id\":\"https:\\\/\\\/diarioprincipios.com\\\/wp-content\\\/litespeed\\\/avatar\\\/11ddfe5610ff3bd100522525b2571f48.jpg?ver=1777653193\",\"url\":\"https:\\\/\\\/diarioprincipios.com\\\/wp-content\\\/litespeed\\\/avatar\\\/11ddfe5610ff3bd100522525b2571f48.jpg?ver=1777653193\",\"contentUrl\":\"https:\\\/\\\/diarioprincipios.com\\\/wp-content\\\/litespeed\\\/avatar\\\/11ddfe5610ff3bd100522525b2571f48.jpg?ver=1777653193\",\"caption\":\"Hern\u00e1n L\u00f3pez\"},\"url\":\"https:\\\/\\\/diarioprincipios.com\\\/index.php\\\/author\\\/hernan\\\/\"}]}<\/script>\n<!-- \/ Yoast SEO plugin. -->","yoast_head_json":{"title":"M\u00e1s Operativos de Limpieza en los barrios - Principios","robots":{"index":"index","follow":"follow","max-snippet":"max-snippet:-1","max-image-preview":"max-image-preview:large","max-video-preview":"max-video-preview:-1"},"canonical":"https:\/\/diarioprincipios.com\/index.php\/2025\/04\/28\/mas-operativos-de-limpieza-en-los-barrios-3\/","og_locale":"es_ES","og_type":"article","og_title":"M\u00e1s Operativos de Limpieza en los barrios - Principios","og_description":"Entre el 18 y el 24 de abril, el \u00e1rea de Higiene Urbana de la Secretar\u00eda de Obras P\u00fablicas realiz\u00f3 operativos de limpieza y recolecci\u00f3n de residuos en los barrios, para seguir eliminando puntos de arrojo clandestinos.\u00a0De esta manera, los trabajadores municipales recorren todos los d\u00edas el distrito, equipados con veh\u00edculos, maquinarias y herramientas para...","og_url":"https:\/\/diarioprincipios.com\/index.php\/2025\/04\/28\/mas-operativos-de-limpieza-en-los-barrios-3\/","og_site_name":"Principios","article_published_time":"2025-04-28T14:11:47+00:00","article_modified_time":"2025-04-28T14:11:48+00:00","og_image":[{"width":1600,"height":900,"url":"https:\/\/diarioprincipios.com\/wp-content\/uploads\/2025\/04\/MAS-OPERATIVOS-DE-LIMPIEZA-EN-LOS-BARRIOS-DE-BERAZATEGUI-2.jpg","type":"image\/jpeg"}],"author":"Hern\u00e1n L\u00f3pez","twitter_card":"summary_large_image","twitter_misc":{"Escrito por":"Hern\u00e1n L\u00f3pez","Tiempo de lectura":"2 minutos"},"schema":{"@context":"https:\/\/schema.org","@graph":[{"@type":"Article","@id":"https:\/\/diarioprincipios.com\/index.php\/2025\/04\/28\/mas-operativos-de-limpieza-en-los-barrios-3\/#article","isPartOf":{"@id":"https:\/\/diarioprincipios.com\/index.php\/2025\/04\/28\/mas-operativos-de-limpieza-en-los-barrios-3\/"},"author":{"name":"Hern\u00e1n L\u00f3pez","@id":"https:\/\/diarioprincipios.com\/#\/schema\/person\/436d5a1fd41a5e250e23ff5a6a7cb080"},"headline":"M\u00e1s Operativos de Limpieza en los barrios","datePublished":"2025-04-28T14:11:47+00:00","dateModified":"2025-04-28T14:11:48+00:00","mainEntityOfPage":{"@id":"https:\/\/diarioprincipios.com\/index.php\/2025\/04\/28\/mas-operativos-de-limpieza-en-los-barrios-3\/"},"wordCount":345,"commentCount":0,"publisher":{"@id":"https:\/\/diarioprincipios.com\/#organization"},"image":{"@id":"https:\/\/diarioprincipios.com\/index.php\/2025\/04\/28\/mas-operativos-de-limpieza-en-los-barrios-3\/#primaryimage"},"thumbnailUrl":"https:\/\/diarioprincipios.com\/wp-content\/uploads\/2025\/04\/MAS-OPERATIVOS-DE-LIMPIEZA-EN-LOS-BARRIOS-DE-BERAZATEGUI-2.jpg","articleSection":["Berazategui"],"inLanguage":"es","potentialAction":[{"@type":"CommentAction","name":"Comment","target":["https:\/\/diarioprincipios.com\/index.php\/2025\/04\/28\/mas-operativos-de-limpieza-en-los-barrios-3\/#respond"]}]},{"@type":"WebPage","@id":"https:\/\/diarioprincipios.com\/index.php\/2025\/04\/28\/mas-operativos-de-limpieza-en-los-barrios-3\/","url":"https:\/\/diarioprincipios.com\/index.php\/2025\/04\/28\/mas-operativos-de-limpieza-en-los-barrios-3\/","name":"M\u00e1s Operativos de Limpieza en los barrios - Principios","isPartOf":{"@id":"https:\/\/diarioprincipios.com\/#website"},"primaryImageOfPage":{"@id":"https:\/\/diarioprincipios.com\/index.php\/2025\/04\/28\/mas-operativos-de-limpieza-en-los-barrios-3\/#primaryimage"},"image":{"@id":"https:\/\/diarioprincipios.com\/index.php\/2025\/04\/28\/mas-operativos-de-limpieza-en-los-barrios-3\/#primaryimage"},"thumbnailUrl":"https:\/\/diarioprincipios.com\/wp-content\/uploads\/2025\/04\/MAS-OPERATIVOS-DE-LIMPIEZA-EN-LOS-BARRIOS-DE-BERAZATEGUI-2.jpg","datePublished":"2025-04-28T14:11:47+00:00","dateModified":"2025-04-28T14:11:48+00:00","breadcrumb":{"@id":"https:\/\/diarioprincipios.com\/index.php\/2025\/04\/28\/mas-operativos-de-limpieza-en-los-barrios-3\/#breadcrumb"},"inLanguage":"es","potentialAction":[{"@type":"ReadAction","target":["https:\/\/diarioprincipios.com\/index.php\/2025\/04\/28\/mas-operativos-de-limpieza-en-los-barrios-3\/"]}]},{"@type":"ImageObject","inLanguage":"es","@id":"https:\/\/diarioprincipios.com\/index.php\/2025\/04\/28\/mas-operativos-de-limpieza-en-los-barrios-3\/#primaryimage","url":"https:\/\/diarioprincipios.com\/wp-content\/uploads\/2025\/04\/MAS-OPERATIVOS-DE-LIMPIEZA-EN-LOS-BARRIOS-DE-BERAZATEGUI-2.jpg","contentUrl":"https:\/\/diarioprincipios.com\/wp-content\/uploads\/2025\/04\/MAS-OPERATIVOS-DE-LIMPIEZA-EN-LOS-BARRIOS-DE-BERAZATEGUI-2.jpg","width":1600,"height":900},{"@type":"BreadcrumbList","@id":"https:\/\/diarioprincipios.com\/index.php\/2025\/04\/28\/mas-operativos-de-limpieza-en-los-barrios-3\/#breadcrumb","itemListElement":[{"@type":"ListItem","position":1,"name":"Portada","item":"https:\/\/diarioprincipios.com\/"},{"@type":"ListItem","position":2,"name":"M\u00e1s Operativos de Limpieza en los barrios"}]},{"@type":"WebSite","@id":"https:\/\/diarioprincipios.com\/#website","url":"https:\/\/diarioprincipios.com\/","name":"Principios","description":"Principios Diario","publisher":{"@id":"https:\/\/diarioprincipios.com\/#organization"},"potentialAction":[{"@type":"SearchAction","target":{"@type":"EntryPoint","urlTemplate":"https:\/\/diarioprincipios.com\/?s={search_term_string}"},"query-input":{"@type":"PropertyValueSpecification","valueRequired":true,"valueName":"search_term_string"}}],"inLanguage":"es"},{"@type":"Organization","@id":"https:\/\/diarioprincipios.com\/#organization","name":"Principios","url":"https:\/\/diarioprincipios.com\/","logo":{"@type":"ImageObject","inLanguage":"es","@id":"https:\/\/diarioprincipios.com\/#\/schema\/logo\/image\/","url":"https:\/\/diarioprincipios.com\/wp-content\/uploads\/2024\/04\/cropped-www.diarioprincipios.com_-1.png","contentUrl":"https:\/\/diarioprincipios.com\/wp-content\/uploads\/2024\/04\/cropped-www.diarioprincipios.com_-1.png","width":5325,"height":1454,"caption":"Principios"},"image":{"@id":"https:\/\/diarioprincipios.com\/#\/schema\/logo\/image\/"}},{"@type":"Person","@id":"https:\/\/diarioprincipios.com\/#\/schema\/person\/436d5a1fd41a5e250e23ff5a6a7cb080","name":"Hern\u00e1n L\u00f3pez","image":{"@type":"ImageObject","inLanguage":"es","@id":"https:\/\/diarioprincipios.com\/wp-content\/litespeed\/avatar\/11ddfe5610ff3bd100522525b2571f48.jpg?ver=1777653193","url":"https:\/\/diarioprincipios.com\/wp-content\/litespeed\/avatar\/11ddfe5610ff3bd100522525b2571f48.jpg?ver=1777653193","contentUrl":"https:\/\/diarioprincipios.com\/wp-content\/litespeed\/avatar\/11ddfe5610ff3bd100522525b2571f48.jpg?ver=1777653193","caption":"Hern\u00e1n L\u00f3pez"},"url":"https:\/\/diarioprincipios.com\/index.php\/author\/hernan\/"}]}},"jetpack_featured_media_url":"https:\/\/diarioprincipios.com\/wp-content\/uploads\/2025\/04\/MAS-OPERATIVOS-DE-LIMPIEZA-EN-LOS-BARRIOS-DE-BERAZATEGUI-2.jpg","_links":{"self":[{"href":"https:\/\/diarioprincipios.com\/index.php\/wp-json\/wp\/v2\/posts\/24536","targetHints":{"allow":["GET"]}}],"collection":[{"href":"https:\/\/diarioprincipios.com\/index.php\/wp-json\/wp\/v2\/posts"}],"about":[{"href":"https:\/\/diarioprincipios.com\/index.php\/wp-json\/wp\/v2\/types\/post"}],"author":[{"embeddable":true,"href":"https:\/\/diarioprincipios.com\/index.php\/wp-json\/wp\/v2\/users\/2"}],"replies":[{"embeddable":true,"href":"https:\/\/diarioprincipios.com\/index.php\/wp-json\/wp\/v2\/comments?post=24536"}],"version-history":[{"count":1,"href":"https:\/\/diarioprincipios.com\/index.php\/wp-json\/wp\/v2\/posts\/24536\/revisions"}],"predecessor-version":[{"id":24538,"href":"https:\/\/diarioprincipios.com\/index.php\/wp-json\/wp\/v2\/posts\/24536\/revisions\/24538"}],"wp:featuredmedia":[{"embeddable":true,"href":"https:\/\/diarioprincipios.com\/index.php\/wp-json\/wp\/v2\/media\/24537"}],"wp:attachment":[{"href":"https:\/\/diarioprincipios.com\/index.php\/wp-json\/wp\/v2\/media?parent=24536"}],"wp:term":[{"taxonomy":"category","embeddable":true,"href":"https:\/\/diarioprincipios.com\/index.php\/wp-json\/wp\/v2\/categories?post=24536"},{"taxonomy":"post_tag","embeddable":true,"href":"https:\/\/diarioprincipios.com\/index.php\/wp-json\/wp\/v2\/tags?post=24536"}],"curies":[{"name":"wp","href":"https:\/\/api.w.org\/{rel}","templated":true}]}}