{"id":2453,"date":"2020-06-03T16:47:47","date_gmt":"2020-06-03T19:47:47","guid":{"rendered":"http:\/\/diarioprincipios.com\/?p=2453"},"modified":"2020-06-03T16:49:08","modified_gmt":"2020-06-03T19:49:08","slug":"se-vacuno-gratuitamente-contra-la-gripe-en-la-agrupacion-excombatientes-heroes-de-malvinas","status":"publish","type":"post","link":"https:\/\/diarioprincipios.com\/index.php\/2020\/06\/03\/se-vacuno-gratuitamente-contra-la-gripe-en-la-agrupacion-excombatientes-heroes-de-malvinas\/","title":{"rendered":"Se vacun\u00f3 gratuitamente contra la gripe en la Agrupaci\u00f3n \u00abEx Combatientes H\u00e9roes de Malvinas\u00bb"},"content":{"rendered":"\n<p><strong>La Municipalidad de Berazategui, a trav\u00e9s de la Secretar\u00eda de Salud P\u00fablica e Higiene, realiz\u00f3 una jornada de vacunaci\u00f3n antigripal en la Agrupaci\u00f3n \u00abExcombatientes H\u00e9roes de Malvinas\u201d (ubicada en calle 121 y 25). A los vecinos adultos mayores tambi\u00e9n se les aplic\u00f3 la dosis contra la neumon\u00eda. Todo fue en forma gratuita.<\/strong><\/p>\n\n\n\n<p>En ese marco, el presidente de la Agrupaci\u00f3n \u201cH\u00e9roes de Malvinas\u201d, Adolfo Orozco, destac\u00f3: \u201cEn un principio, nos comunicamos con el Municipio para vacunar a los excombatientes y familiares. Pero, ante el requerimiento de los vecinos, volvimos a pedir una jornada y estamos muy agradecidos por la buena predisposici\u00f3n de la Secretar\u00eda de Salud municipal, porque hoy es la tercera semana consecutiva que est\u00e1n vacunando en el barrio\u201d.<\/p>\n\n\n\n<p>Uno de los vecinos que se acerc\u00f3, Miguel Zuk, expres\u00f3: \u201cYo ya me hab\u00eda vacunado y hoy lo traje a mi hijo. Me parece buen\u00edsimo todo esto porque es gratis, la atenci\u00f3n es buen\u00edsima y r\u00e1pida\u201d.<\/p>\n\n\n\n<p>Adem\u00e1s de las jornadas, los vecinos pueden acercarse a los Centros de Atenci\u00f3n Primaria de Salud (CAPS) de todo el distrito para aplicarse la vacuna antigripal.<\/p>\n\n\n\n\n\n<p><strong>39 mil vecinos ya recibieron la vacuna antigripal<br><\/strong><br>Por otro lado, ya se inmuniz\u00f3 contra la gripe a 39 mil vecinos de Berazategui, 5 mil de ellos -entre adultos de 65 a\u00f1os o m\u00e1s sin obra social y embarazadas- recibieron la vacuna en sus domicilios y el resto en los CAPS de la ciudad. All\u00ed se encuentran disponibles las vacunas antigripales para aquellas personas con afecciones cr\u00f3nicas subyacentes, como asma, diabetes y enfermedades coronarias, entre otras (con orden m\u00e9dica, puede ser por foto), para los pacientes pedi\u00e1tricos de 6 meses a 2 a\u00f1os de edad, embarazadas y adultos de 65 a\u00f1os o m\u00e1s. Estos tres \u00faltimos grupos de riesgo no necesitan orden m\u00e9dica.<br><br>Para conocer d\u00f3nde se encuentran los CAPS del distrito y cu\u00e1les son los horarios de funcionamiento de los vacunatorios, ingresar en&nbsp;<a rel=\"noreferrer noopener\" target=\"_blank\" href=\"http:\/\/berazategui.gob.ar\/caps\">berazategui.gob.ar\/caps<\/a>.<\/p>\n\n\n\n<p><strong>Dosis para afiliados a PAMI<br><\/strong><br>Quienes est\u00e1n afiliados a PAMI pueden acceder a la vacuna contra la gripe a trav\u00e9s de esta obra social. Los mayores de 65 a\u00f1os solo deben presentarse en las farmacias habilitadas con DNI y su credencial de PAMI; y los menores de esa edad tienen que presentar la receta m\u00e9dica. Cumpliendo las recomendaciones para combatir el COVID- 19, se estableci\u00f3 un cronograma de vacunaci\u00f3n seg\u00fan el \u00faltimo n\u00famero del DNI. Para conocerlo y saber a qu\u00e9 farmacias asistir, pueden ingresar a&nbsp;<a rel=\"noreferrer noopener\" target=\"_blank\" href=\"http:\/\/pami.org.ar\/vacunacion\">pami.org.ar\/vacunacion<\/a>.<\/p>\n","protected":false},"excerpt":{"rendered":"<p>La Municipalidad de Berazategui, a trav\u00e9s de la Secretar\u00eda de Salud P\u00fablica e Higiene, realiz\u00f3 una jornada de vacunaci\u00f3n antigripal en la Agrupaci\u00f3n \u00abExcombatientes H\u00e9roes de Malvinas\u201d (ubicada en calle 121 y 25). A los vecinos adultos mayores tambi\u00e9n se les aplic\u00f3 la dosis contra la neumon\u00eda. Todo fue en forma gratuita. En ese marco,&#8230;<\/p>\n","protected":false},"author":2,"featured_media":2454,"comment_status":"open","ping_status":"open","sticky":false,"template":"","format":"standard","meta":{"footnotes":""},"categories":[3],"tags":[],"class_list":["post-2453","post","type-post","status-publish","format-standard","has-post-thumbnail","hentry","category-berazategui"],"featured_image_src":"https:\/\/diarioprincipios.com\/wp-content\/uploads\/2020\/06\/SE-VACUN\u00d3-CONTRA-LA-GRIPE-EN-LA-AGRUPACI\u00d3N-EXCOMBATIENTES-H\u00c9ROES-DE-MALVINAS-3-1024x683.jpg","blog_images":{"medium":"https:\/\/diarioprincipios.com\/wp-content\/uploads\/2020\/06\/SE-VACUN\u00d3-CONTRA-LA-GRIPE-EN-LA-AGRUPACI\u00d3N-EXCOMBATIENTES-H\u00c9ROES-DE-MALVINAS-3-300x200.jpg","large":"https:\/\/diarioprincipios.com\/wp-content\/uploads\/2020\/06\/SE-VACUN\u00d3-CONTRA-LA-GRIPE-EN-LA-AGRUPACI\u00d3N-EXCOMBATIENTES-H\u00c9ROES-DE-MALVINAS-3-1024x683.jpg"},"ams_acf":[],"yoast_head":"<!-- This site is optimized with the Yoast SEO plugin v27.3 - https:\/\/yoast.com\/product\/yoast-seo-wordpress\/ -->\n<title>Se vacun\u00f3 gratuitamente contra la gripe en la Agrupaci\u00f3n &quot;Ex Combatientes H\u00e9roes de Malvinas&quot; - Principios<\/title>\n<meta name=\"robots\" content=\"index, follow, max-snippet:-1, max-image-preview:large, max-video-preview:-1\" \/>\n<link rel=\"canonical\" href=\"https:\/\/diarioprincipios.com\/index.php\/2020\/06\/03\/se-vacuno-gratuitamente-contra-la-gripe-en-la-agrupacion-excombatientes-heroes-de-malvinas\/\" \/>\n<meta property=\"og:locale\" content=\"es_ES\" \/>\n<meta property=\"og:type\" content=\"article\" \/>\n<meta property=\"og:title\" content=\"Se vacun\u00f3 gratuitamente contra la gripe en la Agrupaci\u00f3n &quot;Ex Combatientes H\u00e9roes de Malvinas&quot; - Principios\" \/>\n<meta property=\"og:description\" content=\"La Municipalidad de Berazategui, a trav\u00e9s de la Secretar\u00eda de Salud P\u00fablica e Higiene, realiz\u00f3 una jornada de vacunaci\u00f3n antigripal en la Agrupaci\u00f3n \u00abExcombatientes H\u00e9roes de Malvinas\u201d (ubicada en calle 121 y 25). A los vecinos adultos mayores tambi\u00e9n se les aplic\u00f3 la dosis contra la neumon\u00eda. Todo fue en forma gratuita. En ese marco,...\" \/>\n<meta property=\"og:url\" content=\"https:\/\/diarioprincipios.com\/index.php\/2020\/06\/03\/se-vacuno-gratuitamente-contra-la-gripe-en-la-agrupacion-excombatientes-heroes-de-malvinas\/\" \/>\n<meta property=\"og:site_name\" content=\"Principios\" \/>\n<meta property=\"article:published_time\" content=\"2020-06-03T19:47:47+00:00\" \/>\n<meta property=\"article:modified_time\" content=\"2020-06-03T19:49:08+00:00\" \/>\n<meta property=\"og:image\" content=\"https:\/\/diarioprincipios.com\/wp-content\/uploads\/2020\/06\/SE-VACUN\u00d3-CONTRA-LA-GRIPE-EN-LA-AGRUPACI\u00d3N-EXCOMBATIENTES-H\u00c9ROES-DE-MALVINAS-3.jpg\" \/>\n\t<meta property=\"og:image:width\" content=\"1920\" \/>\n\t<meta property=\"og:image:height\" content=\"1280\" \/>\n\t<meta property=\"og:image:type\" content=\"image\/jpeg\" \/>\n<meta name=\"author\" content=\"Hern\u00e1n L\u00f3pez\" \/>\n<meta name=\"twitter:card\" content=\"summary_large_image\" \/>\n<meta name=\"twitter:label1\" content=\"Escrito por\" \/>\n\t<meta name=\"twitter:data1\" content=\"Hern\u00e1n L\u00f3pez\" \/>\n\t<meta name=\"twitter:label2\" content=\"Tiempo de lectura\" \/>\n\t<meta name=\"twitter:data2\" content=\"2 minutos\" \/>\n<script type=\"application\/ld+json\" class=\"yoast-schema-graph\">{\"@context\":\"https:\\\/\\\/schema.org\",\"@graph\":[{\"@type\":\"Article\",\"@id\":\"https:\\\/\\\/diarioprincipios.com\\\/index.php\\\/2020\\\/06\\\/03\\\/se-vacuno-gratuitamente-contra-la-gripe-en-la-agrupacion-excombatientes-heroes-de-malvinas\\\/#article\",\"isPartOf\":{\"@id\":\"https:\\\/\\\/diarioprincipios.com\\\/index.php\\\/2020\\\/06\\\/03\\\/se-vacuno-gratuitamente-contra-la-gripe-en-la-agrupacion-excombatientes-heroes-de-malvinas\\\/\"},\"author\":{\"name\":\"Hern\u00e1n L\u00f3pez\",\"@id\":\"https:\\\/\\\/diarioprincipios.com\\\/#\\\/schema\\\/person\\\/436d5a1fd41a5e250e23ff5a6a7cb080\"},\"headline\":\"Se vacun\u00f3 gratuitamente contra la gripe en la Agrupaci\u00f3n \u00abEx Combatientes H\u00e9roes de Malvinas\u00bb\",\"datePublished\":\"2020-06-03T19:47:47+00:00\",\"dateModified\":\"2020-06-03T19:49:08+00:00\",\"mainEntityOfPage\":{\"@id\":\"https:\\\/\\\/diarioprincipios.com\\\/index.php\\\/2020\\\/06\\\/03\\\/se-vacuno-gratuitamente-contra-la-gripe-en-la-agrupacion-excombatientes-heroes-de-malvinas\\\/\"},\"wordCount\":455,\"commentCount\":0,\"publisher\":{\"@id\":\"https:\\\/\\\/diarioprincipios.com\\\/#organization\"},\"image\":{\"@id\":\"https:\\\/\\\/diarioprincipios.com\\\/index.php\\\/2020\\\/06\\\/03\\\/se-vacuno-gratuitamente-contra-la-gripe-en-la-agrupacion-excombatientes-heroes-de-malvinas\\\/#primaryimage\"},\"thumbnailUrl\":\"https:\\\/\\\/diarioprincipios.com\\\/wp-content\\\/uploads\\\/2020\\\/06\\\/SE-VACUN\u00d3-CONTRA-LA-GRIPE-EN-LA-AGRUPACI\u00d3N-EXCOMBATIENTES-H\u00c9ROES-DE-MALVINAS-3.jpg\",\"articleSection\":[\"Berazategui\"],\"inLanguage\":\"es\",\"potentialAction\":[{\"@type\":\"CommentAction\",\"name\":\"Comment\",\"target\":[\"https:\\\/\\\/diarioprincipios.com\\\/index.php\\\/2020\\\/06\\\/03\\\/se-vacuno-gratuitamente-contra-la-gripe-en-la-agrupacion-excombatientes-heroes-de-malvinas\\\/#respond\"]}]},{\"@type\":\"WebPage\",\"@id\":\"https:\\\/\\\/diarioprincipios.com\\\/index.php\\\/2020\\\/06\\\/03\\\/se-vacuno-gratuitamente-contra-la-gripe-en-la-agrupacion-excombatientes-heroes-de-malvinas\\\/\",\"url\":\"https:\\\/\\\/diarioprincipios.com\\\/index.php\\\/2020\\\/06\\\/03\\\/se-vacuno-gratuitamente-contra-la-gripe-en-la-agrupacion-excombatientes-heroes-de-malvinas\\\/\",\"name\":\"Se vacun\u00f3 gratuitamente contra la gripe en la Agrupaci\u00f3n \\\"Ex Combatientes H\u00e9roes de Malvinas\\\" - Principios\",\"isPartOf\":{\"@id\":\"https:\\\/\\\/diarioprincipios.com\\\/#website\"},\"primaryImageOfPage\":{\"@id\":\"https:\\\/\\\/diarioprincipios.com\\\/index.php\\\/2020\\\/06\\\/03\\\/se-vacuno-gratuitamente-contra-la-gripe-en-la-agrupacion-excombatientes-heroes-de-malvinas\\\/#primaryimage\"},\"image\":{\"@id\":\"https:\\\/\\\/diarioprincipios.com\\\/index.php\\\/2020\\\/06\\\/03\\\/se-vacuno-gratuitamente-contra-la-gripe-en-la-agrupacion-excombatientes-heroes-de-malvinas\\\/#primaryimage\"},\"thumbnailUrl\":\"https:\\\/\\\/diarioprincipios.com\\\/wp-content\\\/uploads\\\/2020\\\/06\\\/SE-VACUN\u00d3-CONTRA-LA-GRIPE-EN-LA-AGRUPACI\u00d3N-EXCOMBATIENTES-H\u00c9ROES-DE-MALVINAS-3.jpg\",\"datePublished\":\"2020-06-03T19:47:47+00:00\",\"dateModified\":\"2020-06-03T19:49:08+00:00\",\"breadcrumb\":{\"@id\":\"https:\\\/\\\/diarioprincipios.com\\\/index.php\\\/2020\\\/06\\\/03\\\/se-vacuno-gratuitamente-contra-la-gripe-en-la-agrupacion-excombatientes-heroes-de-malvinas\\\/#breadcrumb\"},\"inLanguage\":\"es\",\"potentialAction\":[{\"@type\":\"ReadAction\",\"target\":[\"https:\\\/\\\/diarioprincipios.com\\\/index.php\\\/2020\\\/06\\\/03\\\/se-vacuno-gratuitamente-contra-la-gripe-en-la-agrupacion-excombatientes-heroes-de-malvinas\\\/\"]}]},{\"@type\":\"ImageObject\",\"inLanguage\":\"es\",\"@id\":\"https:\\\/\\\/diarioprincipios.com\\\/index.php\\\/2020\\\/06\\\/03\\\/se-vacuno-gratuitamente-contra-la-gripe-en-la-agrupacion-excombatientes-heroes-de-malvinas\\\/#primaryimage\",\"url\":\"https:\\\/\\\/diarioprincipios.com\\\/wp-content\\\/uploads\\\/2020\\\/06\\\/SE-VACUN\u00d3-CONTRA-LA-GRIPE-EN-LA-AGRUPACI\u00d3N-EXCOMBATIENTES-H\u00c9ROES-DE-MALVINAS-3.jpg\",\"contentUrl\":\"https:\\\/\\\/diarioprincipios.com\\\/wp-content\\\/uploads\\\/2020\\\/06\\\/SE-VACUN\u00d3-CONTRA-LA-GRIPE-EN-LA-AGRUPACI\u00d3N-EXCOMBATIENTES-H\u00c9ROES-DE-MALVINAS-3.jpg\",\"width\":1920,\"height\":1280},{\"@type\":\"BreadcrumbList\",\"@id\":\"https:\\\/\\\/diarioprincipios.com\\\/index.php\\\/2020\\\/06\\\/03\\\/se-vacuno-gratuitamente-contra-la-gripe-en-la-agrupacion-excombatientes-heroes-de-malvinas\\\/#breadcrumb\",\"itemListElement\":[{\"@type\":\"ListItem\",\"position\":1,\"name\":\"Portada\",\"item\":\"https:\\\/\\\/diarioprincipios.com\\\/\"},{\"@type\":\"ListItem\",\"position\":2,\"name\":\"Se vacun\u00f3 gratuitamente contra la gripe en la Agrupaci\u00f3n \u00abEx Combatientes H\u00e9roes de Malvinas\u00bb\"}]},{\"@type\":\"WebSite\",\"@id\":\"https:\\\/\\\/diarioprincipios.com\\\/#website\",\"url\":\"https:\\\/\\\/diarioprincipios.com\\\/\",\"name\":\"Principios\",\"description\":\"Principios Diario\",\"publisher\":{\"@id\":\"https:\\\/\\\/diarioprincipios.com\\\/#organization\"},\"potentialAction\":[{\"@type\":\"SearchAction\",\"target\":{\"@type\":\"EntryPoint\",\"urlTemplate\":\"https:\\\/\\\/diarioprincipios.com\\\/?s={search_term_string}\"},\"query-input\":{\"@type\":\"PropertyValueSpecification\",\"valueRequired\":true,\"valueName\":\"search_term_string\"}}],\"inLanguage\":\"es\"},{\"@type\":\"Organization\",\"@id\":\"https:\\\/\\\/diarioprincipios.com\\\/#organization\",\"name\":\"Principios\",\"url\":\"https:\\\/\\\/diarioprincipios.com\\\/\",\"logo\":{\"@type\":\"ImageObject\",\"inLanguage\":\"es\",\"@id\":\"https:\\\/\\\/diarioprincipios.com\\\/#\\\/schema\\\/logo\\\/image\\\/\",\"url\":\"https:\\\/\\\/diarioprincipios.com\\\/wp-content\\\/uploads\\\/2024\\\/04\\\/cropped-www.diarioprincipios.com_-1.png\",\"contentUrl\":\"https:\\\/\\\/diarioprincipios.com\\\/wp-content\\\/uploads\\\/2024\\\/04\\\/cropped-www.diarioprincipios.com_-1.png\",\"width\":5325,\"height\":1454,\"caption\":\"Principios\"},\"image\":{\"@id\":\"https:\\\/\\\/diarioprincipios.com\\\/#\\\/schema\\\/logo\\\/image\\\/\"}},{\"@type\":\"Person\",\"@id\":\"https:\\\/\\\/diarioprincipios.com\\\/#\\\/schema\\\/person\\\/436d5a1fd41a5e250e23ff5a6a7cb080\",\"name\":\"Hern\u00e1n L\u00f3pez\",\"image\":{\"@type\":\"ImageObject\",\"inLanguage\":\"es\",\"@id\":\"https:\\\/\\\/diarioprincipios.com\\\/wp-content\\\/litespeed\\\/avatar\\\/11ddfe5610ff3bd100522525b2571f48.jpg?ver=1777653193\",\"url\":\"https:\\\/\\\/diarioprincipios.com\\\/wp-content\\\/litespeed\\\/avatar\\\/11ddfe5610ff3bd100522525b2571f48.jpg?ver=1777653193\",\"contentUrl\":\"https:\\\/\\\/diarioprincipios.com\\\/wp-content\\\/litespeed\\\/avatar\\\/11ddfe5610ff3bd100522525b2571f48.jpg?ver=1777653193\",\"caption\":\"Hern\u00e1n L\u00f3pez\"},\"url\":\"https:\\\/\\\/diarioprincipios.com\\\/index.php\\\/author\\\/hernan\\\/\"}]}<\/script>\n<!-- \/ Yoast SEO plugin. -->","yoast_head_json":{"title":"Se vacun\u00f3 gratuitamente contra la gripe en la Agrupaci\u00f3n \"Ex Combatientes H\u00e9roes de Malvinas\" - Principios","robots":{"index":"index","follow":"follow","max-snippet":"max-snippet:-1","max-image-preview":"max-image-preview:large","max-video-preview":"max-video-preview:-1"},"canonical":"https:\/\/diarioprincipios.com\/index.php\/2020\/06\/03\/se-vacuno-gratuitamente-contra-la-gripe-en-la-agrupacion-excombatientes-heroes-de-malvinas\/","og_locale":"es_ES","og_type":"article","og_title":"Se vacun\u00f3 gratuitamente contra la gripe en la Agrupaci\u00f3n \"Ex Combatientes H\u00e9roes de Malvinas\" - Principios","og_description":"La Municipalidad de Berazategui, a trav\u00e9s de la Secretar\u00eda de Salud P\u00fablica e Higiene, realiz\u00f3 una jornada de vacunaci\u00f3n antigripal en la Agrupaci\u00f3n \u00abExcombatientes H\u00e9roes de Malvinas\u201d (ubicada en calle 121 y 25). A los vecinos adultos mayores tambi\u00e9n se les aplic\u00f3 la dosis contra la neumon\u00eda. Todo fue en forma gratuita. En ese marco,...","og_url":"https:\/\/diarioprincipios.com\/index.php\/2020\/06\/03\/se-vacuno-gratuitamente-contra-la-gripe-en-la-agrupacion-excombatientes-heroes-de-malvinas\/","og_site_name":"Principios","article_published_time":"2020-06-03T19:47:47+00:00","article_modified_time":"2020-06-03T19:49:08+00:00","og_image":[{"width":1920,"height":1280,"url":"https:\/\/diarioprincipios.com\/wp-content\/uploads\/2020\/06\/SE-VACUN\u00d3-CONTRA-LA-GRIPE-EN-LA-AGRUPACI\u00d3N-EXCOMBATIENTES-H\u00c9ROES-DE-MALVINAS-3.jpg","type":"image\/jpeg"}],"author":"Hern\u00e1n L\u00f3pez","twitter_card":"summary_large_image","twitter_misc":{"Escrito por":"Hern\u00e1n L\u00f3pez","Tiempo de lectura":"2 minutos"},"schema":{"@context":"https:\/\/schema.org","@graph":[{"@type":"Article","@id":"https:\/\/diarioprincipios.com\/index.php\/2020\/06\/03\/se-vacuno-gratuitamente-contra-la-gripe-en-la-agrupacion-excombatientes-heroes-de-malvinas\/#article","isPartOf":{"@id":"https:\/\/diarioprincipios.com\/index.php\/2020\/06\/03\/se-vacuno-gratuitamente-contra-la-gripe-en-la-agrupacion-excombatientes-heroes-de-malvinas\/"},"author":{"name":"Hern\u00e1n L\u00f3pez","@id":"https:\/\/diarioprincipios.com\/#\/schema\/person\/436d5a1fd41a5e250e23ff5a6a7cb080"},"headline":"Se vacun\u00f3 gratuitamente contra la gripe en la Agrupaci\u00f3n \u00abEx Combatientes H\u00e9roes de Malvinas\u00bb","datePublished":"2020-06-03T19:47:47+00:00","dateModified":"2020-06-03T19:49:08+00:00","mainEntityOfPage":{"@id":"https:\/\/diarioprincipios.com\/index.php\/2020\/06\/03\/se-vacuno-gratuitamente-contra-la-gripe-en-la-agrupacion-excombatientes-heroes-de-malvinas\/"},"wordCount":455,"commentCount":0,"publisher":{"@id":"https:\/\/diarioprincipios.com\/#organization"},"image":{"@id":"https:\/\/diarioprincipios.com\/index.php\/2020\/06\/03\/se-vacuno-gratuitamente-contra-la-gripe-en-la-agrupacion-excombatientes-heroes-de-malvinas\/#primaryimage"},"thumbnailUrl":"https:\/\/diarioprincipios.com\/wp-content\/uploads\/2020\/06\/SE-VACUN\u00d3-CONTRA-LA-GRIPE-EN-LA-AGRUPACI\u00d3N-EXCOMBATIENTES-H\u00c9ROES-DE-MALVINAS-3.jpg","articleSection":["Berazategui"],"inLanguage":"es","potentialAction":[{"@type":"CommentAction","name":"Comment","target":["https:\/\/diarioprincipios.com\/index.php\/2020\/06\/03\/se-vacuno-gratuitamente-contra-la-gripe-en-la-agrupacion-excombatientes-heroes-de-malvinas\/#respond"]}]},{"@type":"WebPage","@id":"https:\/\/diarioprincipios.com\/index.php\/2020\/06\/03\/se-vacuno-gratuitamente-contra-la-gripe-en-la-agrupacion-excombatientes-heroes-de-malvinas\/","url":"https:\/\/diarioprincipios.com\/index.php\/2020\/06\/03\/se-vacuno-gratuitamente-contra-la-gripe-en-la-agrupacion-excombatientes-heroes-de-malvinas\/","name":"Se vacun\u00f3 gratuitamente contra la gripe en la Agrupaci\u00f3n \"Ex Combatientes H\u00e9roes de Malvinas\" - Principios","isPartOf":{"@id":"https:\/\/diarioprincipios.com\/#website"},"primaryImageOfPage":{"@id":"https:\/\/diarioprincipios.com\/index.php\/2020\/06\/03\/se-vacuno-gratuitamente-contra-la-gripe-en-la-agrupacion-excombatientes-heroes-de-malvinas\/#primaryimage"},"image":{"@id":"https:\/\/diarioprincipios.com\/index.php\/2020\/06\/03\/se-vacuno-gratuitamente-contra-la-gripe-en-la-agrupacion-excombatientes-heroes-de-malvinas\/#primaryimage"},"thumbnailUrl":"https:\/\/diarioprincipios.com\/wp-content\/uploads\/2020\/06\/SE-VACUN\u00d3-CONTRA-LA-GRIPE-EN-LA-AGRUPACI\u00d3N-EXCOMBATIENTES-H\u00c9ROES-DE-MALVINAS-3.jpg","datePublished":"2020-06-03T19:47:47+00:00","dateModified":"2020-06-03T19:49:08+00:00","breadcrumb":{"@id":"https:\/\/diarioprincipios.com\/index.php\/2020\/06\/03\/se-vacuno-gratuitamente-contra-la-gripe-en-la-agrupacion-excombatientes-heroes-de-malvinas\/#breadcrumb"},"inLanguage":"es","potentialAction":[{"@type":"ReadAction","target":["https:\/\/diarioprincipios.com\/index.php\/2020\/06\/03\/se-vacuno-gratuitamente-contra-la-gripe-en-la-agrupacion-excombatientes-heroes-de-malvinas\/"]}]},{"@type":"ImageObject","inLanguage":"es","@id":"https:\/\/diarioprincipios.com\/index.php\/2020\/06\/03\/se-vacuno-gratuitamente-contra-la-gripe-en-la-agrupacion-excombatientes-heroes-de-malvinas\/#primaryimage","url":"https:\/\/diarioprincipios.com\/wp-content\/uploads\/2020\/06\/SE-VACUN\u00d3-CONTRA-LA-GRIPE-EN-LA-AGRUPACI\u00d3N-EXCOMBATIENTES-H\u00c9ROES-DE-MALVINAS-3.jpg","contentUrl":"https:\/\/diarioprincipios.com\/wp-content\/uploads\/2020\/06\/SE-VACUN\u00d3-CONTRA-LA-GRIPE-EN-LA-AGRUPACI\u00d3N-EXCOMBATIENTES-H\u00c9ROES-DE-MALVINAS-3.jpg","width":1920,"height":1280},{"@type":"BreadcrumbList","@id":"https:\/\/diarioprincipios.com\/index.php\/2020\/06\/03\/se-vacuno-gratuitamente-contra-la-gripe-en-la-agrupacion-excombatientes-heroes-de-malvinas\/#breadcrumb","itemListElement":[{"@type":"ListItem","position":1,"name":"Portada","item":"https:\/\/diarioprincipios.com\/"},{"@type":"ListItem","position":2,"name":"Se vacun\u00f3 gratuitamente contra la gripe en la Agrupaci\u00f3n \u00abEx Combatientes H\u00e9roes de Malvinas\u00bb"}]},{"@type":"WebSite","@id":"https:\/\/diarioprincipios.com\/#website","url":"https:\/\/diarioprincipios.com\/","name":"Principios","description":"Principios Diario","publisher":{"@id":"https:\/\/diarioprincipios.com\/#organization"},"potentialAction":[{"@type":"SearchAction","target":{"@type":"EntryPoint","urlTemplate":"https:\/\/diarioprincipios.com\/?s={search_term_string}"},"query-input":{"@type":"PropertyValueSpecification","valueRequired":true,"valueName":"search_term_string"}}],"inLanguage":"es"},{"@type":"Organization","@id":"https:\/\/diarioprincipios.com\/#organization","name":"Principios","url":"https:\/\/diarioprincipios.com\/","logo":{"@type":"ImageObject","inLanguage":"es","@id":"https:\/\/diarioprincipios.com\/#\/schema\/logo\/image\/","url":"https:\/\/diarioprincipios.com\/wp-content\/uploads\/2024\/04\/cropped-www.diarioprincipios.com_-1.png","contentUrl":"https:\/\/diarioprincipios.com\/wp-content\/uploads\/2024\/04\/cropped-www.diarioprincipios.com_-1.png","width":5325,"height":1454,"caption":"Principios"},"image":{"@id":"https:\/\/diarioprincipios.com\/#\/schema\/logo\/image\/"}},{"@type":"Person","@id":"https:\/\/diarioprincipios.com\/#\/schema\/person\/436d5a1fd41a5e250e23ff5a6a7cb080","name":"Hern\u00e1n L\u00f3pez","image":{"@type":"ImageObject","inLanguage":"es","@id":"https:\/\/diarioprincipios.com\/wp-content\/litespeed\/avatar\/11ddfe5610ff3bd100522525b2571f48.jpg?ver=1777653193","url":"https:\/\/diarioprincipios.com\/wp-content\/litespeed\/avatar\/11ddfe5610ff3bd100522525b2571f48.jpg?ver=1777653193","contentUrl":"https:\/\/diarioprincipios.com\/wp-content\/litespeed\/avatar\/11ddfe5610ff3bd100522525b2571f48.jpg?ver=1777653193","caption":"Hern\u00e1n L\u00f3pez"},"url":"https:\/\/diarioprincipios.com\/index.php\/author\/hernan\/"}]}},"jetpack_featured_media_url":"https:\/\/diarioprincipios.com\/wp-content\/uploads\/2020\/06\/SE-VACUN\u00d3-CONTRA-LA-GRIPE-EN-LA-AGRUPACI\u00d3N-EXCOMBATIENTES-H\u00c9ROES-DE-MALVINAS-3.jpg","_links":{"self":[{"href":"https:\/\/diarioprincipios.com\/index.php\/wp-json\/wp\/v2\/posts\/2453","targetHints":{"allow":["GET"]}}],"collection":[{"href":"https:\/\/diarioprincipios.com\/index.php\/wp-json\/wp\/v2\/posts"}],"about":[{"href":"https:\/\/diarioprincipios.com\/index.php\/wp-json\/wp\/v2\/types\/post"}],"author":[{"embeddable":true,"href":"https:\/\/diarioprincipios.com\/index.php\/wp-json\/wp\/v2\/users\/2"}],"replies":[{"embeddable":true,"href":"https:\/\/diarioprincipios.com\/index.php\/wp-json\/wp\/v2\/comments?post=2453"}],"version-history":[{"count":2,"href":"https:\/\/diarioprincipios.com\/index.php\/wp-json\/wp\/v2\/posts\/2453\/revisions"}],"predecessor-version":[{"id":2456,"href":"https:\/\/diarioprincipios.com\/index.php\/wp-json\/wp\/v2\/posts\/2453\/revisions\/2456"}],"wp:featuredmedia":[{"embeddable":true,"href":"https:\/\/diarioprincipios.com\/index.php\/wp-json\/wp\/v2\/media\/2454"}],"wp:attachment":[{"href":"https:\/\/diarioprincipios.com\/index.php\/wp-json\/wp\/v2\/media?parent=2453"}],"wp:term":[{"taxonomy":"category","embeddable":true,"href":"https:\/\/diarioprincipios.com\/index.php\/wp-json\/wp\/v2\/categories?post=2453"},{"taxonomy":"post_tag","embeddable":true,"href":"https:\/\/diarioprincipios.com\/index.php\/wp-json\/wp\/v2\/tags?post=2453"}],"curies":[{"name":"wp","href":"https:\/\/api.w.org\/{rel}","templated":true}]}}