{"id":24526,"date":"2025-04-24T11:07:40","date_gmt":"2025-04-24T14:07:40","guid":{"rendered":"https:\/\/diarioprincipios.com\/?p=24526"},"modified":"2025-04-24T11:07:41","modified_gmt":"2025-04-24T14:07:41","slug":"nuevo-edificio-para-la-escuela-de-educacion-artistica","status":"publish","type":"post","link":"https:\/\/diarioprincipios.com\/index.php\/2025\/04\/24\/nuevo-edificio-para-la-escuela-de-educacion-artistica\/","title":{"rendered":"Nuevo Edificio para la Escuela de Educaci\u00f3n Art\u00edstica"},"content":{"rendered":"\n<p>Berazategui contar\u00e1 con un nuevo edificio para la Escuela de Educaci\u00f3n Art\u00edstica N\u00b0 1, mediante el convenio que firm\u00f3 el intendente municipal, Juan Jos\u00e9 Mussi, con las autoridades de COOPECUR. De esta manera, la Cooperativa cedi\u00f3 un espacio ubicado en calle 53 y 134 para que all\u00ed se construya el establecimiento educativo.<\/p>\n\n\n\n<p>\u201cNo ten\u00edamos terreno para poder construir un nuevo edificio para la escuela de esta modalidad y COOPECUR cedi\u00f3 uno con ese fin. Por supuesto que el proceso contin\u00faa, pero queremos agradecer por este gran gesto que significa un paso gigante hacia adelante\u201d, expres\u00f3 Mussi.<\/p>\n\n\n\n<p>El presidente de COOPECUR, Alberto Tornatore, se\u00f1al\u00f3: \u201cSiempre estamos trabajando en conjunto con la Municipalidad. Nos pone muy orgullosos poder colaborar con nuestra ciudad\u201d.<\/p>\n\n\n\n<p>Asimismo, el secretario de Cultura y Educaci\u00f3n municipal, Federico L\u00f3pez, indic\u00f3: \u201cGracias a esta firma, la Municipalidad de Berazategui -junto al Consejo Escolar y la Jefatura Distrital- dispondr\u00e1 del terreno para la construcci\u00f3n de un edificio nuevo para la Escuela de Art\u00edstica del distrito, ya que -con el correr del tiempo- su actual espacio les fue quedando chico. Estamos muy agradecidos con COOPECUR por cederlo. El terreno seleccionado se encuentra tambi\u00e9n en Barrio Mar\u00edtimo y viene a dar la posibilidad de ampliar la sede de la Escuela y construir una con mejores prestaciones y propuestas comunitarias\u201d.<\/p>\n\n\n\n<p>En tanto, la secretaria de la Cooperativa, Adriana Ort\u00edz, explic\u00f3: \u201cLa Escuela de Educaci\u00f3n Art\u00edstica qued\u00f3 chica gracias al aumento de la matr\u00edcula, por eso decidimos ceder un terreno. El objetivo es beneficiar a toda la comunidad; estamos muy contentos\u201d.<\/p>\n\n\n\n<p>Estuvo presente, adem\u00e1s, el presidente del Consejo Escolar, Fernando Cardozo.<\/p>\n","protected":false},"excerpt":{"rendered":"<p>Berazategui contar\u00e1 con un nuevo edificio para la Escuela de Educaci\u00f3n Art\u00edstica N\u00b0 1, mediante el convenio que firm\u00f3 el intendente municipal, Juan Jos\u00e9 Mussi, con las autoridades de COOPECUR. De esta manera, la Cooperativa cedi\u00f3 un espacio ubicado en calle 53 y 134 para que all\u00ed se construya el establecimiento educativo. \u201cNo ten\u00edamos terreno&#8230;<\/p>\n","protected":false},"author":2,"featured_media":24527,"comment_status":"open","ping_status":"open","sticky":false,"template":"","format":"standard","meta":{"footnotes":""},"categories":[3,19],"tags":[],"class_list":["post-24526","post","type-post","status-publish","format-standard","has-post-thumbnail","hentry","category-berazategui","category-cultura-educacion"],"featured_image_src":"https:\/\/diarioprincipios.com\/wp-content\/uploads\/2025\/04\/NUEVO-EDIFICIO-PARA-LA-ESCUELA-DE-EDUCACION-ARTISTICA-1024x682.jpg","blog_images":{"medium":"https:\/\/diarioprincipios.com\/wp-content\/uploads\/2025\/04\/NUEVO-EDIFICIO-PARA-LA-ESCUELA-DE-EDUCACION-ARTISTICA-300x200.jpg","large":"https:\/\/diarioprincipios.com\/wp-content\/uploads\/2025\/04\/NUEVO-EDIFICIO-PARA-LA-ESCUELA-DE-EDUCACION-ARTISTICA-1024x682.jpg"},"ams_acf":[],"yoast_head":"<!-- This site is optimized with the Yoast SEO plugin v27.3 - https:\/\/yoast.com\/product\/yoast-seo-wordpress\/ -->\n<title>Nuevo Edificio para la Escuela de Educaci\u00f3n Art\u00edstica - Principios<\/title>\n<meta name=\"robots\" content=\"index, follow, max-snippet:-1, max-image-preview:large, max-video-preview:-1\" \/>\n<link rel=\"canonical\" href=\"https:\/\/diarioprincipios.com\/index.php\/2025\/04\/24\/nuevo-edificio-para-la-escuela-de-educacion-artistica\/\" \/>\n<meta property=\"og:locale\" content=\"es_ES\" \/>\n<meta property=\"og:type\" content=\"article\" \/>\n<meta property=\"og:title\" content=\"Nuevo Edificio para la Escuela de Educaci\u00f3n Art\u00edstica - Principios\" \/>\n<meta property=\"og:description\" content=\"Berazategui contar\u00e1 con un nuevo edificio para la Escuela de Educaci\u00f3n Art\u00edstica N\u00b0 1, mediante el convenio que firm\u00f3 el intendente municipal, Juan Jos\u00e9 Mussi, con las autoridades de COOPECUR. De esta manera, la Cooperativa cedi\u00f3 un espacio ubicado en calle 53 y 134 para que all\u00ed se construya el establecimiento educativo. \u201cNo ten\u00edamos terreno...\" \/>\n<meta property=\"og:url\" content=\"https:\/\/diarioprincipios.com\/index.php\/2025\/04\/24\/nuevo-edificio-para-la-escuela-de-educacion-artistica\/\" \/>\n<meta property=\"og:site_name\" content=\"Principios\" \/>\n<meta property=\"article:published_time\" content=\"2025-04-24T14:07:40+00:00\" \/>\n<meta property=\"article:modified_time\" content=\"2025-04-24T14:07:41+00:00\" \/>\n<meta property=\"og:image\" content=\"https:\/\/diarioprincipios.com\/wp-content\/uploads\/2025\/04\/NUEVO-EDIFICIO-PARA-LA-ESCUELA-DE-EDUCACION-ARTISTICA.jpg\" \/>\n\t<meta property=\"og:image:width\" content=\"1600\" \/>\n\t<meta property=\"og:image:height\" content=\"1066\" \/>\n\t<meta property=\"og:image:type\" content=\"image\/jpeg\" \/>\n<meta name=\"author\" content=\"Hern\u00e1n L\u00f3pez\" \/>\n<meta name=\"twitter:card\" content=\"summary_large_image\" \/>\n<meta name=\"twitter:label1\" content=\"Escrito por\" \/>\n\t<meta name=\"twitter:data1\" content=\"Hern\u00e1n L\u00f3pez\" \/>\n\t<meta name=\"twitter:label2\" content=\"Tiempo de lectura\" \/>\n\t<meta name=\"twitter:data2\" content=\"2 minutos\" \/>\n<script type=\"application\/ld+json\" class=\"yoast-schema-graph\">{\"@context\":\"https:\\\/\\\/schema.org\",\"@graph\":[{\"@type\":\"Article\",\"@id\":\"https:\\\/\\\/diarioprincipios.com\\\/index.php\\\/2025\\\/04\\\/24\\\/nuevo-edificio-para-la-escuela-de-educacion-artistica\\\/#article\",\"isPartOf\":{\"@id\":\"https:\\\/\\\/diarioprincipios.com\\\/index.php\\\/2025\\\/04\\\/24\\\/nuevo-edificio-para-la-escuela-de-educacion-artistica\\\/\"},\"author\":{\"name\":\"Hern\u00e1n L\u00f3pez\",\"@id\":\"https:\\\/\\\/diarioprincipios.com\\\/#\\\/schema\\\/person\\\/436d5a1fd41a5e250e23ff5a6a7cb080\"},\"headline\":\"Nuevo Edificio para la Escuela de Educaci\u00f3n Art\u00edstica\",\"datePublished\":\"2025-04-24T14:07:40+00:00\",\"dateModified\":\"2025-04-24T14:07:41+00:00\",\"mainEntityOfPage\":{\"@id\":\"https:\\\/\\\/diarioprincipios.com\\\/index.php\\\/2025\\\/04\\\/24\\\/nuevo-edificio-para-la-escuela-de-educacion-artistica\\\/\"},\"wordCount\":289,\"commentCount\":0,\"publisher\":{\"@id\":\"https:\\\/\\\/diarioprincipios.com\\\/#organization\"},\"image\":{\"@id\":\"https:\\\/\\\/diarioprincipios.com\\\/index.php\\\/2025\\\/04\\\/24\\\/nuevo-edificio-para-la-escuela-de-educacion-artistica\\\/#primaryimage\"},\"thumbnailUrl\":\"https:\\\/\\\/diarioprincipios.com\\\/wp-content\\\/uploads\\\/2025\\\/04\\\/NUEVO-EDIFICIO-PARA-LA-ESCUELA-DE-EDUCACION-ARTISTICA.jpg\",\"articleSection\":[\"Berazategui\",\"Cultura y Educaci\u00f3n\"],\"inLanguage\":\"es\",\"potentialAction\":[{\"@type\":\"CommentAction\",\"name\":\"Comment\",\"target\":[\"https:\\\/\\\/diarioprincipios.com\\\/index.php\\\/2025\\\/04\\\/24\\\/nuevo-edificio-para-la-escuela-de-educacion-artistica\\\/#respond\"]}]},{\"@type\":\"WebPage\",\"@id\":\"https:\\\/\\\/diarioprincipios.com\\\/index.php\\\/2025\\\/04\\\/24\\\/nuevo-edificio-para-la-escuela-de-educacion-artistica\\\/\",\"url\":\"https:\\\/\\\/diarioprincipios.com\\\/index.php\\\/2025\\\/04\\\/24\\\/nuevo-edificio-para-la-escuela-de-educacion-artistica\\\/\",\"name\":\"Nuevo Edificio para la Escuela de Educaci\u00f3n Art\u00edstica - Principios\",\"isPartOf\":{\"@id\":\"https:\\\/\\\/diarioprincipios.com\\\/#website\"},\"primaryImageOfPage\":{\"@id\":\"https:\\\/\\\/diarioprincipios.com\\\/index.php\\\/2025\\\/04\\\/24\\\/nuevo-edificio-para-la-escuela-de-educacion-artistica\\\/#primaryimage\"},\"image\":{\"@id\":\"https:\\\/\\\/diarioprincipios.com\\\/index.php\\\/2025\\\/04\\\/24\\\/nuevo-edificio-para-la-escuela-de-educacion-artistica\\\/#primaryimage\"},\"thumbnailUrl\":\"https:\\\/\\\/diarioprincipios.com\\\/wp-content\\\/uploads\\\/2025\\\/04\\\/NUEVO-EDIFICIO-PARA-LA-ESCUELA-DE-EDUCACION-ARTISTICA.jpg\",\"datePublished\":\"2025-04-24T14:07:40+00:00\",\"dateModified\":\"2025-04-24T14:07:41+00:00\",\"breadcrumb\":{\"@id\":\"https:\\\/\\\/diarioprincipios.com\\\/index.php\\\/2025\\\/04\\\/24\\\/nuevo-edificio-para-la-escuela-de-educacion-artistica\\\/#breadcrumb\"},\"inLanguage\":\"es\",\"potentialAction\":[{\"@type\":\"ReadAction\",\"target\":[\"https:\\\/\\\/diarioprincipios.com\\\/index.php\\\/2025\\\/04\\\/24\\\/nuevo-edificio-para-la-escuela-de-educacion-artistica\\\/\"]}]},{\"@type\":\"ImageObject\",\"inLanguage\":\"es\",\"@id\":\"https:\\\/\\\/diarioprincipios.com\\\/index.php\\\/2025\\\/04\\\/24\\\/nuevo-edificio-para-la-escuela-de-educacion-artistica\\\/#primaryimage\",\"url\":\"https:\\\/\\\/diarioprincipios.com\\\/wp-content\\\/uploads\\\/2025\\\/04\\\/NUEVO-EDIFICIO-PARA-LA-ESCUELA-DE-EDUCACION-ARTISTICA.jpg\",\"contentUrl\":\"https:\\\/\\\/diarioprincipios.com\\\/wp-content\\\/uploads\\\/2025\\\/04\\\/NUEVO-EDIFICIO-PARA-LA-ESCUELA-DE-EDUCACION-ARTISTICA.jpg\",\"width\":1600,\"height\":1066},{\"@type\":\"BreadcrumbList\",\"@id\":\"https:\\\/\\\/diarioprincipios.com\\\/index.php\\\/2025\\\/04\\\/24\\\/nuevo-edificio-para-la-escuela-de-educacion-artistica\\\/#breadcrumb\",\"itemListElement\":[{\"@type\":\"ListItem\",\"position\":1,\"name\":\"Portada\",\"item\":\"https:\\\/\\\/diarioprincipios.com\\\/\"},{\"@type\":\"ListItem\",\"position\":2,\"name\":\"Nuevo Edificio para la Escuela de Educaci\u00f3n Art\u00edstica\"}]},{\"@type\":\"WebSite\",\"@id\":\"https:\\\/\\\/diarioprincipios.com\\\/#website\",\"url\":\"https:\\\/\\\/diarioprincipios.com\\\/\",\"name\":\"Principios\",\"description\":\"Principios Diario\",\"publisher\":{\"@id\":\"https:\\\/\\\/diarioprincipios.com\\\/#organization\"},\"potentialAction\":[{\"@type\":\"SearchAction\",\"target\":{\"@type\":\"EntryPoint\",\"urlTemplate\":\"https:\\\/\\\/diarioprincipios.com\\\/?s={search_term_string}\"},\"query-input\":{\"@type\":\"PropertyValueSpecification\",\"valueRequired\":true,\"valueName\":\"search_term_string\"}}],\"inLanguage\":\"es\"},{\"@type\":\"Organization\",\"@id\":\"https:\\\/\\\/diarioprincipios.com\\\/#organization\",\"name\":\"Principios\",\"url\":\"https:\\\/\\\/diarioprincipios.com\\\/\",\"logo\":{\"@type\":\"ImageObject\",\"inLanguage\":\"es\",\"@id\":\"https:\\\/\\\/diarioprincipios.com\\\/#\\\/schema\\\/logo\\\/image\\\/\",\"url\":\"https:\\\/\\\/diarioprincipios.com\\\/wp-content\\\/uploads\\\/2024\\\/04\\\/cropped-www.diarioprincipios.com_-1.png\",\"contentUrl\":\"https:\\\/\\\/diarioprincipios.com\\\/wp-content\\\/uploads\\\/2024\\\/04\\\/cropped-www.diarioprincipios.com_-1.png\",\"width\":5325,\"height\":1454,\"caption\":\"Principios\"},\"image\":{\"@id\":\"https:\\\/\\\/diarioprincipios.com\\\/#\\\/schema\\\/logo\\\/image\\\/\"}},{\"@type\":\"Person\",\"@id\":\"https:\\\/\\\/diarioprincipios.com\\\/#\\\/schema\\\/person\\\/436d5a1fd41a5e250e23ff5a6a7cb080\",\"name\":\"Hern\u00e1n L\u00f3pez\",\"image\":{\"@type\":\"ImageObject\",\"inLanguage\":\"es\",\"@id\":\"https:\\\/\\\/diarioprincipios.com\\\/wp-content\\\/litespeed\\\/avatar\\\/11ddfe5610ff3bd100522525b2571f48.jpg?ver=1777048341\",\"url\":\"https:\\\/\\\/diarioprincipios.com\\\/wp-content\\\/litespeed\\\/avatar\\\/11ddfe5610ff3bd100522525b2571f48.jpg?ver=1777048341\",\"contentUrl\":\"https:\\\/\\\/diarioprincipios.com\\\/wp-content\\\/litespeed\\\/avatar\\\/11ddfe5610ff3bd100522525b2571f48.jpg?ver=1777048341\",\"caption\":\"Hern\u00e1n L\u00f3pez\"},\"url\":\"https:\\\/\\\/diarioprincipios.com\\\/index.php\\\/author\\\/hernan\\\/\"}]}<\/script>\n<!-- \/ Yoast SEO plugin. -->","yoast_head_json":{"title":"Nuevo Edificio para la Escuela de Educaci\u00f3n Art\u00edstica - Principios","robots":{"index":"index","follow":"follow","max-snippet":"max-snippet:-1","max-image-preview":"max-image-preview:large","max-video-preview":"max-video-preview:-1"},"canonical":"https:\/\/diarioprincipios.com\/index.php\/2025\/04\/24\/nuevo-edificio-para-la-escuela-de-educacion-artistica\/","og_locale":"es_ES","og_type":"article","og_title":"Nuevo Edificio para la Escuela de Educaci\u00f3n Art\u00edstica - Principios","og_description":"Berazategui contar\u00e1 con un nuevo edificio para la Escuela de Educaci\u00f3n Art\u00edstica N\u00b0 1, mediante el convenio que firm\u00f3 el intendente municipal, Juan Jos\u00e9 Mussi, con las autoridades de COOPECUR. De esta manera, la Cooperativa cedi\u00f3 un espacio ubicado en calle 53 y 134 para que all\u00ed se construya el establecimiento educativo. \u201cNo ten\u00edamos terreno...","og_url":"https:\/\/diarioprincipios.com\/index.php\/2025\/04\/24\/nuevo-edificio-para-la-escuela-de-educacion-artistica\/","og_site_name":"Principios","article_published_time":"2025-04-24T14:07:40+00:00","article_modified_time":"2025-04-24T14:07:41+00:00","og_image":[{"width":1600,"height":1066,"url":"https:\/\/diarioprincipios.com\/wp-content\/uploads\/2025\/04\/NUEVO-EDIFICIO-PARA-LA-ESCUELA-DE-EDUCACION-ARTISTICA.jpg","type":"image\/jpeg"}],"author":"Hern\u00e1n L\u00f3pez","twitter_card":"summary_large_image","twitter_misc":{"Escrito por":"Hern\u00e1n L\u00f3pez","Tiempo de lectura":"2 minutos"},"schema":{"@context":"https:\/\/schema.org","@graph":[{"@type":"Article","@id":"https:\/\/diarioprincipios.com\/index.php\/2025\/04\/24\/nuevo-edificio-para-la-escuela-de-educacion-artistica\/#article","isPartOf":{"@id":"https:\/\/diarioprincipios.com\/index.php\/2025\/04\/24\/nuevo-edificio-para-la-escuela-de-educacion-artistica\/"},"author":{"name":"Hern\u00e1n L\u00f3pez","@id":"https:\/\/diarioprincipios.com\/#\/schema\/person\/436d5a1fd41a5e250e23ff5a6a7cb080"},"headline":"Nuevo Edificio para la Escuela de Educaci\u00f3n Art\u00edstica","datePublished":"2025-04-24T14:07:40+00:00","dateModified":"2025-04-24T14:07:41+00:00","mainEntityOfPage":{"@id":"https:\/\/diarioprincipios.com\/index.php\/2025\/04\/24\/nuevo-edificio-para-la-escuela-de-educacion-artistica\/"},"wordCount":289,"commentCount":0,"publisher":{"@id":"https:\/\/diarioprincipios.com\/#organization"},"image":{"@id":"https:\/\/diarioprincipios.com\/index.php\/2025\/04\/24\/nuevo-edificio-para-la-escuela-de-educacion-artistica\/#primaryimage"},"thumbnailUrl":"https:\/\/diarioprincipios.com\/wp-content\/uploads\/2025\/04\/NUEVO-EDIFICIO-PARA-LA-ESCUELA-DE-EDUCACION-ARTISTICA.jpg","articleSection":["Berazategui","Cultura y Educaci\u00f3n"],"inLanguage":"es","potentialAction":[{"@type":"CommentAction","name":"Comment","target":["https:\/\/diarioprincipios.com\/index.php\/2025\/04\/24\/nuevo-edificio-para-la-escuela-de-educacion-artistica\/#respond"]}]},{"@type":"WebPage","@id":"https:\/\/diarioprincipios.com\/index.php\/2025\/04\/24\/nuevo-edificio-para-la-escuela-de-educacion-artistica\/","url":"https:\/\/diarioprincipios.com\/index.php\/2025\/04\/24\/nuevo-edificio-para-la-escuela-de-educacion-artistica\/","name":"Nuevo Edificio para la Escuela de Educaci\u00f3n Art\u00edstica - Principios","isPartOf":{"@id":"https:\/\/diarioprincipios.com\/#website"},"primaryImageOfPage":{"@id":"https:\/\/diarioprincipios.com\/index.php\/2025\/04\/24\/nuevo-edificio-para-la-escuela-de-educacion-artistica\/#primaryimage"},"image":{"@id":"https:\/\/diarioprincipios.com\/index.php\/2025\/04\/24\/nuevo-edificio-para-la-escuela-de-educacion-artistica\/#primaryimage"},"thumbnailUrl":"https:\/\/diarioprincipios.com\/wp-content\/uploads\/2025\/04\/NUEVO-EDIFICIO-PARA-LA-ESCUELA-DE-EDUCACION-ARTISTICA.jpg","datePublished":"2025-04-24T14:07:40+00:00","dateModified":"2025-04-24T14:07:41+00:00","breadcrumb":{"@id":"https:\/\/diarioprincipios.com\/index.php\/2025\/04\/24\/nuevo-edificio-para-la-escuela-de-educacion-artistica\/#breadcrumb"},"inLanguage":"es","potentialAction":[{"@type":"ReadAction","target":["https:\/\/diarioprincipios.com\/index.php\/2025\/04\/24\/nuevo-edificio-para-la-escuela-de-educacion-artistica\/"]}]},{"@type":"ImageObject","inLanguage":"es","@id":"https:\/\/diarioprincipios.com\/index.php\/2025\/04\/24\/nuevo-edificio-para-la-escuela-de-educacion-artistica\/#primaryimage","url":"https:\/\/diarioprincipios.com\/wp-content\/uploads\/2025\/04\/NUEVO-EDIFICIO-PARA-LA-ESCUELA-DE-EDUCACION-ARTISTICA.jpg","contentUrl":"https:\/\/diarioprincipios.com\/wp-content\/uploads\/2025\/04\/NUEVO-EDIFICIO-PARA-LA-ESCUELA-DE-EDUCACION-ARTISTICA.jpg","width":1600,"height":1066},{"@type":"BreadcrumbList","@id":"https:\/\/diarioprincipios.com\/index.php\/2025\/04\/24\/nuevo-edificio-para-la-escuela-de-educacion-artistica\/#breadcrumb","itemListElement":[{"@type":"ListItem","position":1,"name":"Portada","item":"https:\/\/diarioprincipios.com\/"},{"@type":"ListItem","position":2,"name":"Nuevo Edificio para la Escuela de Educaci\u00f3n Art\u00edstica"}]},{"@type":"WebSite","@id":"https:\/\/diarioprincipios.com\/#website","url":"https:\/\/diarioprincipios.com\/","name":"Principios","description":"Principios Diario","publisher":{"@id":"https:\/\/diarioprincipios.com\/#organization"},"potentialAction":[{"@type":"SearchAction","target":{"@type":"EntryPoint","urlTemplate":"https:\/\/diarioprincipios.com\/?s={search_term_string}"},"query-input":{"@type":"PropertyValueSpecification","valueRequired":true,"valueName":"search_term_string"}}],"inLanguage":"es"},{"@type":"Organization","@id":"https:\/\/diarioprincipios.com\/#organization","name":"Principios","url":"https:\/\/diarioprincipios.com\/","logo":{"@type":"ImageObject","inLanguage":"es","@id":"https:\/\/diarioprincipios.com\/#\/schema\/logo\/image\/","url":"https:\/\/diarioprincipios.com\/wp-content\/uploads\/2024\/04\/cropped-www.diarioprincipios.com_-1.png","contentUrl":"https:\/\/diarioprincipios.com\/wp-content\/uploads\/2024\/04\/cropped-www.diarioprincipios.com_-1.png","width":5325,"height":1454,"caption":"Principios"},"image":{"@id":"https:\/\/diarioprincipios.com\/#\/schema\/logo\/image\/"}},{"@type":"Person","@id":"https:\/\/diarioprincipios.com\/#\/schema\/person\/436d5a1fd41a5e250e23ff5a6a7cb080","name":"Hern\u00e1n L\u00f3pez","image":{"@type":"ImageObject","inLanguage":"es","@id":"https:\/\/diarioprincipios.com\/wp-content\/litespeed\/avatar\/11ddfe5610ff3bd100522525b2571f48.jpg?ver=1777048341","url":"https:\/\/diarioprincipios.com\/wp-content\/litespeed\/avatar\/11ddfe5610ff3bd100522525b2571f48.jpg?ver=1777048341","contentUrl":"https:\/\/diarioprincipios.com\/wp-content\/litespeed\/avatar\/11ddfe5610ff3bd100522525b2571f48.jpg?ver=1777048341","caption":"Hern\u00e1n L\u00f3pez"},"url":"https:\/\/diarioprincipios.com\/index.php\/author\/hernan\/"}]}},"jetpack_featured_media_url":"https:\/\/diarioprincipios.com\/wp-content\/uploads\/2025\/04\/NUEVO-EDIFICIO-PARA-LA-ESCUELA-DE-EDUCACION-ARTISTICA.jpg","_links":{"self":[{"href":"https:\/\/diarioprincipios.com\/index.php\/wp-json\/wp\/v2\/posts\/24526","targetHints":{"allow":["GET"]}}],"collection":[{"href":"https:\/\/diarioprincipios.com\/index.php\/wp-json\/wp\/v2\/posts"}],"about":[{"href":"https:\/\/diarioprincipios.com\/index.php\/wp-json\/wp\/v2\/types\/post"}],"author":[{"embeddable":true,"href":"https:\/\/diarioprincipios.com\/index.php\/wp-json\/wp\/v2\/users\/2"}],"replies":[{"embeddable":true,"href":"https:\/\/diarioprincipios.com\/index.php\/wp-json\/wp\/v2\/comments?post=24526"}],"version-history":[{"count":1,"href":"https:\/\/diarioprincipios.com\/index.php\/wp-json\/wp\/v2\/posts\/24526\/revisions"}],"predecessor-version":[{"id":24528,"href":"https:\/\/diarioprincipios.com\/index.php\/wp-json\/wp\/v2\/posts\/24526\/revisions\/24528"}],"wp:featuredmedia":[{"embeddable":true,"href":"https:\/\/diarioprincipios.com\/index.php\/wp-json\/wp\/v2\/media\/24527"}],"wp:attachment":[{"href":"https:\/\/diarioprincipios.com\/index.php\/wp-json\/wp\/v2\/media?parent=24526"}],"wp:term":[{"taxonomy":"category","embeddable":true,"href":"https:\/\/diarioprincipios.com\/index.php\/wp-json\/wp\/v2\/categories?post=24526"},{"taxonomy":"post_tag","embeddable":true,"href":"https:\/\/diarioprincipios.com\/index.php\/wp-json\/wp\/v2\/tags?post=24526"}],"curies":[{"name":"wp","href":"https:\/\/api.w.org\/{rel}","templated":true}]}}