{"id":24509,"date":"2025-04-23T12:01:45","date_gmt":"2025-04-23T15:01:45","guid":{"rendered":"https:\/\/diarioprincipios.com\/?p=24509"},"modified":"2025-04-23T12:01:50","modified_gmt":"2025-04-23T15:01:50","slug":"cientos-de-personas-participan-de-las-jornadas-de-vacunacion","status":"publish","type":"post","link":"https:\/\/diarioprincipios.com\/index.php\/2025\/04\/23\/cientos-de-personas-participan-de-las-jornadas-de-vacunacion\/","title":{"rendered":"Cientos de Personas participan de las Jornadas de Vacunaci\u00f3n"},"content":{"rendered":"\n<p><strong>La Municipalidad de Berazategui lleva a cabo jornadas de vacunaci\u00f3n en distintos puntos de la ciudad. All\u00ed, se aplican vacunas del Calendario Nacional obligatorio, COVID-19, VSR (para personas gestantes), antigripal y refuerzo contra el sarampi\u00f3n (para ni\u00f1os y ni\u00f1as de 6 meses a 5 a\u00f1os), de manera f\u00e1cil y gratuita.<\/strong><br>Se encuentra la posta de Av. 14 y 147, que funciona los lunes, martes, jueves y viernes, de 10.00 a 14.00; y los mi\u00e9rcoles y s\u00e1bados, de 10.00 a 13.00 (se suspende por lluvias).<br>Adem\u00e1s de este punto fijo, el Municipio recorre los barrios con el Programa Acercando Salud, que brinda el servicio de vacunaci\u00f3n, entre otros. Esta semana estar\u00e1 el mi\u00e9rcoles 23 de abril, en la Sociedad de Fomento Barrio Argentina (calle 115 y 12), de 15.00 a 18.00. Asimismo, lleva adelante jornadas itinerantes de la Campa\u00f1a de Refuerzo contra el Sarampi\u00f3n. El Vacunatorio m\u00f3vil se acerca a las plazas y agentes sanitarios recorren los barrios casa por casa. Las pr\u00f3ximas se realizar\u00e1n el 23\/04 en la Plaza San Juan (calle 126 y 19); el 24\/04 en la Plaza 12 de Octubre (9 y 131); y el 26\/04 en la Plaza Villa Olivero (10 y 155).<br>Elvio Gaspar, vecino que se acerc\u00f3 con su familia a la posta de Av. 14 y 147, destac\u00f3 la importancia de contar con un servicio as\u00ed: \u201cCon la vacunaci\u00f3n se previene y se favorece a la salud, por eso celebro que existan estas jornadas que tienen una gran atenci\u00f3n por parte del personal\u201d.<br>Asimismo, est\u00e1n a disposici\u00f3n los siguientes espacios:De lunes a viernes de 8.00 a 16.00:-CAPS N\u00b0 1 Dr. Javier S\u00e1batto (Av. 14 e\/ 131 y 132, Berazategui Oeste).-CAPS N\u00b0 11 (calle 517 y 611, Ruta 36 km 38,5, El Pato).-Vacunatorio Mujeres de Malvinas (calle 52 B e\/ 134 y 135 A, Hudson).<br>Tambi\u00e9n est\u00e1n disponibles los Centros de Atenci\u00f3n Primaria de Salud (CAPS) de los barrios. Para conocer sus direcciones y las pol\u00edticas sanitarias de la Secretar\u00eda de Salud P\u00fablica e Higiene municipal, se puede ingresar en\u00a0<a href=\"http:\/\/berazategui.gob.ar\/salud\" target=\"_blank\" rel=\"noreferrer noopener\">Berazategui.gob.ar\/salud<\/a>.<\/p>\n","protected":false},"excerpt":{"rendered":"<p>La Municipalidad de Berazategui lleva a cabo jornadas de vacunaci\u00f3n en distintos puntos de la ciudad. All\u00ed, se aplican vacunas del Calendario Nacional obligatorio, COVID-19, VSR (para personas gestantes), antigripal y refuerzo contra el sarampi\u00f3n (para ni\u00f1os y ni\u00f1as de 6 meses a 5 a\u00f1os), de manera f\u00e1cil y gratuita.Se encuentra la posta de Av&#8230;.<\/p>\n","protected":false},"author":2,"featured_media":24510,"comment_status":"open","ping_status":"open","sticky":false,"template":"","format":"standard","meta":{"footnotes":""},"categories":[3,20],"tags":[],"class_list":["post-24509","post","type-post","status-publish","format-standard","has-post-thumbnail","hentry","category-berazategui","category-salud-ambiente"],"featured_image_src":"https:\/\/diarioprincipios.com\/wp-content\/uploads\/2025\/04\/CIENTOS-DE-VECINOS-Y-VECINAS-PARTICIPAN-DE-LAS-JORNADAS-DE-VACUNACION-1-1024x683.jpg","blog_images":{"medium":"https:\/\/diarioprincipios.com\/wp-content\/uploads\/2025\/04\/CIENTOS-DE-VECINOS-Y-VECINAS-PARTICIPAN-DE-LAS-JORNADAS-DE-VACUNACION-1-300x200.jpg","large":"https:\/\/diarioprincipios.com\/wp-content\/uploads\/2025\/04\/CIENTOS-DE-VECINOS-Y-VECINAS-PARTICIPAN-DE-LAS-JORNADAS-DE-VACUNACION-1-1024x683.jpg"},"ams_acf":[],"yoast_head":"<!-- This site is optimized with the Yoast SEO plugin v27.3 - https:\/\/yoast.com\/product\/yoast-seo-wordpress\/ -->\n<title>Cientos de Personas participan de las Jornadas de Vacunaci\u00f3n - Principios<\/title>\n<meta name=\"robots\" content=\"index, follow, max-snippet:-1, max-image-preview:large, max-video-preview:-1\" \/>\n<link rel=\"canonical\" href=\"https:\/\/diarioprincipios.com\/index.php\/2025\/04\/23\/cientos-de-personas-participan-de-las-jornadas-de-vacunacion\/\" \/>\n<meta property=\"og:locale\" content=\"es_ES\" \/>\n<meta property=\"og:type\" content=\"article\" \/>\n<meta property=\"og:title\" content=\"Cientos de Personas participan de las Jornadas de Vacunaci\u00f3n - Principios\" \/>\n<meta property=\"og:description\" content=\"La Municipalidad de Berazategui lleva a cabo jornadas de vacunaci\u00f3n en distintos puntos de la ciudad. All\u00ed, se aplican vacunas del Calendario Nacional obligatorio, COVID-19, VSR (para personas gestantes), antigripal y refuerzo contra el sarampi\u00f3n (para ni\u00f1os y ni\u00f1as de 6 meses a 5 a\u00f1os), de manera f\u00e1cil y gratuita.Se encuentra la posta de Av....\" \/>\n<meta property=\"og:url\" content=\"https:\/\/diarioprincipios.com\/index.php\/2025\/04\/23\/cientos-de-personas-participan-de-las-jornadas-de-vacunacion\/\" \/>\n<meta property=\"og:site_name\" content=\"Principios\" \/>\n<meta property=\"article:published_time\" content=\"2025-04-23T15:01:45+00:00\" \/>\n<meta property=\"article:modified_time\" content=\"2025-04-23T15:01:50+00:00\" \/>\n<meta property=\"og:image\" content=\"https:\/\/diarioprincipios.com\/wp-content\/uploads\/2025\/04\/CIENTOS-DE-VECINOS-Y-VECINAS-PARTICIPAN-DE-LAS-JORNADAS-DE-VACUNACION-1.jpg\" \/>\n\t<meta property=\"og:image:width\" content=\"1920\" \/>\n\t<meta property=\"og:image:height\" content=\"1280\" \/>\n\t<meta property=\"og:image:type\" content=\"image\/jpeg\" \/>\n<meta name=\"author\" content=\"Hern\u00e1n L\u00f3pez\" \/>\n<meta name=\"twitter:card\" content=\"summary_large_image\" \/>\n<meta name=\"twitter:label1\" content=\"Escrito por\" \/>\n\t<meta name=\"twitter:data1\" content=\"Hern\u00e1n L\u00f3pez\" \/>\n\t<meta name=\"twitter:label2\" content=\"Tiempo de lectura\" \/>\n\t<meta name=\"twitter:data2\" content=\"2 minutos\" \/>\n<script type=\"application\/ld+json\" class=\"yoast-schema-graph\">{\"@context\":\"https:\\\/\\\/schema.org\",\"@graph\":[{\"@type\":\"Article\",\"@id\":\"https:\\\/\\\/diarioprincipios.com\\\/index.php\\\/2025\\\/04\\\/23\\\/cientos-de-personas-participan-de-las-jornadas-de-vacunacion\\\/#article\",\"isPartOf\":{\"@id\":\"https:\\\/\\\/diarioprincipios.com\\\/index.php\\\/2025\\\/04\\\/23\\\/cientos-de-personas-participan-de-las-jornadas-de-vacunacion\\\/\"},\"author\":{\"name\":\"Hern\u00e1n L\u00f3pez\",\"@id\":\"https:\\\/\\\/diarioprincipios.com\\\/#\\\/schema\\\/person\\\/436d5a1fd41a5e250e23ff5a6a7cb080\"},\"headline\":\"Cientos de Personas participan de las Jornadas de Vacunaci\u00f3n\",\"datePublished\":\"2025-04-23T15:01:45+00:00\",\"dateModified\":\"2025-04-23T15:01:50+00:00\",\"mainEntityOfPage\":{\"@id\":\"https:\\\/\\\/diarioprincipios.com\\\/index.php\\\/2025\\\/04\\\/23\\\/cientos-de-personas-participan-de-las-jornadas-de-vacunacion\\\/\"},\"wordCount\":342,\"commentCount\":0,\"publisher\":{\"@id\":\"https:\\\/\\\/diarioprincipios.com\\\/#organization\"},\"image\":{\"@id\":\"https:\\\/\\\/diarioprincipios.com\\\/index.php\\\/2025\\\/04\\\/23\\\/cientos-de-personas-participan-de-las-jornadas-de-vacunacion\\\/#primaryimage\"},\"thumbnailUrl\":\"https:\\\/\\\/diarioprincipios.com\\\/wp-content\\\/uploads\\\/2025\\\/04\\\/CIENTOS-DE-VECINOS-Y-VECINAS-PARTICIPAN-DE-LAS-JORNADAS-DE-VACUNACION-1.jpg\",\"articleSection\":[\"Berazategui\",\"Salud y Ambiente\"],\"inLanguage\":\"es\",\"potentialAction\":[{\"@type\":\"CommentAction\",\"name\":\"Comment\",\"target\":[\"https:\\\/\\\/diarioprincipios.com\\\/index.php\\\/2025\\\/04\\\/23\\\/cientos-de-personas-participan-de-las-jornadas-de-vacunacion\\\/#respond\"]}]},{\"@type\":\"WebPage\",\"@id\":\"https:\\\/\\\/diarioprincipios.com\\\/index.php\\\/2025\\\/04\\\/23\\\/cientos-de-personas-participan-de-las-jornadas-de-vacunacion\\\/\",\"url\":\"https:\\\/\\\/diarioprincipios.com\\\/index.php\\\/2025\\\/04\\\/23\\\/cientos-de-personas-participan-de-las-jornadas-de-vacunacion\\\/\",\"name\":\"Cientos de Personas participan de las Jornadas de Vacunaci\u00f3n - Principios\",\"isPartOf\":{\"@id\":\"https:\\\/\\\/diarioprincipios.com\\\/#website\"},\"primaryImageOfPage\":{\"@id\":\"https:\\\/\\\/diarioprincipios.com\\\/index.php\\\/2025\\\/04\\\/23\\\/cientos-de-personas-participan-de-las-jornadas-de-vacunacion\\\/#primaryimage\"},\"image\":{\"@id\":\"https:\\\/\\\/diarioprincipios.com\\\/index.php\\\/2025\\\/04\\\/23\\\/cientos-de-personas-participan-de-las-jornadas-de-vacunacion\\\/#primaryimage\"},\"thumbnailUrl\":\"https:\\\/\\\/diarioprincipios.com\\\/wp-content\\\/uploads\\\/2025\\\/04\\\/CIENTOS-DE-VECINOS-Y-VECINAS-PARTICIPAN-DE-LAS-JORNADAS-DE-VACUNACION-1.jpg\",\"datePublished\":\"2025-04-23T15:01:45+00:00\",\"dateModified\":\"2025-04-23T15:01:50+00:00\",\"breadcrumb\":{\"@id\":\"https:\\\/\\\/diarioprincipios.com\\\/index.php\\\/2025\\\/04\\\/23\\\/cientos-de-personas-participan-de-las-jornadas-de-vacunacion\\\/#breadcrumb\"},\"inLanguage\":\"es\",\"potentialAction\":[{\"@type\":\"ReadAction\",\"target\":[\"https:\\\/\\\/diarioprincipios.com\\\/index.php\\\/2025\\\/04\\\/23\\\/cientos-de-personas-participan-de-las-jornadas-de-vacunacion\\\/\"]}]},{\"@type\":\"ImageObject\",\"inLanguage\":\"es\",\"@id\":\"https:\\\/\\\/diarioprincipios.com\\\/index.php\\\/2025\\\/04\\\/23\\\/cientos-de-personas-participan-de-las-jornadas-de-vacunacion\\\/#primaryimage\",\"url\":\"https:\\\/\\\/diarioprincipios.com\\\/wp-content\\\/uploads\\\/2025\\\/04\\\/CIENTOS-DE-VECINOS-Y-VECINAS-PARTICIPAN-DE-LAS-JORNADAS-DE-VACUNACION-1.jpg\",\"contentUrl\":\"https:\\\/\\\/diarioprincipios.com\\\/wp-content\\\/uploads\\\/2025\\\/04\\\/CIENTOS-DE-VECINOS-Y-VECINAS-PARTICIPAN-DE-LAS-JORNADAS-DE-VACUNACION-1.jpg\",\"width\":1920,\"height\":1280},{\"@type\":\"BreadcrumbList\",\"@id\":\"https:\\\/\\\/diarioprincipios.com\\\/index.php\\\/2025\\\/04\\\/23\\\/cientos-de-personas-participan-de-las-jornadas-de-vacunacion\\\/#breadcrumb\",\"itemListElement\":[{\"@type\":\"ListItem\",\"position\":1,\"name\":\"Portada\",\"item\":\"https:\\\/\\\/diarioprincipios.com\\\/\"},{\"@type\":\"ListItem\",\"position\":2,\"name\":\"Cientos de Personas participan de las Jornadas de Vacunaci\u00f3n\"}]},{\"@type\":\"WebSite\",\"@id\":\"https:\\\/\\\/diarioprincipios.com\\\/#website\",\"url\":\"https:\\\/\\\/diarioprincipios.com\\\/\",\"name\":\"Principios\",\"description\":\"Principios Diario\",\"publisher\":{\"@id\":\"https:\\\/\\\/diarioprincipios.com\\\/#organization\"},\"potentialAction\":[{\"@type\":\"SearchAction\",\"target\":{\"@type\":\"EntryPoint\",\"urlTemplate\":\"https:\\\/\\\/diarioprincipios.com\\\/?s={search_term_string}\"},\"query-input\":{\"@type\":\"PropertyValueSpecification\",\"valueRequired\":true,\"valueName\":\"search_term_string\"}}],\"inLanguage\":\"es\"},{\"@type\":\"Organization\",\"@id\":\"https:\\\/\\\/diarioprincipios.com\\\/#organization\",\"name\":\"Principios\",\"url\":\"https:\\\/\\\/diarioprincipios.com\\\/\",\"logo\":{\"@type\":\"ImageObject\",\"inLanguage\":\"es\",\"@id\":\"https:\\\/\\\/diarioprincipios.com\\\/#\\\/schema\\\/logo\\\/image\\\/\",\"url\":\"https:\\\/\\\/diarioprincipios.com\\\/wp-content\\\/uploads\\\/2024\\\/04\\\/cropped-www.diarioprincipios.com_-1.png\",\"contentUrl\":\"https:\\\/\\\/diarioprincipios.com\\\/wp-content\\\/uploads\\\/2024\\\/04\\\/cropped-www.diarioprincipios.com_-1.png\",\"width\":5325,\"height\":1454,\"caption\":\"Principios\"},\"image\":{\"@id\":\"https:\\\/\\\/diarioprincipios.com\\\/#\\\/schema\\\/logo\\\/image\\\/\"}},{\"@type\":\"Person\",\"@id\":\"https:\\\/\\\/diarioprincipios.com\\\/#\\\/schema\\\/person\\\/436d5a1fd41a5e250e23ff5a6a7cb080\",\"name\":\"Hern\u00e1n L\u00f3pez\",\"image\":{\"@type\":\"ImageObject\",\"inLanguage\":\"es\",\"@id\":\"https:\\\/\\\/diarioprincipios.com\\\/wp-content\\\/litespeed\\\/avatar\\\/11ddfe5610ff3bd100522525b2571f48.jpg?ver=1777653193\",\"url\":\"https:\\\/\\\/diarioprincipios.com\\\/wp-content\\\/litespeed\\\/avatar\\\/11ddfe5610ff3bd100522525b2571f48.jpg?ver=1777653193\",\"contentUrl\":\"https:\\\/\\\/diarioprincipios.com\\\/wp-content\\\/litespeed\\\/avatar\\\/11ddfe5610ff3bd100522525b2571f48.jpg?ver=1777653193\",\"caption\":\"Hern\u00e1n L\u00f3pez\"},\"url\":\"https:\\\/\\\/diarioprincipios.com\\\/index.php\\\/author\\\/hernan\\\/\"}]}<\/script>\n<!-- \/ Yoast SEO plugin. -->","yoast_head_json":{"title":"Cientos de Personas participan de las Jornadas de Vacunaci\u00f3n - Principios","robots":{"index":"index","follow":"follow","max-snippet":"max-snippet:-1","max-image-preview":"max-image-preview:large","max-video-preview":"max-video-preview:-1"},"canonical":"https:\/\/diarioprincipios.com\/index.php\/2025\/04\/23\/cientos-de-personas-participan-de-las-jornadas-de-vacunacion\/","og_locale":"es_ES","og_type":"article","og_title":"Cientos de Personas participan de las Jornadas de Vacunaci\u00f3n - Principios","og_description":"La Municipalidad de Berazategui lleva a cabo jornadas de vacunaci\u00f3n en distintos puntos de la ciudad. All\u00ed, se aplican vacunas del Calendario Nacional obligatorio, COVID-19, VSR (para personas gestantes), antigripal y refuerzo contra el sarampi\u00f3n (para ni\u00f1os y ni\u00f1as de 6 meses a 5 a\u00f1os), de manera f\u00e1cil y gratuita.Se encuentra la posta de Av....","og_url":"https:\/\/diarioprincipios.com\/index.php\/2025\/04\/23\/cientos-de-personas-participan-de-las-jornadas-de-vacunacion\/","og_site_name":"Principios","article_published_time":"2025-04-23T15:01:45+00:00","article_modified_time":"2025-04-23T15:01:50+00:00","og_image":[{"width":1920,"height":1280,"url":"https:\/\/diarioprincipios.com\/wp-content\/uploads\/2025\/04\/CIENTOS-DE-VECINOS-Y-VECINAS-PARTICIPAN-DE-LAS-JORNADAS-DE-VACUNACION-1.jpg","type":"image\/jpeg"}],"author":"Hern\u00e1n L\u00f3pez","twitter_card":"summary_large_image","twitter_misc":{"Escrito por":"Hern\u00e1n L\u00f3pez","Tiempo de lectura":"2 minutos"},"schema":{"@context":"https:\/\/schema.org","@graph":[{"@type":"Article","@id":"https:\/\/diarioprincipios.com\/index.php\/2025\/04\/23\/cientos-de-personas-participan-de-las-jornadas-de-vacunacion\/#article","isPartOf":{"@id":"https:\/\/diarioprincipios.com\/index.php\/2025\/04\/23\/cientos-de-personas-participan-de-las-jornadas-de-vacunacion\/"},"author":{"name":"Hern\u00e1n L\u00f3pez","@id":"https:\/\/diarioprincipios.com\/#\/schema\/person\/436d5a1fd41a5e250e23ff5a6a7cb080"},"headline":"Cientos de Personas participan de las Jornadas de Vacunaci\u00f3n","datePublished":"2025-04-23T15:01:45+00:00","dateModified":"2025-04-23T15:01:50+00:00","mainEntityOfPage":{"@id":"https:\/\/diarioprincipios.com\/index.php\/2025\/04\/23\/cientos-de-personas-participan-de-las-jornadas-de-vacunacion\/"},"wordCount":342,"commentCount":0,"publisher":{"@id":"https:\/\/diarioprincipios.com\/#organization"},"image":{"@id":"https:\/\/diarioprincipios.com\/index.php\/2025\/04\/23\/cientos-de-personas-participan-de-las-jornadas-de-vacunacion\/#primaryimage"},"thumbnailUrl":"https:\/\/diarioprincipios.com\/wp-content\/uploads\/2025\/04\/CIENTOS-DE-VECINOS-Y-VECINAS-PARTICIPAN-DE-LAS-JORNADAS-DE-VACUNACION-1.jpg","articleSection":["Berazategui","Salud y Ambiente"],"inLanguage":"es","potentialAction":[{"@type":"CommentAction","name":"Comment","target":["https:\/\/diarioprincipios.com\/index.php\/2025\/04\/23\/cientos-de-personas-participan-de-las-jornadas-de-vacunacion\/#respond"]}]},{"@type":"WebPage","@id":"https:\/\/diarioprincipios.com\/index.php\/2025\/04\/23\/cientos-de-personas-participan-de-las-jornadas-de-vacunacion\/","url":"https:\/\/diarioprincipios.com\/index.php\/2025\/04\/23\/cientos-de-personas-participan-de-las-jornadas-de-vacunacion\/","name":"Cientos de Personas participan de las Jornadas de Vacunaci\u00f3n - Principios","isPartOf":{"@id":"https:\/\/diarioprincipios.com\/#website"},"primaryImageOfPage":{"@id":"https:\/\/diarioprincipios.com\/index.php\/2025\/04\/23\/cientos-de-personas-participan-de-las-jornadas-de-vacunacion\/#primaryimage"},"image":{"@id":"https:\/\/diarioprincipios.com\/index.php\/2025\/04\/23\/cientos-de-personas-participan-de-las-jornadas-de-vacunacion\/#primaryimage"},"thumbnailUrl":"https:\/\/diarioprincipios.com\/wp-content\/uploads\/2025\/04\/CIENTOS-DE-VECINOS-Y-VECINAS-PARTICIPAN-DE-LAS-JORNADAS-DE-VACUNACION-1.jpg","datePublished":"2025-04-23T15:01:45+00:00","dateModified":"2025-04-23T15:01:50+00:00","breadcrumb":{"@id":"https:\/\/diarioprincipios.com\/index.php\/2025\/04\/23\/cientos-de-personas-participan-de-las-jornadas-de-vacunacion\/#breadcrumb"},"inLanguage":"es","potentialAction":[{"@type":"ReadAction","target":["https:\/\/diarioprincipios.com\/index.php\/2025\/04\/23\/cientos-de-personas-participan-de-las-jornadas-de-vacunacion\/"]}]},{"@type":"ImageObject","inLanguage":"es","@id":"https:\/\/diarioprincipios.com\/index.php\/2025\/04\/23\/cientos-de-personas-participan-de-las-jornadas-de-vacunacion\/#primaryimage","url":"https:\/\/diarioprincipios.com\/wp-content\/uploads\/2025\/04\/CIENTOS-DE-VECINOS-Y-VECINAS-PARTICIPAN-DE-LAS-JORNADAS-DE-VACUNACION-1.jpg","contentUrl":"https:\/\/diarioprincipios.com\/wp-content\/uploads\/2025\/04\/CIENTOS-DE-VECINOS-Y-VECINAS-PARTICIPAN-DE-LAS-JORNADAS-DE-VACUNACION-1.jpg","width":1920,"height":1280},{"@type":"BreadcrumbList","@id":"https:\/\/diarioprincipios.com\/index.php\/2025\/04\/23\/cientos-de-personas-participan-de-las-jornadas-de-vacunacion\/#breadcrumb","itemListElement":[{"@type":"ListItem","position":1,"name":"Portada","item":"https:\/\/diarioprincipios.com\/"},{"@type":"ListItem","position":2,"name":"Cientos de Personas participan de las Jornadas de Vacunaci\u00f3n"}]},{"@type":"WebSite","@id":"https:\/\/diarioprincipios.com\/#website","url":"https:\/\/diarioprincipios.com\/","name":"Principios","description":"Principios Diario","publisher":{"@id":"https:\/\/diarioprincipios.com\/#organization"},"potentialAction":[{"@type":"SearchAction","target":{"@type":"EntryPoint","urlTemplate":"https:\/\/diarioprincipios.com\/?s={search_term_string}"},"query-input":{"@type":"PropertyValueSpecification","valueRequired":true,"valueName":"search_term_string"}}],"inLanguage":"es"},{"@type":"Organization","@id":"https:\/\/diarioprincipios.com\/#organization","name":"Principios","url":"https:\/\/diarioprincipios.com\/","logo":{"@type":"ImageObject","inLanguage":"es","@id":"https:\/\/diarioprincipios.com\/#\/schema\/logo\/image\/","url":"https:\/\/diarioprincipios.com\/wp-content\/uploads\/2024\/04\/cropped-www.diarioprincipios.com_-1.png","contentUrl":"https:\/\/diarioprincipios.com\/wp-content\/uploads\/2024\/04\/cropped-www.diarioprincipios.com_-1.png","width":5325,"height":1454,"caption":"Principios"},"image":{"@id":"https:\/\/diarioprincipios.com\/#\/schema\/logo\/image\/"}},{"@type":"Person","@id":"https:\/\/diarioprincipios.com\/#\/schema\/person\/436d5a1fd41a5e250e23ff5a6a7cb080","name":"Hern\u00e1n L\u00f3pez","image":{"@type":"ImageObject","inLanguage":"es","@id":"https:\/\/diarioprincipios.com\/wp-content\/litespeed\/avatar\/11ddfe5610ff3bd100522525b2571f48.jpg?ver=1777653193","url":"https:\/\/diarioprincipios.com\/wp-content\/litespeed\/avatar\/11ddfe5610ff3bd100522525b2571f48.jpg?ver=1777653193","contentUrl":"https:\/\/diarioprincipios.com\/wp-content\/litespeed\/avatar\/11ddfe5610ff3bd100522525b2571f48.jpg?ver=1777653193","caption":"Hern\u00e1n L\u00f3pez"},"url":"https:\/\/diarioprincipios.com\/index.php\/author\/hernan\/"}]}},"jetpack_featured_media_url":"https:\/\/diarioprincipios.com\/wp-content\/uploads\/2025\/04\/CIENTOS-DE-VECINOS-Y-VECINAS-PARTICIPAN-DE-LAS-JORNADAS-DE-VACUNACION-1.jpg","_links":{"self":[{"href":"https:\/\/diarioprincipios.com\/index.php\/wp-json\/wp\/v2\/posts\/24509","targetHints":{"allow":["GET"]}}],"collection":[{"href":"https:\/\/diarioprincipios.com\/index.php\/wp-json\/wp\/v2\/posts"}],"about":[{"href":"https:\/\/diarioprincipios.com\/index.php\/wp-json\/wp\/v2\/types\/post"}],"author":[{"embeddable":true,"href":"https:\/\/diarioprincipios.com\/index.php\/wp-json\/wp\/v2\/users\/2"}],"replies":[{"embeddable":true,"href":"https:\/\/diarioprincipios.com\/index.php\/wp-json\/wp\/v2\/comments?post=24509"}],"version-history":[{"count":1,"href":"https:\/\/diarioprincipios.com\/index.php\/wp-json\/wp\/v2\/posts\/24509\/revisions"}],"predecessor-version":[{"id":24511,"href":"https:\/\/diarioprincipios.com\/index.php\/wp-json\/wp\/v2\/posts\/24509\/revisions\/24511"}],"wp:featuredmedia":[{"embeddable":true,"href":"https:\/\/diarioprincipios.com\/index.php\/wp-json\/wp\/v2\/media\/24510"}],"wp:attachment":[{"href":"https:\/\/diarioprincipios.com\/index.php\/wp-json\/wp\/v2\/media?parent=24509"}],"wp:term":[{"taxonomy":"category","embeddable":true,"href":"https:\/\/diarioprincipios.com\/index.php\/wp-json\/wp\/v2\/categories?post=24509"},{"taxonomy":"post_tag","embeddable":true,"href":"https:\/\/diarioprincipios.com\/index.php\/wp-json\/wp\/v2\/tags?post=24509"}],"curies":[{"name":"wp","href":"https:\/\/api.w.org\/{rel}","templated":true}]}}