{"id":24487,"date":"2025-04-17T10:55:58","date_gmt":"2025-04-17T13:55:58","guid":{"rendered":"https:\/\/diarioprincipios.com\/?p=24487"},"modified":"2025-04-17T10:55:59","modified_gmt":"2025-04-17T13:55:59","slug":"arbitro-formado-por-la-asociacion-de-voley-fue-convocado-a-dirigir-en-campeonato-argentino","status":"publish","type":"post","link":"https:\/\/diarioprincipios.com\/index.php\/2025\/04\/17\/arbitro-formado-por-la-asociacion-de-voley-fue-convocado-a-dirigir-en-campeonato-argentino\/","title":{"rendered":"\u00c1rbitro formado por la Asociaci\u00f3n de V\u00f3ley fue convocado a dirigir en Campeonato Argentino"},"content":{"rendered":"\n<p>Maximiliano Luque, actual coordinador de \u00e1rbitros de la Asociaci\u00f3n de V\u00f3ley Capital Nacional del Vidrio, fue convocado a dirigir en el Campeonato Argentino de Selecciones de Newcom que se disputar\u00e1 durante esta Semana Santa en Chapadmalal con la participaci\u00f3n de selecciones de varias provincias de nuestro pa\u00eds.<br>Maximiliano, que fue formado en los cursos realizados por la propia Asociaci\u00f3n, fue designado para arbitrar en este Torneo por la Secretar\u00eda Nacional de Arbitraje.<br>Entrevistado por Principios dijo que \u00abempec\u00e9 a vincularme con el v\u00f3ley desde los 17 a\u00f1os participando en varias ligas, hoy tengo 35, y llegu\u00e9 en 2018 a la Asociaci\u00f3n de Voley Capital Nacional del Vidrio como jugador de \u00abLobos V\u00f3ley\u00bb, en 2022 luego de la pandemia me comentaron de los cursos de planilleros y me anot\u00e9, al mes y pico ya estaba haciendo el de \u00e1rbitros\u00bb, agregando que \u00aba Celia (Presidenta de la Asociaci\u00f3n) le gust\u00f3 mi personalidad y de a poco comenc\u00e9 a dirigir en todas las categor\u00edas, tanto inferiores como mayores, lo hice en los Torneos, las Copas y particip\u00e9 de cuanta actividad hubo, tambi\u00e9n de las capacitaciones, tanto en V\u00f3ley como en Newcom\u00bb.<\/p>\n\n\n\n<figure class=\"wp-block-image size-large\"><img loading=\"lazy\" decoding=\"async\" width=\"1024\" height=\"768\" src=\"https:\/\/diarioprincipios.com\/wp-content\/uploads\/2025\/04\/IMG-20250411-WA0046-1024x768.jpg\" alt=\"\" class=\"wp-image-24488\" srcset=\"https:\/\/diarioprincipios.com\/wp-content\/uploads\/2025\/04\/IMG-20250411-WA0046-1024x768.jpg 1024w, https:\/\/diarioprincipios.com\/wp-content\/uploads\/2025\/04\/IMG-20250411-WA0046-300x225.jpg 300w, https:\/\/diarioprincipios.com\/wp-content\/uploads\/2025\/04\/IMG-20250411-WA0046-768x576.jpg 768w, https:\/\/diarioprincipios.com\/wp-content\/uploads\/2025\/04\/IMG-20250411-WA0046-1536x1152.jpg 1536w, https:\/\/diarioprincipios.com\/wp-content\/uploads\/2025\/04\/IMG-20250411-WA0046.jpg 1600w\" sizes=\"auto, (max-width: 1024px) 100vw, 1024px\" \/><\/figure>\n\n\n\n<p><br>Luque, que actualmente es coordinador de \u00e1rbitros de la mencionada Asociaci\u00f3n, contin\u00fao relatando que \u00aben 2023 comenc\u00e9 a arbitrar en torneos de la Metro (Federaci\u00f3n Metropolitana), as\u00ed fu\u00ed creciendo y el a\u00f1o pasado me comentaron que estaba para dirigir en el Torneo Nacional de Newcom, tambi\u00e9n eso implicaba hacer la homologaci\u00f3n para dirigir en Torneos de la FEVA (Federaci\u00f3n de Voley Argentina)\u00bb.<br>En el verano de 2023 Maximiliano coordin\u00f3 los arbitrajes del Torneo de Villa Marista en Mar Del Plata, que estuvieron bajo la coordinaci\u00f3n de Celia Cabrera.<\/p>\n\n\n\n<figure class=\"wp-block-image size-large\"><img loading=\"lazy\" decoding=\"async\" width=\"1024\" height=\"768\" src=\"https:\/\/diarioprincipios.com\/wp-content\/uploads\/2025\/04\/IMG-20250318-WA0109-1024x768.jpg\" alt=\"\" class=\"wp-image-24489\" srcset=\"https:\/\/diarioprincipios.com\/wp-content\/uploads\/2025\/04\/IMG-20250318-WA0109-1024x768.jpg 1024w, https:\/\/diarioprincipios.com\/wp-content\/uploads\/2025\/04\/IMG-20250318-WA0109-300x225.jpg 300w, https:\/\/diarioprincipios.com\/wp-content\/uploads\/2025\/04\/IMG-20250318-WA0109-768x576.jpg 768w, https:\/\/diarioprincipios.com\/wp-content\/uploads\/2025\/04\/IMG-20250318-WA0109-1536x1152.jpg 1536w, https:\/\/diarioprincipios.com\/wp-content\/uploads\/2025\/04\/IMG-20250318-WA0109.jpg 1600w\" sizes=\"auto, (max-width: 1024px) 100vw, 1024px\" \/><\/figure>\n\n\n\n<p><br>Sostuvo luego que \u00abtras aprobar la homologaci\u00f3n, lleg\u00f3 la citaci\u00f3n para el Torneo Argentino y la posibilidad de arbitrar a nivel nacional, lo cual es un sue\u00f1o cumplido\u00bb, acotando que \u00abla capacitaci\u00f3n es muy importante para estar actualizado, y la que brindan los Cursos de la Asociaci\u00f3n de Voley Capital Nacional del Vidrio son de primer nivel, los hechos lo demuestran, Celia (Cabrera) y todo el equipo pueden estar muy orgullosos\u00bb.<br>Finalmente dijo que \u00abpara mi es un honor ser ahora quien coordine este cursos, estoy muy agradecido con la Asociaci\u00f3n de V\u00f3ley y con Celia por darme esta oportunidad de crecimiento la cual ahora puedo aportar para que tamb\u00e9n la tengan otros j\u00f3venes\u00bb.<\/p>\n","protected":false},"excerpt":{"rendered":"<p>Maximiliano Luque, actual coordinador de \u00e1rbitros de la Asociaci\u00f3n de V\u00f3ley Capital Nacional del Vidrio, fue convocado a dirigir en el Campeonato Argentino de Selecciones de Newcom que se disputar\u00e1 durante esta Semana Santa en Chapadmalal con la participaci\u00f3n de selecciones de varias provincias de nuestro pa\u00eds.Maximiliano, que fue formado en los cursos realizados por&#8230;<\/p>\n","protected":false},"author":2,"featured_media":24490,"comment_status":"open","ping_status":"open","sticky":false,"template":"","format":"standard","meta":{"footnotes":""},"categories":[6],"tags":[],"class_list":["post-24487","post","type-post","status-publish","format-standard","has-post-thumbnail","hentry","category-deportes"],"featured_image_src":"https:\/\/diarioprincipios.com\/wp-content\/uploads\/2025\/04\/IMG-20250416-WA0017-576x1024.jpg","blog_images":{"medium":"https:\/\/diarioprincipios.com\/wp-content\/uploads\/2025\/04\/IMG-20250416-WA0017-169x300.jpg","large":"https:\/\/diarioprincipios.com\/wp-content\/uploads\/2025\/04\/IMG-20250416-WA0017-576x1024.jpg"},"ams_acf":[],"yoast_head":"<!-- This site is optimized with the Yoast SEO plugin v27.3 - https:\/\/yoast.com\/product\/yoast-seo-wordpress\/ -->\n<title>\u00c1rbitro formado por la Asociaci\u00f3n de V\u00f3ley fue convocado a dirigir en Campeonato Argentino - Principios<\/title>\n<meta name=\"robots\" content=\"index, follow, max-snippet:-1, max-image-preview:large, max-video-preview:-1\" \/>\n<link rel=\"canonical\" href=\"https:\/\/diarioprincipios.com\/index.php\/2025\/04\/17\/arbitro-formado-por-la-asociacion-de-voley-fue-convocado-a-dirigir-en-campeonato-argentino\/\" \/>\n<meta property=\"og:locale\" content=\"es_ES\" \/>\n<meta property=\"og:type\" content=\"article\" \/>\n<meta property=\"og:title\" content=\"\u00c1rbitro formado por la Asociaci\u00f3n de V\u00f3ley fue convocado a dirigir en Campeonato Argentino - Principios\" \/>\n<meta property=\"og:description\" content=\"Maximiliano Luque, actual coordinador de \u00e1rbitros de la Asociaci\u00f3n de V\u00f3ley Capital Nacional del Vidrio, fue convocado a dirigir en el Campeonato Argentino de Selecciones de Newcom que se disputar\u00e1 durante esta Semana Santa en Chapadmalal con la participaci\u00f3n de selecciones de varias provincias de nuestro pa\u00eds.Maximiliano, que fue formado en los cursos realizados por...\" \/>\n<meta property=\"og:url\" content=\"https:\/\/diarioprincipios.com\/index.php\/2025\/04\/17\/arbitro-formado-por-la-asociacion-de-voley-fue-convocado-a-dirigir-en-campeonato-argentino\/\" \/>\n<meta property=\"og:site_name\" content=\"Principios\" \/>\n<meta property=\"article:published_time\" content=\"2025-04-17T13:55:58+00:00\" \/>\n<meta property=\"article:modified_time\" content=\"2025-04-17T13:55:59+00:00\" \/>\n<meta property=\"og:image\" content=\"https:\/\/diarioprincipios.com\/wp-content\/uploads\/2025\/04\/IMG-20250416-WA0017.jpg\" \/>\n\t<meta property=\"og:image:width\" content=\"720\" \/>\n\t<meta property=\"og:image:height\" content=\"1280\" \/>\n\t<meta property=\"og:image:type\" content=\"image\/jpeg\" \/>\n<meta name=\"author\" content=\"Hern\u00e1n L\u00f3pez\" \/>\n<meta name=\"twitter:card\" content=\"summary_large_image\" \/>\n<meta name=\"twitter:label1\" content=\"Escrito por\" \/>\n\t<meta name=\"twitter:data1\" content=\"Hern\u00e1n L\u00f3pez\" \/>\n\t<meta name=\"twitter:label2\" content=\"Tiempo de lectura\" \/>\n\t<meta name=\"twitter:data2\" content=\"3 minutos\" \/>\n<script type=\"application\/ld+json\" class=\"yoast-schema-graph\">{\"@context\":\"https:\\\/\\\/schema.org\",\"@graph\":[{\"@type\":\"Article\",\"@id\":\"https:\\\/\\\/diarioprincipios.com\\\/index.php\\\/2025\\\/04\\\/17\\\/arbitro-formado-por-la-asociacion-de-voley-fue-convocado-a-dirigir-en-campeonato-argentino\\\/#article\",\"isPartOf\":{\"@id\":\"https:\\\/\\\/diarioprincipios.com\\\/index.php\\\/2025\\\/04\\\/17\\\/arbitro-formado-por-la-asociacion-de-voley-fue-convocado-a-dirigir-en-campeonato-argentino\\\/\"},\"author\":{\"name\":\"Hern\u00e1n L\u00f3pez\",\"@id\":\"https:\\\/\\\/diarioprincipios.com\\\/#\\\/schema\\\/person\\\/436d5a1fd41a5e250e23ff5a6a7cb080\"},\"headline\":\"\u00c1rbitro formado por la Asociaci\u00f3n de V\u00f3ley fue convocado a dirigir en Campeonato Argentino\",\"datePublished\":\"2025-04-17T13:55:58+00:00\",\"dateModified\":\"2025-04-17T13:55:59+00:00\",\"mainEntityOfPage\":{\"@id\":\"https:\\\/\\\/diarioprincipios.com\\\/index.php\\\/2025\\\/04\\\/17\\\/arbitro-formado-por-la-asociacion-de-voley-fue-convocado-a-dirigir-en-campeonato-argentino\\\/\"},\"wordCount\":431,\"commentCount\":0,\"publisher\":{\"@id\":\"https:\\\/\\\/diarioprincipios.com\\\/#organization\"},\"image\":{\"@id\":\"https:\\\/\\\/diarioprincipios.com\\\/index.php\\\/2025\\\/04\\\/17\\\/arbitro-formado-por-la-asociacion-de-voley-fue-convocado-a-dirigir-en-campeonato-argentino\\\/#primaryimage\"},\"thumbnailUrl\":\"https:\\\/\\\/diarioprincipios.com\\\/wp-content\\\/uploads\\\/2025\\\/04\\\/IMG-20250416-WA0017.jpg\",\"articleSection\":[\"Deportes\"],\"inLanguage\":\"es\",\"potentialAction\":[{\"@type\":\"CommentAction\",\"name\":\"Comment\",\"target\":[\"https:\\\/\\\/diarioprincipios.com\\\/index.php\\\/2025\\\/04\\\/17\\\/arbitro-formado-por-la-asociacion-de-voley-fue-convocado-a-dirigir-en-campeonato-argentino\\\/#respond\"]}]},{\"@type\":\"WebPage\",\"@id\":\"https:\\\/\\\/diarioprincipios.com\\\/index.php\\\/2025\\\/04\\\/17\\\/arbitro-formado-por-la-asociacion-de-voley-fue-convocado-a-dirigir-en-campeonato-argentino\\\/\",\"url\":\"https:\\\/\\\/diarioprincipios.com\\\/index.php\\\/2025\\\/04\\\/17\\\/arbitro-formado-por-la-asociacion-de-voley-fue-convocado-a-dirigir-en-campeonato-argentino\\\/\",\"name\":\"\u00c1rbitro formado por la Asociaci\u00f3n de V\u00f3ley fue convocado a dirigir en Campeonato Argentino - Principios\",\"isPartOf\":{\"@id\":\"https:\\\/\\\/diarioprincipios.com\\\/#website\"},\"primaryImageOfPage\":{\"@id\":\"https:\\\/\\\/diarioprincipios.com\\\/index.php\\\/2025\\\/04\\\/17\\\/arbitro-formado-por-la-asociacion-de-voley-fue-convocado-a-dirigir-en-campeonato-argentino\\\/#primaryimage\"},\"image\":{\"@id\":\"https:\\\/\\\/diarioprincipios.com\\\/index.php\\\/2025\\\/04\\\/17\\\/arbitro-formado-por-la-asociacion-de-voley-fue-convocado-a-dirigir-en-campeonato-argentino\\\/#primaryimage\"},\"thumbnailUrl\":\"https:\\\/\\\/diarioprincipios.com\\\/wp-content\\\/uploads\\\/2025\\\/04\\\/IMG-20250416-WA0017.jpg\",\"datePublished\":\"2025-04-17T13:55:58+00:00\",\"dateModified\":\"2025-04-17T13:55:59+00:00\",\"breadcrumb\":{\"@id\":\"https:\\\/\\\/diarioprincipios.com\\\/index.php\\\/2025\\\/04\\\/17\\\/arbitro-formado-por-la-asociacion-de-voley-fue-convocado-a-dirigir-en-campeonato-argentino\\\/#breadcrumb\"},\"inLanguage\":\"es\",\"potentialAction\":[{\"@type\":\"ReadAction\",\"target\":[\"https:\\\/\\\/diarioprincipios.com\\\/index.php\\\/2025\\\/04\\\/17\\\/arbitro-formado-por-la-asociacion-de-voley-fue-convocado-a-dirigir-en-campeonato-argentino\\\/\"]}]},{\"@type\":\"ImageObject\",\"inLanguage\":\"es\",\"@id\":\"https:\\\/\\\/diarioprincipios.com\\\/index.php\\\/2025\\\/04\\\/17\\\/arbitro-formado-por-la-asociacion-de-voley-fue-convocado-a-dirigir-en-campeonato-argentino\\\/#primaryimage\",\"url\":\"https:\\\/\\\/diarioprincipios.com\\\/wp-content\\\/uploads\\\/2025\\\/04\\\/IMG-20250416-WA0017.jpg\",\"contentUrl\":\"https:\\\/\\\/diarioprincipios.com\\\/wp-content\\\/uploads\\\/2025\\\/04\\\/IMG-20250416-WA0017.jpg\",\"width\":720,\"height\":1280},{\"@type\":\"BreadcrumbList\",\"@id\":\"https:\\\/\\\/diarioprincipios.com\\\/index.php\\\/2025\\\/04\\\/17\\\/arbitro-formado-por-la-asociacion-de-voley-fue-convocado-a-dirigir-en-campeonato-argentino\\\/#breadcrumb\",\"itemListElement\":[{\"@type\":\"ListItem\",\"position\":1,\"name\":\"Portada\",\"item\":\"https:\\\/\\\/diarioprincipios.com\\\/\"},{\"@type\":\"ListItem\",\"position\":2,\"name\":\"\u00c1rbitro formado por la Asociaci\u00f3n de V\u00f3ley fue convocado a dirigir en Campeonato Argentino\"}]},{\"@type\":\"WebSite\",\"@id\":\"https:\\\/\\\/diarioprincipios.com\\\/#website\",\"url\":\"https:\\\/\\\/diarioprincipios.com\\\/\",\"name\":\"Principios\",\"description\":\"Principios Diario\",\"publisher\":{\"@id\":\"https:\\\/\\\/diarioprincipios.com\\\/#organization\"},\"potentialAction\":[{\"@type\":\"SearchAction\",\"target\":{\"@type\":\"EntryPoint\",\"urlTemplate\":\"https:\\\/\\\/diarioprincipios.com\\\/?s={search_term_string}\"},\"query-input\":{\"@type\":\"PropertyValueSpecification\",\"valueRequired\":true,\"valueName\":\"search_term_string\"}}],\"inLanguage\":\"es\"},{\"@type\":\"Organization\",\"@id\":\"https:\\\/\\\/diarioprincipios.com\\\/#organization\",\"name\":\"Principios\",\"url\":\"https:\\\/\\\/diarioprincipios.com\\\/\",\"logo\":{\"@type\":\"ImageObject\",\"inLanguage\":\"es\",\"@id\":\"https:\\\/\\\/diarioprincipios.com\\\/#\\\/schema\\\/logo\\\/image\\\/\",\"url\":\"https:\\\/\\\/diarioprincipios.com\\\/wp-content\\\/uploads\\\/2024\\\/04\\\/cropped-www.diarioprincipios.com_-1.png\",\"contentUrl\":\"https:\\\/\\\/diarioprincipios.com\\\/wp-content\\\/uploads\\\/2024\\\/04\\\/cropped-www.diarioprincipios.com_-1.png\",\"width\":5325,\"height\":1454,\"caption\":\"Principios\"},\"image\":{\"@id\":\"https:\\\/\\\/diarioprincipios.com\\\/#\\\/schema\\\/logo\\\/image\\\/\"}},{\"@type\":\"Person\",\"@id\":\"https:\\\/\\\/diarioprincipios.com\\\/#\\\/schema\\\/person\\\/436d5a1fd41a5e250e23ff5a6a7cb080\",\"name\":\"Hern\u00e1n L\u00f3pez\",\"image\":{\"@type\":\"ImageObject\",\"inLanguage\":\"es\",\"@id\":\"https:\\\/\\\/diarioprincipios.com\\\/wp-content\\\/litespeed\\\/avatar\\\/11ddfe5610ff3bd100522525b2571f48.jpg?ver=1777653193\",\"url\":\"https:\\\/\\\/diarioprincipios.com\\\/wp-content\\\/litespeed\\\/avatar\\\/11ddfe5610ff3bd100522525b2571f48.jpg?ver=1777653193\",\"contentUrl\":\"https:\\\/\\\/diarioprincipios.com\\\/wp-content\\\/litespeed\\\/avatar\\\/11ddfe5610ff3bd100522525b2571f48.jpg?ver=1777653193\",\"caption\":\"Hern\u00e1n L\u00f3pez\"},\"url\":\"https:\\\/\\\/diarioprincipios.com\\\/index.php\\\/author\\\/hernan\\\/\"}]}<\/script>\n<!-- \/ Yoast SEO plugin. -->","yoast_head_json":{"title":"\u00c1rbitro formado por la Asociaci\u00f3n de V\u00f3ley fue convocado a dirigir en Campeonato Argentino - Principios","robots":{"index":"index","follow":"follow","max-snippet":"max-snippet:-1","max-image-preview":"max-image-preview:large","max-video-preview":"max-video-preview:-1"},"canonical":"https:\/\/diarioprincipios.com\/index.php\/2025\/04\/17\/arbitro-formado-por-la-asociacion-de-voley-fue-convocado-a-dirigir-en-campeonato-argentino\/","og_locale":"es_ES","og_type":"article","og_title":"\u00c1rbitro formado por la Asociaci\u00f3n de V\u00f3ley fue convocado a dirigir en Campeonato Argentino - Principios","og_description":"Maximiliano Luque, actual coordinador de \u00e1rbitros de la Asociaci\u00f3n de V\u00f3ley Capital Nacional del Vidrio, fue convocado a dirigir en el Campeonato Argentino de Selecciones de Newcom que se disputar\u00e1 durante esta Semana Santa en Chapadmalal con la participaci\u00f3n de selecciones de varias provincias de nuestro pa\u00eds.Maximiliano, que fue formado en los cursos realizados por...","og_url":"https:\/\/diarioprincipios.com\/index.php\/2025\/04\/17\/arbitro-formado-por-la-asociacion-de-voley-fue-convocado-a-dirigir-en-campeonato-argentino\/","og_site_name":"Principios","article_published_time":"2025-04-17T13:55:58+00:00","article_modified_time":"2025-04-17T13:55:59+00:00","og_image":[{"width":720,"height":1280,"url":"https:\/\/diarioprincipios.com\/wp-content\/uploads\/2025\/04\/IMG-20250416-WA0017.jpg","type":"image\/jpeg"}],"author":"Hern\u00e1n L\u00f3pez","twitter_card":"summary_large_image","twitter_misc":{"Escrito por":"Hern\u00e1n L\u00f3pez","Tiempo de lectura":"3 minutos"},"schema":{"@context":"https:\/\/schema.org","@graph":[{"@type":"Article","@id":"https:\/\/diarioprincipios.com\/index.php\/2025\/04\/17\/arbitro-formado-por-la-asociacion-de-voley-fue-convocado-a-dirigir-en-campeonato-argentino\/#article","isPartOf":{"@id":"https:\/\/diarioprincipios.com\/index.php\/2025\/04\/17\/arbitro-formado-por-la-asociacion-de-voley-fue-convocado-a-dirigir-en-campeonato-argentino\/"},"author":{"name":"Hern\u00e1n L\u00f3pez","@id":"https:\/\/diarioprincipios.com\/#\/schema\/person\/436d5a1fd41a5e250e23ff5a6a7cb080"},"headline":"\u00c1rbitro formado por la Asociaci\u00f3n de V\u00f3ley fue convocado a dirigir en Campeonato Argentino","datePublished":"2025-04-17T13:55:58+00:00","dateModified":"2025-04-17T13:55:59+00:00","mainEntityOfPage":{"@id":"https:\/\/diarioprincipios.com\/index.php\/2025\/04\/17\/arbitro-formado-por-la-asociacion-de-voley-fue-convocado-a-dirigir-en-campeonato-argentino\/"},"wordCount":431,"commentCount":0,"publisher":{"@id":"https:\/\/diarioprincipios.com\/#organization"},"image":{"@id":"https:\/\/diarioprincipios.com\/index.php\/2025\/04\/17\/arbitro-formado-por-la-asociacion-de-voley-fue-convocado-a-dirigir-en-campeonato-argentino\/#primaryimage"},"thumbnailUrl":"https:\/\/diarioprincipios.com\/wp-content\/uploads\/2025\/04\/IMG-20250416-WA0017.jpg","articleSection":["Deportes"],"inLanguage":"es","potentialAction":[{"@type":"CommentAction","name":"Comment","target":["https:\/\/diarioprincipios.com\/index.php\/2025\/04\/17\/arbitro-formado-por-la-asociacion-de-voley-fue-convocado-a-dirigir-en-campeonato-argentino\/#respond"]}]},{"@type":"WebPage","@id":"https:\/\/diarioprincipios.com\/index.php\/2025\/04\/17\/arbitro-formado-por-la-asociacion-de-voley-fue-convocado-a-dirigir-en-campeonato-argentino\/","url":"https:\/\/diarioprincipios.com\/index.php\/2025\/04\/17\/arbitro-formado-por-la-asociacion-de-voley-fue-convocado-a-dirigir-en-campeonato-argentino\/","name":"\u00c1rbitro formado por la Asociaci\u00f3n de V\u00f3ley fue convocado a dirigir en Campeonato Argentino - Principios","isPartOf":{"@id":"https:\/\/diarioprincipios.com\/#website"},"primaryImageOfPage":{"@id":"https:\/\/diarioprincipios.com\/index.php\/2025\/04\/17\/arbitro-formado-por-la-asociacion-de-voley-fue-convocado-a-dirigir-en-campeonato-argentino\/#primaryimage"},"image":{"@id":"https:\/\/diarioprincipios.com\/index.php\/2025\/04\/17\/arbitro-formado-por-la-asociacion-de-voley-fue-convocado-a-dirigir-en-campeonato-argentino\/#primaryimage"},"thumbnailUrl":"https:\/\/diarioprincipios.com\/wp-content\/uploads\/2025\/04\/IMG-20250416-WA0017.jpg","datePublished":"2025-04-17T13:55:58+00:00","dateModified":"2025-04-17T13:55:59+00:00","breadcrumb":{"@id":"https:\/\/diarioprincipios.com\/index.php\/2025\/04\/17\/arbitro-formado-por-la-asociacion-de-voley-fue-convocado-a-dirigir-en-campeonato-argentino\/#breadcrumb"},"inLanguage":"es","potentialAction":[{"@type":"ReadAction","target":["https:\/\/diarioprincipios.com\/index.php\/2025\/04\/17\/arbitro-formado-por-la-asociacion-de-voley-fue-convocado-a-dirigir-en-campeonato-argentino\/"]}]},{"@type":"ImageObject","inLanguage":"es","@id":"https:\/\/diarioprincipios.com\/index.php\/2025\/04\/17\/arbitro-formado-por-la-asociacion-de-voley-fue-convocado-a-dirigir-en-campeonato-argentino\/#primaryimage","url":"https:\/\/diarioprincipios.com\/wp-content\/uploads\/2025\/04\/IMG-20250416-WA0017.jpg","contentUrl":"https:\/\/diarioprincipios.com\/wp-content\/uploads\/2025\/04\/IMG-20250416-WA0017.jpg","width":720,"height":1280},{"@type":"BreadcrumbList","@id":"https:\/\/diarioprincipios.com\/index.php\/2025\/04\/17\/arbitro-formado-por-la-asociacion-de-voley-fue-convocado-a-dirigir-en-campeonato-argentino\/#breadcrumb","itemListElement":[{"@type":"ListItem","position":1,"name":"Portada","item":"https:\/\/diarioprincipios.com\/"},{"@type":"ListItem","position":2,"name":"\u00c1rbitro formado por la Asociaci\u00f3n de V\u00f3ley fue convocado a dirigir en Campeonato Argentino"}]},{"@type":"WebSite","@id":"https:\/\/diarioprincipios.com\/#website","url":"https:\/\/diarioprincipios.com\/","name":"Principios","description":"Principios Diario","publisher":{"@id":"https:\/\/diarioprincipios.com\/#organization"},"potentialAction":[{"@type":"SearchAction","target":{"@type":"EntryPoint","urlTemplate":"https:\/\/diarioprincipios.com\/?s={search_term_string}"},"query-input":{"@type":"PropertyValueSpecification","valueRequired":true,"valueName":"search_term_string"}}],"inLanguage":"es"},{"@type":"Organization","@id":"https:\/\/diarioprincipios.com\/#organization","name":"Principios","url":"https:\/\/diarioprincipios.com\/","logo":{"@type":"ImageObject","inLanguage":"es","@id":"https:\/\/diarioprincipios.com\/#\/schema\/logo\/image\/","url":"https:\/\/diarioprincipios.com\/wp-content\/uploads\/2024\/04\/cropped-www.diarioprincipios.com_-1.png","contentUrl":"https:\/\/diarioprincipios.com\/wp-content\/uploads\/2024\/04\/cropped-www.diarioprincipios.com_-1.png","width":5325,"height":1454,"caption":"Principios"},"image":{"@id":"https:\/\/diarioprincipios.com\/#\/schema\/logo\/image\/"}},{"@type":"Person","@id":"https:\/\/diarioprincipios.com\/#\/schema\/person\/436d5a1fd41a5e250e23ff5a6a7cb080","name":"Hern\u00e1n L\u00f3pez","image":{"@type":"ImageObject","inLanguage":"es","@id":"https:\/\/diarioprincipios.com\/wp-content\/litespeed\/avatar\/11ddfe5610ff3bd100522525b2571f48.jpg?ver=1777653193","url":"https:\/\/diarioprincipios.com\/wp-content\/litespeed\/avatar\/11ddfe5610ff3bd100522525b2571f48.jpg?ver=1777653193","contentUrl":"https:\/\/diarioprincipios.com\/wp-content\/litespeed\/avatar\/11ddfe5610ff3bd100522525b2571f48.jpg?ver=1777653193","caption":"Hern\u00e1n L\u00f3pez"},"url":"https:\/\/diarioprincipios.com\/index.php\/author\/hernan\/"}]}},"jetpack_featured_media_url":"https:\/\/diarioprincipios.com\/wp-content\/uploads\/2025\/04\/IMG-20250416-WA0017.jpg","_links":{"self":[{"href":"https:\/\/diarioprincipios.com\/index.php\/wp-json\/wp\/v2\/posts\/24487","targetHints":{"allow":["GET"]}}],"collection":[{"href":"https:\/\/diarioprincipios.com\/index.php\/wp-json\/wp\/v2\/posts"}],"about":[{"href":"https:\/\/diarioprincipios.com\/index.php\/wp-json\/wp\/v2\/types\/post"}],"author":[{"embeddable":true,"href":"https:\/\/diarioprincipios.com\/index.php\/wp-json\/wp\/v2\/users\/2"}],"replies":[{"embeddable":true,"href":"https:\/\/diarioprincipios.com\/index.php\/wp-json\/wp\/v2\/comments?post=24487"}],"version-history":[{"count":1,"href":"https:\/\/diarioprincipios.com\/index.php\/wp-json\/wp\/v2\/posts\/24487\/revisions"}],"predecessor-version":[{"id":24491,"href":"https:\/\/diarioprincipios.com\/index.php\/wp-json\/wp\/v2\/posts\/24487\/revisions\/24491"}],"wp:featuredmedia":[{"embeddable":true,"href":"https:\/\/diarioprincipios.com\/index.php\/wp-json\/wp\/v2\/media\/24490"}],"wp:attachment":[{"href":"https:\/\/diarioprincipios.com\/index.php\/wp-json\/wp\/v2\/media?parent=24487"}],"wp:term":[{"taxonomy":"category","embeddable":true,"href":"https:\/\/diarioprincipios.com\/index.php\/wp-json\/wp\/v2\/categories?post=24487"},{"taxonomy":"post_tag","embeddable":true,"href":"https:\/\/diarioprincipios.com\/index.php\/wp-json\/wp\/v2\/tags?post=24487"}],"curies":[{"name":"wp","href":"https:\/\/api.w.org\/{rel}","templated":true}]}}