{"id":2442,"date":"2020-06-03T12:10:10","date_gmt":"2020-06-03T15:10:10","guid":{"rendered":"http:\/\/diarioprincipios.com\/?p=2442"},"modified":"2020-06-03T12:10:12","modified_gmt":"2020-06-03T15:10:12","slug":"tercera-sesion-virtual-del-senado-para-aprobar-la-educacion-a-distancia-y-alquileres","status":"publish","type":"post","link":"https:\/\/diarioprincipios.com\/index.php\/2020\/06\/03\/tercera-sesion-virtual-del-senado-para-aprobar-la-educacion-a-distancia-y-alquileres\/","title":{"rendered":"Tercera sesi\u00f3n virtual del Senado para aprobar la educaci\u00f3n a distancia y alquileres"},"content":{"rendered":"\n<p>El Senado debatir\u00e1 ma\u00f1ana los proyectos de educaci\u00f3n a distancia y la nueva normativa sobre los contratos de alquiler, en la tercera sesi\u00f3n por videoconferencia que se realizar\u00e1 desde que rige el aislamiento social y obligatorio por la pandemia de coronavirus.<\/p>\n\n\n\n<p>Los senadores debatir\u00e1n adem\u00e1s el aval a una docena de decretos de necesidad y urgencia dictados por el Poder Ejecutivo para mitigar los efectos de la expansi\u00f3n del virus.<\/p>\n\n\n\n<p>La sesi\u00f3n fue convocada para ma\u00f1ana a las 14 por la vicepresidenta de la Naci\u00f3n y presidenta del Senado, Cristina Fern\u00e1ndez de Kirchner.<\/p>\n\n\n\n<p>El proyecto sobre educaci\u00f3n a distancia fue aprobado la semana pasada por la C\u00e1mara de Diputados y obtuvo ayer dictamen de la comisi\u00f3n de Educaci\u00f3n de la C\u00e1mara alta, por lo que ser\u00eda ma\u00f1ana convertido en ley.<\/p>\n\n\n\n<p>La iniciativa ampl\u00eda el art\u00edculo 109 de la Ley de Educaci\u00f3n para permitir el aprendizaje a distancia para menores de 18 a\u00f1os -ya que solo se habilitaba a los adultos y escuelas rurales- cuando existan razones excepcionales en las que no se pueda realizar el ciclo lectivo en forma presencial.<\/p>\n\n\n\n<p>El proyecto de alquileres que tambi\u00e9n obtuvo dictamen ayer y fue incluido en el temario extiende la duraci\u00f3n del plazo de locaci\u00f3n de dos a tres a\u00f1os y establece un mecanismo de actualizaci\u00f3n anual de los montos en base a una combinaci\u00f3n entre el \u00edndice de inflaci\u00f3n y el de salarios (RIPTE).<\/p>\n\n\n\n<p>El art\u00edculo referido a ese c\u00e1lculo fue uno de los que mayor debate gener\u00f3 ayer en el debate en la Comisi\u00f3n de Legislaci\u00f3n General, ya que algunos senadores sospechan que podr\u00eda dejar abierta la posibilidad de que haya m\u00e1s aumentos que los prometidos en la norma.<\/p>\n\n\n\n<p>Adem\u00e1s, los legisladores tratar\u00e1n doce decretos de necesidad y urgencia dictados por el Poder Ejecutivo durante la pandemia.<\/p>\n\n\n\n<p>En la lista se incluy\u00f3 el decreto 457 que modifica el Presupuesto y suspende por este a\u00f1o la limitaci\u00f3n que tiene el jefe de Gabinete para reformular las partidas presupuestarias, y recibi\u00f3 cuestionamientos de la oposici\u00f3n.<\/p>\n\n\n\n<p>Sobre esa norma, el jefe de Gabinete, Santiago Cafiero, aclar\u00f3 que \u00abno se trata de superpoderes\u00bb y afirm\u00f3 que \u00aben momentos extraordinarios\u00bb se requiere un Estado \u00abactivo y flexible\u00bb.<\/p>\n\n\n\n<p>Tambi\u00e9n se incorporaron al temario los decretos de prorroga del aislamiento social, el 409 sobre pr\u00f3rroga de cierre de fronteras por la pandemia y el 426 que prorroga la vigencia de la obligaci\u00f3n de la imposibilidad de suspender el servicio prepago de telefon\u00eda m\u00f3vil o internet por falta de abono.<\/p>\n\n\n\n<p>Los senadores dar\u00e1n adem\u00e1s aval al decreto 256 de transferencia del departamento de interceptaci\u00f3n y captaci\u00f3n de las comunicaciones (DICOM) dependiente dela Procuraci\u00f3n General de la Naci\u00f3n a la \u00f3rbita de la Corte Suprema y el DNU 102 que reformula el plazo de vigencia de los mandatos de las autoridades de la Direcci\u00f3n de Asistencia Judicial en Delitos Complejos y Crimen Organizado del Poder Judicial.<\/p>\n\n\n\n<p>Tambi\u00e9n se incluyeron los DNU 391 y 404 sobre reestructuraci\u00f3n de t\u00edtulos p\u00fablicos emitidos bajo ley extranjera, el decreto 52 de 2019 de intervenci\u00f3n de la Agencia Federal de Inteligencia (AFI) por el plazo prorrogable de 180 d\u00edas y el DNU 487 que proh\u00edbe los despidos sin justa causa y por causales de falta o disminuci\u00f3n de trabajo por fuerza mayor por 60 d\u00edas.<\/p>\n\n\n\n<p>El \u00faltimo de los DNU que se tratar\u00e1 es el 488 emitido el 21 de mayo por el cual se establece un valor fijo para la comercializaci\u00f3n del petr\u00f3leo para refiner\u00edas locales hasta el 31 de diciembre de 2020.<\/p>\n","protected":false},"excerpt":{"rendered":"<p>El Senado debatir\u00e1 ma\u00f1ana los proyectos de educaci\u00f3n a distancia y la nueva normativa sobre los contratos de alquiler, en la tercera sesi\u00f3n por videoconferencia que se realizar\u00e1 desde que rige el aislamiento social y obligatorio por la pandemia de coronavirus. Los senadores debatir\u00e1n adem\u00e1s el aval a una docena de decretos de necesidad y&#8230;<\/p>\n","protected":false},"author":2,"featured_media":2443,"comment_status":"open","ping_status":"open","sticky":false,"template":"","format":"standard","meta":{"footnotes":""},"categories":[10],"tags":[],"class_list":["post-2442","post","type-post","status-publish","format-standard","has-post-thumbnail","hentry","category-nacion"],"featured_image_src":"https:\/\/diarioprincipios.com\/wp-content\/uploads\/2020\/06\/cfk-20en-20el-20recinto-0.jpg","blog_images":{"medium":"https:\/\/diarioprincipios.com\/wp-content\/uploads\/2020\/06\/cfk-20en-20el-20recinto-0-300x200.jpg","large":"https:\/\/diarioprincipios.com\/wp-content\/uploads\/2020\/06\/cfk-20en-20el-20recinto-0.jpg"},"ams_acf":[],"yoast_head":"<!-- This site is optimized with the Yoast SEO plugin v27.3 - https:\/\/yoast.com\/product\/yoast-seo-wordpress\/ -->\n<title>Tercera sesi\u00f3n virtual del Senado para aprobar la educaci\u00f3n a distancia y alquileres - Principios<\/title>\n<meta name=\"robots\" content=\"index, follow, max-snippet:-1, max-image-preview:large, max-video-preview:-1\" \/>\n<link rel=\"canonical\" href=\"https:\/\/diarioprincipios.com\/index.php\/2020\/06\/03\/tercera-sesion-virtual-del-senado-para-aprobar-la-educacion-a-distancia-y-alquileres\/\" \/>\n<meta property=\"og:locale\" content=\"es_ES\" \/>\n<meta property=\"og:type\" content=\"article\" \/>\n<meta property=\"og:title\" content=\"Tercera sesi\u00f3n virtual del Senado para aprobar la educaci\u00f3n a distancia y alquileres - Principios\" \/>\n<meta property=\"og:description\" content=\"El Senado debatir\u00e1 ma\u00f1ana los proyectos de educaci\u00f3n a distancia y la nueva normativa sobre los contratos de alquiler, en la tercera sesi\u00f3n por videoconferencia que se realizar\u00e1 desde que rige el aislamiento social y obligatorio por la pandemia de coronavirus. Los senadores debatir\u00e1n adem\u00e1s el aval a una docena de decretos de necesidad y...\" \/>\n<meta property=\"og:url\" content=\"https:\/\/diarioprincipios.com\/index.php\/2020\/06\/03\/tercera-sesion-virtual-del-senado-para-aprobar-la-educacion-a-distancia-y-alquileres\/\" \/>\n<meta property=\"og:site_name\" content=\"Principios\" \/>\n<meta property=\"article:published_time\" content=\"2020-06-03T15:10:10+00:00\" \/>\n<meta property=\"article:modified_time\" content=\"2020-06-03T15:10:12+00:00\" \/>\n<meta property=\"og:image\" content=\"https:\/\/diarioprincipios.com\/wp-content\/uploads\/2020\/06\/cfk-20en-20el-20recinto-0.jpg\" \/>\n\t<meta property=\"og:image:width\" content=\"960\" \/>\n\t<meta property=\"og:image:height\" content=\"640\" \/>\n\t<meta property=\"og:image:type\" content=\"image\/jpeg\" \/>\n<meta name=\"author\" content=\"Hern\u00e1n L\u00f3pez\" \/>\n<meta name=\"twitter:card\" content=\"summary_large_image\" \/>\n<meta name=\"twitter:label1\" content=\"Escrito por\" \/>\n\t<meta name=\"twitter:data1\" content=\"Hern\u00e1n L\u00f3pez\" \/>\n\t<meta name=\"twitter:label2\" content=\"Tiempo de lectura\" \/>\n\t<meta name=\"twitter:data2\" content=\"3 minutos\" \/>\n<script type=\"application\/ld+json\" class=\"yoast-schema-graph\">{\"@context\":\"https:\\\/\\\/schema.org\",\"@graph\":[{\"@type\":\"Article\",\"@id\":\"https:\\\/\\\/diarioprincipios.com\\\/index.php\\\/2020\\\/06\\\/03\\\/tercera-sesion-virtual-del-senado-para-aprobar-la-educacion-a-distancia-y-alquileres\\\/#article\",\"isPartOf\":{\"@id\":\"https:\\\/\\\/diarioprincipios.com\\\/index.php\\\/2020\\\/06\\\/03\\\/tercera-sesion-virtual-del-senado-para-aprobar-la-educacion-a-distancia-y-alquileres\\\/\"},\"author\":{\"name\":\"Hern\u00e1n L\u00f3pez\",\"@id\":\"https:\\\/\\\/diarioprincipios.com\\\/#\\\/schema\\\/person\\\/436d5a1fd41a5e250e23ff5a6a7cb080\"},\"headline\":\"Tercera sesi\u00f3n virtual del Senado para aprobar la educaci\u00f3n a distancia y alquileres\",\"datePublished\":\"2020-06-03T15:10:10+00:00\",\"dateModified\":\"2020-06-03T15:10:12+00:00\",\"mainEntityOfPage\":{\"@id\":\"https:\\\/\\\/diarioprincipios.com\\\/index.php\\\/2020\\\/06\\\/03\\\/tercera-sesion-virtual-del-senado-para-aprobar-la-educacion-a-distancia-y-alquileres\\\/\"},\"wordCount\":638,\"commentCount\":0,\"publisher\":{\"@id\":\"https:\\\/\\\/diarioprincipios.com\\\/#organization\"},\"image\":{\"@id\":\"https:\\\/\\\/diarioprincipios.com\\\/index.php\\\/2020\\\/06\\\/03\\\/tercera-sesion-virtual-del-senado-para-aprobar-la-educacion-a-distancia-y-alquileres\\\/#primaryimage\"},\"thumbnailUrl\":\"https:\\\/\\\/diarioprincipios.com\\\/wp-content\\\/uploads\\\/2020\\\/06\\\/cfk-20en-20el-20recinto-0.jpg\",\"articleSection\":[\"Naci\u00f3n\"],\"inLanguage\":\"es\",\"potentialAction\":[{\"@type\":\"CommentAction\",\"name\":\"Comment\",\"target\":[\"https:\\\/\\\/diarioprincipios.com\\\/index.php\\\/2020\\\/06\\\/03\\\/tercera-sesion-virtual-del-senado-para-aprobar-la-educacion-a-distancia-y-alquileres\\\/#respond\"]}]},{\"@type\":\"WebPage\",\"@id\":\"https:\\\/\\\/diarioprincipios.com\\\/index.php\\\/2020\\\/06\\\/03\\\/tercera-sesion-virtual-del-senado-para-aprobar-la-educacion-a-distancia-y-alquileres\\\/\",\"url\":\"https:\\\/\\\/diarioprincipios.com\\\/index.php\\\/2020\\\/06\\\/03\\\/tercera-sesion-virtual-del-senado-para-aprobar-la-educacion-a-distancia-y-alquileres\\\/\",\"name\":\"Tercera sesi\u00f3n virtual del Senado para aprobar la educaci\u00f3n a distancia y alquileres - Principios\",\"isPartOf\":{\"@id\":\"https:\\\/\\\/diarioprincipios.com\\\/#website\"},\"primaryImageOfPage\":{\"@id\":\"https:\\\/\\\/diarioprincipios.com\\\/index.php\\\/2020\\\/06\\\/03\\\/tercera-sesion-virtual-del-senado-para-aprobar-la-educacion-a-distancia-y-alquileres\\\/#primaryimage\"},\"image\":{\"@id\":\"https:\\\/\\\/diarioprincipios.com\\\/index.php\\\/2020\\\/06\\\/03\\\/tercera-sesion-virtual-del-senado-para-aprobar-la-educacion-a-distancia-y-alquileres\\\/#primaryimage\"},\"thumbnailUrl\":\"https:\\\/\\\/diarioprincipios.com\\\/wp-content\\\/uploads\\\/2020\\\/06\\\/cfk-20en-20el-20recinto-0.jpg\",\"datePublished\":\"2020-06-03T15:10:10+00:00\",\"dateModified\":\"2020-06-03T15:10:12+00:00\",\"breadcrumb\":{\"@id\":\"https:\\\/\\\/diarioprincipios.com\\\/index.php\\\/2020\\\/06\\\/03\\\/tercera-sesion-virtual-del-senado-para-aprobar-la-educacion-a-distancia-y-alquileres\\\/#breadcrumb\"},\"inLanguage\":\"es\",\"potentialAction\":[{\"@type\":\"ReadAction\",\"target\":[\"https:\\\/\\\/diarioprincipios.com\\\/index.php\\\/2020\\\/06\\\/03\\\/tercera-sesion-virtual-del-senado-para-aprobar-la-educacion-a-distancia-y-alquileres\\\/\"]}]},{\"@type\":\"ImageObject\",\"inLanguage\":\"es\",\"@id\":\"https:\\\/\\\/diarioprincipios.com\\\/index.php\\\/2020\\\/06\\\/03\\\/tercera-sesion-virtual-del-senado-para-aprobar-la-educacion-a-distancia-y-alquileres\\\/#primaryimage\",\"url\":\"https:\\\/\\\/diarioprincipios.com\\\/wp-content\\\/uploads\\\/2020\\\/06\\\/cfk-20en-20el-20recinto-0.jpg\",\"contentUrl\":\"https:\\\/\\\/diarioprincipios.com\\\/wp-content\\\/uploads\\\/2020\\\/06\\\/cfk-20en-20el-20recinto-0.jpg\",\"width\":960,\"height\":640},{\"@type\":\"BreadcrumbList\",\"@id\":\"https:\\\/\\\/diarioprincipios.com\\\/index.php\\\/2020\\\/06\\\/03\\\/tercera-sesion-virtual-del-senado-para-aprobar-la-educacion-a-distancia-y-alquileres\\\/#breadcrumb\",\"itemListElement\":[{\"@type\":\"ListItem\",\"position\":1,\"name\":\"Portada\",\"item\":\"https:\\\/\\\/diarioprincipios.com\\\/\"},{\"@type\":\"ListItem\",\"position\":2,\"name\":\"Tercera sesi\u00f3n virtual del Senado para aprobar la educaci\u00f3n a distancia y alquileres\"}]},{\"@type\":\"WebSite\",\"@id\":\"https:\\\/\\\/diarioprincipios.com\\\/#website\",\"url\":\"https:\\\/\\\/diarioprincipios.com\\\/\",\"name\":\"Principios\",\"description\":\"Principios Diario\",\"publisher\":{\"@id\":\"https:\\\/\\\/diarioprincipios.com\\\/#organization\"},\"potentialAction\":[{\"@type\":\"SearchAction\",\"target\":{\"@type\":\"EntryPoint\",\"urlTemplate\":\"https:\\\/\\\/diarioprincipios.com\\\/?s={search_term_string}\"},\"query-input\":{\"@type\":\"PropertyValueSpecification\",\"valueRequired\":true,\"valueName\":\"search_term_string\"}}],\"inLanguage\":\"es\"},{\"@type\":\"Organization\",\"@id\":\"https:\\\/\\\/diarioprincipios.com\\\/#organization\",\"name\":\"Principios\",\"url\":\"https:\\\/\\\/diarioprincipios.com\\\/\",\"logo\":{\"@type\":\"ImageObject\",\"inLanguage\":\"es\",\"@id\":\"https:\\\/\\\/diarioprincipios.com\\\/#\\\/schema\\\/logo\\\/image\\\/\",\"url\":\"https:\\\/\\\/diarioprincipios.com\\\/wp-content\\\/uploads\\\/2024\\\/04\\\/cropped-www.diarioprincipios.com_-1.png\",\"contentUrl\":\"https:\\\/\\\/diarioprincipios.com\\\/wp-content\\\/uploads\\\/2024\\\/04\\\/cropped-www.diarioprincipios.com_-1.png\",\"width\":5325,\"height\":1454,\"caption\":\"Principios\"},\"image\":{\"@id\":\"https:\\\/\\\/diarioprincipios.com\\\/#\\\/schema\\\/logo\\\/image\\\/\"}},{\"@type\":\"Person\",\"@id\":\"https:\\\/\\\/diarioprincipios.com\\\/#\\\/schema\\\/person\\\/436d5a1fd41a5e250e23ff5a6a7cb080\",\"name\":\"Hern\u00e1n L\u00f3pez\",\"image\":{\"@type\":\"ImageObject\",\"inLanguage\":\"es\",\"@id\":\"https:\\\/\\\/diarioprincipios.com\\\/wp-content\\\/litespeed\\\/avatar\\\/11ddfe5610ff3bd100522525b2571f48.jpg?ver=1777653193\",\"url\":\"https:\\\/\\\/diarioprincipios.com\\\/wp-content\\\/litespeed\\\/avatar\\\/11ddfe5610ff3bd100522525b2571f48.jpg?ver=1777653193\",\"contentUrl\":\"https:\\\/\\\/diarioprincipios.com\\\/wp-content\\\/litespeed\\\/avatar\\\/11ddfe5610ff3bd100522525b2571f48.jpg?ver=1777653193\",\"caption\":\"Hern\u00e1n L\u00f3pez\"},\"url\":\"https:\\\/\\\/diarioprincipios.com\\\/index.php\\\/author\\\/hernan\\\/\"}]}<\/script>\n<!-- \/ Yoast SEO plugin. -->","yoast_head_json":{"title":"Tercera sesi\u00f3n virtual del Senado para aprobar la educaci\u00f3n a distancia y alquileres - Principios","robots":{"index":"index","follow":"follow","max-snippet":"max-snippet:-1","max-image-preview":"max-image-preview:large","max-video-preview":"max-video-preview:-1"},"canonical":"https:\/\/diarioprincipios.com\/index.php\/2020\/06\/03\/tercera-sesion-virtual-del-senado-para-aprobar-la-educacion-a-distancia-y-alquileres\/","og_locale":"es_ES","og_type":"article","og_title":"Tercera sesi\u00f3n virtual del Senado para aprobar la educaci\u00f3n a distancia y alquileres - Principios","og_description":"El Senado debatir\u00e1 ma\u00f1ana los proyectos de educaci\u00f3n a distancia y la nueva normativa sobre los contratos de alquiler, en la tercera sesi\u00f3n por videoconferencia que se realizar\u00e1 desde que rige el aislamiento social y obligatorio por la pandemia de coronavirus. Los senadores debatir\u00e1n adem\u00e1s el aval a una docena de decretos de necesidad y...","og_url":"https:\/\/diarioprincipios.com\/index.php\/2020\/06\/03\/tercera-sesion-virtual-del-senado-para-aprobar-la-educacion-a-distancia-y-alquileres\/","og_site_name":"Principios","article_published_time":"2020-06-03T15:10:10+00:00","article_modified_time":"2020-06-03T15:10:12+00:00","og_image":[{"width":960,"height":640,"url":"https:\/\/diarioprincipios.com\/wp-content\/uploads\/2020\/06\/cfk-20en-20el-20recinto-0.jpg","type":"image\/jpeg"}],"author":"Hern\u00e1n L\u00f3pez","twitter_card":"summary_large_image","twitter_misc":{"Escrito por":"Hern\u00e1n L\u00f3pez","Tiempo de lectura":"3 minutos"},"schema":{"@context":"https:\/\/schema.org","@graph":[{"@type":"Article","@id":"https:\/\/diarioprincipios.com\/index.php\/2020\/06\/03\/tercera-sesion-virtual-del-senado-para-aprobar-la-educacion-a-distancia-y-alquileres\/#article","isPartOf":{"@id":"https:\/\/diarioprincipios.com\/index.php\/2020\/06\/03\/tercera-sesion-virtual-del-senado-para-aprobar-la-educacion-a-distancia-y-alquileres\/"},"author":{"name":"Hern\u00e1n L\u00f3pez","@id":"https:\/\/diarioprincipios.com\/#\/schema\/person\/436d5a1fd41a5e250e23ff5a6a7cb080"},"headline":"Tercera sesi\u00f3n virtual del Senado para aprobar la educaci\u00f3n a distancia y alquileres","datePublished":"2020-06-03T15:10:10+00:00","dateModified":"2020-06-03T15:10:12+00:00","mainEntityOfPage":{"@id":"https:\/\/diarioprincipios.com\/index.php\/2020\/06\/03\/tercera-sesion-virtual-del-senado-para-aprobar-la-educacion-a-distancia-y-alquileres\/"},"wordCount":638,"commentCount":0,"publisher":{"@id":"https:\/\/diarioprincipios.com\/#organization"},"image":{"@id":"https:\/\/diarioprincipios.com\/index.php\/2020\/06\/03\/tercera-sesion-virtual-del-senado-para-aprobar-la-educacion-a-distancia-y-alquileres\/#primaryimage"},"thumbnailUrl":"https:\/\/diarioprincipios.com\/wp-content\/uploads\/2020\/06\/cfk-20en-20el-20recinto-0.jpg","articleSection":["Naci\u00f3n"],"inLanguage":"es","potentialAction":[{"@type":"CommentAction","name":"Comment","target":["https:\/\/diarioprincipios.com\/index.php\/2020\/06\/03\/tercera-sesion-virtual-del-senado-para-aprobar-la-educacion-a-distancia-y-alquileres\/#respond"]}]},{"@type":"WebPage","@id":"https:\/\/diarioprincipios.com\/index.php\/2020\/06\/03\/tercera-sesion-virtual-del-senado-para-aprobar-la-educacion-a-distancia-y-alquileres\/","url":"https:\/\/diarioprincipios.com\/index.php\/2020\/06\/03\/tercera-sesion-virtual-del-senado-para-aprobar-la-educacion-a-distancia-y-alquileres\/","name":"Tercera sesi\u00f3n virtual del Senado para aprobar la educaci\u00f3n a distancia y alquileres - Principios","isPartOf":{"@id":"https:\/\/diarioprincipios.com\/#website"},"primaryImageOfPage":{"@id":"https:\/\/diarioprincipios.com\/index.php\/2020\/06\/03\/tercera-sesion-virtual-del-senado-para-aprobar-la-educacion-a-distancia-y-alquileres\/#primaryimage"},"image":{"@id":"https:\/\/diarioprincipios.com\/index.php\/2020\/06\/03\/tercera-sesion-virtual-del-senado-para-aprobar-la-educacion-a-distancia-y-alquileres\/#primaryimage"},"thumbnailUrl":"https:\/\/diarioprincipios.com\/wp-content\/uploads\/2020\/06\/cfk-20en-20el-20recinto-0.jpg","datePublished":"2020-06-03T15:10:10+00:00","dateModified":"2020-06-03T15:10:12+00:00","breadcrumb":{"@id":"https:\/\/diarioprincipios.com\/index.php\/2020\/06\/03\/tercera-sesion-virtual-del-senado-para-aprobar-la-educacion-a-distancia-y-alquileres\/#breadcrumb"},"inLanguage":"es","potentialAction":[{"@type":"ReadAction","target":["https:\/\/diarioprincipios.com\/index.php\/2020\/06\/03\/tercera-sesion-virtual-del-senado-para-aprobar-la-educacion-a-distancia-y-alquileres\/"]}]},{"@type":"ImageObject","inLanguage":"es","@id":"https:\/\/diarioprincipios.com\/index.php\/2020\/06\/03\/tercera-sesion-virtual-del-senado-para-aprobar-la-educacion-a-distancia-y-alquileres\/#primaryimage","url":"https:\/\/diarioprincipios.com\/wp-content\/uploads\/2020\/06\/cfk-20en-20el-20recinto-0.jpg","contentUrl":"https:\/\/diarioprincipios.com\/wp-content\/uploads\/2020\/06\/cfk-20en-20el-20recinto-0.jpg","width":960,"height":640},{"@type":"BreadcrumbList","@id":"https:\/\/diarioprincipios.com\/index.php\/2020\/06\/03\/tercera-sesion-virtual-del-senado-para-aprobar-la-educacion-a-distancia-y-alquileres\/#breadcrumb","itemListElement":[{"@type":"ListItem","position":1,"name":"Portada","item":"https:\/\/diarioprincipios.com\/"},{"@type":"ListItem","position":2,"name":"Tercera sesi\u00f3n virtual del Senado para aprobar la educaci\u00f3n a distancia y alquileres"}]},{"@type":"WebSite","@id":"https:\/\/diarioprincipios.com\/#website","url":"https:\/\/diarioprincipios.com\/","name":"Principios","description":"Principios Diario","publisher":{"@id":"https:\/\/diarioprincipios.com\/#organization"},"potentialAction":[{"@type":"SearchAction","target":{"@type":"EntryPoint","urlTemplate":"https:\/\/diarioprincipios.com\/?s={search_term_string}"},"query-input":{"@type":"PropertyValueSpecification","valueRequired":true,"valueName":"search_term_string"}}],"inLanguage":"es"},{"@type":"Organization","@id":"https:\/\/diarioprincipios.com\/#organization","name":"Principios","url":"https:\/\/diarioprincipios.com\/","logo":{"@type":"ImageObject","inLanguage":"es","@id":"https:\/\/diarioprincipios.com\/#\/schema\/logo\/image\/","url":"https:\/\/diarioprincipios.com\/wp-content\/uploads\/2024\/04\/cropped-www.diarioprincipios.com_-1.png","contentUrl":"https:\/\/diarioprincipios.com\/wp-content\/uploads\/2024\/04\/cropped-www.diarioprincipios.com_-1.png","width":5325,"height":1454,"caption":"Principios"},"image":{"@id":"https:\/\/diarioprincipios.com\/#\/schema\/logo\/image\/"}},{"@type":"Person","@id":"https:\/\/diarioprincipios.com\/#\/schema\/person\/436d5a1fd41a5e250e23ff5a6a7cb080","name":"Hern\u00e1n L\u00f3pez","image":{"@type":"ImageObject","inLanguage":"es","@id":"https:\/\/diarioprincipios.com\/wp-content\/litespeed\/avatar\/11ddfe5610ff3bd100522525b2571f48.jpg?ver=1777653193","url":"https:\/\/diarioprincipios.com\/wp-content\/litespeed\/avatar\/11ddfe5610ff3bd100522525b2571f48.jpg?ver=1777653193","contentUrl":"https:\/\/diarioprincipios.com\/wp-content\/litespeed\/avatar\/11ddfe5610ff3bd100522525b2571f48.jpg?ver=1777653193","caption":"Hern\u00e1n L\u00f3pez"},"url":"https:\/\/diarioprincipios.com\/index.php\/author\/hernan\/"}]}},"jetpack_featured_media_url":"https:\/\/diarioprincipios.com\/wp-content\/uploads\/2020\/06\/cfk-20en-20el-20recinto-0.jpg","_links":{"self":[{"href":"https:\/\/diarioprincipios.com\/index.php\/wp-json\/wp\/v2\/posts\/2442","targetHints":{"allow":["GET"]}}],"collection":[{"href":"https:\/\/diarioprincipios.com\/index.php\/wp-json\/wp\/v2\/posts"}],"about":[{"href":"https:\/\/diarioprincipios.com\/index.php\/wp-json\/wp\/v2\/types\/post"}],"author":[{"embeddable":true,"href":"https:\/\/diarioprincipios.com\/index.php\/wp-json\/wp\/v2\/users\/2"}],"replies":[{"embeddable":true,"href":"https:\/\/diarioprincipios.com\/index.php\/wp-json\/wp\/v2\/comments?post=2442"}],"version-history":[{"count":1,"href":"https:\/\/diarioprincipios.com\/index.php\/wp-json\/wp\/v2\/posts\/2442\/revisions"}],"predecessor-version":[{"id":2444,"href":"https:\/\/diarioprincipios.com\/index.php\/wp-json\/wp\/v2\/posts\/2442\/revisions\/2444"}],"wp:featuredmedia":[{"embeddable":true,"href":"https:\/\/diarioprincipios.com\/index.php\/wp-json\/wp\/v2\/media\/2443"}],"wp:attachment":[{"href":"https:\/\/diarioprincipios.com\/index.php\/wp-json\/wp\/v2\/media?parent=2442"}],"wp:term":[{"taxonomy":"category","embeddable":true,"href":"https:\/\/diarioprincipios.com\/index.php\/wp-json\/wp\/v2\/categories?post=2442"},{"taxonomy":"post_tag","embeddable":true,"href":"https:\/\/diarioprincipios.com\/index.php\/wp-json\/wp\/v2\/tags?post=2442"}],"curies":[{"name":"wp","href":"https:\/\/api.w.org\/{rel}","templated":true}]}}