{"id":24381,"date":"2025-04-03T12:07:37","date_gmt":"2025-04-03T15:07:37","guid":{"rendered":"https:\/\/diarioprincipios.com\/?p=24381"},"modified":"2025-04-03T12:07:42","modified_gmt":"2025-04-03T15:07:42","slug":"homenaje-a-los-heroes-de-malvinas","status":"publish","type":"post","link":"https:\/\/diarioprincipios.com\/index.php\/2025\/04\/03\/homenaje-a-los-heroes-de-malvinas\/","title":{"rendered":"Homenaje a los H\u00e9roes de Malvinas"},"content":{"rendered":"\n<p><strong>Como cada a\u00f1o, el 2 de Abril, Berazategui homenaje\u00f3 a los h\u00e9roes de Malvinas en el D\u00eda del Veterano y de los Ca\u00eddos en la contienda de 1982. La emotiva ceremonia cont\u00f3 con la participaci\u00f3n de veteranos y cientos de vecinos y vecinas que se reunieron en la Rotonda H\u00e9roes de Malvinas (Barrio Mar\u00edtimo) y, posteriormente, en la r\u00e9plica del Cementerio de Darwin, el Camposanto \u201cCustodios Malvineros\u201d, el primer cementerio del pa\u00eds exclusivo para excombatientes, ubicado en la necr\u00f3polis municipal.<\/strong><br>El encuentro en la Rotonda H\u00e9roes de Malvinas cont\u00f3 con la presencia de representantes de instituciones educativas de la zona y de la organizaci\u00f3n Familias TEA Berazategui Red Federal. Durante el homenaje, organizado por la Liga de Amas de Casa del distrito, se colocaron coronas de laureles y ofrendas de honor para los Ca\u00eddos en el Monte Longdon: el Cabo 1\u00b0 Dar\u00edo Rolando R\u00edos y el Soldado Elbio Eduardo Araujo; as\u00ed como para los Ca\u00eddos en el hundimiento del Crucero ARA General Belgrano: Ra\u00fal Leguizamo y Juan Miguel Escudero (ambos con el cargo de Cabo 1\u00b0); el Cabo 2\u00b0 Isa\u00edas Quilahueque y el Marinero 1\u00b0 H\u00e9ctor R\u00edos. Adem\u00e1s, se entregaron eximiciones de tasas a excombatientes.<\/p>\n\n\n\n<figure class=\"wp-block-image size-large\"><img loading=\"lazy\" decoding=\"async\" width=\"1024\" height=\"683\" src=\"https:\/\/diarioprincipios.com\/wp-content\/uploads\/2025\/04\/HOMENAJE-A-LOS-HEROES-DE-MALVINAS-EN-BERAZATEGUI-8-1024x683.jpg\" alt=\"\" class=\"wp-image-24382\" srcset=\"https:\/\/diarioprincipios.com\/wp-content\/uploads\/2025\/04\/HOMENAJE-A-LOS-HEROES-DE-MALVINAS-EN-BERAZATEGUI-8-1024x683.jpg 1024w, https:\/\/diarioprincipios.com\/wp-content\/uploads\/2025\/04\/HOMENAJE-A-LOS-HEROES-DE-MALVINAS-EN-BERAZATEGUI-8-300x200.jpg 300w, https:\/\/diarioprincipios.com\/wp-content\/uploads\/2025\/04\/HOMENAJE-A-LOS-HEROES-DE-MALVINAS-EN-BERAZATEGUI-8-768x512.jpg 768w, https:\/\/diarioprincipios.com\/wp-content\/uploads\/2025\/04\/HOMENAJE-A-LOS-HEROES-DE-MALVINAS-EN-BERAZATEGUI-8-1536x1024.jpg 1536w, https:\/\/diarioprincipios.com\/wp-content\/uploads\/2025\/04\/HOMENAJE-A-LOS-HEROES-DE-MALVINAS-EN-BERAZATEGUI-8-600x400.jpg 600w, https:\/\/diarioprincipios.com\/wp-content\/uploads\/2025\/04\/HOMENAJE-A-LOS-HEROES-DE-MALVINAS-EN-BERAZATEGUI-8.jpg 1920w\" sizes=\"auto, (max-width: 1024px) 100vw, 1024px\" \/><\/figure>\n\n\n\n<p><br>En ese marco, Irma Ferreira de Cura, vicepresidenta de la Liga de Amas de Casa, manifest\u00f3: \u201cHoy nos reunimos para homenajear a quienes, con valent\u00eda y sacrificio, defendieron nuestra soberan\u00eda sobre las Islas Malvinas. Jam\u00e1s dejaremos de recordarlos, como tampoco dejaremos de recordar que las Islas son argentinas. Viva la memoria, el coraje y el esp\u00edritu que forj\u00f3 nuestra historia\u201d.<br>Por su parte, la secretaria de Desarrollo Social, Recreaci\u00f3n, Turismo y Deportes, Mar\u00eda Laura Lacava, en representaci\u00f3n del intendente Juan Jos\u00e9 Mussi, se\u00f1al\u00f3: \u201cSon 43 a\u00f1os en los que la Rotonda de Mar\u00edtimo se ha convertido en un lugar de memoria, gracias al trabajo de la Liga de Amas de Casa. Desde que lleg\u00f3 a la intendencia, Juan Jos\u00e9 Mussi ha trabajado para sanar la herida de Malvinas. \u00c9l siempre ha estado al lado de los veteranos y entendi\u00f3, desde el primer d\u00eda de su gesti\u00f3n, que hab\u00eda que abrazarlos. Por eso, el Gobierno municipal ha logrado que la semilla de la memoria de Malvinas siga viva\u201d.<\/p>\n\n\n\n<figure class=\"wp-block-image size-large\"><img loading=\"lazy\" decoding=\"async\" width=\"1024\" height=\"683\" src=\"https:\/\/diarioprincipios.com\/wp-content\/uploads\/2025\/04\/HOMENAJE-A-LOS-HEROES-DE-MALVINAS-EN-BERAZATEGUI-13-1024x683.jpg\" alt=\"\" class=\"wp-image-24383\" srcset=\"https:\/\/diarioprincipios.com\/wp-content\/uploads\/2025\/04\/HOMENAJE-A-LOS-HEROES-DE-MALVINAS-EN-BERAZATEGUI-13-1024x683.jpg 1024w, https:\/\/diarioprincipios.com\/wp-content\/uploads\/2025\/04\/HOMENAJE-A-LOS-HEROES-DE-MALVINAS-EN-BERAZATEGUI-13-300x200.jpg 300w, https:\/\/diarioprincipios.com\/wp-content\/uploads\/2025\/04\/HOMENAJE-A-LOS-HEROES-DE-MALVINAS-EN-BERAZATEGUI-13-768x512.jpg 768w, https:\/\/diarioprincipios.com\/wp-content\/uploads\/2025\/04\/HOMENAJE-A-LOS-HEROES-DE-MALVINAS-EN-BERAZATEGUI-13-1536x1024.jpg 1536w, https:\/\/diarioprincipios.com\/wp-content\/uploads\/2025\/04\/HOMENAJE-A-LOS-HEROES-DE-MALVINAS-EN-BERAZATEGUI-13-600x400.jpg 600w, https:\/\/diarioprincipios.com\/wp-content\/uploads\/2025\/04\/HOMENAJE-A-LOS-HEROES-DE-MALVINAS-EN-BERAZATEGUI-13.jpg 1920w\" sizes=\"auto, (max-width: 1024px) 100vw, 1024px\" \/><\/figure>\n\n\n\n<p><br>La jornada continu\u00f3 con la tradicional ceremonia en la r\u00e9plica del Cementerio de Darwin, el Camposanto \u201cCustodios Malvineros\u201d, en el Cementerio Parque Municipal. Cont\u00f3 con la presencia de estudiantes abanderados de escuelas primarias y secundarias; el Regimiento de Infanter\u00eda Mecanizado 7 (con base en Arana); Gendarmer\u00eda Nacional; Prefectura Naval; la Direcci\u00f3n General de Servicios y Operaciones A\u00e9reas; la Direcci\u00f3n de Infanter\u00eda; el Cuerpo de Caballer\u00eda; el Grupo de Prevenci\u00f3n Motorizado; la Unidad T\u00e1ctica de Operaciones Inmediatas (UTOI); la Divisi\u00f3n Especial de Seguridad Halc\u00f3n; el Grupo de Apoyo Departamental (GAD); la Escuela de Polic\u00eda Juan Vucetich y el Liceo Policial.<br>El homenaje comenz\u00f3 con la recepci\u00f3n a cargo de la Agrupaci\u00f3n Sinf\u00f3nica de la Polic\u00eda de la provincia de Buenos Aires y del Liceo Policial. Luego, se presentaron tres mojones con escudos dedicados a Gendarmer\u00eda, Prefectura y el Escuadr\u00f3n F\u00e9nix de Aviaci\u00f3n Civil, junto con una placa alusiva donada por el presidente de Industriales Pymes Argentinos (IPA) y del Parque Industrial Pl\u00e1tanos (PIP), Daniel Rosato. Estas fueron ubicadas detr\u00e1s de la r\u00e9plica del Cementerio de Darwin.<\/p>\n\n\n\n<figure class=\"wp-block-image size-large\"><img loading=\"lazy\" decoding=\"async\" width=\"1024\" height=\"683\" src=\"https:\/\/diarioprincipios.com\/wp-content\/uploads\/2025\/04\/HOMENAJE-A-LOS-HEROES-DE-MALVINAS-EN-BERAZATEGUI-7-1024x683.jpg\" alt=\"\" class=\"wp-image-24384\" srcset=\"https:\/\/diarioprincipios.com\/wp-content\/uploads\/2025\/04\/HOMENAJE-A-LOS-HEROES-DE-MALVINAS-EN-BERAZATEGUI-7-1024x683.jpg 1024w, https:\/\/diarioprincipios.com\/wp-content\/uploads\/2025\/04\/HOMENAJE-A-LOS-HEROES-DE-MALVINAS-EN-BERAZATEGUI-7-300x200.jpg 300w, https:\/\/diarioprincipios.com\/wp-content\/uploads\/2025\/04\/HOMENAJE-A-LOS-HEROES-DE-MALVINAS-EN-BERAZATEGUI-7-768x512.jpg 768w, https:\/\/diarioprincipios.com\/wp-content\/uploads\/2025\/04\/HOMENAJE-A-LOS-HEROES-DE-MALVINAS-EN-BERAZATEGUI-7-1536x1024.jpg 1536w, https:\/\/diarioprincipios.com\/wp-content\/uploads\/2025\/04\/HOMENAJE-A-LOS-HEROES-DE-MALVINAS-EN-BERAZATEGUI-7-600x400.jpg 600w, https:\/\/diarioprincipios.com\/wp-content\/uploads\/2025\/04\/HOMENAJE-A-LOS-HEROES-DE-MALVINAS-EN-BERAZATEGUI-7.jpg 1920w\" sizes=\"auto, (max-width: 1024px) 100vw, 1024px\" \/><\/figure>\n\n\n\n<p><br>La ceremonia finaliz\u00f3 con los despegues del helic\u00f3ptero Bell UH-1H, enviado por el Batall\u00f3n de Aviaci\u00f3n del Ej\u00e9rcito; y del BO-105, de la Polic\u00eda Bonaerense; adem\u00e1s de la exhibici\u00f3n del cami\u00f3n del Batall\u00f3n de Comunicaciones 601 de City Bell.<br>Uno de los Custodios Malvineros, el excombatiente Mart\u00edn San Miguel, expres\u00f3: \u201cCada vez que miro este Camposanto, recuerdo cuando -en 2008- comenzamos a buscar la forma de que este lugar tuviera todo lo necesario para homenajear a nuestros h\u00e9roes. Lo logramos. Quiero agradecer a la Municipalidad y a su intendente, Juan Jos\u00e9 Mussi, por estar siempre junto a los veteranos, acompa\u00f1\u00e1ndonos en cada paso\u201d.<\/p>\n\n\n\n<figure class=\"wp-block-image size-large\"><img loading=\"lazy\" decoding=\"async\" width=\"1024\" height=\"683\" src=\"https:\/\/diarioprincipios.com\/wp-content\/uploads\/2025\/04\/HOMENAJE-A-LOS-HEROES-DE-MALVINAS-EN-BERAZATEGUI-5-1024x683.jpg\" alt=\"\" class=\"wp-image-24385\" srcset=\"https:\/\/diarioprincipios.com\/wp-content\/uploads\/2025\/04\/HOMENAJE-A-LOS-HEROES-DE-MALVINAS-EN-BERAZATEGUI-5-1024x683.jpg 1024w, https:\/\/diarioprincipios.com\/wp-content\/uploads\/2025\/04\/HOMENAJE-A-LOS-HEROES-DE-MALVINAS-EN-BERAZATEGUI-5-300x200.jpg 300w, https:\/\/diarioprincipios.com\/wp-content\/uploads\/2025\/04\/HOMENAJE-A-LOS-HEROES-DE-MALVINAS-EN-BERAZATEGUI-5-768x512.jpg 768w, https:\/\/diarioprincipios.com\/wp-content\/uploads\/2025\/04\/HOMENAJE-A-LOS-HEROES-DE-MALVINAS-EN-BERAZATEGUI-5-1536x1024.jpg 1536w, https:\/\/diarioprincipios.com\/wp-content\/uploads\/2025\/04\/HOMENAJE-A-LOS-HEROES-DE-MALVINAS-EN-BERAZATEGUI-5-600x400.jpg 600w, https:\/\/diarioprincipios.com\/wp-content\/uploads\/2025\/04\/HOMENAJE-A-LOS-HEROES-DE-MALVINAS-EN-BERAZATEGUI-5.jpg 1920w\" sizes=\"auto, (max-width: 1024px) 100vw, 1024px\" \/><\/figure>\n\n\n\n<p><br>Por su parte, el secretario de Cultura y Educaci\u00f3n, Federico L\u00f3pez, en representaci\u00f3n del intendente, afirm\u00f3: \u201cSi hablamos de malvineros, hablamos de Juan Jos\u00e9 Mussi. \u00c9l es un fiel defensor de los derechos sobre nuestra soberan\u00eda. Si hay algo que ha hecho este Intendente y su gesti\u00f3n municipal, es estar cerca de los veteranos. Por eso, el eterno e inclaudicable reclamo de soberan\u00eda sobre las Islas Malvinas est\u00e1 profundamente arraigado en la comunidad de Berazategui\u201d.<br>Asistieron, adem\u00e1s, los secretarios de Servicios P\u00fablicos, Sergio Faccenda; de Salud P\u00fablica e Higiene, Pablo Costa; de Organizaciones No Gubernamentales, Marcelo Benedetti; de Control Urbano, Marcelo Sciezka; de Econom\u00eda, Santiago Castagno; de Gobierno, Antonio Amarilla; de Trabajo, Juan Manuel Parra; adem\u00e1s de la titular de la Agencia de Tierras y H\u00e1bitat, Cecilia Rold\u00e1n.<\/p>\n","protected":false},"excerpt":{"rendered":"<p>Como cada a\u00f1o, el 2 de Abril, Berazategui homenaje\u00f3 a los h\u00e9roes de Malvinas en el D\u00eda del Veterano y de los Ca\u00eddos en la contienda de 1982. La emotiva ceremonia cont\u00f3 con la participaci\u00f3n de veteranos y cientos de vecinos y vecinas que se reunieron en la Rotonda H\u00e9roes de Malvinas (Barrio Mar\u00edtimo) y,&#8230;<\/p>\n","protected":false},"author":2,"featured_media":24386,"comment_status":"open","ping_status":"open","sticky":false,"template":"","format":"standard","meta":{"footnotes":""},"categories":[3],"tags":[],"class_list":["post-24381","post","type-post","status-publish","format-standard","has-post-thumbnail","hentry","category-berazategui"],"featured_image_src":"https:\/\/diarioprincipios.com\/wp-content\/uploads\/2025\/04\/HOMENAJE-A-LOS-HEROES-DE-MALVINAS-EN-BERAZATEGUI-3-2-1024x683.jpg","blog_images":{"medium":"https:\/\/diarioprincipios.com\/wp-content\/uploads\/2025\/04\/HOMENAJE-A-LOS-HEROES-DE-MALVINAS-EN-BERAZATEGUI-3-2-300x200.jpg","large":"https:\/\/diarioprincipios.com\/wp-content\/uploads\/2025\/04\/HOMENAJE-A-LOS-HEROES-DE-MALVINAS-EN-BERAZATEGUI-3-2-1024x683.jpg"},"ams_acf":[],"yoast_head":"<!-- This site is optimized with the Yoast SEO plugin v27.3 - https:\/\/yoast.com\/product\/yoast-seo-wordpress\/ -->\n<title>Homenaje a los H\u00e9roes de Malvinas - Principios<\/title>\n<meta name=\"robots\" content=\"index, follow, max-snippet:-1, max-image-preview:large, max-video-preview:-1\" \/>\n<link rel=\"canonical\" href=\"https:\/\/diarioprincipios.com\/index.php\/2025\/04\/03\/homenaje-a-los-heroes-de-malvinas\/\" \/>\n<meta property=\"og:locale\" content=\"es_ES\" \/>\n<meta property=\"og:type\" content=\"article\" \/>\n<meta property=\"og:title\" content=\"Homenaje a los H\u00e9roes de Malvinas - Principios\" \/>\n<meta property=\"og:description\" content=\"Como cada a\u00f1o, el 2 de Abril, Berazategui homenaje\u00f3 a los h\u00e9roes de Malvinas en el D\u00eda del Veterano y de los Ca\u00eddos en la contienda de 1982. La emotiva ceremonia cont\u00f3 con la participaci\u00f3n de veteranos y cientos de vecinos y vecinas que se reunieron en la Rotonda H\u00e9roes de Malvinas (Barrio Mar\u00edtimo) y,...\" \/>\n<meta property=\"og:url\" content=\"https:\/\/diarioprincipios.com\/index.php\/2025\/04\/03\/homenaje-a-los-heroes-de-malvinas\/\" \/>\n<meta property=\"og:site_name\" content=\"Principios\" \/>\n<meta property=\"article:published_time\" content=\"2025-04-03T15:07:37+00:00\" \/>\n<meta property=\"article:modified_time\" content=\"2025-04-03T15:07:42+00:00\" \/>\n<meta property=\"og:image\" content=\"https:\/\/diarioprincipios.com\/wp-content\/uploads\/2025\/04\/HOMENAJE-A-LOS-HEROES-DE-MALVINAS-EN-BERAZATEGUI-3-2.jpg\" \/>\n\t<meta property=\"og:image:width\" content=\"1920\" \/>\n\t<meta property=\"og:image:height\" content=\"1280\" \/>\n\t<meta property=\"og:image:type\" content=\"image\/jpeg\" \/>\n<meta name=\"author\" content=\"Hern\u00e1n L\u00f3pez\" \/>\n<meta name=\"twitter:card\" content=\"summary_large_image\" \/>\n<meta name=\"twitter:label1\" content=\"Escrito por\" \/>\n\t<meta name=\"twitter:data1\" content=\"Hern\u00e1n L\u00f3pez\" \/>\n\t<meta name=\"twitter:label2\" content=\"Tiempo de lectura\" \/>\n\t<meta name=\"twitter:data2\" content=\"5 minutos\" \/>\n<script type=\"application\/ld+json\" class=\"yoast-schema-graph\">{\"@context\":\"https:\\\/\\\/schema.org\",\"@graph\":[{\"@type\":\"Article\",\"@id\":\"https:\\\/\\\/diarioprincipios.com\\\/index.php\\\/2025\\\/04\\\/03\\\/homenaje-a-los-heroes-de-malvinas\\\/#article\",\"isPartOf\":{\"@id\":\"https:\\\/\\\/diarioprincipios.com\\\/index.php\\\/2025\\\/04\\\/03\\\/homenaje-a-los-heroes-de-malvinas\\\/\"},\"author\":{\"name\":\"Hern\u00e1n L\u00f3pez\",\"@id\":\"https:\\\/\\\/diarioprincipios.com\\\/#\\\/schema\\\/person\\\/436d5a1fd41a5e250e23ff5a6a7cb080\"},\"headline\":\"Homenaje a los H\u00e9roes de Malvinas\",\"datePublished\":\"2025-04-03T15:07:37+00:00\",\"dateModified\":\"2025-04-03T15:07:42+00:00\",\"mainEntityOfPage\":{\"@id\":\"https:\\\/\\\/diarioprincipios.com\\\/index.php\\\/2025\\\/04\\\/03\\\/homenaje-a-los-heroes-de-malvinas\\\/\"},\"wordCount\":850,\"commentCount\":0,\"publisher\":{\"@id\":\"https:\\\/\\\/diarioprincipios.com\\\/#organization\"},\"image\":{\"@id\":\"https:\\\/\\\/diarioprincipios.com\\\/index.php\\\/2025\\\/04\\\/03\\\/homenaje-a-los-heroes-de-malvinas\\\/#primaryimage\"},\"thumbnailUrl\":\"https:\\\/\\\/diarioprincipios.com\\\/wp-content\\\/uploads\\\/2025\\\/04\\\/HOMENAJE-A-LOS-HEROES-DE-MALVINAS-EN-BERAZATEGUI-3-2.jpg\",\"articleSection\":[\"Berazategui\"],\"inLanguage\":\"es\",\"potentialAction\":[{\"@type\":\"CommentAction\",\"name\":\"Comment\",\"target\":[\"https:\\\/\\\/diarioprincipios.com\\\/index.php\\\/2025\\\/04\\\/03\\\/homenaje-a-los-heroes-de-malvinas\\\/#respond\"]}]},{\"@type\":\"WebPage\",\"@id\":\"https:\\\/\\\/diarioprincipios.com\\\/index.php\\\/2025\\\/04\\\/03\\\/homenaje-a-los-heroes-de-malvinas\\\/\",\"url\":\"https:\\\/\\\/diarioprincipios.com\\\/index.php\\\/2025\\\/04\\\/03\\\/homenaje-a-los-heroes-de-malvinas\\\/\",\"name\":\"Homenaje a los H\u00e9roes de Malvinas - Principios\",\"isPartOf\":{\"@id\":\"https:\\\/\\\/diarioprincipios.com\\\/#website\"},\"primaryImageOfPage\":{\"@id\":\"https:\\\/\\\/diarioprincipios.com\\\/index.php\\\/2025\\\/04\\\/03\\\/homenaje-a-los-heroes-de-malvinas\\\/#primaryimage\"},\"image\":{\"@id\":\"https:\\\/\\\/diarioprincipios.com\\\/index.php\\\/2025\\\/04\\\/03\\\/homenaje-a-los-heroes-de-malvinas\\\/#primaryimage\"},\"thumbnailUrl\":\"https:\\\/\\\/diarioprincipios.com\\\/wp-content\\\/uploads\\\/2025\\\/04\\\/HOMENAJE-A-LOS-HEROES-DE-MALVINAS-EN-BERAZATEGUI-3-2.jpg\",\"datePublished\":\"2025-04-03T15:07:37+00:00\",\"dateModified\":\"2025-04-03T15:07:42+00:00\",\"breadcrumb\":{\"@id\":\"https:\\\/\\\/diarioprincipios.com\\\/index.php\\\/2025\\\/04\\\/03\\\/homenaje-a-los-heroes-de-malvinas\\\/#breadcrumb\"},\"inLanguage\":\"es\",\"potentialAction\":[{\"@type\":\"ReadAction\",\"target\":[\"https:\\\/\\\/diarioprincipios.com\\\/index.php\\\/2025\\\/04\\\/03\\\/homenaje-a-los-heroes-de-malvinas\\\/\"]}]},{\"@type\":\"ImageObject\",\"inLanguage\":\"es\",\"@id\":\"https:\\\/\\\/diarioprincipios.com\\\/index.php\\\/2025\\\/04\\\/03\\\/homenaje-a-los-heroes-de-malvinas\\\/#primaryimage\",\"url\":\"https:\\\/\\\/diarioprincipios.com\\\/wp-content\\\/uploads\\\/2025\\\/04\\\/HOMENAJE-A-LOS-HEROES-DE-MALVINAS-EN-BERAZATEGUI-3-2.jpg\",\"contentUrl\":\"https:\\\/\\\/diarioprincipios.com\\\/wp-content\\\/uploads\\\/2025\\\/04\\\/HOMENAJE-A-LOS-HEROES-DE-MALVINAS-EN-BERAZATEGUI-3-2.jpg\",\"width\":1920,\"height\":1280},{\"@type\":\"BreadcrumbList\",\"@id\":\"https:\\\/\\\/diarioprincipios.com\\\/index.php\\\/2025\\\/04\\\/03\\\/homenaje-a-los-heroes-de-malvinas\\\/#breadcrumb\",\"itemListElement\":[{\"@type\":\"ListItem\",\"position\":1,\"name\":\"Portada\",\"item\":\"https:\\\/\\\/diarioprincipios.com\\\/\"},{\"@type\":\"ListItem\",\"position\":2,\"name\":\"Homenaje a los H\u00e9roes de Malvinas\"}]},{\"@type\":\"WebSite\",\"@id\":\"https:\\\/\\\/diarioprincipios.com\\\/#website\",\"url\":\"https:\\\/\\\/diarioprincipios.com\\\/\",\"name\":\"Principios\",\"description\":\"Principios Diario\",\"publisher\":{\"@id\":\"https:\\\/\\\/diarioprincipios.com\\\/#organization\"},\"potentialAction\":[{\"@type\":\"SearchAction\",\"target\":{\"@type\":\"EntryPoint\",\"urlTemplate\":\"https:\\\/\\\/diarioprincipios.com\\\/?s={search_term_string}\"},\"query-input\":{\"@type\":\"PropertyValueSpecification\",\"valueRequired\":true,\"valueName\":\"search_term_string\"}}],\"inLanguage\":\"es\"},{\"@type\":\"Organization\",\"@id\":\"https:\\\/\\\/diarioprincipios.com\\\/#organization\",\"name\":\"Principios\",\"url\":\"https:\\\/\\\/diarioprincipios.com\\\/\",\"logo\":{\"@type\":\"ImageObject\",\"inLanguage\":\"es\",\"@id\":\"https:\\\/\\\/diarioprincipios.com\\\/#\\\/schema\\\/logo\\\/image\\\/\",\"url\":\"https:\\\/\\\/diarioprincipios.com\\\/wp-content\\\/uploads\\\/2024\\\/04\\\/cropped-www.diarioprincipios.com_-1.png\",\"contentUrl\":\"https:\\\/\\\/diarioprincipios.com\\\/wp-content\\\/uploads\\\/2024\\\/04\\\/cropped-www.diarioprincipios.com_-1.png\",\"width\":5325,\"height\":1454,\"caption\":\"Principios\"},\"image\":{\"@id\":\"https:\\\/\\\/diarioprincipios.com\\\/#\\\/schema\\\/logo\\\/image\\\/\"}},{\"@type\":\"Person\",\"@id\":\"https:\\\/\\\/diarioprincipios.com\\\/#\\\/schema\\\/person\\\/436d5a1fd41a5e250e23ff5a6a7cb080\",\"name\":\"Hern\u00e1n L\u00f3pez\",\"image\":{\"@type\":\"ImageObject\",\"inLanguage\":\"es\",\"@id\":\"https:\\\/\\\/diarioprincipios.com\\\/wp-content\\\/litespeed\\\/avatar\\\/11ddfe5610ff3bd100522525b2571f48.jpg?ver=1777048341\",\"url\":\"https:\\\/\\\/diarioprincipios.com\\\/wp-content\\\/litespeed\\\/avatar\\\/11ddfe5610ff3bd100522525b2571f48.jpg?ver=1777048341\",\"contentUrl\":\"https:\\\/\\\/diarioprincipios.com\\\/wp-content\\\/litespeed\\\/avatar\\\/11ddfe5610ff3bd100522525b2571f48.jpg?ver=1777048341\",\"caption\":\"Hern\u00e1n L\u00f3pez\"},\"url\":\"https:\\\/\\\/diarioprincipios.com\\\/index.php\\\/author\\\/hernan\\\/\"}]}<\/script>\n<!-- \/ Yoast SEO plugin. -->","yoast_head_json":{"title":"Homenaje a los H\u00e9roes de Malvinas - Principios","robots":{"index":"index","follow":"follow","max-snippet":"max-snippet:-1","max-image-preview":"max-image-preview:large","max-video-preview":"max-video-preview:-1"},"canonical":"https:\/\/diarioprincipios.com\/index.php\/2025\/04\/03\/homenaje-a-los-heroes-de-malvinas\/","og_locale":"es_ES","og_type":"article","og_title":"Homenaje a los H\u00e9roes de Malvinas - Principios","og_description":"Como cada a\u00f1o, el 2 de Abril, Berazategui homenaje\u00f3 a los h\u00e9roes de Malvinas en el D\u00eda del Veterano y de los Ca\u00eddos en la contienda de 1982. La emotiva ceremonia cont\u00f3 con la participaci\u00f3n de veteranos y cientos de vecinos y vecinas que se reunieron en la Rotonda H\u00e9roes de Malvinas (Barrio Mar\u00edtimo) y,...","og_url":"https:\/\/diarioprincipios.com\/index.php\/2025\/04\/03\/homenaje-a-los-heroes-de-malvinas\/","og_site_name":"Principios","article_published_time":"2025-04-03T15:07:37+00:00","article_modified_time":"2025-04-03T15:07:42+00:00","og_image":[{"width":1920,"height":1280,"url":"https:\/\/diarioprincipios.com\/wp-content\/uploads\/2025\/04\/HOMENAJE-A-LOS-HEROES-DE-MALVINAS-EN-BERAZATEGUI-3-2.jpg","type":"image\/jpeg"}],"author":"Hern\u00e1n L\u00f3pez","twitter_card":"summary_large_image","twitter_misc":{"Escrito por":"Hern\u00e1n L\u00f3pez","Tiempo de lectura":"5 minutos"},"schema":{"@context":"https:\/\/schema.org","@graph":[{"@type":"Article","@id":"https:\/\/diarioprincipios.com\/index.php\/2025\/04\/03\/homenaje-a-los-heroes-de-malvinas\/#article","isPartOf":{"@id":"https:\/\/diarioprincipios.com\/index.php\/2025\/04\/03\/homenaje-a-los-heroes-de-malvinas\/"},"author":{"name":"Hern\u00e1n L\u00f3pez","@id":"https:\/\/diarioprincipios.com\/#\/schema\/person\/436d5a1fd41a5e250e23ff5a6a7cb080"},"headline":"Homenaje a los H\u00e9roes de Malvinas","datePublished":"2025-04-03T15:07:37+00:00","dateModified":"2025-04-03T15:07:42+00:00","mainEntityOfPage":{"@id":"https:\/\/diarioprincipios.com\/index.php\/2025\/04\/03\/homenaje-a-los-heroes-de-malvinas\/"},"wordCount":850,"commentCount":0,"publisher":{"@id":"https:\/\/diarioprincipios.com\/#organization"},"image":{"@id":"https:\/\/diarioprincipios.com\/index.php\/2025\/04\/03\/homenaje-a-los-heroes-de-malvinas\/#primaryimage"},"thumbnailUrl":"https:\/\/diarioprincipios.com\/wp-content\/uploads\/2025\/04\/HOMENAJE-A-LOS-HEROES-DE-MALVINAS-EN-BERAZATEGUI-3-2.jpg","articleSection":["Berazategui"],"inLanguage":"es","potentialAction":[{"@type":"CommentAction","name":"Comment","target":["https:\/\/diarioprincipios.com\/index.php\/2025\/04\/03\/homenaje-a-los-heroes-de-malvinas\/#respond"]}]},{"@type":"WebPage","@id":"https:\/\/diarioprincipios.com\/index.php\/2025\/04\/03\/homenaje-a-los-heroes-de-malvinas\/","url":"https:\/\/diarioprincipios.com\/index.php\/2025\/04\/03\/homenaje-a-los-heroes-de-malvinas\/","name":"Homenaje a los H\u00e9roes de Malvinas - Principios","isPartOf":{"@id":"https:\/\/diarioprincipios.com\/#website"},"primaryImageOfPage":{"@id":"https:\/\/diarioprincipios.com\/index.php\/2025\/04\/03\/homenaje-a-los-heroes-de-malvinas\/#primaryimage"},"image":{"@id":"https:\/\/diarioprincipios.com\/index.php\/2025\/04\/03\/homenaje-a-los-heroes-de-malvinas\/#primaryimage"},"thumbnailUrl":"https:\/\/diarioprincipios.com\/wp-content\/uploads\/2025\/04\/HOMENAJE-A-LOS-HEROES-DE-MALVINAS-EN-BERAZATEGUI-3-2.jpg","datePublished":"2025-04-03T15:07:37+00:00","dateModified":"2025-04-03T15:07:42+00:00","breadcrumb":{"@id":"https:\/\/diarioprincipios.com\/index.php\/2025\/04\/03\/homenaje-a-los-heroes-de-malvinas\/#breadcrumb"},"inLanguage":"es","potentialAction":[{"@type":"ReadAction","target":["https:\/\/diarioprincipios.com\/index.php\/2025\/04\/03\/homenaje-a-los-heroes-de-malvinas\/"]}]},{"@type":"ImageObject","inLanguage":"es","@id":"https:\/\/diarioprincipios.com\/index.php\/2025\/04\/03\/homenaje-a-los-heroes-de-malvinas\/#primaryimage","url":"https:\/\/diarioprincipios.com\/wp-content\/uploads\/2025\/04\/HOMENAJE-A-LOS-HEROES-DE-MALVINAS-EN-BERAZATEGUI-3-2.jpg","contentUrl":"https:\/\/diarioprincipios.com\/wp-content\/uploads\/2025\/04\/HOMENAJE-A-LOS-HEROES-DE-MALVINAS-EN-BERAZATEGUI-3-2.jpg","width":1920,"height":1280},{"@type":"BreadcrumbList","@id":"https:\/\/diarioprincipios.com\/index.php\/2025\/04\/03\/homenaje-a-los-heroes-de-malvinas\/#breadcrumb","itemListElement":[{"@type":"ListItem","position":1,"name":"Portada","item":"https:\/\/diarioprincipios.com\/"},{"@type":"ListItem","position":2,"name":"Homenaje a los H\u00e9roes de Malvinas"}]},{"@type":"WebSite","@id":"https:\/\/diarioprincipios.com\/#website","url":"https:\/\/diarioprincipios.com\/","name":"Principios","description":"Principios Diario","publisher":{"@id":"https:\/\/diarioprincipios.com\/#organization"},"potentialAction":[{"@type":"SearchAction","target":{"@type":"EntryPoint","urlTemplate":"https:\/\/diarioprincipios.com\/?s={search_term_string}"},"query-input":{"@type":"PropertyValueSpecification","valueRequired":true,"valueName":"search_term_string"}}],"inLanguage":"es"},{"@type":"Organization","@id":"https:\/\/diarioprincipios.com\/#organization","name":"Principios","url":"https:\/\/diarioprincipios.com\/","logo":{"@type":"ImageObject","inLanguage":"es","@id":"https:\/\/diarioprincipios.com\/#\/schema\/logo\/image\/","url":"https:\/\/diarioprincipios.com\/wp-content\/uploads\/2024\/04\/cropped-www.diarioprincipios.com_-1.png","contentUrl":"https:\/\/diarioprincipios.com\/wp-content\/uploads\/2024\/04\/cropped-www.diarioprincipios.com_-1.png","width":5325,"height":1454,"caption":"Principios"},"image":{"@id":"https:\/\/diarioprincipios.com\/#\/schema\/logo\/image\/"}},{"@type":"Person","@id":"https:\/\/diarioprincipios.com\/#\/schema\/person\/436d5a1fd41a5e250e23ff5a6a7cb080","name":"Hern\u00e1n L\u00f3pez","image":{"@type":"ImageObject","inLanguage":"es","@id":"https:\/\/diarioprincipios.com\/wp-content\/litespeed\/avatar\/11ddfe5610ff3bd100522525b2571f48.jpg?ver=1777048341","url":"https:\/\/diarioprincipios.com\/wp-content\/litespeed\/avatar\/11ddfe5610ff3bd100522525b2571f48.jpg?ver=1777048341","contentUrl":"https:\/\/diarioprincipios.com\/wp-content\/litespeed\/avatar\/11ddfe5610ff3bd100522525b2571f48.jpg?ver=1777048341","caption":"Hern\u00e1n L\u00f3pez"},"url":"https:\/\/diarioprincipios.com\/index.php\/author\/hernan\/"}]}},"jetpack_featured_media_url":"https:\/\/diarioprincipios.com\/wp-content\/uploads\/2025\/04\/HOMENAJE-A-LOS-HEROES-DE-MALVINAS-EN-BERAZATEGUI-3-2.jpg","_links":{"self":[{"href":"https:\/\/diarioprincipios.com\/index.php\/wp-json\/wp\/v2\/posts\/24381","targetHints":{"allow":["GET"]}}],"collection":[{"href":"https:\/\/diarioprincipios.com\/index.php\/wp-json\/wp\/v2\/posts"}],"about":[{"href":"https:\/\/diarioprincipios.com\/index.php\/wp-json\/wp\/v2\/types\/post"}],"author":[{"embeddable":true,"href":"https:\/\/diarioprincipios.com\/index.php\/wp-json\/wp\/v2\/users\/2"}],"replies":[{"embeddable":true,"href":"https:\/\/diarioprincipios.com\/index.php\/wp-json\/wp\/v2\/comments?post=24381"}],"version-history":[{"count":1,"href":"https:\/\/diarioprincipios.com\/index.php\/wp-json\/wp\/v2\/posts\/24381\/revisions"}],"predecessor-version":[{"id":24387,"href":"https:\/\/diarioprincipios.com\/index.php\/wp-json\/wp\/v2\/posts\/24381\/revisions\/24387"}],"wp:featuredmedia":[{"embeddable":true,"href":"https:\/\/diarioprincipios.com\/index.php\/wp-json\/wp\/v2\/media\/24386"}],"wp:attachment":[{"href":"https:\/\/diarioprincipios.com\/index.php\/wp-json\/wp\/v2\/media?parent=24381"}],"wp:term":[{"taxonomy":"category","embeddable":true,"href":"https:\/\/diarioprincipios.com\/index.php\/wp-json\/wp\/v2\/categories?post=24381"},{"taxonomy":"post_tag","embeddable":true,"href":"https:\/\/diarioprincipios.com\/index.php\/wp-json\/wp\/v2\/tags?post=24381"}],"curies":[{"name":"wp","href":"https:\/\/api.w.org\/{rel}","templated":true}]}}