{"id":2438,"date":"2020-06-03T11:52:27","date_gmt":"2020-06-03T14:52:27","guid":{"rendered":"http:\/\/diarioprincipios.com\/?p=2438"},"modified":"2020-06-03T12:19:43","modified_gmt":"2020-06-03T15:19:43","slug":"mussi-anuncio-que-habra-tres-dias-de-duelo-por-la-muerte-del-bombero-berazateguense-en-el-incendio-de-villa-crespo","status":"publish","type":"post","link":"https:\/\/diarioprincipios.com\/index.php\/2020\/06\/03\/mussi-anuncio-que-habra-tres-dias-de-duelo-por-la-muerte-del-bombero-berazateguense-en-el-incendio-de-villa-crespo\/","title":{"rendered":"Mussi anunci\u00f3 que habr\u00e1 tres d\u00edas de duelo por la muerte del bombero berazateguense en el incendio de Villa Crespo"},"content":{"rendered":"\n<p>El intendente de Berazategui, doctor Juan Jos\u00e9 Mussi expres\u00f3 a trav\u00e9s de las redes su dolor por la muerte del bombero berazateguense en el incendio de Vila Crespo y anunci\u00f3 que decretara tres d\u00edas de duelo en la ciudad.<\/p>\n\n\n\n<p>\u00abNos entristece enormemente despedir al h\u00e9roe berazateguense Maximiliano Firma Paz, quien falleci\u00f3 mientras combat\u00eda un incendio en una perfumer\u00eda de Villa Crespo. #Berazategui va a decretar tres d\u00edas de duelo en su honor, por lo que las banderas de todo el partido permanecer\u00e1n a media asta. Mis condolencias y un fuerte abrazo a toda su familia\u00bb, escribi\u00f3 el jefe comunal.<\/p>\n\n\n\n<p>Maximiliano Firma Paz, vecino de Berazategui, trabajaba como subcomisario de la Estaci\u00f3n 6\u00b0 \u00abVilla Crespo\u00bb del Cuerpo de Bomberos de la Ciudad de Buenos Aires y entreg\u00f3 su vida ayer, martes 2 de junio, cuando combat\u00eda un voraz incendio que se desat\u00f3 en una perfumer\u00eda, en la planta baja de un edificio de 14 pisos. Junto a \u00e9l, tambi\u00e9n falleci\u00f3 Ariel Gast\u00f3n V\u00e1zquez, comandante Director de la Compa\u00f1\u00eda de Planeamiento Desarrollo y Recursos Humanos de los Bomberos de la Ciudad.<\/p>\n\n\n\n<p>Seg\u00fan se inform\u00f3, el fuego se origin\u00f3 en el subsuelo del lugar, sobre mont\u00edculos de mercader\u00eda con material altamente combustible y, en una segunda explosi\u00f3n, se produjo el desprendimiento de la estructura, lo que dej\u00f3 atrapados a los dos bomberos que finalmente fallecieron.<\/p>\n\n\n\n<p>Firma Paz ingres\u00f3 como cadete en 1997. Durante su carrera pas\u00f3 por varios cuarteles del \u00e1rea urbana y estuvo en el Grupo Especial de Rescate.<\/p>\n","protected":false},"excerpt":{"rendered":"<p>El intendente de Berazategui, doctor Juan Jos\u00e9 Mussi expres\u00f3 a trav\u00e9s de las redes su dolor por la muerte del bombero berazateguense en el incendio de Vila Crespo y anunci\u00f3 que decretara tres d\u00edas de duelo en la ciudad. \u00abNos entristece enormemente despedir al h\u00e9roe berazateguense Maximiliano Firma Paz, quien falleci\u00f3 mientras combat\u00eda un incendio&#8230;<\/p>\n","protected":false},"author":2,"featured_media":2446,"comment_status":"open","ping_status":"open","sticky":false,"template":"","format":"standard","meta":{"footnotes":""},"categories":[3],"tags":[],"class_list":["post-2438","post","type-post","status-publish","format-standard","has-post-thumbnail","hentry","category-berazategui"],"featured_image_src":"https:\/\/diarioprincipios.com\/wp-content\/uploads\/2020\/06\/Screenshot_20200603-121914_Gallery-1024x817.jpg","blog_images":{"medium":"https:\/\/diarioprincipios.com\/wp-content\/uploads\/2020\/06\/Screenshot_20200603-121914_Gallery-300x239.jpg","large":"https:\/\/diarioprincipios.com\/wp-content\/uploads\/2020\/06\/Screenshot_20200603-121914_Gallery-1024x817.jpg"},"ams_acf":[],"yoast_head":"<!-- This site is optimized with the Yoast SEO plugin v27.3 - https:\/\/yoast.com\/product\/yoast-seo-wordpress\/ -->\n<title>Mussi anunci\u00f3 que habr\u00e1 tres d\u00edas de duelo por la muerte del bombero berazateguense en el incendio de Villa Crespo - Principios<\/title>\n<meta name=\"robots\" content=\"index, follow, max-snippet:-1, max-image-preview:large, max-video-preview:-1\" \/>\n<link rel=\"canonical\" href=\"https:\/\/diarioprincipios.com\/index.php\/2020\/06\/03\/mussi-anuncio-que-habra-tres-dias-de-duelo-por-la-muerte-del-bombero-berazateguense-en-el-incendio-de-villa-crespo\/\" \/>\n<meta property=\"og:locale\" content=\"es_ES\" \/>\n<meta property=\"og:type\" content=\"article\" \/>\n<meta property=\"og:title\" content=\"Mussi anunci\u00f3 que habr\u00e1 tres d\u00edas de duelo por la muerte del bombero berazateguense en el incendio de Villa Crespo - Principios\" \/>\n<meta property=\"og:description\" content=\"El intendente de Berazategui, doctor Juan Jos\u00e9 Mussi expres\u00f3 a trav\u00e9s de las redes su dolor por la muerte del bombero berazateguense en el incendio de Vila Crespo y anunci\u00f3 que decretara tres d\u00edas de duelo en la ciudad. \u00abNos entristece enormemente despedir al h\u00e9roe berazateguense Maximiliano Firma Paz, quien falleci\u00f3 mientras combat\u00eda un incendio...\" \/>\n<meta property=\"og:url\" content=\"https:\/\/diarioprincipios.com\/index.php\/2020\/06\/03\/mussi-anuncio-que-habra-tres-dias-de-duelo-por-la-muerte-del-bombero-berazateguense-en-el-incendio-de-villa-crespo\/\" \/>\n<meta property=\"og:site_name\" content=\"Principios\" \/>\n<meta property=\"article:published_time\" content=\"2020-06-03T14:52:27+00:00\" \/>\n<meta property=\"article:modified_time\" content=\"2020-06-03T15:19:43+00:00\" \/>\n<meta property=\"og:image\" content=\"https:\/\/diarioprincipios.com\/wp-content\/uploads\/2020\/06\/Screenshot_20200603-121914_Gallery.jpg\" \/>\n\t<meta property=\"og:image:width\" content=\"1078\" \/>\n\t<meta property=\"og:image:height\" content=\"860\" \/>\n\t<meta property=\"og:image:type\" content=\"image\/jpeg\" \/>\n<meta name=\"author\" content=\"Hern\u00e1n L\u00f3pez\" \/>\n<meta name=\"twitter:card\" content=\"summary_large_image\" \/>\n<meta name=\"twitter:label1\" content=\"Escrito por\" \/>\n\t<meta name=\"twitter:data1\" content=\"Hern\u00e1n L\u00f3pez\" \/>\n\t<meta name=\"twitter:label2\" content=\"Tiempo de lectura\" \/>\n\t<meta name=\"twitter:data2\" content=\"1 minuto\" \/>\n<script type=\"application\/ld+json\" class=\"yoast-schema-graph\">{\"@context\":\"https:\\\/\\\/schema.org\",\"@graph\":[{\"@type\":\"Article\",\"@id\":\"https:\\\/\\\/diarioprincipios.com\\\/index.php\\\/2020\\\/06\\\/03\\\/mussi-anuncio-que-habra-tres-dias-de-duelo-por-la-muerte-del-bombero-berazateguense-en-el-incendio-de-villa-crespo\\\/#article\",\"isPartOf\":{\"@id\":\"https:\\\/\\\/diarioprincipios.com\\\/index.php\\\/2020\\\/06\\\/03\\\/mussi-anuncio-que-habra-tres-dias-de-duelo-por-la-muerte-del-bombero-berazateguense-en-el-incendio-de-villa-crespo\\\/\"},\"author\":{\"name\":\"Hern\u00e1n L\u00f3pez\",\"@id\":\"https:\\\/\\\/diarioprincipios.com\\\/#\\\/schema\\\/person\\\/436d5a1fd41a5e250e23ff5a6a7cb080\"},\"headline\":\"Mussi anunci\u00f3 que habr\u00e1 tres d\u00edas de duelo por la muerte del bombero berazateguense en el incendio de Villa Crespo\",\"datePublished\":\"2020-06-03T14:52:27+00:00\",\"dateModified\":\"2020-06-03T15:19:43+00:00\",\"mainEntityOfPage\":{\"@id\":\"https:\\\/\\\/diarioprincipios.com\\\/index.php\\\/2020\\\/06\\\/03\\\/mussi-anuncio-que-habra-tres-dias-de-duelo-por-la-muerte-del-bombero-berazateguense-en-el-incendio-de-villa-crespo\\\/\"},\"wordCount\":282,\"commentCount\":0,\"publisher\":{\"@id\":\"https:\\\/\\\/diarioprincipios.com\\\/#organization\"},\"image\":{\"@id\":\"https:\\\/\\\/diarioprincipios.com\\\/index.php\\\/2020\\\/06\\\/03\\\/mussi-anuncio-que-habra-tres-dias-de-duelo-por-la-muerte-del-bombero-berazateguense-en-el-incendio-de-villa-crespo\\\/#primaryimage\"},\"thumbnailUrl\":\"https:\\\/\\\/diarioprincipios.com\\\/wp-content\\\/uploads\\\/2020\\\/06\\\/Screenshot_20200603-121914_Gallery.jpg\",\"articleSection\":[\"Berazategui\"],\"inLanguage\":\"es\",\"potentialAction\":[{\"@type\":\"CommentAction\",\"name\":\"Comment\",\"target\":[\"https:\\\/\\\/diarioprincipios.com\\\/index.php\\\/2020\\\/06\\\/03\\\/mussi-anuncio-que-habra-tres-dias-de-duelo-por-la-muerte-del-bombero-berazateguense-en-el-incendio-de-villa-crespo\\\/#respond\"]}]},{\"@type\":\"WebPage\",\"@id\":\"https:\\\/\\\/diarioprincipios.com\\\/index.php\\\/2020\\\/06\\\/03\\\/mussi-anuncio-que-habra-tres-dias-de-duelo-por-la-muerte-del-bombero-berazateguense-en-el-incendio-de-villa-crespo\\\/\",\"url\":\"https:\\\/\\\/diarioprincipios.com\\\/index.php\\\/2020\\\/06\\\/03\\\/mussi-anuncio-que-habra-tres-dias-de-duelo-por-la-muerte-del-bombero-berazateguense-en-el-incendio-de-villa-crespo\\\/\",\"name\":\"Mussi anunci\u00f3 que habr\u00e1 tres d\u00edas de duelo por la muerte del bombero berazateguense en el incendio de Villa Crespo - Principios\",\"isPartOf\":{\"@id\":\"https:\\\/\\\/diarioprincipios.com\\\/#website\"},\"primaryImageOfPage\":{\"@id\":\"https:\\\/\\\/diarioprincipios.com\\\/index.php\\\/2020\\\/06\\\/03\\\/mussi-anuncio-que-habra-tres-dias-de-duelo-por-la-muerte-del-bombero-berazateguense-en-el-incendio-de-villa-crespo\\\/#primaryimage\"},\"image\":{\"@id\":\"https:\\\/\\\/diarioprincipios.com\\\/index.php\\\/2020\\\/06\\\/03\\\/mussi-anuncio-que-habra-tres-dias-de-duelo-por-la-muerte-del-bombero-berazateguense-en-el-incendio-de-villa-crespo\\\/#primaryimage\"},\"thumbnailUrl\":\"https:\\\/\\\/diarioprincipios.com\\\/wp-content\\\/uploads\\\/2020\\\/06\\\/Screenshot_20200603-121914_Gallery.jpg\",\"datePublished\":\"2020-06-03T14:52:27+00:00\",\"dateModified\":\"2020-06-03T15:19:43+00:00\",\"breadcrumb\":{\"@id\":\"https:\\\/\\\/diarioprincipios.com\\\/index.php\\\/2020\\\/06\\\/03\\\/mussi-anuncio-que-habra-tres-dias-de-duelo-por-la-muerte-del-bombero-berazateguense-en-el-incendio-de-villa-crespo\\\/#breadcrumb\"},\"inLanguage\":\"es\",\"potentialAction\":[{\"@type\":\"ReadAction\",\"target\":[\"https:\\\/\\\/diarioprincipios.com\\\/index.php\\\/2020\\\/06\\\/03\\\/mussi-anuncio-que-habra-tres-dias-de-duelo-por-la-muerte-del-bombero-berazateguense-en-el-incendio-de-villa-crespo\\\/\"]}]},{\"@type\":\"ImageObject\",\"inLanguage\":\"es\",\"@id\":\"https:\\\/\\\/diarioprincipios.com\\\/index.php\\\/2020\\\/06\\\/03\\\/mussi-anuncio-que-habra-tres-dias-de-duelo-por-la-muerte-del-bombero-berazateguense-en-el-incendio-de-villa-crespo\\\/#primaryimage\",\"url\":\"https:\\\/\\\/diarioprincipios.com\\\/wp-content\\\/uploads\\\/2020\\\/06\\\/Screenshot_20200603-121914_Gallery.jpg\",\"contentUrl\":\"https:\\\/\\\/diarioprincipios.com\\\/wp-content\\\/uploads\\\/2020\\\/06\\\/Screenshot_20200603-121914_Gallery.jpg\",\"width\":1078,\"height\":860},{\"@type\":\"BreadcrumbList\",\"@id\":\"https:\\\/\\\/diarioprincipios.com\\\/index.php\\\/2020\\\/06\\\/03\\\/mussi-anuncio-que-habra-tres-dias-de-duelo-por-la-muerte-del-bombero-berazateguense-en-el-incendio-de-villa-crespo\\\/#breadcrumb\",\"itemListElement\":[{\"@type\":\"ListItem\",\"position\":1,\"name\":\"Portada\",\"item\":\"https:\\\/\\\/diarioprincipios.com\\\/\"},{\"@type\":\"ListItem\",\"position\":2,\"name\":\"Mussi anunci\u00f3 que habr\u00e1 tres d\u00edas de duelo por la muerte del bombero berazateguense en el incendio de Villa Crespo\"}]},{\"@type\":\"WebSite\",\"@id\":\"https:\\\/\\\/diarioprincipios.com\\\/#website\",\"url\":\"https:\\\/\\\/diarioprincipios.com\\\/\",\"name\":\"Principios\",\"description\":\"Principios Diario\",\"publisher\":{\"@id\":\"https:\\\/\\\/diarioprincipios.com\\\/#organization\"},\"potentialAction\":[{\"@type\":\"SearchAction\",\"target\":{\"@type\":\"EntryPoint\",\"urlTemplate\":\"https:\\\/\\\/diarioprincipios.com\\\/?s={search_term_string}\"},\"query-input\":{\"@type\":\"PropertyValueSpecification\",\"valueRequired\":true,\"valueName\":\"search_term_string\"}}],\"inLanguage\":\"es\"},{\"@type\":\"Organization\",\"@id\":\"https:\\\/\\\/diarioprincipios.com\\\/#organization\",\"name\":\"Principios\",\"url\":\"https:\\\/\\\/diarioprincipios.com\\\/\",\"logo\":{\"@type\":\"ImageObject\",\"inLanguage\":\"es\",\"@id\":\"https:\\\/\\\/diarioprincipios.com\\\/#\\\/schema\\\/logo\\\/image\\\/\",\"url\":\"https:\\\/\\\/diarioprincipios.com\\\/wp-content\\\/uploads\\\/2024\\\/04\\\/cropped-www.diarioprincipios.com_-1.png\",\"contentUrl\":\"https:\\\/\\\/diarioprincipios.com\\\/wp-content\\\/uploads\\\/2024\\\/04\\\/cropped-www.diarioprincipios.com_-1.png\",\"width\":5325,\"height\":1454,\"caption\":\"Principios\"},\"image\":{\"@id\":\"https:\\\/\\\/diarioprincipios.com\\\/#\\\/schema\\\/logo\\\/image\\\/\"}},{\"@type\":\"Person\",\"@id\":\"https:\\\/\\\/diarioprincipios.com\\\/#\\\/schema\\\/person\\\/436d5a1fd41a5e250e23ff5a6a7cb080\",\"name\":\"Hern\u00e1n L\u00f3pez\",\"image\":{\"@type\":\"ImageObject\",\"inLanguage\":\"es\",\"@id\":\"https:\\\/\\\/diarioprincipios.com\\\/wp-content\\\/litespeed\\\/avatar\\\/11ddfe5610ff3bd100522525b2571f48.jpg?ver=1777653193\",\"url\":\"https:\\\/\\\/diarioprincipios.com\\\/wp-content\\\/litespeed\\\/avatar\\\/11ddfe5610ff3bd100522525b2571f48.jpg?ver=1777653193\",\"contentUrl\":\"https:\\\/\\\/diarioprincipios.com\\\/wp-content\\\/litespeed\\\/avatar\\\/11ddfe5610ff3bd100522525b2571f48.jpg?ver=1777653193\",\"caption\":\"Hern\u00e1n L\u00f3pez\"},\"url\":\"https:\\\/\\\/diarioprincipios.com\\\/index.php\\\/author\\\/hernan\\\/\"}]}<\/script>\n<!-- \/ Yoast SEO plugin. -->","yoast_head_json":{"title":"Mussi anunci\u00f3 que habr\u00e1 tres d\u00edas de duelo por la muerte del bombero berazateguense en el incendio de Villa Crespo - Principios","robots":{"index":"index","follow":"follow","max-snippet":"max-snippet:-1","max-image-preview":"max-image-preview:large","max-video-preview":"max-video-preview:-1"},"canonical":"https:\/\/diarioprincipios.com\/index.php\/2020\/06\/03\/mussi-anuncio-que-habra-tres-dias-de-duelo-por-la-muerte-del-bombero-berazateguense-en-el-incendio-de-villa-crespo\/","og_locale":"es_ES","og_type":"article","og_title":"Mussi anunci\u00f3 que habr\u00e1 tres d\u00edas de duelo por la muerte del bombero berazateguense en el incendio de Villa Crespo - Principios","og_description":"El intendente de Berazategui, doctor Juan Jos\u00e9 Mussi expres\u00f3 a trav\u00e9s de las redes su dolor por la muerte del bombero berazateguense en el incendio de Vila Crespo y anunci\u00f3 que decretara tres d\u00edas de duelo en la ciudad. \u00abNos entristece enormemente despedir al h\u00e9roe berazateguense Maximiliano Firma Paz, quien falleci\u00f3 mientras combat\u00eda un incendio...","og_url":"https:\/\/diarioprincipios.com\/index.php\/2020\/06\/03\/mussi-anuncio-que-habra-tres-dias-de-duelo-por-la-muerte-del-bombero-berazateguense-en-el-incendio-de-villa-crespo\/","og_site_name":"Principios","article_published_time":"2020-06-03T14:52:27+00:00","article_modified_time":"2020-06-03T15:19:43+00:00","og_image":[{"width":1078,"height":860,"url":"https:\/\/diarioprincipios.com\/wp-content\/uploads\/2020\/06\/Screenshot_20200603-121914_Gallery.jpg","type":"image\/jpeg"}],"author":"Hern\u00e1n L\u00f3pez","twitter_card":"summary_large_image","twitter_misc":{"Escrito por":"Hern\u00e1n L\u00f3pez","Tiempo de lectura":"1 minuto"},"schema":{"@context":"https:\/\/schema.org","@graph":[{"@type":"Article","@id":"https:\/\/diarioprincipios.com\/index.php\/2020\/06\/03\/mussi-anuncio-que-habra-tres-dias-de-duelo-por-la-muerte-del-bombero-berazateguense-en-el-incendio-de-villa-crespo\/#article","isPartOf":{"@id":"https:\/\/diarioprincipios.com\/index.php\/2020\/06\/03\/mussi-anuncio-que-habra-tres-dias-de-duelo-por-la-muerte-del-bombero-berazateguense-en-el-incendio-de-villa-crespo\/"},"author":{"name":"Hern\u00e1n L\u00f3pez","@id":"https:\/\/diarioprincipios.com\/#\/schema\/person\/436d5a1fd41a5e250e23ff5a6a7cb080"},"headline":"Mussi anunci\u00f3 que habr\u00e1 tres d\u00edas de duelo por la muerte del bombero berazateguense en el incendio de Villa Crespo","datePublished":"2020-06-03T14:52:27+00:00","dateModified":"2020-06-03T15:19:43+00:00","mainEntityOfPage":{"@id":"https:\/\/diarioprincipios.com\/index.php\/2020\/06\/03\/mussi-anuncio-que-habra-tres-dias-de-duelo-por-la-muerte-del-bombero-berazateguense-en-el-incendio-de-villa-crespo\/"},"wordCount":282,"commentCount":0,"publisher":{"@id":"https:\/\/diarioprincipios.com\/#organization"},"image":{"@id":"https:\/\/diarioprincipios.com\/index.php\/2020\/06\/03\/mussi-anuncio-que-habra-tres-dias-de-duelo-por-la-muerte-del-bombero-berazateguense-en-el-incendio-de-villa-crespo\/#primaryimage"},"thumbnailUrl":"https:\/\/diarioprincipios.com\/wp-content\/uploads\/2020\/06\/Screenshot_20200603-121914_Gallery.jpg","articleSection":["Berazategui"],"inLanguage":"es","potentialAction":[{"@type":"CommentAction","name":"Comment","target":["https:\/\/diarioprincipios.com\/index.php\/2020\/06\/03\/mussi-anuncio-que-habra-tres-dias-de-duelo-por-la-muerte-del-bombero-berazateguense-en-el-incendio-de-villa-crespo\/#respond"]}]},{"@type":"WebPage","@id":"https:\/\/diarioprincipios.com\/index.php\/2020\/06\/03\/mussi-anuncio-que-habra-tres-dias-de-duelo-por-la-muerte-del-bombero-berazateguense-en-el-incendio-de-villa-crespo\/","url":"https:\/\/diarioprincipios.com\/index.php\/2020\/06\/03\/mussi-anuncio-que-habra-tres-dias-de-duelo-por-la-muerte-del-bombero-berazateguense-en-el-incendio-de-villa-crespo\/","name":"Mussi anunci\u00f3 que habr\u00e1 tres d\u00edas de duelo por la muerte del bombero berazateguense en el incendio de Villa Crespo - Principios","isPartOf":{"@id":"https:\/\/diarioprincipios.com\/#website"},"primaryImageOfPage":{"@id":"https:\/\/diarioprincipios.com\/index.php\/2020\/06\/03\/mussi-anuncio-que-habra-tres-dias-de-duelo-por-la-muerte-del-bombero-berazateguense-en-el-incendio-de-villa-crespo\/#primaryimage"},"image":{"@id":"https:\/\/diarioprincipios.com\/index.php\/2020\/06\/03\/mussi-anuncio-que-habra-tres-dias-de-duelo-por-la-muerte-del-bombero-berazateguense-en-el-incendio-de-villa-crespo\/#primaryimage"},"thumbnailUrl":"https:\/\/diarioprincipios.com\/wp-content\/uploads\/2020\/06\/Screenshot_20200603-121914_Gallery.jpg","datePublished":"2020-06-03T14:52:27+00:00","dateModified":"2020-06-03T15:19:43+00:00","breadcrumb":{"@id":"https:\/\/diarioprincipios.com\/index.php\/2020\/06\/03\/mussi-anuncio-que-habra-tres-dias-de-duelo-por-la-muerte-del-bombero-berazateguense-en-el-incendio-de-villa-crespo\/#breadcrumb"},"inLanguage":"es","potentialAction":[{"@type":"ReadAction","target":["https:\/\/diarioprincipios.com\/index.php\/2020\/06\/03\/mussi-anuncio-que-habra-tres-dias-de-duelo-por-la-muerte-del-bombero-berazateguense-en-el-incendio-de-villa-crespo\/"]}]},{"@type":"ImageObject","inLanguage":"es","@id":"https:\/\/diarioprincipios.com\/index.php\/2020\/06\/03\/mussi-anuncio-que-habra-tres-dias-de-duelo-por-la-muerte-del-bombero-berazateguense-en-el-incendio-de-villa-crespo\/#primaryimage","url":"https:\/\/diarioprincipios.com\/wp-content\/uploads\/2020\/06\/Screenshot_20200603-121914_Gallery.jpg","contentUrl":"https:\/\/diarioprincipios.com\/wp-content\/uploads\/2020\/06\/Screenshot_20200603-121914_Gallery.jpg","width":1078,"height":860},{"@type":"BreadcrumbList","@id":"https:\/\/diarioprincipios.com\/index.php\/2020\/06\/03\/mussi-anuncio-que-habra-tres-dias-de-duelo-por-la-muerte-del-bombero-berazateguense-en-el-incendio-de-villa-crespo\/#breadcrumb","itemListElement":[{"@type":"ListItem","position":1,"name":"Portada","item":"https:\/\/diarioprincipios.com\/"},{"@type":"ListItem","position":2,"name":"Mussi anunci\u00f3 que habr\u00e1 tres d\u00edas de duelo por la muerte del bombero berazateguense en el incendio de Villa Crespo"}]},{"@type":"WebSite","@id":"https:\/\/diarioprincipios.com\/#website","url":"https:\/\/diarioprincipios.com\/","name":"Principios","description":"Principios Diario","publisher":{"@id":"https:\/\/diarioprincipios.com\/#organization"},"potentialAction":[{"@type":"SearchAction","target":{"@type":"EntryPoint","urlTemplate":"https:\/\/diarioprincipios.com\/?s={search_term_string}"},"query-input":{"@type":"PropertyValueSpecification","valueRequired":true,"valueName":"search_term_string"}}],"inLanguage":"es"},{"@type":"Organization","@id":"https:\/\/diarioprincipios.com\/#organization","name":"Principios","url":"https:\/\/diarioprincipios.com\/","logo":{"@type":"ImageObject","inLanguage":"es","@id":"https:\/\/diarioprincipios.com\/#\/schema\/logo\/image\/","url":"https:\/\/diarioprincipios.com\/wp-content\/uploads\/2024\/04\/cropped-www.diarioprincipios.com_-1.png","contentUrl":"https:\/\/diarioprincipios.com\/wp-content\/uploads\/2024\/04\/cropped-www.diarioprincipios.com_-1.png","width":5325,"height":1454,"caption":"Principios"},"image":{"@id":"https:\/\/diarioprincipios.com\/#\/schema\/logo\/image\/"}},{"@type":"Person","@id":"https:\/\/diarioprincipios.com\/#\/schema\/person\/436d5a1fd41a5e250e23ff5a6a7cb080","name":"Hern\u00e1n L\u00f3pez","image":{"@type":"ImageObject","inLanguage":"es","@id":"https:\/\/diarioprincipios.com\/wp-content\/litespeed\/avatar\/11ddfe5610ff3bd100522525b2571f48.jpg?ver=1777653193","url":"https:\/\/diarioprincipios.com\/wp-content\/litespeed\/avatar\/11ddfe5610ff3bd100522525b2571f48.jpg?ver=1777653193","contentUrl":"https:\/\/diarioprincipios.com\/wp-content\/litespeed\/avatar\/11ddfe5610ff3bd100522525b2571f48.jpg?ver=1777653193","caption":"Hern\u00e1n L\u00f3pez"},"url":"https:\/\/diarioprincipios.com\/index.php\/author\/hernan\/"}]}},"jetpack_featured_media_url":"https:\/\/diarioprincipios.com\/wp-content\/uploads\/2020\/06\/Screenshot_20200603-121914_Gallery.jpg","_links":{"self":[{"href":"https:\/\/diarioprincipios.com\/index.php\/wp-json\/wp\/v2\/posts\/2438","targetHints":{"allow":["GET"]}}],"collection":[{"href":"https:\/\/diarioprincipios.com\/index.php\/wp-json\/wp\/v2\/posts"}],"about":[{"href":"https:\/\/diarioprincipios.com\/index.php\/wp-json\/wp\/v2\/types\/post"}],"author":[{"embeddable":true,"href":"https:\/\/diarioprincipios.com\/index.php\/wp-json\/wp\/v2\/users\/2"}],"replies":[{"embeddable":true,"href":"https:\/\/diarioprincipios.com\/index.php\/wp-json\/wp\/v2\/comments?post=2438"}],"version-history":[{"count":2,"href":"https:\/\/diarioprincipios.com\/index.php\/wp-json\/wp\/v2\/posts\/2438\/revisions"}],"predecessor-version":[{"id":2441,"href":"https:\/\/diarioprincipios.com\/index.php\/wp-json\/wp\/v2\/posts\/2438\/revisions\/2441"}],"wp:featuredmedia":[{"embeddable":true,"href":"https:\/\/diarioprincipios.com\/index.php\/wp-json\/wp\/v2\/media\/2446"}],"wp:attachment":[{"href":"https:\/\/diarioprincipios.com\/index.php\/wp-json\/wp\/v2\/media?parent=2438"}],"wp:term":[{"taxonomy":"category","embeddable":true,"href":"https:\/\/diarioprincipios.com\/index.php\/wp-json\/wp\/v2\/categories?post=2438"},{"taxonomy":"post_tag","embeddable":true,"href":"https:\/\/diarioprincipios.com\/index.php\/wp-json\/wp\/v2\/tags?post=2438"}],"curies":[{"name":"wp","href":"https:\/\/api.w.org\/{rel}","templated":true}]}}