{"id":24352,"date":"2025-03-29T21:40:55","date_gmt":"2025-03-30T00:40:55","guid":{"rendered":"https:\/\/diarioprincipios.com\/?p=24352"},"modified":"2025-03-30T15:10:40","modified_gmt":"2025-03-30T18:10:40","slug":"mussi-junto-a-mas-de-40-intendentes-pidieron-desdoblar-las-elecciones","status":"publish","type":"post","link":"https:\/\/diarioprincipios.com\/index.php\/2025\/03\/29\/mussi-junto-a-mas-de-40-intendentes-pidieron-desdoblar-las-elecciones\/","title":{"rendered":"Mussi junto a m\u00e1s de 40 Intendentes pidieron desdoblar las elecciones"},"content":{"rendered":"\n<p>Mediante un comunicado que lleva la firma de Juan Jos\u00e9 Mussi, intendente de Berazategui, adem\u00e1s de Julio Alak, de La Plata, y Jorge Ferraresi, de Avellaneda, m\u00e1s de 40 Jefes Comunales Bonaerenses del Peronismo respaldaron al gobernador bonaerense Axel Kicillof y pidieron \u00abdesdoblar\u00bb las elecciones locales en medio de los cruces en Uni\u00f3n por la Patria (UxP) por el futuro del calendario electoral provincial.<\/p>\n\n\n\n<p>El grupo de intendentes volvi\u00f3 a pedirle a Kicillof que haga uso de sus \u00abfacultades constitucionales\u00bb y disponga el \u00abdesdoblamiento\u00bb de las elecciones provinciales de las nacionales.<\/p>\n\n\n\n<p>A trav\u00e9s de un mensaje publicado por el intendente de Berazategui en redes sociales, gobernantes municipales dieron cuenta de la dificultad que supone la modificaci\u00f3n del sistema electoral, con la suspensi\u00f3n de las PASO y la implementaci\u00f3n de la Boleta \u00danica de Papel (BUP) a nivel nacional.<\/p>\n\n\n\n<p>As\u00ed, consideraron que esas medidas alteran las \u00abreglas fundamentales que vienen rigiendo los procesos electorales en los \u00faltimos a\u00f1os\u00bb.<\/p>\n\n\n\n<p>En este sentido, plantearon que estas modificaciones \u00abimprevistas\u00bb generan \u00abconfusi\u00f3n\u00bb y plantean una \u00abcomplejidad operativa sin precedentes\u00bb para los comicios.<\/p>\n\n\n\n<p>\u00abLa posibilidad de elecciones \u00b4concurrentes\u00b4 con dos modalidades de votaci\u00f3n diferentes, dos urnas y boletas distintas, dificultar\u00eda la participaci\u00f3n ciudadana y pondr\u00eda en riesgo la transparencia del acto electoral\u00bb, argumentaron.<\/p>\n\n\n\n<p>Y concluyeron que en ese escenario \u00abla mejor soluci\u00f3n consiste en desdoblar las elecciones provinciales y municipales de las nacionales\u00bb.<\/p>\n\n\n\n<p>\u00abEsta decisi\u00f3n no solo permitir\u00e1 ordenar el proceso electoral, sino que tambi\u00e9n garantizar\u00e1 que los bonaerenses puedan debatir con la profundidad necesaria\u00bb, expresaron los jefes comunales.<\/p>\n","protected":false},"excerpt":{"rendered":"<p>Mediante un comunicado que lleva la firma de Juan Jos\u00e9 Mussi, intendente de Berazategui, adem\u00e1s de Julio Alak, de La Plata, y Jorge Ferraresi, de Avellaneda, m\u00e1s de 40 Jefes Comunales Bonaerenses del Peronismo respaldaron al gobernador bonaerense Axel Kicillof y pidieron \u00abdesdoblar\u00bb las elecciones locales en medio de los cruces en Uni\u00f3n por la&#8230;<\/p>\n","protected":false},"author":2,"featured_media":24357,"comment_status":"open","ping_status":"open","sticky":false,"template":"","format":"standard","meta":{"footnotes":""},"categories":[3,7],"tags":[],"class_list":["post-24352","post","type-post","status-publish","format-standard","has-post-thumbnail","hentry","category-berazategui","category-provincia"],"featured_image_src":"https:\/\/diarioprincipios.com\/wp-content\/uploads\/2025\/03\/mussi-965x1024.jpg","blog_images":{"medium":"https:\/\/diarioprincipios.com\/wp-content\/uploads\/2025\/03\/mussi-283x300.jpg","large":"https:\/\/diarioprincipios.com\/wp-content\/uploads\/2025\/03\/mussi-965x1024.jpg"},"ams_acf":[],"yoast_head":"<!-- This site is optimized with the Yoast SEO plugin v27.3 - https:\/\/yoast.com\/product\/yoast-seo-wordpress\/ -->\n<title>Mussi junto a m\u00e1s de 40 Intendentes pidieron desdoblar las elecciones - Principios<\/title>\n<meta name=\"robots\" content=\"index, follow, max-snippet:-1, max-image-preview:large, max-video-preview:-1\" \/>\n<link rel=\"canonical\" href=\"https:\/\/diarioprincipios.com\/index.php\/2025\/03\/29\/mussi-junto-a-mas-de-40-intendentes-pidieron-desdoblar-las-elecciones\/\" \/>\n<meta property=\"og:locale\" content=\"es_ES\" \/>\n<meta property=\"og:type\" content=\"article\" \/>\n<meta property=\"og:title\" content=\"Mussi junto a m\u00e1s de 40 Intendentes pidieron desdoblar las elecciones - Principios\" \/>\n<meta property=\"og:description\" content=\"Mediante un comunicado que lleva la firma de Juan Jos\u00e9 Mussi, intendente de Berazategui, adem\u00e1s de Julio Alak, de La Plata, y Jorge Ferraresi, de Avellaneda, m\u00e1s de 40 Jefes Comunales Bonaerenses del Peronismo respaldaron al gobernador bonaerense Axel Kicillof y pidieron \u00abdesdoblar\u00bb las elecciones locales en medio de los cruces en Uni\u00f3n por la...\" \/>\n<meta property=\"og:url\" content=\"https:\/\/diarioprincipios.com\/index.php\/2025\/03\/29\/mussi-junto-a-mas-de-40-intendentes-pidieron-desdoblar-las-elecciones\/\" \/>\n<meta property=\"og:site_name\" content=\"Principios\" \/>\n<meta property=\"article:published_time\" content=\"2025-03-30T00:40:55+00:00\" \/>\n<meta property=\"article:modified_time\" content=\"2025-03-30T18:10:40+00:00\" \/>\n<meta property=\"og:image\" content=\"https:\/\/diarioprincipios.com\/wp-content\/uploads\/2025\/03\/mussi.jpg\" \/>\n\t<meta property=\"og:image:width\" content=\"1079\" \/>\n\t<meta property=\"og:image:height\" content=\"1145\" \/>\n\t<meta property=\"og:image:type\" content=\"image\/jpeg\" \/>\n<meta name=\"author\" content=\"Hern\u00e1n L\u00f3pez\" \/>\n<meta name=\"twitter:card\" content=\"summary_large_image\" \/>\n<meta name=\"twitter:label1\" content=\"Escrito por\" \/>\n\t<meta name=\"twitter:data1\" content=\"Hern\u00e1n L\u00f3pez\" \/>\n\t<meta name=\"twitter:label2\" content=\"Tiempo de lectura\" \/>\n\t<meta name=\"twitter:data2\" content=\"2 minutos\" \/>\n<script type=\"application\/ld+json\" class=\"yoast-schema-graph\">{\"@context\":\"https:\\\/\\\/schema.org\",\"@graph\":[{\"@type\":\"Article\",\"@id\":\"https:\\\/\\\/diarioprincipios.com\\\/index.php\\\/2025\\\/03\\\/29\\\/mussi-junto-a-mas-de-40-intendentes-pidieron-desdoblar-las-elecciones\\\/#article\",\"isPartOf\":{\"@id\":\"https:\\\/\\\/diarioprincipios.com\\\/index.php\\\/2025\\\/03\\\/29\\\/mussi-junto-a-mas-de-40-intendentes-pidieron-desdoblar-las-elecciones\\\/\"},\"author\":{\"name\":\"Hern\u00e1n L\u00f3pez\",\"@id\":\"https:\\\/\\\/diarioprincipios.com\\\/#\\\/schema\\\/person\\\/436d5a1fd41a5e250e23ff5a6a7cb080\"},\"headline\":\"Mussi junto a m\u00e1s de 40 Intendentes pidieron desdoblar las elecciones\",\"datePublished\":\"2025-03-30T00:40:55+00:00\",\"dateModified\":\"2025-03-30T18:10:40+00:00\",\"mainEntityOfPage\":{\"@id\":\"https:\\\/\\\/diarioprincipios.com\\\/index.php\\\/2025\\\/03\\\/29\\\/mussi-junto-a-mas-de-40-intendentes-pidieron-desdoblar-las-elecciones\\\/\"},\"wordCount\":279,\"commentCount\":0,\"publisher\":{\"@id\":\"https:\\\/\\\/diarioprincipios.com\\\/#organization\"},\"image\":{\"@id\":\"https:\\\/\\\/diarioprincipios.com\\\/index.php\\\/2025\\\/03\\\/29\\\/mussi-junto-a-mas-de-40-intendentes-pidieron-desdoblar-las-elecciones\\\/#primaryimage\"},\"thumbnailUrl\":\"https:\\\/\\\/diarioprincipios.com\\\/wp-content\\\/uploads\\\/2025\\\/03\\\/mussi.jpg\",\"articleSection\":[\"Berazategui\",\"Provincia\"],\"inLanguage\":\"es\",\"potentialAction\":[{\"@type\":\"CommentAction\",\"name\":\"Comment\",\"target\":[\"https:\\\/\\\/diarioprincipios.com\\\/index.php\\\/2025\\\/03\\\/29\\\/mussi-junto-a-mas-de-40-intendentes-pidieron-desdoblar-las-elecciones\\\/#respond\"]}]},{\"@type\":\"WebPage\",\"@id\":\"https:\\\/\\\/diarioprincipios.com\\\/index.php\\\/2025\\\/03\\\/29\\\/mussi-junto-a-mas-de-40-intendentes-pidieron-desdoblar-las-elecciones\\\/\",\"url\":\"https:\\\/\\\/diarioprincipios.com\\\/index.php\\\/2025\\\/03\\\/29\\\/mussi-junto-a-mas-de-40-intendentes-pidieron-desdoblar-las-elecciones\\\/\",\"name\":\"Mussi junto a m\u00e1s de 40 Intendentes pidieron desdoblar las elecciones - Principios\",\"isPartOf\":{\"@id\":\"https:\\\/\\\/diarioprincipios.com\\\/#website\"},\"primaryImageOfPage\":{\"@id\":\"https:\\\/\\\/diarioprincipios.com\\\/index.php\\\/2025\\\/03\\\/29\\\/mussi-junto-a-mas-de-40-intendentes-pidieron-desdoblar-las-elecciones\\\/#primaryimage\"},\"image\":{\"@id\":\"https:\\\/\\\/diarioprincipios.com\\\/index.php\\\/2025\\\/03\\\/29\\\/mussi-junto-a-mas-de-40-intendentes-pidieron-desdoblar-las-elecciones\\\/#primaryimage\"},\"thumbnailUrl\":\"https:\\\/\\\/diarioprincipios.com\\\/wp-content\\\/uploads\\\/2025\\\/03\\\/mussi.jpg\",\"datePublished\":\"2025-03-30T00:40:55+00:00\",\"dateModified\":\"2025-03-30T18:10:40+00:00\",\"breadcrumb\":{\"@id\":\"https:\\\/\\\/diarioprincipios.com\\\/index.php\\\/2025\\\/03\\\/29\\\/mussi-junto-a-mas-de-40-intendentes-pidieron-desdoblar-las-elecciones\\\/#breadcrumb\"},\"inLanguage\":\"es\",\"potentialAction\":[{\"@type\":\"ReadAction\",\"target\":[\"https:\\\/\\\/diarioprincipios.com\\\/index.php\\\/2025\\\/03\\\/29\\\/mussi-junto-a-mas-de-40-intendentes-pidieron-desdoblar-las-elecciones\\\/\"]}]},{\"@type\":\"ImageObject\",\"inLanguage\":\"es\",\"@id\":\"https:\\\/\\\/diarioprincipios.com\\\/index.php\\\/2025\\\/03\\\/29\\\/mussi-junto-a-mas-de-40-intendentes-pidieron-desdoblar-las-elecciones\\\/#primaryimage\",\"url\":\"https:\\\/\\\/diarioprincipios.com\\\/wp-content\\\/uploads\\\/2025\\\/03\\\/mussi.jpg\",\"contentUrl\":\"https:\\\/\\\/diarioprincipios.com\\\/wp-content\\\/uploads\\\/2025\\\/03\\\/mussi.jpg\",\"width\":1079,\"height\":1145},{\"@type\":\"BreadcrumbList\",\"@id\":\"https:\\\/\\\/diarioprincipios.com\\\/index.php\\\/2025\\\/03\\\/29\\\/mussi-junto-a-mas-de-40-intendentes-pidieron-desdoblar-las-elecciones\\\/#breadcrumb\",\"itemListElement\":[{\"@type\":\"ListItem\",\"position\":1,\"name\":\"Portada\",\"item\":\"https:\\\/\\\/diarioprincipios.com\\\/\"},{\"@type\":\"ListItem\",\"position\":2,\"name\":\"Mussi junto a m\u00e1s de 40 Intendentes pidieron desdoblar las elecciones\"}]},{\"@type\":\"WebSite\",\"@id\":\"https:\\\/\\\/diarioprincipios.com\\\/#website\",\"url\":\"https:\\\/\\\/diarioprincipios.com\\\/\",\"name\":\"Principios\",\"description\":\"Principios Diario\",\"publisher\":{\"@id\":\"https:\\\/\\\/diarioprincipios.com\\\/#organization\"},\"potentialAction\":[{\"@type\":\"SearchAction\",\"target\":{\"@type\":\"EntryPoint\",\"urlTemplate\":\"https:\\\/\\\/diarioprincipios.com\\\/?s={search_term_string}\"},\"query-input\":{\"@type\":\"PropertyValueSpecification\",\"valueRequired\":true,\"valueName\":\"search_term_string\"}}],\"inLanguage\":\"es\"},{\"@type\":\"Organization\",\"@id\":\"https:\\\/\\\/diarioprincipios.com\\\/#organization\",\"name\":\"Principios\",\"url\":\"https:\\\/\\\/diarioprincipios.com\\\/\",\"logo\":{\"@type\":\"ImageObject\",\"inLanguage\":\"es\",\"@id\":\"https:\\\/\\\/diarioprincipios.com\\\/#\\\/schema\\\/logo\\\/image\\\/\",\"url\":\"https:\\\/\\\/diarioprincipios.com\\\/wp-content\\\/uploads\\\/2024\\\/04\\\/cropped-www.diarioprincipios.com_-1.png\",\"contentUrl\":\"https:\\\/\\\/diarioprincipios.com\\\/wp-content\\\/uploads\\\/2024\\\/04\\\/cropped-www.diarioprincipios.com_-1.png\",\"width\":5325,\"height\":1454,\"caption\":\"Principios\"},\"image\":{\"@id\":\"https:\\\/\\\/diarioprincipios.com\\\/#\\\/schema\\\/logo\\\/image\\\/\"}},{\"@type\":\"Person\",\"@id\":\"https:\\\/\\\/diarioprincipios.com\\\/#\\\/schema\\\/person\\\/436d5a1fd41a5e250e23ff5a6a7cb080\",\"name\":\"Hern\u00e1n L\u00f3pez\",\"image\":{\"@type\":\"ImageObject\",\"inLanguage\":\"es\",\"@id\":\"https:\\\/\\\/diarioprincipios.com\\\/wp-content\\\/litespeed\\\/avatar\\\/11ddfe5610ff3bd100522525b2571f48.jpg?ver=1777048341\",\"url\":\"https:\\\/\\\/diarioprincipios.com\\\/wp-content\\\/litespeed\\\/avatar\\\/11ddfe5610ff3bd100522525b2571f48.jpg?ver=1777048341\",\"contentUrl\":\"https:\\\/\\\/diarioprincipios.com\\\/wp-content\\\/litespeed\\\/avatar\\\/11ddfe5610ff3bd100522525b2571f48.jpg?ver=1777048341\",\"caption\":\"Hern\u00e1n L\u00f3pez\"},\"url\":\"https:\\\/\\\/diarioprincipios.com\\\/index.php\\\/author\\\/hernan\\\/\"}]}<\/script>\n<!-- \/ Yoast SEO plugin. -->","yoast_head_json":{"title":"Mussi junto a m\u00e1s de 40 Intendentes pidieron desdoblar las elecciones - Principios","robots":{"index":"index","follow":"follow","max-snippet":"max-snippet:-1","max-image-preview":"max-image-preview:large","max-video-preview":"max-video-preview:-1"},"canonical":"https:\/\/diarioprincipios.com\/index.php\/2025\/03\/29\/mussi-junto-a-mas-de-40-intendentes-pidieron-desdoblar-las-elecciones\/","og_locale":"es_ES","og_type":"article","og_title":"Mussi junto a m\u00e1s de 40 Intendentes pidieron desdoblar las elecciones - Principios","og_description":"Mediante un comunicado que lleva la firma de Juan Jos\u00e9 Mussi, intendente de Berazategui, adem\u00e1s de Julio Alak, de La Plata, y Jorge Ferraresi, de Avellaneda, m\u00e1s de 40 Jefes Comunales Bonaerenses del Peronismo respaldaron al gobernador bonaerense Axel Kicillof y pidieron \u00abdesdoblar\u00bb las elecciones locales en medio de los cruces en Uni\u00f3n por la...","og_url":"https:\/\/diarioprincipios.com\/index.php\/2025\/03\/29\/mussi-junto-a-mas-de-40-intendentes-pidieron-desdoblar-las-elecciones\/","og_site_name":"Principios","article_published_time":"2025-03-30T00:40:55+00:00","article_modified_time":"2025-03-30T18:10:40+00:00","og_image":[{"width":1079,"height":1145,"url":"https:\/\/diarioprincipios.com\/wp-content\/uploads\/2025\/03\/mussi.jpg","type":"image\/jpeg"}],"author":"Hern\u00e1n L\u00f3pez","twitter_card":"summary_large_image","twitter_misc":{"Escrito por":"Hern\u00e1n L\u00f3pez","Tiempo de lectura":"2 minutos"},"schema":{"@context":"https:\/\/schema.org","@graph":[{"@type":"Article","@id":"https:\/\/diarioprincipios.com\/index.php\/2025\/03\/29\/mussi-junto-a-mas-de-40-intendentes-pidieron-desdoblar-las-elecciones\/#article","isPartOf":{"@id":"https:\/\/diarioprincipios.com\/index.php\/2025\/03\/29\/mussi-junto-a-mas-de-40-intendentes-pidieron-desdoblar-las-elecciones\/"},"author":{"name":"Hern\u00e1n L\u00f3pez","@id":"https:\/\/diarioprincipios.com\/#\/schema\/person\/436d5a1fd41a5e250e23ff5a6a7cb080"},"headline":"Mussi junto a m\u00e1s de 40 Intendentes pidieron desdoblar las elecciones","datePublished":"2025-03-30T00:40:55+00:00","dateModified":"2025-03-30T18:10:40+00:00","mainEntityOfPage":{"@id":"https:\/\/diarioprincipios.com\/index.php\/2025\/03\/29\/mussi-junto-a-mas-de-40-intendentes-pidieron-desdoblar-las-elecciones\/"},"wordCount":279,"commentCount":0,"publisher":{"@id":"https:\/\/diarioprincipios.com\/#organization"},"image":{"@id":"https:\/\/diarioprincipios.com\/index.php\/2025\/03\/29\/mussi-junto-a-mas-de-40-intendentes-pidieron-desdoblar-las-elecciones\/#primaryimage"},"thumbnailUrl":"https:\/\/diarioprincipios.com\/wp-content\/uploads\/2025\/03\/mussi.jpg","articleSection":["Berazategui","Provincia"],"inLanguage":"es","potentialAction":[{"@type":"CommentAction","name":"Comment","target":["https:\/\/diarioprincipios.com\/index.php\/2025\/03\/29\/mussi-junto-a-mas-de-40-intendentes-pidieron-desdoblar-las-elecciones\/#respond"]}]},{"@type":"WebPage","@id":"https:\/\/diarioprincipios.com\/index.php\/2025\/03\/29\/mussi-junto-a-mas-de-40-intendentes-pidieron-desdoblar-las-elecciones\/","url":"https:\/\/diarioprincipios.com\/index.php\/2025\/03\/29\/mussi-junto-a-mas-de-40-intendentes-pidieron-desdoblar-las-elecciones\/","name":"Mussi junto a m\u00e1s de 40 Intendentes pidieron desdoblar las elecciones - Principios","isPartOf":{"@id":"https:\/\/diarioprincipios.com\/#website"},"primaryImageOfPage":{"@id":"https:\/\/diarioprincipios.com\/index.php\/2025\/03\/29\/mussi-junto-a-mas-de-40-intendentes-pidieron-desdoblar-las-elecciones\/#primaryimage"},"image":{"@id":"https:\/\/diarioprincipios.com\/index.php\/2025\/03\/29\/mussi-junto-a-mas-de-40-intendentes-pidieron-desdoblar-las-elecciones\/#primaryimage"},"thumbnailUrl":"https:\/\/diarioprincipios.com\/wp-content\/uploads\/2025\/03\/mussi.jpg","datePublished":"2025-03-30T00:40:55+00:00","dateModified":"2025-03-30T18:10:40+00:00","breadcrumb":{"@id":"https:\/\/diarioprincipios.com\/index.php\/2025\/03\/29\/mussi-junto-a-mas-de-40-intendentes-pidieron-desdoblar-las-elecciones\/#breadcrumb"},"inLanguage":"es","potentialAction":[{"@type":"ReadAction","target":["https:\/\/diarioprincipios.com\/index.php\/2025\/03\/29\/mussi-junto-a-mas-de-40-intendentes-pidieron-desdoblar-las-elecciones\/"]}]},{"@type":"ImageObject","inLanguage":"es","@id":"https:\/\/diarioprincipios.com\/index.php\/2025\/03\/29\/mussi-junto-a-mas-de-40-intendentes-pidieron-desdoblar-las-elecciones\/#primaryimage","url":"https:\/\/diarioprincipios.com\/wp-content\/uploads\/2025\/03\/mussi.jpg","contentUrl":"https:\/\/diarioprincipios.com\/wp-content\/uploads\/2025\/03\/mussi.jpg","width":1079,"height":1145},{"@type":"BreadcrumbList","@id":"https:\/\/diarioprincipios.com\/index.php\/2025\/03\/29\/mussi-junto-a-mas-de-40-intendentes-pidieron-desdoblar-las-elecciones\/#breadcrumb","itemListElement":[{"@type":"ListItem","position":1,"name":"Portada","item":"https:\/\/diarioprincipios.com\/"},{"@type":"ListItem","position":2,"name":"Mussi junto a m\u00e1s de 40 Intendentes pidieron desdoblar las elecciones"}]},{"@type":"WebSite","@id":"https:\/\/diarioprincipios.com\/#website","url":"https:\/\/diarioprincipios.com\/","name":"Principios","description":"Principios Diario","publisher":{"@id":"https:\/\/diarioprincipios.com\/#organization"},"potentialAction":[{"@type":"SearchAction","target":{"@type":"EntryPoint","urlTemplate":"https:\/\/diarioprincipios.com\/?s={search_term_string}"},"query-input":{"@type":"PropertyValueSpecification","valueRequired":true,"valueName":"search_term_string"}}],"inLanguage":"es"},{"@type":"Organization","@id":"https:\/\/diarioprincipios.com\/#organization","name":"Principios","url":"https:\/\/diarioprincipios.com\/","logo":{"@type":"ImageObject","inLanguage":"es","@id":"https:\/\/diarioprincipios.com\/#\/schema\/logo\/image\/","url":"https:\/\/diarioprincipios.com\/wp-content\/uploads\/2024\/04\/cropped-www.diarioprincipios.com_-1.png","contentUrl":"https:\/\/diarioprincipios.com\/wp-content\/uploads\/2024\/04\/cropped-www.diarioprincipios.com_-1.png","width":5325,"height":1454,"caption":"Principios"},"image":{"@id":"https:\/\/diarioprincipios.com\/#\/schema\/logo\/image\/"}},{"@type":"Person","@id":"https:\/\/diarioprincipios.com\/#\/schema\/person\/436d5a1fd41a5e250e23ff5a6a7cb080","name":"Hern\u00e1n L\u00f3pez","image":{"@type":"ImageObject","inLanguage":"es","@id":"https:\/\/diarioprincipios.com\/wp-content\/litespeed\/avatar\/11ddfe5610ff3bd100522525b2571f48.jpg?ver=1777048341","url":"https:\/\/diarioprincipios.com\/wp-content\/litespeed\/avatar\/11ddfe5610ff3bd100522525b2571f48.jpg?ver=1777048341","contentUrl":"https:\/\/diarioprincipios.com\/wp-content\/litespeed\/avatar\/11ddfe5610ff3bd100522525b2571f48.jpg?ver=1777048341","caption":"Hern\u00e1n L\u00f3pez"},"url":"https:\/\/diarioprincipios.com\/index.php\/author\/hernan\/"}]}},"jetpack_featured_media_url":"https:\/\/diarioprincipios.com\/wp-content\/uploads\/2025\/03\/mussi.jpg","_links":{"self":[{"href":"https:\/\/diarioprincipios.com\/index.php\/wp-json\/wp\/v2\/posts\/24352","targetHints":{"allow":["GET"]}}],"collection":[{"href":"https:\/\/diarioprincipios.com\/index.php\/wp-json\/wp\/v2\/posts"}],"about":[{"href":"https:\/\/diarioprincipios.com\/index.php\/wp-json\/wp\/v2\/types\/post"}],"author":[{"embeddable":true,"href":"https:\/\/diarioprincipios.com\/index.php\/wp-json\/wp\/v2\/users\/2"}],"replies":[{"embeddable":true,"href":"https:\/\/diarioprincipios.com\/index.php\/wp-json\/wp\/v2\/comments?post=24352"}],"version-history":[{"count":1,"href":"https:\/\/diarioprincipios.com\/index.php\/wp-json\/wp\/v2\/posts\/24352\/revisions"}],"predecessor-version":[{"id":24354,"href":"https:\/\/diarioprincipios.com\/index.php\/wp-json\/wp\/v2\/posts\/24352\/revisions\/24354"}],"wp:featuredmedia":[{"embeddable":true,"href":"https:\/\/diarioprincipios.com\/index.php\/wp-json\/wp\/v2\/media\/24357"}],"wp:attachment":[{"href":"https:\/\/diarioprincipios.com\/index.php\/wp-json\/wp\/v2\/media?parent=24352"}],"wp:term":[{"taxonomy":"category","embeddable":true,"href":"https:\/\/diarioprincipios.com\/index.php\/wp-json\/wp\/v2\/categories?post=24352"},{"taxonomy":"post_tag","embeddable":true,"href":"https:\/\/diarioprincipios.com\/index.php\/wp-json\/wp\/v2\/tags?post=24352"}],"curies":[{"name":"wp","href":"https:\/\/api.w.org\/{rel}","templated":true}]}}