{"id":24343,"date":"2025-03-27T17:43:17","date_gmt":"2025-03-27T20:43:17","guid":{"rendered":"https:\/\/diarioprincipios.com\/?p=24343"},"modified":"2025-03-27T17:43:18","modified_gmt":"2025-03-27T20:43:18","slug":"se-viene-la-noche-de-los-museos-de-berazategui-2","status":"publish","type":"post","link":"https:\/\/diarioprincipios.com\/index.php\/2025\/03\/27\/se-viene-la-noche-de-los-museos-de-berazategui-2\/","title":{"rendered":"Se viene La Noche de los Museos de Berazategui"},"content":{"rendered":"\n<p>Este s\u00e1bado 29 de marzo, desde las 19.00, se realizar\u00e1 una nueva edici\u00f3n de La Noche de los Museos de Berazategui \u201cM\u00e1s all\u00e1 del encuadre\u201d, con muestras, recorridos especiales, espect\u00e1culos, shows musicales y muchas propuestas m\u00e1s. La entrada ser\u00e1 libre y gratuita.<\/p>\n\n\n\n<p>Camila Bustamante, directora de Museos Municipales de la Secretar\u00eda de Cultura y Educaci\u00f3n, expres\u00f3: \u00abEn cada uno de los Museos vamos a contar con muchas expresiones culturales, a explorar todas las formas de habitar nuestros espacios m\u00e1s all\u00e1 del encuadre. Contaremos con exposiciones temporales de fotograf\u00eda, adem\u00e1s de las tradicionales muestras permanentes. Habr\u00e1 distintas actividades, juegos tem\u00e1ticos y foodtrucks con variadas propuestas gastron\u00f3micas\u201d.<\/p>\n\n\n\n<figure class=\"wp-block-image size-large\"><img loading=\"lazy\" decoding=\"async\" width=\"1024\" height=\"768\" src=\"https:\/\/diarioprincipios.com\/wp-content\/uploads\/2025\/03\/SE-VIENE-LA-NOCHE-DE-LOS-MUSEOS-DE-BERAZATEGUI-2-1024x768.jpg\" alt=\"\" class=\"wp-image-24344\" srcset=\"https:\/\/diarioprincipios.com\/wp-content\/uploads\/2025\/03\/SE-VIENE-LA-NOCHE-DE-LOS-MUSEOS-DE-BERAZATEGUI-2-1024x768.jpg 1024w, https:\/\/diarioprincipios.com\/wp-content\/uploads\/2025\/03\/SE-VIENE-LA-NOCHE-DE-LOS-MUSEOS-DE-BERAZATEGUI-2-300x225.jpg 300w, https:\/\/diarioprincipios.com\/wp-content\/uploads\/2025\/03\/SE-VIENE-LA-NOCHE-DE-LOS-MUSEOS-DE-BERAZATEGUI-2-768x576.jpg 768w, https:\/\/diarioprincipios.com\/wp-content\/uploads\/2025\/03\/SE-VIENE-LA-NOCHE-DE-LOS-MUSEOS-DE-BERAZATEGUI-2-1536x1152.jpg 1536w, https:\/\/diarioprincipios.com\/wp-content\/uploads\/2025\/03\/SE-VIENE-LA-NOCHE-DE-LOS-MUSEOS-DE-BERAZATEGUI-2-2048x1536.jpg 2048w\" sizes=\"auto, (max-width: 1024px) 100vw, 1024px\" \/><\/figure>\n\n\n\n<p>\u201cEsta iniciativa es impulsada por el intendente Juan Jos\u00e9 Mussi y organizada por la Secretar\u00eda de Cultura y Educaci\u00f3n municipal, con el objetivo de brindar a la comunidad la posibilidad de conocer los Museos municipales. El acceso es libre y gratuito\u201d, agreg\u00f3 Bustamante.<\/p>\n\n\n\n<p>El fin de este evento es que las familias puedan disfrutar de toda la propuesta cultural del distrito, en un \u00e1mbito distinto y novedoso, bajo la luz de la luna y las estrellas. Se llevar\u00e1 a cabo en los Museos Municipales Hist\u00f3rico (calle 23 y 149); del Vidrio (calle 23 y 149); del Golf Roberto De Vicenzo (calle 28 y 132); y Taller C\u00e9sar Bustillo (calle 43 e\/ 156 y 157).<\/p>\n\n\n\n<figure class=\"wp-block-image size-large\"><img loading=\"lazy\" decoding=\"async\" width=\"1024\" height=\"683\" src=\"https:\/\/diarioprincipios.com\/wp-content\/uploads\/2025\/03\/SE-VIENE-LA-NOCHE-DE-LOS-MUSEOS-DE-BERAZATEGUI-1-1024x683.jpg\" alt=\"\" class=\"wp-image-24345\" srcset=\"https:\/\/diarioprincipios.com\/wp-content\/uploads\/2025\/03\/SE-VIENE-LA-NOCHE-DE-LOS-MUSEOS-DE-BERAZATEGUI-1-1024x683.jpg 1024w, https:\/\/diarioprincipios.com\/wp-content\/uploads\/2025\/03\/SE-VIENE-LA-NOCHE-DE-LOS-MUSEOS-DE-BERAZATEGUI-1-300x200.jpg 300w, https:\/\/diarioprincipios.com\/wp-content\/uploads\/2025\/03\/SE-VIENE-LA-NOCHE-DE-LOS-MUSEOS-DE-BERAZATEGUI-1-768x512.jpg 768w, https:\/\/diarioprincipios.com\/wp-content\/uploads\/2025\/03\/SE-VIENE-LA-NOCHE-DE-LOS-MUSEOS-DE-BERAZATEGUI-1-1536x1024.jpg 1536w, https:\/\/diarioprincipios.com\/wp-content\/uploads\/2025\/03\/SE-VIENE-LA-NOCHE-DE-LOS-MUSEOS-DE-BERAZATEGUI-1-600x400.jpg 600w, https:\/\/diarioprincipios.com\/wp-content\/uploads\/2025\/03\/SE-VIENE-LA-NOCHE-DE-LOS-MUSEOS-DE-BERAZATEGUI-1.jpg 1920w\" sizes=\"auto, (max-width: 1024px) 100vw, 1024px\" \/><\/figure>\n\n\n\n<p>En berazategui.gob.ar\/cultura se puede conocer la historia de cada uno de estos espacios municipales. Asimismo, la Municipalidad pondr\u00e1 a disposici\u00f3n un servicio de transporte que va a estar recorriendo cada uno de ellos, para trasladar a quienes no tengan movilidad propia. Se podr\u00e1 abordar en la puerta de los Museos, por orden de llegada, durante todo el evento (a partir de las 19.00).<\/p>\n","protected":false},"excerpt":{"rendered":"<p>Este s\u00e1bado 29 de marzo, desde las 19.00, se realizar\u00e1 una nueva edici\u00f3n de La Noche de los Museos de Berazategui \u201cM\u00e1s all\u00e1 del encuadre\u201d, con muestras, recorridos especiales, espect\u00e1culos, shows musicales y muchas propuestas m\u00e1s. La entrada ser\u00e1 libre y gratuita. Camila Bustamante, directora de Museos Municipales de la Secretar\u00eda de Cultura y Educaci\u00f3n,&#8230;<\/p>\n","protected":false},"author":2,"featured_media":24346,"comment_status":"open","ping_status":"open","sticky":false,"template":"","format":"standard","meta":{"footnotes":""},"categories":[3,19],"tags":[],"class_list":["post-24343","post","type-post","status-publish","format-standard","has-post-thumbnail","hentry","category-berazategui","category-cultura-educacion"],"featured_image_src":"https:\/\/diarioprincipios.com\/wp-content\/uploads\/2025\/03\/FB_IMG_1743107544896-819x1024.jpg","blog_images":{"medium":"https:\/\/diarioprincipios.com\/wp-content\/uploads\/2025\/03\/FB_IMG_1743107544896-240x300.jpg","large":"https:\/\/diarioprincipios.com\/wp-content\/uploads\/2025\/03\/FB_IMG_1743107544896-819x1024.jpg"},"ams_acf":[],"yoast_head":"<!-- This site is optimized with the Yoast SEO plugin v27.3 - https:\/\/yoast.com\/product\/yoast-seo-wordpress\/ -->\n<title>Se viene La Noche de los Museos de Berazategui - Principios<\/title>\n<meta name=\"robots\" content=\"index, follow, max-snippet:-1, max-image-preview:large, max-video-preview:-1\" \/>\n<link rel=\"canonical\" href=\"https:\/\/diarioprincipios.com\/index.php\/2025\/03\/27\/se-viene-la-noche-de-los-museos-de-berazategui-2\/\" \/>\n<meta property=\"og:locale\" content=\"es_ES\" \/>\n<meta property=\"og:type\" content=\"article\" \/>\n<meta property=\"og:title\" content=\"Se viene La Noche de los Museos de Berazategui - Principios\" \/>\n<meta property=\"og:description\" content=\"Este s\u00e1bado 29 de marzo, desde las 19.00, se realizar\u00e1 una nueva edici\u00f3n de La Noche de los Museos de Berazategui \u201cM\u00e1s all\u00e1 del encuadre\u201d, con muestras, recorridos especiales, espect\u00e1culos, shows musicales y muchas propuestas m\u00e1s. La entrada ser\u00e1 libre y gratuita. Camila Bustamante, directora de Museos Municipales de la Secretar\u00eda de Cultura y Educaci\u00f3n,...\" \/>\n<meta property=\"og:url\" content=\"https:\/\/diarioprincipios.com\/index.php\/2025\/03\/27\/se-viene-la-noche-de-los-museos-de-berazategui-2\/\" \/>\n<meta property=\"og:site_name\" content=\"Principios\" \/>\n<meta property=\"article:published_time\" content=\"2025-03-27T20:43:17+00:00\" \/>\n<meta property=\"article:modified_time\" content=\"2025-03-27T20:43:18+00:00\" \/>\n<meta property=\"og:image\" content=\"https:\/\/diarioprincipios.com\/wp-content\/uploads\/2025\/03\/FB_IMG_1743107544896.jpg\" \/>\n\t<meta property=\"og:image:width\" content=\"1080\" \/>\n\t<meta property=\"og:image:height\" content=\"1350\" \/>\n\t<meta property=\"og:image:type\" content=\"image\/jpeg\" \/>\n<meta name=\"author\" content=\"Hern\u00e1n L\u00f3pez\" \/>\n<meta name=\"twitter:card\" content=\"summary_large_image\" \/>\n<meta name=\"twitter:label1\" content=\"Escrito por\" \/>\n\t<meta name=\"twitter:data1\" content=\"Hern\u00e1n L\u00f3pez\" \/>\n\t<meta name=\"twitter:label2\" content=\"Tiempo de lectura\" \/>\n\t<meta name=\"twitter:data2\" content=\"2 minutos\" \/>\n<script type=\"application\/ld+json\" class=\"yoast-schema-graph\">{\"@context\":\"https:\\\/\\\/schema.org\",\"@graph\":[{\"@type\":\"Article\",\"@id\":\"https:\\\/\\\/diarioprincipios.com\\\/index.php\\\/2025\\\/03\\\/27\\\/se-viene-la-noche-de-los-museos-de-berazategui-2\\\/#article\",\"isPartOf\":{\"@id\":\"https:\\\/\\\/diarioprincipios.com\\\/index.php\\\/2025\\\/03\\\/27\\\/se-viene-la-noche-de-los-museos-de-berazategui-2\\\/\"},\"author\":{\"name\":\"Hern\u00e1n L\u00f3pez\",\"@id\":\"https:\\\/\\\/diarioprincipios.com\\\/#\\\/schema\\\/person\\\/436d5a1fd41a5e250e23ff5a6a7cb080\"},\"headline\":\"Se viene La Noche de los Museos de Berazategui\",\"datePublished\":\"2025-03-27T20:43:17+00:00\",\"dateModified\":\"2025-03-27T20:43:18+00:00\",\"mainEntityOfPage\":{\"@id\":\"https:\\\/\\\/diarioprincipios.com\\\/index.php\\\/2025\\\/03\\\/27\\\/se-viene-la-noche-de-los-museos-de-berazategui-2\\\/\"},\"wordCount\":299,\"commentCount\":0,\"publisher\":{\"@id\":\"https:\\\/\\\/diarioprincipios.com\\\/#organization\"},\"image\":{\"@id\":\"https:\\\/\\\/diarioprincipios.com\\\/index.php\\\/2025\\\/03\\\/27\\\/se-viene-la-noche-de-los-museos-de-berazategui-2\\\/#primaryimage\"},\"thumbnailUrl\":\"https:\\\/\\\/diarioprincipios.com\\\/wp-content\\\/uploads\\\/2025\\\/03\\\/FB_IMG_1743107544896.jpg\",\"articleSection\":[\"Berazategui\",\"Cultura y Educaci\u00f3n\"],\"inLanguage\":\"es\",\"potentialAction\":[{\"@type\":\"CommentAction\",\"name\":\"Comment\",\"target\":[\"https:\\\/\\\/diarioprincipios.com\\\/index.php\\\/2025\\\/03\\\/27\\\/se-viene-la-noche-de-los-museos-de-berazategui-2\\\/#respond\"]}]},{\"@type\":\"WebPage\",\"@id\":\"https:\\\/\\\/diarioprincipios.com\\\/index.php\\\/2025\\\/03\\\/27\\\/se-viene-la-noche-de-los-museos-de-berazategui-2\\\/\",\"url\":\"https:\\\/\\\/diarioprincipios.com\\\/index.php\\\/2025\\\/03\\\/27\\\/se-viene-la-noche-de-los-museos-de-berazategui-2\\\/\",\"name\":\"Se viene La Noche de los Museos de Berazategui - Principios\",\"isPartOf\":{\"@id\":\"https:\\\/\\\/diarioprincipios.com\\\/#website\"},\"primaryImageOfPage\":{\"@id\":\"https:\\\/\\\/diarioprincipios.com\\\/index.php\\\/2025\\\/03\\\/27\\\/se-viene-la-noche-de-los-museos-de-berazategui-2\\\/#primaryimage\"},\"image\":{\"@id\":\"https:\\\/\\\/diarioprincipios.com\\\/index.php\\\/2025\\\/03\\\/27\\\/se-viene-la-noche-de-los-museos-de-berazategui-2\\\/#primaryimage\"},\"thumbnailUrl\":\"https:\\\/\\\/diarioprincipios.com\\\/wp-content\\\/uploads\\\/2025\\\/03\\\/FB_IMG_1743107544896.jpg\",\"datePublished\":\"2025-03-27T20:43:17+00:00\",\"dateModified\":\"2025-03-27T20:43:18+00:00\",\"breadcrumb\":{\"@id\":\"https:\\\/\\\/diarioprincipios.com\\\/index.php\\\/2025\\\/03\\\/27\\\/se-viene-la-noche-de-los-museos-de-berazategui-2\\\/#breadcrumb\"},\"inLanguage\":\"es\",\"potentialAction\":[{\"@type\":\"ReadAction\",\"target\":[\"https:\\\/\\\/diarioprincipios.com\\\/index.php\\\/2025\\\/03\\\/27\\\/se-viene-la-noche-de-los-museos-de-berazategui-2\\\/\"]}]},{\"@type\":\"ImageObject\",\"inLanguage\":\"es\",\"@id\":\"https:\\\/\\\/diarioprincipios.com\\\/index.php\\\/2025\\\/03\\\/27\\\/se-viene-la-noche-de-los-museos-de-berazategui-2\\\/#primaryimage\",\"url\":\"https:\\\/\\\/diarioprincipios.com\\\/wp-content\\\/uploads\\\/2025\\\/03\\\/FB_IMG_1743107544896.jpg\",\"contentUrl\":\"https:\\\/\\\/diarioprincipios.com\\\/wp-content\\\/uploads\\\/2025\\\/03\\\/FB_IMG_1743107544896.jpg\",\"width\":1080,\"height\":1350},{\"@type\":\"BreadcrumbList\",\"@id\":\"https:\\\/\\\/diarioprincipios.com\\\/index.php\\\/2025\\\/03\\\/27\\\/se-viene-la-noche-de-los-museos-de-berazategui-2\\\/#breadcrumb\",\"itemListElement\":[{\"@type\":\"ListItem\",\"position\":1,\"name\":\"Portada\",\"item\":\"https:\\\/\\\/diarioprincipios.com\\\/\"},{\"@type\":\"ListItem\",\"position\":2,\"name\":\"Se viene La Noche de los Museos de Berazategui\"}]},{\"@type\":\"WebSite\",\"@id\":\"https:\\\/\\\/diarioprincipios.com\\\/#website\",\"url\":\"https:\\\/\\\/diarioprincipios.com\\\/\",\"name\":\"Principios\",\"description\":\"Principios Diario\",\"publisher\":{\"@id\":\"https:\\\/\\\/diarioprincipios.com\\\/#organization\"},\"potentialAction\":[{\"@type\":\"SearchAction\",\"target\":{\"@type\":\"EntryPoint\",\"urlTemplate\":\"https:\\\/\\\/diarioprincipios.com\\\/?s={search_term_string}\"},\"query-input\":{\"@type\":\"PropertyValueSpecification\",\"valueRequired\":true,\"valueName\":\"search_term_string\"}}],\"inLanguage\":\"es\"},{\"@type\":\"Organization\",\"@id\":\"https:\\\/\\\/diarioprincipios.com\\\/#organization\",\"name\":\"Principios\",\"url\":\"https:\\\/\\\/diarioprincipios.com\\\/\",\"logo\":{\"@type\":\"ImageObject\",\"inLanguage\":\"es\",\"@id\":\"https:\\\/\\\/diarioprincipios.com\\\/#\\\/schema\\\/logo\\\/image\\\/\",\"url\":\"https:\\\/\\\/diarioprincipios.com\\\/wp-content\\\/uploads\\\/2024\\\/04\\\/cropped-www.diarioprincipios.com_-1.png\",\"contentUrl\":\"https:\\\/\\\/diarioprincipios.com\\\/wp-content\\\/uploads\\\/2024\\\/04\\\/cropped-www.diarioprincipios.com_-1.png\",\"width\":5325,\"height\":1454,\"caption\":\"Principios\"},\"image\":{\"@id\":\"https:\\\/\\\/diarioprincipios.com\\\/#\\\/schema\\\/logo\\\/image\\\/\"}},{\"@type\":\"Person\",\"@id\":\"https:\\\/\\\/diarioprincipios.com\\\/#\\\/schema\\\/person\\\/436d5a1fd41a5e250e23ff5a6a7cb080\",\"name\":\"Hern\u00e1n L\u00f3pez\",\"image\":{\"@type\":\"ImageObject\",\"inLanguage\":\"es\",\"@id\":\"https:\\\/\\\/diarioprincipios.com\\\/wp-content\\\/litespeed\\\/avatar\\\/11ddfe5610ff3bd100522525b2571f48.jpg?ver=1777048341\",\"url\":\"https:\\\/\\\/diarioprincipios.com\\\/wp-content\\\/litespeed\\\/avatar\\\/11ddfe5610ff3bd100522525b2571f48.jpg?ver=1777048341\",\"contentUrl\":\"https:\\\/\\\/diarioprincipios.com\\\/wp-content\\\/litespeed\\\/avatar\\\/11ddfe5610ff3bd100522525b2571f48.jpg?ver=1777048341\",\"caption\":\"Hern\u00e1n L\u00f3pez\"},\"url\":\"https:\\\/\\\/diarioprincipios.com\\\/index.php\\\/author\\\/hernan\\\/\"}]}<\/script>\n<!-- \/ Yoast SEO plugin. -->","yoast_head_json":{"title":"Se viene La Noche de los Museos de Berazategui - Principios","robots":{"index":"index","follow":"follow","max-snippet":"max-snippet:-1","max-image-preview":"max-image-preview:large","max-video-preview":"max-video-preview:-1"},"canonical":"https:\/\/diarioprincipios.com\/index.php\/2025\/03\/27\/se-viene-la-noche-de-los-museos-de-berazategui-2\/","og_locale":"es_ES","og_type":"article","og_title":"Se viene La Noche de los Museos de Berazategui - Principios","og_description":"Este s\u00e1bado 29 de marzo, desde las 19.00, se realizar\u00e1 una nueva edici\u00f3n de La Noche de los Museos de Berazategui \u201cM\u00e1s all\u00e1 del encuadre\u201d, con muestras, recorridos especiales, espect\u00e1culos, shows musicales y muchas propuestas m\u00e1s. La entrada ser\u00e1 libre y gratuita. Camila Bustamante, directora de Museos Municipales de la Secretar\u00eda de Cultura y Educaci\u00f3n,...","og_url":"https:\/\/diarioprincipios.com\/index.php\/2025\/03\/27\/se-viene-la-noche-de-los-museos-de-berazategui-2\/","og_site_name":"Principios","article_published_time":"2025-03-27T20:43:17+00:00","article_modified_time":"2025-03-27T20:43:18+00:00","og_image":[{"width":1080,"height":1350,"url":"https:\/\/diarioprincipios.com\/wp-content\/uploads\/2025\/03\/FB_IMG_1743107544896.jpg","type":"image\/jpeg"}],"author":"Hern\u00e1n L\u00f3pez","twitter_card":"summary_large_image","twitter_misc":{"Escrito por":"Hern\u00e1n L\u00f3pez","Tiempo de lectura":"2 minutos"},"schema":{"@context":"https:\/\/schema.org","@graph":[{"@type":"Article","@id":"https:\/\/diarioprincipios.com\/index.php\/2025\/03\/27\/se-viene-la-noche-de-los-museos-de-berazategui-2\/#article","isPartOf":{"@id":"https:\/\/diarioprincipios.com\/index.php\/2025\/03\/27\/se-viene-la-noche-de-los-museos-de-berazategui-2\/"},"author":{"name":"Hern\u00e1n L\u00f3pez","@id":"https:\/\/diarioprincipios.com\/#\/schema\/person\/436d5a1fd41a5e250e23ff5a6a7cb080"},"headline":"Se viene La Noche de los Museos de Berazategui","datePublished":"2025-03-27T20:43:17+00:00","dateModified":"2025-03-27T20:43:18+00:00","mainEntityOfPage":{"@id":"https:\/\/diarioprincipios.com\/index.php\/2025\/03\/27\/se-viene-la-noche-de-los-museos-de-berazategui-2\/"},"wordCount":299,"commentCount":0,"publisher":{"@id":"https:\/\/diarioprincipios.com\/#organization"},"image":{"@id":"https:\/\/diarioprincipios.com\/index.php\/2025\/03\/27\/se-viene-la-noche-de-los-museos-de-berazategui-2\/#primaryimage"},"thumbnailUrl":"https:\/\/diarioprincipios.com\/wp-content\/uploads\/2025\/03\/FB_IMG_1743107544896.jpg","articleSection":["Berazategui","Cultura y Educaci\u00f3n"],"inLanguage":"es","potentialAction":[{"@type":"CommentAction","name":"Comment","target":["https:\/\/diarioprincipios.com\/index.php\/2025\/03\/27\/se-viene-la-noche-de-los-museos-de-berazategui-2\/#respond"]}]},{"@type":"WebPage","@id":"https:\/\/diarioprincipios.com\/index.php\/2025\/03\/27\/se-viene-la-noche-de-los-museos-de-berazategui-2\/","url":"https:\/\/diarioprincipios.com\/index.php\/2025\/03\/27\/se-viene-la-noche-de-los-museos-de-berazategui-2\/","name":"Se viene La Noche de los Museos de Berazategui - Principios","isPartOf":{"@id":"https:\/\/diarioprincipios.com\/#website"},"primaryImageOfPage":{"@id":"https:\/\/diarioprincipios.com\/index.php\/2025\/03\/27\/se-viene-la-noche-de-los-museos-de-berazategui-2\/#primaryimage"},"image":{"@id":"https:\/\/diarioprincipios.com\/index.php\/2025\/03\/27\/se-viene-la-noche-de-los-museos-de-berazategui-2\/#primaryimage"},"thumbnailUrl":"https:\/\/diarioprincipios.com\/wp-content\/uploads\/2025\/03\/FB_IMG_1743107544896.jpg","datePublished":"2025-03-27T20:43:17+00:00","dateModified":"2025-03-27T20:43:18+00:00","breadcrumb":{"@id":"https:\/\/diarioprincipios.com\/index.php\/2025\/03\/27\/se-viene-la-noche-de-los-museos-de-berazategui-2\/#breadcrumb"},"inLanguage":"es","potentialAction":[{"@type":"ReadAction","target":["https:\/\/diarioprincipios.com\/index.php\/2025\/03\/27\/se-viene-la-noche-de-los-museos-de-berazategui-2\/"]}]},{"@type":"ImageObject","inLanguage":"es","@id":"https:\/\/diarioprincipios.com\/index.php\/2025\/03\/27\/se-viene-la-noche-de-los-museos-de-berazategui-2\/#primaryimage","url":"https:\/\/diarioprincipios.com\/wp-content\/uploads\/2025\/03\/FB_IMG_1743107544896.jpg","contentUrl":"https:\/\/diarioprincipios.com\/wp-content\/uploads\/2025\/03\/FB_IMG_1743107544896.jpg","width":1080,"height":1350},{"@type":"BreadcrumbList","@id":"https:\/\/diarioprincipios.com\/index.php\/2025\/03\/27\/se-viene-la-noche-de-los-museos-de-berazategui-2\/#breadcrumb","itemListElement":[{"@type":"ListItem","position":1,"name":"Portada","item":"https:\/\/diarioprincipios.com\/"},{"@type":"ListItem","position":2,"name":"Se viene La Noche de los Museos de Berazategui"}]},{"@type":"WebSite","@id":"https:\/\/diarioprincipios.com\/#website","url":"https:\/\/diarioprincipios.com\/","name":"Principios","description":"Principios Diario","publisher":{"@id":"https:\/\/diarioprincipios.com\/#organization"},"potentialAction":[{"@type":"SearchAction","target":{"@type":"EntryPoint","urlTemplate":"https:\/\/diarioprincipios.com\/?s={search_term_string}"},"query-input":{"@type":"PropertyValueSpecification","valueRequired":true,"valueName":"search_term_string"}}],"inLanguage":"es"},{"@type":"Organization","@id":"https:\/\/diarioprincipios.com\/#organization","name":"Principios","url":"https:\/\/diarioprincipios.com\/","logo":{"@type":"ImageObject","inLanguage":"es","@id":"https:\/\/diarioprincipios.com\/#\/schema\/logo\/image\/","url":"https:\/\/diarioprincipios.com\/wp-content\/uploads\/2024\/04\/cropped-www.diarioprincipios.com_-1.png","contentUrl":"https:\/\/diarioprincipios.com\/wp-content\/uploads\/2024\/04\/cropped-www.diarioprincipios.com_-1.png","width":5325,"height":1454,"caption":"Principios"},"image":{"@id":"https:\/\/diarioprincipios.com\/#\/schema\/logo\/image\/"}},{"@type":"Person","@id":"https:\/\/diarioprincipios.com\/#\/schema\/person\/436d5a1fd41a5e250e23ff5a6a7cb080","name":"Hern\u00e1n L\u00f3pez","image":{"@type":"ImageObject","inLanguage":"es","@id":"https:\/\/diarioprincipios.com\/wp-content\/litespeed\/avatar\/11ddfe5610ff3bd100522525b2571f48.jpg?ver=1777048341","url":"https:\/\/diarioprincipios.com\/wp-content\/litespeed\/avatar\/11ddfe5610ff3bd100522525b2571f48.jpg?ver=1777048341","contentUrl":"https:\/\/diarioprincipios.com\/wp-content\/litespeed\/avatar\/11ddfe5610ff3bd100522525b2571f48.jpg?ver=1777048341","caption":"Hern\u00e1n L\u00f3pez"},"url":"https:\/\/diarioprincipios.com\/index.php\/author\/hernan\/"}]}},"jetpack_featured_media_url":"https:\/\/diarioprincipios.com\/wp-content\/uploads\/2025\/03\/FB_IMG_1743107544896.jpg","_links":{"self":[{"href":"https:\/\/diarioprincipios.com\/index.php\/wp-json\/wp\/v2\/posts\/24343","targetHints":{"allow":["GET"]}}],"collection":[{"href":"https:\/\/diarioprincipios.com\/index.php\/wp-json\/wp\/v2\/posts"}],"about":[{"href":"https:\/\/diarioprincipios.com\/index.php\/wp-json\/wp\/v2\/types\/post"}],"author":[{"embeddable":true,"href":"https:\/\/diarioprincipios.com\/index.php\/wp-json\/wp\/v2\/users\/2"}],"replies":[{"embeddable":true,"href":"https:\/\/diarioprincipios.com\/index.php\/wp-json\/wp\/v2\/comments?post=24343"}],"version-history":[{"count":1,"href":"https:\/\/diarioprincipios.com\/index.php\/wp-json\/wp\/v2\/posts\/24343\/revisions"}],"predecessor-version":[{"id":24347,"href":"https:\/\/diarioprincipios.com\/index.php\/wp-json\/wp\/v2\/posts\/24343\/revisions\/24347"}],"wp:featuredmedia":[{"embeddable":true,"href":"https:\/\/diarioprincipios.com\/index.php\/wp-json\/wp\/v2\/media\/24346"}],"wp:attachment":[{"href":"https:\/\/diarioprincipios.com\/index.php\/wp-json\/wp\/v2\/media?parent=24343"}],"wp:term":[{"taxonomy":"category","embeddable":true,"href":"https:\/\/diarioprincipios.com\/index.php\/wp-json\/wp\/v2\/categories?post=24343"},{"taxonomy":"post_tag","embeddable":true,"href":"https:\/\/diarioprincipios.com\/index.php\/wp-json\/wp\/v2\/tags?post=24343"}],"curies":[{"name":"wp","href":"https:\/\/api.w.org\/{rel}","templated":true}]}}