{"id":24337,"date":"2025-03-27T09:39:47","date_gmt":"2025-03-27T12:39:47","guid":{"rendered":"https:\/\/diarioprincipios.com\/?p=24337"},"modified":"2025-03-27T09:39:48","modified_gmt":"2025-03-27T12:39:48","slug":"mussi-participo-del-acto-donde-kicillof-firmo-el-fondo-de-fortalecimiento-de-la-seguridad","status":"publish","type":"post","link":"https:\/\/diarioprincipios.com\/index.php\/2025\/03\/27\/mussi-participo-del-acto-donde-kicillof-firmo-el-fondo-de-fortalecimiento-de-la-seguridad\/","title":{"rendered":"Mussi particip\u00f3 del acto donde Kicillof firm\u00f3 el Fondo de Fortalecimiento de la Seguridad"},"content":{"rendered":"\n<p>El intendente de Berazategui, doctor Juan Jos\u00e9 Mussi, particip\u00f3 del acto p\u00fablico en la Escuela Juan Vucetich donde el gobernador de la provincia de Buenos Aires, Axel Kicillof, puso en marcha el Fondo de Fortalecimiento de la Seguridad.<\/p>\n\n\n\n<p>\u00abParticip\u00e9 del acto encabezado por el gobernador Axel Kicillof, quien lanz\u00f3 esta iniciativa que va a beneficiar a Berazategui y otros m\u00e1s de 100 municipios de la Provincia de Buenos Aires\u00bb, destac\u00f3 Mussi.<\/p>\n\n\n\n<figure class=\"wp-block-image size-large\"><img loading=\"lazy\" decoding=\"async\" width=\"1024\" height=\"683\" src=\"https:\/\/diarioprincipios.com\/wp-content\/uploads\/2025\/03\/FB_IMG_1743026203060-1024x683.jpg\" alt=\"\" class=\"wp-image-24340\" srcset=\"https:\/\/diarioprincipios.com\/wp-content\/uploads\/2025\/03\/FB_IMG_1743026203060-1024x683.jpg 1024w, https:\/\/diarioprincipios.com\/wp-content\/uploads\/2025\/03\/FB_IMG_1743026203060-300x200.jpg 300w, https:\/\/diarioprincipios.com\/wp-content\/uploads\/2025\/03\/FB_IMG_1743026203060-768x512.jpg 768w, https:\/\/diarioprincipios.com\/wp-content\/uploads\/2025\/03\/FB_IMG_1743026203060-600x400.jpg 600w, https:\/\/diarioprincipios.com\/wp-content\/uploads\/2025\/03\/FB_IMG_1743026203060.jpg 1080w\" sizes=\"auto, (max-width: 1024px) 100vw, 1024px\" \/><\/figure>\n\n\n\n<p>Asimismo, el jefe comunal de Berazategui, que volvi\u00f3 con todo a la actividad p\u00fablica tras su reciente operaci\u00f3n, sostuvo que \u00abesto Implica una fuerte inversi\u00f3n provincial para la adquisici\u00f3n de patrulleros, infraestructura y equipamiento policial en los distritos\u00bb, agregando que \u00abagradecemos al Gobernador Axel Kicillof porque un Estado presente es aquel que impulsa pol\u00edticas p\u00fablicas de este tipo para mejorar la calidad de vida de sus ciudadanos\u00bb.<\/p>\n\n\n\n<figure class=\"wp-block-image size-large\"><img loading=\"lazy\" decoding=\"async\" width=\"1024\" height=\"683\" src=\"https:\/\/diarioprincipios.com\/wp-content\/uploads\/2025\/03\/FB_IMG_1743026206080-1024x683.jpg\" alt=\"\" class=\"wp-image-24338\" srcset=\"https:\/\/diarioprincipios.com\/wp-content\/uploads\/2025\/03\/FB_IMG_1743026206080-1024x683.jpg 1024w, https:\/\/diarioprincipios.com\/wp-content\/uploads\/2025\/03\/FB_IMG_1743026206080-300x200.jpg 300w, https:\/\/diarioprincipios.com\/wp-content\/uploads\/2025\/03\/FB_IMG_1743026206080-768x512.jpg 768w, https:\/\/diarioprincipios.com\/wp-content\/uploads\/2025\/03\/FB_IMG_1743026206080-600x400.jpg 600w, https:\/\/diarioprincipios.com\/wp-content\/uploads\/2025\/03\/FB_IMG_1743026206080.jpg 1080w\" sizes=\"auto, (max-width: 1024px) 100vw, 1024px\" \/><\/figure>\n\n\n\n<p>La jornada fue en la sede de la Escuela de la Polic\u00eda Juan Vucetich, ya que, adem\u00e1s de los convenios, el gobernador bonaerense le tom\u00f3 juramento a 1200 efectivos policiales que acaban de egresar.<\/p>\n\n\n\n<p>\u00abM\u00e1s de 100 intendentes firmaron el Fondo de Fortalecimiento de Seguridad, para poder comprar patrulleros y equipamiento para prevenir el delito en sus distritos\u00bb, escribi\u00f3 Kicillof, y agreg\u00f3: \u00abUna inversi\u00f3n que forma parte del Plan Integral de Seguridad con el que vamos a destinar $170 mil millones para garantizar la protecci\u00f3n en toda la provincia\u00bb.<\/p>\n\n\n\n<p>Del mismo modo, a\u00f1adi\u00f3: \u00abComo parte de este esfuerzo tambi\u00e9n incorporamos 750 nuevos patrulleros a la Polic\u00eda de la Provincia para complementar la inversi\u00f3n de los municipios, triplicamos los recursos para las polic\u00edas comunales y sumamos 1200 nuevos agentes que ya est\u00e1n cumpliendo sus tareas\u00bb.<\/p>\n\n\n\n<figure class=\"wp-block-image size-large\"><img loading=\"lazy\" decoding=\"async\" width=\"1024\" height=\"683\" src=\"https:\/\/diarioprincipios.com\/wp-content\/uploads\/2025\/03\/FB_IMG_1743026195311-1024x683.jpg\" alt=\"\" class=\"wp-image-24339\" srcset=\"https:\/\/diarioprincipios.com\/wp-content\/uploads\/2025\/03\/FB_IMG_1743026195311-1024x683.jpg 1024w, https:\/\/diarioprincipios.com\/wp-content\/uploads\/2025\/03\/FB_IMG_1743026195311-300x200.jpg 300w, https:\/\/diarioprincipios.com\/wp-content\/uploads\/2025\/03\/FB_IMG_1743026195311-768x512.jpg 768w, https:\/\/diarioprincipios.com\/wp-content\/uploads\/2025\/03\/FB_IMG_1743026195311-600x400.jpg 600w, https:\/\/diarioprincipios.com\/wp-content\/uploads\/2025\/03\/FB_IMG_1743026195311.jpg 1080w\" sizes=\"auto, (max-width: 1024px) 100vw, 1024px\" \/><\/figure>\n\n\n\n<p>\u00abAdem\u00e1s de concretar esta inversi\u00f3n vamos a seguir reclamando los $750 mil millones que estaban destinados a reforzar la seguridad en la provincia y que Milei nos quit\u00f3 de forma ilegal. Fondos que no eran para la casta sino para los bonaerenses\u00bb, dijo.<\/p>\n\n\n\n<p>Tambi\u00e9n, expres\u00f3: \u00abTenemos la obligaci\u00f3n y la responsabilidad de ocuparnos de los problemas reales con soluciones como estas. Sin distinciones pol\u00edticas y sin oportunismo, trabajando seriamente por nuestro \u00fanico mandante, que es el pueblo de la provincia de Buenos Aires\u00bb.<\/p>\n\n\n\n<p>Antes de eso, el ministro de Seguridad, Javier Alonso, pidi\u00f3 que el acto \u201csea un hito m\u00e1s y que sirva para ratificar el compromiso de trabajo en conjunto\u201d. \u201cEl esfuerzo que hacemos no distingue colores pol\u00edticos\u201d, remarc\u00f3 antes de pedirle al Gobierno Nacional que abra el di\u00e1logo para colaborar.<\/p>\n","protected":false},"excerpt":{"rendered":"<p>El intendente de Berazategui, doctor Juan Jos\u00e9 Mussi, particip\u00f3 del acto p\u00fablico en la Escuela Juan Vucetich donde el gobernador de la provincia de Buenos Aires, Axel Kicillof, puso en marcha el Fondo de Fortalecimiento de la Seguridad. \u00abParticip\u00e9 del acto encabezado por el gobernador Axel Kicillof, quien lanz\u00f3 esta iniciativa que va a beneficiar&#8230;<\/p>\n","protected":false},"author":2,"featured_media":24341,"comment_status":"open","ping_status":"open","sticky":false,"template":"","format":"standard","meta":{"footnotes":""},"categories":[3,7],"tags":[],"class_list":["post-24337","post","type-post","status-publish","format-standard","has-post-thumbnail","hentry","category-berazategui","category-provincia"],"featured_image_src":"https:\/\/diarioprincipios.com\/wp-content\/uploads\/2025\/03\/FB_IMG_1743026197921-1024x683.jpg","blog_images":{"medium":"https:\/\/diarioprincipios.com\/wp-content\/uploads\/2025\/03\/FB_IMG_1743026197921-300x200.jpg","large":"https:\/\/diarioprincipios.com\/wp-content\/uploads\/2025\/03\/FB_IMG_1743026197921-1024x683.jpg"},"ams_acf":[],"yoast_head":"<!-- This site is optimized with the Yoast SEO plugin v27.3 - https:\/\/yoast.com\/product\/yoast-seo-wordpress\/ -->\n<title>Mussi particip\u00f3 del acto donde Kicillof firm\u00f3 el Fondo de Fortalecimiento de la Seguridad - Principios<\/title>\n<meta name=\"robots\" content=\"index, follow, max-snippet:-1, max-image-preview:large, max-video-preview:-1\" \/>\n<link rel=\"canonical\" href=\"https:\/\/diarioprincipios.com\/index.php\/2025\/03\/27\/mussi-participo-del-acto-donde-kicillof-firmo-el-fondo-de-fortalecimiento-de-la-seguridad\/\" \/>\n<meta property=\"og:locale\" content=\"es_ES\" \/>\n<meta property=\"og:type\" content=\"article\" \/>\n<meta property=\"og:title\" content=\"Mussi particip\u00f3 del acto donde Kicillof firm\u00f3 el Fondo de Fortalecimiento de la Seguridad - Principios\" \/>\n<meta property=\"og:description\" content=\"El intendente de Berazategui, doctor Juan Jos\u00e9 Mussi, particip\u00f3 del acto p\u00fablico en la Escuela Juan Vucetich donde el gobernador de la provincia de Buenos Aires, Axel Kicillof, puso en marcha el Fondo de Fortalecimiento de la Seguridad. \u00abParticip\u00e9 del acto encabezado por el gobernador Axel Kicillof, quien lanz\u00f3 esta iniciativa que va a beneficiar...\" \/>\n<meta property=\"og:url\" content=\"https:\/\/diarioprincipios.com\/index.php\/2025\/03\/27\/mussi-participo-del-acto-donde-kicillof-firmo-el-fondo-de-fortalecimiento-de-la-seguridad\/\" \/>\n<meta property=\"og:site_name\" content=\"Principios\" \/>\n<meta property=\"article:published_time\" content=\"2025-03-27T12:39:47+00:00\" \/>\n<meta property=\"article:modified_time\" content=\"2025-03-27T12:39:48+00:00\" \/>\n<meta property=\"og:image\" content=\"https:\/\/diarioprincipios.com\/wp-content\/uploads\/2025\/03\/FB_IMG_1743026197921.jpg\" \/>\n\t<meta property=\"og:image:width\" content=\"1080\" \/>\n\t<meta property=\"og:image:height\" content=\"720\" \/>\n\t<meta property=\"og:image:type\" content=\"image\/jpeg\" \/>\n<meta name=\"author\" content=\"Hern\u00e1n L\u00f3pez\" \/>\n<meta name=\"twitter:card\" content=\"summary_large_image\" \/>\n<meta name=\"twitter:label1\" content=\"Escrito por\" \/>\n\t<meta name=\"twitter:data1\" content=\"Hern\u00e1n L\u00f3pez\" \/>\n\t<meta name=\"twitter:label2\" content=\"Tiempo de lectura\" \/>\n\t<meta name=\"twitter:data2\" content=\"3 minutos\" \/>\n<script type=\"application\/ld+json\" class=\"yoast-schema-graph\">{\"@context\":\"https:\\\/\\\/schema.org\",\"@graph\":[{\"@type\":\"Article\",\"@id\":\"https:\\\/\\\/diarioprincipios.com\\\/index.php\\\/2025\\\/03\\\/27\\\/mussi-participo-del-acto-donde-kicillof-firmo-el-fondo-de-fortalecimiento-de-la-seguridad\\\/#article\",\"isPartOf\":{\"@id\":\"https:\\\/\\\/diarioprincipios.com\\\/index.php\\\/2025\\\/03\\\/27\\\/mussi-participo-del-acto-donde-kicillof-firmo-el-fondo-de-fortalecimiento-de-la-seguridad\\\/\"},\"author\":{\"name\":\"Hern\u00e1n L\u00f3pez\",\"@id\":\"https:\\\/\\\/diarioprincipios.com\\\/#\\\/schema\\\/person\\\/436d5a1fd41a5e250e23ff5a6a7cb080\"},\"headline\":\"Mussi particip\u00f3 del acto donde Kicillof firm\u00f3 el Fondo de Fortalecimiento de la Seguridad\",\"datePublished\":\"2025-03-27T12:39:47+00:00\",\"dateModified\":\"2025-03-27T12:39:48+00:00\",\"mainEntityOfPage\":{\"@id\":\"https:\\\/\\\/diarioprincipios.com\\\/index.php\\\/2025\\\/03\\\/27\\\/mussi-participo-del-acto-donde-kicillof-firmo-el-fondo-de-fortalecimiento-de-la-seguridad\\\/\"},\"wordCount\":438,\"commentCount\":0,\"publisher\":{\"@id\":\"https:\\\/\\\/diarioprincipios.com\\\/#organization\"},\"image\":{\"@id\":\"https:\\\/\\\/diarioprincipios.com\\\/index.php\\\/2025\\\/03\\\/27\\\/mussi-participo-del-acto-donde-kicillof-firmo-el-fondo-de-fortalecimiento-de-la-seguridad\\\/#primaryimage\"},\"thumbnailUrl\":\"https:\\\/\\\/diarioprincipios.com\\\/wp-content\\\/uploads\\\/2025\\\/03\\\/FB_IMG_1743026197921.jpg\",\"articleSection\":[\"Berazategui\",\"Provincia\"],\"inLanguage\":\"es\",\"potentialAction\":[{\"@type\":\"CommentAction\",\"name\":\"Comment\",\"target\":[\"https:\\\/\\\/diarioprincipios.com\\\/index.php\\\/2025\\\/03\\\/27\\\/mussi-participo-del-acto-donde-kicillof-firmo-el-fondo-de-fortalecimiento-de-la-seguridad\\\/#respond\"]}]},{\"@type\":\"WebPage\",\"@id\":\"https:\\\/\\\/diarioprincipios.com\\\/index.php\\\/2025\\\/03\\\/27\\\/mussi-participo-del-acto-donde-kicillof-firmo-el-fondo-de-fortalecimiento-de-la-seguridad\\\/\",\"url\":\"https:\\\/\\\/diarioprincipios.com\\\/index.php\\\/2025\\\/03\\\/27\\\/mussi-participo-del-acto-donde-kicillof-firmo-el-fondo-de-fortalecimiento-de-la-seguridad\\\/\",\"name\":\"Mussi particip\u00f3 del acto donde Kicillof firm\u00f3 el Fondo de Fortalecimiento de la Seguridad - Principios\",\"isPartOf\":{\"@id\":\"https:\\\/\\\/diarioprincipios.com\\\/#website\"},\"primaryImageOfPage\":{\"@id\":\"https:\\\/\\\/diarioprincipios.com\\\/index.php\\\/2025\\\/03\\\/27\\\/mussi-participo-del-acto-donde-kicillof-firmo-el-fondo-de-fortalecimiento-de-la-seguridad\\\/#primaryimage\"},\"image\":{\"@id\":\"https:\\\/\\\/diarioprincipios.com\\\/index.php\\\/2025\\\/03\\\/27\\\/mussi-participo-del-acto-donde-kicillof-firmo-el-fondo-de-fortalecimiento-de-la-seguridad\\\/#primaryimage\"},\"thumbnailUrl\":\"https:\\\/\\\/diarioprincipios.com\\\/wp-content\\\/uploads\\\/2025\\\/03\\\/FB_IMG_1743026197921.jpg\",\"datePublished\":\"2025-03-27T12:39:47+00:00\",\"dateModified\":\"2025-03-27T12:39:48+00:00\",\"breadcrumb\":{\"@id\":\"https:\\\/\\\/diarioprincipios.com\\\/index.php\\\/2025\\\/03\\\/27\\\/mussi-participo-del-acto-donde-kicillof-firmo-el-fondo-de-fortalecimiento-de-la-seguridad\\\/#breadcrumb\"},\"inLanguage\":\"es\",\"potentialAction\":[{\"@type\":\"ReadAction\",\"target\":[\"https:\\\/\\\/diarioprincipios.com\\\/index.php\\\/2025\\\/03\\\/27\\\/mussi-participo-del-acto-donde-kicillof-firmo-el-fondo-de-fortalecimiento-de-la-seguridad\\\/\"]}]},{\"@type\":\"ImageObject\",\"inLanguage\":\"es\",\"@id\":\"https:\\\/\\\/diarioprincipios.com\\\/index.php\\\/2025\\\/03\\\/27\\\/mussi-participo-del-acto-donde-kicillof-firmo-el-fondo-de-fortalecimiento-de-la-seguridad\\\/#primaryimage\",\"url\":\"https:\\\/\\\/diarioprincipios.com\\\/wp-content\\\/uploads\\\/2025\\\/03\\\/FB_IMG_1743026197921.jpg\",\"contentUrl\":\"https:\\\/\\\/diarioprincipios.com\\\/wp-content\\\/uploads\\\/2025\\\/03\\\/FB_IMG_1743026197921.jpg\",\"width\":1080,\"height\":720},{\"@type\":\"BreadcrumbList\",\"@id\":\"https:\\\/\\\/diarioprincipios.com\\\/index.php\\\/2025\\\/03\\\/27\\\/mussi-participo-del-acto-donde-kicillof-firmo-el-fondo-de-fortalecimiento-de-la-seguridad\\\/#breadcrumb\",\"itemListElement\":[{\"@type\":\"ListItem\",\"position\":1,\"name\":\"Portada\",\"item\":\"https:\\\/\\\/diarioprincipios.com\\\/\"},{\"@type\":\"ListItem\",\"position\":2,\"name\":\"Mussi particip\u00f3 del acto donde Kicillof firm\u00f3 el Fondo de Fortalecimiento de la Seguridad\"}]},{\"@type\":\"WebSite\",\"@id\":\"https:\\\/\\\/diarioprincipios.com\\\/#website\",\"url\":\"https:\\\/\\\/diarioprincipios.com\\\/\",\"name\":\"Principios\",\"description\":\"Principios Diario\",\"publisher\":{\"@id\":\"https:\\\/\\\/diarioprincipios.com\\\/#organization\"},\"potentialAction\":[{\"@type\":\"SearchAction\",\"target\":{\"@type\":\"EntryPoint\",\"urlTemplate\":\"https:\\\/\\\/diarioprincipios.com\\\/?s={search_term_string}\"},\"query-input\":{\"@type\":\"PropertyValueSpecification\",\"valueRequired\":true,\"valueName\":\"search_term_string\"}}],\"inLanguage\":\"es\"},{\"@type\":\"Organization\",\"@id\":\"https:\\\/\\\/diarioprincipios.com\\\/#organization\",\"name\":\"Principios\",\"url\":\"https:\\\/\\\/diarioprincipios.com\\\/\",\"logo\":{\"@type\":\"ImageObject\",\"inLanguage\":\"es\",\"@id\":\"https:\\\/\\\/diarioprincipios.com\\\/#\\\/schema\\\/logo\\\/image\\\/\",\"url\":\"https:\\\/\\\/diarioprincipios.com\\\/wp-content\\\/uploads\\\/2024\\\/04\\\/cropped-www.diarioprincipios.com_-1.png\",\"contentUrl\":\"https:\\\/\\\/diarioprincipios.com\\\/wp-content\\\/uploads\\\/2024\\\/04\\\/cropped-www.diarioprincipios.com_-1.png\",\"width\":5325,\"height\":1454,\"caption\":\"Principios\"},\"image\":{\"@id\":\"https:\\\/\\\/diarioprincipios.com\\\/#\\\/schema\\\/logo\\\/image\\\/\"}},{\"@type\":\"Person\",\"@id\":\"https:\\\/\\\/diarioprincipios.com\\\/#\\\/schema\\\/person\\\/436d5a1fd41a5e250e23ff5a6a7cb080\",\"name\":\"Hern\u00e1n L\u00f3pez\",\"image\":{\"@type\":\"ImageObject\",\"inLanguage\":\"es\",\"@id\":\"https:\\\/\\\/diarioprincipios.com\\\/wp-content\\\/litespeed\\\/avatar\\\/11ddfe5610ff3bd100522525b2571f48.jpg?ver=1777048341\",\"url\":\"https:\\\/\\\/diarioprincipios.com\\\/wp-content\\\/litespeed\\\/avatar\\\/11ddfe5610ff3bd100522525b2571f48.jpg?ver=1777048341\",\"contentUrl\":\"https:\\\/\\\/diarioprincipios.com\\\/wp-content\\\/litespeed\\\/avatar\\\/11ddfe5610ff3bd100522525b2571f48.jpg?ver=1777048341\",\"caption\":\"Hern\u00e1n L\u00f3pez\"},\"url\":\"https:\\\/\\\/diarioprincipios.com\\\/index.php\\\/author\\\/hernan\\\/\"}]}<\/script>\n<!-- \/ Yoast SEO plugin. -->","yoast_head_json":{"title":"Mussi particip\u00f3 del acto donde Kicillof firm\u00f3 el Fondo de Fortalecimiento de la Seguridad - Principios","robots":{"index":"index","follow":"follow","max-snippet":"max-snippet:-1","max-image-preview":"max-image-preview:large","max-video-preview":"max-video-preview:-1"},"canonical":"https:\/\/diarioprincipios.com\/index.php\/2025\/03\/27\/mussi-participo-del-acto-donde-kicillof-firmo-el-fondo-de-fortalecimiento-de-la-seguridad\/","og_locale":"es_ES","og_type":"article","og_title":"Mussi particip\u00f3 del acto donde Kicillof firm\u00f3 el Fondo de Fortalecimiento de la Seguridad - Principios","og_description":"El intendente de Berazategui, doctor Juan Jos\u00e9 Mussi, particip\u00f3 del acto p\u00fablico en la Escuela Juan Vucetich donde el gobernador de la provincia de Buenos Aires, Axel Kicillof, puso en marcha el Fondo de Fortalecimiento de la Seguridad. \u00abParticip\u00e9 del acto encabezado por el gobernador Axel Kicillof, quien lanz\u00f3 esta iniciativa que va a beneficiar...","og_url":"https:\/\/diarioprincipios.com\/index.php\/2025\/03\/27\/mussi-participo-del-acto-donde-kicillof-firmo-el-fondo-de-fortalecimiento-de-la-seguridad\/","og_site_name":"Principios","article_published_time":"2025-03-27T12:39:47+00:00","article_modified_time":"2025-03-27T12:39:48+00:00","og_image":[{"width":1080,"height":720,"url":"https:\/\/diarioprincipios.com\/wp-content\/uploads\/2025\/03\/FB_IMG_1743026197921.jpg","type":"image\/jpeg"}],"author":"Hern\u00e1n L\u00f3pez","twitter_card":"summary_large_image","twitter_misc":{"Escrito por":"Hern\u00e1n L\u00f3pez","Tiempo de lectura":"3 minutos"},"schema":{"@context":"https:\/\/schema.org","@graph":[{"@type":"Article","@id":"https:\/\/diarioprincipios.com\/index.php\/2025\/03\/27\/mussi-participo-del-acto-donde-kicillof-firmo-el-fondo-de-fortalecimiento-de-la-seguridad\/#article","isPartOf":{"@id":"https:\/\/diarioprincipios.com\/index.php\/2025\/03\/27\/mussi-participo-del-acto-donde-kicillof-firmo-el-fondo-de-fortalecimiento-de-la-seguridad\/"},"author":{"name":"Hern\u00e1n L\u00f3pez","@id":"https:\/\/diarioprincipios.com\/#\/schema\/person\/436d5a1fd41a5e250e23ff5a6a7cb080"},"headline":"Mussi particip\u00f3 del acto donde Kicillof firm\u00f3 el Fondo de Fortalecimiento de la Seguridad","datePublished":"2025-03-27T12:39:47+00:00","dateModified":"2025-03-27T12:39:48+00:00","mainEntityOfPage":{"@id":"https:\/\/diarioprincipios.com\/index.php\/2025\/03\/27\/mussi-participo-del-acto-donde-kicillof-firmo-el-fondo-de-fortalecimiento-de-la-seguridad\/"},"wordCount":438,"commentCount":0,"publisher":{"@id":"https:\/\/diarioprincipios.com\/#organization"},"image":{"@id":"https:\/\/diarioprincipios.com\/index.php\/2025\/03\/27\/mussi-participo-del-acto-donde-kicillof-firmo-el-fondo-de-fortalecimiento-de-la-seguridad\/#primaryimage"},"thumbnailUrl":"https:\/\/diarioprincipios.com\/wp-content\/uploads\/2025\/03\/FB_IMG_1743026197921.jpg","articleSection":["Berazategui","Provincia"],"inLanguage":"es","potentialAction":[{"@type":"CommentAction","name":"Comment","target":["https:\/\/diarioprincipios.com\/index.php\/2025\/03\/27\/mussi-participo-del-acto-donde-kicillof-firmo-el-fondo-de-fortalecimiento-de-la-seguridad\/#respond"]}]},{"@type":"WebPage","@id":"https:\/\/diarioprincipios.com\/index.php\/2025\/03\/27\/mussi-participo-del-acto-donde-kicillof-firmo-el-fondo-de-fortalecimiento-de-la-seguridad\/","url":"https:\/\/diarioprincipios.com\/index.php\/2025\/03\/27\/mussi-participo-del-acto-donde-kicillof-firmo-el-fondo-de-fortalecimiento-de-la-seguridad\/","name":"Mussi particip\u00f3 del acto donde Kicillof firm\u00f3 el Fondo de Fortalecimiento de la Seguridad - Principios","isPartOf":{"@id":"https:\/\/diarioprincipios.com\/#website"},"primaryImageOfPage":{"@id":"https:\/\/diarioprincipios.com\/index.php\/2025\/03\/27\/mussi-participo-del-acto-donde-kicillof-firmo-el-fondo-de-fortalecimiento-de-la-seguridad\/#primaryimage"},"image":{"@id":"https:\/\/diarioprincipios.com\/index.php\/2025\/03\/27\/mussi-participo-del-acto-donde-kicillof-firmo-el-fondo-de-fortalecimiento-de-la-seguridad\/#primaryimage"},"thumbnailUrl":"https:\/\/diarioprincipios.com\/wp-content\/uploads\/2025\/03\/FB_IMG_1743026197921.jpg","datePublished":"2025-03-27T12:39:47+00:00","dateModified":"2025-03-27T12:39:48+00:00","breadcrumb":{"@id":"https:\/\/diarioprincipios.com\/index.php\/2025\/03\/27\/mussi-participo-del-acto-donde-kicillof-firmo-el-fondo-de-fortalecimiento-de-la-seguridad\/#breadcrumb"},"inLanguage":"es","potentialAction":[{"@type":"ReadAction","target":["https:\/\/diarioprincipios.com\/index.php\/2025\/03\/27\/mussi-participo-del-acto-donde-kicillof-firmo-el-fondo-de-fortalecimiento-de-la-seguridad\/"]}]},{"@type":"ImageObject","inLanguage":"es","@id":"https:\/\/diarioprincipios.com\/index.php\/2025\/03\/27\/mussi-participo-del-acto-donde-kicillof-firmo-el-fondo-de-fortalecimiento-de-la-seguridad\/#primaryimage","url":"https:\/\/diarioprincipios.com\/wp-content\/uploads\/2025\/03\/FB_IMG_1743026197921.jpg","contentUrl":"https:\/\/diarioprincipios.com\/wp-content\/uploads\/2025\/03\/FB_IMG_1743026197921.jpg","width":1080,"height":720},{"@type":"BreadcrumbList","@id":"https:\/\/diarioprincipios.com\/index.php\/2025\/03\/27\/mussi-participo-del-acto-donde-kicillof-firmo-el-fondo-de-fortalecimiento-de-la-seguridad\/#breadcrumb","itemListElement":[{"@type":"ListItem","position":1,"name":"Portada","item":"https:\/\/diarioprincipios.com\/"},{"@type":"ListItem","position":2,"name":"Mussi particip\u00f3 del acto donde Kicillof firm\u00f3 el Fondo de Fortalecimiento de la Seguridad"}]},{"@type":"WebSite","@id":"https:\/\/diarioprincipios.com\/#website","url":"https:\/\/diarioprincipios.com\/","name":"Principios","description":"Principios Diario","publisher":{"@id":"https:\/\/diarioprincipios.com\/#organization"},"potentialAction":[{"@type":"SearchAction","target":{"@type":"EntryPoint","urlTemplate":"https:\/\/diarioprincipios.com\/?s={search_term_string}"},"query-input":{"@type":"PropertyValueSpecification","valueRequired":true,"valueName":"search_term_string"}}],"inLanguage":"es"},{"@type":"Organization","@id":"https:\/\/diarioprincipios.com\/#organization","name":"Principios","url":"https:\/\/diarioprincipios.com\/","logo":{"@type":"ImageObject","inLanguage":"es","@id":"https:\/\/diarioprincipios.com\/#\/schema\/logo\/image\/","url":"https:\/\/diarioprincipios.com\/wp-content\/uploads\/2024\/04\/cropped-www.diarioprincipios.com_-1.png","contentUrl":"https:\/\/diarioprincipios.com\/wp-content\/uploads\/2024\/04\/cropped-www.diarioprincipios.com_-1.png","width":5325,"height":1454,"caption":"Principios"},"image":{"@id":"https:\/\/diarioprincipios.com\/#\/schema\/logo\/image\/"}},{"@type":"Person","@id":"https:\/\/diarioprincipios.com\/#\/schema\/person\/436d5a1fd41a5e250e23ff5a6a7cb080","name":"Hern\u00e1n L\u00f3pez","image":{"@type":"ImageObject","inLanguage":"es","@id":"https:\/\/diarioprincipios.com\/wp-content\/litespeed\/avatar\/11ddfe5610ff3bd100522525b2571f48.jpg?ver=1777048341","url":"https:\/\/diarioprincipios.com\/wp-content\/litespeed\/avatar\/11ddfe5610ff3bd100522525b2571f48.jpg?ver=1777048341","contentUrl":"https:\/\/diarioprincipios.com\/wp-content\/litespeed\/avatar\/11ddfe5610ff3bd100522525b2571f48.jpg?ver=1777048341","caption":"Hern\u00e1n L\u00f3pez"},"url":"https:\/\/diarioprincipios.com\/index.php\/author\/hernan\/"}]}},"jetpack_featured_media_url":"https:\/\/diarioprincipios.com\/wp-content\/uploads\/2025\/03\/FB_IMG_1743026197921.jpg","_links":{"self":[{"href":"https:\/\/diarioprincipios.com\/index.php\/wp-json\/wp\/v2\/posts\/24337","targetHints":{"allow":["GET"]}}],"collection":[{"href":"https:\/\/diarioprincipios.com\/index.php\/wp-json\/wp\/v2\/posts"}],"about":[{"href":"https:\/\/diarioprincipios.com\/index.php\/wp-json\/wp\/v2\/types\/post"}],"author":[{"embeddable":true,"href":"https:\/\/diarioprincipios.com\/index.php\/wp-json\/wp\/v2\/users\/2"}],"replies":[{"embeddable":true,"href":"https:\/\/diarioprincipios.com\/index.php\/wp-json\/wp\/v2\/comments?post=24337"}],"version-history":[{"count":1,"href":"https:\/\/diarioprincipios.com\/index.php\/wp-json\/wp\/v2\/posts\/24337\/revisions"}],"predecessor-version":[{"id":24342,"href":"https:\/\/diarioprincipios.com\/index.php\/wp-json\/wp\/v2\/posts\/24337\/revisions\/24342"}],"wp:featuredmedia":[{"embeddable":true,"href":"https:\/\/diarioprincipios.com\/index.php\/wp-json\/wp\/v2\/media\/24341"}],"wp:attachment":[{"href":"https:\/\/diarioprincipios.com\/index.php\/wp-json\/wp\/v2\/media?parent=24337"}],"wp:term":[{"taxonomy":"category","embeddable":true,"href":"https:\/\/diarioprincipios.com\/index.php\/wp-json\/wp\/v2\/categories?post=24337"},{"taxonomy":"post_tag","embeddable":true,"href":"https:\/\/diarioprincipios.com\/index.php\/wp-json\/wp\/v2\/tags?post=24337"}],"curies":[{"name":"wp","href":"https:\/\/api.w.org\/{rel}","templated":true}]}}