{"id":24332,"date":"2025-03-26T11:12:42","date_gmt":"2025-03-26T14:12:42","guid":{"rendered":"https:\/\/diarioprincipios.com\/?p=24332"},"modified":"2025-03-26T11:12:43","modified_gmt":"2025-03-26T14:12:43","slug":"se-festejaron-los-dos-anos-del-club-infantil-villa-rial","status":"publish","type":"post","link":"https:\/\/diarioprincipios.com\/index.php\/2025\/03\/26\/se-festejaron-los-dos-anos-del-club-infantil-villa-rial\/","title":{"rendered":"Se festejaron los dos a\u00f1os del Club Infantil Villa Rial"},"content":{"rendered":"\n<p><strong>Se festejaron los dos a\u00f1os del Club Infantil Villa Rial, en un encuentro que se llev\u00f3 a cabo en su sede de la localidad de Hudson. All\u00ed, funcionarios de la Municipalidad de Berazategui entregaron un subsidio y elementos deportivos.<\/strong><br>En ese marco, el secretario de Organizaciones No Gubernamentales (ONG), Marcelo Benedetti, se\u00f1al\u00f3: \u201cHoy es un d\u00eda de festejo, estamos muy contentos. El intendente Mussi siempre nos pide que estemos presentes en las instituciones y hoy estamos en este lugar, rodeados de gente maravillosa,\u00a0en un ambiente b\u00e1rbaro\u201d.<\/p>\n\n\n\n<figure class=\"wp-block-image size-large\"><img loading=\"lazy\" decoding=\"async\" width=\"1024\" height=\"683\" src=\"https:\/\/diarioprincipios.com\/wp-content\/uploads\/2025\/03\/20250319_Aniversario_Club_Infantil_Villa_Rial_103-1024x683.jpg\" alt=\"\" class=\"wp-image-24333\" srcset=\"https:\/\/diarioprincipios.com\/wp-content\/uploads\/2025\/03\/20250319_Aniversario_Club_Infantil_Villa_Rial_103-1024x683.jpg 1024w, https:\/\/diarioprincipios.com\/wp-content\/uploads\/2025\/03\/20250319_Aniversario_Club_Infantil_Villa_Rial_103-300x200.jpg 300w, https:\/\/diarioprincipios.com\/wp-content\/uploads\/2025\/03\/20250319_Aniversario_Club_Infantil_Villa_Rial_103-768x512.jpg 768w, https:\/\/diarioprincipios.com\/wp-content\/uploads\/2025\/03\/20250319_Aniversario_Club_Infantil_Villa_Rial_103-1536x1024.jpg 1536w, https:\/\/diarioprincipios.com\/wp-content\/uploads\/2025\/03\/20250319_Aniversario_Club_Infantil_Villa_Rial_103-600x400.jpg 600w, https:\/\/diarioprincipios.com\/wp-content\/uploads\/2025\/03\/20250319_Aniversario_Club_Infantil_Villa_Rial_103.jpg 1920w\" sizes=\"auto, (max-width: 1024px) 100vw, 1024px\" \/><\/figure>\n\n\n\n<p><br>Asimismo, la secretaria de Desarrollo Social, Recreaci\u00f3n, Turismo y Deportes, Mar\u00eda Laura Lacava, indic\u00f3: \u201cVinimos a acompa\u00f1ar al Club en el festejo de sus dos a\u00f1os de vida. Est\u00e1 dentro del coraz\u00f3n de la localidad de Hudson y demuestra su compromiso con el cuidado de las ni\u00f1as y los ni\u00f1os. Es un espacio que creci\u00f3 much\u00edsimo con el acompa\u00f1amiento del Municipio. Les deseamos, de coraz\u00f3n, un hermoso cumplea\u00f1os. Sigan apostando al deporte y al f\u00fatbol infantil\u201d.<br>Por su parte, Jonathan Cardozo, presidente del Club Infantil Villa Rial, expres\u00f3: \u201cEstamos m\u00e1s que felices. Le pusimos mucho coraz\u00f3n y garra a este proyecto. Estamos agradecidos con el intendente Mussi y con los secretarios municipales que nos acompa\u00f1aron. Recibimos un subsidio y elementos deportivos; eso siempre es una ayuda para los clubes de barrio\u201d.<br>Adem\u00e1s, durante la celebraci\u00f3n, se entreg\u00f3 un reconocimiento a los jugadores de la Categor\u00eda 2012 (1ra categor\u00eda campeona en el Torneo Municipal de F\u00fatbol Infantil Evita).<\/p>\n\n\n\n<figure class=\"wp-block-image size-large\"><img loading=\"lazy\" decoding=\"async\" width=\"1024\" height=\"683\" src=\"https:\/\/diarioprincipios.com\/wp-content\/uploads\/2025\/03\/20250319_Aniversario_Club_Infantil_Villa_Rial_082-1024x683.jpg\" alt=\"\" class=\"wp-image-24334\" srcset=\"https:\/\/diarioprincipios.com\/wp-content\/uploads\/2025\/03\/20250319_Aniversario_Club_Infantil_Villa_Rial_082-1024x683.jpg 1024w, https:\/\/diarioprincipios.com\/wp-content\/uploads\/2025\/03\/20250319_Aniversario_Club_Infantil_Villa_Rial_082-300x200.jpg 300w, https:\/\/diarioprincipios.com\/wp-content\/uploads\/2025\/03\/20250319_Aniversario_Club_Infantil_Villa_Rial_082-768x512.jpg 768w, https:\/\/diarioprincipios.com\/wp-content\/uploads\/2025\/03\/20250319_Aniversario_Club_Infantil_Villa_Rial_082-1536x1024.jpg 1536w, https:\/\/diarioprincipios.com\/wp-content\/uploads\/2025\/03\/20250319_Aniversario_Club_Infantil_Villa_Rial_082-600x400.jpg 600w, https:\/\/diarioprincipios.com\/wp-content\/uploads\/2025\/03\/20250319_Aniversario_Club_Infantil_Villa_Rial_082.jpg 1920w\" sizes=\"auto, (max-width: 1024px) 100vw, 1024px\" \/><\/figure>\n\n\n\n<p><br>La entrega de subsidios a entidades intermedias es una medida municipal dispuesta por el intendente Juan Jos\u00e9 Mussi, que destina una serie de aportes econ\u00f3micos con el objetivo de contribuir al desarrollo de las instituciones de Berazategui.<\/p>\n","protected":false},"excerpt":{"rendered":"<p>Se festejaron los dos a\u00f1os del Club Infantil Villa Rial, en un encuentro que se llev\u00f3 a cabo en su sede de la localidad de Hudson. All\u00ed, funcionarios de la Municipalidad de Berazategui entregaron un subsidio y elementos deportivos.En ese marco, el secretario de Organizaciones No Gubernamentales (ONG), Marcelo Benedetti, se\u00f1al\u00f3: \u201cHoy es un d\u00eda&#8230;<\/p>\n","protected":false},"author":2,"featured_media":24335,"comment_status":"open","ping_status":"open","sticky":false,"template":"","format":"standard","meta":{"footnotes":""},"categories":[3],"tags":[],"class_list":["post-24332","post","type-post","status-publish","format-standard","has-post-thumbnail","hentry","category-berazategui"],"featured_image_src":"https:\/\/diarioprincipios.com\/wp-content\/uploads\/2025\/03\/20250319_Aniversario_Club_Infantil_Villa_Rial_079-1024x683.jpg","blog_images":{"medium":"https:\/\/diarioprincipios.com\/wp-content\/uploads\/2025\/03\/20250319_Aniversario_Club_Infantil_Villa_Rial_079-300x200.jpg","large":"https:\/\/diarioprincipios.com\/wp-content\/uploads\/2025\/03\/20250319_Aniversario_Club_Infantil_Villa_Rial_079-1024x683.jpg"},"ams_acf":[],"yoast_head":"<!-- This site is optimized with the Yoast SEO plugin v27.3 - https:\/\/yoast.com\/product\/yoast-seo-wordpress\/ -->\n<title>Se festejaron los dos a\u00f1os del Club Infantil Villa Rial - Principios<\/title>\n<meta name=\"robots\" content=\"index, follow, max-snippet:-1, max-image-preview:large, max-video-preview:-1\" \/>\n<link rel=\"canonical\" href=\"https:\/\/diarioprincipios.com\/index.php\/2025\/03\/26\/se-festejaron-los-dos-anos-del-club-infantil-villa-rial\/\" \/>\n<meta property=\"og:locale\" content=\"es_ES\" \/>\n<meta property=\"og:type\" content=\"article\" \/>\n<meta property=\"og:title\" content=\"Se festejaron los dos a\u00f1os del Club Infantil Villa Rial - Principios\" \/>\n<meta property=\"og:description\" content=\"Se festejaron los dos a\u00f1os del Club Infantil Villa Rial, en un encuentro que se llev\u00f3 a cabo en su sede de la localidad de Hudson. All\u00ed, funcionarios de la Municipalidad de Berazategui entregaron un subsidio y elementos deportivos.En ese marco, el secretario de Organizaciones No Gubernamentales (ONG), Marcelo Benedetti, se\u00f1al\u00f3: \u201cHoy es un d\u00eda...\" \/>\n<meta property=\"og:url\" content=\"https:\/\/diarioprincipios.com\/index.php\/2025\/03\/26\/se-festejaron-los-dos-anos-del-club-infantil-villa-rial\/\" \/>\n<meta property=\"og:site_name\" content=\"Principios\" \/>\n<meta property=\"article:published_time\" content=\"2025-03-26T14:12:42+00:00\" \/>\n<meta property=\"article:modified_time\" content=\"2025-03-26T14:12:43+00:00\" \/>\n<meta property=\"og:image\" content=\"https:\/\/diarioprincipios.com\/wp-content\/uploads\/2025\/03\/20250319_Aniversario_Club_Infantil_Villa_Rial_079.jpg\" \/>\n\t<meta property=\"og:image:width\" content=\"1920\" \/>\n\t<meta property=\"og:image:height\" content=\"1280\" \/>\n\t<meta property=\"og:image:type\" content=\"image\/jpeg\" \/>\n<meta name=\"author\" content=\"Hern\u00e1n L\u00f3pez\" \/>\n<meta name=\"twitter:card\" content=\"summary_large_image\" \/>\n<meta name=\"twitter:label1\" content=\"Escrito por\" \/>\n\t<meta name=\"twitter:data1\" content=\"Hern\u00e1n L\u00f3pez\" \/>\n\t<meta name=\"twitter:label2\" content=\"Tiempo de lectura\" \/>\n\t<meta name=\"twitter:data2\" content=\"2 minutos\" \/>\n<script type=\"application\/ld+json\" class=\"yoast-schema-graph\">{\"@context\":\"https:\\\/\\\/schema.org\",\"@graph\":[{\"@type\":\"Article\",\"@id\":\"https:\\\/\\\/diarioprincipios.com\\\/index.php\\\/2025\\\/03\\\/26\\\/se-festejaron-los-dos-anos-del-club-infantil-villa-rial\\\/#article\",\"isPartOf\":{\"@id\":\"https:\\\/\\\/diarioprincipios.com\\\/index.php\\\/2025\\\/03\\\/26\\\/se-festejaron-los-dos-anos-del-club-infantil-villa-rial\\\/\"},\"author\":{\"name\":\"Hern\u00e1n L\u00f3pez\",\"@id\":\"https:\\\/\\\/diarioprincipios.com\\\/#\\\/schema\\\/person\\\/436d5a1fd41a5e250e23ff5a6a7cb080\"},\"headline\":\"Se festejaron los dos a\u00f1os del Club Infantil Villa Rial\",\"datePublished\":\"2025-03-26T14:12:42+00:00\",\"dateModified\":\"2025-03-26T14:12:43+00:00\",\"mainEntityOfPage\":{\"@id\":\"https:\\\/\\\/diarioprincipios.com\\\/index.php\\\/2025\\\/03\\\/26\\\/se-festejaron-los-dos-anos-del-club-infantil-villa-rial\\\/\"},\"wordCount\":316,\"commentCount\":0,\"publisher\":{\"@id\":\"https:\\\/\\\/diarioprincipios.com\\\/#organization\"},\"image\":{\"@id\":\"https:\\\/\\\/diarioprincipios.com\\\/index.php\\\/2025\\\/03\\\/26\\\/se-festejaron-los-dos-anos-del-club-infantil-villa-rial\\\/#primaryimage\"},\"thumbnailUrl\":\"https:\\\/\\\/diarioprincipios.com\\\/wp-content\\\/uploads\\\/2025\\\/03\\\/20250319_Aniversario_Club_Infantil_Villa_Rial_079.jpg\",\"articleSection\":[\"Berazategui\"],\"inLanguage\":\"es\",\"potentialAction\":[{\"@type\":\"CommentAction\",\"name\":\"Comment\",\"target\":[\"https:\\\/\\\/diarioprincipios.com\\\/index.php\\\/2025\\\/03\\\/26\\\/se-festejaron-los-dos-anos-del-club-infantil-villa-rial\\\/#respond\"]}]},{\"@type\":\"WebPage\",\"@id\":\"https:\\\/\\\/diarioprincipios.com\\\/index.php\\\/2025\\\/03\\\/26\\\/se-festejaron-los-dos-anos-del-club-infantil-villa-rial\\\/\",\"url\":\"https:\\\/\\\/diarioprincipios.com\\\/index.php\\\/2025\\\/03\\\/26\\\/se-festejaron-los-dos-anos-del-club-infantil-villa-rial\\\/\",\"name\":\"Se festejaron los dos a\u00f1os del Club Infantil Villa Rial - Principios\",\"isPartOf\":{\"@id\":\"https:\\\/\\\/diarioprincipios.com\\\/#website\"},\"primaryImageOfPage\":{\"@id\":\"https:\\\/\\\/diarioprincipios.com\\\/index.php\\\/2025\\\/03\\\/26\\\/se-festejaron-los-dos-anos-del-club-infantil-villa-rial\\\/#primaryimage\"},\"image\":{\"@id\":\"https:\\\/\\\/diarioprincipios.com\\\/index.php\\\/2025\\\/03\\\/26\\\/se-festejaron-los-dos-anos-del-club-infantil-villa-rial\\\/#primaryimage\"},\"thumbnailUrl\":\"https:\\\/\\\/diarioprincipios.com\\\/wp-content\\\/uploads\\\/2025\\\/03\\\/20250319_Aniversario_Club_Infantil_Villa_Rial_079.jpg\",\"datePublished\":\"2025-03-26T14:12:42+00:00\",\"dateModified\":\"2025-03-26T14:12:43+00:00\",\"breadcrumb\":{\"@id\":\"https:\\\/\\\/diarioprincipios.com\\\/index.php\\\/2025\\\/03\\\/26\\\/se-festejaron-los-dos-anos-del-club-infantil-villa-rial\\\/#breadcrumb\"},\"inLanguage\":\"es\",\"potentialAction\":[{\"@type\":\"ReadAction\",\"target\":[\"https:\\\/\\\/diarioprincipios.com\\\/index.php\\\/2025\\\/03\\\/26\\\/se-festejaron-los-dos-anos-del-club-infantil-villa-rial\\\/\"]}]},{\"@type\":\"ImageObject\",\"inLanguage\":\"es\",\"@id\":\"https:\\\/\\\/diarioprincipios.com\\\/index.php\\\/2025\\\/03\\\/26\\\/se-festejaron-los-dos-anos-del-club-infantil-villa-rial\\\/#primaryimage\",\"url\":\"https:\\\/\\\/diarioprincipios.com\\\/wp-content\\\/uploads\\\/2025\\\/03\\\/20250319_Aniversario_Club_Infantil_Villa_Rial_079.jpg\",\"contentUrl\":\"https:\\\/\\\/diarioprincipios.com\\\/wp-content\\\/uploads\\\/2025\\\/03\\\/20250319_Aniversario_Club_Infantil_Villa_Rial_079.jpg\",\"width\":1920,\"height\":1280},{\"@type\":\"BreadcrumbList\",\"@id\":\"https:\\\/\\\/diarioprincipios.com\\\/index.php\\\/2025\\\/03\\\/26\\\/se-festejaron-los-dos-anos-del-club-infantil-villa-rial\\\/#breadcrumb\",\"itemListElement\":[{\"@type\":\"ListItem\",\"position\":1,\"name\":\"Portada\",\"item\":\"https:\\\/\\\/diarioprincipios.com\\\/\"},{\"@type\":\"ListItem\",\"position\":2,\"name\":\"Se festejaron los dos a\u00f1os del Club Infantil Villa Rial\"}]},{\"@type\":\"WebSite\",\"@id\":\"https:\\\/\\\/diarioprincipios.com\\\/#website\",\"url\":\"https:\\\/\\\/diarioprincipios.com\\\/\",\"name\":\"Principios\",\"description\":\"Principios Diario\",\"publisher\":{\"@id\":\"https:\\\/\\\/diarioprincipios.com\\\/#organization\"},\"potentialAction\":[{\"@type\":\"SearchAction\",\"target\":{\"@type\":\"EntryPoint\",\"urlTemplate\":\"https:\\\/\\\/diarioprincipios.com\\\/?s={search_term_string}\"},\"query-input\":{\"@type\":\"PropertyValueSpecification\",\"valueRequired\":true,\"valueName\":\"search_term_string\"}}],\"inLanguage\":\"es\"},{\"@type\":\"Organization\",\"@id\":\"https:\\\/\\\/diarioprincipios.com\\\/#organization\",\"name\":\"Principios\",\"url\":\"https:\\\/\\\/diarioprincipios.com\\\/\",\"logo\":{\"@type\":\"ImageObject\",\"inLanguage\":\"es\",\"@id\":\"https:\\\/\\\/diarioprincipios.com\\\/#\\\/schema\\\/logo\\\/image\\\/\",\"url\":\"https:\\\/\\\/diarioprincipios.com\\\/wp-content\\\/uploads\\\/2024\\\/04\\\/cropped-www.diarioprincipios.com_-1.png\",\"contentUrl\":\"https:\\\/\\\/diarioprincipios.com\\\/wp-content\\\/uploads\\\/2024\\\/04\\\/cropped-www.diarioprincipios.com_-1.png\",\"width\":5325,\"height\":1454,\"caption\":\"Principios\"},\"image\":{\"@id\":\"https:\\\/\\\/diarioprincipios.com\\\/#\\\/schema\\\/logo\\\/image\\\/\"}},{\"@type\":\"Person\",\"@id\":\"https:\\\/\\\/diarioprincipios.com\\\/#\\\/schema\\\/person\\\/436d5a1fd41a5e250e23ff5a6a7cb080\",\"name\":\"Hern\u00e1n L\u00f3pez\",\"image\":{\"@type\":\"ImageObject\",\"inLanguage\":\"es\",\"@id\":\"https:\\\/\\\/diarioprincipios.com\\\/wp-content\\\/litespeed\\\/avatar\\\/11ddfe5610ff3bd100522525b2571f48.jpg?ver=1777048341\",\"url\":\"https:\\\/\\\/diarioprincipios.com\\\/wp-content\\\/litespeed\\\/avatar\\\/11ddfe5610ff3bd100522525b2571f48.jpg?ver=1777048341\",\"contentUrl\":\"https:\\\/\\\/diarioprincipios.com\\\/wp-content\\\/litespeed\\\/avatar\\\/11ddfe5610ff3bd100522525b2571f48.jpg?ver=1777048341\",\"caption\":\"Hern\u00e1n L\u00f3pez\"},\"url\":\"https:\\\/\\\/diarioprincipios.com\\\/index.php\\\/author\\\/hernan\\\/\"}]}<\/script>\n<!-- \/ Yoast SEO plugin. -->","yoast_head_json":{"title":"Se festejaron los dos a\u00f1os del Club Infantil Villa Rial - Principios","robots":{"index":"index","follow":"follow","max-snippet":"max-snippet:-1","max-image-preview":"max-image-preview:large","max-video-preview":"max-video-preview:-1"},"canonical":"https:\/\/diarioprincipios.com\/index.php\/2025\/03\/26\/se-festejaron-los-dos-anos-del-club-infantil-villa-rial\/","og_locale":"es_ES","og_type":"article","og_title":"Se festejaron los dos a\u00f1os del Club Infantil Villa Rial - Principios","og_description":"Se festejaron los dos a\u00f1os del Club Infantil Villa Rial, en un encuentro que se llev\u00f3 a cabo en su sede de la localidad de Hudson. All\u00ed, funcionarios de la Municipalidad de Berazategui entregaron un subsidio y elementos deportivos.En ese marco, el secretario de Organizaciones No Gubernamentales (ONG), Marcelo Benedetti, se\u00f1al\u00f3: \u201cHoy es un d\u00eda...","og_url":"https:\/\/diarioprincipios.com\/index.php\/2025\/03\/26\/se-festejaron-los-dos-anos-del-club-infantil-villa-rial\/","og_site_name":"Principios","article_published_time":"2025-03-26T14:12:42+00:00","article_modified_time":"2025-03-26T14:12:43+00:00","og_image":[{"width":1920,"height":1280,"url":"https:\/\/diarioprincipios.com\/wp-content\/uploads\/2025\/03\/20250319_Aniversario_Club_Infantil_Villa_Rial_079.jpg","type":"image\/jpeg"}],"author":"Hern\u00e1n L\u00f3pez","twitter_card":"summary_large_image","twitter_misc":{"Escrito por":"Hern\u00e1n L\u00f3pez","Tiempo de lectura":"2 minutos"},"schema":{"@context":"https:\/\/schema.org","@graph":[{"@type":"Article","@id":"https:\/\/diarioprincipios.com\/index.php\/2025\/03\/26\/se-festejaron-los-dos-anos-del-club-infantil-villa-rial\/#article","isPartOf":{"@id":"https:\/\/diarioprincipios.com\/index.php\/2025\/03\/26\/se-festejaron-los-dos-anos-del-club-infantil-villa-rial\/"},"author":{"name":"Hern\u00e1n L\u00f3pez","@id":"https:\/\/diarioprincipios.com\/#\/schema\/person\/436d5a1fd41a5e250e23ff5a6a7cb080"},"headline":"Se festejaron los dos a\u00f1os del Club Infantil Villa Rial","datePublished":"2025-03-26T14:12:42+00:00","dateModified":"2025-03-26T14:12:43+00:00","mainEntityOfPage":{"@id":"https:\/\/diarioprincipios.com\/index.php\/2025\/03\/26\/se-festejaron-los-dos-anos-del-club-infantil-villa-rial\/"},"wordCount":316,"commentCount":0,"publisher":{"@id":"https:\/\/diarioprincipios.com\/#organization"},"image":{"@id":"https:\/\/diarioprincipios.com\/index.php\/2025\/03\/26\/se-festejaron-los-dos-anos-del-club-infantil-villa-rial\/#primaryimage"},"thumbnailUrl":"https:\/\/diarioprincipios.com\/wp-content\/uploads\/2025\/03\/20250319_Aniversario_Club_Infantil_Villa_Rial_079.jpg","articleSection":["Berazategui"],"inLanguage":"es","potentialAction":[{"@type":"CommentAction","name":"Comment","target":["https:\/\/diarioprincipios.com\/index.php\/2025\/03\/26\/se-festejaron-los-dos-anos-del-club-infantil-villa-rial\/#respond"]}]},{"@type":"WebPage","@id":"https:\/\/diarioprincipios.com\/index.php\/2025\/03\/26\/se-festejaron-los-dos-anos-del-club-infantil-villa-rial\/","url":"https:\/\/diarioprincipios.com\/index.php\/2025\/03\/26\/se-festejaron-los-dos-anos-del-club-infantil-villa-rial\/","name":"Se festejaron los dos a\u00f1os del Club Infantil Villa Rial - Principios","isPartOf":{"@id":"https:\/\/diarioprincipios.com\/#website"},"primaryImageOfPage":{"@id":"https:\/\/diarioprincipios.com\/index.php\/2025\/03\/26\/se-festejaron-los-dos-anos-del-club-infantil-villa-rial\/#primaryimage"},"image":{"@id":"https:\/\/diarioprincipios.com\/index.php\/2025\/03\/26\/se-festejaron-los-dos-anos-del-club-infantil-villa-rial\/#primaryimage"},"thumbnailUrl":"https:\/\/diarioprincipios.com\/wp-content\/uploads\/2025\/03\/20250319_Aniversario_Club_Infantil_Villa_Rial_079.jpg","datePublished":"2025-03-26T14:12:42+00:00","dateModified":"2025-03-26T14:12:43+00:00","breadcrumb":{"@id":"https:\/\/diarioprincipios.com\/index.php\/2025\/03\/26\/se-festejaron-los-dos-anos-del-club-infantil-villa-rial\/#breadcrumb"},"inLanguage":"es","potentialAction":[{"@type":"ReadAction","target":["https:\/\/diarioprincipios.com\/index.php\/2025\/03\/26\/se-festejaron-los-dos-anos-del-club-infantil-villa-rial\/"]}]},{"@type":"ImageObject","inLanguage":"es","@id":"https:\/\/diarioprincipios.com\/index.php\/2025\/03\/26\/se-festejaron-los-dos-anos-del-club-infantil-villa-rial\/#primaryimage","url":"https:\/\/diarioprincipios.com\/wp-content\/uploads\/2025\/03\/20250319_Aniversario_Club_Infantil_Villa_Rial_079.jpg","contentUrl":"https:\/\/diarioprincipios.com\/wp-content\/uploads\/2025\/03\/20250319_Aniversario_Club_Infantil_Villa_Rial_079.jpg","width":1920,"height":1280},{"@type":"BreadcrumbList","@id":"https:\/\/diarioprincipios.com\/index.php\/2025\/03\/26\/se-festejaron-los-dos-anos-del-club-infantil-villa-rial\/#breadcrumb","itemListElement":[{"@type":"ListItem","position":1,"name":"Portada","item":"https:\/\/diarioprincipios.com\/"},{"@type":"ListItem","position":2,"name":"Se festejaron los dos a\u00f1os del Club Infantil Villa Rial"}]},{"@type":"WebSite","@id":"https:\/\/diarioprincipios.com\/#website","url":"https:\/\/diarioprincipios.com\/","name":"Principios","description":"Principios Diario","publisher":{"@id":"https:\/\/diarioprincipios.com\/#organization"},"potentialAction":[{"@type":"SearchAction","target":{"@type":"EntryPoint","urlTemplate":"https:\/\/diarioprincipios.com\/?s={search_term_string}"},"query-input":{"@type":"PropertyValueSpecification","valueRequired":true,"valueName":"search_term_string"}}],"inLanguage":"es"},{"@type":"Organization","@id":"https:\/\/diarioprincipios.com\/#organization","name":"Principios","url":"https:\/\/diarioprincipios.com\/","logo":{"@type":"ImageObject","inLanguage":"es","@id":"https:\/\/diarioprincipios.com\/#\/schema\/logo\/image\/","url":"https:\/\/diarioprincipios.com\/wp-content\/uploads\/2024\/04\/cropped-www.diarioprincipios.com_-1.png","contentUrl":"https:\/\/diarioprincipios.com\/wp-content\/uploads\/2024\/04\/cropped-www.diarioprincipios.com_-1.png","width":5325,"height":1454,"caption":"Principios"},"image":{"@id":"https:\/\/diarioprincipios.com\/#\/schema\/logo\/image\/"}},{"@type":"Person","@id":"https:\/\/diarioprincipios.com\/#\/schema\/person\/436d5a1fd41a5e250e23ff5a6a7cb080","name":"Hern\u00e1n L\u00f3pez","image":{"@type":"ImageObject","inLanguage":"es","@id":"https:\/\/diarioprincipios.com\/wp-content\/litespeed\/avatar\/11ddfe5610ff3bd100522525b2571f48.jpg?ver=1777048341","url":"https:\/\/diarioprincipios.com\/wp-content\/litespeed\/avatar\/11ddfe5610ff3bd100522525b2571f48.jpg?ver=1777048341","contentUrl":"https:\/\/diarioprincipios.com\/wp-content\/litespeed\/avatar\/11ddfe5610ff3bd100522525b2571f48.jpg?ver=1777048341","caption":"Hern\u00e1n L\u00f3pez"},"url":"https:\/\/diarioprincipios.com\/index.php\/author\/hernan\/"}]}},"jetpack_featured_media_url":"https:\/\/diarioprincipios.com\/wp-content\/uploads\/2025\/03\/20250319_Aniversario_Club_Infantil_Villa_Rial_079.jpg","_links":{"self":[{"href":"https:\/\/diarioprincipios.com\/index.php\/wp-json\/wp\/v2\/posts\/24332","targetHints":{"allow":["GET"]}}],"collection":[{"href":"https:\/\/diarioprincipios.com\/index.php\/wp-json\/wp\/v2\/posts"}],"about":[{"href":"https:\/\/diarioprincipios.com\/index.php\/wp-json\/wp\/v2\/types\/post"}],"author":[{"embeddable":true,"href":"https:\/\/diarioprincipios.com\/index.php\/wp-json\/wp\/v2\/users\/2"}],"replies":[{"embeddable":true,"href":"https:\/\/diarioprincipios.com\/index.php\/wp-json\/wp\/v2\/comments?post=24332"}],"version-history":[{"count":1,"href":"https:\/\/diarioprincipios.com\/index.php\/wp-json\/wp\/v2\/posts\/24332\/revisions"}],"predecessor-version":[{"id":24336,"href":"https:\/\/diarioprincipios.com\/index.php\/wp-json\/wp\/v2\/posts\/24332\/revisions\/24336"}],"wp:featuredmedia":[{"embeddable":true,"href":"https:\/\/diarioprincipios.com\/index.php\/wp-json\/wp\/v2\/media\/24335"}],"wp:attachment":[{"href":"https:\/\/diarioprincipios.com\/index.php\/wp-json\/wp\/v2\/media?parent=24332"}],"wp:term":[{"taxonomy":"category","embeddable":true,"href":"https:\/\/diarioprincipios.com\/index.php\/wp-json\/wp\/v2\/categories?post=24332"},{"taxonomy":"post_tag","embeddable":true,"href":"https:\/\/diarioprincipios.com\/index.php\/wp-json\/wp\/v2\/tags?post=24332"}],"curies":[{"name":"wp","href":"https:\/\/api.w.org\/{rel}","templated":true}]}}