{"id":24317,"date":"2025-03-21T12:00:27","date_gmt":"2025-03-21T15:00:27","guid":{"rendered":"https:\/\/diarioprincipios.com\/?p=24317"},"modified":"2025-03-21T12:01:22","modified_gmt":"2025-03-21T15:01:22","slug":"mirian-cao-represento-a-berazategui-en-la-maraton-de-las-islas-malvinas","status":"publish","type":"post","link":"https:\/\/diarioprincipios.com\/index.php\/2025\/03\/21\/mirian-cao-represento-a-berazategui-en-la-maraton-de-las-islas-malvinas\/","title":{"rendered":"Mirian Cao represent\u00f3 a Berazategui en la Marat\u00f3n de las Islas Malvinas"},"content":{"rendered":"\n<p><strong>Este a\u00f1o se realiz\u00f3 una nueva edici\u00f3n de la marat\u00f3n m\u00e1s austral del mundo, que se lleva a cabo en las Islas Malvinas y que tuvo nuevamente como participante a la atleta berazateguense Mirian Cao, el domingo 9 de marzo. Fue la \u00fanica argentina y qued\u00f3 en el sexto lugar en la categor\u00eda general.<\/strong><br>Al respecto, la atleta expres\u00f3: \u201cVine a Puerto Argentino (Islas Malvinas), un lugar tan amado y preciado -como digo siempre-, nuestra Tierra Santa, a representar por 5ta vez a nuestra Patria Chica: Berazategui, y a la provincia de Buenos Aires, en la marat\u00f3n m\u00e1s austral del mundo. Estoy muy feliz y agradecida porque pude hacer los 42 km en nuestras Islas Malvinas. El 9 de marzo, a las 10.00, largamos 120 corredores y qued\u00e9 6ta en categor\u00eda general\u201d.<br>Asimismo, destac\u00f3: \u201cEsta Marat\u00f3n fue muy especial para m\u00ed. En enero tuve un accidente dom\u00e9stico; sufr\u00ed una fractura en el tobillo, enfrent\u00e9 una operaci\u00f3n y en 30 d\u00edas prepar\u00e9 mi cuerpo para correr en un lugar hostil. Pero, gracias a Dios, lo pude hacer en un tiempo que me sorprendi\u00f3. Fui la \u00fanica argentina que corri\u00f3 los 42 Km all\u00ed. Hab\u00eda algo m\u00e1s para enfrentar, pero Malvinas y la Soberan\u00eda lo pueden m\u00e1s que cualquier otra cosa. Estoy super feliz de haber terminado y representado nuevamente a Berazategui\u201d.<\/p>\n\n\n\n<figure class=\"wp-block-image size-large\"><img loading=\"lazy\" decoding=\"async\" width=\"677\" height=\"1024\" src=\"https:\/\/diarioprincipios.com\/wp-content\/uploads\/2025\/03\/MIRIAN-CAO-REPRESENTO-A-BERAZATEGUI-EN-LA-MARATON-DE-LAS-ISLAS-MALVINAS-1-677x1024.jpeg\" alt=\"\" class=\"wp-image-24318\" srcset=\"https:\/\/diarioprincipios.com\/wp-content\/uploads\/2025\/03\/MIRIAN-CAO-REPRESENTO-A-BERAZATEGUI-EN-LA-MARATON-DE-LAS-ISLAS-MALVINAS-1-677x1024.jpeg 677w, https:\/\/diarioprincipios.com\/wp-content\/uploads\/2025\/03\/MIRIAN-CAO-REPRESENTO-A-BERAZATEGUI-EN-LA-MARATON-DE-LAS-ISLAS-MALVINAS-1-198x300.jpeg 198w, https:\/\/diarioprincipios.com\/wp-content\/uploads\/2025\/03\/MIRIAN-CAO-REPRESENTO-A-BERAZATEGUI-EN-LA-MARATON-DE-LAS-ISLAS-MALVINAS-1-768x1162.jpeg 768w, https:\/\/diarioprincipios.com\/wp-content\/uploads\/2025\/03\/MIRIAN-CAO-REPRESENTO-A-BERAZATEGUI-EN-LA-MARATON-DE-LAS-ISLAS-MALVINAS-1.jpeg 846w\" sizes=\"auto, (max-width: 677px) 100vw, 677px\" \/><\/figure>\n\n\n\n<p><br>\u201cSiento amor por la Patria y por Malvinas, por mi hermano, quien estuvo all\u00ed. Aqu\u00ed reivindicamos la Soberan\u00eda. A\u00f1o a a\u00f1o pienso y preparo la Marat\u00f3n. Espero todo el a\u00f1o para volver a pisar este suelo sagrado\u201d, asegur\u00f3 la maratonista, quien seguidamente manifest\u00f3 el gran amor que tiene por Berazategui, su ciudad desde hace 10 a\u00f1os. \u201cAmar Malvinas me uni\u00f3 m\u00e1s a esta ciudad. Tenemos un intendente, Juan Jos\u00e9 Mussi, que entiende el amor por Malvinas, por la Soberan\u00eda, por la Gesta. Abraz\u00f3 la causa y a cada veterano de Guerra; quiere que sigamos malvinizando, hablando de la Soberan\u00eda y los derechos, eso es maravilloso. En Berazategui somos muy malvineros, lo vivimos a flor de piel. Hay monumentos, murales y dem\u00e1s; todo el a\u00f1o se vive Malvinas en Berazategui. Nos tenemos que sentir orgullosos\u201d.<br>Finalmente, Mirian afirm\u00f3: \u201cCorrer en las Islas requiere prepararse todo el a\u00f1o y ser consciente de que hay que enfrentar el viento, el clima&#8230; vientos de m\u00e1s de 80 km por hora, lluvias y granizo. Pero no me importa que el viento sople tan fuerte, porque las Islas Malvinas son m\u00edas. En el coraz\u00f3n, las banderas argentina y de Berazategui siempre me acompa\u00f1aron. En Puerto Argentino, en 2026, nuevamente una mujer va a representar a la ciudad de Berazategui llevando la Soberan\u00eda de Malvinas en lo alto\u201d, concluy\u00f3.<\/p>\n","protected":false},"excerpt":{"rendered":"<p>Este a\u00f1o se realiz\u00f3 una nueva edici\u00f3n de la marat\u00f3n m\u00e1s austral del mundo, que se lleva a cabo en las Islas Malvinas y que tuvo nuevamente como participante a la atleta berazateguense Mirian Cao, el domingo 9 de marzo. Fue la \u00fanica argentina y qued\u00f3 en el sexto lugar en la categor\u00eda general.Al respecto,&#8230;<\/p>\n","protected":false},"author":2,"featured_media":24319,"comment_status":"open","ping_status":"open","sticky":false,"template":"","format":"standard","meta":{"footnotes":""},"categories":[6],"tags":[],"class_list":["post-24317","post","type-post","status-publish","format-standard","has-post-thumbnail","hentry","category-deportes"],"featured_image_src":"https:\/\/diarioprincipios.com\/wp-content\/uploads\/2025\/03\/MIRIAN-CAO-REPRESENTO-A-BERAZATEGUI-EN-LA-MARATON-DE-LAS-ISLAS-MALVINAS-473x1024.jpeg","blog_images":{"medium":"https:\/\/diarioprincipios.com\/wp-content\/uploads\/2025\/03\/MIRIAN-CAO-REPRESENTO-A-BERAZATEGUI-EN-LA-MARATON-DE-LAS-ISLAS-MALVINAS-139x300.jpeg","large":"https:\/\/diarioprincipios.com\/wp-content\/uploads\/2025\/03\/MIRIAN-CAO-REPRESENTO-A-BERAZATEGUI-EN-LA-MARATON-DE-LAS-ISLAS-MALVINAS-473x1024.jpeg"},"ams_acf":[],"yoast_head":"<!-- This site is optimized with the Yoast SEO plugin v27.3 - https:\/\/yoast.com\/product\/yoast-seo-wordpress\/ -->\n<title>Mirian Cao represent\u00f3 a Berazategui en la Marat\u00f3n de las Islas Malvinas - Principios<\/title>\n<meta name=\"robots\" content=\"index, follow, max-snippet:-1, max-image-preview:large, max-video-preview:-1\" \/>\n<link rel=\"canonical\" href=\"https:\/\/diarioprincipios.com\/index.php\/2025\/03\/21\/mirian-cao-represento-a-berazategui-en-la-maraton-de-las-islas-malvinas\/\" \/>\n<meta property=\"og:locale\" content=\"es_ES\" \/>\n<meta property=\"og:type\" content=\"article\" \/>\n<meta property=\"og:title\" content=\"Mirian Cao represent\u00f3 a Berazategui en la Marat\u00f3n de las Islas Malvinas - Principios\" \/>\n<meta property=\"og:description\" content=\"Este a\u00f1o se realiz\u00f3 una nueva edici\u00f3n de la marat\u00f3n m\u00e1s austral del mundo, que se lleva a cabo en las Islas Malvinas y que tuvo nuevamente como participante a la atleta berazateguense Mirian Cao, el domingo 9 de marzo. Fue la \u00fanica argentina y qued\u00f3 en el sexto lugar en la categor\u00eda general.Al respecto,...\" \/>\n<meta property=\"og:url\" content=\"https:\/\/diarioprincipios.com\/index.php\/2025\/03\/21\/mirian-cao-represento-a-berazategui-en-la-maraton-de-las-islas-malvinas\/\" \/>\n<meta property=\"og:site_name\" content=\"Principios\" \/>\n<meta property=\"article:published_time\" content=\"2025-03-21T15:00:27+00:00\" \/>\n<meta property=\"article:modified_time\" content=\"2025-03-21T15:01:22+00:00\" \/>\n<meta property=\"og:image\" content=\"https:\/\/diarioprincipios.com\/wp-content\/uploads\/2025\/03\/MIRIAN-CAO-REPRESENTO-A-BERAZATEGUI-EN-LA-MARATON-DE-LAS-ISLAS-MALVINAS.jpeg\" \/>\n\t<meta property=\"og:image:width\" content=\"591\" \/>\n\t<meta property=\"og:image:height\" content=\"1280\" \/>\n\t<meta property=\"og:image:type\" content=\"image\/jpeg\" \/>\n<meta name=\"author\" content=\"Hern\u00e1n L\u00f3pez\" \/>\n<meta name=\"twitter:card\" content=\"summary_large_image\" \/>\n<meta name=\"twitter:label1\" content=\"Escrito por\" \/>\n\t<meta name=\"twitter:data1\" content=\"Hern\u00e1n L\u00f3pez\" \/>\n\t<meta name=\"twitter:label2\" content=\"Tiempo de lectura\" \/>\n\t<meta name=\"twitter:data2\" content=\"3 minutos\" \/>\n<script type=\"application\/ld+json\" class=\"yoast-schema-graph\">{\"@context\":\"https:\\\/\\\/schema.org\",\"@graph\":[{\"@type\":\"Article\",\"@id\":\"https:\\\/\\\/diarioprincipios.com\\\/index.php\\\/2025\\\/03\\\/21\\\/mirian-cao-represento-a-berazategui-en-la-maraton-de-las-islas-malvinas\\\/#article\",\"isPartOf\":{\"@id\":\"https:\\\/\\\/diarioprincipios.com\\\/index.php\\\/2025\\\/03\\\/21\\\/mirian-cao-represento-a-berazategui-en-la-maraton-de-las-islas-malvinas\\\/\"},\"author\":{\"name\":\"Hern\u00e1n L\u00f3pez\",\"@id\":\"https:\\\/\\\/diarioprincipios.com\\\/#\\\/schema\\\/person\\\/436d5a1fd41a5e250e23ff5a6a7cb080\"},\"headline\":\"Mirian Cao represent\u00f3 a Berazategui en la Marat\u00f3n de las Islas Malvinas\",\"datePublished\":\"2025-03-21T15:00:27+00:00\",\"dateModified\":\"2025-03-21T15:01:22+00:00\",\"mainEntityOfPage\":{\"@id\":\"https:\\\/\\\/diarioprincipios.com\\\/index.php\\\/2025\\\/03\\\/21\\\/mirian-cao-represento-a-berazategui-en-la-maraton-de-las-islas-malvinas\\\/\"},\"wordCount\":478,\"commentCount\":0,\"publisher\":{\"@id\":\"https:\\\/\\\/diarioprincipios.com\\\/#organization\"},\"image\":{\"@id\":\"https:\\\/\\\/diarioprincipios.com\\\/index.php\\\/2025\\\/03\\\/21\\\/mirian-cao-represento-a-berazategui-en-la-maraton-de-las-islas-malvinas\\\/#primaryimage\"},\"thumbnailUrl\":\"https:\\\/\\\/diarioprincipios.com\\\/wp-content\\\/uploads\\\/2025\\\/03\\\/MIRIAN-CAO-REPRESENTO-A-BERAZATEGUI-EN-LA-MARATON-DE-LAS-ISLAS-MALVINAS.jpeg\",\"articleSection\":[\"Deportes\"],\"inLanguage\":\"es\",\"potentialAction\":[{\"@type\":\"CommentAction\",\"name\":\"Comment\",\"target\":[\"https:\\\/\\\/diarioprincipios.com\\\/index.php\\\/2025\\\/03\\\/21\\\/mirian-cao-represento-a-berazategui-en-la-maraton-de-las-islas-malvinas\\\/#respond\"]}]},{\"@type\":\"WebPage\",\"@id\":\"https:\\\/\\\/diarioprincipios.com\\\/index.php\\\/2025\\\/03\\\/21\\\/mirian-cao-represento-a-berazategui-en-la-maraton-de-las-islas-malvinas\\\/\",\"url\":\"https:\\\/\\\/diarioprincipios.com\\\/index.php\\\/2025\\\/03\\\/21\\\/mirian-cao-represento-a-berazategui-en-la-maraton-de-las-islas-malvinas\\\/\",\"name\":\"Mirian Cao represent\u00f3 a Berazategui en la Marat\u00f3n de las Islas Malvinas - Principios\",\"isPartOf\":{\"@id\":\"https:\\\/\\\/diarioprincipios.com\\\/#website\"},\"primaryImageOfPage\":{\"@id\":\"https:\\\/\\\/diarioprincipios.com\\\/index.php\\\/2025\\\/03\\\/21\\\/mirian-cao-represento-a-berazategui-en-la-maraton-de-las-islas-malvinas\\\/#primaryimage\"},\"image\":{\"@id\":\"https:\\\/\\\/diarioprincipios.com\\\/index.php\\\/2025\\\/03\\\/21\\\/mirian-cao-represento-a-berazategui-en-la-maraton-de-las-islas-malvinas\\\/#primaryimage\"},\"thumbnailUrl\":\"https:\\\/\\\/diarioprincipios.com\\\/wp-content\\\/uploads\\\/2025\\\/03\\\/MIRIAN-CAO-REPRESENTO-A-BERAZATEGUI-EN-LA-MARATON-DE-LAS-ISLAS-MALVINAS.jpeg\",\"datePublished\":\"2025-03-21T15:00:27+00:00\",\"dateModified\":\"2025-03-21T15:01:22+00:00\",\"breadcrumb\":{\"@id\":\"https:\\\/\\\/diarioprincipios.com\\\/index.php\\\/2025\\\/03\\\/21\\\/mirian-cao-represento-a-berazategui-en-la-maraton-de-las-islas-malvinas\\\/#breadcrumb\"},\"inLanguage\":\"es\",\"potentialAction\":[{\"@type\":\"ReadAction\",\"target\":[\"https:\\\/\\\/diarioprincipios.com\\\/index.php\\\/2025\\\/03\\\/21\\\/mirian-cao-represento-a-berazategui-en-la-maraton-de-las-islas-malvinas\\\/\"]}]},{\"@type\":\"ImageObject\",\"inLanguage\":\"es\",\"@id\":\"https:\\\/\\\/diarioprincipios.com\\\/index.php\\\/2025\\\/03\\\/21\\\/mirian-cao-represento-a-berazategui-en-la-maraton-de-las-islas-malvinas\\\/#primaryimage\",\"url\":\"https:\\\/\\\/diarioprincipios.com\\\/wp-content\\\/uploads\\\/2025\\\/03\\\/MIRIAN-CAO-REPRESENTO-A-BERAZATEGUI-EN-LA-MARATON-DE-LAS-ISLAS-MALVINAS.jpeg\",\"contentUrl\":\"https:\\\/\\\/diarioprincipios.com\\\/wp-content\\\/uploads\\\/2025\\\/03\\\/MIRIAN-CAO-REPRESENTO-A-BERAZATEGUI-EN-LA-MARATON-DE-LAS-ISLAS-MALVINAS.jpeg\",\"width\":591,\"height\":1280},{\"@type\":\"BreadcrumbList\",\"@id\":\"https:\\\/\\\/diarioprincipios.com\\\/index.php\\\/2025\\\/03\\\/21\\\/mirian-cao-represento-a-berazategui-en-la-maraton-de-las-islas-malvinas\\\/#breadcrumb\",\"itemListElement\":[{\"@type\":\"ListItem\",\"position\":1,\"name\":\"Portada\",\"item\":\"https:\\\/\\\/diarioprincipios.com\\\/\"},{\"@type\":\"ListItem\",\"position\":2,\"name\":\"Mirian Cao represent\u00f3 a Berazategui en la Marat\u00f3n de las Islas Malvinas\"}]},{\"@type\":\"WebSite\",\"@id\":\"https:\\\/\\\/diarioprincipios.com\\\/#website\",\"url\":\"https:\\\/\\\/diarioprincipios.com\\\/\",\"name\":\"Principios\",\"description\":\"Principios Diario\",\"publisher\":{\"@id\":\"https:\\\/\\\/diarioprincipios.com\\\/#organization\"},\"potentialAction\":[{\"@type\":\"SearchAction\",\"target\":{\"@type\":\"EntryPoint\",\"urlTemplate\":\"https:\\\/\\\/diarioprincipios.com\\\/?s={search_term_string}\"},\"query-input\":{\"@type\":\"PropertyValueSpecification\",\"valueRequired\":true,\"valueName\":\"search_term_string\"}}],\"inLanguage\":\"es\"},{\"@type\":\"Organization\",\"@id\":\"https:\\\/\\\/diarioprincipios.com\\\/#organization\",\"name\":\"Principios\",\"url\":\"https:\\\/\\\/diarioprincipios.com\\\/\",\"logo\":{\"@type\":\"ImageObject\",\"inLanguage\":\"es\",\"@id\":\"https:\\\/\\\/diarioprincipios.com\\\/#\\\/schema\\\/logo\\\/image\\\/\",\"url\":\"https:\\\/\\\/diarioprincipios.com\\\/wp-content\\\/uploads\\\/2024\\\/04\\\/cropped-www.diarioprincipios.com_-1.png\",\"contentUrl\":\"https:\\\/\\\/diarioprincipios.com\\\/wp-content\\\/uploads\\\/2024\\\/04\\\/cropped-www.diarioprincipios.com_-1.png\",\"width\":5325,\"height\":1454,\"caption\":\"Principios\"},\"image\":{\"@id\":\"https:\\\/\\\/diarioprincipios.com\\\/#\\\/schema\\\/logo\\\/image\\\/\"}},{\"@type\":\"Person\",\"@id\":\"https:\\\/\\\/diarioprincipios.com\\\/#\\\/schema\\\/person\\\/436d5a1fd41a5e250e23ff5a6a7cb080\",\"name\":\"Hern\u00e1n L\u00f3pez\",\"image\":{\"@type\":\"ImageObject\",\"inLanguage\":\"es\",\"@id\":\"https:\\\/\\\/diarioprincipios.com\\\/wp-content\\\/litespeed\\\/avatar\\\/11ddfe5610ff3bd100522525b2571f48.jpg?ver=1777048341\",\"url\":\"https:\\\/\\\/diarioprincipios.com\\\/wp-content\\\/litespeed\\\/avatar\\\/11ddfe5610ff3bd100522525b2571f48.jpg?ver=1777048341\",\"contentUrl\":\"https:\\\/\\\/diarioprincipios.com\\\/wp-content\\\/litespeed\\\/avatar\\\/11ddfe5610ff3bd100522525b2571f48.jpg?ver=1777048341\",\"caption\":\"Hern\u00e1n L\u00f3pez\"},\"url\":\"https:\\\/\\\/diarioprincipios.com\\\/index.php\\\/author\\\/hernan\\\/\"}]}<\/script>\n<!-- \/ Yoast SEO plugin. -->","yoast_head_json":{"title":"Mirian Cao represent\u00f3 a Berazategui en la Marat\u00f3n de las Islas Malvinas - Principios","robots":{"index":"index","follow":"follow","max-snippet":"max-snippet:-1","max-image-preview":"max-image-preview:large","max-video-preview":"max-video-preview:-1"},"canonical":"https:\/\/diarioprincipios.com\/index.php\/2025\/03\/21\/mirian-cao-represento-a-berazategui-en-la-maraton-de-las-islas-malvinas\/","og_locale":"es_ES","og_type":"article","og_title":"Mirian Cao represent\u00f3 a Berazategui en la Marat\u00f3n de las Islas Malvinas - Principios","og_description":"Este a\u00f1o se realiz\u00f3 una nueva edici\u00f3n de la marat\u00f3n m\u00e1s austral del mundo, que se lleva a cabo en las Islas Malvinas y que tuvo nuevamente como participante a la atleta berazateguense Mirian Cao, el domingo 9 de marzo. Fue la \u00fanica argentina y qued\u00f3 en el sexto lugar en la categor\u00eda general.Al respecto,...","og_url":"https:\/\/diarioprincipios.com\/index.php\/2025\/03\/21\/mirian-cao-represento-a-berazategui-en-la-maraton-de-las-islas-malvinas\/","og_site_name":"Principios","article_published_time":"2025-03-21T15:00:27+00:00","article_modified_time":"2025-03-21T15:01:22+00:00","og_image":[{"width":591,"height":1280,"url":"https:\/\/diarioprincipios.com\/wp-content\/uploads\/2025\/03\/MIRIAN-CAO-REPRESENTO-A-BERAZATEGUI-EN-LA-MARATON-DE-LAS-ISLAS-MALVINAS.jpeg","type":"image\/jpeg"}],"author":"Hern\u00e1n L\u00f3pez","twitter_card":"summary_large_image","twitter_misc":{"Escrito por":"Hern\u00e1n L\u00f3pez","Tiempo de lectura":"3 minutos"},"schema":{"@context":"https:\/\/schema.org","@graph":[{"@type":"Article","@id":"https:\/\/diarioprincipios.com\/index.php\/2025\/03\/21\/mirian-cao-represento-a-berazategui-en-la-maraton-de-las-islas-malvinas\/#article","isPartOf":{"@id":"https:\/\/diarioprincipios.com\/index.php\/2025\/03\/21\/mirian-cao-represento-a-berazategui-en-la-maraton-de-las-islas-malvinas\/"},"author":{"name":"Hern\u00e1n L\u00f3pez","@id":"https:\/\/diarioprincipios.com\/#\/schema\/person\/436d5a1fd41a5e250e23ff5a6a7cb080"},"headline":"Mirian Cao represent\u00f3 a Berazategui en la Marat\u00f3n de las Islas Malvinas","datePublished":"2025-03-21T15:00:27+00:00","dateModified":"2025-03-21T15:01:22+00:00","mainEntityOfPage":{"@id":"https:\/\/diarioprincipios.com\/index.php\/2025\/03\/21\/mirian-cao-represento-a-berazategui-en-la-maraton-de-las-islas-malvinas\/"},"wordCount":478,"commentCount":0,"publisher":{"@id":"https:\/\/diarioprincipios.com\/#organization"},"image":{"@id":"https:\/\/diarioprincipios.com\/index.php\/2025\/03\/21\/mirian-cao-represento-a-berazategui-en-la-maraton-de-las-islas-malvinas\/#primaryimage"},"thumbnailUrl":"https:\/\/diarioprincipios.com\/wp-content\/uploads\/2025\/03\/MIRIAN-CAO-REPRESENTO-A-BERAZATEGUI-EN-LA-MARATON-DE-LAS-ISLAS-MALVINAS.jpeg","articleSection":["Deportes"],"inLanguage":"es","potentialAction":[{"@type":"CommentAction","name":"Comment","target":["https:\/\/diarioprincipios.com\/index.php\/2025\/03\/21\/mirian-cao-represento-a-berazategui-en-la-maraton-de-las-islas-malvinas\/#respond"]}]},{"@type":"WebPage","@id":"https:\/\/diarioprincipios.com\/index.php\/2025\/03\/21\/mirian-cao-represento-a-berazategui-en-la-maraton-de-las-islas-malvinas\/","url":"https:\/\/diarioprincipios.com\/index.php\/2025\/03\/21\/mirian-cao-represento-a-berazategui-en-la-maraton-de-las-islas-malvinas\/","name":"Mirian Cao represent\u00f3 a Berazategui en la Marat\u00f3n de las Islas Malvinas - Principios","isPartOf":{"@id":"https:\/\/diarioprincipios.com\/#website"},"primaryImageOfPage":{"@id":"https:\/\/diarioprincipios.com\/index.php\/2025\/03\/21\/mirian-cao-represento-a-berazategui-en-la-maraton-de-las-islas-malvinas\/#primaryimage"},"image":{"@id":"https:\/\/diarioprincipios.com\/index.php\/2025\/03\/21\/mirian-cao-represento-a-berazategui-en-la-maraton-de-las-islas-malvinas\/#primaryimage"},"thumbnailUrl":"https:\/\/diarioprincipios.com\/wp-content\/uploads\/2025\/03\/MIRIAN-CAO-REPRESENTO-A-BERAZATEGUI-EN-LA-MARATON-DE-LAS-ISLAS-MALVINAS.jpeg","datePublished":"2025-03-21T15:00:27+00:00","dateModified":"2025-03-21T15:01:22+00:00","breadcrumb":{"@id":"https:\/\/diarioprincipios.com\/index.php\/2025\/03\/21\/mirian-cao-represento-a-berazategui-en-la-maraton-de-las-islas-malvinas\/#breadcrumb"},"inLanguage":"es","potentialAction":[{"@type":"ReadAction","target":["https:\/\/diarioprincipios.com\/index.php\/2025\/03\/21\/mirian-cao-represento-a-berazategui-en-la-maraton-de-las-islas-malvinas\/"]}]},{"@type":"ImageObject","inLanguage":"es","@id":"https:\/\/diarioprincipios.com\/index.php\/2025\/03\/21\/mirian-cao-represento-a-berazategui-en-la-maraton-de-las-islas-malvinas\/#primaryimage","url":"https:\/\/diarioprincipios.com\/wp-content\/uploads\/2025\/03\/MIRIAN-CAO-REPRESENTO-A-BERAZATEGUI-EN-LA-MARATON-DE-LAS-ISLAS-MALVINAS.jpeg","contentUrl":"https:\/\/diarioprincipios.com\/wp-content\/uploads\/2025\/03\/MIRIAN-CAO-REPRESENTO-A-BERAZATEGUI-EN-LA-MARATON-DE-LAS-ISLAS-MALVINAS.jpeg","width":591,"height":1280},{"@type":"BreadcrumbList","@id":"https:\/\/diarioprincipios.com\/index.php\/2025\/03\/21\/mirian-cao-represento-a-berazategui-en-la-maraton-de-las-islas-malvinas\/#breadcrumb","itemListElement":[{"@type":"ListItem","position":1,"name":"Portada","item":"https:\/\/diarioprincipios.com\/"},{"@type":"ListItem","position":2,"name":"Mirian Cao represent\u00f3 a Berazategui en la Marat\u00f3n de las Islas Malvinas"}]},{"@type":"WebSite","@id":"https:\/\/diarioprincipios.com\/#website","url":"https:\/\/diarioprincipios.com\/","name":"Principios","description":"Principios Diario","publisher":{"@id":"https:\/\/diarioprincipios.com\/#organization"},"potentialAction":[{"@type":"SearchAction","target":{"@type":"EntryPoint","urlTemplate":"https:\/\/diarioprincipios.com\/?s={search_term_string}"},"query-input":{"@type":"PropertyValueSpecification","valueRequired":true,"valueName":"search_term_string"}}],"inLanguage":"es"},{"@type":"Organization","@id":"https:\/\/diarioprincipios.com\/#organization","name":"Principios","url":"https:\/\/diarioprincipios.com\/","logo":{"@type":"ImageObject","inLanguage":"es","@id":"https:\/\/diarioprincipios.com\/#\/schema\/logo\/image\/","url":"https:\/\/diarioprincipios.com\/wp-content\/uploads\/2024\/04\/cropped-www.diarioprincipios.com_-1.png","contentUrl":"https:\/\/diarioprincipios.com\/wp-content\/uploads\/2024\/04\/cropped-www.diarioprincipios.com_-1.png","width":5325,"height":1454,"caption":"Principios"},"image":{"@id":"https:\/\/diarioprincipios.com\/#\/schema\/logo\/image\/"}},{"@type":"Person","@id":"https:\/\/diarioprincipios.com\/#\/schema\/person\/436d5a1fd41a5e250e23ff5a6a7cb080","name":"Hern\u00e1n L\u00f3pez","image":{"@type":"ImageObject","inLanguage":"es","@id":"https:\/\/diarioprincipios.com\/wp-content\/litespeed\/avatar\/11ddfe5610ff3bd100522525b2571f48.jpg?ver=1777048341","url":"https:\/\/diarioprincipios.com\/wp-content\/litespeed\/avatar\/11ddfe5610ff3bd100522525b2571f48.jpg?ver=1777048341","contentUrl":"https:\/\/diarioprincipios.com\/wp-content\/litespeed\/avatar\/11ddfe5610ff3bd100522525b2571f48.jpg?ver=1777048341","caption":"Hern\u00e1n L\u00f3pez"},"url":"https:\/\/diarioprincipios.com\/index.php\/author\/hernan\/"}]}},"jetpack_featured_media_url":"https:\/\/diarioprincipios.com\/wp-content\/uploads\/2025\/03\/MIRIAN-CAO-REPRESENTO-A-BERAZATEGUI-EN-LA-MARATON-DE-LAS-ISLAS-MALVINAS.jpeg","_links":{"self":[{"href":"https:\/\/diarioprincipios.com\/index.php\/wp-json\/wp\/v2\/posts\/24317","targetHints":{"allow":["GET"]}}],"collection":[{"href":"https:\/\/diarioprincipios.com\/index.php\/wp-json\/wp\/v2\/posts"}],"about":[{"href":"https:\/\/diarioprincipios.com\/index.php\/wp-json\/wp\/v2\/types\/post"}],"author":[{"embeddable":true,"href":"https:\/\/diarioprincipios.com\/index.php\/wp-json\/wp\/v2\/users\/2"}],"replies":[{"embeddable":true,"href":"https:\/\/diarioprincipios.com\/index.php\/wp-json\/wp\/v2\/comments?post=24317"}],"version-history":[{"count":1,"href":"https:\/\/diarioprincipios.com\/index.php\/wp-json\/wp\/v2\/posts\/24317\/revisions"}],"predecessor-version":[{"id":24320,"href":"https:\/\/diarioprincipios.com\/index.php\/wp-json\/wp\/v2\/posts\/24317\/revisions\/24320"}],"wp:featuredmedia":[{"embeddable":true,"href":"https:\/\/diarioprincipios.com\/index.php\/wp-json\/wp\/v2\/media\/24319"}],"wp:attachment":[{"href":"https:\/\/diarioprincipios.com\/index.php\/wp-json\/wp\/v2\/media?parent=24317"}],"wp:term":[{"taxonomy":"category","embeddable":true,"href":"https:\/\/diarioprincipios.com\/index.php\/wp-json\/wp\/v2\/categories?post=24317"},{"taxonomy":"post_tag","embeddable":true,"href":"https:\/\/diarioprincipios.com\/index.php\/wp-json\/wp\/v2\/tags?post=24317"}],"curies":[{"name":"wp","href":"https:\/\/api.w.org\/{rel}","templated":true}]}}