{"id":24311,"date":"2025-03-20T21:54:27","date_gmt":"2025-03-21T00:54:27","guid":{"rendered":"https:\/\/diarioprincipios.com\/?p=24311"},"modified":"2025-03-20T21:54:28","modified_gmt":"2025-03-21T00:54:28","slug":"festival-por-la-democracia-y-los-derechos-humanos","status":"publish","type":"post","link":"https:\/\/diarioprincipios.com\/index.php\/2025\/03\/20\/festival-por-la-democracia-y-los-derechos-humanos\/","title":{"rendered":"Festival por la Democracia y los Derechos Humanos"},"content":{"rendered":"\n<p><strong>Se realizar\u00e1 un encuentro conmemorativo por el D\u00eda Nacional de la Memoria por la Verdad y la Justicia, en el marco del Festival por la Democracia y los Derechos Humanos. Ser\u00e1 este domingo 23 de marzo, en el Paseo de la Memoria (calle 101\u00a0y\u00a09), a partir de las 21.00. Va a incluir propuestas culturales abiertas y gratuitas para toda la familia; y se suspende en caso de malas condiciones clim\u00e1ticas.<\/strong><br>El evento iniciar\u00e1 con el Festival por la Democracia y los Derechos Humanos; y continuar\u00e1 con la tercera Vigilia por el D\u00eda Nacional de la Memoria por la Verdad y la Justicia. El acto central alusivo a la fecha ser\u00e1 a las 23.00. El fin es homenajear a las v\u00edctimas del terrorismo de Estado a 49 a\u00f1os del \u00faltimo golpe c\u00edvico-militar, en un ejercicio de memoria colectiva, en el sitio que las recuerda de manera permanente: el Paseo de la Memoria. Los vecinos y vecinas que as\u00ed lo deseen, podr\u00e1n acercarse y llevar su equipo de mate.<br>Carlos Almir\u00f3n, consejero escolar, coment\u00f3: \u201cSer\u00e1 la tercera Vigilia por la Memoria, la Verdad y la Justicia. Es una iniciativa del intendente municipal, Juan Jos\u00e9 Mussi, quien expres\u00f3 su deseo de homenajear a cada uno de los desaparecidos en Berazategui. Esta jornada contar\u00e1 con la visita de familiares de personas desaparecidas y la participaci\u00f3n de las escuelas locales que integran el Programa J\u00f3venes y Memoria. En tanto, Pablo D\u00edaz -activista por los Derechos Humanos y sobreviviente de La Noche de los L\u00e1pices- y la cantautora Anita Cozzi cerrar\u00e1n la vigilia. La Democracia es una forma de vida. Este tipo de encuentros impulsan la construcci\u00f3n permanente de una memoria que va a impedir que los sistemas dictatoriales vuelvan a nuestra Patria\u201d.<br>Por su parte, la concejala Jennifer Noro asegur\u00f3: \u201cBerazategui sigue manteniendo viva la llama de la Memoria. Vamos a tener un espacio de radio abierta, visitas de Centros de Estudiantes, actividades de la Secretar\u00eda de Cultura y Educaci\u00f3n para que los y las asistentes puedan participar; adem\u00e1s de una propuesta esc\u00e9nica. En este tiempo vemos el odio constante, el negacionismo a nuestros 30 mil compa\u00f1eros detenidos desaparecidos. Es importante estar unidos y fortalecidos. Como dice el Dr. Mussi, \u00b4la uni\u00f3n hace la fuerza\u00b4 y tambi\u00e9n esta memoria colectiva que mantenemos en Berazategui\u201d.<\/p>\n","protected":false},"excerpt":{"rendered":"<p>Se realizar\u00e1 un encuentro conmemorativo por el D\u00eda Nacional de la Memoria por la Verdad y la Justicia, en el marco del Festival por la Democracia y los Derechos Humanos. Ser\u00e1 este domingo 23 de marzo, en el Paseo de la Memoria (calle 101\u00a0y\u00a09), a partir de las 21.00. Va a incluir propuestas culturales abiertas&#8230;<\/p>\n","protected":false},"author":2,"featured_media":24312,"comment_status":"open","ping_status":"open","sticky":false,"template":"","format":"standard","meta":{"footnotes":""},"categories":[3],"tags":[],"class_list":["post-24311","post","type-post","status-publish","format-standard","has-post-thumbnail","hentry","category-berazategui"],"featured_image_src":"https:\/\/diarioprincipios.com\/wp-content\/uploads\/2025\/03\/BERAZATEGUI-CONMEMORA-EL-DIA-NACIONAL-DE-LA-MEMORIA-POR-LA-VERDAD-Y-LA-JUSTICIA-819x1024.jpg","blog_images":{"medium":"https:\/\/diarioprincipios.com\/wp-content\/uploads\/2025\/03\/BERAZATEGUI-CONMEMORA-EL-DIA-NACIONAL-DE-LA-MEMORIA-POR-LA-VERDAD-Y-LA-JUSTICIA-240x300.jpg","large":"https:\/\/diarioprincipios.com\/wp-content\/uploads\/2025\/03\/BERAZATEGUI-CONMEMORA-EL-DIA-NACIONAL-DE-LA-MEMORIA-POR-LA-VERDAD-Y-LA-JUSTICIA-819x1024.jpg"},"ams_acf":[],"yoast_head":"<!-- This site is optimized with the Yoast SEO plugin v27.3 - https:\/\/yoast.com\/product\/yoast-seo-wordpress\/ -->\n<title>Festival por la Democracia y los Derechos Humanos - Principios<\/title>\n<meta name=\"robots\" content=\"index, follow, max-snippet:-1, max-image-preview:large, max-video-preview:-1\" \/>\n<link rel=\"canonical\" href=\"https:\/\/diarioprincipios.com\/index.php\/2025\/03\/20\/festival-por-la-democracia-y-los-derechos-humanos\/\" \/>\n<meta property=\"og:locale\" content=\"es_ES\" \/>\n<meta property=\"og:type\" content=\"article\" \/>\n<meta property=\"og:title\" content=\"Festival por la Democracia y los Derechos Humanos - Principios\" \/>\n<meta property=\"og:description\" content=\"Se realizar\u00e1 un encuentro conmemorativo por el D\u00eda Nacional de la Memoria por la Verdad y la Justicia, en el marco del Festival por la Democracia y los Derechos Humanos. Ser\u00e1 este domingo 23 de marzo, en el Paseo de la Memoria (calle 101\u00a0y\u00a09), a partir de las 21.00. Va a incluir propuestas culturales abiertas...\" \/>\n<meta property=\"og:url\" content=\"https:\/\/diarioprincipios.com\/index.php\/2025\/03\/20\/festival-por-la-democracia-y-los-derechos-humanos\/\" \/>\n<meta property=\"og:site_name\" content=\"Principios\" \/>\n<meta property=\"article:published_time\" content=\"2025-03-21T00:54:27+00:00\" \/>\n<meta property=\"article:modified_time\" content=\"2025-03-21T00:54:28+00:00\" \/>\n<meta property=\"og:image\" content=\"https:\/\/diarioprincipios.com\/wp-content\/uploads\/2025\/03\/BERAZATEGUI-CONMEMORA-EL-DIA-NACIONAL-DE-LA-MEMORIA-POR-LA-VERDAD-Y-LA-JUSTICIA.jpg\" \/>\n\t<meta property=\"og:image:width\" content=\"1080\" \/>\n\t<meta property=\"og:image:height\" content=\"1350\" \/>\n\t<meta property=\"og:image:type\" content=\"image\/jpeg\" \/>\n<meta name=\"author\" content=\"Hern\u00e1n L\u00f3pez\" \/>\n<meta name=\"twitter:card\" content=\"summary_large_image\" \/>\n<meta name=\"twitter:label1\" content=\"Escrito por\" \/>\n\t<meta name=\"twitter:data1\" content=\"Hern\u00e1n L\u00f3pez\" \/>\n\t<meta name=\"twitter:label2\" content=\"Tiempo de lectura\" \/>\n\t<meta name=\"twitter:data2\" content=\"2 minutos\" \/>\n<script type=\"application\/ld+json\" class=\"yoast-schema-graph\">{\"@context\":\"https:\\\/\\\/schema.org\",\"@graph\":[{\"@type\":\"Article\",\"@id\":\"https:\\\/\\\/diarioprincipios.com\\\/index.php\\\/2025\\\/03\\\/20\\\/festival-por-la-democracia-y-los-derechos-humanos\\\/#article\",\"isPartOf\":{\"@id\":\"https:\\\/\\\/diarioprincipios.com\\\/index.php\\\/2025\\\/03\\\/20\\\/festival-por-la-democracia-y-los-derechos-humanos\\\/\"},\"author\":{\"name\":\"Hern\u00e1n L\u00f3pez\",\"@id\":\"https:\\\/\\\/diarioprincipios.com\\\/#\\\/schema\\\/person\\\/436d5a1fd41a5e250e23ff5a6a7cb080\"},\"headline\":\"Festival por la Democracia y los Derechos Humanos\",\"datePublished\":\"2025-03-21T00:54:27+00:00\",\"dateModified\":\"2025-03-21T00:54:28+00:00\",\"mainEntityOfPage\":{\"@id\":\"https:\\\/\\\/diarioprincipios.com\\\/index.php\\\/2025\\\/03\\\/20\\\/festival-por-la-democracia-y-los-derechos-humanos\\\/\"},\"wordCount\":403,\"commentCount\":0,\"publisher\":{\"@id\":\"https:\\\/\\\/diarioprincipios.com\\\/#organization\"},\"image\":{\"@id\":\"https:\\\/\\\/diarioprincipios.com\\\/index.php\\\/2025\\\/03\\\/20\\\/festival-por-la-democracia-y-los-derechos-humanos\\\/#primaryimage\"},\"thumbnailUrl\":\"https:\\\/\\\/diarioprincipios.com\\\/wp-content\\\/uploads\\\/2025\\\/03\\\/BERAZATEGUI-CONMEMORA-EL-DIA-NACIONAL-DE-LA-MEMORIA-POR-LA-VERDAD-Y-LA-JUSTICIA.jpg\",\"articleSection\":[\"Berazategui\"],\"inLanguage\":\"es\",\"potentialAction\":[{\"@type\":\"CommentAction\",\"name\":\"Comment\",\"target\":[\"https:\\\/\\\/diarioprincipios.com\\\/index.php\\\/2025\\\/03\\\/20\\\/festival-por-la-democracia-y-los-derechos-humanos\\\/#respond\"]}]},{\"@type\":\"WebPage\",\"@id\":\"https:\\\/\\\/diarioprincipios.com\\\/index.php\\\/2025\\\/03\\\/20\\\/festival-por-la-democracia-y-los-derechos-humanos\\\/\",\"url\":\"https:\\\/\\\/diarioprincipios.com\\\/index.php\\\/2025\\\/03\\\/20\\\/festival-por-la-democracia-y-los-derechos-humanos\\\/\",\"name\":\"Festival por la Democracia y los Derechos Humanos - Principios\",\"isPartOf\":{\"@id\":\"https:\\\/\\\/diarioprincipios.com\\\/#website\"},\"primaryImageOfPage\":{\"@id\":\"https:\\\/\\\/diarioprincipios.com\\\/index.php\\\/2025\\\/03\\\/20\\\/festival-por-la-democracia-y-los-derechos-humanos\\\/#primaryimage\"},\"image\":{\"@id\":\"https:\\\/\\\/diarioprincipios.com\\\/index.php\\\/2025\\\/03\\\/20\\\/festival-por-la-democracia-y-los-derechos-humanos\\\/#primaryimage\"},\"thumbnailUrl\":\"https:\\\/\\\/diarioprincipios.com\\\/wp-content\\\/uploads\\\/2025\\\/03\\\/BERAZATEGUI-CONMEMORA-EL-DIA-NACIONAL-DE-LA-MEMORIA-POR-LA-VERDAD-Y-LA-JUSTICIA.jpg\",\"datePublished\":\"2025-03-21T00:54:27+00:00\",\"dateModified\":\"2025-03-21T00:54:28+00:00\",\"breadcrumb\":{\"@id\":\"https:\\\/\\\/diarioprincipios.com\\\/index.php\\\/2025\\\/03\\\/20\\\/festival-por-la-democracia-y-los-derechos-humanos\\\/#breadcrumb\"},\"inLanguage\":\"es\",\"potentialAction\":[{\"@type\":\"ReadAction\",\"target\":[\"https:\\\/\\\/diarioprincipios.com\\\/index.php\\\/2025\\\/03\\\/20\\\/festival-por-la-democracia-y-los-derechos-humanos\\\/\"]}]},{\"@type\":\"ImageObject\",\"inLanguage\":\"es\",\"@id\":\"https:\\\/\\\/diarioprincipios.com\\\/index.php\\\/2025\\\/03\\\/20\\\/festival-por-la-democracia-y-los-derechos-humanos\\\/#primaryimage\",\"url\":\"https:\\\/\\\/diarioprincipios.com\\\/wp-content\\\/uploads\\\/2025\\\/03\\\/BERAZATEGUI-CONMEMORA-EL-DIA-NACIONAL-DE-LA-MEMORIA-POR-LA-VERDAD-Y-LA-JUSTICIA.jpg\",\"contentUrl\":\"https:\\\/\\\/diarioprincipios.com\\\/wp-content\\\/uploads\\\/2025\\\/03\\\/BERAZATEGUI-CONMEMORA-EL-DIA-NACIONAL-DE-LA-MEMORIA-POR-LA-VERDAD-Y-LA-JUSTICIA.jpg\",\"width\":1080,\"height\":1350},{\"@type\":\"BreadcrumbList\",\"@id\":\"https:\\\/\\\/diarioprincipios.com\\\/index.php\\\/2025\\\/03\\\/20\\\/festival-por-la-democracia-y-los-derechos-humanos\\\/#breadcrumb\",\"itemListElement\":[{\"@type\":\"ListItem\",\"position\":1,\"name\":\"Portada\",\"item\":\"https:\\\/\\\/diarioprincipios.com\\\/\"},{\"@type\":\"ListItem\",\"position\":2,\"name\":\"Festival por la Democracia y los Derechos Humanos\"}]},{\"@type\":\"WebSite\",\"@id\":\"https:\\\/\\\/diarioprincipios.com\\\/#website\",\"url\":\"https:\\\/\\\/diarioprincipios.com\\\/\",\"name\":\"Principios\",\"description\":\"Principios Diario\",\"publisher\":{\"@id\":\"https:\\\/\\\/diarioprincipios.com\\\/#organization\"},\"potentialAction\":[{\"@type\":\"SearchAction\",\"target\":{\"@type\":\"EntryPoint\",\"urlTemplate\":\"https:\\\/\\\/diarioprincipios.com\\\/?s={search_term_string}\"},\"query-input\":{\"@type\":\"PropertyValueSpecification\",\"valueRequired\":true,\"valueName\":\"search_term_string\"}}],\"inLanguage\":\"es\"},{\"@type\":\"Organization\",\"@id\":\"https:\\\/\\\/diarioprincipios.com\\\/#organization\",\"name\":\"Principios\",\"url\":\"https:\\\/\\\/diarioprincipios.com\\\/\",\"logo\":{\"@type\":\"ImageObject\",\"inLanguage\":\"es\",\"@id\":\"https:\\\/\\\/diarioprincipios.com\\\/#\\\/schema\\\/logo\\\/image\\\/\",\"url\":\"https:\\\/\\\/diarioprincipios.com\\\/wp-content\\\/uploads\\\/2024\\\/04\\\/cropped-www.diarioprincipios.com_-1.png\",\"contentUrl\":\"https:\\\/\\\/diarioprincipios.com\\\/wp-content\\\/uploads\\\/2024\\\/04\\\/cropped-www.diarioprincipios.com_-1.png\",\"width\":5325,\"height\":1454,\"caption\":\"Principios\"},\"image\":{\"@id\":\"https:\\\/\\\/diarioprincipios.com\\\/#\\\/schema\\\/logo\\\/image\\\/\"}},{\"@type\":\"Person\",\"@id\":\"https:\\\/\\\/diarioprincipios.com\\\/#\\\/schema\\\/person\\\/436d5a1fd41a5e250e23ff5a6a7cb080\",\"name\":\"Hern\u00e1n L\u00f3pez\",\"image\":{\"@type\":\"ImageObject\",\"inLanguage\":\"es\",\"@id\":\"https:\\\/\\\/diarioprincipios.com\\\/wp-content\\\/litespeed\\\/avatar\\\/11ddfe5610ff3bd100522525b2571f48.jpg?ver=1777048341\",\"url\":\"https:\\\/\\\/diarioprincipios.com\\\/wp-content\\\/litespeed\\\/avatar\\\/11ddfe5610ff3bd100522525b2571f48.jpg?ver=1777048341\",\"contentUrl\":\"https:\\\/\\\/diarioprincipios.com\\\/wp-content\\\/litespeed\\\/avatar\\\/11ddfe5610ff3bd100522525b2571f48.jpg?ver=1777048341\",\"caption\":\"Hern\u00e1n L\u00f3pez\"},\"url\":\"https:\\\/\\\/diarioprincipios.com\\\/index.php\\\/author\\\/hernan\\\/\"}]}<\/script>\n<!-- \/ Yoast SEO plugin. -->","yoast_head_json":{"title":"Festival por la Democracia y los Derechos Humanos - Principios","robots":{"index":"index","follow":"follow","max-snippet":"max-snippet:-1","max-image-preview":"max-image-preview:large","max-video-preview":"max-video-preview:-1"},"canonical":"https:\/\/diarioprincipios.com\/index.php\/2025\/03\/20\/festival-por-la-democracia-y-los-derechos-humanos\/","og_locale":"es_ES","og_type":"article","og_title":"Festival por la Democracia y los Derechos Humanos - Principios","og_description":"Se realizar\u00e1 un encuentro conmemorativo por el D\u00eda Nacional de la Memoria por la Verdad y la Justicia, en el marco del Festival por la Democracia y los Derechos Humanos. Ser\u00e1 este domingo 23 de marzo, en el Paseo de la Memoria (calle 101\u00a0y\u00a09), a partir de las 21.00. Va a incluir propuestas culturales abiertas...","og_url":"https:\/\/diarioprincipios.com\/index.php\/2025\/03\/20\/festival-por-la-democracia-y-los-derechos-humanos\/","og_site_name":"Principios","article_published_time":"2025-03-21T00:54:27+00:00","article_modified_time":"2025-03-21T00:54:28+00:00","og_image":[{"width":1080,"height":1350,"url":"https:\/\/diarioprincipios.com\/wp-content\/uploads\/2025\/03\/BERAZATEGUI-CONMEMORA-EL-DIA-NACIONAL-DE-LA-MEMORIA-POR-LA-VERDAD-Y-LA-JUSTICIA.jpg","type":"image\/jpeg"}],"author":"Hern\u00e1n L\u00f3pez","twitter_card":"summary_large_image","twitter_misc":{"Escrito por":"Hern\u00e1n L\u00f3pez","Tiempo de lectura":"2 minutos"},"schema":{"@context":"https:\/\/schema.org","@graph":[{"@type":"Article","@id":"https:\/\/diarioprincipios.com\/index.php\/2025\/03\/20\/festival-por-la-democracia-y-los-derechos-humanos\/#article","isPartOf":{"@id":"https:\/\/diarioprincipios.com\/index.php\/2025\/03\/20\/festival-por-la-democracia-y-los-derechos-humanos\/"},"author":{"name":"Hern\u00e1n L\u00f3pez","@id":"https:\/\/diarioprincipios.com\/#\/schema\/person\/436d5a1fd41a5e250e23ff5a6a7cb080"},"headline":"Festival por la Democracia y los Derechos Humanos","datePublished":"2025-03-21T00:54:27+00:00","dateModified":"2025-03-21T00:54:28+00:00","mainEntityOfPage":{"@id":"https:\/\/diarioprincipios.com\/index.php\/2025\/03\/20\/festival-por-la-democracia-y-los-derechos-humanos\/"},"wordCount":403,"commentCount":0,"publisher":{"@id":"https:\/\/diarioprincipios.com\/#organization"},"image":{"@id":"https:\/\/diarioprincipios.com\/index.php\/2025\/03\/20\/festival-por-la-democracia-y-los-derechos-humanos\/#primaryimage"},"thumbnailUrl":"https:\/\/diarioprincipios.com\/wp-content\/uploads\/2025\/03\/BERAZATEGUI-CONMEMORA-EL-DIA-NACIONAL-DE-LA-MEMORIA-POR-LA-VERDAD-Y-LA-JUSTICIA.jpg","articleSection":["Berazategui"],"inLanguage":"es","potentialAction":[{"@type":"CommentAction","name":"Comment","target":["https:\/\/diarioprincipios.com\/index.php\/2025\/03\/20\/festival-por-la-democracia-y-los-derechos-humanos\/#respond"]}]},{"@type":"WebPage","@id":"https:\/\/diarioprincipios.com\/index.php\/2025\/03\/20\/festival-por-la-democracia-y-los-derechos-humanos\/","url":"https:\/\/diarioprincipios.com\/index.php\/2025\/03\/20\/festival-por-la-democracia-y-los-derechos-humanos\/","name":"Festival por la Democracia y los Derechos Humanos - Principios","isPartOf":{"@id":"https:\/\/diarioprincipios.com\/#website"},"primaryImageOfPage":{"@id":"https:\/\/diarioprincipios.com\/index.php\/2025\/03\/20\/festival-por-la-democracia-y-los-derechos-humanos\/#primaryimage"},"image":{"@id":"https:\/\/diarioprincipios.com\/index.php\/2025\/03\/20\/festival-por-la-democracia-y-los-derechos-humanos\/#primaryimage"},"thumbnailUrl":"https:\/\/diarioprincipios.com\/wp-content\/uploads\/2025\/03\/BERAZATEGUI-CONMEMORA-EL-DIA-NACIONAL-DE-LA-MEMORIA-POR-LA-VERDAD-Y-LA-JUSTICIA.jpg","datePublished":"2025-03-21T00:54:27+00:00","dateModified":"2025-03-21T00:54:28+00:00","breadcrumb":{"@id":"https:\/\/diarioprincipios.com\/index.php\/2025\/03\/20\/festival-por-la-democracia-y-los-derechos-humanos\/#breadcrumb"},"inLanguage":"es","potentialAction":[{"@type":"ReadAction","target":["https:\/\/diarioprincipios.com\/index.php\/2025\/03\/20\/festival-por-la-democracia-y-los-derechos-humanos\/"]}]},{"@type":"ImageObject","inLanguage":"es","@id":"https:\/\/diarioprincipios.com\/index.php\/2025\/03\/20\/festival-por-la-democracia-y-los-derechos-humanos\/#primaryimage","url":"https:\/\/diarioprincipios.com\/wp-content\/uploads\/2025\/03\/BERAZATEGUI-CONMEMORA-EL-DIA-NACIONAL-DE-LA-MEMORIA-POR-LA-VERDAD-Y-LA-JUSTICIA.jpg","contentUrl":"https:\/\/diarioprincipios.com\/wp-content\/uploads\/2025\/03\/BERAZATEGUI-CONMEMORA-EL-DIA-NACIONAL-DE-LA-MEMORIA-POR-LA-VERDAD-Y-LA-JUSTICIA.jpg","width":1080,"height":1350},{"@type":"BreadcrumbList","@id":"https:\/\/diarioprincipios.com\/index.php\/2025\/03\/20\/festival-por-la-democracia-y-los-derechos-humanos\/#breadcrumb","itemListElement":[{"@type":"ListItem","position":1,"name":"Portada","item":"https:\/\/diarioprincipios.com\/"},{"@type":"ListItem","position":2,"name":"Festival por la Democracia y los Derechos Humanos"}]},{"@type":"WebSite","@id":"https:\/\/diarioprincipios.com\/#website","url":"https:\/\/diarioprincipios.com\/","name":"Principios","description":"Principios Diario","publisher":{"@id":"https:\/\/diarioprincipios.com\/#organization"},"potentialAction":[{"@type":"SearchAction","target":{"@type":"EntryPoint","urlTemplate":"https:\/\/diarioprincipios.com\/?s={search_term_string}"},"query-input":{"@type":"PropertyValueSpecification","valueRequired":true,"valueName":"search_term_string"}}],"inLanguage":"es"},{"@type":"Organization","@id":"https:\/\/diarioprincipios.com\/#organization","name":"Principios","url":"https:\/\/diarioprincipios.com\/","logo":{"@type":"ImageObject","inLanguage":"es","@id":"https:\/\/diarioprincipios.com\/#\/schema\/logo\/image\/","url":"https:\/\/diarioprincipios.com\/wp-content\/uploads\/2024\/04\/cropped-www.diarioprincipios.com_-1.png","contentUrl":"https:\/\/diarioprincipios.com\/wp-content\/uploads\/2024\/04\/cropped-www.diarioprincipios.com_-1.png","width":5325,"height":1454,"caption":"Principios"},"image":{"@id":"https:\/\/diarioprincipios.com\/#\/schema\/logo\/image\/"}},{"@type":"Person","@id":"https:\/\/diarioprincipios.com\/#\/schema\/person\/436d5a1fd41a5e250e23ff5a6a7cb080","name":"Hern\u00e1n L\u00f3pez","image":{"@type":"ImageObject","inLanguage":"es","@id":"https:\/\/diarioprincipios.com\/wp-content\/litespeed\/avatar\/11ddfe5610ff3bd100522525b2571f48.jpg?ver=1777048341","url":"https:\/\/diarioprincipios.com\/wp-content\/litespeed\/avatar\/11ddfe5610ff3bd100522525b2571f48.jpg?ver=1777048341","contentUrl":"https:\/\/diarioprincipios.com\/wp-content\/litespeed\/avatar\/11ddfe5610ff3bd100522525b2571f48.jpg?ver=1777048341","caption":"Hern\u00e1n L\u00f3pez"},"url":"https:\/\/diarioprincipios.com\/index.php\/author\/hernan\/"}]}},"jetpack_featured_media_url":"https:\/\/diarioprincipios.com\/wp-content\/uploads\/2025\/03\/BERAZATEGUI-CONMEMORA-EL-DIA-NACIONAL-DE-LA-MEMORIA-POR-LA-VERDAD-Y-LA-JUSTICIA.jpg","_links":{"self":[{"href":"https:\/\/diarioprincipios.com\/index.php\/wp-json\/wp\/v2\/posts\/24311","targetHints":{"allow":["GET"]}}],"collection":[{"href":"https:\/\/diarioprincipios.com\/index.php\/wp-json\/wp\/v2\/posts"}],"about":[{"href":"https:\/\/diarioprincipios.com\/index.php\/wp-json\/wp\/v2\/types\/post"}],"author":[{"embeddable":true,"href":"https:\/\/diarioprincipios.com\/index.php\/wp-json\/wp\/v2\/users\/2"}],"replies":[{"embeddable":true,"href":"https:\/\/diarioprincipios.com\/index.php\/wp-json\/wp\/v2\/comments?post=24311"}],"version-history":[{"count":1,"href":"https:\/\/diarioprincipios.com\/index.php\/wp-json\/wp\/v2\/posts\/24311\/revisions"}],"predecessor-version":[{"id":24313,"href":"https:\/\/diarioprincipios.com\/index.php\/wp-json\/wp\/v2\/posts\/24311\/revisions\/24313"}],"wp:featuredmedia":[{"embeddable":true,"href":"https:\/\/diarioprincipios.com\/index.php\/wp-json\/wp\/v2\/media\/24312"}],"wp:attachment":[{"href":"https:\/\/diarioprincipios.com\/index.php\/wp-json\/wp\/v2\/media?parent=24311"}],"wp:term":[{"taxonomy":"category","embeddable":true,"href":"https:\/\/diarioprincipios.com\/index.php\/wp-json\/wp\/v2\/categories?post=24311"},{"taxonomy":"post_tag","embeddable":true,"href":"https:\/\/diarioprincipios.com\/index.php\/wp-json\/wp\/v2\/tags?post=24311"}],"curies":[{"name":"wp","href":"https:\/\/api.w.org\/{rel}","templated":true}]}}