{"id":24288,"date":"2025-03-19T12:06:05","date_gmt":"2025-03-19T15:06:05","guid":{"rendered":"https:\/\/diarioprincipios.com\/?p=24288"},"modified":"2025-03-19T12:06:06","modified_gmt":"2025-03-19T15:06:06","slug":"si-denuncio-un-accidente-laboral-y-reclamo-ante-mi-art-esta-en-riesgo-mi-actividad-laboral","status":"publish","type":"post","link":"https:\/\/diarioprincipios.com\/index.php\/2025\/03\/19\/si-denuncio-un-accidente-laboral-y-reclamo-ante-mi-art-esta-en-riesgo-mi-actividad-laboral\/","title":{"rendered":"SI DENUNCIO UN ACCIDENTE LABORAL Y RECLAMO ANTE MI ART: \u00bfEST\u00c1 EN RIESGO MI ACTIVIDAD LABORAL?"},"content":{"rendered":"\n<p>No, el reclamo es contra la ART, (Aseguradora de Riesgos del Trabajo) que es un seguro contratado por el empleador para que cubra las prestaciones m\u00e9dicas o dinerarias que pudiera necesitar el trabajador. Esta situaci\u00f3n en nada deber\u00eda perjudicar tu actividad laboral.<br>\u00bfQu\u00e9 hace la ART?<br>La ART se encarga de reparar los da\u00f1os econ\u00f3micos y de brindar atenci\u00f3n m\u00e9dica inmediata, ya sea en especie y\/o farmac\u00e9utica .<br>Se hace cargo de la atenci\u00f3n m\u00e9dica inmediata, y mientras dure el tratamiento m\u00e9dico;<br>Paga el sueldo mientras est\u00e1s en tratamiento; a excepci\u00f3n de los 10 primeros dias que lo abona el empleador.<br>Paga las indemnizaciones que te correspondan, en caso de una secuela incapacitante laboral.<br>Es decir que el trabajador que sufra un accidente laboral o que denuncie una enfermedad profesional, (enfermedad vinculada a su trabajo,) puede mantener su trabajo, sin ver afectada su continuidad en el mismo.<br>Te quedaron dudas? Te leo .<br>Dra. Anal\u00eda Ver\u00f3nica Iriarte . Abogada- Mediadora T\u00ba IV F\u00ba 255 CAQ,<br>ig. abo.iri<br>celular 116620-3245<\/p>\n","protected":false},"excerpt":{"rendered":"<p>No, el reclamo es contra la ART, (Aseguradora de Riesgos del Trabajo) que es un seguro contratado por el empleador para que cubra las prestaciones m\u00e9dicas o dinerarias que pudiera necesitar el trabajador. Esta situaci\u00f3n en nada deber\u00eda perjudicar tu actividad laboral.\u00bfQu\u00e9 hace la ART?La ART se encarga de reparar los da\u00f1os econ\u00f3micos y de&#8230;<\/p>\n","protected":false},"author":2,"featured_media":24289,"comment_status":"open","ping_status":"open","sticky":false,"template":"","format":"standard","meta":{"footnotes":""},"categories":[9],"tags":[],"class_list":["post-24288","post","type-post","status-publish","format-standard","has-post-thumbnail","hentry","category-opinion"],"featured_image_src":"https:\/\/diarioprincipios.com\/wp-content\/uploads\/2025\/03\/IMG-20250314-WA0011-1020x1024.jpg","blog_images":{"medium":"https:\/\/diarioprincipios.com\/wp-content\/uploads\/2025\/03\/IMG-20250314-WA0011-300x300.jpg","large":"https:\/\/diarioprincipios.com\/wp-content\/uploads\/2025\/03\/IMG-20250314-WA0011-1020x1024.jpg"},"ams_acf":[],"yoast_head":"<!-- This site is optimized with the Yoast SEO plugin v27.3 - https:\/\/yoast.com\/product\/yoast-seo-wordpress\/ -->\n<title>SI DENUNCIO UN ACCIDENTE LABORAL Y RECLAMO ANTE MI ART: \u00bfEST\u00c1 EN RIESGO MI ACTIVIDAD LABORAL? - Principios<\/title>\n<meta name=\"robots\" content=\"index, follow, max-snippet:-1, max-image-preview:large, max-video-preview:-1\" \/>\n<link rel=\"canonical\" href=\"https:\/\/diarioprincipios.com\/index.php\/2025\/03\/19\/si-denuncio-un-accidente-laboral-y-reclamo-ante-mi-art-esta-en-riesgo-mi-actividad-laboral\/\" \/>\n<meta property=\"og:locale\" content=\"es_ES\" \/>\n<meta property=\"og:type\" content=\"article\" \/>\n<meta property=\"og:title\" content=\"SI DENUNCIO UN ACCIDENTE LABORAL Y RECLAMO ANTE MI ART: \u00bfEST\u00c1 EN RIESGO MI ACTIVIDAD LABORAL? - Principios\" \/>\n<meta property=\"og:description\" content=\"No, el reclamo es contra la ART, (Aseguradora de Riesgos del Trabajo) que es un seguro contratado por el empleador para que cubra las prestaciones m\u00e9dicas o dinerarias que pudiera necesitar el trabajador. Esta situaci\u00f3n en nada deber\u00eda perjudicar tu actividad laboral.\u00bfQu\u00e9 hace la ART?La ART se encarga de reparar los da\u00f1os econ\u00f3micos y de...\" \/>\n<meta property=\"og:url\" content=\"https:\/\/diarioprincipios.com\/index.php\/2025\/03\/19\/si-denuncio-un-accidente-laboral-y-reclamo-ante-mi-art-esta-en-riesgo-mi-actividad-laboral\/\" \/>\n<meta property=\"og:site_name\" content=\"Principios\" \/>\n<meta property=\"article:published_time\" content=\"2025-03-19T15:06:05+00:00\" \/>\n<meta property=\"article:modified_time\" content=\"2025-03-19T15:06:06+00:00\" \/>\n<meta property=\"og:image\" content=\"https:\/\/diarioprincipios.com\/wp-content\/uploads\/2025\/03\/IMG-20250314-WA0011.jpg\" \/>\n\t<meta property=\"og:image:width\" content=\"1066\" \/>\n\t<meta property=\"og:image:height\" content=\"1070\" \/>\n\t<meta property=\"og:image:type\" content=\"image\/jpeg\" \/>\n<meta name=\"author\" content=\"Hern\u00e1n L\u00f3pez\" \/>\n<meta name=\"twitter:card\" content=\"summary_large_image\" \/>\n<meta name=\"twitter:label1\" content=\"Escrito por\" \/>\n\t<meta name=\"twitter:data1\" content=\"Hern\u00e1n L\u00f3pez\" \/>\n\t<meta name=\"twitter:label2\" content=\"Tiempo de lectura\" \/>\n\t<meta name=\"twitter:data2\" content=\"1 minuto\" \/>\n<script type=\"application\/ld+json\" class=\"yoast-schema-graph\">{\"@context\":\"https:\\\/\\\/schema.org\",\"@graph\":[{\"@type\":\"Article\",\"@id\":\"https:\\\/\\\/diarioprincipios.com\\\/index.php\\\/2025\\\/03\\\/19\\\/si-denuncio-un-accidente-laboral-y-reclamo-ante-mi-art-esta-en-riesgo-mi-actividad-laboral\\\/#article\",\"isPartOf\":{\"@id\":\"https:\\\/\\\/diarioprincipios.com\\\/index.php\\\/2025\\\/03\\\/19\\\/si-denuncio-un-accidente-laboral-y-reclamo-ante-mi-art-esta-en-riesgo-mi-actividad-laboral\\\/\"},\"author\":{\"name\":\"Hern\u00e1n L\u00f3pez\",\"@id\":\"https:\\\/\\\/diarioprincipios.com\\\/#\\\/schema\\\/person\\\/436d5a1fd41a5e250e23ff5a6a7cb080\"},\"headline\":\"SI DENUNCIO UN ACCIDENTE LABORAL Y RECLAMO ANTE MI ART: \u00bfEST\u00c1 EN RIESGO MI ACTIVIDAD LABORAL?\",\"datePublished\":\"2025-03-19T15:06:05+00:00\",\"dateModified\":\"2025-03-19T15:06:06+00:00\",\"mainEntityOfPage\":{\"@id\":\"https:\\\/\\\/diarioprincipios.com\\\/index.php\\\/2025\\\/03\\\/19\\\/si-denuncio-un-accidente-laboral-y-reclamo-ante-mi-art-esta-en-riesgo-mi-actividad-laboral\\\/\"},\"wordCount\":196,\"commentCount\":0,\"publisher\":{\"@id\":\"https:\\\/\\\/diarioprincipios.com\\\/#organization\"},\"image\":{\"@id\":\"https:\\\/\\\/diarioprincipios.com\\\/index.php\\\/2025\\\/03\\\/19\\\/si-denuncio-un-accidente-laboral-y-reclamo-ante-mi-art-esta-en-riesgo-mi-actividad-laboral\\\/#primaryimage\"},\"thumbnailUrl\":\"https:\\\/\\\/diarioprincipios.com\\\/wp-content\\\/uploads\\\/2025\\\/03\\\/IMG-20250314-WA0011.jpg\",\"articleSection\":[\"Opini\u00f3n\"],\"inLanguage\":\"es\",\"potentialAction\":[{\"@type\":\"CommentAction\",\"name\":\"Comment\",\"target\":[\"https:\\\/\\\/diarioprincipios.com\\\/index.php\\\/2025\\\/03\\\/19\\\/si-denuncio-un-accidente-laboral-y-reclamo-ante-mi-art-esta-en-riesgo-mi-actividad-laboral\\\/#respond\"]}]},{\"@type\":\"WebPage\",\"@id\":\"https:\\\/\\\/diarioprincipios.com\\\/index.php\\\/2025\\\/03\\\/19\\\/si-denuncio-un-accidente-laboral-y-reclamo-ante-mi-art-esta-en-riesgo-mi-actividad-laboral\\\/\",\"url\":\"https:\\\/\\\/diarioprincipios.com\\\/index.php\\\/2025\\\/03\\\/19\\\/si-denuncio-un-accidente-laboral-y-reclamo-ante-mi-art-esta-en-riesgo-mi-actividad-laboral\\\/\",\"name\":\"SI DENUNCIO UN ACCIDENTE LABORAL Y RECLAMO ANTE MI ART: \u00bfEST\u00c1 EN RIESGO MI ACTIVIDAD LABORAL? - Principios\",\"isPartOf\":{\"@id\":\"https:\\\/\\\/diarioprincipios.com\\\/#website\"},\"primaryImageOfPage\":{\"@id\":\"https:\\\/\\\/diarioprincipios.com\\\/index.php\\\/2025\\\/03\\\/19\\\/si-denuncio-un-accidente-laboral-y-reclamo-ante-mi-art-esta-en-riesgo-mi-actividad-laboral\\\/#primaryimage\"},\"image\":{\"@id\":\"https:\\\/\\\/diarioprincipios.com\\\/index.php\\\/2025\\\/03\\\/19\\\/si-denuncio-un-accidente-laboral-y-reclamo-ante-mi-art-esta-en-riesgo-mi-actividad-laboral\\\/#primaryimage\"},\"thumbnailUrl\":\"https:\\\/\\\/diarioprincipios.com\\\/wp-content\\\/uploads\\\/2025\\\/03\\\/IMG-20250314-WA0011.jpg\",\"datePublished\":\"2025-03-19T15:06:05+00:00\",\"dateModified\":\"2025-03-19T15:06:06+00:00\",\"breadcrumb\":{\"@id\":\"https:\\\/\\\/diarioprincipios.com\\\/index.php\\\/2025\\\/03\\\/19\\\/si-denuncio-un-accidente-laboral-y-reclamo-ante-mi-art-esta-en-riesgo-mi-actividad-laboral\\\/#breadcrumb\"},\"inLanguage\":\"es\",\"potentialAction\":[{\"@type\":\"ReadAction\",\"target\":[\"https:\\\/\\\/diarioprincipios.com\\\/index.php\\\/2025\\\/03\\\/19\\\/si-denuncio-un-accidente-laboral-y-reclamo-ante-mi-art-esta-en-riesgo-mi-actividad-laboral\\\/\"]}]},{\"@type\":\"ImageObject\",\"inLanguage\":\"es\",\"@id\":\"https:\\\/\\\/diarioprincipios.com\\\/index.php\\\/2025\\\/03\\\/19\\\/si-denuncio-un-accidente-laboral-y-reclamo-ante-mi-art-esta-en-riesgo-mi-actividad-laboral\\\/#primaryimage\",\"url\":\"https:\\\/\\\/diarioprincipios.com\\\/wp-content\\\/uploads\\\/2025\\\/03\\\/IMG-20250314-WA0011.jpg\",\"contentUrl\":\"https:\\\/\\\/diarioprincipios.com\\\/wp-content\\\/uploads\\\/2025\\\/03\\\/IMG-20250314-WA0011.jpg\",\"width\":1066,\"height\":1070},{\"@type\":\"BreadcrumbList\",\"@id\":\"https:\\\/\\\/diarioprincipios.com\\\/index.php\\\/2025\\\/03\\\/19\\\/si-denuncio-un-accidente-laboral-y-reclamo-ante-mi-art-esta-en-riesgo-mi-actividad-laboral\\\/#breadcrumb\",\"itemListElement\":[{\"@type\":\"ListItem\",\"position\":1,\"name\":\"Portada\",\"item\":\"https:\\\/\\\/diarioprincipios.com\\\/\"},{\"@type\":\"ListItem\",\"position\":2,\"name\":\"SI DENUNCIO UN ACCIDENTE LABORAL Y RECLAMO ANTE MI ART: \u00bfEST\u00c1 EN RIESGO MI ACTIVIDAD LABORAL?\"}]},{\"@type\":\"WebSite\",\"@id\":\"https:\\\/\\\/diarioprincipios.com\\\/#website\",\"url\":\"https:\\\/\\\/diarioprincipios.com\\\/\",\"name\":\"Principios\",\"description\":\"Principios Diario\",\"publisher\":{\"@id\":\"https:\\\/\\\/diarioprincipios.com\\\/#organization\"},\"potentialAction\":[{\"@type\":\"SearchAction\",\"target\":{\"@type\":\"EntryPoint\",\"urlTemplate\":\"https:\\\/\\\/diarioprincipios.com\\\/?s={search_term_string}\"},\"query-input\":{\"@type\":\"PropertyValueSpecification\",\"valueRequired\":true,\"valueName\":\"search_term_string\"}}],\"inLanguage\":\"es\"},{\"@type\":\"Organization\",\"@id\":\"https:\\\/\\\/diarioprincipios.com\\\/#organization\",\"name\":\"Principios\",\"url\":\"https:\\\/\\\/diarioprincipios.com\\\/\",\"logo\":{\"@type\":\"ImageObject\",\"inLanguage\":\"es\",\"@id\":\"https:\\\/\\\/diarioprincipios.com\\\/#\\\/schema\\\/logo\\\/image\\\/\",\"url\":\"https:\\\/\\\/diarioprincipios.com\\\/wp-content\\\/uploads\\\/2024\\\/04\\\/cropped-www.diarioprincipios.com_-1.png\",\"contentUrl\":\"https:\\\/\\\/diarioprincipios.com\\\/wp-content\\\/uploads\\\/2024\\\/04\\\/cropped-www.diarioprincipios.com_-1.png\",\"width\":5325,\"height\":1454,\"caption\":\"Principios\"},\"image\":{\"@id\":\"https:\\\/\\\/diarioprincipios.com\\\/#\\\/schema\\\/logo\\\/image\\\/\"}},{\"@type\":\"Person\",\"@id\":\"https:\\\/\\\/diarioprincipios.com\\\/#\\\/schema\\\/person\\\/436d5a1fd41a5e250e23ff5a6a7cb080\",\"name\":\"Hern\u00e1n L\u00f3pez\",\"image\":{\"@type\":\"ImageObject\",\"inLanguage\":\"es\",\"@id\":\"https:\\\/\\\/diarioprincipios.com\\\/wp-content\\\/litespeed\\\/avatar\\\/11ddfe5610ff3bd100522525b2571f48.jpg?ver=1777048341\",\"url\":\"https:\\\/\\\/diarioprincipios.com\\\/wp-content\\\/litespeed\\\/avatar\\\/11ddfe5610ff3bd100522525b2571f48.jpg?ver=1777048341\",\"contentUrl\":\"https:\\\/\\\/diarioprincipios.com\\\/wp-content\\\/litespeed\\\/avatar\\\/11ddfe5610ff3bd100522525b2571f48.jpg?ver=1777048341\",\"caption\":\"Hern\u00e1n L\u00f3pez\"},\"url\":\"https:\\\/\\\/diarioprincipios.com\\\/index.php\\\/author\\\/hernan\\\/\"}]}<\/script>\n<!-- \/ Yoast SEO plugin. -->","yoast_head_json":{"title":"SI DENUNCIO UN ACCIDENTE LABORAL Y RECLAMO ANTE MI ART: \u00bfEST\u00c1 EN RIESGO MI ACTIVIDAD LABORAL? - Principios","robots":{"index":"index","follow":"follow","max-snippet":"max-snippet:-1","max-image-preview":"max-image-preview:large","max-video-preview":"max-video-preview:-1"},"canonical":"https:\/\/diarioprincipios.com\/index.php\/2025\/03\/19\/si-denuncio-un-accidente-laboral-y-reclamo-ante-mi-art-esta-en-riesgo-mi-actividad-laboral\/","og_locale":"es_ES","og_type":"article","og_title":"SI DENUNCIO UN ACCIDENTE LABORAL Y RECLAMO ANTE MI ART: \u00bfEST\u00c1 EN RIESGO MI ACTIVIDAD LABORAL? - Principios","og_description":"No, el reclamo es contra la ART, (Aseguradora de Riesgos del Trabajo) que es un seguro contratado por el empleador para que cubra las prestaciones m\u00e9dicas o dinerarias que pudiera necesitar el trabajador. Esta situaci\u00f3n en nada deber\u00eda perjudicar tu actividad laboral.\u00bfQu\u00e9 hace la ART?La ART se encarga de reparar los da\u00f1os econ\u00f3micos y de...","og_url":"https:\/\/diarioprincipios.com\/index.php\/2025\/03\/19\/si-denuncio-un-accidente-laboral-y-reclamo-ante-mi-art-esta-en-riesgo-mi-actividad-laboral\/","og_site_name":"Principios","article_published_time":"2025-03-19T15:06:05+00:00","article_modified_time":"2025-03-19T15:06:06+00:00","og_image":[{"width":1066,"height":1070,"url":"https:\/\/diarioprincipios.com\/wp-content\/uploads\/2025\/03\/IMG-20250314-WA0011.jpg","type":"image\/jpeg"}],"author":"Hern\u00e1n L\u00f3pez","twitter_card":"summary_large_image","twitter_misc":{"Escrito por":"Hern\u00e1n L\u00f3pez","Tiempo de lectura":"1 minuto"},"schema":{"@context":"https:\/\/schema.org","@graph":[{"@type":"Article","@id":"https:\/\/diarioprincipios.com\/index.php\/2025\/03\/19\/si-denuncio-un-accidente-laboral-y-reclamo-ante-mi-art-esta-en-riesgo-mi-actividad-laboral\/#article","isPartOf":{"@id":"https:\/\/diarioprincipios.com\/index.php\/2025\/03\/19\/si-denuncio-un-accidente-laboral-y-reclamo-ante-mi-art-esta-en-riesgo-mi-actividad-laboral\/"},"author":{"name":"Hern\u00e1n L\u00f3pez","@id":"https:\/\/diarioprincipios.com\/#\/schema\/person\/436d5a1fd41a5e250e23ff5a6a7cb080"},"headline":"SI DENUNCIO UN ACCIDENTE LABORAL Y RECLAMO ANTE MI ART: \u00bfEST\u00c1 EN RIESGO MI ACTIVIDAD LABORAL?","datePublished":"2025-03-19T15:06:05+00:00","dateModified":"2025-03-19T15:06:06+00:00","mainEntityOfPage":{"@id":"https:\/\/diarioprincipios.com\/index.php\/2025\/03\/19\/si-denuncio-un-accidente-laboral-y-reclamo-ante-mi-art-esta-en-riesgo-mi-actividad-laboral\/"},"wordCount":196,"commentCount":0,"publisher":{"@id":"https:\/\/diarioprincipios.com\/#organization"},"image":{"@id":"https:\/\/diarioprincipios.com\/index.php\/2025\/03\/19\/si-denuncio-un-accidente-laboral-y-reclamo-ante-mi-art-esta-en-riesgo-mi-actividad-laboral\/#primaryimage"},"thumbnailUrl":"https:\/\/diarioprincipios.com\/wp-content\/uploads\/2025\/03\/IMG-20250314-WA0011.jpg","articleSection":["Opini\u00f3n"],"inLanguage":"es","potentialAction":[{"@type":"CommentAction","name":"Comment","target":["https:\/\/diarioprincipios.com\/index.php\/2025\/03\/19\/si-denuncio-un-accidente-laboral-y-reclamo-ante-mi-art-esta-en-riesgo-mi-actividad-laboral\/#respond"]}]},{"@type":"WebPage","@id":"https:\/\/diarioprincipios.com\/index.php\/2025\/03\/19\/si-denuncio-un-accidente-laboral-y-reclamo-ante-mi-art-esta-en-riesgo-mi-actividad-laboral\/","url":"https:\/\/diarioprincipios.com\/index.php\/2025\/03\/19\/si-denuncio-un-accidente-laboral-y-reclamo-ante-mi-art-esta-en-riesgo-mi-actividad-laboral\/","name":"SI DENUNCIO UN ACCIDENTE LABORAL Y RECLAMO ANTE MI ART: \u00bfEST\u00c1 EN RIESGO MI ACTIVIDAD LABORAL? - Principios","isPartOf":{"@id":"https:\/\/diarioprincipios.com\/#website"},"primaryImageOfPage":{"@id":"https:\/\/diarioprincipios.com\/index.php\/2025\/03\/19\/si-denuncio-un-accidente-laboral-y-reclamo-ante-mi-art-esta-en-riesgo-mi-actividad-laboral\/#primaryimage"},"image":{"@id":"https:\/\/diarioprincipios.com\/index.php\/2025\/03\/19\/si-denuncio-un-accidente-laboral-y-reclamo-ante-mi-art-esta-en-riesgo-mi-actividad-laboral\/#primaryimage"},"thumbnailUrl":"https:\/\/diarioprincipios.com\/wp-content\/uploads\/2025\/03\/IMG-20250314-WA0011.jpg","datePublished":"2025-03-19T15:06:05+00:00","dateModified":"2025-03-19T15:06:06+00:00","breadcrumb":{"@id":"https:\/\/diarioprincipios.com\/index.php\/2025\/03\/19\/si-denuncio-un-accidente-laboral-y-reclamo-ante-mi-art-esta-en-riesgo-mi-actividad-laboral\/#breadcrumb"},"inLanguage":"es","potentialAction":[{"@type":"ReadAction","target":["https:\/\/diarioprincipios.com\/index.php\/2025\/03\/19\/si-denuncio-un-accidente-laboral-y-reclamo-ante-mi-art-esta-en-riesgo-mi-actividad-laboral\/"]}]},{"@type":"ImageObject","inLanguage":"es","@id":"https:\/\/diarioprincipios.com\/index.php\/2025\/03\/19\/si-denuncio-un-accidente-laboral-y-reclamo-ante-mi-art-esta-en-riesgo-mi-actividad-laboral\/#primaryimage","url":"https:\/\/diarioprincipios.com\/wp-content\/uploads\/2025\/03\/IMG-20250314-WA0011.jpg","contentUrl":"https:\/\/diarioprincipios.com\/wp-content\/uploads\/2025\/03\/IMG-20250314-WA0011.jpg","width":1066,"height":1070},{"@type":"BreadcrumbList","@id":"https:\/\/diarioprincipios.com\/index.php\/2025\/03\/19\/si-denuncio-un-accidente-laboral-y-reclamo-ante-mi-art-esta-en-riesgo-mi-actividad-laboral\/#breadcrumb","itemListElement":[{"@type":"ListItem","position":1,"name":"Portada","item":"https:\/\/diarioprincipios.com\/"},{"@type":"ListItem","position":2,"name":"SI DENUNCIO UN ACCIDENTE LABORAL Y RECLAMO ANTE MI ART: \u00bfEST\u00c1 EN RIESGO MI ACTIVIDAD LABORAL?"}]},{"@type":"WebSite","@id":"https:\/\/diarioprincipios.com\/#website","url":"https:\/\/diarioprincipios.com\/","name":"Principios","description":"Principios Diario","publisher":{"@id":"https:\/\/diarioprincipios.com\/#organization"},"potentialAction":[{"@type":"SearchAction","target":{"@type":"EntryPoint","urlTemplate":"https:\/\/diarioprincipios.com\/?s={search_term_string}"},"query-input":{"@type":"PropertyValueSpecification","valueRequired":true,"valueName":"search_term_string"}}],"inLanguage":"es"},{"@type":"Organization","@id":"https:\/\/diarioprincipios.com\/#organization","name":"Principios","url":"https:\/\/diarioprincipios.com\/","logo":{"@type":"ImageObject","inLanguage":"es","@id":"https:\/\/diarioprincipios.com\/#\/schema\/logo\/image\/","url":"https:\/\/diarioprincipios.com\/wp-content\/uploads\/2024\/04\/cropped-www.diarioprincipios.com_-1.png","contentUrl":"https:\/\/diarioprincipios.com\/wp-content\/uploads\/2024\/04\/cropped-www.diarioprincipios.com_-1.png","width":5325,"height":1454,"caption":"Principios"},"image":{"@id":"https:\/\/diarioprincipios.com\/#\/schema\/logo\/image\/"}},{"@type":"Person","@id":"https:\/\/diarioprincipios.com\/#\/schema\/person\/436d5a1fd41a5e250e23ff5a6a7cb080","name":"Hern\u00e1n L\u00f3pez","image":{"@type":"ImageObject","inLanguage":"es","@id":"https:\/\/diarioprincipios.com\/wp-content\/litespeed\/avatar\/11ddfe5610ff3bd100522525b2571f48.jpg?ver=1777048341","url":"https:\/\/diarioprincipios.com\/wp-content\/litespeed\/avatar\/11ddfe5610ff3bd100522525b2571f48.jpg?ver=1777048341","contentUrl":"https:\/\/diarioprincipios.com\/wp-content\/litespeed\/avatar\/11ddfe5610ff3bd100522525b2571f48.jpg?ver=1777048341","caption":"Hern\u00e1n L\u00f3pez"},"url":"https:\/\/diarioprincipios.com\/index.php\/author\/hernan\/"}]}},"jetpack_featured_media_url":"https:\/\/diarioprincipios.com\/wp-content\/uploads\/2025\/03\/IMG-20250314-WA0011.jpg","_links":{"self":[{"href":"https:\/\/diarioprincipios.com\/index.php\/wp-json\/wp\/v2\/posts\/24288","targetHints":{"allow":["GET"]}}],"collection":[{"href":"https:\/\/diarioprincipios.com\/index.php\/wp-json\/wp\/v2\/posts"}],"about":[{"href":"https:\/\/diarioprincipios.com\/index.php\/wp-json\/wp\/v2\/types\/post"}],"author":[{"embeddable":true,"href":"https:\/\/diarioprincipios.com\/index.php\/wp-json\/wp\/v2\/users\/2"}],"replies":[{"embeddable":true,"href":"https:\/\/diarioprincipios.com\/index.php\/wp-json\/wp\/v2\/comments?post=24288"}],"version-history":[{"count":1,"href":"https:\/\/diarioprincipios.com\/index.php\/wp-json\/wp\/v2\/posts\/24288\/revisions"}],"predecessor-version":[{"id":24290,"href":"https:\/\/diarioprincipios.com\/index.php\/wp-json\/wp\/v2\/posts\/24288\/revisions\/24290"}],"wp:featuredmedia":[{"embeddable":true,"href":"https:\/\/diarioprincipios.com\/index.php\/wp-json\/wp\/v2\/media\/24289"}],"wp:attachment":[{"href":"https:\/\/diarioprincipios.com\/index.php\/wp-json\/wp\/v2\/media?parent=24288"}],"wp:term":[{"taxonomy":"category","embeddable":true,"href":"https:\/\/diarioprincipios.com\/index.php\/wp-json\/wp\/v2\/categories?post=24288"},{"taxonomy":"post_tag","embeddable":true,"href":"https:\/\/diarioprincipios.com\/index.php\/wp-json\/wp\/v2\/tags?post=24288"}],"curies":[{"name":"wp","href":"https:\/\/api.w.org\/{rel}","templated":true}]}}