{"id":24280,"date":"2025-03-15T20:48:46","date_gmt":"2025-03-15T23:48:46","guid":{"rendered":"https:\/\/diarioprincipios.com\/?p=24280"},"modified":"2025-03-15T20:48:47","modified_gmt":"2025-03-15T23:48:47","slug":"continuan-las-jornadas-municipales-de-salud-animal","status":"publish","type":"post","link":"https:\/\/diarioprincipios.com\/index.php\/2025\/03\/15\/continuan-las-jornadas-municipales-de-salud-animal\/","title":{"rendered":"Contin\u00faan las Jornadas Municipales de Salud Animal"},"content":{"rendered":"\n<p><strong>La Municipalidad de Berazategui sigue acercando los servicios gratuitos de vacunaci\u00f3n antirr\u00e1bica, desparasitaci\u00f3n y castraci\u00f3n de perros y gatos a los distintos barrios.\u00a0<\/strong><br>El cronograma de las pr\u00f3ximas jornadas es el siguiente:<br>Del lunes 17 al jueves 20\/03: se brindar\u00e1 atenci\u00f3n en la Sociedad de Fomento La Porte\u00f1a (calle 153 y 61 A).<br>Del martes 18 al jueves 20\/03: se brindar\u00e1 atenci\u00f3n en la Junta Vecinal 2 de Octubre (calle 136 y 22).<br>Del martes 25 al jueves 27\/03: se brindar\u00e1 atenci\u00f3n en la Sociedad de Fomento El Cicl\u00f3n (calle 58 y 121).<br>En todos los casos, se entregar\u00e1n diez turnos diarios para castraci\u00f3n, por orden de llegada, a partir de las 08.00. A su vez, la vacunaci\u00f3n antirr\u00e1bica y la desparasitaci\u00f3n se desarrollar\u00e1n de 11.00 a 12.30.<br>Sof\u00eda, vecina que llev\u00f3 a su animalito de compa\u00f1\u00eda a una de las jornadas realizadas en los barrios, coment\u00f3: \u201cGracias a esta posibilidad que nos brinda el Municipio, pude traer a castrar a mi perro. Sin dudas es una muy buena opci\u00f3n para quienes no tienen los recursos, ya que es totalmente gratuito\u201d.<br>De esta manera, se sigue ampliando el alcance de las pol\u00edticas de protecci\u00f3n y cuidado de los animales. Gracias al constante impulso del intendente, Juan Jos\u00e9 Mussi, los profesionales de la Cl\u00ednica Veterinaria Municipal contin\u00faan acercando servicios veterinarios para perros y gatos, mediante dos quir\u00f3fanos m\u00f3viles a los barrios, en forma gratuita.<br>Para m\u00e1s informaci\u00f3n, se puede ingresar en\u00a0<a href=\"http:\/\/corazondezonasur.com.ar\/servicios\" target=\"_blank\" rel=\"noreferrer noopener\">corazondezonasur.com.ar\/servicios<\/a>.<\/p>\n","protected":false},"excerpt":{"rendered":"<p>La Municipalidad de Berazategui sigue acercando los servicios gratuitos de vacunaci\u00f3n antirr\u00e1bica, desparasitaci\u00f3n y castraci\u00f3n de perros y gatos a los distintos barrios.\u00a0El cronograma de las pr\u00f3ximas jornadas es el siguiente:Del lunes 17 al jueves 20\/03: se brindar\u00e1 atenci\u00f3n en la Sociedad de Fomento La Porte\u00f1a (calle 153 y 61 A).Del martes 18 al jueves&#8230;<\/p>\n","protected":false},"author":2,"featured_media":24281,"comment_status":"open","ping_status":"open","sticky":false,"template":"","format":"standard","meta":{"footnotes":""},"categories":[3],"tags":[],"class_list":["post-24280","post","type-post","status-publish","format-standard","has-post-thumbnail","hentry","category-berazategui"],"featured_image_src":"https:\/\/diarioprincipios.com\/wp-content\/uploads\/2025\/03\/EN-MARZO-CONTINUAN-LAS-JORNADAS-MUNICIPALES-DE-SALUD-ANIMAL-1-1024x683.jpg","blog_images":{"medium":"https:\/\/diarioprincipios.com\/wp-content\/uploads\/2025\/03\/EN-MARZO-CONTINUAN-LAS-JORNADAS-MUNICIPALES-DE-SALUD-ANIMAL-1-300x200.jpg","large":"https:\/\/diarioprincipios.com\/wp-content\/uploads\/2025\/03\/EN-MARZO-CONTINUAN-LAS-JORNADAS-MUNICIPALES-DE-SALUD-ANIMAL-1-1024x683.jpg"},"ams_acf":[],"yoast_head":"<!-- This site is optimized with the Yoast SEO plugin v27.3 - https:\/\/yoast.com\/product\/yoast-seo-wordpress\/ -->\n<title>Contin\u00faan las Jornadas Municipales de Salud Animal - Principios<\/title>\n<meta name=\"robots\" content=\"index, follow, max-snippet:-1, max-image-preview:large, max-video-preview:-1\" \/>\n<link rel=\"canonical\" href=\"https:\/\/diarioprincipios.com\/index.php\/2025\/03\/15\/continuan-las-jornadas-municipales-de-salud-animal\/\" \/>\n<meta property=\"og:locale\" content=\"es_ES\" \/>\n<meta property=\"og:type\" content=\"article\" \/>\n<meta property=\"og:title\" content=\"Contin\u00faan las Jornadas Municipales de Salud Animal - Principios\" \/>\n<meta property=\"og:description\" content=\"La Municipalidad de Berazategui sigue acercando los servicios gratuitos de vacunaci\u00f3n antirr\u00e1bica, desparasitaci\u00f3n y castraci\u00f3n de perros y gatos a los distintos barrios.\u00a0El cronograma de las pr\u00f3ximas jornadas es el siguiente:Del lunes 17 al jueves 20\/03: se brindar\u00e1 atenci\u00f3n en la Sociedad de Fomento La Porte\u00f1a (calle 153 y 61 A).Del martes 18 al jueves...\" \/>\n<meta property=\"og:url\" content=\"https:\/\/diarioprincipios.com\/index.php\/2025\/03\/15\/continuan-las-jornadas-municipales-de-salud-animal\/\" \/>\n<meta property=\"og:site_name\" content=\"Principios\" \/>\n<meta property=\"article:published_time\" content=\"2025-03-15T23:48:46+00:00\" \/>\n<meta property=\"article:modified_time\" content=\"2025-03-15T23:48:47+00:00\" \/>\n<meta property=\"og:image\" content=\"https:\/\/diarioprincipios.com\/wp-content\/uploads\/2025\/03\/EN-MARZO-CONTINUAN-LAS-JORNADAS-MUNICIPALES-DE-SALUD-ANIMAL-1.jpg\" \/>\n\t<meta property=\"og:image:width\" content=\"1920\" \/>\n\t<meta property=\"og:image:height\" content=\"1281\" \/>\n\t<meta property=\"og:image:type\" content=\"image\/jpeg\" \/>\n<meta name=\"author\" content=\"Hern\u00e1n L\u00f3pez\" \/>\n<meta name=\"twitter:card\" content=\"summary_large_image\" \/>\n<meta name=\"twitter:label1\" content=\"Escrito por\" \/>\n\t<meta name=\"twitter:data1\" content=\"Hern\u00e1n L\u00f3pez\" \/>\n\t<meta name=\"twitter:label2\" content=\"Tiempo de lectura\" \/>\n\t<meta name=\"twitter:data2\" content=\"2 minutos\" \/>\n<script type=\"application\/ld+json\" class=\"yoast-schema-graph\">{\"@context\":\"https:\\\/\\\/schema.org\",\"@graph\":[{\"@type\":\"Article\",\"@id\":\"https:\\\/\\\/diarioprincipios.com\\\/index.php\\\/2025\\\/03\\\/15\\\/continuan-las-jornadas-municipales-de-salud-animal\\\/#article\",\"isPartOf\":{\"@id\":\"https:\\\/\\\/diarioprincipios.com\\\/index.php\\\/2025\\\/03\\\/15\\\/continuan-las-jornadas-municipales-de-salud-animal\\\/\"},\"author\":{\"name\":\"Hern\u00e1n L\u00f3pez\",\"@id\":\"https:\\\/\\\/diarioprincipios.com\\\/#\\\/schema\\\/person\\\/436d5a1fd41a5e250e23ff5a6a7cb080\"},\"headline\":\"Contin\u00faan las Jornadas Municipales de Salud Animal\",\"datePublished\":\"2025-03-15T23:48:46+00:00\",\"dateModified\":\"2025-03-15T23:48:47+00:00\",\"mainEntityOfPage\":{\"@id\":\"https:\\\/\\\/diarioprincipios.com\\\/index.php\\\/2025\\\/03\\\/15\\\/continuan-las-jornadas-municipales-de-salud-animal\\\/\"},\"wordCount\":263,\"commentCount\":0,\"publisher\":{\"@id\":\"https:\\\/\\\/diarioprincipios.com\\\/#organization\"},\"image\":{\"@id\":\"https:\\\/\\\/diarioprincipios.com\\\/index.php\\\/2025\\\/03\\\/15\\\/continuan-las-jornadas-municipales-de-salud-animal\\\/#primaryimage\"},\"thumbnailUrl\":\"https:\\\/\\\/diarioprincipios.com\\\/wp-content\\\/uploads\\\/2025\\\/03\\\/EN-MARZO-CONTINUAN-LAS-JORNADAS-MUNICIPALES-DE-SALUD-ANIMAL-1.jpg\",\"articleSection\":[\"Berazategui\"],\"inLanguage\":\"es\",\"potentialAction\":[{\"@type\":\"CommentAction\",\"name\":\"Comment\",\"target\":[\"https:\\\/\\\/diarioprincipios.com\\\/index.php\\\/2025\\\/03\\\/15\\\/continuan-las-jornadas-municipales-de-salud-animal\\\/#respond\"]}]},{\"@type\":\"WebPage\",\"@id\":\"https:\\\/\\\/diarioprincipios.com\\\/index.php\\\/2025\\\/03\\\/15\\\/continuan-las-jornadas-municipales-de-salud-animal\\\/\",\"url\":\"https:\\\/\\\/diarioprincipios.com\\\/index.php\\\/2025\\\/03\\\/15\\\/continuan-las-jornadas-municipales-de-salud-animal\\\/\",\"name\":\"Contin\u00faan las Jornadas Municipales de Salud Animal - Principios\",\"isPartOf\":{\"@id\":\"https:\\\/\\\/diarioprincipios.com\\\/#website\"},\"primaryImageOfPage\":{\"@id\":\"https:\\\/\\\/diarioprincipios.com\\\/index.php\\\/2025\\\/03\\\/15\\\/continuan-las-jornadas-municipales-de-salud-animal\\\/#primaryimage\"},\"image\":{\"@id\":\"https:\\\/\\\/diarioprincipios.com\\\/index.php\\\/2025\\\/03\\\/15\\\/continuan-las-jornadas-municipales-de-salud-animal\\\/#primaryimage\"},\"thumbnailUrl\":\"https:\\\/\\\/diarioprincipios.com\\\/wp-content\\\/uploads\\\/2025\\\/03\\\/EN-MARZO-CONTINUAN-LAS-JORNADAS-MUNICIPALES-DE-SALUD-ANIMAL-1.jpg\",\"datePublished\":\"2025-03-15T23:48:46+00:00\",\"dateModified\":\"2025-03-15T23:48:47+00:00\",\"breadcrumb\":{\"@id\":\"https:\\\/\\\/diarioprincipios.com\\\/index.php\\\/2025\\\/03\\\/15\\\/continuan-las-jornadas-municipales-de-salud-animal\\\/#breadcrumb\"},\"inLanguage\":\"es\",\"potentialAction\":[{\"@type\":\"ReadAction\",\"target\":[\"https:\\\/\\\/diarioprincipios.com\\\/index.php\\\/2025\\\/03\\\/15\\\/continuan-las-jornadas-municipales-de-salud-animal\\\/\"]}]},{\"@type\":\"ImageObject\",\"inLanguage\":\"es\",\"@id\":\"https:\\\/\\\/diarioprincipios.com\\\/index.php\\\/2025\\\/03\\\/15\\\/continuan-las-jornadas-municipales-de-salud-animal\\\/#primaryimage\",\"url\":\"https:\\\/\\\/diarioprincipios.com\\\/wp-content\\\/uploads\\\/2025\\\/03\\\/EN-MARZO-CONTINUAN-LAS-JORNADAS-MUNICIPALES-DE-SALUD-ANIMAL-1.jpg\",\"contentUrl\":\"https:\\\/\\\/diarioprincipios.com\\\/wp-content\\\/uploads\\\/2025\\\/03\\\/EN-MARZO-CONTINUAN-LAS-JORNADAS-MUNICIPALES-DE-SALUD-ANIMAL-1.jpg\",\"width\":1920,\"height\":1281},{\"@type\":\"BreadcrumbList\",\"@id\":\"https:\\\/\\\/diarioprincipios.com\\\/index.php\\\/2025\\\/03\\\/15\\\/continuan-las-jornadas-municipales-de-salud-animal\\\/#breadcrumb\",\"itemListElement\":[{\"@type\":\"ListItem\",\"position\":1,\"name\":\"Portada\",\"item\":\"https:\\\/\\\/diarioprincipios.com\\\/\"},{\"@type\":\"ListItem\",\"position\":2,\"name\":\"Contin\u00faan las Jornadas Municipales de Salud Animal\"}]},{\"@type\":\"WebSite\",\"@id\":\"https:\\\/\\\/diarioprincipios.com\\\/#website\",\"url\":\"https:\\\/\\\/diarioprincipios.com\\\/\",\"name\":\"Principios\",\"description\":\"Principios Diario\",\"publisher\":{\"@id\":\"https:\\\/\\\/diarioprincipios.com\\\/#organization\"},\"potentialAction\":[{\"@type\":\"SearchAction\",\"target\":{\"@type\":\"EntryPoint\",\"urlTemplate\":\"https:\\\/\\\/diarioprincipios.com\\\/?s={search_term_string}\"},\"query-input\":{\"@type\":\"PropertyValueSpecification\",\"valueRequired\":true,\"valueName\":\"search_term_string\"}}],\"inLanguage\":\"es\"},{\"@type\":\"Organization\",\"@id\":\"https:\\\/\\\/diarioprincipios.com\\\/#organization\",\"name\":\"Principios\",\"url\":\"https:\\\/\\\/diarioprincipios.com\\\/\",\"logo\":{\"@type\":\"ImageObject\",\"inLanguage\":\"es\",\"@id\":\"https:\\\/\\\/diarioprincipios.com\\\/#\\\/schema\\\/logo\\\/image\\\/\",\"url\":\"https:\\\/\\\/diarioprincipios.com\\\/wp-content\\\/uploads\\\/2024\\\/04\\\/cropped-www.diarioprincipios.com_-1.png\",\"contentUrl\":\"https:\\\/\\\/diarioprincipios.com\\\/wp-content\\\/uploads\\\/2024\\\/04\\\/cropped-www.diarioprincipios.com_-1.png\",\"width\":5325,\"height\":1454,\"caption\":\"Principios\"},\"image\":{\"@id\":\"https:\\\/\\\/diarioprincipios.com\\\/#\\\/schema\\\/logo\\\/image\\\/\"}},{\"@type\":\"Person\",\"@id\":\"https:\\\/\\\/diarioprincipios.com\\\/#\\\/schema\\\/person\\\/436d5a1fd41a5e250e23ff5a6a7cb080\",\"name\":\"Hern\u00e1n L\u00f3pez\",\"image\":{\"@type\":\"ImageObject\",\"inLanguage\":\"es\",\"@id\":\"https:\\\/\\\/diarioprincipios.com\\\/wp-content\\\/litespeed\\\/avatar\\\/11ddfe5610ff3bd100522525b2571f48.jpg?ver=1777048341\",\"url\":\"https:\\\/\\\/diarioprincipios.com\\\/wp-content\\\/litespeed\\\/avatar\\\/11ddfe5610ff3bd100522525b2571f48.jpg?ver=1777048341\",\"contentUrl\":\"https:\\\/\\\/diarioprincipios.com\\\/wp-content\\\/litespeed\\\/avatar\\\/11ddfe5610ff3bd100522525b2571f48.jpg?ver=1777048341\",\"caption\":\"Hern\u00e1n L\u00f3pez\"},\"url\":\"https:\\\/\\\/diarioprincipios.com\\\/index.php\\\/author\\\/hernan\\\/\"}]}<\/script>\n<!-- \/ Yoast SEO plugin. -->","yoast_head_json":{"title":"Contin\u00faan las Jornadas Municipales de Salud Animal - Principios","robots":{"index":"index","follow":"follow","max-snippet":"max-snippet:-1","max-image-preview":"max-image-preview:large","max-video-preview":"max-video-preview:-1"},"canonical":"https:\/\/diarioprincipios.com\/index.php\/2025\/03\/15\/continuan-las-jornadas-municipales-de-salud-animal\/","og_locale":"es_ES","og_type":"article","og_title":"Contin\u00faan las Jornadas Municipales de Salud Animal - Principios","og_description":"La Municipalidad de Berazategui sigue acercando los servicios gratuitos de vacunaci\u00f3n antirr\u00e1bica, desparasitaci\u00f3n y castraci\u00f3n de perros y gatos a los distintos barrios.\u00a0El cronograma de las pr\u00f3ximas jornadas es el siguiente:Del lunes 17 al jueves 20\/03: se brindar\u00e1 atenci\u00f3n en la Sociedad de Fomento La Porte\u00f1a (calle 153 y 61 A).Del martes 18 al jueves...","og_url":"https:\/\/diarioprincipios.com\/index.php\/2025\/03\/15\/continuan-las-jornadas-municipales-de-salud-animal\/","og_site_name":"Principios","article_published_time":"2025-03-15T23:48:46+00:00","article_modified_time":"2025-03-15T23:48:47+00:00","og_image":[{"width":1920,"height":1281,"url":"https:\/\/diarioprincipios.com\/wp-content\/uploads\/2025\/03\/EN-MARZO-CONTINUAN-LAS-JORNADAS-MUNICIPALES-DE-SALUD-ANIMAL-1.jpg","type":"image\/jpeg"}],"author":"Hern\u00e1n L\u00f3pez","twitter_card":"summary_large_image","twitter_misc":{"Escrito por":"Hern\u00e1n L\u00f3pez","Tiempo de lectura":"2 minutos"},"schema":{"@context":"https:\/\/schema.org","@graph":[{"@type":"Article","@id":"https:\/\/diarioprincipios.com\/index.php\/2025\/03\/15\/continuan-las-jornadas-municipales-de-salud-animal\/#article","isPartOf":{"@id":"https:\/\/diarioprincipios.com\/index.php\/2025\/03\/15\/continuan-las-jornadas-municipales-de-salud-animal\/"},"author":{"name":"Hern\u00e1n L\u00f3pez","@id":"https:\/\/diarioprincipios.com\/#\/schema\/person\/436d5a1fd41a5e250e23ff5a6a7cb080"},"headline":"Contin\u00faan las Jornadas Municipales de Salud Animal","datePublished":"2025-03-15T23:48:46+00:00","dateModified":"2025-03-15T23:48:47+00:00","mainEntityOfPage":{"@id":"https:\/\/diarioprincipios.com\/index.php\/2025\/03\/15\/continuan-las-jornadas-municipales-de-salud-animal\/"},"wordCount":263,"commentCount":0,"publisher":{"@id":"https:\/\/diarioprincipios.com\/#organization"},"image":{"@id":"https:\/\/diarioprincipios.com\/index.php\/2025\/03\/15\/continuan-las-jornadas-municipales-de-salud-animal\/#primaryimage"},"thumbnailUrl":"https:\/\/diarioprincipios.com\/wp-content\/uploads\/2025\/03\/EN-MARZO-CONTINUAN-LAS-JORNADAS-MUNICIPALES-DE-SALUD-ANIMAL-1.jpg","articleSection":["Berazategui"],"inLanguage":"es","potentialAction":[{"@type":"CommentAction","name":"Comment","target":["https:\/\/diarioprincipios.com\/index.php\/2025\/03\/15\/continuan-las-jornadas-municipales-de-salud-animal\/#respond"]}]},{"@type":"WebPage","@id":"https:\/\/diarioprincipios.com\/index.php\/2025\/03\/15\/continuan-las-jornadas-municipales-de-salud-animal\/","url":"https:\/\/diarioprincipios.com\/index.php\/2025\/03\/15\/continuan-las-jornadas-municipales-de-salud-animal\/","name":"Contin\u00faan las Jornadas Municipales de Salud Animal - Principios","isPartOf":{"@id":"https:\/\/diarioprincipios.com\/#website"},"primaryImageOfPage":{"@id":"https:\/\/diarioprincipios.com\/index.php\/2025\/03\/15\/continuan-las-jornadas-municipales-de-salud-animal\/#primaryimage"},"image":{"@id":"https:\/\/diarioprincipios.com\/index.php\/2025\/03\/15\/continuan-las-jornadas-municipales-de-salud-animal\/#primaryimage"},"thumbnailUrl":"https:\/\/diarioprincipios.com\/wp-content\/uploads\/2025\/03\/EN-MARZO-CONTINUAN-LAS-JORNADAS-MUNICIPALES-DE-SALUD-ANIMAL-1.jpg","datePublished":"2025-03-15T23:48:46+00:00","dateModified":"2025-03-15T23:48:47+00:00","breadcrumb":{"@id":"https:\/\/diarioprincipios.com\/index.php\/2025\/03\/15\/continuan-las-jornadas-municipales-de-salud-animal\/#breadcrumb"},"inLanguage":"es","potentialAction":[{"@type":"ReadAction","target":["https:\/\/diarioprincipios.com\/index.php\/2025\/03\/15\/continuan-las-jornadas-municipales-de-salud-animal\/"]}]},{"@type":"ImageObject","inLanguage":"es","@id":"https:\/\/diarioprincipios.com\/index.php\/2025\/03\/15\/continuan-las-jornadas-municipales-de-salud-animal\/#primaryimage","url":"https:\/\/diarioprincipios.com\/wp-content\/uploads\/2025\/03\/EN-MARZO-CONTINUAN-LAS-JORNADAS-MUNICIPALES-DE-SALUD-ANIMAL-1.jpg","contentUrl":"https:\/\/diarioprincipios.com\/wp-content\/uploads\/2025\/03\/EN-MARZO-CONTINUAN-LAS-JORNADAS-MUNICIPALES-DE-SALUD-ANIMAL-1.jpg","width":1920,"height":1281},{"@type":"BreadcrumbList","@id":"https:\/\/diarioprincipios.com\/index.php\/2025\/03\/15\/continuan-las-jornadas-municipales-de-salud-animal\/#breadcrumb","itemListElement":[{"@type":"ListItem","position":1,"name":"Portada","item":"https:\/\/diarioprincipios.com\/"},{"@type":"ListItem","position":2,"name":"Contin\u00faan las Jornadas Municipales de Salud Animal"}]},{"@type":"WebSite","@id":"https:\/\/diarioprincipios.com\/#website","url":"https:\/\/diarioprincipios.com\/","name":"Principios","description":"Principios Diario","publisher":{"@id":"https:\/\/diarioprincipios.com\/#organization"},"potentialAction":[{"@type":"SearchAction","target":{"@type":"EntryPoint","urlTemplate":"https:\/\/diarioprincipios.com\/?s={search_term_string}"},"query-input":{"@type":"PropertyValueSpecification","valueRequired":true,"valueName":"search_term_string"}}],"inLanguage":"es"},{"@type":"Organization","@id":"https:\/\/diarioprincipios.com\/#organization","name":"Principios","url":"https:\/\/diarioprincipios.com\/","logo":{"@type":"ImageObject","inLanguage":"es","@id":"https:\/\/diarioprincipios.com\/#\/schema\/logo\/image\/","url":"https:\/\/diarioprincipios.com\/wp-content\/uploads\/2024\/04\/cropped-www.diarioprincipios.com_-1.png","contentUrl":"https:\/\/diarioprincipios.com\/wp-content\/uploads\/2024\/04\/cropped-www.diarioprincipios.com_-1.png","width":5325,"height":1454,"caption":"Principios"},"image":{"@id":"https:\/\/diarioprincipios.com\/#\/schema\/logo\/image\/"}},{"@type":"Person","@id":"https:\/\/diarioprincipios.com\/#\/schema\/person\/436d5a1fd41a5e250e23ff5a6a7cb080","name":"Hern\u00e1n L\u00f3pez","image":{"@type":"ImageObject","inLanguage":"es","@id":"https:\/\/diarioprincipios.com\/wp-content\/litespeed\/avatar\/11ddfe5610ff3bd100522525b2571f48.jpg?ver=1777048341","url":"https:\/\/diarioprincipios.com\/wp-content\/litespeed\/avatar\/11ddfe5610ff3bd100522525b2571f48.jpg?ver=1777048341","contentUrl":"https:\/\/diarioprincipios.com\/wp-content\/litespeed\/avatar\/11ddfe5610ff3bd100522525b2571f48.jpg?ver=1777048341","caption":"Hern\u00e1n L\u00f3pez"},"url":"https:\/\/diarioprincipios.com\/index.php\/author\/hernan\/"}]}},"jetpack_featured_media_url":"https:\/\/diarioprincipios.com\/wp-content\/uploads\/2025\/03\/EN-MARZO-CONTINUAN-LAS-JORNADAS-MUNICIPALES-DE-SALUD-ANIMAL-1.jpg","_links":{"self":[{"href":"https:\/\/diarioprincipios.com\/index.php\/wp-json\/wp\/v2\/posts\/24280","targetHints":{"allow":["GET"]}}],"collection":[{"href":"https:\/\/diarioprincipios.com\/index.php\/wp-json\/wp\/v2\/posts"}],"about":[{"href":"https:\/\/diarioprincipios.com\/index.php\/wp-json\/wp\/v2\/types\/post"}],"author":[{"embeddable":true,"href":"https:\/\/diarioprincipios.com\/index.php\/wp-json\/wp\/v2\/users\/2"}],"replies":[{"embeddable":true,"href":"https:\/\/diarioprincipios.com\/index.php\/wp-json\/wp\/v2\/comments?post=24280"}],"version-history":[{"count":1,"href":"https:\/\/diarioprincipios.com\/index.php\/wp-json\/wp\/v2\/posts\/24280\/revisions"}],"predecessor-version":[{"id":24282,"href":"https:\/\/diarioprincipios.com\/index.php\/wp-json\/wp\/v2\/posts\/24280\/revisions\/24282"}],"wp:featuredmedia":[{"embeddable":true,"href":"https:\/\/diarioprincipios.com\/index.php\/wp-json\/wp\/v2\/media\/24281"}],"wp:attachment":[{"href":"https:\/\/diarioprincipios.com\/index.php\/wp-json\/wp\/v2\/media?parent=24280"}],"wp:term":[{"taxonomy":"category","embeddable":true,"href":"https:\/\/diarioprincipios.com\/index.php\/wp-json\/wp\/v2\/categories?post=24280"},{"taxonomy":"post_tag","embeddable":true,"href":"https:\/\/diarioprincipios.com\/index.php\/wp-json\/wp\/v2\/tags?post=24280"}],"curies":[{"name":"wp","href":"https:\/\/api.w.org\/{rel}","templated":true}]}}