{"id":24262,"date":"2025-03-13T08:56:59","date_gmt":"2025-03-13T11:56:59","guid":{"rendered":"https:\/\/diarioprincipios.com\/?p=24262"},"modified":"2025-03-13T08:57:00","modified_gmt":"2025-03-13T11:57:00","slug":"emotivo-reconocimiento-a-guardavidas-que-salvaron-la-vida-de-una-nina","status":"publish","type":"post","link":"https:\/\/diarioprincipios.com\/index.php\/2025\/03\/13\/emotivo-reconocimiento-a-guardavidas-que-salvaron-la-vida-de-una-nina\/","title":{"rendered":"Emotivo reconocimiento a Guardavidas que salvaron la vida de una ni\u00f1a"},"content":{"rendered":"\n<p>El concejal y secretario gremial de guardavidas Ariel Burtoli particip\u00f3 de un emotivo reconocimiento a 7 guardavidas por su valent\u00eda en un rescate heroico en el r\u00edo de Quilmes<\/p>\n\n\n\n<p>Ariel Burtoli , particip\u00f3 de un significativo acto de reconocimiento en el que se homenaje\u00f3 a siete guardavidas que, con valent\u00eda y profesionalismo, salvaron la vida de una ni\u00f1a que hab\u00eda quedado electrocutada en el r\u00edo de Quilmes.<\/p>\n\n\n\n<p>Durante el evento, que se desarroll\u00f3 en el colegio de guardavidas,Burtoli destac\u00f3 la dedicaci\u00f3n, coraje y compromiso de los guardavidas en la protecci\u00f3n de la vida y la seguridad de los ciudadanos, especialmente en situaciones de emergencia como la ocurrida en el r\u00edo de Quilmes.<\/p>\n\n\n\n<p>\u201cLa labor de nuestros guardavidas es fundamental y su entrega en situaciones extremas demuestra el valor y la preparaci\u00f3n que tienen. Hoy, celebramos no solo el rescate de esta ni\u00f1a, sino tambi\u00e9n el trabajo incansable de todos aquellos que ponen su vida en riesgo para salvar a los dem\u00e1s\u201d, expres\u00f3 Bartoli.<\/p>\n\n\n\n<p>El rescate tuvo lugar en un d\u00eda de gran concurrencia en el r\u00edo de Quilmes, cuando la ni\u00f1a sufri\u00f3 una descarga el\u00e9ctrica producto de un accidente con un cable de alta tensi\u00f3n. Los guardavidas presentes actuaron r\u00e1pidamente, logrando salvar la vida de la menor y evitando una tragedia mayor.<\/p>\n\n\n\n<p>Acompa\u00f1aron el reconocimiento , compa\u00f1eros de trabajo de los guardavidas, autoridades del<br>Sindicato y familiares de guardavidas quienes agradecieron el heroico gesto de los presentes.<\/p>\n\n\n\n<p>Este acto reafirma el compromiso de Burtoli y el sindicato de guardavidas con la seguridad en las playas y cuerpos de agua, y subraya la importancia de fortalecer la capacitaci\u00f3n y el apoyo a los trabajadores de la seguridad acu\u00e1tica en la regi\u00f3n.<\/p>\n","protected":false},"excerpt":{"rendered":"<p>El concejal y secretario gremial de guardavidas Ariel Burtoli particip\u00f3 de un emotivo reconocimiento a 7 guardavidas por su valent\u00eda en un rescate heroico en el r\u00edo de Quilmes Ariel Burtoli , particip\u00f3 de un significativo acto de reconocimiento en el que se homenaje\u00f3 a siete guardavidas que, con valent\u00eda y profesionalismo, salvaron la vida&#8230;<\/p>\n","protected":false},"author":2,"featured_media":24263,"comment_status":"open","ping_status":"open","sticky":false,"template":"","format":"standard","meta":{"footnotes":""},"categories":[4],"tags":[],"class_list":["post-24262","post","type-post","status-publish","format-standard","has-post-thumbnail","hentry","category-quilmes"],"featured_image_src":"https:\/\/diarioprincipios.com\/wp-content\/uploads\/2025\/03\/IMG-20250313-WA0001-1024x682.jpg","blog_images":{"medium":"https:\/\/diarioprincipios.com\/wp-content\/uploads\/2025\/03\/IMG-20250313-WA0001-300x200.jpg","large":"https:\/\/diarioprincipios.com\/wp-content\/uploads\/2025\/03\/IMG-20250313-WA0001-1024x682.jpg"},"ams_acf":[],"yoast_head":"<!-- This site is optimized with the Yoast SEO plugin v27.3 - https:\/\/yoast.com\/product\/yoast-seo-wordpress\/ -->\n<title>Emotivo reconocimiento a Guardavidas que salvaron la vida de una ni\u00f1a - Principios<\/title>\n<meta name=\"robots\" content=\"index, follow, max-snippet:-1, max-image-preview:large, max-video-preview:-1\" \/>\n<link rel=\"canonical\" href=\"https:\/\/diarioprincipios.com\/index.php\/2025\/03\/13\/emotivo-reconocimiento-a-guardavidas-que-salvaron-la-vida-de-una-nina\/\" \/>\n<meta property=\"og:locale\" content=\"es_ES\" \/>\n<meta property=\"og:type\" content=\"article\" \/>\n<meta property=\"og:title\" content=\"Emotivo reconocimiento a Guardavidas que salvaron la vida de una ni\u00f1a - Principios\" \/>\n<meta property=\"og:description\" content=\"El concejal y secretario gremial de guardavidas Ariel Burtoli particip\u00f3 de un emotivo reconocimiento a 7 guardavidas por su valent\u00eda en un rescate heroico en el r\u00edo de Quilmes Ariel Burtoli , particip\u00f3 de un significativo acto de reconocimiento en el que se homenaje\u00f3 a siete guardavidas que, con valent\u00eda y profesionalismo, salvaron la vida...\" \/>\n<meta property=\"og:url\" content=\"https:\/\/diarioprincipios.com\/index.php\/2025\/03\/13\/emotivo-reconocimiento-a-guardavidas-que-salvaron-la-vida-de-una-nina\/\" \/>\n<meta property=\"og:site_name\" content=\"Principios\" \/>\n<meta property=\"article:published_time\" content=\"2025-03-13T11:56:59+00:00\" \/>\n<meta property=\"article:modified_time\" content=\"2025-03-13T11:57:00+00:00\" \/>\n<meta property=\"og:image\" content=\"https:\/\/diarioprincipios.com\/wp-content\/uploads\/2025\/03\/IMG-20250313-WA0001.jpg\" \/>\n\t<meta property=\"og:image:width\" content=\"1600\" \/>\n\t<meta property=\"og:image:height\" content=\"1066\" \/>\n\t<meta property=\"og:image:type\" content=\"image\/jpeg\" \/>\n<meta name=\"author\" content=\"Hern\u00e1n L\u00f3pez\" \/>\n<meta name=\"twitter:card\" content=\"summary_large_image\" \/>\n<meta name=\"twitter:label1\" content=\"Escrito por\" \/>\n\t<meta name=\"twitter:data1\" content=\"Hern\u00e1n L\u00f3pez\" \/>\n\t<meta name=\"twitter:label2\" content=\"Tiempo de lectura\" \/>\n\t<meta name=\"twitter:data2\" content=\"2 minutos\" \/>\n<script type=\"application\/ld+json\" class=\"yoast-schema-graph\">{\"@context\":\"https:\\\/\\\/schema.org\",\"@graph\":[{\"@type\":\"Article\",\"@id\":\"https:\\\/\\\/diarioprincipios.com\\\/index.php\\\/2025\\\/03\\\/13\\\/emotivo-reconocimiento-a-guardavidas-que-salvaron-la-vida-de-una-nina\\\/#article\",\"isPartOf\":{\"@id\":\"https:\\\/\\\/diarioprincipios.com\\\/index.php\\\/2025\\\/03\\\/13\\\/emotivo-reconocimiento-a-guardavidas-que-salvaron-la-vida-de-una-nina\\\/\"},\"author\":{\"name\":\"Hern\u00e1n L\u00f3pez\",\"@id\":\"https:\\\/\\\/diarioprincipios.com\\\/#\\\/schema\\\/person\\\/436d5a1fd41a5e250e23ff5a6a7cb080\"},\"headline\":\"Emotivo reconocimiento a Guardavidas que salvaron la vida de una ni\u00f1a\",\"datePublished\":\"2025-03-13T11:56:59+00:00\",\"dateModified\":\"2025-03-13T11:57:00+00:00\",\"mainEntityOfPage\":{\"@id\":\"https:\\\/\\\/diarioprincipios.com\\\/index.php\\\/2025\\\/03\\\/13\\\/emotivo-reconocimiento-a-guardavidas-que-salvaron-la-vida-de-una-nina\\\/\"},\"wordCount\":313,\"commentCount\":0,\"publisher\":{\"@id\":\"https:\\\/\\\/diarioprincipios.com\\\/#organization\"},\"image\":{\"@id\":\"https:\\\/\\\/diarioprincipios.com\\\/index.php\\\/2025\\\/03\\\/13\\\/emotivo-reconocimiento-a-guardavidas-que-salvaron-la-vida-de-una-nina\\\/#primaryimage\"},\"thumbnailUrl\":\"https:\\\/\\\/diarioprincipios.com\\\/wp-content\\\/uploads\\\/2025\\\/03\\\/IMG-20250313-WA0001.jpg\",\"articleSection\":[\"Quilmes\"],\"inLanguage\":\"es\",\"potentialAction\":[{\"@type\":\"CommentAction\",\"name\":\"Comment\",\"target\":[\"https:\\\/\\\/diarioprincipios.com\\\/index.php\\\/2025\\\/03\\\/13\\\/emotivo-reconocimiento-a-guardavidas-que-salvaron-la-vida-de-una-nina\\\/#respond\"]}]},{\"@type\":\"WebPage\",\"@id\":\"https:\\\/\\\/diarioprincipios.com\\\/index.php\\\/2025\\\/03\\\/13\\\/emotivo-reconocimiento-a-guardavidas-que-salvaron-la-vida-de-una-nina\\\/\",\"url\":\"https:\\\/\\\/diarioprincipios.com\\\/index.php\\\/2025\\\/03\\\/13\\\/emotivo-reconocimiento-a-guardavidas-que-salvaron-la-vida-de-una-nina\\\/\",\"name\":\"Emotivo reconocimiento a Guardavidas que salvaron la vida de una ni\u00f1a - Principios\",\"isPartOf\":{\"@id\":\"https:\\\/\\\/diarioprincipios.com\\\/#website\"},\"primaryImageOfPage\":{\"@id\":\"https:\\\/\\\/diarioprincipios.com\\\/index.php\\\/2025\\\/03\\\/13\\\/emotivo-reconocimiento-a-guardavidas-que-salvaron-la-vida-de-una-nina\\\/#primaryimage\"},\"image\":{\"@id\":\"https:\\\/\\\/diarioprincipios.com\\\/index.php\\\/2025\\\/03\\\/13\\\/emotivo-reconocimiento-a-guardavidas-que-salvaron-la-vida-de-una-nina\\\/#primaryimage\"},\"thumbnailUrl\":\"https:\\\/\\\/diarioprincipios.com\\\/wp-content\\\/uploads\\\/2025\\\/03\\\/IMG-20250313-WA0001.jpg\",\"datePublished\":\"2025-03-13T11:56:59+00:00\",\"dateModified\":\"2025-03-13T11:57:00+00:00\",\"breadcrumb\":{\"@id\":\"https:\\\/\\\/diarioprincipios.com\\\/index.php\\\/2025\\\/03\\\/13\\\/emotivo-reconocimiento-a-guardavidas-que-salvaron-la-vida-de-una-nina\\\/#breadcrumb\"},\"inLanguage\":\"es\",\"potentialAction\":[{\"@type\":\"ReadAction\",\"target\":[\"https:\\\/\\\/diarioprincipios.com\\\/index.php\\\/2025\\\/03\\\/13\\\/emotivo-reconocimiento-a-guardavidas-que-salvaron-la-vida-de-una-nina\\\/\"]}]},{\"@type\":\"ImageObject\",\"inLanguage\":\"es\",\"@id\":\"https:\\\/\\\/diarioprincipios.com\\\/index.php\\\/2025\\\/03\\\/13\\\/emotivo-reconocimiento-a-guardavidas-que-salvaron-la-vida-de-una-nina\\\/#primaryimage\",\"url\":\"https:\\\/\\\/diarioprincipios.com\\\/wp-content\\\/uploads\\\/2025\\\/03\\\/IMG-20250313-WA0001.jpg\",\"contentUrl\":\"https:\\\/\\\/diarioprincipios.com\\\/wp-content\\\/uploads\\\/2025\\\/03\\\/IMG-20250313-WA0001.jpg\",\"width\":1600,\"height\":1066},{\"@type\":\"BreadcrumbList\",\"@id\":\"https:\\\/\\\/diarioprincipios.com\\\/index.php\\\/2025\\\/03\\\/13\\\/emotivo-reconocimiento-a-guardavidas-que-salvaron-la-vida-de-una-nina\\\/#breadcrumb\",\"itemListElement\":[{\"@type\":\"ListItem\",\"position\":1,\"name\":\"Portada\",\"item\":\"https:\\\/\\\/diarioprincipios.com\\\/\"},{\"@type\":\"ListItem\",\"position\":2,\"name\":\"Emotivo reconocimiento a Guardavidas que salvaron la vida de una ni\u00f1a\"}]},{\"@type\":\"WebSite\",\"@id\":\"https:\\\/\\\/diarioprincipios.com\\\/#website\",\"url\":\"https:\\\/\\\/diarioprincipios.com\\\/\",\"name\":\"Principios\",\"description\":\"Principios Diario\",\"publisher\":{\"@id\":\"https:\\\/\\\/diarioprincipios.com\\\/#organization\"},\"potentialAction\":[{\"@type\":\"SearchAction\",\"target\":{\"@type\":\"EntryPoint\",\"urlTemplate\":\"https:\\\/\\\/diarioprincipios.com\\\/?s={search_term_string}\"},\"query-input\":{\"@type\":\"PropertyValueSpecification\",\"valueRequired\":true,\"valueName\":\"search_term_string\"}}],\"inLanguage\":\"es\"},{\"@type\":\"Organization\",\"@id\":\"https:\\\/\\\/diarioprincipios.com\\\/#organization\",\"name\":\"Principios\",\"url\":\"https:\\\/\\\/diarioprincipios.com\\\/\",\"logo\":{\"@type\":\"ImageObject\",\"inLanguage\":\"es\",\"@id\":\"https:\\\/\\\/diarioprincipios.com\\\/#\\\/schema\\\/logo\\\/image\\\/\",\"url\":\"https:\\\/\\\/diarioprincipios.com\\\/wp-content\\\/uploads\\\/2024\\\/04\\\/cropped-www.diarioprincipios.com_-1.png\",\"contentUrl\":\"https:\\\/\\\/diarioprincipios.com\\\/wp-content\\\/uploads\\\/2024\\\/04\\\/cropped-www.diarioprincipios.com_-1.png\",\"width\":5325,\"height\":1454,\"caption\":\"Principios\"},\"image\":{\"@id\":\"https:\\\/\\\/diarioprincipios.com\\\/#\\\/schema\\\/logo\\\/image\\\/\"}},{\"@type\":\"Person\",\"@id\":\"https:\\\/\\\/diarioprincipios.com\\\/#\\\/schema\\\/person\\\/436d5a1fd41a5e250e23ff5a6a7cb080\",\"name\":\"Hern\u00e1n L\u00f3pez\",\"image\":{\"@type\":\"ImageObject\",\"inLanguage\":\"es\",\"@id\":\"https:\\\/\\\/diarioprincipios.com\\\/wp-content\\\/litespeed\\\/avatar\\\/11ddfe5610ff3bd100522525b2571f48.jpg?ver=1777048341\",\"url\":\"https:\\\/\\\/diarioprincipios.com\\\/wp-content\\\/litespeed\\\/avatar\\\/11ddfe5610ff3bd100522525b2571f48.jpg?ver=1777048341\",\"contentUrl\":\"https:\\\/\\\/diarioprincipios.com\\\/wp-content\\\/litespeed\\\/avatar\\\/11ddfe5610ff3bd100522525b2571f48.jpg?ver=1777048341\",\"caption\":\"Hern\u00e1n L\u00f3pez\"},\"url\":\"https:\\\/\\\/diarioprincipios.com\\\/index.php\\\/author\\\/hernan\\\/\"}]}<\/script>\n<!-- \/ Yoast SEO plugin. -->","yoast_head_json":{"title":"Emotivo reconocimiento a Guardavidas que salvaron la vida de una ni\u00f1a - Principios","robots":{"index":"index","follow":"follow","max-snippet":"max-snippet:-1","max-image-preview":"max-image-preview:large","max-video-preview":"max-video-preview:-1"},"canonical":"https:\/\/diarioprincipios.com\/index.php\/2025\/03\/13\/emotivo-reconocimiento-a-guardavidas-que-salvaron-la-vida-de-una-nina\/","og_locale":"es_ES","og_type":"article","og_title":"Emotivo reconocimiento a Guardavidas que salvaron la vida de una ni\u00f1a - Principios","og_description":"El concejal y secretario gremial de guardavidas Ariel Burtoli particip\u00f3 de un emotivo reconocimiento a 7 guardavidas por su valent\u00eda en un rescate heroico en el r\u00edo de Quilmes Ariel Burtoli , particip\u00f3 de un significativo acto de reconocimiento en el que se homenaje\u00f3 a siete guardavidas que, con valent\u00eda y profesionalismo, salvaron la vida...","og_url":"https:\/\/diarioprincipios.com\/index.php\/2025\/03\/13\/emotivo-reconocimiento-a-guardavidas-que-salvaron-la-vida-de-una-nina\/","og_site_name":"Principios","article_published_time":"2025-03-13T11:56:59+00:00","article_modified_time":"2025-03-13T11:57:00+00:00","og_image":[{"width":1600,"height":1066,"url":"https:\/\/diarioprincipios.com\/wp-content\/uploads\/2025\/03\/IMG-20250313-WA0001.jpg","type":"image\/jpeg"}],"author":"Hern\u00e1n L\u00f3pez","twitter_card":"summary_large_image","twitter_misc":{"Escrito por":"Hern\u00e1n L\u00f3pez","Tiempo de lectura":"2 minutos"},"schema":{"@context":"https:\/\/schema.org","@graph":[{"@type":"Article","@id":"https:\/\/diarioprincipios.com\/index.php\/2025\/03\/13\/emotivo-reconocimiento-a-guardavidas-que-salvaron-la-vida-de-una-nina\/#article","isPartOf":{"@id":"https:\/\/diarioprincipios.com\/index.php\/2025\/03\/13\/emotivo-reconocimiento-a-guardavidas-que-salvaron-la-vida-de-una-nina\/"},"author":{"name":"Hern\u00e1n L\u00f3pez","@id":"https:\/\/diarioprincipios.com\/#\/schema\/person\/436d5a1fd41a5e250e23ff5a6a7cb080"},"headline":"Emotivo reconocimiento a Guardavidas que salvaron la vida de una ni\u00f1a","datePublished":"2025-03-13T11:56:59+00:00","dateModified":"2025-03-13T11:57:00+00:00","mainEntityOfPage":{"@id":"https:\/\/diarioprincipios.com\/index.php\/2025\/03\/13\/emotivo-reconocimiento-a-guardavidas-que-salvaron-la-vida-de-una-nina\/"},"wordCount":313,"commentCount":0,"publisher":{"@id":"https:\/\/diarioprincipios.com\/#organization"},"image":{"@id":"https:\/\/diarioprincipios.com\/index.php\/2025\/03\/13\/emotivo-reconocimiento-a-guardavidas-que-salvaron-la-vida-de-una-nina\/#primaryimage"},"thumbnailUrl":"https:\/\/diarioprincipios.com\/wp-content\/uploads\/2025\/03\/IMG-20250313-WA0001.jpg","articleSection":["Quilmes"],"inLanguage":"es","potentialAction":[{"@type":"CommentAction","name":"Comment","target":["https:\/\/diarioprincipios.com\/index.php\/2025\/03\/13\/emotivo-reconocimiento-a-guardavidas-que-salvaron-la-vida-de-una-nina\/#respond"]}]},{"@type":"WebPage","@id":"https:\/\/diarioprincipios.com\/index.php\/2025\/03\/13\/emotivo-reconocimiento-a-guardavidas-que-salvaron-la-vida-de-una-nina\/","url":"https:\/\/diarioprincipios.com\/index.php\/2025\/03\/13\/emotivo-reconocimiento-a-guardavidas-que-salvaron-la-vida-de-una-nina\/","name":"Emotivo reconocimiento a Guardavidas que salvaron la vida de una ni\u00f1a - Principios","isPartOf":{"@id":"https:\/\/diarioprincipios.com\/#website"},"primaryImageOfPage":{"@id":"https:\/\/diarioprincipios.com\/index.php\/2025\/03\/13\/emotivo-reconocimiento-a-guardavidas-que-salvaron-la-vida-de-una-nina\/#primaryimage"},"image":{"@id":"https:\/\/diarioprincipios.com\/index.php\/2025\/03\/13\/emotivo-reconocimiento-a-guardavidas-que-salvaron-la-vida-de-una-nina\/#primaryimage"},"thumbnailUrl":"https:\/\/diarioprincipios.com\/wp-content\/uploads\/2025\/03\/IMG-20250313-WA0001.jpg","datePublished":"2025-03-13T11:56:59+00:00","dateModified":"2025-03-13T11:57:00+00:00","breadcrumb":{"@id":"https:\/\/diarioprincipios.com\/index.php\/2025\/03\/13\/emotivo-reconocimiento-a-guardavidas-que-salvaron-la-vida-de-una-nina\/#breadcrumb"},"inLanguage":"es","potentialAction":[{"@type":"ReadAction","target":["https:\/\/diarioprincipios.com\/index.php\/2025\/03\/13\/emotivo-reconocimiento-a-guardavidas-que-salvaron-la-vida-de-una-nina\/"]}]},{"@type":"ImageObject","inLanguage":"es","@id":"https:\/\/diarioprincipios.com\/index.php\/2025\/03\/13\/emotivo-reconocimiento-a-guardavidas-que-salvaron-la-vida-de-una-nina\/#primaryimage","url":"https:\/\/diarioprincipios.com\/wp-content\/uploads\/2025\/03\/IMG-20250313-WA0001.jpg","contentUrl":"https:\/\/diarioprincipios.com\/wp-content\/uploads\/2025\/03\/IMG-20250313-WA0001.jpg","width":1600,"height":1066},{"@type":"BreadcrumbList","@id":"https:\/\/diarioprincipios.com\/index.php\/2025\/03\/13\/emotivo-reconocimiento-a-guardavidas-que-salvaron-la-vida-de-una-nina\/#breadcrumb","itemListElement":[{"@type":"ListItem","position":1,"name":"Portada","item":"https:\/\/diarioprincipios.com\/"},{"@type":"ListItem","position":2,"name":"Emotivo reconocimiento a Guardavidas que salvaron la vida de una ni\u00f1a"}]},{"@type":"WebSite","@id":"https:\/\/diarioprincipios.com\/#website","url":"https:\/\/diarioprincipios.com\/","name":"Principios","description":"Principios Diario","publisher":{"@id":"https:\/\/diarioprincipios.com\/#organization"},"potentialAction":[{"@type":"SearchAction","target":{"@type":"EntryPoint","urlTemplate":"https:\/\/diarioprincipios.com\/?s={search_term_string}"},"query-input":{"@type":"PropertyValueSpecification","valueRequired":true,"valueName":"search_term_string"}}],"inLanguage":"es"},{"@type":"Organization","@id":"https:\/\/diarioprincipios.com\/#organization","name":"Principios","url":"https:\/\/diarioprincipios.com\/","logo":{"@type":"ImageObject","inLanguage":"es","@id":"https:\/\/diarioprincipios.com\/#\/schema\/logo\/image\/","url":"https:\/\/diarioprincipios.com\/wp-content\/uploads\/2024\/04\/cropped-www.diarioprincipios.com_-1.png","contentUrl":"https:\/\/diarioprincipios.com\/wp-content\/uploads\/2024\/04\/cropped-www.diarioprincipios.com_-1.png","width":5325,"height":1454,"caption":"Principios"},"image":{"@id":"https:\/\/diarioprincipios.com\/#\/schema\/logo\/image\/"}},{"@type":"Person","@id":"https:\/\/diarioprincipios.com\/#\/schema\/person\/436d5a1fd41a5e250e23ff5a6a7cb080","name":"Hern\u00e1n L\u00f3pez","image":{"@type":"ImageObject","inLanguage":"es","@id":"https:\/\/diarioprincipios.com\/wp-content\/litespeed\/avatar\/11ddfe5610ff3bd100522525b2571f48.jpg?ver=1777048341","url":"https:\/\/diarioprincipios.com\/wp-content\/litespeed\/avatar\/11ddfe5610ff3bd100522525b2571f48.jpg?ver=1777048341","contentUrl":"https:\/\/diarioprincipios.com\/wp-content\/litespeed\/avatar\/11ddfe5610ff3bd100522525b2571f48.jpg?ver=1777048341","caption":"Hern\u00e1n L\u00f3pez"},"url":"https:\/\/diarioprincipios.com\/index.php\/author\/hernan\/"}]}},"jetpack_featured_media_url":"https:\/\/diarioprincipios.com\/wp-content\/uploads\/2025\/03\/IMG-20250313-WA0001.jpg","_links":{"self":[{"href":"https:\/\/diarioprincipios.com\/index.php\/wp-json\/wp\/v2\/posts\/24262","targetHints":{"allow":["GET"]}}],"collection":[{"href":"https:\/\/diarioprincipios.com\/index.php\/wp-json\/wp\/v2\/posts"}],"about":[{"href":"https:\/\/diarioprincipios.com\/index.php\/wp-json\/wp\/v2\/types\/post"}],"author":[{"embeddable":true,"href":"https:\/\/diarioprincipios.com\/index.php\/wp-json\/wp\/v2\/users\/2"}],"replies":[{"embeddable":true,"href":"https:\/\/diarioprincipios.com\/index.php\/wp-json\/wp\/v2\/comments?post=24262"}],"version-history":[{"count":1,"href":"https:\/\/diarioprincipios.com\/index.php\/wp-json\/wp\/v2\/posts\/24262\/revisions"}],"predecessor-version":[{"id":24264,"href":"https:\/\/diarioprincipios.com\/index.php\/wp-json\/wp\/v2\/posts\/24262\/revisions\/24264"}],"wp:featuredmedia":[{"embeddable":true,"href":"https:\/\/diarioprincipios.com\/index.php\/wp-json\/wp\/v2\/media\/24263"}],"wp:attachment":[{"href":"https:\/\/diarioprincipios.com\/index.php\/wp-json\/wp\/v2\/media?parent=24262"}],"wp:term":[{"taxonomy":"category","embeddable":true,"href":"https:\/\/diarioprincipios.com\/index.php\/wp-json\/wp\/v2\/categories?post=24262"},{"taxonomy":"post_tag","embeddable":true,"href":"https:\/\/diarioprincipios.com\/index.php\/wp-json\/wp\/v2\/tags?post=24262"}],"curies":[{"name":"wp","href":"https:\/\/api.w.org\/{rel}","templated":true}]}}