{"id":24258,"date":"2025-03-12T10:21:48","date_gmt":"2025-03-12T13:21:48","guid":{"rendered":"https:\/\/diarioprincipios.com\/?p=24258"},"modified":"2025-03-12T10:21:48","modified_gmt":"2025-03-12T13:21:48","slug":"se-viene-la-4ta-edicion-de-la-calle-de-los-libros","status":"publish","type":"post","link":"https:\/\/diarioprincipios.com\/index.php\/2025\/03\/12\/se-viene-la-4ta-edicion-de-la-calle-de-los-libros\/","title":{"rendered":"Se viene la 4ta Edici\u00f3n de La Calle de los Libros"},"content":{"rendered":"\n<p><strong>El s\u00e1bado 15 y domingo 16 de marzo, artistas y editoriales locales y regionales se reunir\u00e1n en la 4ta edici\u00f3n de La Calle de los Libros. Esta iniciativa de la Municipalidad de Berazategui se realizar\u00e1 en el Complejo Cultural Municipal La Calle (148 y 18 A), de 15.00 a 21.00, con acceso libre y gratuito.<\/strong><br>Macarena de la Cuesta, directora del \u00e1rea de Industrias Creativas de la Secretar\u00eda de Cultura y Educaci\u00f3n municipal, coment\u00f3: \u201cEs una feria con m\u00e1s de 40 stands de editoriales independientes y artesanales, as\u00ed como artistas gr\u00e1ficos. Contar\u00e1 con un mont\u00f3n de presentaciones de libros de artistas locales y grandes invitados. La organizamos con el fin de reforzar el sector editorial local autogestivo, incentivar a difundir su obra y comercializar sus proyectos. Este evento es llevado adelante a trav\u00e9s de la Secretar\u00eda de Cultura y Educaci\u00f3n, y gracias al impulso que el intendente Juan Jos\u00e9 Mussi les da a estas iniciativas\u201d.<\/p>\n\n\n\n<figure class=\"wp-block-image size-large\"><img loading=\"lazy\" decoding=\"async\" width=\"819\" height=\"1024\" src=\"https:\/\/diarioprincipios.com\/wp-content\/uploads\/2025\/03\/BERAZATEGUI-SE-VIENE-LA-4TA-EDICION-DE-LA-CALLE-DE-LOS-LIBROS-819x1024.jpg\" alt=\"\" class=\"wp-image-24259\" srcset=\"https:\/\/diarioprincipios.com\/wp-content\/uploads\/2025\/03\/BERAZATEGUI-SE-VIENE-LA-4TA-EDICION-DE-LA-CALLE-DE-LOS-LIBROS-819x1024.jpg 819w, https:\/\/diarioprincipios.com\/wp-content\/uploads\/2025\/03\/BERAZATEGUI-SE-VIENE-LA-4TA-EDICION-DE-LA-CALLE-DE-LOS-LIBROS-240x300.jpg 240w, https:\/\/diarioprincipios.com\/wp-content\/uploads\/2025\/03\/BERAZATEGUI-SE-VIENE-LA-4TA-EDICION-DE-LA-CALLE-DE-LOS-LIBROS-768x960.jpg 768w, https:\/\/diarioprincipios.com\/wp-content\/uploads\/2025\/03\/BERAZATEGUI-SE-VIENE-LA-4TA-EDICION-DE-LA-CALLE-DE-LOS-LIBROS-1229x1536.jpg 1229w, https:\/\/diarioprincipios.com\/wp-content\/uploads\/2025\/03\/BERAZATEGUI-SE-VIENE-LA-4TA-EDICION-DE-LA-CALLE-DE-LOS-LIBROS.jpg 1280w\" sizes=\"auto, (max-width: 819px) 100vw, 819px\" \/><\/figure>\n\n\n\n<p><br>De esta manera, los vecinos y vecinas podr\u00e1n recorrer stands de librer\u00edas, editoriales independientes y bibliotecas populares, disfrutar de presentaciones de libros, charlas y lecturas. Adem\u00e1s, se presentar\u00e1n las publicaciones de la editorial municipal EdiBer, productores locales del Programa Regal\u00e1 Cultura y habr\u00e1 un espacio de intervenci\u00f3n visual, una propuesta para toda la familia.<br>Para conocer m\u00e1s acerca de las actividades culturales municipales, se puede ingresar en\u00a0<a href=\"http:\/\/berazategui.gob.ar\/cultura\" target=\"_blank\" rel=\"noreferrer noopener\">berazategui.gob.ar\/cultura<\/a>.<\/p>\n","protected":false},"excerpt":{"rendered":"<p>El s\u00e1bado 15 y domingo 16 de marzo, artistas y editoriales locales y regionales se reunir\u00e1n en la 4ta edici\u00f3n de La Calle de los Libros. Esta iniciativa de la Municipalidad de Berazategui se realizar\u00e1 en el Complejo Cultural Municipal La Calle (148 y 18 A), de 15.00 a 21.00, con acceso libre y gratuito.Macarena&#8230;<\/p>\n","protected":false},"author":2,"featured_media":24260,"comment_status":"open","ping_status":"open","sticky":false,"template":"","format":"standard","meta":{"footnotes":""},"categories":[3,19],"tags":[],"class_list":["post-24258","post","type-post","status-publish","format-standard","has-post-thumbnail","hentry","category-berazategui","category-cultura-educacion"],"featured_image_src":"https:\/\/diarioprincipios.com\/wp-content\/uploads\/2025\/03\/BERAZATEGUI-SE-VIENE-LA-4TA-EDICION-DE-LA-CALLE-DE-LOS-LIBROS-1-1024x682.jpg","blog_images":{"medium":"https:\/\/diarioprincipios.com\/wp-content\/uploads\/2025\/03\/BERAZATEGUI-SE-VIENE-LA-4TA-EDICION-DE-LA-CALLE-DE-LOS-LIBROS-1-300x200.jpg","large":"https:\/\/diarioprincipios.com\/wp-content\/uploads\/2025\/03\/BERAZATEGUI-SE-VIENE-LA-4TA-EDICION-DE-LA-CALLE-DE-LOS-LIBROS-1-1024x682.jpg"},"ams_acf":[],"yoast_head":"<!-- This site is optimized with the Yoast SEO plugin v27.3 - https:\/\/yoast.com\/product\/yoast-seo-wordpress\/ -->\n<title>Se viene la 4ta Edici\u00f3n de La Calle de los Libros - Principios<\/title>\n<meta name=\"robots\" content=\"index, follow, max-snippet:-1, max-image-preview:large, max-video-preview:-1\" \/>\n<link rel=\"canonical\" href=\"https:\/\/diarioprincipios.com\/index.php\/2025\/03\/12\/se-viene-la-4ta-edicion-de-la-calle-de-los-libros\/\" \/>\n<meta property=\"og:locale\" content=\"es_ES\" \/>\n<meta property=\"og:type\" content=\"article\" \/>\n<meta property=\"og:title\" content=\"Se viene la 4ta Edici\u00f3n de La Calle de los Libros - Principios\" \/>\n<meta property=\"og:description\" content=\"El s\u00e1bado 15 y domingo 16 de marzo, artistas y editoriales locales y regionales se reunir\u00e1n en la 4ta edici\u00f3n de La Calle de los Libros. Esta iniciativa de la Municipalidad de Berazategui se realizar\u00e1 en el Complejo Cultural Municipal La Calle (148 y 18 A), de 15.00 a 21.00, con acceso libre y gratuito.Macarena...\" \/>\n<meta property=\"og:url\" content=\"https:\/\/diarioprincipios.com\/index.php\/2025\/03\/12\/se-viene-la-4ta-edicion-de-la-calle-de-los-libros\/\" \/>\n<meta property=\"og:site_name\" content=\"Principios\" \/>\n<meta property=\"article:published_time\" content=\"2025-03-12T13:21:48+00:00\" \/>\n<meta property=\"og:image\" content=\"https:\/\/diarioprincipios.com\/wp-content\/uploads\/2025\/03\/BERAZATEGUI-SE-VIENE-LA-4TA-EDICION-DE-LA-CALLE-DE-LOS-LIBROS-1.jpg\" \/>\n\t<meta property=\"og:image:width\" content=\"1472\" \/>\n\t<meta property=\"og:image:height\" content=\"981\" \/>\n\t<meta property=\"og:image:type\" content=\"image\/jpeg\" \/>\n<meta name=\"author\" content=\"Hern\u00e1n L\u00f3pez\" \/>\n<meta name=\"twitter:card\" content=\"summary_large_image\" \/>\n<meta name=\"twitter:label1\" content=\"Escrito por\" \/>\n\t<meta name=\"twitter:data1\" content=\"Hern\u00e1n L\u00f3pez\" \/>\n\t<meta name=\"twitter:label2\" content=\"Tiempo de lectura\" \/>\n\t<meta name=\"twitter:data2\" content=\"2 minutos\" \/>\n<script type=\"application\/ld+json\" class=\"yoast-schema-graph\">{\"@context\":\"https:\\\/\\\/schema.org\",\"@graph\":[{\"@type\":\"Article\",\"@id\":\"https:\\\/\\\/diarioprincipios.com\\\/index.php\\\/2025\\\/03\\\/12\\\/se-viene-la-4ta-edicion-de-la-calle-de-los-libros\\\/#article\",\"isPartOf\":{\"@id\":\"https:\\\/\\\/diarioprincipios.com\\\/index.php\\\/2025\\\/03\\\/12\\\/se-viene-la-4ta-edicion-de-la-calle-de-los-libros\\\/\"},\"author\":{\"name\":\"Hern\u00e1n L\u00f3pez\",\"@id\":\"https:\\\/\\\/diarioprincipios.com\\\/#\\\/schema\\\/person\\\/436d5a1fd41a5e250e23ff5a6a7cb080\"},\"headline\":\"Se viene la 4ta Edici\u00f3n de La Calle de los Libros\",\"datePublished\":\"2025-03-12T13:21:48+00:00\",\"mainEntityOfPage\":{\"@id\":\"https:\\\/\\\/diarioprincipios.com\\\/index.php\\\/2025\\\/03\\\/12\\\/se-viene-la-4ta-edicion-de-la-calle-de-los-libros\\\/\"},\"wordCount\":248,\"commentCount\":0,\"publisher\":{\"@id\":\"https:\\\/\\\/diarioprincipios.com\\\/#organization\"},\"image\":{\"@id\":\"https:\\\/\\\/diarioprincipios.com\\\/index.php\\\/2025\\\/03\\\/12\\\/se-viene-la-4ta-edicion-de-la-calle-de-los-libros\\\/#primaryimage\"},\"thumbnailUrl\":\"https:\\\/\\\/diarioprincipios.com\\\/wp-content\\\/uploads\\\/2025\\\/03\\\/BERAZATEGUI-SE-VIENE-LA-4TA-EDICION-DE-LA-CALLE-DE-LOS-LIBROS-1.jpg\",\"articleSection\":[\"Berazategui\",\"Cultura y Educaci\u00f3n\"],\"inLanguage\":\"es\",\"potentialAction\":[{\"@type\":\"CommentAction\",\"name\":\"Comment\",\"target\":[\"https:\\\/\\\/diarioprincipios.com\\\/index.php\\\/2025\\\/03\\\/12\\\/se-viene-la-4ta-edicion-de-la-calle-de-los-libros\\\/#respond\"]}]},{\"@type\":\"WebPage\",\"@id\":\"https:\\\/\\\/diarioprincipios.com\\\/index.php\\\/2025\\\/03\\\/12\\\/se-viene-la-4ta-edicion-de-la-calle-de-los-libros\\\/\",\"url\":\"https:\\\/\\\/diarioprincipios.com\\\/index.php\\\/2025\\\/03\\\/12\\\/se-viene-la-4ta-edicion-de-la-calle-de-los-libros\\\/\",\"name\":\"Se viene la 4ta Edici\u00f3n de La Calle de los Libros - Principios\",\"isPartOf\":{\"@id\":\"https:\\\/\\\/diarioprincipios.com\\\/#website\"},\"primaryImageOfPage\":{\"@id\":\"https:\\\/\\\/diarioprincipios.com\\\/index.php\\\/2025\\\/03\\\/12\\\/se-viene-la-4ta-edicion-de-la-calle-de-los-libros\\\/#primaryimage\"},\"image\":{\"@id\":\"https:\\\/\\\/diarioprincipios.com\\\/index.php\\\/2025\\\/03\\\/12\\\/se-viene-la-4ta-edicion-de-la-calle-de-los-libros\\\/#primaryimage\"},\"thumbnailUrl\":\"https:\\\/\\\/diarioprincipios.com\\\/wp-content\\\/uploads\\\/2025\\\/03\\\/BERAZATEGUI-SE-VIENE-LA-4TA-EDICION-DE-LA-CALLE-DE-LOS-LIBROS-1.jpg\",\"datePublished\":\"2025-03-12T13:21:48+00:00\",\"breadcrumb\":{\"@id\":\"https:\\\/\\\/diarioprincipios.com\\\/index.php\\\/2025\\\/03\\\/12\\\/se-viene-la-4ta-edicion-de-la-calle-de-los-libros\\\/#breadcrumb\"},\"inLanguage\":\"es\",\"potentialAction\":[{\"@type\":\"ReadAction\",\"target\":[\"https:\\\/\\\/diarioprincipios.com\\\/index.php\\\/2025\\\/03\\\/12\\\/se-viene-la-4ta-edicion-de-la-calle-de-los-libros\\\/\"]}]},{\"@type\":\"ImageObject\",\"inLanguage\":\"es\",\"@id\":\"https:\\\/\\\/diarioprincipios.com\\\/index.php\\\/2025\\\/03\\\/12\\\/se-viene-la-4ta-edicion-de-la-calle-de-los-libros\\\/#primaryimage\",\"url\":\"https:\\\/\\\/diarioprincipios.com\\\/wp-content\\\/uploads\\\/2025\\\/03\\\/BERAZATEGUI-SE-VIENE-LA-4TA-EDICION-DE-LA-CALLE-DE-LOS-LIBROS-1.jpg\",\"contentUrl\":\"https:\\\/\\\/diarioprincipios.com\\\/wp-content\\\/uploads\\\/2025\\\/03\\\/BERAZATEGUI-SE-VIENE-LA-4TA-EDICION-DE-LA-CALLE-DE-LOS-LIBROS-1.jpg\",\"width\":1472,\"height\":981},{\"@type\":\"BreadcrumbList\",\"@id\":\"https:\\\/\\\/diarioprincipios.com\\\/index.php\\\/2025\\\/03\\\/12\\\/se-viene-la-4ta-edicion-de-la-calle-de-los-libros\\\/#breadcrumb\",\"itemListElement\":[{\"@type\":\"ListItem\",\"position\":1,\"name\":\"Portada\",\"item\":\"https:\\\/\\\/diarioprincipios.com\\\/\"},{\"@type\":\"ListItem\",\"position\":2,\"name\":\"Se viene la 4ta Edici\u00f3n de La Calle de los Libros\"}]},{\"@type\":\"WebSite\",\"@id\":\"https:\\\/\\\/diarioprincipios.com\\\/#website\",\"url\":\"https:\\\/\\\/diarioprincipios.com\\\/\",\"name\":\"Principios\",\"description\":\"Principios Diario\",\"publisher\":{\"@id\":\"https:\\\/\\\/diarioprincipios.com\\\/#organization\"},\"potentialAction\":[{\"@type\":\"SearchAction\",\"target\":{\"@type\":\"EntryPoint\",\"urlTemplate\":\"https:\\\/\\\/diarioprincipios.com\\\/?s={search_term_string}\"},\"query-input\":{\"@type\":\"PropertyValueSpecification\",\"valueRequired\":true,\"valueName\":\"search_term_string\"}}],\"inLanguage\":\"es\"},{\"@type\":\"Organization\",\"@id\":\"https:\\\/\\\/diarioprincipios.com\\\/#organization\",\"name\":\"Principios\",\"url\":\"https:\\\/\\\/diarioprincipios.com\\\/\",\"logo\":{\"@type\":\"ImageObject\",\"inLanguage\":\"es\",\"@id\":\"https:\\\/\\\/diarioprincipios.com\\\/#\\\/schema\\\/logo\\\/image\\\/\",\"url\":\"https:\\\/\\\/diarioprincipios.com\\\/wp-content\\\/uploads\\\/2024\\\/04\\\/cropped-www.diarioprincipios.com_-1.png\",\"contentUrl\":\"https:\\\/\\\/diarioprincipios.com\\\/wp-content\\\/uploads\\\/2024\\\/04\\\/cropped-www.diarioprincipios.com_-1.png\",\"width\":5325,\"height\":1454,\"caption\":\"Principios\"},\"image\":{\"@id\":\"https:\\\/\\\/diarioprincipios.com\\\/#\\\/schema\\\/logo\\\/image\\\/\"}},{\"@type\":\"Person\",\"@id\":\"https:\\\/\\\/diarioprincipios.com\\\/#\\\/schema\\\/person\\\/436d5a1fd41a5e250e23ff5a6a7cb080\",\"name\":\"Hern\u00e1n L\u00f3pez\",\"image\":{\"@type\":\"ImageObject\",\"inLanguage\":\"es\",\"@id\":\"https:\\\/\\\/diarioprincipios.com\\\/wp-content\\\/litespeed\\\/avatar\\\/11ddfe5610ff3bd100522525b2571f48.jpg?ver=1777048341\",\"url\":\"https:\\\/\\\/diarioprincipios.com\\\/wp-content\\\/litespeed\\\/avatar\\\/11ddfe5610ff3bd100522525b2571f48.jpg?ver=1777048341\",\"contentUrl\":\"https:\\\/\\\/diarioprincipios.com\\\/wp-content\\\/litespeed\\\/avatar\\\/11ddfe5610ff3bd100522525b2571f48.jpg?ver=1777048341\",\"caption\":\"Hern\u00e1n L\u00f3pez\"},\"url\":\"https:\\\/\\\/diarioprincipios.com\\\/index.php\\\/author\\\/hernan\\\/\"}]}<\/script>\n<!-- \/ Yoast SEO plugin. -->","yoast_head_json":{"title":"Se viene la 4ta Edici\u00f3n de La Calle de los Libros - Principios","robots":{"index":"index","follow":"follow","max-snippet":"max-snippet:-1","max-image-preview":"max-image-preview:large","max-video-preview":"max-video-preview:-1"},"canonical":"https:\/\/diarioprincipios.com\/index.php\/2025\/03\/12\/se-viene-la-4ta-edicion-de-la-calle-de-los-libros\/","og_locale":"es_ES","og_type":"article","og_title":"Se viene la 4ta Edici\u00f3n de La Calle de los Libros - Principios","og_description":"El s\u00e1bado 15 y domingo 16 de marzo, artistas y editoriales locales y regionales se reunir\u00e1n en la 4ta edici\u00f3n de La Calle de los Libros. Esta iniciativa de la Municipalidad de Berazategui se realizar\u00e1 en el Complejo Cultural Municipal La Calle (148 y 18 A), de 15.00 a 21.00, con acceso libre y gratuito.Macarena...","og_url":"https:\/\/diarioprincipios.com\/index.php\/2025\/03\/12\/se-viene-la-4ta-edicion-de-la-calle-de-los-libros\/","og_site_name":"Principios","article_published_time":"2025-03-12T13:21:48+00:00","og_image":[{"width":1472,"height":981,"url":"https:\/\/diarioprincipios.com\/wp-content\/uploads\/2025\/03\/BERAZATEGUI-SE-VIENE-LA-4TA-EDICION-DE-LA-CALLE-DE-LOS-LIBROS-1.jpg","type":"image\/jpeg"}],"author":"Hern\u00e1n L\u00f3pez","twitter_card":"summary_large_image","twitter_misc":{"Escrito por":"Hern\u00e1n L\u00f3pez","Tiempo de lectura":"2 minutos"},"schema":{"@context":"https:\/\/schema.org","@graph":[{"@type":"Article","@id":"https:\/\/diarioprincipios.com\/index.php\/2025\/03\/12\/se-viene-la-4ta-edicion-de-la-calle-de-los-libros\/#article","isPartOf":{"@id":"https:\/\/diarioprincipios.com\/index.php\/2025\/03\/12\/se-viene-la-4ta-edicion-de-la-calle-de-los-libros\/"},"author":{"name":"Hern\u00e1n L\u00f3pez","@id":"https:\/\/diarioprincipios.com\/#\/schema\/person\/436d5a1fd41a5e250e23ff5a6a7cb080"},"headline":"Se viene la 4ta Edici\u00f3n de La Calle de los Libros","datePublished":"2025-03-12T13:21:48+00:00","mainEntityOfPage":{"@id":"https:\/\/diarioprincipios.com\/index.php\/2025\/03\/12\/se-viene-la-4ta-edicion-de-la-calle-de-los-libros\/"},"wordCount":248,"commentCount":0,"publisher":{"@id":"https:\/\/diarioprincipios.com\/#organization"},"image":{"@id":"https:\/\/diarioprincipios.com\/index.php\/2025\/03\/12\/se-viene-la-4ta-edicion-de-la-calle-de-los-libros\/#primaryimage"},"thumbnailUrl":"https:\/\/diarioprincipios.com\/wp-content\/uploads\/2025\/03\/BERAZATEGUI-SE-VIENE-LA-4TA-EDICION-DE-LA-CALLE-DE-LOS-LIBROS-1.jpg","articleSection":["Berazategui","Cultura y Educaci\u00f3n"],"inLanguage":"es","potentialAction":[{"@type":"CommentAction","name":"Comment","target":["https:\/\/diarioprincipios.com\/index.php\/2025\/03\/12\/se-viene-la-4ta-edicion-de-la-calle-de-los-libros\/#respond"]}]},{"@type":"WebPage","@id":"https:\/\/diarioprincipios.com\/index.php\/2025\/03\/12\/se-viene-la-4ta-edicion-de-la-calle-de-los-libros\/","url":"https:\/\/diarioprincipios.com\/index.php\/2025\/03\/12\/se-viene-la-4ta-edicion-de-la-calle-de-los-libros\/","name":"Se viene la 4ta Edici\u00f3n de La Calle de los Libros - Principios","isPartOf":{"@id":"https:\/\/diarioprincipios.com\/#website"},"primaryImageOfPage":{"@id":"https:\/\/diarioprincipios.com\/index.php\/2025\/03\/12\/se-viene-la-4ta-edicion-de-la-calle-de-los-libros\/#primaryimage"},"image":{"@id":"https:\/\/diarioprincipios.com\/index.php\/2025\/03\/12\/se-viene-la-4ta-edicion-de-la-calle-de-los-libros\/#primaryimage"},"thumbnailUrl":"https:\/\/diarioprincipios.com\/wp-content\/uploads\/2025\/03\/BERAZATEGUI-SE-VIENE-LA-4TA-EDICION-DE-LA-CALLE-DE-LOS-LIBROS-1.jpg","datePublished":"2025-03-12T13:21:48+00:00","breadcrumb":{"@id":"https:\/\/diarioprincipios.com\/index.php\/2025\/03\/12\/se-viene-la-4ta-edicion-de-la-calle-de-los-libros\/#breadcrumb"},"inLanguage":"es","potentialAction":[{"@type":"ReadAction","target":["https:\/\/diarioprincipios.com\/index.php\/2025\/03\/12\/se-viene-la-4ta-edicion-de-la-calle-de-los-libros\/"]}]},{"@type":"ImageObject","inLanguage":"es","@id":"https:\/\/diarioprincipios.com\/index.php\/2025\/03\/12\/se-viene-la-4ta-edicion-de-la-calle-de-los-libros\/#primaryimage","url":"https:\/\/diarioprincipios.com\/wp-content\/uploads\/2025\/03\/BERAZATEGUI-SE-VIENE-LA-4TA-EDICION-DE-LA-CALLE-DE-LOS-LIBROS-1.jpg","contentUrl":"https:\/\/diarioprincipios.com\/wp-content\/uploads\/2025\/03\/BERAZATEGUI-SE-VIENE-LA-4TA-EDICION-DE-LA-CALLE-DE-LOS-LIBROS-1.jpg","width":1472,"height":981},{"@type":"BreadcrumbList","@id":"https:\/\/diarioprincipios.com\/index.php\/2025\/03\/12\/se-viene-la-4ta-edicion-de-la-calle-de-los-libros\/#breadcrumb","itemListElement":[{"@type":"ListItem","position":1,"name":"Portada","item":"https:\/\/diarioprincipios.com\/"},{"@type":"ListItem","position":2,"name":"Se viene la 4ta Edici\u00f3n de La Calle de los Libros"}]},{"@type":"WebSite","@id":"https:\/\/diarioprincipios.com\/#website","url":"https:\/\/diarioprincipios.com\/","name":"Principios","description":"Principios Diario","publisher":{"@id":"https:\/\/diarioprincipios.com\/#organization"},"potentialAction":[{"@type":"SearchAction","target":{"@type":"EntryPoint","urlTemplate":"https:\/\/diarioprincipios.com\/?s={search_term_string}"},"query-input":{"@type":"PropertyValueSpecification","valueRequired":true,"valueName":"search_term_string"}}],"inLanguage":"es"},{"@type":"Organization","@id":"https:\/\/diarioprincipios.com\/#organization","name":"Principios","url":"https:\/\/diarioprincipios.com\/","logo":{"@type":"ImageObject","inLanguage":"es","@id":"https:\/\/diarioprincipios.com\/#\/schema\/logo\/image\/","url":"https:\/\/diarioprincipios.com\/wp-content\/uploads\/2024\/04\/cropped-www.diarioprincipios.com_-1.png","contentUrl":"https:\/\/diarioprincipios.com\/wp-content\/uploads\/2024\/04\/cropped-www.diarioprincipios.com_-1.png","width":5325,"height":1454,"caption":"Principios"},"image":{"@id":"https:\/\/diarioprincipios.com\/#\/schema\/logo\/image\/"}},{"@type":"Person","@id":"https:\/\/diarioprincipios.com\/#\/schema\/person\/436d5a1fd41a5e250e23ff5a6a7cb080","name":"Hern\u00e1n L\u00f3pez","image":{"@type":"ImageObject","inLanguage":"es","@id":"https:\/\/diarioprincipios.com\/wp-content\/litespeed\/avatar\/11ddfe5610ff3bd100522525b2571f48.jpg?ver=1777048341","url":"https:\/\/diarioprincipios.com\/wp-content\/litespeed\/avatar\/11ddfe5610ff3bd100522525b2571f48.jpg?ver=1777048341","contentUrl":"https:\/\/diarioprincipios.com\/wp-content\/litespeed\/avatar\/11ddfe5610ff3bd100522525b2571f48.jpg?ver=1777048341","caption":"Hern\u00e1n L\u00f3pez"},"url":"https:\/\/diarioprincipios.com\/index.php\/author\/hernan\/"}]}},"jetpack_featured_media_url":"https:\/\/diarioprincipios.com\/wp-content\/uploads\/2025\/03\/BERAZATEGUI-SE-VIENE-LA-4TA-EDICION-DE-LA-CALLE-DE-LOS-LIBROS-1.jpg","_links":{"self":[{"href":"https:\/\/diarioprincipios.com\/index.php\/wp-json\/wp\/v2\/posts\/24258","targetHints":{"allow":["GET"]}}],"collection":[{"href":"https:\/\/diarioprincipios.com\/index.php\/wp-json\/wp\/v2\/posts"}],"about":[{"href":"https:\/\/diarioprincipios.com\/index.php\/wp-json\/wp\/v2\/types\/post"}],"author":[{"embeddable":true,"href":"https:\/\/diarioprincipios.com\/index.php\/wp-json\/wp\/v2\/users\/2"}],"replies":[{"embeddable":true,"href":"https:\/\/diarioprincipios.com\/index.php\/wp-json\/wp\/v2\/comments?post=24258"}],"version-history":[{"count":1,"href":"https:\/\/diarioprincipios.com\/index.php\/wp-json\/wp\/v2\/posts\/24258\/revisions"}],"predecessor-version":[{"id":24261,"href":"https:\/\/diarioprincipios.com\/index.php\/wp-json\/wp\/v2\/posts\/24258\/revisions\/24261"}],"wp:featuredmedia":[{"embeddable":true,"href":"https:\/\/diarioprincipios.com\/index.php\/wp-json\/wp\/v2\/media\/24260"}],"wp:attachment":[{"href":"https:\/\/diarioprincipios.com\/index.php\/wp-json\/wp\/v2\/media?parent=24258"}],"wp:term":[{"taxonomy":"category","embeddable":true,"href":"https:\/\/diarioprincipios.com\/index.php\/wp-json\/wp\/v2\/categories?post=24258"},{"taxonomy":"post_tag","embeddable":true,"href":"https:\/\/diarioprincipios.com\/index.php\/wp-json\/wp\/v2\/tags?post=24258"}],"curies":[{"name":"wp","href":"https:\/\/api.w.org\/{rel}","templated":true}]}}