{"id":24244,"date":"2025-03-10T13:34:53","date_gmt":"2025-03-10T16:34:53","guid":{"rendered":"https:\/\/diarioprincipios.com\/?p=24244"},"modified":"2025-03-10T13:34:54","modified_gmt":"2025-03-10T16:34:54","slug":"jorge-ferraresi-dio-inicio-al-112o-periodo-de-sesiones-ordinarias-del-hcd","status":"publish","type":"post","link":"https:\/\/diarioprincipios.com\/index.php\/2025\/03\/10\/jorge-ferraresi-dio-inicio-al-112o-periodo-de-sesiones-ordinarias-del-hcd\/","title":{"rendered":"Jorge Ferraresi dio inicio al 112\u00ba per\u00edodo de Sesiones Ordinarias del\u00a0HCD"},"content":{"rendered":"\n<p>El intendente de Avellaneda hizo un balance de gesti\u00f3n y destac\u00f3 la presencia del Estado provincial y local para concretar obras.<\/p>\n\n\n\n<p>Durante la apertura del 112\u00b0 per\u00edodo de Sesiones Ordinarias del&nbsp;Honorable Concejo Deliberante, Jorge Ferraresi brind\u00f3 el discurso inaugural, donde subray\u00f3 la ausencia del Gobierno nacional.<\/p>\n\n\n\n<p>En ese sentido, Ferraresi dijo que \u201c24 de las 27 obras que paraliz\u00f3 la Naci\u00f3n, las terminamos con fondos propios\u201d. \u201cSeguimos con la construcci\u00f3n de viviendas con fondos provinciales y municipales, salvo el programa Procrear que tiene 2717 viviendas paralizadas\u201d. El jefe comunal adelant\u00f3: \u201cVamos a presentar el programa municipal de viviendas: \u2018Tu casa, tu futuro\u2019. Un programa de esfuerzo compartido con la comunidad\u201d.<\/p>\n\n\n\n<p>\u201cTrabajamos por un Estado presente con eficacia\u201d, asegur\u00f3 el Intendente, y enumer\u00f3: \u201cGeneramos pol\u00edticas universales; Profundizamos Ni\u00f1ez, Familia y Adolescencia; Apuntamos a tener 39 Jardines Municipales Maternales y un nuevo edificio de Ni\u00f1ez en la calle 12 de Octubre\u201d.<\/p>\n\n\n\n<figure class=\"wp-block-image size-large\"><img loading=\"lazy\" decoding=\"async\" width=\"1024\" height=\"681\" src=\"https:\/\/diarioprincipios.com\/wp-content\/uploads\/2025\/03\/0004-1024x681.jpg\" alt=\"\" class=\"wp-image-24245\" srcset=\"https:\/\/diarioprincipios.com\/wp-content\/uploads\/2025\/03\/0004-1024x681.jpg 1024w, https:\/\/diarioprincipios.com\/wp-content\/uploads\/2025\/03\/0004-300x200.jpg 300w, https:\/\/diarioprincipios.com\/wp-content\/uploads\/2025\/03\/0004-768x511.jpg 768w, https:\/\/diarioprincipios.com\/wp-content\/uploads\/2025\/03\/0004-1536x1021.jpg 1536w, https:\/\/diarioprincipios.com\/wp-content\/uploads\/2025\/03\/0004-820x545.jpg 820w, https:\/\/diarioprincipios.com\/wp-content\/uploads\/2025\/03\/0004-600x400.jpg 600w, https:\/\/diarioprincipios.com\/wp-content\/uploads\/2025\/03\/0004.jpg 1600w\" sizes=\"auto, (max-width: 1024px) 100vw, 1024px\" \/><\/figure>\n\n\n\n<p>Confirm\u00f3 la continuaci\u00f3n de los programas municipales y adelant\u00f3 que \u201csumaremos el de computadoras para todos los pibes de las Secundarias\u201d. Tambi\u00e9n, que se abrir\u00e1n tres nuevas sedes del Envi\u00f3n y la construcci\u00f3n de cuatro nuevos centros de atenci\u00f3n primaria junto con Provincia de Buenos Aires.<\/p>\n\n\n\n<p>Sobre el \u00e1rea deportiva, valor\u00f3 los 1900 deportistas federados y los 25 mil vecinos que concurren a los polideportivos municipales. Adem\u00e1s, seguir\u00e1n las obras de construcci\u00f3n y mejoras en los polideportivos municipales.<\/p>\n\n\n\n<p>Por otro lado, destac\u00f3 los Puntos Culturales y los Institutos de Ense\u00f1anza Art\u00edstica, as\u00ed como la reapertura del auditorio Faur\u00e9 \u201ccomo espacio para la cultura local\u201d. Tambi\u00e9n, el nuevo espacio de archivo y experimentaci\u00f3n audiovisual, donde se conservar\u00e1 la obra de Leonardo Favio y Pino Solanas; y el nuevo Instituto de Folklore, donde funcionar\u00e1 el Museo Mercedes Sosa.<\/p>\n\n\n\n<p>\u201cSostendremos la pol\u00edtica de recuperaci\u00f3n del espacio p\u00fablico\u201d, expres\u00f3 Ferraresi e indic\u00f3 que \u201cjunto a Racing e Independiente trabajamos en un nuevo planeamiento y ordenamiento en la zona de los estadios\u201d.<\/p>\n\n\n\n<p>Respecto al Parque del R\u00edo, sumar\u00e1 10 hect\u00e1reas integradas a Eco \u00c1rea; y se construir\u00e1n nuevos viveros.<\/p>\n\n\n\n<p>Asegur\u00f3 que, con el apoyo de PBA, continuar\u00e1n las obras en las escuelas. \u201cVamos a tener el 50 % de escuelas con jornada completa\u201d y \u201cel 100 % de las aulas de jardines primarias y secundarias tendr\u00e1n aire acondicionado\u201d, dijo el intendente Ferraresi. \u201cA pesar del abandono del gobierno nacional, vamos a abrir dos centros para capacitar a personas con discapacidad\u201d, sigui\u00f3.<\/p>\n\n\n\n<figure class=\"wp-block-image size-large\"><img loading=\"lazy\" decoding=\"async\" width=\"1024\" height=\"681\" src=\"https:\/\/diarioprincipios.com\/wp-content\/uploads\/2025\/03\/0003-1024x681.jpg\" alt=\"\" class=\"wp-image-24246\" srcset=\"https:\/\/diarioprincipios.com\/wp-content\/uploads\/2025\/03\/0003-1024x681.jpg 1024w, https:\/\/diarioprincipios.com\/wp-content\/uploads\/2025\/03\/0003-300x200.jpg 300w, https:\/\/diarioprincipios.com\/wp-content\/uploads\/2025\/03\/0003-768x511.jpg 768w, https:\/\/diarioprincipios.com\/wp-content\/uploads\/2025\/03\/0003-1536x1021.jpg 1536w, https:\/\/diarioprincipios.com\/wp-content\/uploads\/2025\/03\/0003-820x545.jpg 820w, https:\/\/diarioprincipios.com\/wp-content\/uploads\/2025\/03\/0003-600x400.jpg 600w, https:\/\/diarioprincipios.com\/wp-content\/uploads\/2025\/03\/0003.jpg 1600w\" sizes=\"auto, (max-width: 1024px) 100vw, 1024px\" \/><\/figure>\n\n\n\n<p>El jefe comunal se refiri\u00f3 a las pr\u00f3ximas inauguraciones: \u201cEl 2 de abril vamos a inaugurar el Museo de Malvinas, un museo interactivo que ser\u00e1 el orgullo de la ciudad\u201d.<\/p>\n\n\n\n<p>\u201cEste a\u00f1o trabajamos en el edificio al lado de \u2018El infierno\u2019, que es el taller por donde se comunicaban con el centro clandestino: el 22 de marzo vamos a inaugurar las obras en ese edificio para mantener intacta la memoria\u201d.<\/p>\n\n\n\n<p>Sobre el final, Jorge Ferraresi se\u00f1al\u00f3 que \u201cla deuda de Naci\u00f3n con el Municipio de Avellaneda es de 7778 millones de pesos, por eso iniciaremos acciones legales para reclamarla\u201d.<\/p>\n\n\n\n<p>Y cerr\u00f3: \u201cEn este a\u00f1o electoral esperamos que todas las fuerzas puedan proponer, que sea un debate de propuestas y la sociedad decida qu\u00e9 ciudad quiere para vivir\u201d.<\/p>\n\n\n\n<p>Del acto particip\u00f3 la jefa de Gabinete, Magdalena Sierra; el presidente del&nbsp;HCD, Hugo Barrueco; funcionarixs del gabinete local; concejales; Hugo Caruso; Luis Sagol; la diputada M\u00f3nica Litza; el defensor del Pueblo, Daniel Garc\u00eda y el presidente del Consejo Escolar, Pablo Esp\u00f3sito; entre otras autoridades.<\/p>\n","protected":false},"excerpt":{"rendered":"<p>El intendente de Avellaneda hizo un balance de gesti\u00f3n y destac\u00f3 la presencia del Estado provincial y local para concretar obras. Durante la apertura del 112\u00b0 per\u00edodo de Sesiones Ordinarias del&nbsp;Honorable Concejo Deliberante, Jorge Ferraresi brind\u00f3 el discurso inaugural, donde subray\u00f3 la ausencia del Gobierno nacional. En ese sentido, Ferraresi dijo que \u201c24 de las&#8230;<\/p>\n","protected":false},"author":2,"featured_media":24247,"comment_status":"open","ping_status":"open","sticky":false,"template":"","format":"standard","meta":{"footnotes":""},"categories":[5,17],"tags":[],"class_list":["post-24244","post","type-post","status-publish","format-standard","has-post-thumbnail","hentry","category-avellaneda","category-zona-sur"],"featured_image_src":"https:\/\/diarioprincipios.com\/wp-content\/uploads\/2025\/03\/0001-1024x681.jpg","blog_images":{"medium":"https:\/\/diarioprincipios.com\/wp-content\/uploads\/2025\/03\/0001-300x200.jpg","large":"https:\/\/diarioprincipios.com\/wp-content\/uploads\/2025\/03\/0001-1024x681.jpg"},"ams_acf":[],"yoast_head":"<!-- This site is optimized with the Yoast SEO plugin v27.3 - https:\/\/yoast.com\/product\/yoast-seo-wordpress\/ -->\n<title>Jorge Ferraresi dio inicio al 112\u00ba per\u00edodo de Sesiones Ordinarias del\u00a0HCD - Principios<\/title>\n<meta name=\"robots\" content=\"index, follow, max-snippet:-1, max-image-preview:large, max-video-preview:-1\" \/>\n<link rel=\"canonical\" href=\"https:\/\/diarioprincipios.com\/index.php\/2025\/03\/10\/jorge-ferraresi-dio-inicio-al-112o-periodo-de-sesiones-ordinarias-del-hcd\/\" \/>\n<meta property=\"og:locale\" content=\"es_ES\" \/>\n<meta property=\"og:type\" content=\"article\" \/>\n<meta property=\"og:title\" content=\"Jorge Ferraresi dio inicio al 112\u00ba per\u00edodo de Sesiones Ordinarias del\u00a0HCD - Principios\" \/>\n<meta property=\"og:description\" content=\"El intendente de Avellaneda hizo un balance de gesti\u00f3n y destac\u00f3 la presencia del Estado provincial y local para concretar obras. Durante la apertura del 112\u00b0 per\u00edodo de Sesiones Ordinarias del&nbsp;Honorable Concejo Deliberante, Jorge Ferraresi brind\u00f3 el discurso inaugural, donde subray\u00f3 la ausencia del Gobierno nacional. En ese sentido, Ferraresi dijo que \u201c24 de las...\" \/>\n<meta property=\"og:url\" content=\"https:\/\/diarioprincipios.com\/index.php\/2025\/03\/10\/jorge-ferraresi-dio-inicio-al-112o-periodo-de-sesiones-ordinarias-del-hcd\/\" \/>\n<meta property=\"og:site_name\" content=\"Principios\" \/>\n<meta property=\"article:published_time\" content=\"2025-03-10T16:34:53+00:00\" \/>\n<meta property=\"article:modified_time\" content=\"2025-03-10T16:34:54+00:00\" \/>\n<meta property=\"og:image\" content=\"https:\/\/diarioprincipios.com\/wp-content\/uploads\/2025\/03\/0001.jpg\" \/>\n\t<meta property=\"og:image:width\" content=\"1600\" \/>\n\t<meta property=\"og:image:height\" content=\"1064\" \/>\n\t<meta property=\"og:image:type\" content=\"image\/jpeg\" \/>\n<meta name=\"author\" content=\"Hern\u00e1n L\u00f3pez\" \/>\n<meta name=\"twitter:card\" content=\"summary_large_image\" \/>\n<meta name=\"twitter:label1\" content=\"Escrito por\" \/>\n\t<meta name=\"twitter:data1\" content=\"Hern\u00e1n L\u00f3pez\" \/>\n\t<meta name=\"twitter:label2\" content=\"Tiempo de lectura\" \/>\n\t<meta name=\"twitter:data2\" content=\"4 minutos\" \/>\n<script type=\"application\/ld+json\" class=\"yoast-schema-graph\">{\"@context\":\"https:\\\/\\\/schema.org\",\"@graph\":[{\"@type\":\"Article\",\"@id\":\"https:\\\/\\\/diarioprincipios.com\\\/index.php\\\/2025\\\/03\\\/10\\\/jorge-ferraresi-dio-inicio-al-112o-periodo-de-sesiones-ordinarias-del-hcd\\\/#article\",\"isPartOf\":{\"@id\":\"https:\\\/\\\/diarioprincipios.com\\\/index.php\\\/2025\\\/03\\\/10\\\/jorge-ferraresi-dio-inicio-al-112o-periodo-de-sesiones-ordinarias-del-hcd\\\/\"},\"author\":{\"name\":\"Hern\u00e1n L\u00f3pez\",\"@id\":\"https:\\\/\\\/diarioprincipios.com\\\/#\\\/schema\\\/person\\\/436d5a1fd41a5e250e23ff5a6a7cb080\"},\"headline\":\"Jorge Ferraresi dio inicio al 112\u00ba per\u00edodo de Sesiones Ordinarias del\u00a0HCD\",\"datePublished\":\"2025-03-10T16:34:53+00:00\",\"dateModified\":\"2025-03-10T16:34:54+00:00\",\"mainEntityOfPage\":{\"@id\":\"https:\\\/\\\/diarioprincipios.com\\\/index.php\\\/2025\\\/03\\\/10\\\/jorge-ferraresi-dio-inicio-al-112o-periodo-de-sesiones-ordinarias-del-hcd\\\/\"},\"wordCount\":602,\"commentCount\":0,\"publisher\":{\"@id\":\"https:\\\/\\\/diarioprincipios.com\\\/#organization\"},\"image\":{\"@id\":\"https:\\\/\\\/diarioprincipios.com\\\/index.php\\\/2025\\\/03\\\/10\\\/jorge-ferraresi-dio-inicio-al-112o-periodo-de-sesiones-ordinarias-del-hcd\\\/#primaryimage\"},\"thumbnailUrl\":\"https:\\\/\\\/diarioprincipios.com\\\/wp-content\\\/uploads\\\/2025\\\/03\\\/0001.jpg\",\"articleSection\":[\"Avellaneda\",\"Zonar Sur\"],\"inLanguage\":\"es\",\"potentialAction\":[{\"@type\":\"CommentAction\",\"name\":\"Comment\",\"target\":[\"https:\\\/\\\/diarioprincipios.com\\\/index.php\\\/2025\\\/03\\\/10\\\/jorge-ferraresi-dio-inicio-al-112o-periodo-de-sesiones-ordinarias-del-hcd\\\/#respond\"]}]},{\"@type\":\"WebPage\",\"@id\":\"https:\\\/\\\/diarioprincipios.com\\\/index.php\\\/2025\\\/03\\\/10\\\/jorge-ferraresi-dio-inicio-al-112o-periodo-de-sesiones-ordinarias-del-hcd\\\/\",\"url\":\"https:\\\/\\\/diarioprincipios.com\\\/index.php\\\/2025\\\/03\\\/10\\\/jorge-ferraresi-dio-inicio-al-112o-periodo-de-sesiones-ordinarias-del-hcd\\\/\",\"name\":\"Jorge Ferraresi dio inicio al 112\u00ba per\u00edodo de Sesiones Ordinarias del\u00a0HCD - Principios\",\"isPartOf\":{\"@id\":\"https:\\\/\\\/diarioprincipios.com\\\/#website\"},\"primaryImageOfPage\":{\"@id\":\"https:\\\/\\\/diarioprincipios.com\\\/index.php\\\/2025\\\/03\\\/10\\\/jorge-ferraresi-dio-inicio-al-112o-periodo-de-sesiones-ordinarias-del-hcd\\\/#primaryimage\"},\"image\":{\"@id\":\"https:\\\/\\\/diarioprincipios.com\\\/index.php\\\/2025\\\/03\\\/10\\\/jorge-ferraresi-dio-inicio-al-112o-periodo-de-sesiones-ordinarias-del-hcd\\\/#primaryimage\"},\"thumbnailUrl\":\"https:\\\/\\\/diarioprincipios.com\\\/wp-content\\\/uploads\\\/2025\\\/03\\\/0001.jpg\",\"datePublished\":\"2025-03-10T16:34:53+00:00\",\"dateModified\":\"2025-03-10T16:34:54+00:00\",\"breadcrumb\":{\"@id\":\"https:\\\/\\\/diarioprincipios.com\\\/index.php\\\/2025\\\/03\\\/10\\\/jorge-ferraresi-dio-inicio-al-112o-periodo-de-sesiones-ordinarias-del-hcd\\\/#breadcrumb\"},\"inLanguage\":\"es\",\"potentialAction\":[{\"@type\":\"ReadAction\",\"target\":[\"https:\\\/\\\/diarioprincipios.com\\\/index.php\\\/2025\\\/03\\\/10\\\/jorge-ferraresi-dio-inicio-al-112o-periodo-de-sesiones-ordinarias-del-hcd\\\/\"]}]},{\"@type\":\"ImageObject\",\"inLanguage\":\"es\",\"@id\":\"https:\\\/\\\/diarioprincipios.com\\\/index.php\\\/2025\\\/03\\\/10\\\/jorge-ferraresi-dio-inicio-al-112o-periodo-de-sesiones-ordinarias-del-hcd\\\/#primaryimage\",\"url\":\"https:\\\/\\\/diarioprincipios.com\\\/wp-content\\\/uploads\\\/2025\\\/03\\\/0001.jpg\",\"contentUrl\":\"https:\\\/\\\/diarioprincipios.com\\\/wp-content\\\/uploads\\\/2025\\\/03\\\/0001.jpg\",\"width\":1600,\"height\":1064},{\"@type\":\"BreadcrumbList\",\"@id\":\"https:\\\/\\\/diarioprincipios.com\\\/index.php\\\/2025\\\/03\\\/10\\\/jorge-ferraresi-dio-inicio-al-112o-periodo-de-sesiones-ordinarias-del-hcd\\\/#breadcrumb\",\"itemListElement\":[{\"@type\":\"ListItem\",\"position\":1,\"name\":\"Portada\",\"item\":\"https:\\\/\\\/diarioprincipios.com\\\/\"},{\"@type\":\"ListItem\",\"position\":2,\"name\":\"Jorge Ferraresi dio inicio al 112\u00ba per\u00edodo de Sesiones Ordinarias del\u00a0HCD\"}]},{\"@type\":\"WebSite\",\"@id\":\"https:\\\/\\\/diarioprincipios.com\\\/#website\",\"url\":\"https:\\\/\\\/diarioprincipios.com\\\/\",\"name\":\"Principios\",\"description\":\"Principios Diario\",\"publisher\":{\"@id\":\"https:\\\/\\\/diarioprincipios.com\\\/#organization\"},\"potentialAction\":[{\"@type\":\"SearchAction\",\"target\":{\"@type\":\"EntryPoint\",\"urlTemplate\":\"https:\\\/\\\/diarioprincipios.com\\\/?s={search_term_string}\"},\"query-input\":{\"@type\":\"PropertyValueSpecification\",\"valueRequired\":true,\"valueName\":\"search_term_string\"}}],\"inLanguage\":\"es\"},{\"@type\":\"Organization\",\"@id\":\"https:\\\/\\\/diarioprincipios.com\\\/#organization\",\"name\":\"Principios\",\"url\":\"https:\\\/\\\/diarioprincipios.com\\\/\",\"logo\":{\"@type\":\"ImageObject\",\"inLanguage\":\"es\",\"@id\":\"https:\\\/\\\/diarioprincipios.com\\\/#\\\/schema\\\/logo\\\/image\\\/\",\"url\":\"https:\\\/\\\/diarioprincipios.com\\\/wp-content\\\/uploads\\\/2024\\\/04\\\/cropped-www.diarioprincipios.com_-1.png\",\"contentUrl\":\"https:\\\/\\\/diarioprincipios.com\\\/wp-content\\\/uploads\\\/2024\\\/04\\\/cropped-www.diarioprincipios.com_-1.png\",\"width\":5325,\"height\":1454,\"caption\":\"Principios\"},\"image\":{\"@id\":\"https:\\\/\\\/diarioprincipios.com\\\/#\\\/schema\\\/logo\\\/image\\\/\"}},{\"@type\":\"Person\",\"@id\":\"https:\\\/\\\/diarioprincipios.com\\\/#\\\/schema\\\/person\\\/436d5a1fd41a5e250e23ff5a6a7cb080\",\"name\":\"Hern\u00e1n L\u00f3pez\",\"image\":{\"@type\":\"ImageObject\",\"inLanguage\":\"es\",\"@id\":\"https:\\\/\\\/diarioprincipios.com\\\/wp-content\\\/litespeed\\\/avatar\\\/11ddfe5610ff3bd100522525b2571f48.jpg?ver=1777653193\",\"url\":\"https:\\\/\\\/diarioprincipios.com\\\/wp-content\\\/litespeed\\\/avatar\\\/11ddfe5610ff3bd100522525b2571f48.jpg?ver=1777653193\",\"contentUrl\":\"https:\\\/\\\/diarioprincipios.com\\\/wp-content\\\/litespeed\\\/avatar\\\/11ddfe5610ff3bd100522525b2571f48.jpg?ver=1777653193\",\"caption\":\"Hern\u00e1n L\u00f3pez\"},\"url\":\"https:\\\/\\\/diarioprincipios.com\\\/index.php\\\/author\\\/hernan\\\/\"}]}<\/script>\n<!-- \/ Yoast SEO plugin. -->","yoast_head_json":{"title":"Jorge Ferraresi dio inicio al 112\u00ba per\u00edodo de Sesiones Ordinarias del\u00a0HCD - Principios","robots":{"index":"index","follow":"follow","max-snippet":"max-snippet:-1","max-image-preview":"max-image-preview:large","max-video-preview":"max-video-preview:-1"},"canonical":"https:\/\/diarioprincipios.com\/index.php\/2025\/03\/10\/jorge-ferraresi-dio-inicio-al-112o-periodo-de-sesiones-ordinarias-del-hcd\/","og_locale":"es_ES","og_type":"article","og_title":"Jorge Ferraresi dio inicio al 112\u00ba per\u00edodo de Sesiones Ordinarias del\u00a0HCD - Principios","og_description":"El intendente de Avellaneda hizo un balance de gesti\u00f3n y destac\u00f3 la presencia del Estado provincial y local para concretar obras. Durante la apertura del 112\u00b0 per\u00edodo de Sesiones Ordinarias del&nbsp;Honorable Concejo Deliberante, Jorge Ferraresi brind\u00f3 el discurso inaugural, donde subray\u00f3 la ausencia del Gobierno nacional. En ese sentido, Ferraresi dijo que \u201c24 de las...","og_url":"https:\/\/diarioprincipios.com\/index.php\/2025\/03\/10\/jorge-ferraresi-dio-inicio-al-112o-periodo-de-sesiones-ordinarias-del-hcd\/","og_site_name":"Principios","article_published_time":"2025-03-10T16:34:53+00:00","article_modified_time":"2025-03-10T16:34:54+00:00","og_image":[{"width":1600,"height":1064,"url":"https:\/\/diarioprincipios.com\/wp-content\/uploads\/2025\/03\/0001.jpg","type":"image\/jpeg"}],"author":"Hern\u00e1n L\u00f3pez","twitter_card":"summary_large_image","twitter_misc":{"Escrito por":"Hern\u00e1n L\u00f3pez","Tiempo de lectura":"4 minutos"},"schema":{"@context":"https:\/\/schema.org","@graph":[{"@type":"Article","@id":"https:\/\/diarioprincipios.com\/index.php\/2025\/03\/10\/jorge-ferraresi-dio-inicio-al-112o-periodo-de-sesiones-ordinarias-del-hcd\/#article","isPartOf":{"@id":"https:\/\/diarioprincipios.com\/index.php\/2025\/03\/10\/jorge-ferraresi-dio-inicio-al-112o-periodo-de-sesiones-ordinarias-del-hcd\/"},"author":{"name":"Hern\u00e1n L\u00f3pez","@id":"https:\/\/diarioprincipios.com\/#\/schema\/person\/436d5a1fd41a5e250e23ff5a6a7cb080"},"headline":"Jorge Ferraresi dio inicio al 112\u00ba per\u00edodo de Sesiones Ordinarias del\u00a0HCD","datePublished":"2025-03-10T16:34:53+00:00","dateModified":"2025-03-10T16:34:54+00:00","mainEntityOfPage":{"@id":"https:\/\/diarioprincipios.com\/index.php\/2025\/03\/10\/jorge-ferraresi-dio-inicio-al-112o-periodo-de-sesiones-ordinarias-del-hcd\/"},"wordCount":602,"commentCount":0,"publisher":{"@id":"https:\/\/diarioprincipios.com\/#organization"},"image":{"@id":"https:\/\/diarioprincipios.com\/index.php\/2025\/03\/10\/jorge-ferraresi-dio-inicio-al-112o-periodo-de-sesiones-ordinarias-del-hcd\/#primaryimage"},"thumbnailUrl":"https:\/\/diarioprincipios.com\/wp-content\/uploads\/2025\/03\/0001.jpg","articleSection":["Avellaneda","Zonar Sur"],"inLanguage":"es","potentialAction":[{"@type":"CommentAction","name":"Comment","target":["https:\/\/diarioprincipios.com\/index.php\/2025\/03\/10\/jorge-ferraresi-dio-inicio-al-112o-periodo-de-sesiones-ordinarias-del-hcd\/#respond"]}]},{"@type":"WebPage","@id":"https:\/\/diarioprincipios.com\/index.php\/2025\/03\/10\/jorge-ferraresi-dio-inicio-al-112o-periodo-de-sesiones-ordinarias-del-hcd\/","url":"https:\/\/diarioprincipios.com\/index.php\/2025\/03\/10\/jorge-ferraresi-dio-inicio-al-112o-periodo-de-sesiones-ordinarias-del-hcd\/","name":"Jorge Ferraresi dio inicio al 112\u00ba per\u00edodo de Sesiones Ordinarias del\u00a0HCD - Principios","isPartOf":{"@id":"https:\/\/diarioprincipios.com\/#website"},"primaryImageOfPage":{"@id":"https:\/\/diarioprincipios.com\/index.php\/2025\/03\/10\/jorge-ferraresi-dio-inicio-al-112o-periodo-de-sesiones-ordinarias-del-hcd\/#primaryimage"},"image":{"@id":"https:\/\/diarioprincipios.com\/index.php\/2025\/03\/10\/jorge-ferraresi-dio-inicio-al-112o-periodo-de-sesiones-ordinarias-del-hcd\/#primaryimage"},"thumbnailUrl":"https:\/\/diarioprincipios.com\/wp-content\/uploads\/2025\/03\/0001.jpg","datePublished":"2025-03-10T16:34:53+00:00","dateModified":"2025-03-10T16:34:54+00:00","breadcrumb":{"@id":"https:\/\/diarioprincipios.com\/index.php\/2025\/03\/10\/jorge-ferraresi-dio-inicio-al-112o-periodo-de-sesiones-ordinarias-del-hcd\/#breadcrumb"},"inLanguage":"es","potentialAction":[{"@type":"ReadAction","target":["https:\/\/diarioprincipios.com\/index.php\/2025\/03\/10\/jorge-ferraresi-dio-inicio-al-112o-periodo-de-sesiones-ordinarias-del-hcd\/"]}]},{"@type":"ImageObject","inLanguage":"es","@id":"https:\/\/diarioprincipios.com\/index.php\/2025\/03\/10\/jorge-ferraresi-dio-inicio-al-112o-periodo-de-sesiones-ordinarias-del-hcd\/#primaryimage","url":"https:\/\/diarioprincipios.com\/wp-content\/uploads\/2025\/03\/0001.jpg","contentUrl":"https:\/\/diarioprincipios.com\/wp-content\/uploads\/2025\/03\/0001.jpg","width":1600,"height":1064},{"@type":"BreadcrumbList","@id":"https:\/\/diarioprincipios.com\/index.php\/2025\/03\/10\/jorge-ferraresi-dio-inicio-al-112o-periodo-de-sesiones-ordinarias-del-hcd\/#breadcrumb","itemListElement":[{"@type":"ListItem","position":1,"name":"Portada","item":"https:\/\/diarioprincipios.com\/"},{"@type":"ListItem","position":2,"name":"Jorge Ferraresi dio inicio al 112\u00ba per\u00edodo de Sesiones Ordinarias del\u00a0HCD"}]},{"@type":"WebSite","@id":"https:\/\/diarioprincipios.com\/#website","url":"https:\/\/diarioprincipios.com\/","name":"Principios","description":"Principios Diario","publisher":{"@id":"https:\/\/diarioprincipios.com\/#organization"},"potentialAction":[{"@type":"SearchAction","target":{"@type":"EntryPoint","urlTemplate":"https:\/\/diarioprincipios.com\/?s={search_term_string}"},"query-input":{"@type":"PropertyValueSpecification","valueRequired":true,"valueName":"search_term_string"}}],"inLanguage":"es"},{"@type":"Organization","@id":"https:\/\/diarioprincipios.com\/#organization","name":"Principios","url":"https:\/\/diarioprincipios.com\/","logo":{"@type":"ImageObject","inLanguage":"es","@id":"https:\/\/diarioprincipios.com\/#\/schema\/logo\/image\/","url":"https:\/\/diarioprincipios.com\/wp-content\/uploads\/2024\/04\/cropped-www.diarioprincipios.com_-1.png","contentUrl":"https:\/\/diarioprincipios.com\/wp-content\/uploads\/2024\/04\/cropped-www.diarioprincipios.com_-1.png","width":5325,"height":1454,"caption":"Principios"},"image":{"@id":"https:\/\/diarioprincipios.com\/#\/schema\/logo\/image\/"}},{"@type":"Person","@id":"https:\/\/diarioprincipios.com\/#\/schema\/person\/436d5a1fd41a5e250e23ff5a6a7cb080","name":"Hern\u00e1n L\u00f3pez","image":{"@type":"ImageObject","inLanguage":"es","@id":"https:\/\/diarioprincipios.com\/wp-content\/litespeed\/avatar\/11ddfe5610ff3bd100522525b2571f48.jpg?ver=1777653193","url":"https:\/\/diarioprincipios.com\/wp-content\/litespeed\/avatar\/11ddfe5610ff3bd100522525b2571f48.jpg?ver=1777653193","contentUrl":"https:\/\/diarioprincipios.com\/wp-content\/litespeed\/avatar\/11ddfe5610ff3bd100522525b2571f48.jpg?ver=1777653193","caption":"Hern\u00e1n L\u00f3pez"},"url":"https:\/\/diarioprincipios.com\/index.php\/author\/hernan\/"}]}},"jetpack_featured_media_url":"https:\/\/diarioprincipios.com\/wp-content\/uploads\/2025\/03\/0001.jpg","_links":{"self":[{"href":"https:\/\/diarioprincipios.com\/index.php\/wp-json\/wp\/v2\/posts\/24244","targetHints":{"allow":["GET"]}}],"collection":[{"href":"https:\/\/diarioprincipios.com\/index.php\/wp-json\/wp\/v2\/posts"}],"about":[{"href":"https:\/\/diarioprincipios.com\/index.php\/wp-json\/wp\/v2\/types\/post"}],"author":[{"embeddable":true,"href":"https:\/\/diarioprincipios.com\/index.php\/wp-json\/wp\/v2\/users\/2"}],"replies":[{"embeddable":true,"href":"https:\/\/diarioprincipios.com\/index.php\/wp-json\/wp\/v2\/comments?post=24244"}],"version-history":[{"count":1,"href":"https:\/\/diarioprincipios.com\/index.php\/wp-json\/wp\/v2\/posts\/24244\/revisions"}],"predecessor-version":[{"id":24248,"href":"https:\/\/diarioprincipios.com\/index.php\/wp-json\/wp\/v2\/posts\/24244\/revisions\/24248"}],"wp:featuredmedia":[{"embeddable":true,"href":"https:\/\/diarioprincipios.com\/index.php\/wp-json\/wp\/v2\/media\/24247"}],"wp:attachment":[{"href":"https:\/\/diarioprincipios.com\/index.php\/wp-json\/wp\/v2\/media?parent=24244"}],"wp:term":[{"taxonomy":"category","embeddable":true,"href":"https:\/\/diarioprincipios.com\/index.php\/wp-json\/wp\/v2\/categories?post=24244"},{"taxonomy":"post_tag","embeddable":true,"href":"https:\/\/diarioprincipios.com\/index.php\/wp-json\/wp\/v2\/tags?post=24244"}],"curies":[{"name":"wp","href":"https:\/\/api.w.org\/{rel}","templated":true}]}}