{"id":24072,"date":"2025-01-31T18:12:45","date_gmt":"2025-01-31T21:12:45","guid":{"rendered":"https:\/\/diarioprincipios.com\/?p=24072"},"modified":"2025-01-31T18:12:47","modified_gmt":"2025-01-31T21:12:47","slug":"el-incendio-en-la-reserva-natural-de-punta-lara-ya-esta-controlado","status":"publish","type":"post","link":"https:\/\/diarioprincipios.com\/index.php\/2025\/01\/31\/el-incendio-en-la-reserva-natural-de-punta-lara-ya-esta-controlado\/","title":{"rendered":"El Incendio en la Reserva Natural de Punta Lara ya est\u00e1 controlado"},"content":{"rendered":"\n<p>Los trabajos en el lugar estuvieron a cargo de la Direcci\u00f3n de Defensa Civil de la Provincia de Buenos Aires en conjunto con bomberos, la Cruz Roja, personal de AUBASA, los ministerios provinciales de Ambiente, Desarrollo Agrario, y de Seguridad. Tambi\u00e9n cont\u00f3 con la colaboraci\u00f3n del municipio de Berazategui. Las \u00e1reas que est\u00e1n interviniendo en el operativo llevado a cabo para combatir el fuego en la Reserva Natural de Punta Lara suman un total de 150 efectivos con 42 m\u00f3viles.<\/p>\n\n\n\n<p>Al respecto, el director provincial de Defensa Civil, Fabi\u00e1n Garc\u00eda, expres\u00f3: \u201cEl incendio est\u00e1 controlado. Hay una guardia permanente evitando que se reinicie para que el fuego no avance. Est\u00e1 participando un comando unificado organizado por la provincia de Buenos Aires y la participaci\u00f3n de la Municipalidad de Berazategui tambi\u00e9n es fundamental. Esta zona no es de soberan\u00eda municipal, aunque est\u00e9 en su territorio, sino que est\u00e1 a cargo de la Provincia. El intendente Juan Jos\u00e9 Mussi se comunic\u00f3 con nosotros porque est\u00e1 preocupado por la situaci\u00f3n y se puso a disposici\u00f3n\u201d.<\/p>\n\n\n\n<p>En tanto, el subsecretario municipal Federico Pereyra, indic\u00f3: \u201cDesde la Municipalidad de Berazategui colaboramos con Defensa Civil de la Provincia de Buenos Aires. Aportamos agua potable para los agentes que est\u00e1n trabajando, combustible, maquinaria vial pesada y apoyo del \u00e1rea de Defensa Civil de la Secretar\u00eda municipal de Control Urbano mediante log\u00edstica, equipamiento, agentes y la disposici\u00f3n de un drone\u201d.<\/p>\n\n\n\n<p>La Reserva Natural de Punta Lara est\u00e1 ubicada en los partidos de Ensenada y Berazategui y est\u00e1 protegida por las Leyes Provinciales N\u00b0 12.814 y N\u00b0 10.907. Ocupa una punta de la costa del R\u00edo de la Plata y se caracteriza por conservar la biodiversidad del ecosistema rioplatense. Su extensi\u00f3n es de 6 mil hect\u00e1reas. La Reserva Natural de Punta Lara est\u00e1 clasificada como Reserva Natural Integral. Es decir, es un \u00e1rea de m\u00e1xima protecci\u00f3n. Las actividades humanas est\u00e1n totalmente restringidas, incluso la recolecci\u00f3n cient\u00edfica est\u00e1 muy regulada, con el objetivo de mantener la preservaci\u00f3n estricta de los ecosistemas y su biodiversidad.<\/p>\n","protected":false},"excerpt":{"rendered":"<p>Los trabajos en el lugar estuvieron a cargo de la Direcci\u00f3n de Defensa Civil de la Provincia de Buenos Aires en conjunto con bomberos, la Cruz Roja, personal de AUBASA, los ministerios provinciales de Ambiente, Desarrollo Agrario, y de Seguridad. Tambi\u00e9n cont\u00f3 con la colaboraci\u00f3n del municipio de Berazategui. Las \u00e1reas que est\u00e1n interviniendo en&#8230;<\/p>\n","protected":false},"author":2,"featured_media":24073,"comment_status":"open","ping_status":"open","sticky":false,"template":"","format":"standard","meta":{"footnotes":""},"categories":[17],"tags":[],"class_list":["post-24072","post","type-post","status-publish","format-standard","has-post-thumbnail","hentry","category-zona-sur"],"featured_image_src":"https:\/\/diarioprincipios.com\/wp-content\/uploads\/2025\/01\/FB_IMG_1738357587106-1024x768.jpg","blog_images":{"medium":"https:\/\/diarioprincipios.com\/wp-content\/uploads\/2025\/01\/FB_IMG_1738357587106-300x225.jpg","large":"https:\/\/diarioprincipios.com\/wp-content\/uploads\/2025\/01\/FB_IMG_1738357587106-1024x768.jpg"},"ams_acf":[],"yoast_head":"<!-- This site is optimized with the Yoast SEO plugin v27.3 - https:\/\/yoast.com\/product\/yoast-seo-wordpress\/ -->\n<title>El Incendio en la Reserva Natural de Punta Lara ya est\u00e1 controlado - Principios<\/title>\n<meta name=\"robots\" content=\"index, follow, max-snippet:-1, max-image-preview:large, max-video-preview:-1\" \/>\n<link rel=\"canonical\" href=\"https:\/\/diarioprincipios.com\/index.php\/2025\/01\/31\/el-incendio-en-la-reserva-natural-de-punta-lara-ya-esta-controlado\/\" \/>\n<meta property=\"og:locale\" content=\"es_ES\" \/>\n<meta property=\"og:type\" content=\"article\" \/>\n<meta property=\"og:title\" content=\"El Incendio en la Reserva Natural de Punta Lara ya est\u00e1 controlado - Principios\" \/>\n<meta property=\"og:description\" content=\"Los trabajos en el lugar estuvieron a cargo de la Direcci\u00f3n de Defensa Civil de la Provincia de Buenos Aires en conjunto con bomberos, la Cruz Roja, personal de AUBASA, los ministerios provinciales de Ambiente, Desarrollo Agrario, y de Seguridad. Tambi\u00e9n cont\u00f3 con la colaboraci\u00f3n del municipio de Berazategui. Las \u00e1reas que est\u00e1n interviniendo en...\" \/>\n<meta property=\"og:url\" content=\"https:\/\/diarioprincipios.com\/index.php\/2025\/01\/31\/el-incendio-en-la-reserva-natural-de-punta-lara-ya-esta-controlado\/\" \/>\n<meta property=\"og:site_name\" content=\"Principios\" \/>\n<meta property=\"article:published_time\" content=\"2025-01-31T21:12:45+00:00\" \/>\n<meta property=\"article:modified_time\" content=\"2025-01-31T21:12:47+00:00\" \/>\n<meta property=\"og:image\" content=\"https:\/\/diarioprincipios.com\/wp-content\/uploads\/2025\/01\/FB_IMG_1738357587106.jpg\" \/>\n\t<meta property=\"og:image:width\" content=\"1080\" \/>\n\t<meta property=\"og:image:height\" content=\"810\" \/>\n\t<meta property=\"og:image:type\" content=\"image\/jpeg\" \/>\n<meta name=\"author\" content=\"Hern\u00e1n L\u00f3pez\" \/>\n<meta name=\"twitter:card\" content=\"summary_large_image\" \/>\n<meta name=\"twitter:label1\" content=\"Escrito por\" \/>\n\t<meta name=\"twitter:data1\" content=\"Hern\u00e1n L\u00f3pez\" \/>\n\t<meta name=\"twitter:label2\" content=\"Tiempo de lectura\" \/>\n\t<meta name=\"twitter:data2\" content=\"2 minutos\" \/>\n<script type=\"application\/ld+json\" class=\"yoast-schema-graph\">{\"@context\":\"https:\\\/\\\/schema.org\",\"@graph\":[{\"@type\":\"Article\",\"@id\":\"https:\\\/\\\/diarioprincipios.com\\\/index.php\\\/2025\\\/01\\\/31\\\/el-incendio-en-la-reserva-natural-de-punta-lara-ya-esta-controlado\\\/#article\",\"isPartOf\":{\"@id\":\"https:\\\/\\\/diarioprincipios.com\\\/index.php\\\/2025\\\/01\\\/31\\\/el-incendio-en-la-reserva-natural-de-punta-lara-ya-esta-controlado\\\/\"},\"author\":{\"name\":\"Hern\u00e1n L\u00f3pez\",\"@id\":\"https:\\\/\\\/diarioprincipios.com\\\/#\\\/schema\\\/person\\\/436d5a1fd41a5e250e23ff5a6a7cb080\"},\"headline\":\"El Incendio en la Reserva Natural de Punta Lara ya est\u00e1 controlado\",\"datePublished\":\"2025-01-31T21:12:45+00:00\",\"dateModified\":\"2025-01-31T21:12:47+00:00\",\"mainEntityOfPage\":{\"@id\":\"https:\\\/\\\/diarioprincipios.com\\\/index.php\\\/2025\\\/01\\\/31\\\/el-incendio-en-la-reserva-natural-de-punta-lara-ya-esta-controlado\\\/\"},\"wordCount\":366,\"commentCount\":0,\"publisher\":{\"@id\":\"https:\\\/\\\/diarioprincipios.com\\\/#organization\"},\"image\":{\"@id\":\"https:\\\/\\\/diarioprincipios.com\\\/index.php\\\/2025\\\/01\\\/31\\\/el-incendio-en-la-reserva-natural-de-punta-lara-ya-esta-controlado\\\/#primaryimage\"},\"thumbnailUrl\":\"https:\\\/\\\/diarioprincipios.com\\\/wp-content\\\/uploads\\\/2025\\\/01\\\/FB_IMG_1738357587106.jpg\",\"articleSection\":[\"Zonar Sur\"],\"inLanguage\":\"es\",\"potentialAction\":[{\"@type\":\"CommentAction\",\"name\":\"Comment\",\"target\":[\"https:\\\/\\\/diarioprincipios.com\\\/index.php\\\/2025\\\/01\\\/31\\\/el-incendio-en-la-reserva-natural-de-punta-lara-ya-esta-controlado\\\/#respond\"]}]},{\"@type\":\"WebPage\",\"@id\":\"https:\\\/\\\/diarioprincipios.com\\\/index.php\\\/2025\\\/01\\\/31\\\/el-incendio-en-la-reserva-natural-de-punta-lara-ya-esta-controlado\\\/\",\"url\":\"https:\\\/\\\/diarioprincipios.com\\\/index.php\\\/2025\\\/01\\\/31\\\/el-incendio-en-la-reserva-natural-de-punta-lara-ya-esta-controlado\\\/\",\"name\":\"El Incendio en la Reserva Natural de Punta Lara ya est\u00e1 controlado - Principios\",\"isPartOf\":{\"@id\":\"https:\\\/\\\/diarioprincipios.com\\\/#website\"},\"primaryImageOfPage\":{\"@id\":\"https:\\\/\\\/diarioprincipios.com\\\/index.php\\\/2025\\\/01\\\/31\\\/el-incendio-en-la-reserva-natural-de-punta-lara-ya-esta-controlado\\\/#primaryimage\"},\"image\":{\"@id\":\"https:\\\/\\\/diarioprincipios.com\\\/index.php\\\/2025\\\/01\\\/31\\\/el-incendio-en-la-reserva-natural-de-punta-lara-ya-esta-controlado\\\/#primaryimage\"},\"thumbnailUrl\":\"https:\\\/\\\/diarioprincipios.com\\\/wp-content\\\/uploads\\\/2025\\\/01\\\/FB_IMG_1738357587106.jpg\",\"datePublished\":\"2025-01-31T21:12:45+00:00\",\"dateModified\":\"2025-01-31T21:12:47+00:00\",\"breadcrumb\":{\"@id\":\"https:\\\/\\\/diarioprincipios.com\\\/index.php\\\/2025\\\/01\\\/31\\\/el-incendio-en-la-reserva-natural-de-punta-lara-ya-esta-controlado\\\/#breadcrumb\"},\"inLanguage\":\"es\",\"potentialAction\":[{\"@type\":\"ReadAction\",\"target\":[\"https:\\\/\\\/diarioprincipios.com\\\/index.php\\\/2025\\\/01\\\/31\\\/el-incendio-en-la-reserva-natural-de-punta-lara-ya-esta-controlado\\\/\"]}]},{\"@type\":\"ImageObject\",\"inLanguage\":\"es\",\"@id\":\"https:\\\/\\\/diarioprincipios.com\\\/index.php\\\/2025\\\/01\\\/31\\\/el-incendio-en-la-reserva-natural-de-punta-lara-ya-esta-controlado\\\/#primaryimage\",\"url\":\"https:\\\/\\\/diarioprincipios.com\\\/wp-content\\\/uploads\\\/2025\\\/01\\\/FB_IMG_1738357587106.jpg\",\"contentUrl\":\"https:\\\/\\\/diarioprincipios.com\\\/wp-content\\\/uploads\\\/2025\\\/01\\\/FB_IMG_1738357587106.jpg\",\"width\":1080,\"height\":810},{\"@type\":\"BreadcrumbList\",\"@id\":\"https:\\\/\\\/diarioprincipios.com\\\/index.php\\\/2025\\\/01\\\/31\\\/el-incendio-en-la-reserva-natural-de-punta-lara-ya-esta-controlado\\\/#breadcrumb\",\"itemListElement\":[{\"@type\":\"ListItem\",\"position\":1,\"name\":\"Portada\",\"item\":\"https:\\\/\\\/diarioprincipios.com\\\/\"},{\"@type\":\"ListItem\",\"position\":2,\"name\":\"El Incendio en la Reserva Natural de Punta Lara ya est\u00e1 controlado\"}]},{\"@type\":\"WebSite\",\"@id\":\"https:\\\/\\\/diarioprincipios.com\\\/#website\",\"url\":\"https:\\\/\\\/diarioprincipios.com\\\/\",\"name\":\"Principios\",\"description\":\"Principios Diario\",\"publisher\":{\"@id\":\"https:\\\/\\\/diarioprincipios.com\\\/#organization\"},\"potentialAction\":[{\"@type\":\"SearchAction\",\"target\":{\"@type\":\"EntryPoint\",\"urlTemplate\":\"https:\\\/\\\/diarioprincipios.com\\\/?s={search_term_string}\"},\"query-input\":{\"@type\":\"PropertyValueSpecification\",\"valueRequired\":true,\"valueName\":\"search_term_string\"}}],\"inLanguage\":\"es\"},{\"@type\":\"Organization\",\"@id\":\"https:\\\/\\\/diarioprincipios.com\\\/#organization\",\"name\":\"Principios\",\"url\":\"https:\\\/\\\/diarioprincipios.com\\\/\",\"logo\":{\"@type\":\"ImageObject\",\"inLanguage\":\"es\",\"@id\":\"https:\\\/\\\/diarioprincipios.com\\\/#\\\/schema\\\/logo\\\/image\\\/\",\"url\":\"https:\\\/\\\/diarioprincipios.com\\\/wp-content\\\/uploads\\\/2024\\\/04\\\/cropped-www.diarioprincipios.com_-1.png\",\"contentUrl\":\"https:\\\/\\\/diarioprincipios.com\\\/wp-content\\\/uploads\\\/2024\\\/04\\\/cropped-www.diarioprincipios.com_-1.png\",\"width\":5325,\"height\":1454,\"caption\":\"Principios\"},\"image\":{\"@id\":\"https:\\\/\\\/diarioprincipios.com\\\/#\\\/schema\\\/logo\\\/image\\\/\"}},{\"@type\":\"Person\",\"@id\":\"https:\\\/\\\/diarioprincipios.com\\\/#\\\/schema\\\/person\\\/436d5a1fd41a5e250e23ff5a6a7cb080\",\"name\":\"Hern\u00e1n L\u00f3pez\",\"image\":{\"@type\":\"ImageObject\",\"inLanguage\":\"es\",\"@id\":\"https:\\\/\\\/diarioprincipios.com\\\/wp-content\\\/litespeed\\\/avatar\\\/11ddfe5610ff3bd100522525b2571f48.jpg?ver=1777653193\",\"url\":\"https:\\\/\\\/diarioprincipios.com\\\/wp-content\\\/litespeed\\\/avatar\\\/11ddfe5610ff3bd100522525b2571f48.jpg?ver=1777653193\",\"contentUrl\":\"https:\\\/\\\/diarioprincipios.com\\\/wp-content\\\/litespeed\\\/avatar\\\/11ddfe5610ff3bd100522525b2571f48.jpg?ver=1777653193\",\"caption\":\"Hern\u00e1n L\u00f3pez\"},\"url\":\"https:\\\/\\\/diarioprincipios.com\\\/index.php\\\/author\\\/hernan\\\/\"}]}<\/script>\n<!-- \/ Yoast SEO plugin. -->","yoast_head_json":{"title":"El Incendio en la Reserva Natural de Punta Lara ya est\u00e1 controlado - Principios","robots":{"index":"index","follow":"follow","max-snippet":"max-snippet:-1","max-image-preview":"max-image-preview:large","max-video-preview":"max-video-preview:-1"},"canonical":"https:\/\/diarioprincipios.com\/index.php\/2025\/01\/31\/el-incendio-en-la-reserva-natural-de-punta-lara-ya-esta-controlado\/","og_locale":"es_ES","og_type":"article","og_title":"El Incendio en la Reserva Natural de Punta Lara ya est\u00e1 controlado - Principios","og_description":"Los trabajos en el lugar estuvieron a cargo de la Direcci\u00f3n de Defensa Civil de la Provincia de Buenos Aires en conjunto con bomberos, la Cruz Roja, personal de AUBASA, los ministerios provinciales de Ambiente, Desarrollo Agrario, y de Seguridad. Tambi\u00e9n cont\u00f3 con la colaboraci\u00f3n del municipio de Berazategui. Las \u00e1reas que est\u00e1n interviniendo en...","og_url":"https:\/\/diarioprincipios.com\/index.php\/2025\/01\/31\/el-incendio-en-la-reserva-natural-de-punta-lara-ya-esta-controlado\/","og_site_name":"Principios","article_published_time":"2025-01-31T21:12:45+00:00","article_modified_time":"2025-01-31T21:12:47+00:00","og_image":[{"width":1080,"height":810,"url":"https:\/\/diarioprincipios.com\/wp-content\/uploads\/2025\/01\/FB_IMG_1738357587106.jpg","type":"image\/jpeg"}],"author":"Hern\u00e1n L\u00f3pez","twitter_card":"summary_large_image","twitter_misc":{"Escrito por":"Hern\u00e1n L\u00f3pez","Tiempo de lectura":"2 minutos"},"schema":{"@context":"https:\/\/schema.org","@graph":[{"@type":"Article","@id":"https:\/\/diarioprincipios.com\/index.php\/2025\/01\/31\/el-incendio-en-la-reserva-natural-de-punta-lara-ya-esta-controlado\/#article","isPartOf":{"@id":"https:\/\/diarioprincipios.com\/index.php\/2025\/01\/31\/el-incendio-en-la-reserva-natural-de-punta-lara-ya-esta-controlado\/"},"author":{"name":"Hern\u00e1n L\u00f3pez","@id":"https:\/\/diarioprincipios.com\/#\/schema\/person\/436d5a1fd41a5e250e23ff5a6a7cb080"},"headline":"El Incendio en la Reserva Natural de Punta Lara ya est\u00e1 controlado","datePublished":"2025-01-31T21:12:45+00:00","dateModified":"2025-01-31T21:12:47+00:00","mainEntityOfPage":{"@id":"https:\/\/diarioprincipios.com\/index.php\/2025\/01\/31\/el-incendio-en-la-reserva-natural-de-punta-lara-ya-esta-controlado\/"},"wordCount":366,"commentCount":0,"publisher":{"@id":"https:\/\/diarioprincipios.com\/#organization"},"image":{"@id":"https:\/\/diarioprincipios.com\/index.php\/2025\/01\/31\/el-incendio-en-la-reserva-natural-de-punta-lara-ya-esta-controlado\/#primaryimage"},"thumbnailUrl":"https:\/\/diarioprincipios.com\/wp-content\/uploads\/2025\/01\/FB_IMG_1738357587106.jpg","articleSection":["Zonar Sur"],"inLanguage":"es","potentialAction":[{"@type":"CommentAction","name":"Comment","target":["https:\/\/diarioprincipios.com\/index.php\/2025\/01\/31\/el-incendio-en-la-reserva-natural-de-punta-lara-ya-esta-controlado\/#respond"]}]},{"@type":"WebPage","@id":"https:\/\/diarioprincipios.com\/index.php\/2025\/01\/31\/el-incendio-en-la-reserva-natural-de-punta-lara-ya-esta-controlado\/","url":"https:\/\/diarioprincipios.com\/index.php\/2025\/01\/31\/el-incendio-en-la-reserva-natural-de-punta-lara-ya-esta-controlado\/","name":"El Incendio en la Reserva Natural de Punta Lara ya est\u00e1 controlado - Principios","isPartOf":{"@id":"https:\/\/diarioprincipios.com\/#website"},"primaryImageOfPage":{"@id":"https:\/\/diarioprincipios.com\/index.php\/2025\/01\/31\/el-incendio-en-la-reserva-natural-de-punta-lara-ya-esta-controlado\/#primaryimage"},"image":{"@id":"https:\/\/diarioprincipios.com\/index.php\/2025\/01\/31\/el-incendio-en-la-reserva-natural-de-punta-lara-ya-esta-controlado\/#primaryimage"},"thumbnailUrl":"https:\/\/diarioprincipios.com\/wp-content\/uploads\/2025\/01\/FB_IMG_1738357587106.jpg","datePublished":"2025-01-31T21:12:45+00:00","dateModified":"2025-01-31T21:12:47+00:00","breadcrumb":{"@id":"https:\/\/diarioprincipios.com\/index.php\/2025\/01\/31\/el-incendio-en-la-reserva-natural-de-punta-lara-ya-esta-controlado\/#breadcrumb"},"inLanguage":"es","potentialAction":[{"@type":"ReadAction","target":["https:\/\/diarioprincipios.com\/index.php\/2025\/01\/31\/el-incendio-en-la-reserva-natural-de-punta-lara-ya-esta-controlado\/"]}]},{"@type":"ImageObject","inLanguage":"es","@id":"https:\/\/diarioprincipios.com\/index.php\/2025\/01\/31\/el-incendio-en-la-reserva-natural-de-punta-lara-ya-esta-controlado\/#primaryimage","url":"https:\/\/diarioprincipios.com\/wp-content\/uploads\/2025\/01\/FB_IMG_1738357587106.jpg","contentUrl":"https:\/\/diarioprincipios.com\/wp-content\/uploads\/2025\/01\/FB_IMG_1738357587106.jpg","width":1080,"height":810},{"@type":"BreadcrumbList","@id":"https:\/\/diarioprincipios.com\/index.php\/2025\/01\/31\/el-incendio-en-la-reserva-natural-de-punta-lara-ya-esta-controlado\/#breadcrumb","itemListElement":[{"@type":"ListItem","position":1,"name":"Portada","item":"https:\/\/diarioprincipios.com\/"},{"@type":"ListItem","position":2,"name":"El Incendio en la Reserva Natural de Punta Lara ya est\u00e1 controlado"}]},{"@type":"WebSite","@id":"https:\/\/diarioprincipios.com\/#website","url":"https:\/\/diarioprincipios.com\/","name":"Principios","description":"Principios Diario","publisher":{"@id":"https:\/\/diarioprincipios.com\/#organization"},"potentialAction":[{"@type":"SearchAction","target":{"@type":"EntryPoint","urlTemplate":"https:\/\/diarioprincipios.com\/?s={search_term_string}"},"query-input":{"@type":"PropertyValueSpecification","valueRequired":true,"valueName":"search_term_string"}}],"inLanguage":"es"},{"@type":"Organization","@id":"https:\/\/diarioprincipios.com\/#organization","name":"Principios","url":"https:\/\/diarioprincipios.com\/","logo":{"@type":"ImageObject","inLanguage":"es","@id":"https:\/\/diarioprincipios.com\/#\/schema\/logo\/image\/","url":"https:\/\/diarioprincipios.com\/wp-content\/uploads\/2024\/04\/cropped-www.diarioprincipios.com_-1.png","contentUrl":"https:\/\/diarioprincipios.com\/wp-content\/uploads\/2024\/04\/cropped-www.diarioprincipios.com_-1.png","width":5325,"height":1454,"caption":"Principios"},"image":{"@id":"https:\/\/diarioprincipios.com\/#\/schema\/logo\/image\/"}},{"@type":"Person","@id":"https:\/\/diarioprincipios.com\/#\/schema\/person\/436d5a1fd41a5e250e23ff5a6a7cb080","name":"Hern\u00e1n L\u00f3pez","image":{"@type":"ImageObject","inLanguage":"es","@id":"https:\/\/diarioprincipios.com\/wp-content\/litespeed\/avatar\/11ddfe5610ff3bd100522525b2571f48.jpg?ver=1777653193","url":"https:\/\/diarioprincipios.com\/wp-content\/litespeed\/avatar\/11ddfe5610ff3bd100522525b2571f48.jpg?ver=1777653193","contentUrl":"https:\/\/diarioprincipios.com\/wp-content\/litespeed\/avatar\/11ddfe5610ff3bd100522525b2571f48.jpg?ver=1777653193","caption":"Hern\u00e1n L\u00f3pez"},"url":"https:\/\/diarioprincipios.com\/index.php\/author\/hernan\/"}]}},"jetpack_featured_media_url":"https:\/\/diarioprincipios.com\/wp-content\/uploads\/2025\/01\/FB_IMG_1738357587106.jpg","_links":{"self":[{"href":"https:\/\/diarioprincipios.com\/index.php\/wp-json\/wp\/v2\/posts\/24072","targetHints":{"allow":["GET"]}}],"collection":[{"href":"https:\/\/diarioprincipios.com\/index.php\/wp-json\/wp\/v2\/posts"}],"about":[{"href":"https:\/\/diarioprincipios.com\/index.php\/wp-json\/wp\/v2\/types\/post"}],"author":[{"embeddable":true,"href":"https:\/\/diarioprincipios.com\/index.php\/wp-json\/wp\/v2\/users\/2"}],"replies":[{"embeddable":true,"href":"https:\/\/diarioprincipios.com\/index.php\/wp-json\/wp\/v2\/comments?post=24072"}],"version-history":[{"count":1,"href":"https:\/\/diarioprincipios.com\/index.php\/wp-json\/wp\/v2\/posts\/24072\/revisions"}],"predecessor-version":[{"id":24074,"href":"https:\/\/diarioprincipios.com\/index.php\/wp-json\/wp\/v2\/posts\/24072\/revisions\/24074"}],"wp:featuredmedia":[{"embeddable":true,"href":"https:\/\/diarioprincipios.com\/index.php\/wp-json\/wp\/v2\/media\/24073"}],"wp:attachment":[{"href":"https:\/\/diarioprincipios.com\/index.php\/wp-json\/wp\/v2\/media?parent=24072"}],"wp:term":[{"taxonomy":"category","embeddable":true,"href":"https:\/\/diarioprincipios.com\/index.php\/wp-json\/wp\/v2\/categories?post=24072"},{"taxonomy":"post_tag","embeddable":true,"href":"https:\/\/diarioprincipios.com\/index.php\/wp-json\/wp\/v2\/tags?post=24072"}],"curies":[{"name":"wp","href":"https:\/\/api.w.org\/{rel}","templated":true}]}}