{"id":24064,"date":"2025-01-29T15:36:47","date_gmt":"2025-01-29T18:36:47","guid":{"rendered":"https:\/\/diarioprincipios.com\/?p=24064"},"modified":"2025-01-29T15:36:48","modified_gmt":"2025-01-29T18:36:48","slug":"primer-encuentro-del-ano-de-la-mesa-politico-sindical-peronista-en-el-stmb","status":"publish","type":"post","link":"https:\/\/diarioprincipios.com\/index.php\/2025\/01\/29\/primer-encuentro-del-ano-de-la-mesa-politico-sindical-peronista-en-el-stmb\/","title":{"rendered":"Primer Encuentro del a\u00f1o de la Mesa Pol\u00edtico Sindical Peronista en el STMB"},"content":{"rendered":"\n<p>En la tarde del martes, las instalaciones del Sindicato de Trabajadores Municipales de Berazategui fueron el escenario del primer encuentro del a\u00f1o de la Mesa Pol\u00edtico Sindical Peronista 17 de Octubre. La jornada cont\u00f3 con una amplia participaci\u00f3n de representantes gremiales de la regi\u00f3n, quienes debatieron sobre la coyuntura pol\u00edtica y social del pa\u00eds.<\/p>\n\n\n\n<p>Como resultado del encuentro, se acord\u00f3 la elaboraci\u00f3n de un documento en el que la organizaci\u00f3n, que agrupa sindicatos de Quilmes, Berazategui y Florencio Varela, expresar\u00e1 un en\u00e9rgico repudio a las medidas adoptadas por el Gobierno nacional, as\u00ed como a las declaraciones del presidente Javier Milei en el Foro Econ\u00f3mico Mundial de Davos.<\/p>\n\n\n\n<p>En representaci\u00f3n de la entidad anfitriona, estuvieron presentes el Secretario General, Gabriel Carril Campusano; el Secretario Adjunto, Fabi\u00e1n Ardile; el Secretario de Organizaci\u00f3n, Ariel Panaralo; el Secretario Gremial, Alejandro Girard; y la Secretaria de Relaciones P\u00fablicas, Ceremonial y Cultura, Ximena Fern\u00e1ndez.<\/p>\n\n\n\n<figure class=\"wp-block-image size-large\"><img loading=\"lazy\" decoding=\"async\" width=\"1024\" height=\"1024\" src=\"https:\/\/diarioprincipios.com\/wp-content\/uploads\/2025\/01\/FB_IMG_1738175276267-1024x1024.jpg\" alt=\"\" class=\"wp-image-24065\" srcset=\"https:\/\/diarioprincipios.com\/wp-content\/uploads\/2025\/01\/FB_IMG_1738175276267-1024x1024.jpg 1024w, https:\/\/diarioprincipios.com\/wp-content\/uploads\/2025\/01\/FB_IMG_1738175276267-300x300.jpg 300w, https:\/\/diarioprincipios.com\/wp-content\/uploads\/2025\/01\/FB_IMG_1738175276267-150x150.jpg 150w, https:\/\/diarioprincipios.com\/wp-content\/uploads\/2025\/01\/FB_IMG_1738175276267-768x768.jpg 768w, https:\/\/diarioprincipios.com\/wp-content\/uploads\/2025\/01\/FB_IMG_1738175276267.jpg 1080w\" sizes=\"auto, (max-width: 1024px) 100vw, 1024px\" \/><\/figure>\n\n\n\n<p>Este primer encuentro del a\u00f1o reafirma el compromiso de la Mesa Pol\u00edtico Sindical Peronista 17 de Octubre en la defensa de los derechos de los trabajadores y en la construcci\u00f3n de un espacio de unidad y acci\u00f3n frente a las pol\u00edticas gubernamentales.<\/p>\n","protected":false},"excerpt":{"rendered":"<p>En la tarde del martes, las instalaciones del Sindicato de Trabajadores Municipales de Berazategui fueron el escenario del primer encuentro del a\u00f1o de la Mesa Pol\u00edtico Sindical Peronista 17 de Octubre. La jornada cont\u00f3 con una amplia participaci\u00f3n de representantes gremiales de la regi\u00f3n, quienes debatieron sobre la coyuntura pol\u00edtica y social del pa\u00eds. Como&#8230;<\/p>\n","protected":false},"author":2,"featured_media":24066,"comment_status":"open","ping_status":"open","sticky":false,"template":"","format":"standard","meta":{"footnotes":""},"categories":[21,17],"tags":[],"class_list":["post-24064","post","type-post","status-publish","format-standard","has-post-thumbnail","hentry","category-gremiales","category-zona-sur"],"featured_image_src":"https:\/\/diarioprincipios.com\/wp-content\/uploads\/2025\/01\/FB_IMG_1738175272911-1024x1024.jpg","blog_images":{"medium":"https:\/\/diarioprincipios.com\/wp-content\/uploads\/2025\/01\/FB_IMG_1738175272911-300x300.jpg","large":"https:\/\/diarioprincipios.com\/wp-content\/uploads\/2025\/01\/FB_IMG_1738175272911-1024x1024.jpg"},"ams_acf":[],"yoast_head":"<!-- This site is optimized with the Yoast SEO plugin v27.3 - https:\/\/yoast.com\/product\/yoast-seo-wordpress\/ -->\n<title>Primer Encuentro del a\u00f1o de la Mesa Pol\u00edtico Sindical Peronista en el STMB - Principios<\/title>\n<meta name=\"robots\" content=\"index, follow, max-snippet:-1, max-image-preview:large, max-video-preview:-1\" \/>\n<link rel=\"canonical\" href=\"https:\/\/diarioprincipios.com\/index.php\/2025\/01\/29\/primer-encuentro-del-ano-de-la-mesa-politico-sindical-peronista-en-el-stmb\/\" \/>\n<meta property=\"og:locale\" content=\"es_ES\" \/>\n<meta property=\"og:type\" content=\"article\" \/>\n<meta property=\"og:title\" content=\"Primer Encuentro del a\u00f1o de la Mesa Pol\u00edtico Sindical Peronista en el STMB - Principios\" \/>\n<meta property=\"og:description\" content=\"En la tarde del martes, las instalaciones del Sindicato de Trabajadores Municipales de Berazategui fueron el escenario del primer encuentro del a\u00f1o de la Mesa Pol\u00edtico Sindical Peronista 17 de Octubre. La jornada cont\u00f3 con una amplia participaci\u00f3n de representantes gremiales de la regi\u00f3n, quienes debatieron sobre la coyuntura pol\u00edtica y social del pa\u00eds. Como...\" \/>\n<meta property=\"og:url\" content=\"https:\/\/diarioprincipios.com\/index.php\/2025\/01\/29\/primer-encuentro-del-ano-de-la-mesa-politico-sindical-peronista-en-el-stmb\/\" \/>\n<meta property=\"og:site_name\" content=\"Principios\" \/>\n<meta property=\"article:published_time\" content=\"2025-01-29T18:36:47+00:00\" \/>\n<meta property=\"article:modified_time\" content=\"2025-01-29T18:36:48+00:00\" \/>\n<meta property=\"og:image\" content=\"https:\/\/diarioprincipios.com\/wp-content\/uploads\/2025\/01\/FB_IMG_1738175272911.jpg\" \/>\n\t<meta property=\"og:image:width\" content=\"1080\" \/>\n\t<meta property=\"og:image:height\" content=\"1080\" \/>\n\t<meta property=\"og:image:type\" content=\"image\/jpeg\" \/>\n<meta name=\"author\" content=\"Hern\u00e1n L\u00f3pez\" \/>\n<meta name=\"twitter:card\" content=\"summary_large_image\" \/>\n<meta name=\"twitter:label1\" content=\"Escrito por\" \/>\n\t<meta name=\"twitter:data1\" content=\"Hern\u00e1n L\u00f3pez\" \/>\n\t<meta name=\"twitter:label2\" content=\"Tiempo de lectura\" \/>\n\t<meta name=\"twitter:data2\" content=\"2 minutos\" \/>\n<script type=\"application\/ld+json\" class=\"yoast-schema-graph\">{\"@context\":\"https:\\\/\\\/schema.org\",\"@graph\":[{\"@type\":\"Article\",\"@id\":\"https:\\\/\\\/diarioprincipios.com\\\/index.php\\\/2025\\\/01\\\/29\\\/primer-encuentro-del-ano-de-la-mesa-politico-sindical-peronista-en-el-stmb\\\/#article\",\"isPartOf\":{\"@id\":\"https:\\\/\\\/diarioprincipios.com\\\/index.php\\\/2025\\\/01\\\/29\\\/primer-encuentro-del-ano-de-la-mesa-politico-sindical-peronista-en-el-stmb\\\/\"},\"author\":{\"name\":\"Hern\u00e1n L\u00f3pez\",\"@id\":\"https:\\\/\\\/diarioprincipios.com\\\/#\\\/schema\\\/person\\\/436d5a1fd41a5e250e23ff5a6a7cb080\"},\"headline\":\"Primer Encuentro del a\u00f1o de la Mesa Pol\u00edtico Sindical Peronista en el STMB\",\"datePublished\":\"2025-01-29T18:36:47+00:00\",\"dateModified\":\"2025-01-29T18:36:48+00:00\",\"mainEntityOfPage\":{\"@id\":\"https:\\\/\\\/diarioprincipios.com\\\/index.php\\\/2025\\\/01\\\/29\\\/primer-encuentro-del-ano-de-la-mesa-politico-sindical-peronista-en-el-stmb\\\/\"},\"wordCount\":223,\"commentCount\":0,\"publisher\":{\"@id\":\"https:\\\/\\\/diarioprincipios.com\\\/#organization\"},\"image\":{\"@id\":\"https:\\\/\\\/diarioprincipios.com\\\/index.php\\\/2025\\\/01\\\/29\\\/primer-encuentro-del-ano-de-la-mesa-politico-sindical-peronista-en-el-stmb\\\/#primaryimage\"},\"thumbnailUrl\":\"https:\\\/\\\/diarioprincipios.com\\\/wp-content\\\/uploads\\\/2025\\\/01\\\/FB_IMG_1738175272911.jpg\",\"articleSection\":[\"Gremiales\",\"Zonar Sur\"],\"inLanguage\":\"es\",\"potentialAction\":[{\"@type\":\"CommentAction\",\"name\":\"Comment\",\"target\":[\"https:\\\/\\\/diarioprincipios.com\\\/index.php\\\/2025\\\/01\\\/29\\\/primer-encuentro-del-ano-de-la-mesa-politico-sindical-peronista-en-el-stmb\\\/#respond\"]}]},{\"@type\":\"WebPage\",\"@id\":\"https:\\\/\\\/diarioprincipios.com\\\/index.php\\\/2025\\\/01\\\/29\\\/primer-encuentro-del-ano-de-la-mesa-politico-sindical-peronista-en-el-stmb\\\/\",\"url\":\"https:\\\/\\\/diarioprincipios.com\\\/index.php\\\/2025\\\/01\\\/29\\\/primer-encuentro-del-ano-de-la-mesa-politico-sindical-peronista-en-el-stmb\\\/\",\"name\":\"Primer Encuentro del a\u00f1o de la Mesa Pol\u00edtico Sindical Peronista en el STMB - Principios\",\"isPartOf\":{\"@id\":\"https:\\\/\\\/diarioprincipios.com\\\/#website\"},\"primaryImageOfPage\":{\"@id\":\"https:\\\/\\\/diarioprincipios.com\\\/index.php\\\/2025\\\/01\\\/29\\\/primer-encuentro-del-ano-de-la-mesa-politico-sindical-peronista-en-el-stmb\\\/#primaryimage\"},\"image\":{\"@id\":\"https:\\\/\\\/diarioprincipios.com\\\/index.php\\\/2025\\\/01\\\/29\\\/primer-encuentro-del-ano-de-la-mesa-politico-sindical-peronista-en-el-stmb\\\/#primaryimage\"},\"thumbnailUrl\":\"https:\\\/\\\/diarioprincipios.com\\\/wp-content\\\/uploads\\\/2025\\\/01\\\/FB_IMG_1738175272911.jpg\",\"datePublished\":\"2025-01-29T18:36:47+00:00\",\"dateModified\":\"2025-01-29T18:36:48+00:00\",\"breadcrumb\":{\"@id\":\"https:\\\/\\\/diarioprincipios.com\\\/index.php\\\/2025\\\/01\\\/29\\\/primer-encuentro-del-ano-de-la-mesa-politico-sindical-peronista-en-el-stmb\\\/#breadcrumb\"},\"inLanguage\":\"es\",\"potentialAction\":[{\"@type\":\"ReadAction\",\"target\":[\"https:\\\/\\\/diarioprincipios.com\\\/index.php\\\/2025\\\/01\\\/29\\\/primer-encuentro-del-ano-de-la-mesa-politico-sindical-peronista-en-el-stmb\\\/\"]}]},{\"@type\":\"ImageObject\",\"inLanguage\":\"es\",\"@id\":\"https:\\\/\\\/diarioprincipios.com\\\/index.php\\\/2025\\\/01\\\/29\\\/primer-encuentro-del-ano-de-la-mesa-politico-sindical-peronista-en-el-stmb\\\/#primaryimage\",\"url\":\"https:\\\/\\\/diarioprincipios.com\\\/wp-content\\\/uploads\\\/2025\\\/01\\\/FB_IMG_1738175272911.jpg\",\"contentUrl\":\"https:\\\/\\\/diarioprincipios.com\\\/wp-content\\\/uploads\\\/2025\\\/01\\\/FB_IMG_1738175272911.jpg\",\"width\":1080,\"height\":1080},{\"@type\":\"BreadcrumbList\",\"@id\":\"https:\\\/\\\/diarioprincipios.com\\\/index.php\\\/2025\\\/01\\\/29\\\/primer-encuentro-del-ano-de-la-mesa-politico-sindical-peronista-en-el-stmb\\\/#breadcrumb\",\"itemListElement\":[{\"@type\":\"ListItem\",\"position\":1,\"name\":\"Portada\",\"item\":\"https:\\\/\\\/diarioprincipios.com\\\/\"},{\"@type\":\"ListItem\",\"position\":2,\"name\":\"Primer Encuentro del a\u00f1o de la Mesa Pol\u00edtico Sindical Peronista en el STMB\"}]},{\"@type\":\"WebSite\",\"@id\":\"https:\\\/\\\/diarioprincipios.com\\\/#website\",\"url\":\"https:\\\/\\\/diarioprincipios.com\\\/\",\"name\":\"Principios\",\"description\":\"Principios Diario\",\"publisher\":{\"@id\":\"https:\\\/\\\/diarioprincipios.com\\\/#organization\"},\"potentialAction\":[{\"@type\":\"SearchAction\",\"target\":{\"@type\":\"EntryPoint\",\"urlTemplate\":\"https:\\\/\\\/diarioprincipios.com\\\/?s={search_term_string}\"},\"query-input\":{\"@type\":\"PropertyValueSpecification\",\"valueRequired\":true,\"valueName\":\"search_term_string\"}}],\"inLanguage\":\"es\"},{\"@type\":\"Organization\",\"@id\":\"https:\\\/\\\/diarioprincipios.com\\\/#organization\",\"name\":\"Principios\",\"url\":\"https:\\\/\\\/diarioprincipios.com\\\/\",\"logo\":{\"@type\":\"ImageObject\",\"inLanguage\":\"es\",\"@id\":\"https:\\\/\\\/diarioprincipios.com\\\/#\\\/schema\\\/logo\\\/image\\\/\",\"url\":\"https:\\\/\\\/diarioprincipios.com\\\/wp-content\\\/uploads\\\/2024\\\/04\\\/cropped-www.diarioprincipios.com_-1.png\",\"contentUrl\":\"https:\\\/\\\/diarioprincipios.com\\\/wp-content\\\/uploads\\\/2024\\\/04\\\/cropped-www.diarioprincipios.com_-1.png\",\"width\":5325,\"height\":1454,\"caption\":\"Principios\"},\"image\":{\"@id\":\"https:\\\/\\\/diarioprincipios.com\\\/#\\\/schema\\\/logo\\\/image\\\/\"}},{\"@type\":\"Person\",\"@id\":\"https:\\\/\\\/diarioprincipios.com\\\/#\\\/schema\\\/person\\\/436d5a1fd41a5e250e23ff5a6a7cb080\",\"name\":\"Hern\u00e1n L\u00f3pez\",\"image\":{\"@type\":\"ImageObject\",\"inLanguage\":\"es\",\"@id\":\"https:\\\/\\\/diarioprincipios.com\\\/wp-content\\\/litespeed\\\/avatar\\\/11ddfe5610ff3bd100522525b2571f48.jpg?ver=1777653193\",\"url\":\"https:\\\/\\\/diarioprincipios.com\\\/wp-content\\\/litespeed\\\/avatar\\\/11ddfe5610ff3bd100522525b2571f48.jpg?ver=1777653193\",\"contentUrl\":\"https:\\\/\\\/diarioprincipios.com\\\/wp-content\\\/litespeed\\\/avatar\\\/11ddfe5610ff3bd100522525b2571f48.jpg?ver=1777653193\",\"caption\":\"Hern\u00e1n L\u00f3pez\"},\"url\":\"https:\\\/\\\/diarioprincipios.com\\\/index.php\\\/author\\\/hernan\\\/\"}]}<\/script>\n<!-- \/ Yoast SEO plugin. -->","yoast_head_json":{"title":"Primer Encuentro del a\u00f1o de la Mesa Pol\u00edtico Sindical Peronista en el STMB - Principios","robots":{"index":"index","follow":"follow","max-snippet":"max-snippet:-1","max-image-preview":"max-image-preview:large","max-video-preview":"max-video-preview:-1"},"canonical":"https:\/\/diarioprincipios.com\/index.php\/2025\/01\/29\/primer-encuentro-del-ano-de-la-mesa-politico-sindical-peronista-en-el-stmb\/","og_locale":"es_ES","og_type":"article","og_title":"Primer Encuentro del a\u00f1o de la Mesa Pol\u00edtico Sindical Peronista en el STMB - Principios","og_description":"En la tarde del martes, las instalaciones del Sindicato de Trabajadores Municipales de Berazategui fueron el escenario del primer encuentro del a\u00f1o de la Mesa Pol\u00edtico Sindical Peronista 17 de Octubre. La jornada cont\u00f3 con una amplia participaci\u00f3n de representantes gremiales de la regi\u00f3n, quienes debatieron sobre la coyuntura pol\u00edtica y social del pa\u00eds. Como...","og_url":"https:\/\/diarioprincipios.com\/index.php\/2025\/01\/29\/primer-encuentro-del-ano-de-la-mesa-politico-sindical-peronista-en-el-stmb\/","og_site_name":"Principios","article_published_time":"2025-01-29T18:36:47+00:00","article_modified_time":"2025-01-29T18:36:48+00:00","og_image":[{"width":1080,"height":1080,"url":"https:\/\/diarioprincipios.com\/wp-content\/uploads\/2025\/01\/FB_IMG_1738175272911.jpg","type":"image\/jpeg"}],"author":"Hern\u00e1n L\u00f3pez","twitter_card":"summary_large_image","twitter_misc":{"Escrito por":"Hern\u00e1n L\u00f3pez","Tiempo de lectura":"2 minutos"},"schema":{"@context":"https:\/\/schema.org","@graph":[{"@type":"Article","@id":"https:\/\/diarioprincipios.com\/index.php\/2025\/01\/29\/primer-encuentro-del-ano-de-la-mesa-politico-sindical-peronista-en-el-stmb\/#article","isPartOf":{"@id":"https:\/\/diarioprincipios.com\/index.php\/2025\/01\/29\/primer-encuentro-del-ano-de-la-mesa-politico-sindical-peronista-en-el-stmb\/"},"author":{"name":"Hern\u00e1n L\u00f3pez","@id":"https:\/\/diarioprincipios.com\/#\/schema\/person\/436d5a1fd41a5e250e23ff5a6a7cb080"},"headline":"Primer Encuentro del a\u00f1o de la Mesa Pol\u00edtico Sindical Peronista en el STMB","datePublished":"2025-01-29T18:36:47+00:00","dateModified":"2025-01-29T18:36:48+00:00","mainEntityOfPage":{"@id":"https:\/\/diarioprincipios.com\/index.php\/2025\/01\/29\/primer-encuentro-del-ano-de-la-mesa-politico-sindical-peronista-en-el-stmb\/"},"wordCount":223,"commentCount":0,"publisher":{"@id":"https:\/\/diarioprincipios.com\/#organization"},"image":{"@id":"https:\/\/diarioprincipios.com\/index.php\/2025\/01\/29\/primer-encuentro-del-ano-de-la-mesa-politico-sindical-peronista-en-el-stmb\/#primaryimage"},"thumbnailUrl":"https:\/\/diarioprincipios.com\/wp-content\/uploads\/2025\/01\/FB_IMG_1738175272911.jpg","articleSection":["Gremiales","Zonar Sur"],"inLanguage":"es","potentialAction":[{"@type":"CommentAction","name":"Comment","target":["https:\/\/diarioprincipios.com\/index.php\/2025\/01\/29\/primer-encuentro-del-ano-de-la-mesa-politico-sindical-peronista-en-el-stmb\/#respond"]}]},{"@type":"WebPage","@id":"https:\/\/diarioprincipios.com\/index.php\/2025\/01\/29\/primer-encuentro-del-ano-de-la-mesa-politico-sindical-peronista-en-el-stmb\/","url":"https:\/\/diarioprincipios.com\/index.php\/2025\/01\/29\/primer-encuentro-del-ano-de-la-mesa-politico-sindical-peronista-en-el-stmb\/","name":"Primer Encuentro del a\u00f1o de la Mesa Pol\u00edtico Sindical Peronista en el STMB - Principios","isPartOf":{"@id":"https:\/\/diarioprincipios.com\/#website"},"primaryImageOfPage":{"@id":"https:\/\/diarioprincipios.com\/index.php\/2025\/01\/29\/primer-encuentro-del-ano-de-la-mesa-politico-sindical-peronista-en-el-stmb\/#primaryimage"},"image":{"@id":"https:\/\/diarioprincipios.com\/index.php\/2025\/01\/29\/primer-encuentro-del-ano-de-la-mesa-politico-sindical-peronista-en-el-stmb\/#primaryimage"},"thumbnailUrl":"https:\/\/diarioprincipios.com\/wp-content\/uploads\/2025\/01\/FB_IMG_1738175272911.jpg","datePublished":"2025-01-29T18:36:47+00:00","dateModified":"2025-01-29T18:36:48+00:00","breadcrumb":{"@id":"https:\/\/diarioprincipios.com\/index.php\/2025\/01\/29\/primer-encuentro-del-ano-de-la-mesa-politico-sindical-peronista-en-el-stmb\/#breadcrumb"},"inLanguage":"es","potentialAction":[{"@type":"ReadAction","target":["https:\/\/diarioprincipios.com\/index.php\/2025\/01\/29\/primer-encuentro-del-ano-de-la-mesa-politico-sindical-peronista-en-el-stmb\/"]}]},{"@type":"ImageObject","inLanguage":"es","@id":"https:\/\/diarioprincipios.com\/index.php\/2025\/01\/29\/primer-encuentro-del-ano-de-la-mesa-politico-sindical-peronista-en-el-stmb\/#primaryimage","url":"https:\/\/diarioprincipios.com\/wp-content\/uploads\/2025\/01\/FB_IMG_1738175272911.jpg","contentUrl":"https:\/\/diarioprincipios.com\/wp-content\/uploads\/2025\/01\/FB_IMG_1738175272911.jpg","width":1080,"height":1080},{"@type":"BreadcrumbList","@id":"https:\/\/diarioprincipios.com\/index.php\/2025\/01\/29\/primer-encuentro-del-ano-de-la-mesa-politico-sindical-peronista-en-el-stmb\/#breadcrumb","itemListElement":[{"@type":"ListItem","position":1,"name":"Portada","item":"https:\/\/diarioprincipios.com\/"},{"@type":"ListItem","position":2,"name":"Primer Encuentro del a\u00f1o de la Mesa Pol\u00edtico Sindical Peronista en el STMB"}]},{"@type":"WebSite","@id":"https:\/\/diarioprincipios.com\/#website","url":"https:\/\/diarioprincipios.com\/","name":"Principios","description":"Principios Diario","publisher":{"@id":"https:\/\/diarioprincipios.com\/#organization"},"potentialAction":[{"@type":"SearchAction","target":{"@type":"EntryPoint","urlTemplate":"https:\/\/diarioprincipios.com\/?s={search_term_string}"},"query-input":{"@type":"PropertyValueSpecification","valueRequired":true,"valueName":"search_term_string"}}],"inLanguage":"es"},{"@type":"Organization","@id":"https:\/\/diarioprincipios.com\/#organization","name":"Principios","url":"https:\/\/diarioprincipios.com\/","logo":{"@type":"ImageObject","inLanguage":"es","@id":"https:\/\/diarioprincipios.com\/#\/schema\/logo\/image\/","url":"https:\/\/diarioprincipios.com\/wp-content\/uploads\/2024\/04\/cropped-www.diarioprincipios.com_-1.png","contentUrl":"https:\/\/diarioprincipios.com\/wp-content\/uploads\/2024\/04\/cropped-www.diarioprincipios.com_-1.png","width":5325,"height":1454,"caption":"Principios"},"image":{"@id":"https:\/\/diarioprincipios.com\/#\/schema\/logo\/image\/"}},{"@type":"Person","@id":"https:\/\/diarioprincipios.com\/#\/schema\/person\/436d5a1fd41a5e250e23ff5a6a7cb080","name":"Hern\u00e1n L\u00f3pez","image":{"@type":"ImageObject","inLanguage":"es","@id":"https:\/\/diarioprincipios.com\/wp-content\/litespeed\/avatar\/11ddfe5610ff3bd100522525b2571f48.jpg?ver=1777653193","url":"https:\/\/diarioprincipios.com\/wp-content\/litespeed\/avatar\/11ddfe5610ff3bd100522525b2571f48.jpg?ver=1777653193","contentUrl":"https:\/\/diarioprincipios.com\/wp-content\/litespeed\/avatar\/11ddfe5610ff3bd100522525b2571f48.jpg?ver=1777653193","caption":"Hern\u00e1n L\u00f3pez"},"url":"https:\/\/diarioprincipios.com\/index.php\/author\/hernan\/"}]}},"jetpack_featured_media_url":"https:\/\/diarioprincipios.com\/wp-content\/uploads\/2025\/01\/FB_IMG_1738175272911.jpg","_links":{"self":[{"href":"https:\/\/diarioprincipios.com\/index.php\/wp-json\/wp\/v2\/posts\/24064","targetHints":{"allow":["GET"]}}],"collection":[{"href":"https:\/\/diarioprincipios.com\/index.php\/wp-json\/wp\/v2\/posts"}],"about":[{"href":"https:\/\/diarioprincipios.com\/index.php\/wp-json\/wp\/v2\/types\/post"}],"author":[{"embeddable":true,"href":"https:\/\/diarioprincipios.com\/index.php\/wp-json\/wp\/v2\/users\/2"}],"replies":[{"embeddable":true,"href":"https:\/\/diarioprincipios.com\/index.php\/wp-json\/wp\/v2\/comments?post=24064"}],"version-history":[{"count":1,"href":"https:\/\/diarioprincipios.com\/index.php\/wp-json\/wp\/v2\/posts\/24064\/revisions"}],"predecessor-version":[{"id":24067,"href":"https:\/\/diarioprincipios.com\/index.php\/wp-json\/wp\/v2\/posts\/24064\/revisions\/24067"}],"wp:featuredmedia":[{"embeddable":true,"href":"https:\/\/diarioprincipios.com\/index.php\/wp-json\/wp\/v2\/media\/24066"}],"wp:attachment":[{"href":"https:\/\/diarioprincipios.com\/index.php\/wp-json\/wp\/v2\/media?parent=24064"}],"wp:term":[{"taxonomy":"category","embeddable":true,"href":"https:\/\/diarioprincipios.com\/index.php\/wp-json\/wp\/v2\/categories?post=24064"},{"taxonomy":"post_tag","embeddable":true,"href":"https:\/\/diarioprincipios.com\/index.php\/wp-json\/wp\/v2\/tags?post=24064"}],"curies":[{"name":"wp","href":"https:\/\/api.w.org\/{rel}","templated":true}]}}