{"id":24041,"date":"2025-01-26T13:35:15","date_gmt":"2025-01-26T16:35:15","guid":{"rendered":"https:\/\/diarioprincipios.com\/?p=24041"},"modified":"2025-01-26T13:35:16","modified_gmt":"2025-01-26T16:35:16","slug":"mas-jornadas-municipales-de-salud-animal","status":"publish","type":"post","link":"https:\/\/diarioprincipios.com\/index.php\/2025\/01\/26\/mas-jornadas-municipales-de-salud-animal\/","title":{"rendered":"M\u00e1s Jornadas Municipales de Salud Animal"},"content":{"rendered":"\n<p><strong>Del lunes 27 al jueves 30 de enero se realizar\u00e1n jornadas municipales de salud animal en la Sociedad de Fomento El Zorzal (calle 25 C e\/ 107 y 108). Gracias a esta iniciativa, los vecinos y vecinas del barrio Santo Tom\u00e1s podr\u00e1n acceder gratuitamente a los servicios de vacunaci\u00f3n antirr\u00e1bica, desparasitaci\u00f3n y castraci\u00f3n de sus perros y gatos.<\/strong><br>All\u00ed se entregar\u00e1n diez turnos diarios para castraci\u00f3n, por orden de llegada, a partir de las 08.00. A su vez, la vacunaci\u00f3n antirr\u00e1bica y la desparasitaci\u00f3n se desarrollar\u00e1n de 11.00 a 12.30.<\/p>\n\n\n\n<figure class=\"wp-block-image size-large\"><img loading=\"lazy\" decoding=\"async\" width=\"1024\" height=\"682\" src=\"https:\/\/diarioprincipios.com\/wp-content\/uploads\/2025\/01\/MAS-JORNADAS-MUNICIPALES-DE-SALUD-ANIMAL-EN-BERAZATEGUI-1024x682.jpg\" alt=\"\" class=\"wp-image-24042\" srcset=\"https:\/\/diarioprincipios.com\/wp-content\/uploads\/2025\/01\/MAS-JORNADAS-MUNICIPALES-DE-SALUD-ANIMAL-EN-BERAZATEGUI-1024x682.jpg 1024w, https:\/\/diarioprincipios.com\/wp-content\/uploads\/2025\/01\/MAS-JORNADAS-MUNICIPALES-DE-SALUD-ANIMAL-EN-BERAZATEGUI-300x200.jpg 300w, https:\/\/diarioprincipios.com\/wp-content\/uploads\/2025\/01\/MAS-JORNADAS-MUNICIPALES-DE-SALUD-ANIMAL-EN-BERAZATEGUI-768x512.jpg 768w, https:\/\/diarioprincipios.com\/wp-content\/uploads\/2025\/01\/MAS-JORNADAS-MUNICIPALES-DE-SALUD-ANIMAL-EN-BERAZATEGUI-1536x1023.jpg 1536w, https:\/\/diarioprincipios.com\/wp-content\/uploads\/2025\/01\/MAS-JORNADAS-MUNICIPALES-DE-SALUD-ANIMAL-EN-BERAZATEGUI-820x545.jpg 820w, https:\/\/diarioprincipios.com\/wp-content\/uploads\/2025\/01\/MAS-JORNADAS-MUNICIPALES-DE-SALUD-ANIMAL-EN-BERAZATEGUI-600x400.jpg 600w, https:\/\/diarioprincipios.com\/wp-content\/uploads\/2025\/01\/MAS-JORNADAS-MUNICIPALES-DE-SALUD-ANIMAL-EN-BERAZATEGUI.jpg 1600w\" sizes=\"auto, (max-width: 1024px) 100vw, 1024px\" \/><\/figure>\n\n\n\n<p><br>En 2013, Berazategui se convirti\u00f3 en un municipio pionero al crear la primera Cl\u00ednica Veterinaria Municipal del pa\u00eds, una pol\u00edtica sanitaria importante tanto para el cuidado de los animales como de las personas. A su vez, por iniciativa del intendente, Juan Jos\u00e9 Mussi, profesionales recorren los barrios del distrito para acercar gratuitamente los servicios veterinarios esenciales para perros y gatos, adem\u00e1s de brindar informaci\u00f3n a los vecinos y vecinas.<br>Para m\u00e1s informaci\u00f3n sobre las pol\u00edticas municipales de cuidado de los animales, se puede ingresar en\u00a0<a href=\"http:\/\/corazondezonasur.com.ar\/servicios\" target=\"_blank\" rel=\"noreferrer noopener\">corazondezonasur.com.ar\/servicios<\/a>.<\/p>\n","protected":false},"excerpt":{"rendered":"<p>Del lunes 27 al jueves 30 de enero se realizar\u00e1n jornadas municipales de salud animal en la Sociedad de Fomento El Zorzal (calle 25 C e\/ 107 y 108). Gracias a esta iniciativa, los vecinos y vecinas del barrio Santo Tom\u00e1s podr\u00e1n acceder gratuitamente a los servicios de vacunaci\u00f3n antirr\u00e1bica, desparasitaci\u00f3n y castraci\u00f3n de sus&#8230;<\/p>\n","protected":false},"author":2,"featured_media":24043,"comment_status":"open","ping_status":"open","sticky":false,"template":"","format":"standard","meta":{"footnotes":""},"categories":[3,20],"tags":[],"class_list":["post-24041","post","type-post","status-publish","format-standard","has-post-thumbnail","hentry","category-berazategui","category-salud-ambiente"],"featured_image_src":"https:\/\/diarioprincipios.com\/wp-content\/uploads\/2025\/01\/MAS-JORNADAS-MUNICIPALES-DE-SALUD-ANIMAL-EN-BERAZATEGUI-1-1024x768.jpg","blog_images":{"medium":"https:\/\/diarioprincipios.com\/wp-content\/uploads\/2025\/01\/MAS-JORNADAS-MUNICIPALES-DE-SALUD-ANIMAL-EN-BERAZATEGUI-1-300x225.jpg","large":"https:\/\/diarioprincipios.com\/wp-content\/uploads\/2025\/01\/MAS-JORNADAS-MUNICIPALES-DE-SALUD-ANIMAL-EN-BERAZATEGUI-1-1024x768.jpg"},"ams_acf":[],"yoast_head":"<!-- This site is optimized with the Yoast SEO plugin v27.3 - https:\/\/yoast.com\/product\/yoast-seo-wordpress\/ -->\n<title>M\u00e1s Jornadas Municipales de Salud Animal - Principios<\/title>\n<meta name=\"robots\" content=\"index, follow, max-snippet:-1, max-image-preview:large, max-video-preview:-1\" \/>\n<link rel=\"canonical\" href=\"https:\/\/diarioprincipios.com\/index.php\/2025\/01\/26\/mas-jornadas-municipales-de-salud-animal\/\" \/>\n<meta property=\"og:locale\" content=\"es_ES\" \/>\n<meta property=\"og:type\" content=\"article\" \/>\n<meta property=\"og:title\" content=\"M\u00e1s Jornadas Municipales de Salud Animal - Principios\" \/>\n<meta property=\"og:description\" content=\"Del lunes 27 al jueves 30 de enero se realizar\u00e1n jornadas municipales de salud animal en la Sociedad de Fomento El Zorzal (calle 25 C e\/ 107 y 108). Gracias a esta iniciativa, los vecinos y vecinas del barrio Santo Tom\u00e1s podr\u00e1n acceder gratuitamente a los servicios de vacunaci\u00f3n antirr\u00e1bica, desparasitaci\u00f3n y castraci\u00f3n de sus...\" \/>\n<meta property=\"og:url\" content=\"https:\/\/diarioprincipios.com\/index.php\/2025\/01\/26\/mas-jornadas-municipales-de-salud-animal\/\" \/>\n<meta property=\"og:site_name\" content=\"Principios\" \/>\n<meta property=\"article:published_time\" content=\"2025-01-26T16:35:15+00:00\" \/>\n<meta property=\"article:modified_time\" content=\"2025-01-26T16:35:16+00:00\" \/>\n<meta property=\"og:image\" content=\"https:\/\/diarioprincipios.com\/wp-content\/uploads\/2025\/01\/MAS-JORNADAS-MUNICIPALES-DE-SALUD-ANIMAL-EN-BERAZATEGUI-1.jpg\" \/>\n\t<meta property=\"og:image:width\" content=\"1599\" \/>\n\t<meta property=\"og:image:height\" content=\"1200\" \/>\n\t<meta property=\"og:image:type\" content=\"image\/jpeg\" \/>\n<meta name=\"author\" content=\"Hern\u00e1n L\u00f3pez\" \/>\n<meta name=\"twitter:card\" content=\"summary_large_image\" \/>\n<meta name=\"twitter:label1\" content=\"Escrito por\" \/>\n\t<meta name=\"twitter:data1\" content=\"Hern\u00e1n L\u00f3pez\" \/>\n\t<meta name=\"twitter:label2\" content=\"Tiempo de lectura\" \/>\n\t<meta name=\"twitter:data2\" content=\"2 minutos\" \/>\n<script type=\"application\/ld+json\" class=\"yoast-schema-graph\">{\"@context\":\"https:\\\/\\\/schema.org\",\"@graph\":[{\"@type\":\"Article\",\"@id\":\"https:\\\/\\\/diarioprincipios.com\\\/index.php\\\/2025\\\/01\\\/26\\\/mas-jornadas-municipales-de-salud-animal\\\/#article\",\"isPartOf\":{\"@id\":\"https:\\\/\\\/diarioprincipios.com\\\/index.php\\\/2025\\\/01\\\/26\\\/mas-jornadas-municipales-de-salud-animal\\\/\"},\"author\":{\"name\":\"Hern\u00e1n L\u00f3pez\",\"@id\":\"https:\\\/\\\/diarioprincipios.com\\\/#\\\/schema\\\/person\\\/436d5a1fd41a5e250e23ff5a6a7cb080\"},\"headline\":\"M\u00e1s Jornadas Municipales de Salud Animal\",\"datePublished\":\"2025-01-26T16:35:15+00:00\",\"dateModified\":\"2025-01-26T16:35:16+00:00\",\"mainEntityOfPage\":{\"@id\":\"https:\\\/\\\/diarioprincipios.com\\\/index.php\\\/2025\\\/01\\\/26\\\/mas-jornadas-municipales-de-salud-animal\\\/\"},\"wordCount\":198,\"commentCount\":0,\"publisher\":{\"@id\":\"https:\\\/\\\/diarioprincipios.com\\\/#organization\"},\"image\":{\"@id\":\"https:\\\/\\\/diarioprincipios.com\\\/index.php\\\/2025\\\/01\\\/26\\\/mas-jornadas-municipales-de-salud-animal\\\/#primaryimage\"},\"thumbnailUrl\":\"https:\\\/\\\/diarioprincipios.com\\\/wp-content\\\/uploads\\\/2025\\\/01\\\/MAS-JORNADAS-MUNICIPALES-DE-SALUD-ANIMAL-EN-BERAZATEGUI-1.jpg\",\"articleSection\":[\"Berazategui\",\"Salud y Ambiente\"],\"inLanguage\":\"es\",\"potentialAction\":[{\"@type\":\"CommentAction\",\"name\":\"Comment\",\"target\":[\"https:\\\/\\\/diarioprincipios.com\\\/index.php\\\/2025\\\/01\\\/26\\\/mas-jornadas-municipales-de-salud-animal\\\/#respond\"]}]},{\"@type\":\"WebPage\",\"@id\":\"https:\\\/\\\/diarioprincipios.com\\\/index.php\\\/2025\\\/01\\\/26\\\/mas-jornadas-municipales-de-salud-animal\\\/\",\"url\":\"https:\\\/\\\/diarioprincipios.com\\\/index.php\\\/2025\\\/01\\\/26\\\/mas-jornadas-municipales-de-salud-animal\\\/\",\"name\":\"M\u00e1s Jornadas Municipales de Salud Animal - Principios\",\"isPartOf\":{\"@id\":\"https:\\\/\\\/diarioprincipios.com\\\/#website\"},\"primaryImageOfPage\":{\"@id\":\"https:\\\/\\\/diarioprincipios.com\\\/index.php\\\/2025\\\/01\\\/26\\\/mas-jornadas-municipales-de-salud-animal\\\/#primaryimage\"},\"image\":{\"@id\":\"https:\\\/\\\/diarioprincipios.com\\\/index.php\\\/2025\\\/01\\\/26\\\/mas-jornadas-municipales-de-salud-animal\\\/#primaryimage\"},\"thumbnailUrl\":\"https:\\\/\\\/diarioprincipios.com\\\/wp-content\\\/uploads\\\/2025\\\/01\\\/MAS-JORNADAS-MUNICIPALES-DE-SALUD-ANIMAL-EN-BERAZATEGUI-1.jpg\",\"datePublished\":\"2025-01-26T16:35:15+00:00\",\"dateModified\":\"2025-01-26T16:35:16+00:00\",\"breadcrumb\":{\"@id\":\"https:\\\/\\\/diarioprincipios.com\\\/index.php\\\/2025\\\/01\\\/26\\\/mas-jornadas-municipales-de-salud-animal\\\/#breadcrumb\"},\"inLanguage\":\"es\",\"potentialAction\":[{\"@type\":\"ReadAction\",\"target\":[\"https:\\\/\\\/diarioprincipios.com\\\/index.php\\\/2025\\\/01\\\/26\\\/mas-jornadas-municipales-de-salud-animal\\\/\"]}]},{\"@type\":\"ImageObject\",\"inLanguage\":\"es\",\"@id\":\"https:\\\/\\\/diarioprincipios.com\\\/index.php\\\/2025\\\/01\\\/26\\\/mas-jornadas-municipales-de-salud-animal\\\/#primaryimage\",\"url\":\"https:\\\/\\\/diarioprincipios.com\\\/wp-content\\\/uploads\\\/2025\\\/01\\\/MAS-JORNADAS-MUNICIPALES-DE-SALUD-ANIMAL-EN-BERAZATEGUI-1.jpg\",\"contentUrl\":\"https:\\\/\\\/diarioprincipios.com\\\/wp-content\\\/uploads\\\/2025\\\/01\\\/MAS-JORNADAS-MUNICIPALES-DE-SALUD-ANIMAL-EN-BERAZATEGUI-1.jpg\",\"width\":1599,\"height\":1200},{\"@type\":\"BreadcrumbList\",\"@id\":\"https:\\\/\\\/diarioprincipios.com\\\/index.php\\\/2025\\\/01\\\/26\\\/mas-jornadas-municipales-de-salud-animal\\\/#breadcrumb\",\"itemListElement\":[{\"@type\":\"ListItem\",\"position\":1,\"name\":\"Portada\",\"item\":\"https:\\\/\\\/diarioprincipios.com\\\/\"},{\"@type\":\"ListItem\",\"position\":2,\"name\":\"M\u00e1s Jornadas Municipales de Salud Animal\"}]},{\"@type\":\"WebSite\",\"@id\":\"https:\\\/\\\/diarioprincipios.com\\\/#website\",\"url\":\"https:\\\/\\\/diarioprincipios.com\\\/\",\"name\":\"Principios\",\"description\":\"Principios Diario\",\"publisher\":{\"@id\":\"https:\\\/\\\/diarioprincipios.com\\\/#organization\"},\"potentialAction\":[{\"@type\":\"SearchAction\",\"target\":{\"@type\":\"EntryPoint\",\"urlTemplate\":\"https:\\\/\\\/diarioprincipios.com\\\/?s={search_term_string}\"},\"query-input\":{\"@type\":\"PropertyValueSpecification\",\"valueRequired\":true,\"valueName\":\"search_term_string\"}}],\"inLanguage\":\"es\"},{\"@type\":\"Organization\",\"@id\":\"https:\\\/\\\/diarioprincipios.com\\\/#organization\",\"name\":\"Principios\",\"url\":\"https:\\\/\\\/diarioprincipios.com\\\/\",\"logo\":{\"@type\":\"ImageObject\",\"inLanguage\":\"es\",\"@id\":\"https:\\\/\\\/diarioprincipios.com\\\/#\\\/schema\\\/logo\\\/image\\\/\",\"url\":\"https:\\\/\\\/diarioprincipios.com\\\/wp-content\\\/uploads\\\/2024\\\/04\\\/cropped-www.diarioprincipios.com_-1.png\",\"contentUrl\":\"https:\\\/\\\/diarioprincipios.com\\\/wp-content\\\/uploads\\\/2024\\\/04\\\/cropped-www.diarioprincipios.com_-1.png\",\"width\":5325,\"height\":1454,\"caption\":\"Principios\"},\"image\":{\"@id\":\"https:\\\/\\\/diarioprincipios.com\\\/#\\\/schema\\\/logo\\\/image\\\/\"}},{\"@type\":\"Person\",\"@id\":\"https:\\\/\\\/diarioprincipios.com\\\/#\\\/schema\\\/person\\\/436d5a1fd41a5e250e23ff5a6a7cb080\",\"name\":\"Hern\u00e1n L\u00f3pez\",\"image\":{\"@type\":\"ImageObject\",\"inLanguage\":\"es\",\"@id\":\"https:\\\/\\\/diarioprincipios.com\\\/wp-content\\\/litespeed\\\/avatar\\\/11ddfe5610ff3bd100522525b2571f48.jpg?ver=1777653193\",\"url\":\"https:\\\/\\\/diarioprincipios.com\\\/wp-content\\\/litespeed\\\/avatar\\\/11ddfe5610ff3bd100522525b2571f48.jpg?ver=1777653193\",\"contentUrl\":\"https:\\\/\\\/diarioprincipios.com\\\/wp-content\\\/litespeed\\\/avatar\\\/11ddfe5610ff3bd100522525b2571f48.jpg?ver=1777653193\",\"caption\":\"Hern\u00e1n L\u00f3pez\"},\"url\":\"https:\\\/\\\/diarioprincipios.com\\\/index.php\\\/author\\\/hernan\\\/\"}]}<\/script>\n<!-- \/ Yoast SEO plugin. -->","yoast_head_json":{"title":"M\u00e1s Jornadas Municipales de Salud Animal - Principios","robots":{"index":"index","follow":"follow","max-snippet":"max-snippet:-1","max-image-preview":"max-image-preview:large","max-video-preview":"max-video-preview:-1"},"canonical":"https:\/\/diarioprincipios.com\/index.php\/2025\/01\/26\/mas-jornadas-municipales-de-salud-animal\/","og_locale":"es_ES","og_type":"article","og_title":"M\u00e1s Jornadas Municipales de Salud Animal - Principios","og_description":"Del lunes 27 al jueves 30 de enero se realizar\u00e1n jornadas municipales de salud animal en la Sociedad de Fomento El Zorzal (calle 25 C e\/ 107 y 108). Gracias a esta iniciativa, los vecinos y vecinas del barrio Santo Tom\u00e1s podr\u00e1n acceder gratuitamente a los servicios de vacunaci\u00f3n antirr\u00e1bica, desparasitaci\u00f3n y castraci\u00f3n de sus...","og_url":"https:\/\/diarioprincipios.com\/index.php\/2025\/01\/26\/mas-jornadas-municipales-de-salud-animal\/","og_site_name":"Principios","article_published_time":"2025-01-26T16:35:15+00:00","article_modified_time":"2025-01-26T16:35:16+00:00","og_image":[{"width":1599,"height":1200,"url":"https:\/\/diarioprincipios.com\/wp-content\/uploads\/2025\/01\/MAS-JORNADAS-MUNICIPALES-DE-SALUD-ANIMAL-EN-BERAZATEGUI-1.jpg","type":"image\/jpeg"}],"author":"Hern\u00e1n L\u00f3pez","twitter_card":"summary_large_image","twitter_misc":{"Escrito por":"Hern\u00e1n L\u00f3pez","Tiempo de lectura":"2 minutos"},"schema":{"@context":"https:\/\/schema.org","@graph":[{"@type":"Article","@id":"https:\/\/diarioprincipios.com\/index.php\/2025\/01\/26\/mas-jornadas-municipales-de-salud-animal\/#article","isPartOf":{"@id":"https:\/\/diarioprincipios.com\/index.php\/2025\/01\/26\/mas-jornadas-municipales-de-salud-animal\/"},"author":{"name":"Hern\u00e1n L\u00f3pez","@id":"https:\/\/diarioprincipios.com\/#\/schema\/person\/436d5a1fd41a5e250e23ff5a6a7cb080"},"headline":"M\u00e1s Jornadas Municipales de Salud Animal","datePublished":"2025-01-26T16:35:15+00:00","dateModified":"2025-01-26T16:35:16+00:00","mainEntityOfPage":{"@id":"https:\/\/diarioprincipios.com\/index.php\/2025\/01\/26\/mas-jornadas-municipales-de-salud-animal\/"},"wordCount":198,"commentCount":0,"publisher":{"@id":"https:\/\/diarioprincipios.com\/#organization"},"image":{"@id":"https:\/\/diarioprincipios.com\/index.php\/2025\/01\/26\/mas-jornadas-municipales-de-salud-animal\/#primaryimage"},"thumbnailUrl":"https:\/\/diarioprincipios.com\/wp-content\/uploads\/2025\/01\/MAS-JORNADAS-MUNICIPALES-DE-SALUD-ANIMAL-EN-BERAZATEGUI-1.jpg","articleSection":["Berazategui","Salud y Ambiente"],"inLanguage":"es","potentialAction":[{"@type":"CommentAction","name":"Comment","target":["https:\/\/diarioprincipios.com\/index.php\/2025\/01\/26\/mas-jornadas-municipales-de-salud-animal\/#respond"]}]},{"@type":"WebPage","@id":"https:\/\/diarioprincipios.com\/index.php\/2025\/01\/26\/mas-jornadas-municipales-de-salud-animal\/","url":"https:\/\/diarioprincipios.com\/index.php\/2025\/01\/26\/mas-jornadas-municipales-de-salud-animal\/","name":"M\u00e1s Jornadas Municipales de Salud Animal - Principios","isPartOf":{"@id":"https:\/\/diarioprincipios.com\/#website"},"primaryImageOfPage":{"@id":"https:\/\/diarioprincipios.com\/index.php\/2025\/01\/26\/mas-jornadas-municipales-de-salud-animal\/#primaryimage"},"image":{"@id":"https:\/\/diarioprincipios.com\/index.php\/2025\/01\/26\/mas-jornadas-municipales-de-salud-animal\/#primaryimage"},"thumbnailUrl":"https:\/\/diarioprincipios.com\/wp-content\/uploads\/2025\/01\/MAS-JORNADAS-MUNICIPALES-DE-SALUD-ANIMAL-EN-BERAZATEGUI-1.jpg","datePublished":"2025-01-26T16:35:15+00:00","dateModified":"2025-01-26T16:35:16+00:00","breadcrumb":{"@id":"https:\/\/diarioprincipios.com\/index.php\/2025\/01\/26\/mas-jornadas-municipales-de-salud-animal\/#breadcrumb"},"inLanguage":"es","potentialAction":[{"@type":"ReadAction","target":["https:\/\/diarioprincipios.com\/index.php\/2025\/01\/26\/mas-jornadas-municipales-de-salud-animal\/"]}]},{"@type":"ImageObject","inLanguage":"es","@id":"https:\/\/diarioprincipios.com\/index.php\/2025\/01\/26\/mas-jornadas-municipales-de-salud-animal\/#primaryimage","url":"https:\/\/diarioprincipios.com\/wp-content\/uploads\/2025\/01\/MAS-JORNADAS-MUNICIPALES-DE-SALUD-ANIMAL-EN-BERAZATEGUI-1.jpg","contentUrl":"https:\/\/diarioprincipios.com\/wp-content\/uploads\/2025\/01\/MAS-JORNADAS-MUNICIPALES-DE-SALUD-ANIMAL-EN-BERAZATEGUI-1.jpg","width":1599,"height":1200},{"@type":"BreadcrumbList","@id":"https:\/\/diarioprincipios.com\/index.php\/2025\/01\/26\/mas-jornadas-municipales-de-salud-animal\/#breadcrumb","itemListElement":[{"@type":"ListItem","position":1,"name":"Portada","item":"https:\/\/diarioprincipios.com\/"},{"@type":"ListItem","position":2,"name":"M\u00e1s Jornadas Municipales de Salud Animal"}]},{"@type":"WebSite","@id":"https:\/\/diarioprincipios.com\/#website","url":"https:\/\/diarioprincipios.com\/","name":"Principios","description":"Principios Diario","publisher":{"@id":"https:\/\/diarioprincipios.com\/#organization"},"potentialAction":[{"@type":"SearchAction","target":{"@type":"EntryPoint","urlTemplate":"https:\/\/diarioprincipios.com\/?s={search_term_string}"},"query-input":{"@type":"PropertyValueSpecification","valueRequired":true,"valueName":"search_term_string"}}],"inLanguage":"es"},{"@type":"Organization","@id":"https:\/\/diarioprincipios.com\/#organization","name":"Principios","url":"https:\/\/diarioprincipios.com\/","logo":{"@type":"ImageObject","inLanguage":"es","@id":"https:\/\/diarioprincipios.com\/#\/schema\/logo\/image\/","url":"https:\/\/diarioprincipios.com\/wp-content\/uploads\/2024\/04\/cropped-www.diarioprincipios.com_-1.png","contentUrl":"https:\/\/diarioprincipios.com\/wp-content\/uploads\/2024\/04\/cropped-www.diarioprincipios.com_-1.png","width":5325,"height":1454,"caption":"Principios"},"image":{"@id":"https:\/\/diarioprincipios.com\/#\/schema\/logo\/image\/"}},{"@type":"Person","@id":"https:\/\/diarioprincipios.com\/#\/schema\/person\/436d5a1fd41a5e250e23ff5a6a7cb080","name":"Hern\u00e1n L\u00f3pez","image":{"@type":"ImageObject","inLanguage":"es","@id":"https:\/\/diarioprincipios.com\/wp-content\/litespeed\/avatar\/11ddfe5610ff3bd100522525b2571f48.jpg?ver=1777653193","url":"https:\/\/diarioprincipios.com\/wp-content\/litespeed\/avatar\/11ddfe5610ff3bd100522525b2571f48.jpg?ver=1777653193","contentUrl":"https:\/\/diarioprincipios.com\/wp-content\/litespeed\/avatar\/11ddfe5610ff3bd100522525b2571f48.jpg?ver=1777653193","caption":"Hern\u00e1n L\u00f3pez"},"url":"https:\/\/diarioprincipios.com\/index.php\/author\/hernan\/"}]}},"jetpack_featured_media_url":"https:\/\/diarioprincipios.com\/wp-content\/uploads\/2025\/01\/MAS-JORNADAS-MUNICIPALES-DE-SALUD-ANIMAL-EN-BERAZATEGUI-1.jpg","_links":{"self":[{"href":"https:\/\/diarioprincipios.com\/index.php\/wp-json\/wp\/v2\/posts\/24041","targetHints":{"allow":["GET"]}}],"collection":[{"href":"https:\/\/diarioprincipios.com\/index.php\/wp-json\/wp\/v2\/posts"}],"about":[{"href":"https:\/\/diarioprincipios.com\/index.php\/wp-json\/wp\/v2\/types\/post"}],"author":[{"embeddable":true,"href":"https:\/\/diarioprincipios.com\/index.php\/wp-json\/wp\/v2\/users\/2"}],"replies":[{"embeddable":true,"href":"https:\/\/diarioprincipios.com\/index.php\/wp-json\/wp\/v2\/comments?post=24041"}],"version-history":[{"count":1,"href":"https:\/\/diarioprincipios.com\/index.php\/wp-json\/wp\/v2\/posts\/24041\/revisions"}],"predecessor-version":[{"id":24044,"href":"https:\/\/diarioprincipios.com\/index.php\/wp-json\/wp\/v2\/posts\/24041\/revisions\/24044"}],"wp:featuredmedia":[{"embeddable":true,"href":"https:\/\/diarioprincipios.com\/index.php\/wp-json\/wp\/v2\/media\/24043"}],"wp:attachment":[{"href":"https:\/\/diarioprincipios.com\/index.php\/wp-json\/wp\/v2\/media?parent=24041"}],"wp:term":[{"taxonomy":"category","embeddable":true,"href":"https:\/\/diarioprincipios.com\/index.php\/wp-json\/wp\/v2\/categories?post=24041"},{"taxonomy":"post_tag","embeddable":true,"href":"https:\/\/diarioprincipios.com\/index.php\/wp-json\/wp\/v2\/tags?post=24041"}],"curies":[{"name":"wp","href":"https:\/\/api.w.org\/{rel}","templated":true}]}}