{"id":24031,"date":"2025-01-22T19:36:13","date_gmt":"2025-01-22T22:36:13","guid":{"rendered":"https:\/\/diarioprincipios.com\/?p=24031"},"modified":"2025-01-22T19:36:14","modified_gmt":"2025-01-22T22:36:14","slug":"obras-de-embellecimiento-en-el-paseo-del-cincuentenario","status":"publish","type":"post","link":"https:\/\/diarioprincipios.com\/index.php\/2025\/01\/22\/obras-de-embellecimiento-en-el-paseo-del-cincuentenario\/","title":{"rendered":"Obras de embellecimiento en el Paseo del Cincuentenario"},"content":{"rendered":"\n<p><strong>Se est\u00e1n llevando a cabo obras de puesta en valor en el Paseo del Cincuentenario, que se extiende por la Av. 14 desde la Av. Juan Manuel Fangio hasta la Colectora de la Autopista Buenos Aires &#8211; La Plata. El avance actual de los trabajos es del 30% y se est\u00e1n ejecutando con financiamiento 100% de la Municipalidad de Berazategui.<\/strong><\/p>\n\n\n\n<p>En este sentido, Alejandro Borsella -arquitecto de la Secretar\u00eda de Obras P\u00fablicas de la Municipalidad- expresa \u201cLos trabajos incluyen recambio de los cestos de basura, que estar\u00e1n situados estrat\u00e9gicamente en las esquinas para agilizar el servicio de recolecci\u00f3n de residuos, tareas de pintura general, construcci\u00f3n de rampas y reparaci\u00f3n de herrer\u00eda\u201d.<\/p>\n\n\n\n<p>Este proyecto se suma a otras obras de tratamiento y embellecimiento del espacio p\u00fablico llevados a cabo en distintos puntos de Berazategui.<\/p>\n\n\n\n<p>Para m\u00e1s informaci\u00f3n pueden ingresar en&nbsp;<a rel=\"noreferrer noopener\" target=\"_blank\" href=\"http:\/\/berazategui.gob.ar\/obrasygestion\">berazategui.gob.ar\/obrasygestion<\/a>.<\/p>\n","protected":false},"excerpt":{"rendered":"<p>Se est\u00e1n llevando a cabo obras de puesta en valor en el Paseo del Cincuentenario, que se extiende por la Av. 14 desde la Av. Juan Manuel Fangio hasta la Colectora de la Autopista Buenos Aires &#8211; La Plata. El avance actual de los trabajos es del 30% y se est\u00e1n ejecutando con financiamiento 100%&#8230;<\/p>\n","protected":false},"author":2,"featured_media":24033,"comment_status":"open","ping_status":"open","sticky":false,"template":"","format":"standard","meta":{"footnotes":""},"categories":[3],"tags":[],"class_list":["post-24031","post","type-post","status-publish","format-standard","has-post-thumbnail","hentry","category-berazategui"],"featured_image_src":"https:\/\/diarioprincipios.com\/wp-content\/uploads\/2025\/01\/OBRAS-DE-EMBELLECIMIENTO-EN-EL-PASEO-DEL-CINCUENTENARIO-4-1024x683.jpg","blog_images":{"medium":"https:\/\/diarioprincipios.com\/wp-content\/uploads\/2025\/01\/OBRAS-DE-EMBELLECIMIENTO-EN-EL-PASEO-DEL-CINCUENTENARIO-4-300x200.jpg","large":"https:\/\/diarioprincipios.com\/wp-content\/uploads\/2025\/01\/OBRAS-DE-EMBELLECIMIENTO-EN-EL-PASEO-DEL-CINCUENTENARIO-4-1024x683.jpg"},"ams_acf":[],"yoast_head":"<!-- This site is optimized with the Yoast SEO plugin v27.3 - https:\/\/yoast.com\/product\/yoast-seo-wordpress\/ -->\n<title>Obras de embellecimiento en el Paseo del Cincuentenario - Principios<\/title>\n<meta name=\"robots\" content=\"index, follow, max-snippet:-1, max-image-preview:large, max-video-preview:-1\" \/>\n<link rel=\"canonical\" href=\"https:\/\/diarioprincipios.com\/index.php\/2025\/01\/22\/obras-de-embellecimiento-en-el-paseo-del-cincuentenario\/\" \/>\n<meta property=\"og:locale\" content=\"es_ES\" \/>\n<meta property=\"og:type\" content=\"article\" \/>\n<meta property=\"og:title\" content=\"Obras de embellecimiento en el Paseo del Cincuentenario - Principios\" \/>\n<meta property=\"og:description\" content=\"Se est\u00e1n llevando a cabo obras de puesta en valor en el Paseo del Cincuentenario, que se extiende por la Av. 14 desde la Av. Juan Manuel Fangio hasta la Colectora de la Autopista Buenos Aires &#8211; La Plata. El avance actual de los trabajos es del 30% y se est\u00e1n ejecutando con financiamiento 100%...\" \/>\n<meta property=\"og:url\" content=\"https:\/\/diarioprincipios.com\/index.php\/2025\/01\/22\/obras-de-embellecimiento-en-el-paseo-del-cincuentenario\/\" \/>\n<meta property=\"og:site_name\" content=\"Principios\" \/>\n<meta property=\"article:published_time\" content=\"2025-01-22T22:36:13+00:00\" \/>\n<meta property=\"article:modified_time\" content=\"2025-01-22T22:36:14+00:00\" \/>\n<meta property=\"og:image\" content=\"https:\/\/diarioprincipios.com\/wp-content\/uploads\/2025\/01\/OBRAS-DE-EMBELLECIMIENTO-EN-EL-PASEO-DEL-CINCUENTENARIO-4.jpg\" \/>\n\t<meta property=\"og:image:width\" content=\"1920\" \/>\n\t<meta property=\"og:image:height\" content=\"1280\" \/>\n\t<meta property=\"og:image:type\" content=\"image\/jpeg\" \/>\n<meta name=\"author\" content=\"Hern\u00e1n L\u00f3pez\" \/>\n<meta name=\"twitter:card\" content=\"summary_large_image\" \/>\n<meta name=\"twitter:label1\" content=\"Escrito por\" \/>\n\t<meta name=\"twitter:data1\" content=\"Hern\u00e1n L\u00f3pez\" \/>\n\t<meta name=\"twitter:label2\" content=\"Tiempo de lectura\" \/>\n\t<meta name=\"twitter:data2\" content=\"1 minuto\" \/>\n<script type=\"application\/ld+json\" class=\"yoast-schema-graph\">{\"@context\":\"https:\\\/\\\/schema.org\",\"@graph\":[{\"@type\":\"Article\",\"@id\":\"https:\\\/\\\/diarioprincipios.com\\\/index.php\\\/2025\\\/01\\\/22\\\/obras-de-embellecimiento-en-el-paseo-del-cincuentenario\\\/#article\",\"isPartOf\":{\"@id\":\"https:\\\/\\\/diarioprincipios.com\\\/index.php\\\/2025\\\/01\\\/22\\\/obras-de-embellecimiento-en-el-paseo-del-cincuentenario\\\/\"},\"author\":{\"name\":\"Hern\u00e1n L\u00f3pez\",\"@id\":\"https:\\\/\\\/diarioprincipios.com\\\/#\\\/schema\\\/person\\\/436d5a1fd41a5e250e23ff5a6a7cb080\"},\"headline\":\"Obras de embellecimiento en el Paseo del Cincuentenario\",\"datePublished\":\"2025-01-22T22:36:13+00:00\",\"dateModified\":\"2025-01-22T22:36:14+00:00\",\"mainEntityOfPage\":{\"@id\":\"https:\\\/\\\/diarioprincipios.com\\\/index.php\\\/2025\\\/01\\\/22\\\/obras-de-embellecimiento-en-el-paseo-del-cincuentenario\\\/\"},\"wordCount\":162,\"commentCount\":0,\"publisher\":{\"@id\":\"https:\\\/\\\/diarioprincipios.com\\\/#organization\"},\"image\":{\"@id\":\"https:\\\/\\\/diarioprincipios.com\\\/index.php\\\/2025\\\/01\\\/22\\\/obras-de-embellecimiento-en-el-paseo-del-cincuentenario\\\/#primaryimage\"},\"thumbnailUrl\":\"https:\\\/\\\/diarioprincipios.com\\\/wp-content\\\/uploads\\\/2025\\\/01\\\/OBRAS-DE-EMBELLECIMIENTO-EN-EL-PASEO-DEL-CINCUENTENARIO-4.jpg\",\"articleSection\":[\"Berazategui\"],\"inLanguage\":\"es\",\"potentialAction\":[{\"@type\":\"CommentAction\",\"name\":\"Comment\",\"target\":[\"https:\\\/\\\/diarioprincipios.com\\\/index.php\\\/2025\\\/01\\\/22\\\/obras-de-embellecimiento-en-el-paseo-del-cincuentenario\\\/#respond\"]}]},{\"@type\":\"WebPage\",\"@id\":\"https:\\\/\\\/diarioprincipios.com\\\/index.php\\\/2025\\\/01\\\/22\\\/obras-de-embellecimiento-en-el-paseo-del-cincuentenario\\\/\",\"url\":\"https:\\\/\\\/diarioprincipios.com\\\/index.php\\\/2025\\\/01\\\/22\\\/obras-de-embellecimiento-en-el-paseo-del-cincuentenario\\\/\",\"name\":\"Obras de embellecimiento en el Paseo del Cincuentenario - Principios\",\"isPartOf\":{\"@id\":\"https:\\\/\\\/diarioprincipios.com\\\/#website\"},\"primaryImageOfPage\":{\"@id\":\"https:\\\/\\\/diarioprincipios.com\\\/index.php\\\/2025\\\/01\\\/22\\\/obras-de-embellecimiento-en-el-paseo-del-cincuentenario\\\/#primaryimage\"},\"image\":{\"@id\":\"https:\\\/\\\/diarioprincipios.com\\\/index.php\\\/2025\\\/01\\\/22\\\/obras-de-embellecimiento-en-el-paseo-del-cincuentenario\\\/#primaryimage\"},\"thumbnailUrl\":\"https:\\\/\\\/diarioprincipios.com\\\/wp-content\\\/uploads\\\/2025\\\/01\\\/OBRAS-DE-EMBELLECIMIENTO-EN-EL-PASEO-DEL-CINCUENTENARIO-4.jpg\",\"datePublished\":\"2025-01-22T22:36:13+00:00\",\"dateModified\":\"2025-01-22T22:36:14+00:00\",\"breadcrumb\":{\"@id\":\"https:\\\/\\\/diarioprincipios.com\\\/index.php\\\/2025\\\/01\\\/22\\\/obras-de-embellecimiento-en-el-paseo-del-cincuentenario\\\/#breadcrumb\"},\"inLanguage\":\"es\",\"potentialAction\":[{\"@type\":\"ReadAction\",\"target\":[\"https:\\\/\\\/diarioprincipios.com\\\/index.php\\\/2025\\\/01\\\/22\\\/obras-de-embellecimiento-en-el-paseo-del-cincuentenario\\\/\"]}]},{\"@type\":\"ImageObject\",\"inLanguage\":\"es\",\"@id\":\"https:\\\/\\\/diarioprincipios.com\\\/index.php\\\/2025\\\/01\\\/22\\\/obras-de-embellecimiento-en-el-paseo-del-cincuentenario\\\/#primaryimage\",\"url\":\"https:\\\/\\\/diarioprincipios.com\\\/wp-content\\\/uploads\\\/2025\\\/01\\\/OBRAS-DE-EMBELLECIMIENTO-EN-EL-PASEO-DEL-CINCUENTENARIO-4.jpg\",\"contentUrl\":\"https:\\\/\\\/diarioprincipios.com\\\/wp-content\\\/uploads\\\/2025\\\/01\\\/OBRAS-DE-EMBELLECIMIENTO-EN-EL-PASEO-DEL-CINCUENTENARIO-4.jpg\",\"width\":1920,\"height\":1280},{\"@type\":\"BreadcrumbList\",\"@id\":\"https:\\\/\\\/diarioprincipios.com\\\/index.php\\\/2025\\\/01\\\/22\\\/obras-de-embellecimiento-en-el-paseo-del-cincuentenario\\\/#breadcrumb\",\"itemListElement\":[{\"@type\":\"ListItem\",\"position\":1,\"name\":\"Portada\",\"item\":\"https:\\\/\\\/diarioprincipios.com\\\/\"},{\"@type\":\"ListItem\",\"position\":2,\"name\":\"Obras de embellecimiento en el Paseo del Cincuentenario\"}]},{\"@type\":\"WebSite\",\"@id\":\"https:\\\/\\\/diarioprincipios.com\\\/#website\",\"url\":\"https:\\\/\\\/diarioprincipios.com\\\/\",\"name\":\"Principios\",\"description\":\"Principios Diario\",\"publisher\":{\"@id\":\"https:\\\/\\\/diarioprincipios.com\\\/#organization\"},\"potentialAction\":[{\"@type\":\"SearchAction\",\"target\":{\"@type\":\"EntryPoint\",\"urlTemplate\":\"https:\\\/\\\/diarioprincipios.com\\\/?s={search_term_string}\"},\"query-input\":{\"@type\":\"PropertyValueSpecification\",\"valueRequired\":true,\"valueName\":\"search_term_string\"}}],\"inLanguage\":\"es\"},{\"@type\":\"Organization\",\"@id\":\"https:\\\/\\\/diarioprincipios.com\\\/#organization\",\"name\":\"Principios\",\"url\":\"https:\\\/\\\/diarioprincipios.com\\\/\",\"logo\":{\"@type\":\"ImageObject\",\"inLanguage\":\"es\",\"@id\":\"https:\\\/\\\/diarioprincipios.com\\\/#\\\/schema\\\/logo\\\/image\\\/\",\"url\":\"https:\\\/\\\/diarioprincipios.com\\\/wp-content\\\/uploads\\\/2024\\\/04\\\/cropped-www.diarioprincipios.com_-1.png\",\"contentUrl\":\"https:\\\/\\\/diarioprincipios.com\\\/wp-content\\\/uploads\\\/2024\\\/04\\\/cropped-www.diarioprincipios.com_-1.png\",\"width\":5325,\"height\":1454,\"caption\":\"Principios\"},\"image\":{\"@id\":\"https:\\\/\\\/diarioprincipios.com\\\/#\\\/schema\\\/logo\\\/image\\\/\"}},{\"@type\":\"Person\",\"@id\":\"https:\\\/\\\/diarioprincipios.com\\\/#\\\/schema\\\/person\\\/436d5a1fd41a5e250e23ff5a6a7cb080\",\"name\":\"Hern\u00e1n L\u00f3pez\",\"image\":{\"@type\":\"ImageObject\",\"inLanguage\":\"es\",\"@id\":\"https:\\\/\\\/diarioprincipios.com\\\/wp-content\\\/litespeed\\\/avatar\\\/11ddfe5610ff3bd100522525b2571f48.jpg?ver=1777653193\",\"url\":\"https:\\\/\\\/diarioprincipios.com\\\/wp-content\\\/litespeed\\\/avatar\\\/11ddfe5610ff3bd100522525b2571f48.jpg?ver=1777653193\",\"contentUrl\":\"https:\\\/\\\/diarioprincipios.com\\\/wp-content\\\/litespeed\\\/avatar\\\/11ddfe5610ff3bd100522525b2571f48.jpg?ver=1777653193\",\"caption\":\"Hern\u00e1n L\u00f3pez\"},\"url\":\"https:\\\/\\\/diarioprincipios.com\\\/index.php\\\/author\\\/hernan\\\/\"}]}<\/script>\n<!-- \/ Yoast SEO plugin. -->","yoast_head_json":{"title":"Obras de embellecimiento en el Paseo del Cincuentenario - Principios","robots":{"index":"index","follow":"follow","max-snippet":"max-snippet:-1","max-image-preview":"max-image-preview:large","max-video-preview":"max-video-preview:-1"},"canonical":"https:\/\/diarioprincipios.com\/index.php\/2025\/01\/22\/obras-de-embellecimiento-en-el-paseo-del-cincuentenario\/","og_locale":"es_ES","og_type":"article","og_title":"Obras de embellecimiento en el Paseo del Cincuentenario - Principios","og_description":"Se est\u00e1n llevando a cabo obras de puesta en valor en el Paseo del Cincuentenario, que se extiende por la Av. 14 desde la Av. Juan Manuel Fangio hasta la Colectora de la Autopista Buenos Aires &#8211; La Plata. El avance actual de los trabajos es del 30% y se est\u00e1n ejecutando con financiamiento 100%...","og_url":"https:\/\/diarioprincipios.com\/index.php\/2025\/01\/22\/obras-de-embellecimiento-en-el-paseo-del-cincuentenario\/","og_site_name":"Principios","article_published_time":"2025-01-22T22:36:13+00:00","article_modified_time":"2025-01-22T22:36:14+00:00","og_image":[{"width":1920,"height":1280,"url":"https:\/\/diarioprincipios.com\/wp-content\/uploads\/2025\/01\/OBRAS-DE-EMBELLECIMIENTO-EN-EL-PASEO-DEL-CINCUENTENARIO-4.jpg","type":"image\/jpeg"}],"author":"Hern\u00e1n L\u00f3pez","twitter_card":"summary_large_image","twitter_misc":{"Escrito por":"Hern\u00e1n L\u00f3pez","Tiempo de lectura":"1 minuto"},"schema":{"@context":"https:\/\/schema.org","@graph":[{"@type":"Article","@id":"https:\/\/diarioprincipios.com\/index.php\/2025\/01\/22\/obras-de-embellecimiento-en-el-paseo-del-cincuentenario\/#article","isPartOf":{"@id":"https:\/\/diarioprincipios.com\/index.php\/2025\/01\/22\/obras-de-embellecimiento-en-el-paseo-del-cincuentenario\/"},"author":{"name":"Hern\u00e1n L\u00f3pez","@id":"https:\/\/diarioprincipios.com\/#\/schema\/person\/436d5a1fd41a5e250e23ff5a6a7cb080"},"headline":"Obras de embellecimiento en el Paseo del Cincuentenario","datePublished":"2025-01-22T22:36:13+00:00","dateModified":"2025-01-22T22:36:14+00:00","mainEntityOfPage":{"@id":"https:\/\/diarioprincipios.com\/index.php\/2025\/01\/22\/obras-de-embellecimiento-en-el-paseo-del-cincuentenario\/"},"wordCount":162,"commentCount":0,"publisher":{"@id":"https:\/\/diarioprincipios.com\/#organization"},"image":{"@id":"https:\/\/diarioprincipios.com\/index.php\/2025\/01\/22\/obras-de-embellecimiento-en-el-paseo-del-cincuentenario\/#primaryimage"},"thumbnailUrl":"https:\/\/diarioprincipios.com\/wp-content\/uploads\/2025\/01\/OBRAS-DE-EMBELLECIMIENTO-EN-EL-PASEO-DEL-CINCUENTENARIO-4.jpg","articleSection":["Berazategui"],"inLanguage":"es","potentialAction":[{"@type":"CommentAction","name":"Comment","target":["https:\/\/diarioprincipios.com\/index.php\/2025\/01\/22\/obras-de-embellecimiento-en-el-paseo-del-cincuentenario\/#respond"]}]},{"@type":"WebPage","@id":"https:\/\/diarioprincipios.com\/index.php\/2025\/01\/22\/obras-de-embellecimiento-en-el-paseo-del-cincuentenario\/","url":"https:\/\/diarioprincipios.com\/index.php\/2025\/01\/22\/obras-de-embellecimiento-en-el-paseo-del-cincuentenario\/","name":"Obras de embellecimiento en el Paseo del Cincuentenario - Principios","isPartOf":{"@id":"https:\/\/diarioprincipios.com\/#website"},"primaryImageOfPage":{"@id":"https:\/\/diarioprincipios.com\/index.php\/2025\/01\/22\/obras-de-embellecimiento-en-el-paseo-del-cincuentenario\/#primaryimage"},"image":{"@id":"https:\/\/diarioprincipios.com\/index.php\/2025\/01\/22\/obras-de-embellecimiento-en-el-paseo-del-cincuentenario\/#primaryimage"},"thumbnailUrl":"https:\/\/diarioprincipios.com\/wp-content\/uploads\/2025\/01\/OBRAS-DE-EMBELLECIMIENTO-EN-EL-PASEO-DEL-CINCUENTENARIO-4.jpg","datePublished":"2025-01-22T22:36:13+00:00","dateModified":"2025-01-22T22:36:14+00:00","breadcrumb":{"@id":"https:\/\/diarioprincipios.com\/index.php\/2025\/01\/22\/obras-de-embellecimiento-en-el-paseo-del-cincuentenario\/#breadcrumb"},"inLanguage":"es","potentialAction":[{"@type":"ReadAction","target":["https:\/\/diarioprincipios.com\/index.php\/2025\/01\/22\/obras-de-embellecimiento-en-el-paseo-del-cincuentenario\/"]}]},{"@type":"ImageObject","inLanguage":"es","@id":"https:\/\/diarioprincipios.com\/index.php\/2025\/01\/22\/obras-de-embellecimiento-en-el-paseo-del-cincuentenario\/#primaryimage","url":"https:\/\/diarioprincipios.com\/wp-content\/uploads\/2025\/01\/OBRAS-DE-EMBELLECIMIENTO-EN-EL-PASEO-DEL-CINCUENTENARIO-4.jpg","contentUrl":"https:\/\/diarioprincipios.com\/wp-content\/uploads\/2025\/01\/OBRAS-DE-EMBELLECIMIENTO-EN-EL-PASEO-DEL-CINCUENTENARIO-4.jpg","width":1920,"height":1280},{"@type":"BreadcrumbList","@id":"https:\/\/diarioprincipios.com\/index.php\/2025\/01\/22\/obras-de-embellecimiento-en-el-paseo-del-cincuentenario\/#breadcrumb","itemListElement":[{"@type":"ListItem","position":1,"name":"Portada","item":"https:\/\/diarioprincipios.com\/"},{"@type":"ListItem","position":2,"name":"Obras de embellecimiento en el Paseo del Cincuentenario"}]},{"@type":"WebSite","@id":"https:\/\/diarioprincipios.com\/#website","url":"https:\/\/diarioprincipios.com\/","name":"Principios","description":"Principios Diario","publisher":{"@id":"https:\/\/diarioprincipios.com\/#organization"},"potentialAction":[{"@type":"SearchAction","target":{"@type":"EntryPoint","urlTemplate":"https:\/\/diarioprincipios.com\/?s={search_term_string}"},"query-input":{"@type":"PropertyValueSpecification","valueRequired":true,"valueName":"search_term_string"}}],"inLanguage":"es"},{"@type":"Organization","@id":"https:\/\/diarioprincipios.com\/#organization","name":"Principios","url":"https:\/\/diarioprincipios.com\/","logo":{"@type":"ImageObject","inLanguage":"es","@id":"https:\/\/diarioprincipios.com\/#\/schema\/logo\/image\/","url":"https:\/\/diarioprincipios.com\/wp-content\/uploads\/2024\/04\/cropped-www.diarioprincipios.com_-1.png","contentUrl":"https:\/\/diarioprincipios.com\/wp-content\/uploads\/2024\/04\/cropped-www.diarioprincipios.com_-1.png","width":5325,"height":1454,"caption":"Principios"},"image":{"@id":"https:\/\/diarioprincipios.com\/#\/schema\/logo\/image\/"}},{"@type":"Person","@id":"https:\/\/diarioprincipios.com\/#\/schema\/person\/436d5a1fd41a5e250e23ff5a6a7cb080","name":"Hern\u00e1n L\u00f3pez","image":{"@type":"ImageObject","inLanguage":"es","@id":"https:\/\/diarioprincipios.com\/wp-content\/litespeed\/avatar\/11ddfe5610ff3bd100522525b2571f48.jpg?ver=1777653193","url":"https:\/\/diarioprincipios.com\/wp-content\/litespeed\/avatar\/11ddfe5610ff3bd100522525b2571f48.jpg?ver=1777653193","contentUrl":"https:\/\/diarioprincipios.com\/wp-content\/litespeed\/avatar\/11ddfe5610ff3bd100522525b2571f48.jpg?ver=1777653193","caption":"Hern\u00e1n L\u00f3pez"},"url":"https:\/\/diarioprincipios.com\/index.php\/author\/hernan\/"}]}},"jetpack_featured_media_url":"https:\/\/diarioprincipios.com\/wp-content\/uploads\/2025\/01\/OBRAS-DE-EMBELLECIMIENTO-EN-EL-PASEO-DEL-CINCUENTENARIO-4.jpg","_links":{"self":[{"href":"https:\/\/diarioprincipios.com\/index.php\/wp-json\/wp\/v2\/posts\/24031","targetHints":{"allow":["GET"]}}],"collection":[{"href":"https:\/\/diarioprincipios.com\/index.php\/wp-json\/wp\/v2\/posts"}],"about":[{"href":"https:\/\/diarioprincipios.com\/index.php\/wp-json\/wp\/v2\/types\/post"}],"author":[{"embeddable":true,"href":"https:\/\/diarioprincipios.com\/index.php\/wp-json\/wp\/v2\/users\/2"}],"replies":[{"embeddable":true,"href":"https:\/\/diarioprincipios.com\/index.php\/wp-json\/wp\/v2\/comments?post=24031"}],"version-history":[{"count":1,"href":"https:\/\/diarioprincipios.com\/index.php\/wp-json\/wp\/v2\/posts\/24031\/revisions"}],"predecessor-version":[{"id":24034,"href":"https:\/\/diarioprincipios.com\/index.php\/wp-json\/wp\/v2\/posts\/24031\/revisions\/24034"}],"wp:featuredmedia":[{"embeddable":true,"href":"https:\/\/diarioprincipios.com\/index.php\/wp-json\/wp\/v2\/media\/24033"}],"wp:attachment":[{"href":"https:\/\/diarioprincipios.com\/index.php\/wp-json\/wp\/v2\/media?parent=24031"}],"wp:term":[{"taxonomy":"category","embeddable":true,"href":"https:\/\/diarioprincipios.com\/index.php\/wp-json\/wp\/v2\/categories?post=24031"},{"taxonomy":"post_tag","embeddable":true,"href":"https:\/\/diarioprincipios.com\/index.php\/wp-json\/wp\/v2\/tags?post=24031"}],"curies":[{"name":"wp","href":"https:\/\/api.w.org\/{rel}","templated":true}]}}