{"id":24027,"date":"2025-01-22T12:53:46","date_gmt":"2025-01-22T15:53:46","guid":{"rendered":"https:\/\/diarioprincipios.com\/?p=24027"},"modified":"2025-01-22T12:53:47","modified_gmt":"2025-01-22T15:53:47","slug":"continua-la-colonia-municipal-de-verano-en-los-privilegiados-2","status":"publish","type":"post","link":"https:\/\/diarioprincipios.com\/index.php\/2025\/01\/22\/continua-la-colonia-municipal-de-verano-en-los-privilegiados-2\/","title":{"rendered":"Contin\u00faa la Colonia Municipal de Verano en Los Privilegiados"},"content":{"rendered":"\n<p><strong>Arranc\u00f3 el segundo contingente de la edici\u00f3n 2025 de la Colonia Municipal de Verano en Berazategui. Como todos los a\u00f1os, se est\u00e1 desarrollando en el Complejo Municipal Los Privilegiados, un espacio ideal para disfrutar de sus piletas y sus amplios espacios verdes.<\/strong>\u00a0Esta iniciativa gratuita es impulsada por el intendente de Berazategui, Juan Jos\u00e9 Mussi; y organizada por la Secretar\u00eda de Desarrollo Social, Recreaci\u00f3n, Turismo y Deportes. La Municipalidad, adem\u00e1s, brinda el servicio gratuito de micros que pasan a buscar a los vecinos y vecinas por los barrios y, al final del d\u00eda, los llevan de regreso.<br>Durante esta segunda etapa, est\u00e1n participando m\u00e1s de\u00a01.300\u00a0vecinos y vecinas, entre ni\u00f1os, ni\u00f1as, adolescentes, personas con discapacidad y personas mayores.<\/p>\n\n\n\n<figure class=\"wp-block-image size-large\"><img loading=\"lazy\" decoding=\"async\" width=\"1024\" height=\"768\" src=\"https:\/\/diarioprincipios.com\/wp-content\/uploads\/2025\/01\/CONTINUA-LA-COLONIA-MUNICIPAL-DE-VERANO-EN-LOS-PRIVILEGIADOS-1-1024x768.jpg\" alt=\"\" class=\"wp-image-24028\" srcset=\"https:\/\/diarioprincipios.com\/wp-content\/uploads\/2025\/01\/CONTINUA-LA-COLONIA-MUNICIPAL-DE-VERANO-EN-LOS-PRIVILEGIADOS-1-1024x768.jpg 1024w, https:\/\/diarioprincipios.com\/wp-content\/uploads\/2025\/01\/CONTINUA-LA-COLONIA-MUNICIPAL-DE-VERANO-EN-LOS-PRIVILEGIADOS-1-300x225.jpg 300w, https:\/\/diarioprincipios.com\/wp-content\/uploads\/2025\/01\/CONTINUA-LA-COLONIA-MUNICIPAL-DE-VERANO-EN-LOS-PRIVILEGIADOS-1-768x576.jpg 768w, https:\/\/diarioprincipios.com\/wp-content\/uploads\/2025\/01\/CONTINUA-LA-COLONIA-MUNICIPAL-DE-VERANO-EN-LOS-PRIVILEGIADOS-1-1536x1152.jpg 1536w, https:\/\/diarioprincipios.com\/wp-content\/uploads\/2025\/01\/CONTINUA-LA-COLONIA-MUNICIPAL-DE-VERANO-EN-LOS-PRIVILEGIADOS-1.jpg 1600w\" sizes=\"auto, (max-width: 1024px) 100vw, 1024px\" \/><\/figure>\n\n\n\n<p><br>La secretaria de Desarrollo Social, Recreaci\u00f3n, Turismo y Deportes, Mar\u00eda Laura Lacava, coment\u00f3: \u201cEste lugar m\u00e1gico recibe al segundo grupo de ni\u00f1os, ni\u00f1as y adolescentes. Les dejamos un abrazo enorme a todos los que nos acompa\u00f1aron en el primer contingente y que pudieron disfrutar de esta hermosa Colonia que comenz\u00f3 hace m\u00e1s de 30 a\u00f1os de la mano del intendente Juan Jos\u00e9 Mussi.\u00bb.<br>Lourdes Here\u00f1\u00fa, quien disfrut\u00f3 de la colonia de adolescentes en el primer contingente, expres\u00f3: \u201cLos profesores me reconocieron por todos mis a\u00f1os en la Colonia. Vengo desde los 7 u 8 y es muy emocionante. Por mi edad ya cumpl\u00ed un ciclo, pero me quedo con los momentos lindos que viv\u00ed en la Colonia y estoy muy agradecida. Me llevo muchos amigos\u201d.<\/p>\n","protected":false},"excerpt":{"rendered":"<p>Arranc\u00f3 el segundo contingente de la edici\u00f3n 2025 de la Colonia Municipal de Verano en Berazategui. Como todos los a\u00f1os, se est\u00e1 desarrollando en el Complejo Municipal Los Privilegiados, un espacio ideal para disfrutar de sus piletas y sus amplios espacios verdes.\u00a0Esta iniciativa gratuita es impulsada por el intendente de Berazategui, Juan Jos\u00e9 Mussi; y&#8230;<\/p>\n","protected":false},"author":2,"featured_media":24029,"comment_status":"open","ping_status":"open","sticky":false,"template":"","format":"standard","meta":{"footnotes":""},"categories":[3],"tags":[],"class_list":["post-24027","post","type-post","status-publish","format-standard","has-post-thumbnail","hentry","category-berazategui"],"featured_image_src":"https:\/\/diarioprincipios.com\/wp-content\/uploads\/2025\/01\/CONTINUA-LA-COLONIA-MUNICIPAL-DE-VERANO-EN-LOS-PRIVILEGIADOS-1-1-1024x682.jpg","blog_images":{"medium":"https:\/\/diarioprincipios.com\/wp-content\/uploads\/2025\/01\/CONTINUA-LA-COLONIA-MUNICIPAL-DE-VERANO-EN-LOS-PRIVILEGIADOS-1-1-300x200.jpg","large":"https:\/\/diarioprincipios.com\/wp-content\/uploads\/2025\/01\/CONTINUA-LA-COLONIA-MUNICIPAL-DE-VERANO-EN-LOS-PRIVILEGIADOS-1-1-1024x682.jpg"},"ams_acf":[],"yoast_head":"<!-- This site is optimized with the Yoast SEO plugin v27.3 - https:\/\/yoast.com\/product\/yoast-seo-wordpress\/ -->\n<title>Contin\u00faa la Colonia Municipal de Verano en Los Privilegiados - Principios<\/title>\n<meta name=\"robots\" content=\"index, follow, max-snippet:-1, max-image-preview:large, max-video-preview:-1\" \/>\n<link rel=\"canonical\" href=\"https:\/\/diarioprincipios.com\/index.php\/2025\/01\/22\/continua-la-colonia-municipal-de-verano-en-los-privilegiados-2\/\" \/>\n<meta property=\"og:locale\" content=\"es_ES\" \/>\n<meta property=\"og:type\" content=\"article\" \/>\n<meta property=\"og:title\" content=\"Contin\u00faa la Colonia Municipal de Verano en Los Privilegiados - Principios\" \/>\n<meta property=\"og:description\" content=\"Arranc\u00f3 el segundo contingente de la edici\u00f3n 2025 de la Colonia Municipal de Verano en Berazategui. Como todos los a\u00f1os, se est\u00e1 desarrollando en el Complejo Municipal Los Privilegiados, un espacio ideal para disfrutar de sus piletas y sus amplios espacios verdes.\u00a0Esta iniciativa gratuita es impulsada por el intendente de Berazategui, Juan Jos\u00e9 Mussi; y...\" \/>\n<meta property=\"og:url\" content=\"https:\/\/diarioprincipios.com\/index.php\/2025\/01\/22\/continua-la-colonia-municipal-de-verano-en-los-privilegiados-2\/\" \/>\n<meta property=\"og:site_name\" content=\"Principios\" \/>\n<meta property=\"article:published_time\" content=\"2025-01-22T15:53:46+00:00\" \/>\n<meta property=\"article:modified_time\" content=\"2025-01-22T15:53:47+00:00\" \/>\n<meta property=\"og:image\" content=\"https:\/\/diarioprincipios.com\/wp-content\/uploads\/2025\/01\/CONTINUA-LA-COLONIA-MUNICIPAL-DE-VERANO-EN-LOS-PRIVILEGIADOS-1-1.jpg\" \/>\n\t<meta property=\"og:image:width\" content=\"1600\" \/>\n\t<meta property=\"og:image:height\" content=\"1066\" \/>\n\t<meta property=\"og:image:type\" content=\"image\/jpeg\" \/>\n<meta name=\"author\" content=\"Hern\u00e1n L\u00f3pez\" \/>\n<meta name=\"twitter:card\" content=\"summary_large_image\" \/>\n<meta name=\"twitter:label1\" content=\"Escrito por\" \/>\n\t<meta name=\"twitter:data1\" content=\"Hern\u00e1n L\u00f3pez\" \/>\n\t<meta name=\"twitter:label2\" content=\"Tiempo de lectura\" \/>\n\t<meta name=\"twitter:data2\" content=\"2 minutos\" \/>\n<script type=\"application\/ld+json\" class=\"yoast-schema-graph\">{\"@context\":\"https:\\\/\\\/schema.org\",\"@graph\":[{\"@type\":\"Article\",\"@id\":\"https:\\\/\\\/diarioprincipios.com\\\/index.php\\\/2025\\\/01\\\/22\\\/continua-la-colonia-municipal-de-verano-en-los-privilegiados-2\\\/#article\",\"isPartOf\":{\"@id\":\"https:\\\/\\\/diarioprincipios.com\\\/index.php\\\/2025\\\/01\\\/22\\\/continua-la-colonia-municipal-de-verano-en-los-privilegiados-2\\\/\"},\"author\":{\"name\":\"Hern\u00e1n L\u00f3pez\",\"@id\":\"https:\\\/\\\/diarioprincipios.com\\\/#\\\/schema\\\/person\\\/436d5a1fd41a5e250e23ff5a6a7cb080\"},\"headline\":\"Contin\u00faa la Colonia Municipal de Verano en Los Privilegiados\",\"datePublished\":\"2025-01-22T15:53:46+00:00\",\"dateModified\":\"2025-01-22T15:53:47+00:00\",\"mainEntityOfPage\":{\"@id\":\"https:\\\/\\\/diarioprincipios.com\\\/index.php\\\/2025\\\/01\\\/22\\\/continua-la-colonia-municipal-de-verano-en-los-privilegiados-2\\\/\"},\"wordCount\":268,\"commentCount\":0,\"publisher\":{\"@id\":\"https:\\\/\\\/diarioprincipios.com\\\/#organization\"},\"image\":{\"@id\":\"https:\\\/\\\/diarioprincipios.com\\\/index.php\\\/2025\\\/01\\\/22\\\/continua-la-colonia-municipal-de-verano-en-los-privilegiados-2\\\/#primaryimage\"},\"thumbnailUrl\":\"https:\\\/\\\/diarioprincipios.com\\\/wp-content\\\/uploads\\\/2025\\\/01\\\/CONTINUA-LA-COLONIA-MUNICIPAL-DE-VERANO-EN-LOS-PRIVILEGIADOS-1-1.jpg\",\"articleSection\":[\"Berazategui\"],\"inLanguage\":\"es\",\"potentialAction\":[{\"@type\":\"CommentAction\",\"name\":\"Comment\",\"target\":[\"https:\\\/\\\/diarioprincipios.com\\\/index.php\\\/2025\\\/01\\\/22\\\/continua-la-colonia-municipal-de-verano-en-los-privilegiados-2\\\/#respond\"]}]},{\"@type\":\"WebPage\",\"@id\":\"https:\\\/\\\/diarioprincipios.com\\\/index.php\\\/2025\\\/01\\\/22\\\/continua-la-colonia-municipal-de-verano-en-los-privilegiados-2\\\/\",\"url\":\"https:\\\/\\\/diarioprincipios.com\\\/index.php\\\/2025\\\/01\\\/22\\\/continua-la-colonia-municipal-de-verano-en-los-privilegiados-2\\\/\",\"name\":\"Contin\u00faa la Colonia Municipal de Verano en Los Privilegiados - Principios\",\"isPartOf\":{\"@id\":\"https:\\\/\\\/diarioprincipios.com\\\/#website\"},\"primaryImageOfPage\":{\"@id\":\"https:\\\/\\\/diarioprincipios.com\\\/index.php\\\/2025\\\/01\\\/22\\\/continua-la-colonia-municipal-de-verano-en-los-privilegiados-2\\\/#primaryimage\"},\"image\":{\"@id\":\"https:\\\/\\\/diarioprincipios.com\\\/index.php\\\/2025\\\/01\\\/22\\\/continua-la-colonia-municipal-de-verano-en-los-privilegiados-2\\\/#primaryimage\"},\"thumbnailUrl\":\"https:\\\/\\\/diarioprincipios.com\\\/wp-content\\\/uploads\\\/2025\\\/01\\\/CONTINUA-LA-COLONIA-MUNICIPAL-DE-VERANO-EN-LOS-PRIVILEGIADOS-1-1.jpg\",\"datePublished\":\"2025-01-22T15:53:46+00:00\",\"dateModified\":\"2025-01-22T15:53:47+00:00\",\"breadcrumb\":{\"@id\":\"https:\\\/\\\/diarioprincipios.com\\\/index.php\\\/2025\\\/01\\\/22\\\/continua-la-colonia-municipal-de-verano-en-los-privilegiados-2\\\/#breadcrumb\"},\"inLanguage\":\"es\",\"potentialAction\":[{\"@type\":\"ReadAction\",\"target\":[\"https:\\\/\\\/diarioprincipios.com\\\/index.php\\\/2025\\\/01\\\/22\\\/continua-la-colonia-municipal-de-verano-en-los-privilegiados-2\\\/\"]}]},{\"@type\":\"ImageObject\",\"inLanguage\":\"es\",\"@id\":\"https:\\\/\\\/diarioprincipios.com\\\/index.php\\\/2025\\\/01\\\/22\\\/continua-la-colonia-municipal-de-verano-en-los-privilegiados-2\\\/#primaryimage\",\"url\":\"https:\\\/\\\/diarioprincipios.com\\\/wp-content\\\/uploads\\\/2025\\\/01\\\/CONTINUA-LA-COLONIA-MUNICIPAL-DE-VERANO-EN-LOS-PRIVILEGIADOS-1-1.jpg\",\"contentUrl\":\"https:\\\/\\\/diarioprincipios.com\\\/wp-content\\\/uploads\\\/2025\\\/01\\\/CONTINUA-LA-COLONIA-MUNICIPAL-DE-VERANO-EN-LOS-PRIVILEGIADOS-1-1.jpg\",\"width\":1600,\"height\":1066},{\"@type\":\"BreadcrumbList\",\"@id\":\"https:\\\/\\\/diarioprincipios.com\\\/index.php\\\/2025\\\/01\\\/22\\\/continua-la-colonia-municipal-de-verano-en-los-privilegiados-2\\\/#breadcrumb\",\"itemListElement\":[{\"@type\":\"ListItem\",\"position\":1,\"name\":\"Portada\",\"item\":\"https:\\\/\\\/diarioprincipios.com\\\/\"},{\"@type\":\"ListItem\",\"position\":2,\"name\":\"Contin\u00faa la Colonia Municipal de Verano en Los Privilegiados\"}]},{\"@type\":\"WebSite\",\"@id\":\"https:\\\/\\\/diarioprincipios.com\\\/#website\",\"url\":\"https:\\\/\\\/diarioprincipios.com\\\/\",\"name\":\"Principios\",\"description\":\"Principios Diario\",\"publisher\":{\"@id\":\"https:\\\/\\\/diarioprincipios.com\\\/#organization\"},\"potentialAction\":[{\"@type\":\"SearchAction\",\"target\":{\"@type\":\"EntryPoint\",\"urlTemplate\":\"https:\\\/\\\/diarioprincipios.com\\\/?s={search_term_string}\"},\"query-input\":{\"@type\":\"PropertyValueSpecification\",\"valueRequired\":true,\"valueName\":\"search_term_string\"}}],\"inLanguage\":\"es\"},{\"@type\":\"Organization\",\"@id\":\"https:\\\/\\\/diarioprincipios.com\\\/#organization\",\"name\":\"Principios\",\"url\":\"https:\\\/\\\/diarioprincipios.com\\\/\",\"logo\":{\"@type\":\"ImageObject\",\"inLanguage\":\"es\",\"@id\":\"https:\\\/\\\/diarioprincipios.com\\\/#\\\/schema\\\/logo\\\/image\\\/\",\"url\":\"https:\\\/\\\/diarioprincipios.com\\\/wp-content\\\/uploads\\\/2024\\\/04\\\/cropped-www.diarioprincipios.com_-1.png\",\"contentUrl\":\"https:\\\/\\\/diarioprincipios.com\\\/wp-content\\\/uploads\\\/2024\\\/04\\\/cropped-www.diarioprincipios.com_-1.png\",\"width\":5325,\"height\":1454,\"caption\":\"Principios\"},\"image\":{\"@id\":\"https:\\\/\\\/diarioprincipios.com\\\/#\\\/schema\\\/logo\\\/image\\\/\"}},{\"@type\":\"Person\",\"@id\":\"https:\\\/\\\/diarioprincipios.com\\\/#\\\/schema\\\/person\\\/436d5a1fd41a5e250e23ff5a6a7cb080\",\"name\":\"Hern\u00e1n L\u00f3pez\",\"image\":{\"@type\":\"ImageObject\",\"inLanguage\":\"es\",\"@id\":\"https:\\\/\\\/diarioprincipios.com\\\/wp-content\\\/litespeed\\\/avatar\\\/11ddfe5610ff3bd100522525b2571f48.jpg?ver=1777653193\",\"url\":\"https:\\\/\\\/diarioprincipios.com\\\/wp-content\\\/litespeed\\\/avatar\\\/11ddfe5610ff3bd100522525b2571f48.jpg?ver=1777653193\",\"contentUrl\":\"https:\\\/\\\/diarioprincipios.com\\\/wp-content\\\/litespeed\\\/avatar\\\/11ddfe5610ff3bd100522525b2571f48.jpg?ver=1777653193\",\"caption\":\"Hern\u00e1n L\u00f3pez\"},\"url\":\"https:\\\/\\\/diarioprincipios.com\\\/index.php\\\/author\\\/hernan\\\/\"}]}<\/script>\n<!-- \/ Yoast SEO plugin. -->","yoast_head_json":{"title":"Contin\u00faa la Colonia Municipal de Verano en Los Privilegiados - Principios","robots":{"index":"index","follow":"follow","max-snippet":"max-snippet:-1","max-image-preview":"max-image-preview:large","max-video-preview":"max-video-preview:-1"},"canonical":"https:\/\/diarioprincipios.com\/index.php\/2025\/01\/22\/continua-la-colonia-municipal-de-verano-en-los-privilegiados-2\/","og_locale":"es_ES","og_type":"article","og_title":"Contin\u00faa la Colonia Municipal de Verano en Los Privilegiados - Principios","og_description":"Arranc\u00f3 el segundo contingente de la edici\u00f3n 2025 de la Colonia Municipal de Verano en Berazategui. Como todos los a\u00f1os, se est\u00e1 desarrollando en el Complejo Municipal Los Privilegiados, un espacio ideal para disfrutar de sus piletas y sus amplios espacios verdes.\u00a0Esta iniciativa gratuita es impulsada por el intendente de Berazategui, Juan Jos\u00e9 Mussi; y...","og_url":"https:\/\/diarioprincipios.com\/index.php\/2025\/01\/22\/continua-la-colonia-municipal-de-verano-en-los-privilegiados-2\/","og_site_name":"Principios","article_published_time":"2025-01-22T15:53:46+00:00","article_modified_time":"2025-01-22T15:53:47+00:00","og_image":[{"width":1600,"height":1066,"url":"https:\/\/diarioprincipios.com\/wp-content\/uploads\/2025\/01\/CONTINUA-LA-COLONIA-MUNICIPAL-DE-VERANO-EN-LOS-PRIVILEGIADOS-1-1.jpg","type":"image\/jpeg"}],"author":"Hern\u00e1n L\u00f3pez","twitter_card":"summary_large_image","twitter_misc":{"Escrito por":"Hern\u00e1n L\u00f3pez","Tiempo de lectura":"2 minutos"},"schema":{"@context":"https:\/\/schema.org","@graph":[{"@type":"Article","@id":"https:\/\/diarioprincipios.com\/index.php\/2025\/01\/22\/continua-la-colonia-municipal-de-verano-en-los-privilegiados-2\/#article","isPartOf":{"@id":"https:\/\/diarioprincipios.com\/index.php\/2025\/01\/22\/continua-la-colonia-municipal-de-verano-en-los-privilegiados-2\/"},"author":{"name":"Hern\u00e1n L\u00f3pez","@id":"https:\/\/diarioprincipios.com\/#\/schema\/person\/436d5a1fd41a5e250e23ff5a6a7cb080"},"headline":"Contin\u00faa la Colonia Municipal de Verano en Los Privilegiados","datePublished":"2025-01-22T15:53:46+00:00","dateModified":"2025-01-22T15:53:47+00:00","mainEntityOfPage":{"@id":"https:\/\/diarioprincipios.com\/index.php\/2025\/01\/22\/continua-la-colonia-municipal-de-verano-en-los-privilegiados-2\/"},"wordCount":268,"commentCount":0,"publisher":{"@id":"https:\/\/diarioprincipios.com\/#organization"},"image":{"@id":"https:\/\/diarioprincipios.com\/index.php\/2025\/01\/22\/continua-la-colonia-municipal-de-verano-en-los-privilegiados-2\/#primaryimage"},"thumbnailUrl":"https:\/\/diarioprincipios.com\/wp-content\/uploads\/2025\/01\/CONTINUA-LA-COLONIA-MUNICIPAL-DE-VERANO-EN-LOS-PRIVILEGIADOS-1-1.jpg","articleSection":["Berazategui"],"inLanguage":"es","potentialAction":[{"@type":"CommentAction","name":"Comment","target":["https:\/\/diarioprincipios.com\/index.php\/2025\/01\/22\/continua-la-colonia-municipal-de-verano-en-los-privilegiados-2\/#respond"]}]},{"@type":"WebPage","@id":"https:\/\/diarioprincipios.com\/index.php\/2025\/01\/22\/continua-la-colonia-municipal-de-verano-en-los-privilegiados-2\/","url":"https:\/\/diarioprincipios.com\/index.php\/2025\/01\/22\/continua-la-colonia-municipal-de-verano-en-los-privilegiados-2\/","name":"Contin\u00faa la Colonia Municipal de Verano en Los Privilegiados - Principios","isPartOf":{"@id":"https:\/\/diarioprincipios.com\/#website"},"primaryImageOfPage":{"@id":"https:\/\/diarioprincipios.com\/index.php\/2025\/01\/22\/continua-la-colonia-municipal-de-verano-en-los-privilegiados-2\/#primaryimage"},"image":{"@id":"https:\/\/diarioprincipios.com\/index.php\/2025\/01\/22\/continua-la-colonia-municipal-de-verano-en-los-privilegiados-2\/#primaryimage"},"thumbnailUrl":"https:\/\/diarioprincipios.com\/wp-content\/uploads\/2025\/01\/CONTINUA-LA-COLONIA-MUNICIPAL-DE-VERANO-EN-LOS-PRIVILEGIADOS-1-1.jpg","datePublished":"2025-01-22T15:53:46+00:00","dateModified":"2025-01-22T15:53:47+00:00","breadcrumb":{"@id":"https:\/\/diarioprincipios.com\/index.php\/2025\/01\/22\/continua-la-colonia-municipal-de-verano-en-los-privilegiados-2\/#breadcrumb"},"inLanguage":"es","potentialAction":[{"@type":"ReadAction","target":["https:\/\/diarioprincipios.com\/index.php\/2025\/01\/22\/continua-la-colonia-municipal-de-verano-en-los-privilegiados-2\/"]}]},{"@type":"ImageObject","inLanguage":"es","@id":"https:\/\/diarioprincipios.com\/index.php\/2025\/01\/22\/continua-la-colonia-municipal-de-verano-en-los-privilegiados-2\/#primaryimage","url":"https:\/\/diarioprincipios.com\/wp-content\/uploads\/2025\/01\/CONTINUA-LA-COLONIA-MUNICIPAL-DE-VERANO-EN-LOS-PRIVILEGIADOS-1-1.jpg","contentUrl":"https:\/\/diarioprincipios.com\/wp-content\/uploads\/2025\/01\/CONTINUA-LA-COLONIA-MUNICIPAL-DE-VERANO-EN-LOS-PRIVILEGIADOS-1-1.jpg","width":1600,"height":1066},{"@type":"BreadcrumbList","@id":"https:\/\/diarioprincipios.com\/index.php\/2025\/01\/22\/continua-la-colonia-municipal-de-verano-en-los-privilegiados-2\/#breadcrumb","itemListElement":[{"@type":"ListItem","position":1,"name":"Portada","item":"https:\/\/diarioprincipios.com\/"},{"@type":"ListItem","position":2,"name":"Contin\u00faa la Colonia Municipal de Verano en Los Privilegiados"}]},{"@type":"WebSite","@id":"https:\/\/diarioprincipios.com\/#website","url":"https:\/\/diarioprincipios.com\/","name":"Principios","description":"Principios Diario","publisher":{"@id":"https:\/\/diarioprincipios.com\/#organization"},"potentialAction":[{"@type":"SearchAction","target":{"@type":"EntryPoint","urlTemplate":"https:\/\/diarioprincipios.com\/?s={search_term_string}"},"query-input":{"@type":"PropertyValueSpecification","valueRequired":true,"valueName":"search_term_string"}}],"inLanguage":"es"},{"@type":"Organization","@id":"https:\/\/diarioprincipios.com\/#organization","name":"Principios","url":"https:\/\/diarioprincipios.com\/","logo":{"@type":"ImageObject","inLanguage":"es","@id":"https:\/\/diarioprincipios.com\/#\/schema\/logo\/image\/","url":"https:\/\/diarioprincipios.com\/wp-content\/uploads\/2024\/04\/cropped-www.diarioprincipios.com_-1.png","contentUrl":"https:\/\/diarioprincipios.com\/wp-content\/uploads\/2024\/04\/cropped-www.diarioprincipios.com_-1.png","width":5325,"height":1454,"caption":"Principios"},"image":{"@id":"https:\/\/diarioprincipios.com\/#\/schema\/logo\/image\/"}},{"@type":"Person","@id":"https:\/\/diarioprincipios.com\/#\/schema\/person\/436d5a1fd41a5e250e23ff5a6a7cb080","name":"Hern\u00e1n L\u00f3pez","image":{"@type":"ImageObject","inLanguage":"es","@id":"https:\/\/diarioprincipios.com\/wp-content\/litespeed\/avatar\/11ddfe5610ff3bd100522525b2571f48.jpg?ver=1777653193","url":"https:\/\/diarioprincipios.com\/wp-content\/litespeed\/avatar\/11ddfe5610ff3bd100522525b2571f48.jpg?ver=1777653193","contentUrl":"https:\/\/diarioprincipios.com\/wp-content\/litespeed\/avatar\/11ddfe5610ff3bd100522525b2571f48.jpg?ver=1777653193","caption":"Hern\u00e1n L\u00f3pez"},"url":"https:\/\/diarioprincipios.com\/index.php\/author\/hernan\/"}]}},"jetpack_featured_media_url":"https:\/\/diarioprincipios.com\/wp-content\/uploads\/2025\/01\/CONTINUA-LA-COLONIA-MUNICIPAL-DE-VERANO-EN-LOS-PRIVILEGIADOS-1-1.jpg","_links":{"self":[{"href":"https:\/\/diarioprincipios.com\/index.php\/wp-json\/wp\/v2\/posts\/24027","targetHints":{"allow":["GET"]}}],"collection":[{"href":"https:\/\/diarioprincipios.com\/index.php\/wp-json\/wp\/v2\/posts"}],"about":[{"href":"https:\/\/diarioprincipios.com\/index.php\/wp-json\/wp\/v2\/types\/post"}],"author":[{"embeddable":true,"href":"https:\/\/diarioprincipios.com\/index.php\/wp-json\/wp\/v2\/users\/2"}],"replies":[{"embeddable":true,"href":"https:\/\/diarioprincipios.com\/index.php\/wp-json\/wp\/v2\/comments?post=24027"}],"version-history":[{"count":1,"href":"https:\/\/diarioprincipios.com\/index.php\/wp-json\/wp\/v2\/posts\/24027\/revisions"}],"predecessor-version":[{"id":24030,"href":"https:\/\/diarioprincipios.com\/index.php\/wp-json\/wp\/v2\/posts\/24027\/revisions\/24030"}],"wp:featuredmedia":[{"embeddable":true,"href":"https:\/\/diarioprincipios.com\/index.php\/wp-json\/wp\/v2\/media\/24029"}],"wp:attachment":[{"href":"https:\/\/diarioprincipios.com\/index.php\/wp-json\/wp\/v2\/media?parent=24027"}],"wp:term":[{"taxonomy":"category","embeddable":true,"href":"https:\/\/diarioprincipios.com\/index.php\/wp-json\/wp\/v2\/categories?post=24027"},{"taxonomy":"post_tag","embeddable":true,"href":"https:\/\/diarioprincipios.com\/index.php\/wp-json\/wp\/v2\/tags?post=24027"}],"curies":[{"name":"wp","href":"https:\/\/api.w.org\/{rel}","templated":true}]}}