{"id":24008,"date":"2025-01-16T18:55:09","date_gmt":"2025-01-16T21:55:09","guid":{"rendered":"http:\/\/diarioprincipios.com\/?p=24008"},"modified":"2025-01-16T18:55:13","modified_gmt":"2025-01-16T21:55:13","slug":"ya-estan-por-finalizar-las-obras-de-cloacas-en-san-blas-y-los-perales","status":"publish","type":"post","link":"https:\/\/diarioprincipios.com\/index.php\/2025\/01\/16\/ya-estan-por-finalizar-las-obras-de-cloacas-en-san-blas-y-los-perales\/","title":{"rendered":"Ya est\u00e1n por finalizar las Obras de Cloacas en San Blas y Los Perales"},"content":{"rendered":"\n<p><strong>Los trabajos de extensi\u00f3n de la red cloacal en los barrios San Blas y Los Perales entraron en la etapa final. Su financiamiento es mixto, ya que proviene de la Provincia de Buenos Aires y de la Municipalidad de Berazategui, a trav\u00e9s de las gestiones del gobernador, Axel Kicillof, y del intendente, Juan Jos\u00e9 Mussi.<\/strong><\/p>\n\n\n\n<p>Al respecto, el secretario municipal de Servicios P\u00fablicos, Sergio Faccenda, inform\u00f3: \u201cEs un proyecto que contempla m\u00e1s de 15.000 metros de ca\u00f1er\u00edas y 2.400 conexiones domiciliarias, para beneficio de m\u00e1s de 12.000 vecinas y vecinos. Hay muchas zonas del barrio que ya pudieron acceder a este servicio y utilizar la red\u201d.<\/p>\n\n\n\n<figure class=\"wp-block-image size-large\"><img loading=\"lazy\" decoding=\"async\" width=\"1024\" height=\"768\" src=\"https:\/\/diarioprincipios.com\/wp-content\/uploads\/2025\/01\/YA-ESTAN-POR-FINALIZAR-LAS-OBRAS-DE-CLOACAS-EN-SAN-BLAS-Y-LOS-PERALES-2-1024x768.jpeg\" alt=\"\" class=\"wp-image-24009\" srcset=\"https:\/\/diarioprincipios.com\/wp-content\/uploads\/2025\/01\/YA-ESTAN-POR-FINALIZAR-LAS-OBRAS-DE-CLOACAS-EN-SAN-BLAS-Y-LOS-PERALES-2-1024x768.jpeg 1024w, https:\/\/diarioprincipios.com\/wp-content\/uploads\/2025\/01\/YA-ESTAN-POR-FINALIZAR-LAS-OBRAS-DE-CLOACAS-EN-SAN-BLAS-Y-LOS-PERALES-2-300x225.jpeg 300w, https:\/\/diarioprincipios.com\/wp-content\/uploads\/2025\/01\/YA-ESTAN-POR-FINALIZAR-LAS-OBRAS-DE-CLOACAS-EN-SAN-BLAS-Y-LOS-PERALES-2-768x576.jpeg 768w, https:\/\/diarioprincipios.com\/wp-content\/uploads\/2025\/01\/YA-ESTAN-POR-FINALIZAR-LAS-OBRAS-DE-CLOACAS-EN-SAN-BLAS-Y-LOS-PERALES-2-1536x1152.jpeg 1536w, https:\/\/diarioprincipios.com\/wp-content\/uploads\/2025\/01\/YA-ESTAN-POR-FINALIZAR-LAS-OBRAS-DE-CLOACAS-EN-SAN-BLAS-Y-LOS-PERALES-2.jpeg 1600w\" sizes=\"auto, (max-width: 1024px) 100vw, 1024px\" \/><\/figure>\n\n\n\n<p>\u201cYa se realizaron las c\u00e1maras de inspecci\u00f3n y la mayor\u00eda de las conexiones. Actualmente, estamos trabajando en la calle 130 e\/ 44 y 44 A, colocando los \u00faltimos metros de ca\u00f1er\u00edas para cerrar estas manzanas y que todos los vecinos y vecinas puedan terminar de conectarse\u201d, finaliz\u00f3.<\/p>\n","protected":false},"excerpt":{"rendered":"<p>Los trabajos de extensi\u00f3n de la red cloacal en los barrios San Blas y Los Perales entraron en la etapa final. Su financiamiento es mixto, ya que proviene de la Provincia de Buenos Aires y de la Municipalidad de Berazategui, a trav\u00e9s de las gestiones del gobernador, Axel Kicillof, y del intendente, Juan Jos\u00e9 Mussi&#8230;.<\/p>\n","protected":false},"author":2,"featured_media":24010,"comment_status":"open","ping_status":"open","sticky":false,"template":"","format":"standard","meta":{"footnotes":""},"categories":[3],"tags":[],"class_list":["post-24008","post","type-post","status-publish","format-standard","has-post-thumbnail","hentry","category-berazategui"],"featured_image_src":"https:\/\/diarioprincipios.com\/wp-content\/uploads\/2025\/01\/YA-ESTAN-POR-FINALIZAR-LAS-OBRAS-DE-CLOACAS-EN-SAN-BLAS-Y-LOS-PERALES-1-1024x768.jpeg","blog_images":{"medium":"https:\/\/diarioprincipios.com\/wp-content\/uploads\/2025\/01\/YA-ESTAN-POR-FINALIZAR-LAS-OBRAS-DE-CLOACAS-EN-SAN-BLAS-Y-LOS-PERALES-1-300x225.jpeg","large":"https:\/\/diarioprincipios.com\/wp-content\/uploads\/2025\/01\/YA-ESTAN-POR-FINALIZAR-LAS-OBRAS-DE-CLOACAS-EN-SAN-BLAS-Y-LOS-PERALES-1-1024x768.jpeg"},"ams_acf":[],"yoast_head":"<!-- This site is optimized with the Yoast SEO plugin v27.3 - https:\/\/yoast.com\/product\/yoast-seo-wordpress\/ -->\n<title>Ya est\u00e1n por finalizar las Obras de Cloacas en San Blas y Los Perales - Principios<\/title>\n<meta name=\"robots\" content=\"index, follow, max-snippet:-1, max-image-preview:large, max-video-preview:-1\" \/>\n<link rel=\"canonical\" href=\"https:\/\/diarioprincipios.com\/index.php\/2025\/01\/16\/ya-estan-por-finalizar-las-obras-de-cloacas-en-san-blas-y-los-perales\/\" \/>\n<meta property=\"og:locale\" content=\"es_ES\" \/>\n<meta property=\"og:type\" content=\"article\" \/>\n<meta property=\"og:title\" content=\"Ya est\u00e1n por finalizar las Obras de Cloacas en San Blas y Los Perales - Principios\" \/>\n<meta property=\"og:description\" content=\"Los trabajos de extensi\u00f3n de la red cloacal en los barrios San Blas y Los Perales entraron en la etapa final. Su financiamiento es mixto, ya que proviene de la Provincia de Buenos Aires y de la Municipalidad de Berazategui, a trav\u00e9s de las gestiones del gobernador, Axel Kicillof, y del intendente, Juan Jos\u00e9 Mussi....\" \/>\n<meta property=\"og:url\" content=\"https:\/\/diarioprincipios.com\/index.php\/2025\/01\/16\/ya-estan-por-finalizar-las-obras-de-cloacas-en-san-blas-y-los-perales\/\" \/>\n<meta property=\"og:site_name\" content=\"Principios\" \/>\n<meta property=\"article:published_time\" content=\"2025-01-16T21:55:09+00:00\" \/>\n<meta property=\"article:modified_time\" content=\"2025-01-16T21:55:13+00:00\" \/>\n<meta property=\"og:image\" content=\"https:\/\/diarioprincipios.com\/wp-content\/uploads\/2025\/01\/YA-ESTAN-POR-FINALIZAR-LAS-OBRAS-DE-CLOACAS-EN-SAN-BLAS-Y-LOS-PERALES-1.jpeg\" \/>\n\t<meta property=\"og:image:width\" content=\"1600\" \/>\n\t<meta property=\"og:image:height\" content=\"1200\" \/>\n\t<meta property=\"og:image:type\" content=\"image\/jpeg\" \/>\n<meta name=\"author\" content=\"Hern\u00e1n L\u00f3pez\" \/>\n<meta name=\"twitter:card\" content=\"summary_large_image\" \/>\n<meta name=\"twitter:label1\" content=\"Escrito por\" \/>\n\t<meta name=\"twitter:data1\" content=\"Hern\u00e1n L\u00f3pez\" \/>\n\t<meta name=\"twitter:label2\" content=\"Tiempo de lectura\" \/>\n\t<meta name=\"twitter:data2\" content=\"2 minutos\" \/>\n<script type=\"application\/ld+json\" class=\"yoast-schema-graph\">{\"@context\":\"https:\\\/\\\/schema.org\",\"@graph\":[{\"@type\":\"Article\",\"@id\":\"https:\\\/\\\/diarioprincipios.com\\\/index.php\\\/2025\\\/01\\\/16\\\/ya-estan-por-finalizar-las-obras-de-cloacas-en-san-blas-y-los-perales\\\/#article\",\"isPartOf\":{\"@id\":\"https:\\\/\\\/diarioprincipios.com\\\/index.php\\\/2025\\\/01\\\/16\\\/ya-estan-por-finalizar-las-obras-de-cloacas-en-san-blas-y-los-perales\\\/\"},\"author\":{\"name\":\"Hern\u00e1n L\u00f3pez\",\"@id\":\"https:\\\/\\\/diarioprincipios.com\\\/#\\\/schema\\\/person\\\/436d5a1fd41a5e250e23ff5a6a7cb080\"},\"headline\":\"Ya est\u00e1n por finalizar las Obras de Cloacas en San Blas y Los Perales\",\"datePublished\":\"2025-01-16T21:55:09+00:00\",\"dateModified\":\"2025-01-16T21:55:13+00:00\",\"mainEntityOfPage\":{\"@id\":\"https:\\\/\\\/diarioprincipios.com\\\/index.php\\\/2025\\\/01\\\/16\\\/ya-estan-por-finalizar-las-obras-de-cloacas-en-san-blas-y-los-perales\\\/\"},\"wordCount\":174,\"commentCount\":0,\"publisher\":{\"@id\":\"https:\\\/\\\/diarioprincipios.com\\\/#organization\"},\"image\":{\"@id\":\"https:\\\/\\\/diarioprincipios.com\\\/index.php\\\/2025\\\/01\\\/16\\\/ya-estan-por-finalizar-las-obras-de-cloacas-en-san-blas-y-los-perales\\\/#primaryimage\"},\"thumbnailUrl\":\"https:\\\/\\\/diarioprincipios.com\\\/wp-content\\\/uploads\\\/2025\\\/01\\\/YA-ESTAN-POR-FINALIZAR-LAS-OBRAS-DE-CLOACAS-EN-SAN-BLAS-Y-LOS-PERALES-1.jpeg\",\"articleSection\":[\"Berazategui\"],\"inLanguage\":\"es\",\"potentialAction\":[{\"@type\":\"CommentAction\",\"name\":\"Comment\",\"target\":[\"https:\\\/\\\/diarioprincipios.com\\\/index.php\\\/2025\\\/01\\\/16\\\/ya-estan-por-finalizar-las-obras-de-cloacas-en-san-blas-y-los-perales\\\/#respond\"]}]},{\"@type\":\"WebPage\",\"@id\":\"https:\\\/\\\/diarioprincipios.com\\\/index.php\\\/2025\\\/01\\\/16\\\/ya-estan-por-finalizar-las-obras-de-cloacas-en-san-blas-y-los-perales\\\/\",\"url\":\"https:\\\/\\\/diarioprincipios.com\\\/index.php\\\/2025\\\/01\\\/16\\\/ya-estan-por-finalizar-las-obras-de-cloacas-en-san-blas-y-los-perales\\\/\",\"name\":\"Ya est\u00e1n por finalizar las Obras de Cloacas en San Blas y Los Perales - Principios\",\"isPartOf\":{\"@id\":\"https:\\\/\\\/diarioprincipios.com\\\/#website\"},\"primaryImageOfPage\":{\"@id\":\"https:\\\/\\\/diarioprincipios.com\\\/index.php\\\/2025\\\/01\\\/16\\\/ya-estan-por-finalizar-las-obras-de-cloacas-en-san-blas-y-los-perales\\\/#primaryimage\"},\"image\":{\"@id\":\"https:\\\/\\\/diarioprincipios.com\\\/index.php\\\/2025\\\/01\\\/16\\\/ya-estan-por-finalizar-las-obras-de-cloacas-en-san-blas-y-los-perales\\\/#primaryimage\"},\"thumbnailUrl\":\"https:\\\/\\\/diarioprincipios.com\\\/wp-content\\\/uploads\\\/2025\\\/01\\\/YA-ESTAN-POR-FINALIZAR-LAS-OBRAS-DE-CLOACAS-EN-SAN-BLAS-Y-LOS-PERALES-1.jpeg\",\"datePublished\":\"2025-01-16T21:55:09+00:00\",\"dateModified\":\"2025-01-16T21:55:13+00:00\",\"breadcrumb\":{\"@id\":\"https:\\\/\\\/diarioprincipios.com\\\/index.php\\\/2025\\\/01\\\/16\\\/ya-estan-por-finalizar-las-obras-de-cloacas-en-san-blas-y-los-perales\\\/#breadcrumb\"},\"inLanguage\":\"es\",\"potentialAction\":[{\"@type\":\"ReadAction\",\"target\":[\"https:\\\/\\\/diarioprincipios.com\\\/index.php\\\/2025\\\/01\\\/16\\\/ya-estan-por-finalizar-las-obras-de-cloacas-en-san-blas-y-los-perales\\\/\"]}]},{\"@type\":\"ImageObject\",\"inLanguage\":\"es\",\"@id\":\"https:\\\/\\\/diarioprincipios.com\\\/index.php\\\/2025\\\/01\\\/16\\\/ya-estan-por-finalizar-las-obras-de-cloacas-en-san-blas-y-los-perales\\\/#primaryimage\",\"url\":\"https:\\\/\\\/diarioprincipios.com\\\/wp-content\\\/uploads\\\/2025\\\/01\\\/YA-ESTAN-POR-FINALIZAR-LAS-OBRAS-DE-CLOACAS-EN-SAN-BLAS-Y-LOS-PERALES-1.jpeg\",\"contentUrl\":\"https:\\\/\\\/diarioprincipios.com\\\/wp-content\\\/uploads\\\/2025\\\/01\\\/YA-ESTAN-POR-FINALIZAR-LAS-OBRAS-DE-CLOACAS-EN-SAN-BLAS-Y-LOS-PERALES-1.jpeg\",\"width\":1600,\"height\":1200},{\"@type\":\"BreadcrumbList\",\"@id\":\"https:\\\/\\\/diarioprincipios.com\\\/index.php\\\/2025\\\/01\\\/16\\\/ya-estan-por-finalizar-las-obras-de-cloacas-en-san-blas-y-los-perales\\\/#breadcrumb\",\"itemListElement\":[{\"@type\":\"ListItem\",\"position\":1,\"name\":\"Portada\",\"item\":\"https:\\\/\\\/diarioprincipios.com\\\/\"},{\"@type\":\"ListItem\",\"position\":2,\"name\":\"Ya est\u00e1n por finalizar las Obras de Cloacas en San Blas y Los Perales\"}]},{\"@type\":\"WebSite\",\"@id\":\"https:\\\/\\\/diarioprincipios.com\\\/#website\",\"url\":\"https:\\\/\\\/diarioprincipios.com\\\/\",\"name\":\"Principios\",\"description\":\"Principios Diario\",\"publisher\":{\"@id\":\"https:\\\/\\\/diarioprincipios.com\\\/#organization\"},\"potentialAction\":[{\"@type\":\"SearchAction\",\"target\":{\"@type\":\"EntryPoint\",\"urlTemplate\":\"https:\\\/\\\/diarioprincipios.com\\\/?s={search_term_string}\"},\"query-input\":{\"@type\":\"PropertyValueSpecification\",\"valueRequired\":true,\"valueName\":\"search_term_string\"}}],\"inLanguage\":\"es\"},{\"@type\":\"Organization\",\"@id\":\"https:\\\/\\\/diarioprincipios.com\\\/#organization\",\"name\":\"Principios\",\"url\":\"https:\\\/\\\/diarioprincipios.com\\\/\",\"logo\":{\"@type\":\"ImageObject\",\"inLanguage\":\"es\",\"@id\":\"https:\\\/\\\/diarioprincipios.com\\\/#\\\/schema\\\/logo\\\/image\\\/\",\"url\":\"https:\\\/\\\/diarioprincipios.com\\\/wp-content\\\/uploads\\\/2024\\\/04\\\/cropped-www.diarioprincipios.com_-1.png\",\"contentUrl\":\"https:\\\/\\\/diarioprincipios.com\\\/wp-content\\\/uploads\\\/2024\\\/04\\\/cropped-www.diarioprincipios.com_-1.png\",\"width\":5325,\"height\":1454,\"caption\":\"Principios\"},\"image\":{\"@id\":\"https:\\\/\\\/diarioprincipios.com\\\/#\\\/schema\\\/logo\\\/image\\\/\"}},{\"@type\":\"Person\",\"@id\":\"https:\\\/\\\/diarioprincipios.com\\\/#\\\/schema\\\/person\\\/436d5a1fd41a5e250e23ff5a6a7cb080\",\"name\":\"Hern\u00e1n L\u00f3pez\",\"image\":{\"@type\":\"ImageObject\",\"inLanguage\":\"es\",\"@id\":\"https:\\\/\\\/diarioprincipios.com\\\/wp-content\\\/litespeed\\\/avatar\\\/11ddfe5610ff3bd100522525b2571f48.jpg?ver=1777653193\",\"url\":\"https:\\\/\\\/diarioprincipios.com\\\/wp-content\\\/litespeed\\\/avatar\\\/11ddfe5610ff3bd100522525b2571f48.jpg?ver=1777653193\",\"contentUrl\":\"https:\\\/\\\/diarioprincipios.com\\\/wp-content\\\/litespeed\\\/avatar\\\/11ddfe5610ff3bd100522525b2571f48.jpg?ver=1777653193\",\"caption\":\"Hern\u00e1n L\u00f3pez\"},\"url\":\"https:\\\/\\\/diarioprincipios.com\\\/index.php\\\/author\\\/hernan\\\/\"}]}<\/script>\n<!-- \/ Yoast SEO plugin. -->","yoast_head_json":{"title":"Ya est\u00e1n por finalizar las Obras de Cloacas en San Blas y Los Perales - Principios","robots":{"index":"index","follow":"follow","max-snippet":"max-snippet:-1","max-image-preview":"max-image-preview:large","max-video-preview":"max-video-preview:-1"},"canonical":"https:\/\/diarioprincipios.com\/index.php\/2025\/01\/16\/ya-estan-por-finalizar-las-obras-de-cloacas-en-san-blas-y-los-perales\/","og_locale":"es_ES","og_type":"article","og_title":"Ya est\u00e1n por finalizar las Obras de Cloacas en San Blas y Los Perales - Principios","og_description":"Los trabajos de extensi\u00f3n de la red cloacal en los barrios San Blas y Los Perales entraron en la etapa final. Su financiamiento es mixto, ya que proviene de la Provincia de Buenos Aires y de la Municipalidad de Berazategui, a trav\u00e9s de las gestiones del gobernador, Axel Kicillof, y del intendente, Juan Jos\u00e9 Mussi....","og_url":"https:\/\/diarioprincipios.com\/index.php\/2025\/01\/16\/ya-estan-por-finalizar-las-obras-de-cloacas-en-san-blas-y-los-perales\/","og_site_name":"Principios","article_published_time":"2025-01-16T21:55:09+00:00","article_modified_time":"2025-01-16T21:55:13+00:00","og_image":[{"width":1600,"height":1200,"url":"https:\/\/diarioprincipios.com\/wp-content\/uploads\/2025\/01\/YA-ESTAN-POR-FINALIZAR-LAS-OBRAS-DE-CLOACAS-EN-SAN-BLAS-Y-LOS-PERALES-1.jpeg","type":"image\/jpeg"}],"author":"Hern\u00e1n L\u00f3pez","twitter_card":"summary_large_image","twitter_misc":{"Escrito por":"Hern\u00e1n L\u00f3pez","Tiempo de lectura":"2 minutos"},"schema":{"@context":"https:\/\/schema.org","@graph":[{"@type":"Article","@id":"https:\/\/diarioprincipios.com\/index.php\/2025\/01\/16\/ya-estan-por-finalizar-las-obras-de-cloacas-en-san-blas-y-los-perales\/#article","isPartOf":{"@id":"https:\/\/diarioprincipios.com\/index.php\/2025\/01\/16\/ya-estan-por-finalizar-las-obras-de-cloacas-en-san-blas-y-los-perales\/"},"author":{"name":"Hern\u00e1n L\u00f3pez","@id":"https:\/\/diarioprincipios.com\/#\/schema\/person\/436d5a1fd41a5e250e23ff5a6a7cb080"},"headline":"Ya est\u00e1n por finalizar las Obras de Cloacas en San Blas y Los Perales","datePublished":"2025-01-16T21:55:09+00:00","dateModified":"2025-01-16T21:55:13+00:00","mainEntityOfPage":{"@id":"https:\/\/diarioprincipios.com\/index.php\/2025\/01\/16\/ya-estan-por-finalizar-las-obras-de-cloacas-en-san-blas-y-los-perales\/"},"wordCount":174,"commentCount":0,"publisher":{"@id":"https:\/\/diarioprincipios.com\/#organization"},"image":{"@id":"https:\/\/diarioprincipios.com\/index.php\/2025\/01\/16\/ya-estan-por-finalizar-las-obras-de-cloacas-en-san-blas-y-los-perales\/#primaryimage"},"thumbnailUrl":"https:\/\/diarioprincipios.com\/wp-content\/uploads\/2025\/01\/YA-ESTAN-POR-FINALIZAR-LAS-OBRAS-DE-CLOACAS-EN-SAN-BLAS-Y-LOS-PERALES-1.jpeg","articleSection":["Berazategui"],"inLanguage":"es","potentialAction":[{"@type":"CommentAction","name":"Comment","target":["https:\/\/diarioprincipios.com\/index.php\/2025\/01\/16\/ya-estan-por-finalizar-las-obras-de-cloacas-en-san-blas-y-los-perales\/#respond"]}]},{"@type":"WebPage","@id":"https:\/\/diarioprincipios.com\/index.php\/2025\/01\/16\/ya-estan-por-finalizar-las-obras-de-cloacas-en-san-blas-y-los-perales\/","url":"https:\/\/diarioprincipios.com\/index.php\/2025\/01\/16\/ya-estan-por-finalizar-las-obras-de-cloacas-en-san-blas-y-los-perales\/","name":"Ya est\u00e1n por finalizar las Obras de Cloacas en San Blas y Los Perales - Principios","isPartOf":{"@id":"https:\/\/diarioprincipios.com\/#website"},"primaryImageOfPage":{"@id":"https:\/\/diarioprincipios.com\/index.php\/2025\/01\/16\/ya-estan-por-finalizar-las-obras-de-cloacas-en-san-blas-y-los-perales\/#primaryimage"},"image":{"@id":"https:\/\/diarioprincipios.com\/index.php\/2025\/01\/16\/ya-estan-por-finalizar-las-obras-de-cloacas-en-san-blas-y-los-perales\/#primaryimage"},"thumbnailUrl":"https:\/\/diarioprincipios.com\/wp-content\/uploads\/2025\/01\/YA-ESTAN-POR-FINALIZAR-LAS-OBRAS-DE-CLOACAS-EN-SAN-BLAS-Y-LOS-PERALES-1.jpeg","datePublished":"2025-01-16T21:55:09+00:00","dateModified":"2025-01-16T21:55:13+00:00","breadcrumb":{"@id":"https:\/\/diarioprincipios.com\/index.php\/2025\/01\/16\/ya-estan-por-finalizar-las-obras-de-cloacas-en-san-blas-y-los-perales\/#breadcrumb"},"inLanguage":"es","potentialAction":[{"@type":"ReadAction","target":["https:\/\/diarioprincipios.com\/index.php\/2025\/01\/16\/ya-estan-por-finalizar-las-obras-de-cloacas-en-san-blas-y-los-perales\/"]}]},{"@type":"ImageObject","inLanguage":"es","@id":"https:\/\/diarioprincipios.com\/index.php\/2025\/01\/16\/ya-estan-por-finalizar-las-obras-de-cloacas-en-san-blas-y-los-perales\/#primaryimage","url":"https:\/\/diarioprincipios.com\/wp-content\/uploads\/2025\/01\/YA-ESTAN-POR-FINALIZAR-LAS-OBRAS-DE-CLOACAS-EN-SAN-BLAS-Y-LOS-PERALES-1.jpeg","contentUrl":"https:\/\/diarioprincipios.com\/wp-content\/uploads\/2025\/01\/YA-ESTAN-POR-FINALIZAR-LAS-OBRAS-DE-CLOACAS-EN-SAN-BLAS-Y-LOS-PERALES-1.jpeg","width":1600,"height":1200},{"@type":"BreadcrumbList","@id":"https:\/\/diarioprincipios.com\/index.php\/2025\/01\/16\/ya-estan-por-finalizar-las-obras-de-cloacas-en-san-blas-y-los-perales\/#breadcrumb","itemListElement":[{"@type":"ListItem","position":1,"name":"Portada","item":"https:\/\/diarioprincipios.com\/"},{"@type":"ListItem","position":2,"name":"Ya est\u00e1n por finalizar las Obras de Cloacas en San Blas y Los Perales"}]},{"@type":"WebSite","@id":"https:\/\/diarioprincipios.com\/#website","url":"https:\/\/diarioprincipios.com\/","name":"Principios","description":"Principios Diario","publisher":{"@id":"https:\/\/diarioprincipios.com\/#organization"},"potentialAction":[{"@type":"SearchAction","target":{"@type":"EntryPoint","urlTemplate":"https:\/\/diarioprincipios.com\/?s={search_term_string}"},"query-input":{"@type":"PropertyValueSpecification","valueRequired":true,"valueName":"search_term_string"}}],"inLanguage":"es"},{"@type":"Organization","@id":"https:\/\/diarioprincipios.com\/#organization","name":"Principios","url":"https:\/\/diarioprincipios.com\/","logo":{"@type":"ImageObject","inLanguage":"es","@id":"https:\/\/diarioprincipios.com\/#\/schema\/logo\/image\/","url":"https:\/\/diarioprincipios.com\/wp-content\/uploads\/2024\/04\/cropped-www.diarioprincipios.com_-1.png","contentUrl":"https:\/\/diarioprincipios.com\/wp-content\/uploads\/2024\/04\/cropped-www.diarioprincipios.com_-1.png","width":5325,"height":1454,"caption":"Principios"},"image":{"@id":"https:\/\/diarioprincipios.com\/#\/schema\/logo\/image\/"}},{"@type":"Person","@id":"https:\/\/diarioprincipios.com\/#\/schema\/person\/436d5a1fd41a5e250e23ff5a6a7cb080","name":"Hern\u00e1n L\u00f3pez","image":{"@type":"ImageObject","inLanguage":"es","@id":"https:\/\/diarioprincipios.com\/wp-content\/litespeed\/avatar\/11ddfe5610ff3bd100522525b2571f48.jpg?ver=1777653193","url":"https:\/\/diarioprincipios.com\/wp-content\/litespeed\/avatar\/11ddfe5610ff3bd100522525b2571f48.jpg?ver=1777653193","contentUrl":"https:\/\/diarioprincipios.com\/wp-content\/litespeed\/avatar\/11ddfe5610ff3bd100522525b2571f48.jpg?ver=1777653193","caption":"Hern\u00e1n L\u00f3pez"},"url":"https:\/\/diarioprincipios.com\/index.php\/author\/hernan\/"}]}},"jetpack_featured_media_url":"https:\/\/diarioprincipios.com\/wp-content\/uploads\/2025\/01\/YA-ESTAN-POR-FINALIZAR-LAS-OBRAS-DE-CLOACAS-EN-SAN-BLAS-Y-LOS-PERALES-1.jpeg","_links":{"self":[{"href":"https:\/\/diarioprincipios.com\/index.php\/wp-json\/wp\/v2\/posts\/24008","targetHints":{"allow":["GET"]}}],"collection":[{"href":"https:\/\/diarioprincipios.com\/index.php\/wp-json\/wp\/v2\/posts"}],"about":[{"href":"https:\/\/diarioprincipios.com\/index.php\/wp-json\/wp\/v2\/types\/post"}],"author":[{"embeddable":true,"href":"https:\/\/diarioprincipios.com\/index.php\/wp-json\/wp\/v2\/users\/2"}],"replies":[{"embeddable":true,"href":"https:\/\/diarioprincipios.com\/index.php\/wp-json\/wp\/v2\/comments?post=24008"}],"version-history":[{"count":1,"href":"https:\/\/diarioprincipios.com\/index.php\/wp-json\/wp\/v2\/posts\/24008\/revisions"}],"predecessor-version":[{"id":24011,"href":"https:\/\/diarioprincipios.com\/index.php\/wp-json\/wp\/v2\/posts\/24008\/revisions\/24011"}],"wp:featuredmedia":[{"embeddable":true,"href":"https:\/\/diarioprincipios.com\/index.php\/wp-json\/wp\/v2\/media\/24010"}],"wp:attachment":[{"href":"https:\/\/diarioprincipios.com\/index.php\/wp-json\/wp\/v2\/media?parent=24008"}],"wp:term":[{"taxonomy":"category","embeddable":true,"href":"https:\/\/diarioprincipios.com\/index.php\/wp-json\/wp\/v2\/categories?post=24008"},{"taxonomy":"post_tag","embeddable":true,"href":"https:\/\/diarioprincipios.com\/index.php\/wp-json\/wp\/v2\/tags?post=24008"}],"curies":[{"name":"wp","href":"https:\/\/api.w.org\/{rel}","templated":true}]}}