{"id":24004,"date":"2025-01-16T11:13:50","date_gmt":"2025-01-16T14:13:50","guid":{"rendered":"http:\/\/diarioprincipios.com\/?p=24004"},"modified":"2025-01-16T11:16:25","modified_gmt":"2025-01-16T14:16:25","slug":"las-obras-de-desagues-pluviales-en-la-portena-estan-cerca-de-finalizarse","status":"publish","type":"post","link":"https:\/\/diarioprincipios.com\/index.php\/2025\/01\/16\/las-obras-de-desagues-pluviales-en-la-portena-estan-cerca-de-finalizarse\/","title":{"rendered":"Las Obras de Desag\u00fces Pluviales en La Porte\u00f1a est\u00e1n cerca de finalizarse"},"content":{"rendered":"\n<p><strong>Con un avance del 95%, tienen por objetivo facilitar el escurrimiento de agua luego de las lluvias. Las obras se realizan con financiamiento 100% municipal, gracias a la gesti\u00f3n del intendente, Juan Jos\u00e9 Mussi.<\/strong><\/p>\n\n\n\n<p>Los trabajos se llevan adelante en calle 153 entre 60 y 63, y en 62 entre 153 y 153 A. Jonathan Holasek -arquitecto de la Secretar\u00eda de Obras P\u00fablicas municipal- explic\u00f3: \u201cEstas obras cuentan con la construcci\u00f3n de sumideros en cada esquina, badenes en cada intersecci\u00f3n como tambi\u00e9n acequias en el pasaje de la 62. Ahora se est\u00e1n efectuando tareas de limpieza y de readecuaci\u00f3n del pavimento donde se estuvo trabajando\u201d.<\/p>\n\n\n\n<p>Asimismo, detall\u00f3: \u201cEl objetivo de la obra es desviar el agua que circula por la 153 hacia el zanj\u00f3n que se encuentra en la Colectora de la Autopista Buenos Aires &#8211; La Plata. As\u00ed es como se mejora el escurrimiento de las aguas de lluvia en la zona\u201d.<\/p>\n","protected":false},"excerpt":{"rendered":"<p>Con un avance del 95%, tienen por objetivo facilitar el escurrimiento de agua luego de las lluvias. Las obras se realizan con financiamiento 100% municipal, gracias a la gesti\u00f3n del intendente, Juan Jos\u00e9 Mussi. Los trabajos se llevan adelante en calle 153 entre 60 y 63, y en 62 entre 153 y 153 A. Jonathan&#8230;<\/p>\n","protected":false},"author":2,"featured_media":24005,"comment_status":"open","ping_status":"open","sticky":false,"template":"","format":"standard","meta":{"footnotes":""},"categories":[3],"tags":[],"class_list":["post-24004","post","type-post","status-publish","format-standard","has-post-thumbnail","hentry","category-berazategui"],"featured_image_src":"https:\/\/diarioprincipios.com\/wp-content\/uploads\/2025\/01\/LAS-OBRAS-DE-DESAGUES-PLUVIALES-EN-LA-PORTENA-ESTAN-CERCA-DE-FINALIZARSE-3-1024x683.jpg","blog_images":{"medium":"https:\/\/diarioprincipios.com\/wp-content\/uploads\/2025\/01\/LAS-OBRAS-DE-DESAGUES-PLUVIALES-EN-LA-PORTENA-ESTAN-CERCA-DE-FINALIZARSE-3-300x200.jpg","large":"https:\/\/diarioprincipios.com\/wp-content\/uploads\/2025\/01\/LAS-OBRAS-DE-DESAGUES-PLUVIALES-EN-LA-PORTENA-ESTAN-CERCA-DE-FINALIZARSE-3-1024x683.jpg"},"ams_acf":[],"yoast_head":"<!-- This site is optimized with the Yoast SEO plugin v27.3 - https:\/\/yoast.com\/product\/yoast-seo-wordpress\/ -->\n<title>Las Obras de Desag\u00fces Pluviales en La Porte\u00f1a est\u00e1n cerca de finalizarse - Principios<\/title>\n<meta name=\"robots\" content=\"index, follow, max-snippet:-1, max-image-preview:large, max-video-preview:-1\" \/>\n<link rel=\"canonical\" href=\"https:\/\/diarioprincipios.com\/index.php\/2025\/01\/16\/las-obras-de-desagues-pluviales-en-la-portena-estan-cerca-de-finalizarse\/\" \/>\n<meta property=\"og:locale\" content=\"es_ES\" \/>\n<meta property=\"og:type\" content=\"article\" \/>\n<meta property=\"og:title\" content=\"Las Obras de Desag\u00fces Pluviales en La Porte\u00f1a est\u00e1n cerca de finalizarse - Principios\" \/>\n<meta property=\"og:description\" content=\"Con un avance del 95%, tienen por objetivo facilitar el escurrimiento de agua luego de las lluvias. Las obras se realizan con financiamiento 100% municipal, gracias a la gesti\u00f3n del intendente, Juan Jos\u00e9 Mussi. Los trabajos se llevan adelante en calle 153 entre 60 y 63, y en 62 entre 153 y 153 A. Jonathan...\" \/>\n<meta property=\"og:url\" content=\"https:\/\/diarioprincipios.com\/index.php\/2025\/01\/16\/las-obras-de-desagues-pluviales-en-la-portena-estan-cerca-de-finalizarse\/\" \/>\n<meta property=\"og:site_name\" content=\"Principios\" \/>\n<meta property=\"article:published_time\" content=\"2025-01-16T14:13:50+00:00\" \/>\n<meta property=\"article:modified_time\" content=\"2025-01-16T14:16:25+00:00\" \/>\n<meta property=\"og:image\" content=\"https:\/\/diarioprincipios.com\/wp-content\/uploads\/2025\/01\/LAS-OBRAS-DE-DESAGUES-PLUVIALES-EN-LA-PORTENA-ESTAN-CERCA-DE-FINALIZARSE-3.jpg\" \/>\n\t<meta property=\"og:image:width\" content=\"1920\" \/>\n\t<meta property=\"og:image:height\" content=\"1280\" \/>\n\t<meta property=\"og:image:type\" content=\"image\/jpeg\" \/>\n<meta name=\"author\" content=\"Hern\u00e1n L\u00f3pez\" \/>\n<meta name=\"twitter:card\" content=\"summary_large_image\" \/>\n<meta name=\"twitter:label1\" content=\"Escrito por\" \/>\n\t<meta name=\"twitter:data1\" content=\"Hern\u00e1n L\u00f3pez\" \/>\n\t<meta name=\"twitter:label2\" content=\"Tiempo de lectura\" \/>\n\t<meta name=\"twitter:data2\" content=\"1 minuto\" \/>\n<script type=\"application\/ld+json\" class=\"yoast-schema-graph\">{\"@context\":\"https:\\\/\\\/schema.org\",\"@graph\":[{\"@type\":\"Article\",\"@id\":\"https:\\\/\\\/diarioprincipios.com\\\/index.php\\\/2025\\\/01\\\/16\\\/las-obras-de-desagues-pluviales-en-la-portena-estan-cerca-de-finalizarse\\\/#article\",\"isPartOf\":{\"@id\":\"https:\\\/\\\/diarioprincipios.com\\\/index.php\\\/2025\\\/01\\\/16\\\/las-obras-de-desagues-pluviales-en-la-portena-estan-cerca-de-finalizarse\\\/\"},\"author\":{\"name\":\"Hern\u00e1n L\u00f3pez\",\"@id\":\"https:\\\/\\\/diarioprincipios.com\\\/#\\\/schema\\\/person\\\/436d5a1fd41a5e250e23ff5a6a7cb080\"},\"headline\":\"Las Obras de Desag\u00fces Pluviales en La Porte\u00f1a est\u00e1n cerca de finalizarse\",\"datePublished\":\"2025-01-16T14:13:50+00:00\",\"dateModified\":\"2025-01-16T14:16:25+00:00\",\"mainEntityOfPage\":{\"@id\":\"https:\\\/\\\/diarioprincipios.com\\\/index.php\\\/2025\\\/01\\\/16\\\/las-obras-de-desagues-pluviales-en-la-portena-estan-cerca-de-finalizarse\\\/\"},\"wordCount\":167,\"commentCount\":0,\"publisher\":{\"@id\":\"https:\\\/\\\/diarioprincipios.com\\\/#organization\"},\"image\":{\"@id\":\"https:\\\/\\\/diarioprincipios.com\\\/index.php\\\/2025\\\/01\\\/16\\\/las-obras-de-desagues-pluviales-en-la-portena-estan-cerca-de-finalizarse\\\/#primaryimage\"},\"thumbnailUrl\":\"https:\\\/\\\/diarioprincipios.com\\\/wp-content\\\/uploads\\\/2025\\\/01\\\/LAS-OBRAS-DE-DESAGUES-PLUVIALES-EN-LA-PORTENA-ESTAN-CERCA-DE-FINALIZARSE-3.jpg\",\"articleSection\":[\"Berazategui\"],\"inLanguage\":\"es\",\"potentialAction\":[{\"@type\":\"CommentAction\",\"name\":\"Comment\",\"target\":[\"https:\\\/\\\/diarioprincipios.com\\\/index.php\\\/2025\\\/01\\\/16\\\/las-obras-de-desagues-pluviales-en-la-portena-estan-cerca-de-finalizarse\\\/#respond\"]}]},{\"@type\":\"WebPage\",\"@id\":\"https:\\\/\\\/diarioprincipios.com\\\/index.php\\\/2025\\\/01\\\/16\\\/las-obras-de-desagues-pluviales-en-la-portena-estan-cerca-de-finalizarse\\\/\",\"url\":\"https:\\\/\\\/diarioprincipios.com\\\/index.php\\\/2025\\\/01\\\/16\\\/las-obras-de-desagues-pluviales-en-la-portena-estan-cerca-de-finalizarse\\\/\",\"name\":\"Las Obras de Desag\u00fces Pluviales en La Porte\u00f1a est\u00e1n cerca de finalizarse - Principios\",\"isPartOf\":{\"@id\":\"https:\\\/\\\/diarioprincipios.com\\\/#website\"},\"primaryImageOfPage\":{\"@id\":\"https:\\\/\\\/diarioprincipios.com\\\/index.php\\\/2025\\\/01\\\/16\\\/las-obras-de-desagues-pluviales-en-la-portena-estan-cerca-de-finalizarse\\\/#primaryimage\"},\"image\":{\"@id\":\"https:\\\/\\\/diarioprincipios.com\\\/index.php\\\/2025\\\/01\\\/16\\\/las-obras-de-desagues-pluviales-en-la-portena-estan-cerca-de-finalizarse\\\/#primaryimage\"},\"thumbnailUrl\":\"https:\\\/\\\/diarioprincipios.com\\\/wp-content\\\/uploads\\\/2025\\\/01\\\/LAS-OBRAS-DE-DESAGUES-PLUVIALES-EN-LA-PORTENA-ESTAN-CERCA-DE-FINALIZARSE-3.jpg\",\"datePublished\":\"2025-01-16T14:13:50+00:00\",\"dateModified\":\"2025-01-16T14:16:25+00:00\",\"breadcrumb\":{\"@id\":\"https:\\\/\\\/diarioprincipios.com\\\/index.php\\\/2025\\\/01\\\/16\\\/las-obras-de-desagues-pluviales-en-la-portena-estan-cerca-de-finalizarse\\\/#breadcrumb\"},\"inLanguage\":\"es\",\"potentialAction\":[{\"@type\":\"ReadAction\",\"target\":[\"https:\\\/\\\/diarioprincipios.com\\\/index.php\\\/2025\\\/01\\\/16\\\/las-obras-de-desagues-pluviales-en-la-portena-estan-cerca-de-finalizarse\\\/\"]}]},{\"@type\":\"ImageObject\",\"inLanguage\":\"es\",\"@id\":\"https:\\\/\\\/diarioprincipios.com\\\/index.php\\\/2025\\\/01\\\/16\\\/las-obras-de-desagues-pluviales-en-la-portena-estan-cerca-de-finalizarse\\\/#primaryimage\",\"url\":\"https:\\\/\\\/diarioprincipios.com\\\/wp-content\\\/uploads\\\/2025\\\/01\\\/LAS-OBRAS-DE-DESAGUES-PLUVIALES-EN-LA-PORTENA-ESTAN-CERCA-DE-FINALIZARSE-3.jpg\",\"contentUrl\":\"https:\\\/\\\/diarioprincipios.com\\\/wp-content\\\/uploads\\\/2025\\\/01\\\/LAS-OBRAS-DE-DESAGUES-PLUVIALES-EN-LA-PORTENA-ESTAN-CERCA-DE-FINALIZARSE-3.jpg\",\"width\":1920,\"height\":1280},{\"@type\":\"BreadcrumbList\",\"@id\":\"https:\\\/\\\/diarioprincipios.com\\\/index.php\\\/2025\\\/01\\\/16\\\/las-obras-de-desagues-pluviales-en-la-portena-estan-cerca-de-finalizarse\\\/#breadcrumb\",\"itemListElement\":[{\"@type\":\"ListItem\",\"position\":1,\"name\":\"Portada\",\"item\":\"https:\\\/\\\/diarioprincipios.com\\\/\"},{\"@type\":\"ListItem\",\"position\":2,\"name\":\"Las Obras de Desag\u00fces Pluviales en La Porte\u00f1a est\u00e1n cerca de finalizarse\"}]},{\"@type\":\"WebSite\",\"@id\":\"https:\\\/\\\/diarioprincipios.com\\\/#website\",\"url\":\"https:\\\/\\\/diarioprincipios.com\\\/\",\"name\":\"Principios\",\"description\":\"Principios Diario\",\"publisher\":{\"@id\":\"https:\\\/\\\/diarioprincipios.com\\\/#organization\"},\"potentialAction\":[{\"@type\":\"SearchAction\",\"target\":{\"@type\":\"EntryPoint\",\"urlTemplate\":\"https:\\\/\\\/diarioprincipios.com\\\/?s={search_term_string}\"},\"query-input\":{\"@type\":\"PropertyValueSpecification\",\"valueRequired\":true,\"valueName\":\"search_term_string\"}}],\"inLanguage\":\"es\"},{\"@type\":\"Organization\",\"@id\":\"https:\\\/\\\/diarioprincipios.com\\\/#organization\",\"name\":\"Principios\",\"url\":\"https:\\\/\\\/diarioprincipios.com\\\/\",\"logo\":{\"@type\":\"ImageObject\",\"inLanguage\":\"es\",\"@id\":\"https:\\\/\\\/diarioprincipios.com\\\/#\\\/schema\\\/logo\\\/image\\\/\",\"url\":\"https:\\\/\\\/diarioprincipios.com\\\/wp-content\\\/uploads\\\/2024\\\/04\\\/cropped-www.diarioprincipios.com_-1.png\",\"contentUrl\":\"https:\\\/\\\/diarioprincipios.com\\\/wp-content\\\/uploads\\\/2024\\\/04\\\/cropped-www.diarioprincipios.com_-1.png\",\"width\":5325,\"height\":1454,\"caption\":\"Principios\"},\"image\":{\"@id\":\"https:\\\/\\\/diarioprincipios.com\\\/#\\\/schema\\\/logo\\\/image\\\/\"}},{\"@type\":\"Person\",\"@id\":\"https:\\\/\\\/diarioprincipios.com\\\/#\\\/schema\\\/person\\\/436d5a1fd41a5e250e23ff5a6a7cb080\",\"name\":\"Hern\u00e1n L\u00f3pez\",\"image\":{\"@type\":\"ImageObject\",\"inLanguage\":\"es\",\"@id\":\"https:\\\/\\\/diarioprincipios.com\\\/wp-content\\\/litespeed\\\/avatar\\\/11ddfe5610ff3bd100522525b2571f48.jpg?ver=1777653193\",\"url\":\"https:\\\/\\\/diarioprincipios.com\\\/wp-content\\\/litespeed\\\/avatar\\\/11ddfe5610ff3bd100522525b2571f48.jpg?ver=1777653193\",\"contentUrl\":\"https:\\\/\\\/diarioprincipios.com\\\/wp-content\\\/litespeed\\\/avatar\\\/11ddfe5610ff3bd100522525b2571f48.jpg?ver=1777653193\",\"caption\":\"Hern\u00e1n L\u00f3pez\"},\"url\":\"https:\\\/\\\/diarioprincipios.com\\\/index.php\\\/author\\\/hernan\\\/\"}]}<\/script>\n<!-- \/ Yoast SEO plugin. -->","yoast_head_json":{"title":"Las Obras de Desag\u00fces Pluviales en La Porte\u00f1a est\u00e1n cerca de finalizarse - Principios","robots":{"index":"index","follow":"follow","max-snippet":"max-snippet:-1","max-image-preview":"max-image-preview:large","max-video-preview":"max-video-preview:-1"},"canonical":"https:\/\/diarioprincipios.com\/index.php\/2025\/01\/16\/las-obras-de-desagues-pluviales-en-la-portena-estan-cerca-de-finalizarse\/","og_locale":"es_ES","og_type":"article","og_title":"Las Obras de Desag\u00fces Pluviales en La Porte\u00f1a est\u00e1n cerca de finalizarse - Principios","og_description":"Con un avance del 95%, tienen por objetivo facilitar el escurrimiento de agua luego de las lluvias. Las obras se realizan con financiamiento 100% municipal, gracias a la gesti\u00f3n del intendente, Juan Jos\u00e9 Mussi. Los trabajos se llevan adelante en calle 153 entre 60 y 63, y en 62 entre 153 y 153 A. Jonathan...","og_url":"https:\/\/diarioprincipios.com\/index.php\/2025\/01\/16\/las-obras-de-desagues-pluviales-en-la-portena-estan-cerca-de-finalizarse\/","og_site_name":"Principios","article_published_time":"2025-01-16T14:13:50+00:00","article_modified_time":"2025-01-16T14:16:25+00:00","og_image":[{"width":1920,"height":1280,"url":"https:\/\/diarioprincipios.com\/wp-content\/uploads\/2025\/01\/LAS-OBRAS-DE-DESAGUES-PLUVIALES-EN-LA-PORTENA-ESTAN-CERCA-DE-FINALIZARSE-3.jpg","type":"image\/jpeg"}],"author":"Hern\u00e1n L\u00f3pez","twitter_card":"summary_large_image","twitter_misc":{"Escrito por":"Hern\u00e1n L\u00f3pez","Tiempo de lectura":"1 minuto"},"schema":{"@context":"https:\/\/schema.org","@graph":[{"@type":"Article","@id":"https:\/\/diarioprincipios.com\/index.php\/2025\/01\/16\/las-obras-de-desagues-pluviales-en-la-portena-estan-cerca-de-finalizarse\/#article","isPartOf":{"@id":"https:\/\/diarioprincipios.com\/index.php\/2025\/01\/16\/las-obras-de-desagues-pluviales-en-la-portena-estan-cerca-de-finalizarse\/"},"author":{"name":"Hern\u00e1n L\u00f3pez","@id":"https:\/\/diarioprincipios.com\/#\/schema\/person\/436d5a1fd41a5e250e23ff5a6a7cb080"},"headline":"Las Obras de Desag\u00fces Pluviales en La Porte\u00f1a est\u00e1n cerca de finalizarse","datePublished":"2025-01-16T14:13:50+00:00","dateModified":"2025-01-16T14:16:25+00:00","mainEntityOfPage":{"@id":"https:\/\/diarioprincipios.com\/index.php\/2025\/01\/16\/las-obras-de-desagues-pluviales-en-la-portena-estan-cerca-de-finalizarse\/"},"wordCount":167,"commentCount":0,"publisher":{"@id":"https:\/\/diarioprincipios.com\/#organization"},"image":{"@id":"https:\/\/diarioprincipios.com\/index.php\/2025\/01\/16\/las-obras-de-desagues-pluviales-en-la-portena-estan-cerca-de-finalizarse\/#primaryimage"},"thumbnailUrl":"https:\/\/diarioprincipios.com\/wp-content\/uploads\/2025\/01\/LAS-OBRAS-DE-DESAGUES-PLUVIALES-EN-LA-PORTENA-ESTAN-CERCA-DE-FINALIZARSE-3.jpg","articleSection":["Berazategui"],"inLanguage":"es","potentialAction":[{"@type":"CommentAction","name":"Comment","target":["https:\/\/diarioprincipios.com\/index.php\/2025\/01\/16\/las-obras-de-desagues-pluviales-en-la-portena-estan-cerca-de-finalizarse\/#respond"]}]},{"@type":"WebPage","@id":"https:\/\/diarioprincipios.com\/index.php\/2025\/01\/16\/las-obras-de-desagues-pluviales-en-la-portena-estan-cerca-de-finalizarse\/","url":"https:\/\/diarioprincipios.com\/index.php\/2025\/01\/16\/las-obras-de-desagues-pluviales-en-la-portena-estan-cerca-de-finalizarse\/","name":"Las Obras de Desag\u00fces Pluviales en La Porte\u00f1a est\u00e1n cerca de finalizarse - Principios","isPartOf":{"@id":"https:\/\/diarioprincipios.com\/#website"},"primaryImageOfPage":{"@id":"https:\/\/diarioprincipios.com\/index.php\/2025\/01\/16\/las-obras-de-desagues-pluviales-en-la-portena-estan-cerca-de-finalizarse\/#primaryimage"},"image":{"@id":"https:\/\/diarioprincipios.com\/index.php\/2025\/01\/16\/las-obras-de-desagues-pluviales-en-la-portena-estan-cerca-de-finalizarse\/#primaryimage"},"thumbnailUrl":"https:\/\/diarioprincipios.com\/wp-content\/uploads\/2025\/01\/LAS-OBRAS-DE-DESAGUES-PLUVIALES-EN-LA-PORTENA-ESTAN-CERCA-DE-FINALIZARSE-3.jpg","datePublished":"2025-01-16T14:13:50+00:00","dateModified":"2025-01-16T14:16:25+00:00","breadcrumb":{"@id":"https:\/\/diarioprincipios.com\/index.php\/2025\/01\/16\/las-obras-de-desagues-pluviales-en-la-portena-estan-cerca-de-finalizarse\/#breadcrumb"},"inLanguage":"es","potentialAction":[{"@type":"ReadAction","target":["https:\/\/diarioprincipios.com\/index.php\/2025\/01\/16\/las-obras-de-desagues-pluviales-en-la-portena-estan-cerca-de-finalizarse\/"]}]},{"@type":"ImageObject","inLanguage":"es","@id":"https:\/\/diarioprincipios.com\/index.php\/2025\/01\/16\/las-obras-de-desagues-pluviales-en-la-portena-estan-cerca-de-finalizarse\/#primaryimage","url":"https:\/\/diarioprincipios.com\/wp-content\/uploads\/2025\/01\/LAS-OBRAS-DE-DESAGUES-PLUVIALES-EN-LA-PORTENA-ESTAN-CERCA-DE-FINALIZARSE-3.jpg","contentUrl":"https:\/\/diarioprincipios.com\/wp-content\/uploads\/2025\/01\/LAS-OBRAS-DE-DESAGUES-PLUVIALES-EN-LA-PORTENA-ESTAN-CERCA-DE-FINALIZARSE-3.jpg","width":1920,"height":1280},{"@type":"BreadcrumbList","@id":"https:\/\/diarioprincipios.com\/index.php\/2025\/01\/16\/las-obras-de-desagues-pluviales-en-la-portena-estan-cerca-de-finalizarse\/#breadcrumb","itemListElement":[{"@type":"ListItem","position":1,"name":"Portada","item":"https:\/\/diarioprincipios.com\/"},{"@type":"ListItem","position":2,"name":"Las Obras de Desag\u00fces Pluviales en La Porte\u00f1a est\u00e1n cerca de finalizarse"}]},{"@type":"WebSite","@id":"https:\/\/diarioprincipios.com\/#website","url":"https:\/\/diarioprincipios.com\/","name":"Principios","description":"Principios Diario","publisher":{"@id":"https:\/\/diarioprincipios.com\/#organization"},"potentialAction":[{"@type":"SearchAction","target":{"@type":"EntryPoint","urlTemplate":"https:\/\/diarioprincipios.com\/?s={search_term_string}"},"query-input":{"@type":"PropertyValueSpecification","valueRequired":true,"valueName":"search_term_string"}}],"inLanguage":"es"},{"@type":"Organization","@id":"https:\/\/diarioprincipios.com\/#organization","name":"Principios","url":"https:\/\/diarioprincipios.com\/","logo":{"@type":"ImageObject","inLanguage":"es","@id":"https:\/\/diarioprincipios.com\/#\/schema\/logo\/image\/","url":"https:\/\/diarioprincipios.com\/wp-content\/uploads\/2024\/04\/cropped-www.diarioprincipios.com_-1.png","contentUrl":"https:\/\/diarioprincipios.com\/wp-content\/uploads\/2024\/04\/cropped-www.diarioprincipios.com_-1.png","width":5325,"height":1454,"caption":"Principios"},"image":{"@id":"https:\/\/diarioprincipios.com\/#\/schema\/logo\/image\/"}},{"@type":"Person","@id":"https:\/\/diarioprincipios.com\/#\/schema\/person\/436d5a1fd41a5e250e23ff5a6a7cb080","name":"Hern\u00e1n L\u00f3pez","image":{"@type":"ImageObject","inLanguage":"es","@id":"https:\/\/diarioprincipios.com\/wp-content\/litespeed\/avatar\/11ddfe5610ff3bd100522525b2571f48.jpg?ver=1777653193","url":"https:\/\/diarioprincipios.com\/wp-content\/litespeed\/avatar\/11ddfe5610ff3bd100522525b2571f48.jpg?ver=1777653193","contentUrl":"https:\/\/diarioprincipios.com\/wp-content\/litespeed\/avatar\/11ddfe5610ff3bd100522525b2571f48.jpg?ver=1777653193","caption":"Hern\u00e1n L\u00f3pez"},"url":"https:\/\/diarioprincipios.com\/index.php\/author\/hernan\/"}]}},"jetpack_featured_media_url":"https:\/\/diarioprincipios.com\/wp-content\/uploads\/2025\/01\/LAS-OBRAS-DE-DESAGUES-PLUVIALES-EN-LA-PORTENA-ESTAN-CERCA-DE-FINALIZARSE-3.jpg","_links":{"self":[{"href":"https:\/\/diarioprincipios.com\/index.php\/wp-json\/wp\/v2\/posts\/24004","targetHints":{"allow":["GET"]}}],"collection":[{"href":"https:\/\/diarioprincipios.com\/index.php\/wp-json\/wp\/v2\/posts"}],"about":[{"href":"https:\/\/diarioprincipios.com\/index.php\/wp-json\/wp\/v2\/types\/post"}],"author":[{"embeddable":true,"href":"https:\/\/diarioprincipios.com\/index.php\/wp-json\/wp\/v2\/users\/2"}],"replies":[{"embeddable":true,"href":"https:\/\/diarioprincipios.com\/index.php\/wp-json\/wp\/v2\/comments?post=24004"}],"version-history":[{"count":2,"href":"https:\/\/diarioprincipios.com\/index.php\/wp-json\/wp\/v2\/posts\/24004\/revisions"}],"predecessor-version":[{"id":24007,"href":"https:\/\/diarioprincipios.com\/index.php\/wp-json\/wp\/v2\/posts\/24004\/revisions\/24007"}],"wp:featuredmedia":[{"embeddable":true,"href":"https:\/\/diarioprincipios.com\/index.php\/wp-json\/wp\/v2\/media\/24005"}],"wp:attachment":[{"href":"https:\/\/diarioprincipios.com\/index.php\/wp-json\/wp\/v2\/media?parent=24004"}],"wp:term":[{"taxonomy":"category","embeddable":true,"href":"https:\/\/diarioprincipios.com\/index.php\/wp-json\/wp\/v2\/categories?post=24004"},{"taxonomy":"post_tag","embeddable":true,"href":"https:\/\/diarioprincipios.com\/index.php\/wp-json\/wp\/v2\/tags?post=24004"}],"curies":[{"name":"wp","href":"https:\/\/api.w.org\/{rel}","templated":true}]}}