{"id":23967,"date":"2025-01-10T16:47:55","date_gmt":"2025-01-10T19:47:55","guid":{"rendered":"http:\/\/diarioprincipios.com\/?p=23967"},"modified":"2025-01-10T16:48:00","modified_gmt":"2025-01-10T19:48:00","slug":"el-ministro-de-transporte-bonaerense-recorrio-el-centro-de-monitoreo-de-hudson","status":"publish","type":"post","link":"https:\/\/diarioprincipios.com\/index.php\/2025\/01\/10\/el-ministro-de-transporte-bonaerense-recorrio-el-centro-de-monitoreo-de-hudson\/","title":{"rendered":"El Ministro de Transporte Bonaerense recorri\u00f3 el Centro de Monitoreo de Hudson"},"content":{"rendered":"\n<p>El ministro de Transporte de la provincia de Buenos Aires, Mart\u00edn Marinucci, realiz\u00f3 su primera recorrida como titular de la cartera bonaerense en Hudson, y supervis\u00f3 el mega operativo de seguridad vial y fiscalizaci\u00f3n del transporte p\u00fablico, tendiente a garantizar la correcta circulaci\u00f3n vehicular por el \u00e9xodo veraniego. Estuvo acompa\u00f1ado por el titular de Autopista Buenos Aires \u2013 La Plata (AUBASA), Jos\u00e9 Arteaga.<\/p>\n\n\n\n<p>En el marco del D\u00eda del Trabajador del Transporte, Marinucci tambi\u00e9n recorri\u00f3 las instalaciones del Centro de Monitoreo de Hudson. \u201cNuestro objetivo es reducir la tasa de siniestros viales en la provincia de Buenos Aires\u201d, coment\u00f3 el Ministro, y agreg\u00f3: \u201cYa logramos bajar la cantidad de alcoholemia positiva, pero todav\u00eda estamos por arriba del 16% en cada control que se realiza\u201d.<\/p>\n\n\n\n<p>En ese sentido, Marinucci destac\u00f3: \u201cHay quienes se siguen subiendo a sus veh\u00edculos luego de consumir alcohol. Queremos seguir concientizando. Estamos en la calle realizando controles para evitar siniestros y para garantizar la seguridad de las y los bonaerenses\u201d. Vale destacar que, adem\u00e1s de los controles, las y los agentes entregaron material educativo para que cada veh\u00edculo siga su viaje con los consejos necesarios para aportar su grano de arena al cambio cultural que salve vidas en los corredores viales.<\/p>\n\n\n\n<p>Asimismo, el Ministro dijo: \u201cEl gobernador Kicillof nos ha pedido que garanticemos la seguridad vial y que cada bonaerense que est\u00e1 tomando su veh\u00edculo para irse de vacaciones lo haga con responsabilidad, con la documentaci\u00f3n requerida para circular como corresponde\u201d, y agreg\u00f3 que \u201chay que avanzar en la concientizaci\u00f3n con la toma de alcohol, con la documentaci\u00f3n necesaria, las categor\u00edas para manejar, los cinturones de seguridad, la VTV vigente\u201d.<\/p>\n\n\n\n<figure class=\"wp-block-image size-large\"><img loading=\"lazy\" decoding=\"async\" width=\"1024\" height=\"682\" src=\"https:\/\/diarioprincipios.com\/wp-content\/uploads\/2025\/01\/MARINUCCI-QUEREMOS-CONCIENTIZAR-Y-REDUCIR-LA-TASA-DE-SINIESTROS-VIALES-6-1024x682.jpeg\" alt=\"\" class=\"wp-image-23968\" srcset=\"https:\/\/diarioprincipios.com\/wp-content\/uploads\/2025\/01\/MARINUCCI-QUEREMOS-CONCIENTIZAR-Y-REDUCIR-LA-TASA-DE-SINIESTROS-VIALES-6-1024x682.jpeg 1024w, https:\/\/diarioprincipios.com\/wp-content\/uploads\/2025\/01\/MARINUCCI-QUEREMOS-CONCIENTIZAR-Y-REDUCIR-LA-TASA-DE-SINIESTROS-VIALES-6-300x200.jpeg 300w, https:\/\/diarioprincipios.com\/wp-content\/uploads\/2025\/01\/MARINUCCI-QUEREMOS-CONCIENTIZAR-Y-REDUCIR-LA-TASA-DE-SINIESTROS-VIALES-6-768x512.jpeg 768w, https:\/\/diarioprincipios.com\/wp-content\/uploads\/2025\/01\/MARINUCCI-QUEREMOS-CONCIENTIZAR-Y-REDUCIR-LA-TASA-DE-SINIESTROS-VIALES-6-820x545.jpeg 820w, https:\/\/diarioprincipios.com\/wp-content\/uploads\/2025\/01\/MARINUCCI-QUEREMOS-CONCIENTIZAR-Y-REDUCIR-LA-TASA-DE-SINIESTROS-VIALES-6-600x400.jpeg 600w, https:\/\/diarioprincipios.com\/wp-content\/uploads\/2025\/01\/MARINUCCI-QUEREMOS-CONCIENTIZAR-Y-REDUCIR-LA-TASA-DE-SINIESTROS-VIALES-6.jpeg 1280w\" sizes=\"auto, (max-width: 1024px) 100vw, 1024px\" \/><\/figure>\n\n\n\n<p>Por su parte, Arteaga celebr\u00f3 que se realicen este tipo de operativos de manera conjunta y expres\u00f3: \u201cEl viaje empieza cuando te sub\u00eds al auto y te pones el cintur\u00f3n de seguridad. El que maneja y todos los dem\u00e1s tienen que usarlo. A lo largo del viaje se van a encontrar una ruta con muchos controles para que cada persona empiece sus vacaciones cuidadas\u201d.<\/p>\n\n\n\n<p>Por \u00faltimo, Marinucci destac\u00f3 que los lineamientos principales de su gesti\u00f3n pasar\u00e1n por impulsar pol\u00edticas de acci\u00f3n que mejoren la seguridad vial y el sistema de transporte p\u00fablico terrestre y fluvial de pasajeros y cargas en todo el territorio provincial. \u201cVamos a hacer un relevamiento de las 66 plantas de VTV y a avanzar con un proceso que transparente el procedimiento de infracciones, tanto con las empresas que realizan las fotomultas como tambi\u00e9n con los juzgados que tienen la posibilidad de sancionar cada una de las infracciones que se cometen\u201d, finaliz\u00f3 el Ministro.<\/p>\n\n\n\n<p>Marinucci y Arteaga estuvieron acompa\u00f1ados por Eduardo Feijoo, subsecretario de Seguridad Vial del Ministerio de Transporte bonaerense; Dami\u00e1n Contreras, subsecretario de Transporte Terrestre del MTPBA; Valeria Arata, subsecretaria de Articulaci\u00f3n Interjurisdiccional del Transporte del MTPBA; Sandra Mayol, subsecretar\u00eda de Transporte A\u00e9reo y Fluvial del MTPBA; Patricio Dangelo, subsecretario de T\u00e9cnica, Administrativa y Legal del MTPBA; agentes de tr\u00e1nsito de Quilmes, La Plata y Berazategui.<\/p>\n","protected":false},"excerpt":{"rendered":"<p>El ministro de Transporte de la provincia de Buenos Aires, Mart\u00edn Marinucci, realiz\u00f3 su primera recorrida como titular de la cartera bonaerense en Hudson, y supervis\u00f3 el mega operativo de seguridad vial y fiscalizaci\u00f3n del transporte p\u00fablico, tendiente a garantizar la correcta circulaci\u00f3n vehicular por el \u00e9xodo veraniego. Estuvo acompa\u00f1ado por el titular de Autopista&#8230;<\/p>\n","protected":false},"author":2,"featured_media":23969,"comment_status":"open","ping_status":"open","sticky":false,"template":"","format":"standard","meta":{"footnotes":""},"categories":[7],"tags":[],"class_list":["post-23967","post","type-post","status-publish","format-standard","has-post-thumbnail","hentry","category-provincia"],"featured_image_src":"https:\/\/diarioprincipios.com\/wp-content\/uploads\/2025\/01\/MARINUCCI-QUEREMOS-CONCIENTIZAR-Y-REDUCIR-LA-TASA-DE-SINIESTROS-VIALES-3-1024x682.jpeg","blog_images":{"medium":"https:\/\/diarioprincipios.com\/wp-content\/uploads\/2025\/01\/MARINUCCI-QUEREMOS-CONCIENTIZAR-Y-REDUCIR-LA-TASA-DE-SINIESTROS-VIALES-3-300x200.jpeg","large":"https:\/\/diarioprincipios.com\/wp-content\/uploads\/2025\/01\/MARINUCCI-QUEREMOS-CONCIENTIZAR-Y-REDUCIR-LA-TASA-DE-SINIESTROS-VIALES-3-1024x682.jpeg"},"ams_acf":[],"yoast_head":"<!-- This site is optimized with the Yoast SEO plugin v27.3 - https:\/\/yoast.com\/product\/yoast-seo-wordpress\/ -->\n<title>El Ministro de Transporte Bonaerense recorri\u00f3 el Centro de Monitoreo de Hudson - Principios<\/title>\n<meta name=\"robots\" content=\"index, follow, max-snippet:-1, max-image-preview:large, max-video-preview:-1\" \/>\n<link rel=\"canonical\" href=\"https:\/\/diarioprincipios.com\/index.php\/2025\/01\/10\/el-ministro-de-transporte-bonaerense-recorrio-el-centro-de-monitoreo-de-hudson\/\" \/>\n<meta property=\"og:locale\" content=\"es_ES\" \/>\n<meta property=\"og:type\" content=\"article\" \/>\n<meta property=\"og:title\" content=\"El Ministro de Transporte Bonaerense recorri\u00f3 el Centro de Monitoreo de Hudson - Principios\" \/>\n<meta property=\"og:description\" content=\"El ministro de Transporte de la provincia de Buenos Aires, Mart\u00edn Marinucci, realiz\u00f3 su primera recorrida como titular de la cartera bonaerense en Hudson, y supervis\u00f3 el mega operativo de seguridad vial y fiscalizaci\u00f3n del transporte p\u00fablico, tendiente a garantizar la correcta circulaci\u00f3n vehicular por el \u00e9xodo veraniego. Estuvo acompa\u00f1ado por el titular de Autopista...\" \/>\n<meta property=\"og:url\" content=\"https:\/\/diarioprincipios.com\/index.php\/2025\/01\/10\/el-ministro-de-transporte-bonaerense-recorrio-el-centro-de-monitoreo-de-hudson\/\" \/>\n<meta property=\"og:site_name\" content=\"Principios\" \/>\n<meta property=\"article:published_time\" content=\"2025-01-10T19:47:55+00:00\" \/>\n<meta property=\"article:modified_time\" content=\"2025-01-10T19:48:00+00:00\" \/>\n<meta property=\"og:image\" content=\"https:\/\/diarioprincipios.com\/wp-content\/uploads\/2025\/01\/MARINUCCI-QUEREMOS-CONCIENTIZAR-Y-REDUCIR-LA-TASA-DE-SINIESTROS-VIALES-3.jpeg\" \/>\n\t<meta property=\"og:image:width\" content=\"1280\" \/>\n\t<meta property=\"og:image:height\" content=\"853\" \/>\n\t<meta property=\"og:image:type\" content=\"image\/jpeg\" \/>\n<meta name=\"author\" content=\"Hern\u00e1n L\u00f3pez\" \/>\n<meta name=\"twitter:card\" content=\"summary_large_image\" \/>\n<meta name=\"twitter:label1\" content=\"Escrito por\" \/>\n\t<meta name=\"twitter:data1\" content=\"Hern\u00e1n L\u00f3pez\" \/>\n\t<meta name=\"twitter:label2\" content=\"Tiempo de lectura\" \/>\n\t<meta name=\"twitter:data2\" content=\"3 minutos\" \/>\n<script type=\"application\/ld+json\" class=\"yoast-schema-graph\">{\"@context\":\"https:\\\/\\\/schema.org\",\"@graph\":[{\"@type\":\"Article\",\"@id\":\"https:\\\/\\\/diarioprincipios.com\\\/index.php\\\/2025\\\/01\\\/10\\\/el-ministro-de-transporte-bonaerense-recorrio-el-centro-de-monitoreo-de-hudson\\\/#article\",\"isPartOf\":{\"@id\":\"https:\\\/\\\/diarioprincipios.com\\\/index.php\\\/2025\\\/01\\\/10\\\/el-ministro-de-transporte-bonaerense-recorrio-el-centro-de-monitoreo-de-hudson\\\/\"},\"author\":{\"name\":\"Hern\u00e1n L\u00f3pez\",\"@id\":\"https:\\\/\\\/diarioprincipios.com\\\/#\\\/schema\\\/person\\\/436d5a1fd41a5e250e23ff5a6a7cb080\"},\"headline\":\"El Ministro de Transporte Bonaerense recorri\u00f3 el Centro de Monitoreo de Hudson\",\"datePublished\":\"2025-01-10T19:47:55+00:00\",\"dateModified\":\"2025-01-10T19:48:00+00:00\",\"mainEntityOfPage\":{\"@id\":\"https:\\\/\\\/diarioprincipios.com\\\/index.php\\\/2025\\\/01\\\/10\\\/el-ministro-de-transporte-bonaerense-recorrio-el-centro-de-monitoreo-de-hudson\\\/\"},\"wordCount\":535,\"commentCount\":0,\"publisher\":{\"@id\":\"https:\\\/\\\/diarioprincipios.com\\\/#organization\"},\"image\":{\"@id\":\"https:\\\/\\\/diarioprincipios.com\\\/index.php\\\/2025\\\/01\\\/10\\\/el-ministro-de-transporte-bonaerense-recorrio-el-centro-de-monitoreo-de-hudson\\\/#primaryimage\"},\"thumbnailUrl\":\"https:\\\/\\\/diarioprincipios.com\\\/wp-content\\\/uploads\\\/2025\\\/01\\\/MARINUCCI-QUEREMOS-CONCIENTIZAR-Y-REDUCIR-LA-TASA-DE-SINIESTROS-VIALES-3.jpeg\",\"articleSection\":[\"Provincia\"],\"inLanguage\":\"es\",\"potentialAction\":[{\"@type\":\"CommentAction\",\"name\":\"Comment\",\"target\":[\"https:\\\/\\\/diarioprincipios.com\\\/index.php\\\/2025\\\/01\\\/10\\\/el-ministro-de-transporte-bonaerense-recorrio-el-centro-de-monitoreo-de-hudson\\\/#respond\"]}]},{\"@type\":\"WebPage\",\"@id\":\"https:\\\/\\\/diarioprincipios.com\\\/index.php\\\/2025\\\/01\\\/10\\\/el-ministro-de-transporte-bonaerense-recorrio-el-centro-de-monitoreo-de-hudson\\\/\",\"url\":\"https:\\\/\\\/diarioprincipios.com\\\/index.php\\\/2025\\\/01\\\/10\\\/el-ministro-de-transporte-bonaerense-recorrio-el-centro-de-monitoreo-de-hudson\\\/\",\"name\":\"El Ministro de Transporte Bonaerense recorri\u00f3 el Centro de Monitoreo de Hudson - Principios\",\"isPartOf\":{\"@id\":\"https:\\\/\\\/diarioprincipios.com\\\/#website\"},\"primaryImageOfPage\":{\"@id\":\"https:\\\/\\\/diarioprincipios.com\\\/index.php\\\/2025\\\/01\\\/10\\\/el-ministro-de-transporte-bonaerense-recorrio-el-centro-de-monitoreo-de-hudson\\\/#primaryimage\"},\"image\":{\"@id\":\"https:\\\/\\\/diarioprincipios.com\\\/index.php\\\/2025\\\/01\\\/10\\\/el-ministro-de-transporte-bonaerense-recorrio-el-centro-de-monitoreo-de-hudson\\\/#primaryimage\"},\"thumbnailUrl\":\"https:\\\/\\\/diarioprincipios.com\\\/wp-content\\\/uploads\\\/2025\\\/01\\\/MARINUCCI-QUEREMOS-CONCIENTIZAR-Y-REDUCIR-LA-TASA-DE-SINIESTROS-VIALES-3.jpeg\",\"datePublished\":\"2025-01-10T19:47:55+00:00\",\"dateModified\":\"2025-01-10T19:48:00+00:00\",\"breadcrumb\":{\"@id\":\"https:\\\/\\\/diarioprincipios.com\\\/index.php\\\/2025\\\/01\\\/10\\\/el-ministro-de-transporte-bonaerense-recorrio-el-centro-de-monitoreo-de-hudson\\\/#breadcrumb\"},\"inLanguage\":\"es\",\"potentialAction\":[{\"@type\":\"ReadAction\",\"target\":[\"https:\\\/\\\/diarioprincipios.com\\\/index.php\\\/2025\\\/01\\\/10\\\/el-ministro-de-transporte-bonaerense-recorrio-el-centro-de-monitoreo-de-hudson\\\/\"]}]},{\"@type\":\"ImageObject\",\"inLanguage\":\"es\",\"@id\":\"https:\\\/\\\/diarioprincipios.com\\\/index.php\\\/2025\\\/01\\\/10\\\/el-ministro-de-transporte-bonaerense-recorrio-el-centro-de-monitoreo-de-hudson\\\/#primaryimage\",\"url\":\"https:\\\/\\\/diarioprincipios.com\\\/wp-content\\\/uploads\\\/2025\\\/01\\\/MARINUCCI-QUEREMOS-CONCIENTIZAR-Y-REDUCIR-LA-TASA-DE-SINIESTROS-VIALES-3.jpeg\",\"contentUrl\":\"https:\\\/\\\/diarioprincipios.com\\\/wp-content\\\/uploads\\\/2025\\\/01\\\/MARINUCCI-QUEREMOS-CONCIENTIZAR-Y-REDUCIR-LA-TASA-DE-SINIESTROS-VIALES-3.jpeg\",\"width\":1280,\"height\":853},{\"@type\":\"BreadcrumbList\",\"@id\":\"https:\\\/\\\/diarioprincipios.com\\\/index.php\\\/2025\\\/01\\\/10\\\/el-ministro-de-transporte-bonaerense-recorrio-el-centro-de-monitoreo-de-hudson\\\/#breadcrumb\",\"itemListElement\":[{\"@type\":\"ListItem\",\"position\":1,\"name\":\"Portada\",\"item\":\"https:\\\/\\\/diarioprincipios.com\\\/\"},{\"@type\":\"ListItem\",\"position\":2,\"name\":\"El Ministro de Transporte Bonaerense recorri\u00f3 el Centro de Monitoreo de Hudson\"}]},{\"@type\":\"WebSite\",\"@id\":\"https:\\\/\\\/diarioprincipios.com\\\/#website\",\"url\":\"https:\\\/\\\/diarioprincipios.com\\\/\",\"name\":\"Principios\",\"description\":\"Principios Diario\",\"publisher\":{\"@id\":\"https:\\\/\\\/diarioprincipios.com\\\/#organization\"},\"potentialAction\":[{\"@type\":\"SearchAction\",\"target\":{\"@type\":\"EntryPoint\",\"urlTemplate\":\"https:\\\/\\\/diarioprincipios.com\\\/?s={search_term_string}\"},\"query-input\":{\"@type\":\"PropertyValueSpecification\",\"valueRequired\":true,\"valueName\":\"search_term_string\"}}],\"inLanguage\":\"es\"},{\"@type\":\"Organization\",\"@id\":\"https:\\\/\\\/diarioprincipios.com\\\/#organization\",\"name\":\"Principios\",\"url\":\"https:\\\/\\\/diarioprincipios.com\\\/\",\"logo\":{\"@type\":\"ImageObject\",\"inLanguage\":\"es\",\"@id\":\"https:\\\/\\\/diarioprincipios.com\\\/#\\\/schema\\\/logo\\\/image\\\/\",\"url\":\"https:\\\/\\\/diarioprincipios.com\\\/wp-content\\\/uploads\\\/2024\\\/04\\\/cropped-www.diarioprincipios.com_-1.png\",\"contentUrl\":\"https:\\\/\\\/diarioprincipios.com\\\/wp-content\\\/uploads\\\/2024\\\/04\\\/cropped-www.diarioprincipios.com_-1.png\",\"width\":5325,\"height\":1454,\"caption\":\"Principios\"},\"image\":{\"@id\":\"https:\\\/\\\/diarioprincipios.com\\\/#\\\/schema\\\/logo\\\/image\\\/\"}},{\"@type\":\"Person\",\"@id\":\"https:\\\/\\\/diarioprincipios.com\\\/#\\\/schema\\\/person\\\/436d5a1fd41a5e250e23ff5a6a7cb080\",\"name\":\"Hern\u00e1n L\u00f3pez\",\"image\":{\"@type\":\"ImageObject\",\"inLanguage\":\"es\",\"@id\":\"https:\\\/\\\/diarioprincipios.com\\\/wp-content\\\/litespeed\\\/avatar\\\/11ddfe5610ff3bd100522525b2571f48.jpg?ver=1777653193\",\"url\":\"https:\\\/\\\/diarioprincipios.com\\\/wp-content\\\/litespeed\\\/avatar\\\/11ddfe5610ff3bd100522525b2571f48.jpg?ver=1777653193\",\"contentUrl\":\"https:\\\/\\\/diarioprincipios.com\\\/wp-content\\\/litespeed\\\/avatar\\\/11ddfe5610ff3bd100522525b2571f48.jpg?ver=1777653193\",\"caption\":\"Hern\u00e1n L\u00f3pez\"},\"url\":\"https:\\\/\\\/diarioprincipios.com\\\/index.php\\\/author\\\/hernan\\\/\"}]}<\/script>\n<!-- \/ Yoast SEO plugin. -->","yoast_head_json":{"title":"El Ministro de Transporte Bonaerense recorri\u00f3 el Centro de Monitoreo de Hudson - Principios","robots":{"index":"index","follow":"follow","max-snippet":"max-snippet:-1","max-image-preview":"max-image-preview:large","max-video-preview":"max-video-preview:-1"},"canonical":"https:\/\/diarioprincipios.com\/index.php\/2025\/01\/10\/el-ministro-de-transporte-bonaerense-recorrio-el-centro-de-monitoreo-de-hudson\/","og_locale":"es_ES","og_type":"article","og_title":"El Ministro de Transporte Bonaerense recorri\u00f3 el Centro de Monitoreo de Hudson - Principios","og_description":"El ministro de Transporte de la provincia de Buenos Aires, Mart\u00edn Marinucci, realiz\u00f3 su primera recorrida como titular de la cartera bonaerense en Hudson, y supervis\u00f3 el mega operativo de seguridad vial y fiscalizaci\u00f3n del transporte p\u00fablico, tendiente a garantizar la correcta circulaci\u00f3n vehicular por el \u00e9xodo veraniego. Estuvo acompa\u00f1ado por el titular de Autopista...","og_url":"https:\/\/diarioprincipios.com\/index.php\/2025\/01\/10\/el-ministro-de-transporte-bonaerense-recorrio-el-centro-de-monitoreo-de-hudson\/","og_site_name":"Principios","article_published_time":"2025-01-10T19:47:55+00:00","article_modified_time":"2025-01-10T19:48:00+00:00","og_image":[{"width":1280,"height":853,"url":"https:\/\/diarioprincipios.com\/wp-content\/uploads\/2025\/01\/MARINUCCI-QUEREMOS-CONCIENTIZAR-Y-REDUCIR-LA-TASA-DE-SINIESTROS-VIALES-3.jpeg","type":"image\/jpeg"}],"author":"Hern\u00e1n L\u00f3pez","twitter_card":"summary_large_image","twitter_misc":{"Escrito por":"Hern\u00e1n L\u00f3pez","Tiempo de lectura":"3 minutos"},"schema":{"@context":"https:\/\/schema.org","@graph":[{"@type":"Article","@id":"https:\/\/diarioprincipios.com\/index.php\/2025\/01\/10\/el-ministro-de-transporte-bonaerense-recorrio-el-centro-de-monitoreo-de-hudson\/#article","isPartOf":{"@id":"https:\/\/diarioprincipios.com\/index.php\/2025\/01\/10\/el-ministro-de-transporte-bonaerense-recorrio-el-centro-de-monitoreo-de-hudson\/"},"author":{"name":"Hern\u00e1n L\u00f3pez","@id":"https:\/\/diarioprincipios.com\/#\/schema\/person\/436d5a1fd41a5e250e23ff5a6a7cb080"},"headline":"El Ministro de Transporte Bonaerense recorri\u00f3 el Centro de Monitoreo de Hudson","datePublished":"2025-01-10T19:47:55+00:00","dateModified":"2025-01-10T19:48:00+00:00","mainEntityOfPage":{"@id":"https:\/\/diarioprincipios.com\/index.php\/2025\/01\/10\/el-ministro-de-transporte-bonaerense-recorrio-el-centro-de-monitoreo-de-hudson\/"},"wordCount":535,"commentCount":0,"publisher":{"@id":"https:\/\/diarioprincipios.com\/#organization"},"image":{"@id":"https:\/\/diarioprincipios.com\/index.php\/2025\/01\/10\/el-ministro-de-transporte-bonaerense-recorrio-el-centro-de-monitoreo-de-hudson\/#primaryimage"},"thumbnailUrl":"https:\/\/diarioprincipios.com\/wp-content\/uploads\/2025\/01\/MARINUCCI-QUEREMOS-CONCIENTIZAR-Y-REDUCIR-LA-TASA-DE-SINIESTROS-VIALES-3.jpeg","articleSection":["Provincia"],"inLanguage":"es","potentialAction":[{"@type":"CommentAction","name":"Comment","target":["https:\/\/diarioprincipios.com\/index.php\/2025\/01\/10\/el-ministro-de-transporte-bonaerense-recorrio-el-centro-de-monitoreo-de-hudson\/#respond"]}]},{"@type":"WebPage","@id":"https:\/\/diarioprincipios.com\/index.php\/2025\/01\/10\/el-ministro-de-transporte-bonaerense-recorrio-el-centro-de-monitoreo-de-hudson\/","url":"https:\/\/diarioprincipios.com\/index.php\/2025\/01\/10\/el-ministro-de-transporte-bonaerense-recorrio-el-centro-de-monitoreo-de-hudson\/","name":"El Ministro de Transporte Bonaerense recorri\u00f3 el Centro de Monitoreo de Hudson - Principios","isPartOf":{"@id":"https:\/\/diarioprincipios.com\/#website"},"primaryImageOfPage":{"@id":"https:\/\/diarioprincipios.com\/index.php\/2025\/01\/10\/el-ministro-de-transporte-bonaerense-recorrio-el-centro-de-monitoreo-de-hudson\/#primaryimage"},"image":{"@id":"https:\/\/diarioprincipios.com\/index.php\/2025\/01\/10\/el-ministro-de-transporte-bonaerense-recorrio-el-centro-de-monitoreo-de-hudson\/#primaryimage"},"thumbnailUrl":"https:\/\/diarioprincipios.com\/wp-content\/uploads\/2025\/01\/MARINUCCI-QUEREMOS-CONCIENTIZAR-Y-REDUCIR-LA-TASA-DE-SINIESTROS-VIALES-3.jpeg","datePublished":"2025-01-10T19:47:55+00:00","dateModified":"2025-01-10T19:48:00+00:00","breadcrumb":{"@id":"https:\/\/diarioprincipios.com\/index.php\/2025\/01\/10\/el-ministro-de-transporte-bonaerense-recorrio-el-centro-de-monitoreo-de-hudson\/#breadcrumb"},"inLanguage":"es","potentialAction":[{"@type":"ReadAction","target":["https:\/\/diarioprincipios.com\/index.php\/2025\/01\/10\/el-ministro-de-transporte-bonaerense-recorrio-el-centro-de-monitoreo-de-hudson\/"]}]},{"@type":"ImageObject","inLanguage":"es","@id":"https:\/\/diarioprincipios.com\/index.php\/2025\/01\/10\/el-ministro-de-transporte-bonaerense-recorrio-el-centro-de-monitoreo-de-hudson\/#primaryimage","url":"https:\/\/diarioprincipios.com\/wp-content\/uploads\/2025\/01\/MARINUCCI-QUEREMOS-CONCIENTIZAR-Y-REDUCIR-LA-TASA-DE-SINIESTROS-VIALES-3.jpeg","contentUrl":"https:\/\/diarioprincipios.com\/wp-content\/uploads\/2025\/01\/MARINUCCI-QUEREMOS-CONCIENTIZAR-Y-REDUCIR-LA-TASA-DE-SINIESTROS-VIALES-3.jpeg","width":1280,"height":853},{"@type":"BreadcrumbList","@id":"https:\/\/diarioprincipios.com\/index.php\/2025\/01\/10\/el-ministro-de-transporte-bonaerense-recorrio-el-centro-de-monitoreo-de-hudson\/#breadcrumb","itemListElement":[{"@type":"ListItem","position":1,"name":"Portada","item":"https:\/\/diarioprincipios.com\/"},{"@type":"ListItem","position":2,"name":"El Ministro de Transporte Bonaerense recorri\u00f3 el Centro de Monitoreo de Hudson"}]},{"@type":"WebSite","@id":"https:\/\/diarioprincipios.com\/#website","url":"https:\/\/diarioprincipios.com\/","name":"Principios","description":"Principios Diario","publisher":{"@id":"https:\/\/diarioprincipios.com\/#organization"},"potentialAction":[{"@type":"SearchAction","target":{"@type":"EntryPoint","urlTemplate":"https:\/\/diarioprincipios.com\/?s={search_term_string}"},"query-input":{"@type":"PropertyValueSpecification","valueRequired":true,"valueName":"search_term_string"}}],"inLanguage":"es"},{"@type":"Organization","@id":"https:\/\/diarioprincipios.com\/#organization","name":"Principios","url":"https:\/\/diarioprincipios.com\/","logo":{"@type":"ImageObject","inLanguage":"es","@id":"https:\/\/diarioprincipios.com\/#\/schema\/logo\/image\/","url":"https:\/\/diarioprincipios.com\/wp-content\/uploads\/2024\/04\/cropped-www.diarioprincipios.com_-1.png","contentUrl":"https:\/\/diarioprincipios.com\/wp-content\/uploads\/2024\/04\/cropped-www.diarioprincipios.com_-1.png","width":5325,"height":1454,"caption":"Principios"},"image":{"@id":"https:\/\/diarioprincipios.com\/#\/schema\/logo\/image\/"}},{"@type":"Person","@id":"https:\/\/diarioprincipios.com\/#\/schema\/person\/436d5a1fd41a5e250e23ff5a6a7cb080","name":"Hern\u00e1n L\u00f3pez","image":{"@type":"ImageObject","inLanguage":"es","@id":"https:\/\/diarioprincipios.com\/wp-content\/litespeed\/avatar\/11ddfe5610ff3bd100522525b2571f48.jpg?ver=1777653193","url":"https:\/\/diarioprincipios.com\/wp-content\/litespeed\/avatar\/11ddfe5610ff3bd100522525b2571f48.jpg?ver=1777653193","contentUrl":"https:\/\/diarioprincipios.com\/wp-content\/litespeed\/avatar\/11ddfe5610ff3bd100522525b2571f48.jpg?ver=1777653193","caption":"Hern\u00e1n L\u00f3pez"},"url":"https:\/\/diarioprincipios.com\/index.php\/author\/hernan\/"}]}},"jetpack_featured_media_url":"https:\/\/diarioprincipios.com\/wp-content\/uploads\/2025\/01\/MARINUCCI-QUEREMOS-CONCIENTIZAR-Y-REDUCIR-LA-TASA-DE-SINIESTROS-VIALES-3.jpeg","_links":{"self":[{"href":"https:\/\/diarioprincipios.com\/index.php\/wp-json\/wp\/v2\/posts\/23967","targetHints":{"allow":["GET"]}}],"collection":[{"href":"https:\/\/diarioprincipios.com\/index.php\/wp-json\/wp\/v2\/posts"}],"about":[{"href":"https:\/\/diarioprincipios.com\/index.php\/wp-json\/wp\/v2\/types\/post"}],"author":[{"embeddable":true,"href":"https:\/\/diarioprincipios.com\/index.php\/wp-json\/wp\/v2\/users\/2"}],"replies":[{"embeddable":true,"href":"https:\/\/diarioprincipios.com\/index.php\/wp-json\/wp\/v2\/comments?post=23967"}],"version-history":[{"count":1,"href":"https:\/\/diarioprincipios.com\/index.php\/wp-json\/wp\/v2\/posts\/23967\/revisions"}],"predecessor-version":[{"id":23970,"href":"https:\/\/diarioprincipios.com\/index.php\/wp-json\/wp\/v2\/posts\/23967\/revisions\/23970"}],"wp:featuredmedia":[{"embeddable":true,"href":"https:\/\/diarioprincipios.com\/index.php\/wp-json\/wp\/v2\/media\/23969"}],"wp:attachment":[{"href":"https:\/\/diarioprincipios.com\/index.php\/wp-json\/wp\/v2\/media?parent=23967"}],"wp:term":[{"taxonomy":"category","embeddable":true,"href":"https:\/\/diarioprincipios.com\/index.php\/wp-json\/wp\/v2\/categories?post=23967"},{"taxonomy":"post_tag","embeddable":true,"href":"https:\/\/diarioprincipios.com\/index.php\/wp-json\/wp\/v2\/tags?post=23967"}],"curies":[{"name":"wp","href":"https:\/\/api.w.org\/{rel}","templated":true}]}}