{"id":23946,"date":"2025-01-08T12:49:06","date_gmt":"2025-01-08T15:49:06","guid":{"rendered":"http:\/\/diarioprincipios.com\/?p=23946"},"modified":"2025-01-08T12:49:08","modified_gmt":"2025-01-08T15:49:08","slug":"las-colonias-municipales-de-verano-2025-tendran-mas-de-6500-participantes","status":"publish","type":"post","link":"https:\/\/diarioprincipios.com\/index.php\/2025\/01\/08\/las-colonias-municipales-de-verano-2025-tendran-mas-de-6500-participantes\/","title":{"rendered":"Las Colonias Municipales de Verano 2025 tendr\u00e1n m\u00e1s de 6500 participantes"},"content":{"rendered":"\n<p><strong>Las Colonias Municipales de Verano 2025 contin\u00faan desarroll\u00e1ndose en el Complejo Municipal Los Privilegiados. Se extender\u00e1n hasta el 14 de febrero y asistir\u00e1n un total de 6.579 berazateguenses, entre ni\u00f1os, ni\u00f1as, adolescentes, personas con discapacidad y mayores.<\/strong><br>Esta iniciativa gratuita es impulsada desde hace m\u00e1s de 20 a\u00f1os por el intendente de Berazategui, Juan Jos\u00e9 Mussi; y organizada por la Secretar\u00eda de Desarrollo Social, Recreaci\u00f3n, Turismo y Deportes, a cargo de Mar\u00eda Laura Lacava. La Municipalidad, adem\u00e1s, brinda el servicio gratuito de micros que pasan a buscar a los vecinos y vecinas por los barrios y, al final del d\u00eda, los llevan de regreso.<\/p>\n\n\n\n<figure class=\"wp-block-image size-large\"><img loading=\"lazy\" decoding=\"async\" width=\"1024\" height=\"683\" src=\"https:\/\/diarioprincipios.com\/wp-content\/uploads\/2025\/01\/MAS-DE-6_500-BERAZATEGUENSES-PARTICIPARAN-EN-LAS-COLONIAS-MUNICIPALES-DE-VERANO-2025-5-1024x683.jpg\" alt=\"\" class=\"wp-image-23947\" srcset=\"https:\/\/diarioprincipios.com\/wp-content\/uploads\/2025\/01\/MAS-DE-6_500-BERAZATEGUENSES-PARTICIPARAN-EN-LAS-COLONIAS-MUNICIPALES-DE-VERANO-2025-5-1024x683.jpg 1024w, https:\/\/diarioprincipios.com\/wp-content\/uploads\/2025\/01\/MAS-DE-6_500-BERAZATEGUENSES-PARTICIPARAN-EN-LAS-COLONIAS-MUNICIPALES-DE-VERANO-2025-5-300x200.jpg 300w, https:\/\/diarioprincipios.com\/wp-content\/uploads\/2025\/01\/MAS-DE-6_500-BERAZATEGUENSES-PARTICIPARAN-EN-LAS-COLONIAS-MUNICIPALES-DE-VERANO-2025-5-768x512.jpg 768w, https:\/\/diarioprincipios.com\/wp-content\/uploads\/2025\/01\/MAS-DE-6_500-BERAZATEGUENSES-PARTICIPARAN-EN-LAS-COLONIAS-MUNICIPALES-DE-VERANO-2025-5-1536x1024.jpg 1536w, https:\/\/diarioprincipios.com\/wp-content\/uploads\/2025\/01\/MAS-DE-6_500-BERAZATEGUENSES-PARTICIPARAN-EN-LAS-COLONIAS-MUNICIPALES-DE-VERANO-2025-5-600x400.jpg 600w, https:\/\/diarioprincipios.com\/wp-content\/uploads\/2025\/01\/MAS-DE-6_500-BERAZATEGUENSES-PARTICIPARAN-EN-LAS-COLONIAS-MUNICIPALES-DE-VERANO-2025-5.jpg 1920w\" sizes=\"auto, (max-width: 1024px) 100vw, 1024px\" \/><\/figure>\n\n\n\n<p><br>\u201cComenz\u00f3 la Colonia municipal, donde miles de ni\u00f1os, ni\u00f1as, adolescentes, personas mayores y con discapacidad se encuentran en este lugar para disfrutar de los diferentes sectores del Complejo, las piletas y el inmenso parque, para jugar y participar de los talleres\u201d, indic\u00f3 Lacava. Y asegur\u00f3: \u201cDesde hace muchos a\u00f1os, el Dr. Mussi propuso dar oportunidades a todos para disfrutar el verano, de manera gratuita, en este predio hermoso. Ac\u00e1 se vive felicidad. No solo vienen a jugar; este es un espacio de aprendizaje. Nos da mucha felicidad hacer cosas que incluyan a todos los vecinos y mejoren su calidad de vida. Est\u00e1n cuidados y en un ambiente natural\u201d.<br>Asimismo, Mart\u00edn L\u00f3pez, coordinador de la Colonia Infantil, expres\u00f3: \u201cEstamos arrancando las Colonias Municipales 2025 y disfrutando de un hermoso d\u00eda con juegos, talleres y pileta. Tendremos tres contingentes a lo largo de este verano\u201d.\u00a0<\/p>\n\n\n\n<figure class=\"wp-block-image size-large\"><img loading=\"lazy\" decoding=\"async\" width=\"1024\" height=\"683\" src=\"https:\/\/diarioprincipios.com\/wp-content\/uploads\/2025\/01\/MAS-DE-6_500-BERAZATEGUENSES-PARTICIPARAN-EN-LAS-COLONIAS-MUNICIPALES-DE-VERANO-2025-2-1024x683.jpg\" alt=\"\" class=\"wp-image-23948\" srcset=\"https:\/\/diarioprincipios.com\/wp-content\/uploads\/2025\/01\/MAS-DE-6_500-BERAZATEGUENSES-PARTICIPARAN-EN-LAS-COLONIAS-MUNICIPALES-DE-VERANO-2025-2-1024x683.jpg 1024w, https:\/\/diarioprincipios.com\/wp-content\/uploads\/2025\/01\/MAS-DE-6_500-BERAZATEGUENSES-PARTICIPARAN-EN-LAS-COLONIAS-MUNICIPALES-DE-VERANO-2025-2-300x200.jpg 300w, https:\/\/diarioprincipios.com\/wp-content\/uploads\/2025\/01\/MAS-DE-6_500-BERAZATEGUENSES-PARTICIPARAN-EN-LAS-COLONIAS-MUNICIPALES-DE-VERANO-2025-2-768x512.jpg 768w, https:\/\/diarioprincipios.com\/wp-content\/uploads\/2025\/01\/MAS-DE-6_500-BERAZATEGUENSES-PARTICIPARAN-EN-LAS-COLONIAS-MUNICIPALES-DE-VERANO-2025-2-1536x1025.jpg 1536w, https:\/\/diarioprincipios.com\/wp-content\/uploads\/2025\/01\/MAS-DE-6_500-BERAZATEGUENSES-PARTICIPARAN-EN-LAS-COLONIAS-MUNICIPALES-DE-VERANO-2025-2-600x400.jpg 600w, https:\/\/diarioprincipios.com\/wp-content\/uploads\/2025\/01\/MAS-DE-6_500-BERAZATEGUENSES-PARTICIPARAN-EN-LAS-COLONIAS-MUNICIPALES-DE-VERANO-2025-2.jpg 1920w\" sizes=\"auto, (max-width: 1024px) 100vw, 1024px\" \/><\/figure>\n\n\n\n<p><br>En tanto, Noem\u00ed Auda (74), vecina que concurre al Centro de Jubilados y Pensionados Mesa Coordinadora, agradeci\u00f3 \u00abpor tantos a\u00f1os de disfrute en este hermoso predio. Cada a\u00f1o, el intendente Mussi nos sorprende con este maravilloso equipo de profes tan buenos y pacientes. La pasamos muy bien. Cada d\u00eda estoy m\u00e1s agradecida de Berazategui. Arrancamos el 2025 en la Colonia Municipal; muy feliz y con ganas de vivir y pasarla bien\u201d.<br>Por su parte, Camila Guzm\u00e1n -del primer contingente de personas con discapacidad- coment\u00f3: \u201cEstoy feliz. Comenz\u00f3 el 2025, ya falta poco para mi cumple y me encanta estar en la colonia. La disfruto mucho, as\u00ed como la m\u00fasica y muchas cosas m\u00e1s\u201d.<\/p>\n","protected":false},"excerpt":{"rendered":"<p>Las Colonias Municipales de Verano 2025 contin\u00faan desarroll\u00e1ndose en el Complejo Municipal Los Privilegiados. Se extender\u00e1n hasta el 14 de febrero y asistir\u00e1n un total de 6.579 berazateguenses, entre ni\u00f1os, ni\u00f1as, adolescentes, personas con discapacidad y mayores.Esta iniciativa gratuita es impulsada desde hace m\u00e1s de 20 a\u00f1os por el intendente de Berazategui, Juan Jos\u00e9 Mussi;&#8230;<\/p>\n","protected":false},"author":2,"featured_media":23950,"comment_status":"open","ping_status":"open","sticky":false,"template":"","format":"standard","meta":{"footnotes":""},"categories":[3],"tags":[],"class_list":["post-23946","post","type-post","status-publish","format-standard","has-post-thumbnail","hentry","category-berazategui"],"featured_image_src":"https:\/\/diarioprincipios.com\/wp-content\/uploads\/2025\/01\/MAS-DE-6_500-BERAZATEGUENSES-PARTICIPARAN-EN-LAS-COLONIAS-MUNICIPALES-DE-VERANO-2025-3-1024x683.jpg","blog_images":{"medium":"https:\/\/diarioprincipios.com\/wp-content\/uploads\/2025\/01\/MAS-DE-6_500-BERAZATEGUENSES-PARTICIPARAN-EN-LAS-COLONIAS-MUNICIPALES-DE-VERANO-2025-3-300x200.jpg","large":"https:\/\/diarioprincipios.com\/wp-content\/uploads\/2025\/01\/MAS-DE-6_500-BERAZATEGUENSES-PARTICIPARAN-EN-LAS-COLONIAS-MUNICIPALES-DE-VERANO-2025-3-1024x683.jpg"},"ams_acf":[],"yoast_head":"<!-- This site is optimized with the Yoast SEO plugin v27.3 - https:\/\/yoast.com\/product\/yoast-seo-wordpress\/ -->\n<title>Las Colonias Municipales de Verano 2025 tendr\u00e1n m\u00e1s de 6500 participantes - Principios<\/title>\n<meta name=\"robots\" content=\"index, follow, max-snippet:-1, max-image-preview:large, max-video-preview:-1\" \/>\n<link rel=\"canonical\" href=\"https:\/\/diarioprincipios.com\/index.php\/2025\/01\/08\/las-colonias-municipales-de-verano-2025-tendran-mas-de-6500-participantes\/\" \/>\n<meta property=\"og:locale\" content=\"es_ES\" \/>\n<meta property=\"og:type\" content=\"article\" \/>\n<meta property=\"og:title\" content=\"Las Colonias Municipales de Verano 2025 tendr\u00e1n m\u00e1s de 6500 participantes - Principios\" \/>\n<meta property=\"og:description\" content=\"Las Colonias Municipales de Verano 2025 contin\u00faan desarroll\u00e1ndose en el Complejo Municipal Los Privilegiados. Se extender\u00e1n hasta el 14 de febrero y asistir\u00e1n un total de 6.579 berazateguenses, entre ni\u00f1os, ni\u00f1as, adolescentes, personas con discapacidad y mayores.Esta iniciativa gratuita es impulsada desde hace m\u00e1s de 20 a\u00f1os por el intendente de Berazategui, Juan Jos\u00e9 Mussi;...\" \/>\n<meta property=\"og:url\" content=\"https:\/\/diarioprincipios.com\/index.php\/2025\/01\/08\/las-colonias-municipales-de-verano-2025-tendran-mas-de-6500-participantes\/\" \/>\n<meta property=\"og:site_name\" content=\"Principios\" \/>\n<meta property=\"article:published_time\" content=\"2025-01-08T15:49:06+00:00\" \/>\n<meta property=\"article:modified_time\" content=\"2025-01-08T15:49:08+00:00\" \/>\n<meta property=\"og:image\" content=\"https:\/\/diarioprincipios.com\/wp-content\/uploads\/2025\/01\/MAS-DE-6_500-BERAZATEGUENSES-PARTICIPARAN-EN-LAS-COLONIAS-MUNICIPALES-DE-VERANO-2025-3.jpg\" \/>\n\t<meta property=\"og:image:width\" content=\"1920\" \/>\n\t<meta property=\"og:image:height\" content=\"1280\" \/>\n\t<meta property=\"og:image:type\" content=\"image\/jpeg\" \/>\n<meta name=\"author\" content=\"Hern\u00e1n L\u00f3pez\" \/>\n<meta name=\"twitter:card\" content=\"summary_large_image\" \/>\n<meta name=\"twitter:label1\" content=\"Escrito por\" \/>\n\t<meta name=\"twitter:data1\" content=\"Hern\u00e1n L\u00f3pez\" \/>\n\t<meta name=\"twitter:label2\" content=\"Tiempo de lectura\" \/>\n\t<meta name=\"twitter:data2\" content=\"3 minutos\" \/>\n<script type=\"application\/ld+json\" class=\"yoast-schema-graph\">{\"@context\":\"https:\\\/\\\/schema.org\",\"@graph\":[{\"@type\":\"Article\",\"@id\":\"https:\\\/\\\/diarioprincipios.com\\\/index.php\\\/2025\\\/01\\\/08\\\/las-colonias-municipales-de-verano-2025-tendran-mas-de-6500-participantes\\\/#article\",\"isPartOf\":{\"@id\":\"https:\\\/\\\/diarioprincipios.com\\\/index.php\\\/2025\\\/01\\\/08\\\/las-colonias-municipales-de-verano-2025-tendran-mas-de-6500-participantes\\\/\"},\"author\":{\"name\":\"Hern\u00e1n L\u00f3pez\",\"@id\":\"https:\\\/\\\/diarioprincipios.com\\\/#\\\/schema\\\/person\\\/436d5a1fd41a5e250e23ff5a6a7cb080\"},\"headline\":\"Las Colonias Municipales de Verano 2025 tendr\u00e1n m\u00e1s de 6500 participantes\",\"datePublished\":\"2025-01-08T15:49:06+00:00\",\"dateModified\":\"2025-01-08T15:49:08+00:00\",\"mainEntityOfPage\":{\"@id\":\"https:\\\/\\\/diarioprincipios.com\\\/index.php\\\/2025\\\/01\\\/08\\\/las-colonias-municipales-de-verano-2025-tendran-mas-de-6500-participantes\\\/\"},\"wordCount\":390,\"commentCount\":0,\"publisher\":{\"@id\":\"https:\\\/\\\/diarioprincipios.com\\\/#organization\"},\"image\":{\"@id\":\"https:\\\/\\\/diarioprincipios.com\\\/index.php\\\/2025\\\/01\\\/08\\\/las-colonias-municipales-de-verano-2025-tendran-mas-de-6500-participantes\\\/#primaryimage\"},\"thumbnailUrl\":\"https:\\\/\\\/diarioprincipios.com\\\/wp-content\\\/uploads\\\/2025\\\/01\\\/MAS-DE-6_500-BERAZATEGUENSES-PARTICIPARAN-EN-LAS-COLONIAS-MUNICIPALES-DE-VERANO-2025-3.jpg\",\"articleSection\":[\"Berazategui\"],\"inLanguage\":\"es\",\"potentialAction\":[{\"@type\":\"CommentAction\",\"name\":\"Comment\",\"target\":[\"https:\\\/\\\/diarioprincipios.com\\\/index.php\\\/2025\\\/01\\\/08\\\/las-colonias-municipales-de-verano-2025-tendran-mas-de-6500-participantes\\\/#respond\"]}]},{\"@type\":\"WebPage\",\"@id\":\"https:\\\/\\\/diarioprincipios.com\\\/index.php\\\/2025\\\/01\\\/08\\\/las-colonias-municipales-de-verano-2025-tendran-mas-de-6500-participantes\\\/\",\"url\":\"https:\\\/\\\/diarioprincipios.com\\\/index.php\\\/2025\\\/01\\\/08\\\/las-colonias-municipales-de-verano-2025-tendran-mas-de-6500-participantes\\\/\",\"name\":\"Las Colonias Municipales de Verano 2025 tendr\u00e1n m\u00e1s de 6500 participantes - Principios\",\"isPartOf\":{\"@id\":\"https:\\\/\\\/diarioprincipios.com\\\/#website\"},\"primaryImageOfPage\":{\"@id\":\"https:\\\/\\\/diarioprincipios.com\\\/index.php\\\/2025\\\/01\\\/08\\\/las-colonias-municipales-de-verano-2025-tendran-mas-de-6500-participantes\\\/#primaryimage\"},\"image\":{\"@id\":\"https:\\\/\\\/diarioprincipios.com\\\/index.php\\\/2025\\\/01\\\/08\\\/las-colonias-municipales-de-verano-2025-tendran-mas-de-6500-participantes\\\/#primaryimage\"},\"thumbnailUrl\":\"https:\\\/\\\/diarioprincipios.com\\\/wp-content\\\/uploads\\\/2025\\\/01\\\/MAS-DE-6_500-BERAZATEGUENSES-PARTICIPARAN-EN-LAS-COLONIAS-MUNICIPALES-DE-VERANO-2025-3.jpg\",\"datePublished\":\"2025-01-08T15:49:06+00:00\",\"dateModified\":\"2025-01-08T15:49:08+00:00\",\"breadcrumb\":{\"@id\":\"https:\\\/\\\/diarioprincipios.com\\\/index.php\\\/2025\\\/01\\\/08\\\/las-colonias-municipales-de-verano-2025-tendran-mas-de-6500-participantes\\\/#breadcrumb\"},\"inLanguage\":\"es\",\"potentialAction\":[{\"@type\":\"ReadAction\",\"target\":[\"https:\\\/\\\/diarioprincipios.com\\\/index.php\\\/2025\\\/01\\\/08\\\/las-colonias-municipales-de-verano-2025-tendran-mas-de-6500-participantes\\\/\"]}]},{\"@type\":\"ImageObject\",\"inLanguage\":\"es\",\"@id\":\"https:\\\/\\\/diarioprincipios.com\\\/index.php\\\/2025\\\/01\\\/08\\\/las-colonias-municipales-de-verano-2025-tendran-mas-de-6500-participantes\\\/#primaryimage\",\"url\":\"https:\\\/\\\/diarioprincipios.com\\\/wp-content\\\/uploads\\\/2025\\\/01\\\/MAS-DE-6_500-BERAZATEGUENSES-PARTICIPARAN-EN-LAS-COLONIAS-MUNICIPALES-DE-VERANO-2025-3.jpg\",\"contentUrl\":\"https:\\\/\\\/diarioprincipios.com\\\/wp-content\\\/uploads\\\/2025\\\/01\\\/MAS-DE-6_500-BERAZATEGUENSES-PARTICIPARAN-EN-LAS-COLONIAS-MUNICIPALES-DE-VERANO-2025-3.jpg\",\"width\":1920,\"height\":1280},{\"@type\":\"BreadcrumbList\",\"@id\":\"https:\\\/\\\/diarioprincipios.com\\\/index.php\\\/2025\\\/01\\\/08\\\/las-colonias-municipales-de-verano-2025-tendran-mas-de-6500-participantes\\\/#breadcrumb\",\"itemListElement\":[{\"@type\":\"ListItem\",\"position\":1,\"name\":\"Portada\",\"item\":\"https:\\\/\\\/diarioprincipios.com\\\/\"},{\"@type\":\"ListItem\",\"position\":2,\"name\":\"Las Colonias Municipales de Verano 2025 tendr\u00e1n m\u00e1s de 6500 participantes\"}]},{\"@type\":\"WebSite\",\"@id\":\"https:\\\/\\\/diarioprincipios.com\\\/#website\",\"url\":\"https:\\\/\\\/diarioprincipios.com\\\/\",\"name\":\"Principios\",\"description\":\"Principios Diario\",\"publisher\":{\"@id\":\"https:\\\/\\\/diarioprincipios.com\\\/#organization\"},\"potentialAction\":[{\"@type\":\"SearchAction\",\"target\":{\"@type\":\"EntryPoint\",\"urlTemplate\":\"https:\\\/\\\/diarioprincipios.com\\\/?s={search_term_string}\"},\"query-input\":{\"@type\":\"PropertyValueSpecification\",\"valueRequired\":true,\"valueName\":\"search_term_string\"}}],\"inLanguage\":\"es\"},{\"@type\":\"Organization\",\"@id\":\"https:\\\/\\\/diarioprincipios.com\\\/#organization\",\"name\":\"Principios\",\"url\":\"https:\\\/\\\/diarioprincipios.com\\\/\",\"logo\":{\"@type\":\"ImageObject\",\"inLanguage\":\"es\",\"@id\":\"https:\\\/\\\/diarioprincipios.com\\\/#\\\/schema\\\/logo\\\/image\\\/\",\"url\":\"https:\\\/\\\/diarioprincipios.com\\\/wp-content\\\/uploads\\\/2024\\\/04\\\/cropped-www.diarioprincipios.com_-1.png\",\"contentUrl\":\"https:\\\/\\\/diarioprincipios.com\\\/wp-content\\\/uploads\\\/2024\\\/04\\\/cropped-www.diarioprincipios.com_-1.png\",\"width\":5325,\"height\":1454,\"caption\":\"Principios\"},\"image\":{\"@id\":\"https:\\\/\\\/diarioprincipios.com\\\/#\\\/schema\\\/logo\\\/image\\\/\"}},{\"@type\":\"Person\",\"@id\":\"https:\\\/\\\/diarioprincipios.com\\\/#\\\/schema\\\/person\\\/436d5a1fd41a5e250e23ff5a6a7cb080\",\"name\":\"Hern\u00e1n L\u00f3pez\",\"image\":{\"@type\":\"ImageObject\",\"inLanguage\":\"es\",\"@id\":\"https:\\\/\\\/diarioprincipios.com\\\/wp-content\\\/litespeed\\\/avatar\\\/11ddfe5610ff3bd100522525b2571f48.jpg?ver=1777653193\",\"url\":\"https:\\\/\\\/diarioprincipios.com\\\/wp-content\\\/litespeed\\\/avatar\\\/11ddfe5610ff3bd100522525b2571f48.jpg?ver=1777653193\",\"contentUrl\":\"https:\\\/\\\/diarioprincipios.com\\\/wp-content\\\/litespeed\\\/avatar\\\/11ddfe5610ff3bd100522525b2571f48.jpg?ver=1777653193\",\"caption\":\"Hern\u00e1n L\u00f3pez\"},\"url\":\"https:\\\/\\\/diarioprincipios.com\\\/index.php\\\/author\\\/hernan\\\/\"}]}<\/script>\n<!-- \/ Yoast SEO plugin. -->","yoast_head_json":{"title":"Las Colonias Municipales de Verano 2025 tendr\u00e1n m\u00e1s de 6500 participantes - Principios","robots":{"index":"index","follow":"follow","max-snippet":"max-snippet:-1","max-image-preview":"max-image-preview:large","max-video-preview":"max-video-preview:-1"},"canonical":"https:\/\/diarioprincipios.com\/index.php\/2025\/01\/08\/las-colonias-municipales-de-verano-2025-tendran-mas-de-6500-participantes\/","og_locale":"es_ES","og_type":"article","og_title":"Las Colonias Municipales de Verano 2025 tendr\u00e1n m\u00e1s de 6500 participantes - Principios","og_description":"Las Colonias Municipales de Verano 2025 contin\u00faan desarroll\u00e1ndose en el Complejo Municipal Los Privilegiados. Se extender\u00e1n hasta el 14 de febrero y asistir\u00e1n un total de 6.579 berazateguenses, entre ni\u00f1os, ni\u00f1as, adolescentes, personas con discapacidad y mayores.Esta iniciativa gratuita es impulsada desde hace m\u00e1s de 20 a\u00f1os por el intendente de Berazategui, Juan Jos\u00e9 Mussi;...","og_url":"https:\/\/diarioprincipios.com\/index.php\/2025\/01\/08\/las-colonias-municipales-de-verano-2025-tendran-mas-de-6500-participantes\/","og_site_name":"Principios","article_published_time":"2025-01-08T15:49:06+00:00","article_modified_time":"2025-01-08T15:49:08+00:00","og_image":[{"width":1920,"height":1280,"url":"https:\/\/diarioprincipios.com\/wp-content\/uploads\/2025\/01\/MAS-DE-6_500-BERAZATEGUENSES-PARTICIPARAN-EN-LAS-COLONIAS-MUNICIPALES-DE-VERANO-2025-3.jpg","type":"image\/jpeg"}],"author":"Hern\u00e1n L\u00f3pez","twitter_card":"summary_large_image","twitter_misc":{"Escrito por":"Hern\u00e1n L\u00f3pez","Tiempo de lectura":"3 minutos"},"schema":{"@context":"https:\/\/schema.org","@graph":[{"@type":"Article","@id":"https:\/\/diarioprincipios.com\/index.php\/2025\/01\/08\/las-colonias-municipales-de-verano-2025-tendran-mas-de-6500-participantes\/#article","isPartOf":{"@id":"https:\/\/diarioprincipios.com\/index.php\/2025\/01\/08\/las-colonias-municipales-de-verano-2025-tendran-mas-de-6500-participantes\/"},"author":{"name":"Hern\u00e1n L\u00f3pez","@id":"https:\/\/diarioprincipios.com\/#\/schema\/person\/436d5a1fd41a5e250e23ff5a6a7cb080"},"headline":"Las Colonias Municipales de Verano 2025 tendr\u00e1n m\u00e1s de 6500 participantes","datePublished":"2025-01-08T15:49:06+00:00","dateModified":"2025-01-08T15:49:08+00:00","mainEntityOfPage":{"@id":"https:\/\/diarioprincipios.com\/index.php\/2025\/01\/08\/las-colonias-municipales-de-verano-2025-tendran-mas-de-6500-participantes\/"},"wordCount":390,"commentCount":0,"publisher":{"@id":"https:\/\/diarioprincipios.com\/#organization"},"image":{"@id":"https:\/\/diarioprincipios.com\/index.php\/2025\/01\/08\/las-colonias-municipales-de-verano-2025-tendran-mas-de-6500-participantes\/#primaryimage"},"thumbnailUrl":"https:\/\/diarioprincipios.com\/wp-content\/uploads\/2025\/01\/MAS-DE-6_500-BERAZATEGUENSES-PARTICIPARAN-EN-LAS-COLONIAS-MUNICIPALES-DE-VERANO-2025-3.jpg","articleSection":["Berazategui"],"inLanguage":"es","potentialAction":[{"@type":"CommentAction","name":"Comment","target":["https:\/\/diarioprincipios.com\/index.php\/2025\/01\/08\/las-colonias-municipales-de-verano-2025-tendran-mas-de-6500-participantes\/#respond"]}]},{"@type":"WebPage","@id":"https:\/\/diarioprincipios.com\/index.php\/2025\/01\/08\/las-colonias-municipales-de-verano-2025-tendran-mas-de-6500-participantes\/","url":"https:\/\/diarioprincipios.com\/index.php\/2025\/01\/08\/las-colonias-municipales-de-verano-2025-tendran-mas-de-6500-participantes\/","name":"Las Colonias Municipales de Verano 2025 tendr\u00e1n m\u00e1s de 6500 participantes - Principios","isPartOf":{"@id":"https:\/\/diarioprincipios.com\/#website"},"primaryImageOfPage":{"@id":"https:\/\/diarioprincipios.com\/index.php\/2025\/01\/08\/las-colonias-municipales-de-verano-2025-tendran-mas-de-6500-participantes\/#primaryimage"},"image":{"@id":"https:\/\/diarioprincipios.com\/index.php\/2025\/01\/08\/las-colonias-municipales-de-verano-2025-tendran-mas-de-6500-participantes\/#primaryimage"},"thumbnailUrl":"https:\/\/diarioprincipios.com\/wp-content\/uploads\/2025\/01\/MAS-DE-6_500-BERAZATEGUENSES-PARTICIPARAN-EN-LAS-COLONIAS-MUNICIPALES-DE-VERANO-2025-3.jpg","datePublished":"2025-01-08T15:49:06+00:00","dateModified":"2025-01-08T15:49:08+00:00","breadcrumb":{"@id":"https:\/\/diarioprincipios.com\/index.php\/2025\/01\/08\/las-colonias-municipales-de-verano-2025-tendran-mas-de-6500-participantes\/#breadcrumb"},"inLanguage":"es","potentialAction":[{"@type":"ReadAction","target":["https:\/\/diarioprincipios.com\/index.php\/2025\/01\/08\/las-colonias-municipales-de-verano-2025-tendran-mas-de-6500-participantes\/"]}]},{"@type":"ImageObject","inLanguage":"es","@id":"https:\/\/diarioprincipios.com\/index.php\/2025\/01\/08\/las-colonias-municipales-de-verano-2025-tendran-mas-de-6500-participantes\/#primaryimage","url":"https:\/\/diarioprincipios.com\/wp-content\/uploads\/2025\/01\/MAS-DE-6_500-BERAZATEGUENSES-PARTICIPARAN-EN-LAS-COLONIAS-MUNICIPALES-DE-VERANO-2025-3.jpg","contentUrl":"https:\/\/diarioprincipios.com\/wp-content\/uploads\/2025\/01\/MAS-DE-6_500-BERAZATEGUENSES-PARTICIPARAN-EN-LAS-COLONIAS-MUNICIPALES-DE-VERANO-2025-3.jpg","width":1920,"height":1280},{"@type":"BreadcrumbList","@id":"https:\/\/diarioprincipios.com\/index.php\/2025\/01\/08\/las-colonias-municipales-de-verano-2025-tendran-mas-de-6500-participantes\/#breadcrumb","itemListElement":[{"@type":"ListItem","position":1,"name":"Portada","item":"https:\/\/diarioprincipios.com\/"},{"@type":"ListItem","position":2,"name":"Las Colonias Municipales de Verano 2025 tendr\u00e1n m\u00e1s de 6500 participantes"}]},{"@type":"WebSite","@id":"https:\/\/diarioprincipios.com\/#website","url":"https:\/\/diarioprincipios.com\/","name":"Principios","description":"Principios Diario","publisher":{"@id":"https:\/\/diarioprincipios.com\/#organization"},"potentialAction":[{"@type":"SearchAction","target":{"@type":"EntryPoint","urlTemplate":"https:\/\/diarioprincipios.com\/?s={search_term_string}"},"query-input":{"@type":"PropertyValueSpecification","valueRequired":true,"valueName":"search_term_string"}}],"inLanguage":"es"},{"@type":"Organization","@id":"https:\/\/diarioprincipios.com\/#organization","name":"Principios","url":"https:\/\/diarioprincipios.com\/","logo":{"@type":"ImageObject","inLanguage":"es","@id":"https:\/\/diarioprincipios.com\/#\/schema\/logo\/image\/","url":"https:\/\/diarioprincipios.com\/wp-content\/uploads\/2024\/04\/cropped-www.diarioprincipios.com_-1.png","contentUrl":"https:\/\/diarioprincipios.com\/wp-content\/uploads\/2024\/04\/cropped-www.diarioprincipios.com_-1.png","width":5325,"height":1454,"caption":"Principios"},"image":{"@id":"https:\/\/diarioprincipios.com\/#\/schema\/logo\/image\/"}},{"@type":"Person","@id":"https:\/\/diarioprincipios.com\/#\/schema\/person\/436d5a1fd41a5e250e23ff5a6a7cb080","name":"Hern\u00e1n L\u00f3pez","image":{"@type":"ImageObject","inLanguage":"es","@id":"https:\/\/diarioprincipios.com\/wp-content\/litespeed\/avatar\/11ddfe5610ff3bd100522525b2571f48.jpg?ver=1777653193","url":"https:\/\/diarioprincipios.com\/wp-content\/litespeed\/avatar\/11ddfe5610ff3bd100522525b2571f48.jpg?ver=1777653193","contentUrl":"https:\/\/diarioprincipios.com\/wp-content\/litespeed\/avatar\/11ddfe5610ff3bd100522525b2571f48.jpg?ver=1777653193","caption":"Hern\u00e1n L\u00f3pez"},"url":"https:\/\/diarioprincipios.com\/index.php\/author\/hernan\/"}]}},"jetpack_featured_media_url":"https:\/\/diarioprincipios.com\/wp-content\/uploads\/2025\/01\/MAS-DE-6_500-BERAZATEGUENSES-PARTICIPARAN-EN-LAS-COLONIAS-MUNICIPALES-DE-VERANO-2025-3.jpg","_links":{"self":[{"href":"https:\/\/diarioprincipios.com\/index.php\/wp-json\/wp\/v2\/posts\/23946","targetHints":{"allow":["GET"]}}],"collection":[{"href":"https:\/\/diarioprincipios.com\/index.php\/wp-json\/wp\/v2\/posts"}],"about":[{"href":"https:\/\/diarioprincipios.com\/index.php\/wp-json\/wp\/v2\/types\/post"}],"author":[{"embeddable":true,"href":"https:\/\/diarioprincipios.com\/index.php\/wp-json\/wp\/v2\/users\/2"}],"replies":[{"embeddable":true,"href":"https:\/\/diarioprincipios.com\/index.php\/wp-json\/wp\/v2\/comments?post=23946"}],"version-history":[{"count":1,"href":"https:\/\/diarioprincipios.com\/index.php\/wp-json\/wp\/v2\/posts\/23946\/revisions"}],"predecessor-version":[{"id":23951,"href":"https:\/\/diarioprincipios.com\/index.php\/wp-json\/wp\/v2\/posts\/23946\/revisions\/23951"}],"wp:featuredmedia":[{"embeddable":true,"href":"https:\/\/diarioprincipios.com\/index.php\/wp-json\/wp\/v2\/media\/23950"}],"wp:attachment":[{"href":"https:\/\/diarioprincipios.com\/index.php\/wp-json\/wp\/v2\/media?parent=23946"}],"wp:term":[{"taxonomy":"category","embeddable":true,"href":"https:\/\/diarioprincipios.com\/index.php\/wp-json\/wp\/v2\/categories?post=23946"},{"taxonomy":"post_tag","embeddable":true,"href":"https:\/\/diarioprincipios.com\/index.php\/wp-json\/wp\/v2\/tags?post=23946"}],"curies":[{"name":"wp","href":"https:\/\/api.w.org\/{rel}","templated":true}]}}