{"id":23942,"date":"2025-01-08T10:39:34","date_gmt":"2025-01-08T13:39:34","guid":{"rendered":"http:\/\/diarioprincipios.com\/?p=23942"},"modified":"2025-01-08T10:39:36","modified_gmt":"2025-01-08T13:39:36","slug":"alan-velasco-entrena-en-un-club-municipal-de-berazategui","status":"publish","type":"post","link":"https:\/\/diarioprincipios.com\/index.php\/2025\/01\/08\/alan-velasco-entrena-en-un-club-municipal-de-berazategui\/","title":{"rendered":"Alan Velasco entrena en un Club Municipal de Berazategui"},"content":{"rendered":"\n<p>Lo vieron en el Club Municipal Ducilo y en el Centro Municipal de Rehabilitaci\u00f3n Deportiva<\/p>\n\n\n\n<p>A la espera de la definici\u00f3n de su futuro profesional, al actual jugador del FC Dallas de la MLS (la liga norteamericana de f\u00fatbol) se lo vio entrenando en el Club Municipal Ducilo y en el Centro Municipal de Rehabilitaci\u00f3n Deportiva (CRD). Los vecinos que a diario utilizan esas instalaciones se sorprendieron al encontrarse al ex Independiente trabajando en el predio perteneciente a la Municipalidad de Berazategui.<\/p>\n\n\n\n<figure class=\"wp-block-image size-large\"><img loading=\"lazy\" decoding=\"async\" width=\"576\" height=\"1024\" src=\"https:\/\/diarioprincipios.com\/wp-content\/uploads\/2025\/01\/IMG-20250108-WA0018-576x1024.jpg\" alt=\"\" class=\"wp-image-23943\" srcset=\"https:\/\/diarioprincipios.com\/wp-content\/uploads\/2025\/01\/IMG-20250108-WA0018-576x1024.jpg 576w, https:\/\/diarioprincipios.com\/wp-content\/uploads\/2025\/01\/IMG-20250108-WA0018-169x300.jpg 169w, https:\/\/diarioprincipios.com\/wp-content\/uploads\/2025\/01\/IMG-20250108-WA0018-768x1365.jpg 768w, https:\/\/diarioprincipios.com\/wp-content\/uploads\/2025\/01\/IMG-20250108-WA0018-864x1536.jpg 864w, https:\/\/diarioprincipios.com\/wp-content\/uploads\/2025\/01\/IMG-20250108-WA0018.jpg 900w\" sizes=\"auto, (max-width: 576px) 100vw, 576px\" \/><\/figure>\n\n\n\n<p>Alan Velasco permanentemente da muestras del arraigo que tiene con la ciudad donde naci\u00f3, se cri\u00f3 y, fundamentalmente, empez\u00f3 a jugar al f\u00fatbol, representando los colores de su querido barrio San Juan en los Torneos Evita que organiza la Municipalidad.<\/p>\n\n\n\n<p>Actualmente, el ex atacante de Independiente se encuentra entrenando en Berazategui a la espera de que se defina su pr\u00f3ximo paso: Boca Juniors y Estudiantes de La Plata son los dos equipos argentinos que se est\u00e1n disputando su fichaje.<\/p>\n","protected":false},"excerpt":{"rendered":"<p>Lo vieron en el Club Municipal Ducilo y en el Centro Municipal de Rehabilitaci\u00f3n Deportiva A la espera de la definici\u00f3n de su futuro profesional, al actual jugador del FC Dallas de la MLS (la liga norteamericana de f\u00fatbol) se lo vio entrenando en el Club Municipal Ducilo y en el Centro Municipal de Rehabilitaci\u00f3n&#8230;<\/p>\n","protected":false},"author":2,"featured_media":23944,"comment_status":"open","ping_status":"open","sticky":false,"template":"","format":"standard","meta":{"footnotes":""},"categories":[6],"tags":[],"class_list":["post-23942","post","type-post","status-publish","format-standard","has-post-thumbnail","hentry","category-deportes"],"featured_image_src":"https:\/\/diarioprincipios.com\/wp-content\/uploads\/2025\/01\/IMG-20250108-WA0016-576x1024.jpg","blog_images":{"medium":"https:\/\/diarioprincipios.com\/wp-content\/uploads\/2025\/01\/IMG-20250108-WA0016-169x300.jpg","large":"https:\/\/diarioprincipios.com\/wp-content\/uploads\/2025\/01\/IMG-20250108-WA0016-576x1024.jpg"},"ams_acf":[],"yoast_head":"<!-- This site is optimized with the Yoast SEO plugin v27.3 - https:\/\/yoast.com\/product\/yoast-seo-wordpress\/ -->\n<title>Alan Velasco entrena en un Club Municipal de Berazategui - Principios<\/title>\n<meta name=\"robots\" content=\"index, follow, max-snippet:-1, max-image-preview:large, max-video-preview:-1\" \/>\n<link rel=\"canonical\" href=\"https:\/\/diarioprincipios.com\/index.php\/2025\/01\/08\/alan-velasco-entrena-en-un-club-municipal-de-berazategui\/\" \/>\n<meta property=\"og:locale\" content=\"es_ES\" \/>\n<meta property=\"og:type\" content=\"article\" \/>\n<meta property=\"og:title\" content=\"Alan Velasco entrena en un Club Municipal de Berazategui - Principios\" \/>\n<meta property=\"og:description\" content=\"Lo vieron en el Club Municipal Ducilo y en el Centro Municipal de Rehabilitaci\u00f3n Deportiva A la espera de la definici\u00f3n de su futuro profesional, al actual jugador del FC Dallas de la MLS (la liga norteamericana de f\u00fatbol) se lo vio entrenando en el Club Municipal Ducilo y en el Centro Municipal de Rehabilitaci\u00f3n...\" \/>\n<meta property=\"og:url\" content=\"https:\/\/diarioprincipios.com\/index.php\/2025\/01\/08\/alan-velasco-entrena-en-un-club-municipal-de-berazategui\/\" \/>\n<meta property=\"og:site_name\" content=\"Principios\" \/>\n<meta property=\"article:published_time\" content=\"2025-01-08T13:39:34+00:00\" \/>\n<meta property=\"article:modified_time\" content=\"2025-01-08T13:39:36+00:00\" \/>\n<meta property=\"og:image\" content=\"https:\/\/diarioprincipios.com\/wp-content\/uploads\/2025\/01\/IMG-20250108-WA0016.jpg\" \/>\n\t<meta property=\"og:image:width\" content=\"900\" \/>\n\t<meta property=\"og:image:height\" content=\"1600\" \/>\n\t<meta property=\"og:image:type\" content=\"image\/jpeg\" \/>\n<meta name=\"author\" content=\"Hern\u00e1n L\u00f3pez\" \/>\n<meta name=\"twitter:card\" content=\"summary_large_image\" \/>\n<meta name=\"twitter:label1\" content=\"Escrito por\" \/>\n\t<meta name=\"twitter:data1\" content=\"Hern\u00e1n L\u00f3pez\" \/>\n\t<meta name=\"twitter:label2\" content=\"Tiempo de lectura\" \/>\n\t<meta name=\"twitter:data2\" content=\"2 minutos\" \/>\n<script type=\"application\/ld+json\" class=\"yoast-schema-graph\">{\"@context\":\"https:\\\/\\\/schema.org\",\"@graph\":[{\"@type\":\"Article\",\"@id\":\"https:\\\/\\\/diarioprincipios.com\\\/index.php\\\/2025\\\/01\\\/08\\\/alan-velasco-entrena-en-un-club-municipal-de-berazategui\\\/#article\",\"isPartOf\":{\"@id\":\"https:\\\/\\\/diarioprincipios.com\\\/index.php\\\/2025\\\/01\\\/08\\\/alan-velasco-entrena-en-un-club-municipal-de-berazategui\\\/\"},\"author\":{\"name\":\"Hern\u00e1n L\u00f3pez\",\"@id\":\"https:\\\/\\\/diarioprincipios.com\\\/#\\\/schema\\\/person\\\/436d5a1fd41a5e250e23ff5a6a7cb080\"},\"headline\":\"Alan Velasco entrena en un Club Municipal de Berazategui\",\"datePublished\":\"2025-01-08T13:39:34+00:00\",\"dateModified\":\"2025-01-08T13:39:36+00:00\",\"mainEntityOfPage\":{\"@id\":\"https:\\\/\\\/diarioprincipios.com\\\/index.php\\\/2025\\\/01\\\/08\\\/alan-velasco-entrena-en-un-club-municipal-de-berazategui\\\/\"},\"wordCount\":177,\"commentCount\":0,\"publisher\":{\"@id\":\"https:\\\/\\\/diarioprincipios.com\\\/#organization\"},\"image\":{\"@id\":\"https:\\\/\\\/diarioprincipios.com\\\/index.php\\\/2025\\\/01\\\/08\\\/alan-velasco-entrena-en-un-club-municipal-de-berazategui\\\/#primaryimage\"},\"thumbnailUrl\":\"https:\\\/\\\/diarioprincipios.com\\\/wp-content\\\/uploads\\\/2025\\\/01\\\/IMG-20250108-WA0016.jpg\",\"articleSection\":[\"Deportes\"],\"inLanguage\":\"es\",\"potentialAction\":[{\"@type\":\"CommentAction\",\"name\":\"Comment\",\"target\":[\"https:\\\/\\\/diarioprincipios.com\\\/index.php\\\/2025\\\/01\\\/08\\\/alan-velasco-entrena-en-un-club-municipal-de-berazategui\\\/#respond\"]}]},{\"@type\":\"WebPage\",\"@id\":\"https:\\\/\\\/diarioprincipios.com\\\/index.php\\\/2025\\\/01\\\/08\\\/alan-velasco-entrena-en-un-club-municipal-de-berazategui\\\/\",\"url\":\"https:\\\/\\\/diarioprincipios.com\\\/index.php\\\/2025\\\/01\\\/08\\\/alan-velasco-entrena-en-un-club-municipal-de-berazategui\\\/\",\"name\":\"Alan Velasco entrena en un Club Municipal de Berazategui - Principios\",\"isPartOf\":{\"@id\":\"https:\\\/\\\/diarioprincipios.com\\\/#website\"},\"primaryImageOfPage\":{\"@id\":\"https:\\\/\\\/diarioprincipios.com\\\/index.php\\\/2025\\\/01\\\/08\\\/alan-velasco-entrena-en-un-club-municipal-de-berazategui\\\/#primaryimage\"},\"image\":{\"@id\":\"https:\\\/\\\/diarioprincipios.com\\\/index.php\\\/2025\\\/01\\\/08\\\/alan-velasco-entrena-en-un-club-municipal-de-berazategui\\\/#primaryimage\"},\"thumbnailUrl\":\"https:\\\/\\\/diarioprincipios.com\\\/wp-content\\\/uploads\\\/2025\\\/01\\\/IMG-20250108-WA0016.jpg\",\"datePublished\":\"2025-01-08T13:39:34+00:00\",\"dateModified\":\"2025-01-08T13:39:36+00:00\",\"breadcrumb\":{\"@id\":\"https:\\\/\\\/diarioprincipios.com\\\/index.php\\\/2025\\\/01\\\/08\\\/alan-velasco-entrena-en-un-club-municipal-de-berazategui\\\/#breadcrumb\"},\"inLanguage\":\"es\",\"potentialAction\":[{\"@type\":\"ReadAction\",\"target\":[\"https:\\\/\\\/diarioprincipios.com\\\/index.php\\\/2025\\\/01\\\/08\\\/alan-velasco-entrena-en-un-club-municipal-de-berazategui\\\/\"]}]},{\"@type\":\"ImageObject\",\"inLanguage\":\"es\",\"@id\":\"https:\\\/\\\/diarioprincipios.com\\\/index.php\\\/2025\\\/01\\\/08\\\/alan-velasco-entrena-en-un-club-municipal-de-berazategui\\\/#primaryimage\",\"url\":\"https:\\\/\\\/diarioprincipios.com\\\/wp-content\\\/uploads\\\/2025\\\/01\\\/IMG-20250108-WA0016.jpg\",\"contentUrl\":\"https:\\\/\\\/diarioprincipios.com\\\/wp-content\\\/uploads\\\/2025\\\/01\\\/IMG-20250108-WA0016.jpg\",\"width\":900,\"height\":1600},{\"@type\":\"BreadcrumbList\",\"@id\":\"https:\\\/\\\/diarioprincipios.com\\\/index.php\\\/2025\\\/01\\\/08\\\/alan-velasco-entrena-en-un-club-municipal-de-berazategui\\\/#breadcrumb\",\"itemListElement\":[{\"@type\":\"ListItem\",\"position\":1,\"name\":\"Portada\",\"item\":\"https:\\\/\\\/diarioprincipios.com\\\/\"},{\"@type\":\"ListItem\",\"position\":2,\"name\":\"Alan Velasco entrena en un Club Municipal de Berazategui\"}]},{\"@type\":\"WebSite\",\"@id\":\"https:\\\/\\\/diarioprincipios.com\\\/#website\",\"url\":\"https:\\\/\\\/diarioprincipios.com\\\/\",\"name\":\"Principios\",\"description\":\"Principios Diario\",\"publisher\":{\"@id\":\"https:\\\/\\\/diarioprincipios.com\\\/#organization\"},\"potentialAction\":[{\"@type\":\"SearchAction\",\"target\":{\"@type\":\"EntryPoint\",\"urlTemplate\":\"https:\\\/\\\/diarioprincipios.com\\\/?s={search_term_string}\"},\"query-input\":{\"@type\":\"PropertyValueSpecification\",\"valueRequired\":true,\"valueName\":\"search_term_string\"}}],\"inLanguage\":\"es\"},{\"@type\":\"Organization\",\"@id\":\"https:\\\/\\\/diarioprincipios.com\\\/#organization\",\"name\":\"Principios\",\"url\":\"https:\\\/\\\/diarioprincipios.com\\\/\",\"logo\":{\"@type\":\"ImageObject\",\"inLanguage\":\"es\",\"@id\":\"https:\\\/\\\/diarioprincipios.com\\\/#\\\/schema\\\/logo\\\/image\\\/\",\"url\":\"https:\\\/\\\/diarioprincipios.com\\\/wp-content\\\/uploads\\\/2024\\\/04\\\/cropped-www.diarioprincipios.com_-1.png\",\"contentUrl\":\"https:\\\/\\\/diarioprincipios.com\\\/wp-content\\\/uploads\\\/2024\\\/04\\\/cropped-www.diarioprincipios.com_-1.png\",\"width\":5325,\"height\":1454,\"caption\":\"Principios\"},\"image\":{\"@id\":\"https:\\\/\\\/diarioprincipios.com\\\/#\\\/schema\\\/logo\\\/image\\\/\"}},{\"@type\":\"Person\",\"@id\":\"https:\\\/\\\/diarioprincipios.com\\\/#\\\/schema\\\/person\\\/436d5a1fd41a5e250e23ff5a6a7cb080\",\"name\":\"Hern\u00e1n L\u00f3pez\",\"image\":{\"@type\":\"ImageObject\",\"inLanguage\":\"es\",\"@id\":\"https:\\\/\\\/diarioprincipios.com\\\/wp-content\\\/litespeed\\\/avatar\\\/11ddfe5610ff3bd100522525b2571f48.jpg?ver=1777048341\",\"url\":\"https:\\\/\\\/diarioprincipios.com\\\/wp-content\\\/litespeed\\\/avatar\\\/11ddfe5610ff3bd100522525b2571f48.jpg?ver=1777048341\",\"contentUrl\":\"https:\\\/\\\/diarioprincipios.com\\\/wp-content\\\/litespeed\\\/avatar\\\/11ddfe5610ff3bd100522525b2571f48.jpg?ver=1777048341\",\"caption\":\"Hern\u00e1n L\u00f3pez\"},\"url\":\"https:\\\/\\\/diarioprincipios.com\\\/index.php\\\/author\\\/hernan\\\/\"}]}<\/script>\n<!-- \/ Yoast SEO plugin. -->","yoast_head_json":{"title":"Alan Velasco entrena en un Club Municipal de Berazategui - Principios","robots":{"index":"index","follow":"follow","max-snippet":"max-snippet:-1","max-image-preview":"max-image-preview:large","max-video-preview":"max-video-preview:-1"},"canonical":"https:\/\/diarioprincipios.com\/index.php\/2025\/01\/08\/alan-velasco-entrena-en-un-club-municipal-de-berazategui\/","og_locale":"es_ES","og_type":"article","og_title":"Alan Velasco entrena en un Club Municipal de Berazategui - Principios","og_description":"Lo vieron en el Club Municipal Ducilo y en el Centro Municipal de Rehabilitaci\u00f3n Deportiva A la espera de la definici\u00f3n de su futuro profesional, al actual jugador del FC Dallas de la MLS (la liga norteamericana de f\u00fatbol) se lo vio entrenando en el Club Municipal Ducilo y en el Centro Municipal de Rehabilitaci\u00f3n...","og_url":"https:\/\/diarioprincipios.com\/index.php\/2025\/01\/08\/alan-velasco-entrena-en-un-club-municipal-de-berazategui\/","og_site_name":"Principios","article_published_time":"2025-01-08T13:39:34+00:00","article_modified_time":"2025-01-08T13:39:36+00:00","og_image":[{"width":900,"height":1600,"url":"https:\/\/diarioprincipios.com\/wp-content\/uploads\/2025\/01\/IMG-20250108-WA0016.jpg","type":"image\/jpeg"}],"author":"Hern\u00e1n L\u00f3pez","twitter_card":"summary_large_image","twitter_misc":{"Escrito por":"Hern\u00e1n L\u00f3pez","Tiempo de lectura":"2 minutos"},"schema":{"@context":"https:\/\/schema.org","@graph":[{"@type":"Article","@id":"https:\/\/diarioprincipios.com\/index.php\/2025\/01\/08\/alan-velasco-entrena-en-un-club-municipal-de-berazategui\/#article","isPartOf":{"@id":"https:\/\/diarioprincipios.com\/index.php\/2025\/01\/08\/alan-velasco-entrena-en-un-club-municipal-de-berazategui\/"},"author":{"name":"Hern\u00e1n L\u00f3pez","@id":"https:\/\/diarioprincipios.com\/#\/schema\/person\/436d5a1fd41a5e250e23ff5a6a7cb080"},"headline":"Alan Velasco entrena en un Club Municipal de Berazategui","datePublished":"2025-01-08T13:39:34+00:00","dateModified":"2025-01-08T13:39:36+00:00","mainEntityOfPage":{"@id":"https:\/\/diarioprincipios.com\/index.php\/2025\/01\/08\/alan-velasco-entrena-en-un-club-municipal-de-berazategui\/"},"wordCount":177,"commentCount":0,"publisher":{"@id":"https:\/\/diarioprincipios.com\/#organization"},"image":{"@id":"https:\/\/diarioprincipios.com\/index.php\/2025\/01\/08\/alan-velasco-entrena-en-un-club-municipal-de-berazategui\/#primaryimage"},"thumbnailUrl":"https:\/\/diarioprincipios.com\/wp-content\/uploads\/2025\/01\/IMG-20250108-WA0016.jpg","articleSection":["Deportes"],"inLanguage":"es","potentialAction":[{"@type":"CommentAction","name":"Comment","target":["https:\/\/diarioprincipios.com\/index.php\/2025\/01\/08\/alan-velasco-entrena-en-un-club-municipal-de-berazategui\/#respond"]}]},{"@type":"WebPage","@id":"https:\/\/diarioprincipios.com\/index.php\/2025\/01\/08\/alan-velasco-entrena-en-un-club-municipal-de-berazategui\/","url":"https:\/\/diarioprincipios.com\/index.php\/2025\/01\/08\/alan-velasco-entrena-en-un-club-municipal-de-berazategui\/","name":"Alan Velasco entrena en un Club Municipal de Berazategui - Principios","isPartOf":{"@id":"https:\/\/diarioprincipios.com\/#website"},"primaryImageOfPage":{"@id":"https:\/\/diarioprincipios.com\/index.php\/2025\/01\/08\/alan-velasco-entrena-en-un-club-municipal-de-berazategui\/#primaryimage"},"image":{"@id":"https:\/\/diarioprincipios.com\/index.php\/2025\/01\/08\/alan-velasco-entrena-en-un-club-municipal-de-berazategui\/#primaryimage"},"thumbnailUrl":"https:\/\/diarioprincipios.com\/wp-content\/uploads\/2025\/01\/IMG-20250108-WA0016.jpg","datePublished":"2025-01-08T13:39:34+00:00","dateModified":"2025-01-08T13:39:36+00:00","breadcrumb":{"@id":"https:\/\/diarioprincipios.com\/index.php\/2025\/01\/08\/alan-velasco-entrena-en-un-club-municipal-de-berazategui\/#breadcrumb"},"inLanguage":"es","potentialAction":[{"@type":"ReadAction","target":["https:\/\/diarioprincipios.com\/index.php\/2025\/01\/08\/alan-velasco-entrena-en-un-club-municipal-de-berazategui\/"]}]},{"@type":"ImageObject","inLanguage":"es","@id":"https:\/\/diarioprincipios.com\/index.php\/2025\/01\/08\/alan-velasco-entrena-en-un-club-municipal-de-berazategui\/#primaryimage","url":"https:\/\/diarioprincipios.com\/wp-content\/uploads\/2025\/01\/IMG-20250108-WA0016.jpg","contentUrl":"https:\/\/diarioprincipios.com\/wp-content\/uploads\/2025\/01\/IMG-20250108-WA0016.jpg","width":900,"height":1600},{"@type":"BreadcrumbList","@id":"https:\/\/diarioprincipios.com\/index.php\/2025\/01\/08\/alan-velasco-entrena-en-un-club-municipal-de-berazategui\/#breadcrumb","itemListElement":[{"@type":"ListItem","position":1,"name":"Portada","item":"https:\/\/diarioprincipios.com\/"},{"@type":"ListItem","position":2,"name":"Alan Velasco entrena en un Club Municipal de Berazategui"}]},{"@type":"WebSite","@id":"https:\/\/diarioprincipios.com\/#website","url":"https:\/\/diarioprincipios.com\/","name":"Principios","description":"Principios Diario","publisher":{"@id":"https:\/\/diarioprincipios.com\/#organization"},"potentialAction":[{"@type":"SearchAction","target":{"@type":"EntryPoint","urlTemplate":"https:\/\/diarioprincipios.com\/?s={search_term_string}"},"query-input":{"@type":"PropertyValueSpecification","valueRequired":true,"valueName":"search_term_string"}}],"inLanguage":"es"},{"@type":"Organization","@id":"https:\/\/diarioprincipios.com\/#organization","name":"Principios","url":"https:\/\/diarioprincipios.com\/","logo":{"@type":"ImageObject","inLanguage":"es","@id":"https:\/\/diarioprincipios.com\/#\/schema\/logo\/image\/","url":"https:\/\/diarioprincipios.com\/wp-content\/uploads\/2024\/04\/cropped-www.diarioprincipios.com_-1.png","contentUrl":"https:\/\/diarioprincipios.com\/wp-content\/uploads\/2024\/04\/cropped-www.diarioprincipios.com_-1.png","width":5325,"height":1454,"caption":"Principios"},"image":{"@id":"https:\/\/diarioprincipios.com\/#\/schema\/logo\/image\/"}},{"@type":"Person","@id":"https:\/\/diarioprincipios.com\/#\/schema\/person\/436d5a1fd41a5e250e23ff5a6a7cb080","name":"Hern\u00e1n L\u00f3pez","image":{"@type":"ImageObject","inLanguage":"es","@id":"https:\/\/diarioprincipios.com\/wp-content\/litespeed\/avatar\/11ddfe5610ff3bd100522525b2571f48.jpg?ver=1777048341","url":"https:\/\/diarioprincipios.com\/wp-content\/litespeed\/avatar\/11ddfe5610ff3bd100522525b2571f48.jpg?ver=1777048341","contentUrl":"https:\/\/diarioprincipios.com\/wp-content\/litespeed\/avatar\/11ddfe5610ff3bd100522525b2571f48.jpg?ver=1777048341","caption":"Hern\u00e1n L\u00f3pez"},"url":"https:\/\/diarioprincipios.com\/index.php\/author\/hernan\/"}]}},"jetpack_featured_media_url":"https:\/\/diarioprincipios.com\/wp-content\/uploads\/2025\/01\/IMG-20250108-WA0016.jpg","_links":{"self":[{"href":"https:\/\/diarioprincipios.com\/index.php\/wp-json\/wp\/v2\/posts\/23942","targetHints":{"allow":["GET"]}}],"collection":[{"href":"https:\/\/diarioprincipios.com\/index.php\/wp-json\/wp\/v2\/posts"}],"about":[{"href":"https:\/\/diarioprincipios.com\/index.php\/wp-json\/wp\/v2\/types\/post"}],"author":[{"embeddable":true,"href":"https:\/\/diarioprincipios.com\/index.php\/wp-json\/wp\/v2\/users\/2"}],"replies":[{"embeddable":true,"href":"https:\/\/diarioprincipios.com\/index.php\/wp-json\/wp\/v2\/comments?post=23942"}],"version-history":[{"count":1,"href":"https:\/\/diarioprincipios.com\/index.php\/wp-json\/wp\/v2\/posts\/23942\/revisions"}],"predecessor-version":[{"id":23945,"href":"https:\/\/diarioprincipios.com\/index.php\/wp-json\/wp\/v2\/posts\/23942\/revisions\/23945"}],"wp:featuredmedia":[{"embeddable":true,"href":"https:\/\/diarioprincipios.com\/index.php\/wp-json\/wp\/v2\/media\/23944"}],"wp:attachment":[{"href":"https:\/\/diarioprincipios.com\/index.php\/wp-json\/wp\/v2\/media?parent=23942"}],"wp:term":[{"taxonomy":"category","embeddable":true,"href":"https:\/\/diarioprincipios.com\/index.php\/wp-json\/wp\/v2\/categories?post=23942"},{"taxonomy":"post_tag","embeddable":true,"href":"https:\/\/diarioprincipios.com\/index.php\/wp-json\/wp\/v2\/tags?post=23942"}],"curies":[{"name":"wp","href":"https:\/\/api.w.org\/{rel}","templated":true}]}}