{"id":23937,"date":"2025-01-07T18:51:26","date_gmt":"2025-01-07T21:51:26","guid":{"rendered":"http:\/\/diarioprincipios.com\/?p=23937"},"modified":"2025-01-07T18:51:28","modified_gmt":"2025-01-07T21:51:28","slug":"las-escuelas-publicas-recibieron-mobiliario-equipamiento-y-capacitaciones-en-2024","status":"publish","type":"post","link":"https:\/\/diarioprincipios.com\/index.php\/2025\/01\/07\/las-escuelas-publicas-recibieron-mobiliario-equipamiento-y-capacitaciones-en-2024\/","title":{"rendered":"Las Escuelas P\u00fablicas recibieron mobiliario, equipamiento y capacitaciones en 2024"},"content":{"rendered":"\n<p><strong>Durante el a\u00f1o 2024, a trav\u00e9s del financiamiento del Gobierno de la provincia de Buenos Aires -a cargo de Axel Kicillof-, se entreg\u00f3 mobiliario escolar a 14 instituciones educativas p\u00fablicas de Berazategui. Asimismo, 81 escuelas recibieron utensilios, vajilla y equipamiento.<\/strong><br>Al respecto, el presidente del Consejo Escolar, Fernando Cardozo, afirm\u00f3: \u201cGracias a la gesti\u00f3n del intendente municipal, Juan Jos\u00e9 Mussi; y a la decisi\u00f3n de nuestro Gobernador, Axel Kicillof, se pudieron mejorar las escuelas de Berazategui mediante la entrega de mobiliario. La prioridad siempre es mejorar las condiciones de nuestras escuelas p\u00fablicas\u201d.<\/p>\n\n\n\n<figure class=\"wp-block-image size-large\"><img loading=\"lazy\" decoding=\"async\" width=\"1024\" height=\"683\" src=\"https:\/\/diarioprincipios.com\/wp-content\/uploads\/2025\/01\/LAS-ESCUELAS-PUBLICAS-RECIBIERON-MOBILIARIO-EQUIPAMIENTO-Y-CAPACITACIONES-EN-2024-3-1024x683.jpg\" alt=\"\" class=\"wp-image-23938\" srcset=\"https:\/\/diarioprincipios.com\/wp-content\/uploads\/2025\/01\/LAS-ESCUELAS-PUBLICAS-RECIBIERON-MOBILIARIO-EQUIPAMIENTO-Y-CAPACITACIONES-EN-2024-3-1024x683.jpg 1024w, https:\/\/diarioprincipios.com\/wp-content\/uploads\/2025\/01\/LAS-ESCUELAS-PUBLICAS-RECIBIERON-MOBILIARIO-EQUIPAMIENTO-Y-CAPACITACIONES-EN-2024-3-300x200.jpg 300w, https:\/\/diarioprincipios.com\/wp-content\/uploads\/2025\/01\/LAS-ESCUELAS-PUBLICAS-RECIBIERON-MOBILIARIO-EQUIPAMIENTO-Y-CAPACITACIONES-EN-2024-3-768x512.jpg 768w, https:\/\/diarioprincipios.com\/wp-content\/uploads\/2025\/01\/LAS-ESCUELAS-PUBLICAS-RECIBIERON-MOBILIARIO-EQUIPAMIENTO-Y-CAPACITACIONES-EN-2024-3-1536x1024.jpg 1536w, https:\/\/diarioprincipios.com\/wp-content\/uploads\/2025\/01\/LAS-ESCUELAS-PUBLICAS-RECIBIERON-MOBILIARIO-EQUIPAMIENTO-Y-CAPACITACIONES-EN-2024-3-600x400.jpg 600w, https:\/\/diarioprincipios.com\/wp-content\/uploads\/2025\/01\/LAS-ESCUELAS-PUBLICAS-RECIBIERON-MOBILIARIO-EQUIPAMIENTO-Y-CAPACITACIONES-EN-2024-3.jpg 1920w\" sizes=\"auto, (max-width: 1024px) 100vw, 1024px\" \/><\/figure>\n\n\n\n<p><br>El mobiliario entregado incluy\u00f3 pizarrones, mesas y sillas para las aulas; as\u00ed como mesas y bancos para los comedores. Las beneficiarias fueron ocho Primarias, tres Secundarias, dos Escuelas T\u00e9cnicas y una de Educaci\u00f3n Especial.<br>Entre los utensilios, vajilla y equipamiento, se entregaron cocinas, termotanques, heladeras, platos, tazas, cuchillos, cucharas, tenedores, bandejas, paneras, jarras, tablas, cacerolas, ollas, coladores, bateas, asaderas y pavas. Las instituciones beneficiadas fueron 81, entre Jardines de Infantes, Primarias, Secundarias, una Escuela de Educaci\u00f3n Especial, una Secundaria T\u00e9cnica y otra Agraria.<\/p>\n\n\n\n<figure class=\"wp-block-image size-large\"><img loading=\"lazy\" decoding=\"async\" width=\"1024\" height=\"683\" src=\"https:\/\/diarioprincipios.com\/wp-content\/uploads\/2025\/01\/LAS-ESCUELAS-PUBLICAS-RECIBIERON-MOBILIARIO-EQUIPAMIENTO-Y-CAPACITACIONES-EN-2024-1024x683.jpg\" alt=\"\" class=\"wp-image-23939\" srcset=\"https:\/\/diarioprincipios.com\/wp-content\/uploads\/2025\/01\/LAS-ESCUELAS-PUBLICAS-RECIBIERON-MOBILIARIO-EQUIPAMIENTO-Y-CAPACITACIONES-EN-2024-1024x683.jpg 1024w, https:\/\/diarioprincipios.com\/wp-content\/uploads\/2025\/01\/LAS-ESCUELAS-PUBLICAS-RECIBIERON-MOBILIARIO-EQUIPAMIENTO-Y-CAPACITACIONES-EN-2024-300x200.jpg 300w, https:\/\/diarioprincipios.com\/wp-content\/uploads\/2025\/01\/LAS-ESCUELAS-PUBLICAS-RECIBIERON-MOBILIARIO-EQUIPAMIENTO-Y-CAPACITACIONES-EN-2024-768x512.jpg 768w, https:\/\/diarioprincipios.com\/wp-content\/uploads\/2025\/01\/LAS-ESCUELAS-PUBLICAS-RECIBIERON-MOBILIARIO-EQUIPAMIENTO-Y-CAPACITACIONES-EN-2024-1536x1024.jpg 1536w, https:\/\/diarioprincipios.com\/wp-content\/uploads\/2025\/01\/LAS-ESCUELAS-PUBLICAS-RECIBIERON-MOBILIARIO-EQUIPAMIENTO-Y-CAPACITACIONES-EN-2024-600x400.jpg 600w, https:\/\/diarioprincipios.com\/wp-content\/uploads\/2025\/01\/LAS-ESCUELAS-PUBLICAS-RECIBIERON-MOBILIARIO-EQUIPAMIENTO-Y-CAPACITACIONES-EN-2024.jpg 1920w\" sizes=\"auto, (max-width: 1024px) 100vw, 1024px\" \/><\/figure>\n\n\n\n<p><br>Este a\u00f1o, tambi\u00e9n, se realizaron dos cursos de Gesti\u00f3n y Abordaje Integral del Servicio Alimentario Escolar (SAE), dise\u00f1ados por el Ministerio de Desarrollo de la Comunidad del Gobierno de la provincia de Buenos Aires, donde se capacitaron 220 personas, entre auxiliares en servicio y aspirantes.<br>\u201cEl curso fue gestionado por este Consejo Escolar y el intendente Juan Jos\u00e9 Mussi; y otorgado por el Ministerio de Desarrollo de la Comunidad bonaerense, con el objetivo de mejorar la educaci\u00f3n de nuestros pibes y pibas de Berazategui\u201d, explic\u00f3 Cardozo.<\/p>\n","protected":false},"excerpt":{"rendered":"<p>Durante el a\u00f1o 2024, a trav\u00e9s del financiamiento del Gobierno de la provincia de Buenos Aires -a cargo de Axel Kicillof-, se entreg\u00f3 mobiliario escolar a 14 instituciones educativas p\u00fablicas de Berazategui. Asimismo, 81 escuelas recibieron utensilios, vajilla y equipamiento.Al respecto, el presidente del Consejo Escolar, Fernando Cardozo, afirm\u00f3: \u201cGracias a la gesti\u00f3n del intendente&#8230;<\/p>\n","protected":false},"author":2,"featured_media":23940,"comment_status":"open","ping_status":"open","sticky":false,"template":"","format":"standard","meta":{"footnotes":""},"categories":[3,19],"tags":[],"class_list":["post-23937","post","type-post","status-publish","format-standard","has-post-thumbnail","hentry","category-berazategui","category-cultura-educacion"],"featured_image_src":"https:\/\/diarioprincipios.com\/wp-content\/uploads\/2025\/01\/LAS-ESCUELAS-PUBLICAS-RECIBIERON-MOBILIARIO-EQUIPAMIENTO-Y-CAPACITACIONES-EN-2024-2-1024x683.jpg","blog_images":{"medium":"https:\/\/diarioprincipios.com\/wp-content\/uploads\/2025\/01\/LAS-ESCUELAS-PUBLICAS-RECIBIERON-MOBILIARIO-EQUIPAMIENTO-Y-CAPACITACIONES-EN-2024-2-300x200.jpg","large":"https:\/\/diarioprincipios.com\/wp-content\/uploads\/2025\/01\/LAS-ESCUELAS-PUBLICAS-RECIBIERON-MOBILIARIO-EQUIPAMIENTO-Y-CAPACITACIONES-EN-2024-2-1024x683.jpg"},"ams_acf":[],"yoast_head":"<!-- This site is optimized with the Yoast SEO plugin v27.3 - https:\/\/yoast.com\/product\/yoast-seo-wordpress\/ -->\n<title>Las Escuelas P\u00fablicas recibieron mobiliario, equipamiento y capacitaciones en 2024 - Principios<\/title>\n<meta name=\"robots\" content=\"index, follow, max-snippet:-1, max-image-preview:large, max-video-preview:-1\" \/>\n<link rel=\"canonical\" href=\"https:\/\/diarioprincipios.com\/index.php\/2025\/01\/07\/las-escuelas-publicas-recibieron-mobiliario-equipamiento-y-capacitaciones-en-2024\/\" \/>\n<meta property=\"og:locale\" content=\"es_ES\" \/>\n<meta property=\"og:type\" content=\"article\" \/>\n<meta property=\"og:title\" content=\"Las Escuelas P\u00fablicas recibieron mobiliario, equipamiento y capacitaciones en 2024 - Principios\" \/>\n<meta property=\"og:description\" content=\"Durante el a\u00f1o 2024, a trav\u00e9s del financiamiento del Gobierno de la provincia de Buenos Aires -a cargo de Axel Kicillof-, se entreg\u00f3 mobiliario escolar a 14 instituciones educativas p\u00fablicas de Berazategui. Asimismo, 81 escuelas recibieron utensilios, vajilla y equipamiento.Al respecto, el presidente del Consejo Escolar, Fernando Cardozo, afirm\u00f3: \u201cGracias a la gesti\u00f3n del intendente...\" \/>\n<meta property=\"og:url\" content=\"https:\/\/diarioprincipios.com\/index.php\/2025\/01\/07\/las-escuelas-publicas-recibieron-mobiliario-equipamiento-y-capacitaciones-en-2024\/\" \/>\n<meta property=\"og:site_name\" content=\"Principios\" \/>\n<meta property=\"article:published_time\" content=\"2025-01-07T21:51:26+00:00\" \/>\n<meta property=\"article:modified_time\" content=\"2025-01-07T21:51:28+00:00\" \/>\n<meta property=\"og:image\" content=\"https:\/\/diarioprincipios.com\/wp-content\/uploads\/2025\/01\/LAS-ESCUELAS-PUBLICAS-RECIBIERON-MOBILIARIO-EQUIPAMIENTO-Y-CAPACITACIONES-EN-2024-2.jpg\" \/>\n\t<meta property=\"og:image:width\" content=\"1920\" \/>\n\t<meta property=\"og:image:height\" content=\"1280\" \/>\n\t<meta property=\"og:image:type\" content=\"image\/jpeg\" \/>\n<meta name=\"author\" content=\"Hern\u00e1n L\u00f3pez\" \/>\n<meta name=\"twitter:card\" content=\"summary_large_image\" \/>\n<meta name=\"twitter:label1\" content=\"Escrito por\" \/>\n\t<meta name=\"twitter:data1\" content=\"Hern\u00e1n L\u00f3pez\" \/>\n\t<meta name=\"twitter:label2\" content=\"Tiempo de lectura\" \/>\n\t<meta name=\"twitter:data2\" content=\"2 minutos\" \/>\n<script type=\"application\/ld+json\" class=\"yoast-schema-graph\">{\"@context\":\"https:\\\/\\\/schema.org\",\"@graph\":[{\"@type\":\"Article\",\"@id\":\"https:\\\/\\\/diarioprincipios.com\\\/index.php\\\/2025\\\/01\\\/07\\\/las-escuelas-publicas-recibieron-mobiliario-equipamiento-y-capacitaciones-en-2024\\\/#article\",\"isPartOf\":{\"@id\":\"https:\\\/\\\/diarioprincipios.com\\\/index.php\\\/2025\\\/01\\\/07\\\/las-escuelas-publicas-recibieron-mobiliario-equipamiento-y-capacitaciones-en-2024\\\/\"},\"author\":{\"name\":\"Hern\u00e1n L\u00f3pez\",\"@id\":\"https:\\\/\\\/diarioprincipios.com\\\/#\\\/schema\\\/person\\\/436d5a1fd41a5e250e23ff5a6a7cb080\"},\"headline\":\"Las Escuelas P\u00fablicas recibieron mobiliario, equipamiento y capacitaciones en 2024\",\"datePublished\":\"2025-01-07T21:51:26+00:00\",\"dateModified\":\"2025-01-07T21:51:28+00:00\",\"mainEntityOfPage\":{\"@id\":\"https:\\\/\\\/diarioprincipios.com\\\/index.php\\\/2025\\\/01\\\/07\\\/las-escuelas-publicas-recibieron-mobiliario-equipamiento-y-capacitaciones-en-2024\\\/\"},\"wordCount\":281,\"commentCount\":0,\"publisher\":{\"@id\":\"https:\\\/\\\/diarioprincipios.com\\\/#organization\"},\"image\":{\"@id\":\"https:\\\/\\\/diarioprincipios.com\\\/index.php\\\/2025\\\/01\\\/07\\\/las-escuelas-publicas-recibieron-mobiliario-equipamiento-y-capacitaciones-en-2024\\\/#primaryimage\"},\"thumbnailUrl\":\"https:\\\/\\\/diarioprincipios.com\\\/wp-content\\\/uploads\\\/2025\\\/01\\\/LAS-ESCUELAS-PUBLICAS-RECIBIERON-MOBILIARIO-EQUIPAMIENTO-Y-CAPACITACIONES-EN-2024-2.jpg\",\"articleSection\":[\"Berazategui\",\"Cultura y Educaci\u00f3n\"],\"inLanguage\":\"es\",\"potentialAction\":[{\"@type\":\"CommentAction\",\"name\":\"Comment\",\"target\":[\"https:\\\/\\\/diarioprincipios.com\\\/index.php\\\/2025\\\/01\\\/07\\\/las-escuelas-publicas-recibieron-mobiliario-equipamiento-y-capacitaciones-en-2024\\\/#respond\"]}]},{\"@type\":\"WebPage\",\"@id\":\"https:\\\/\\\/diarioprincipios.com\\\/index.php\\\/2025\\\/01\\\/07\\\/las-escuelas-publicas-recibieron-mobiliario-equipamiento-y-capacitaciones-en-2024\\\/\",\"url\":\"https:\\\/\\\/diarioprincipios.com\\\/index.php\\\/2025\\\/01\\\/07\\\/las-escuelas-publicas-recibieron-mobiliario-equipamiento-y-capacitaciones-en-2024\\\/\",\"name\":\"Las Escuelas P\u00fablicas recibieron mobiliario, equipamiento y capacitaciones en 2024 - Principios\",\"isPartOf\":{\"@id\":\"https:\\\/\\\/diarioprincipios.com\\\/#website\"},\"primaryImageOfPage\":{\"@id\":\"https:\\\/\\\/diarioprincipios.com\\\/index.php\\\/2025\\\/01\\\/07\\\/las-escuelas-publicas-recibieron-mobiliario-equipamiento-y-capacitaciones-en-2024\\\/#primaryimage\"},\"image\":{\"@id\":\"https:\\\/\\\/diarioprincipios.com\\\/index.php\\\/2025\\\/01\\\/07\\\/las-escuelas-publicas-recibieron-mobiliario-equipamiento-y-capacitaciones-en-2024\\\/#primaryimage\"},\"thumbnailUrl\":\"https:\\\/\\\/diarioprincipios.com\\\/wp-content\\\/uploads\\\/2025\\\/01\\\/LAS-ESCUELAS-PUBLICAS-RECIBIERON-MOBILIARIO-EQUIPAMIENTO-Y-CAPACITACIONES-EN-2024-2.jpg\",\"datePublished\":\"2025-01-07T21:51:26+00:00\",\"dateModified\":\"2025-01-07T21:51:28+00:00\",\"breadcrumb\":{\"@id\":\"https:\\\/\\\/diarioprincipios.com\\\/index.php\\\/2025\\\/01\\\/07\\\/las-escuelas-publicas-recibieron-mobiliario-equipamiento-y-capacitaciones-en-2024\\\/#breadcrumb\"},\"inLanguage\":\"es\",\"potentialAction\":[{\"@type\":\"ReadAction\",\"target\":[\"https:\\\/\\\/diarioprincipios.com\\\/index.php\\\/2025\\\/01\\\/07\\\/las-escuelas-publicas-recibieron-mobiliario-equipamiento-y-capacitaciones-en-2024\\\/\"]}]},{\"@type\":\"ImageObject\",\"inLanguage\":\"es\",\"@id\":\"https:\\\/\\\/diarioprincipios.com\\\/index.php\\\/2025\\\/01\\\/07\\\/las-escuelas-publicas-recibieron-mobiliario-equipamiento-y-capacitaciones-en-2024\\\/#primaryimage\",\"url\":\"https:\\\/\\\/diarioprincipios.com\\\/wp-content\\\/uploads\\\/2025\\\/01\\\/LAS-ESCUELAS-PUBLICAS-RECIBIERON-MOBILIARIO-EQUIPAMIENTO-Y-CAPACITACIONES-EN-2024-2.jpg\",\"contentUrl\":\"https:\\\/\\\/diarioprincipios.com\\\/wp-content\\\/uploads\\\/2025\\\/01\\\/LAS-ESCUELAS-PUBLICAS-RECIBIERON-MOBILIARIO-EQUIPAMIENTO-Y-CAPACITACIONES-EN-2024-2.jpg\",\"width\":1920,\"height\":1280},{\"@type\":\"BreadcrumbList\",\"@id\":\"https:\\\/\\\/diarioprincipios.com\\\/index.php\\\/2025\\\/01\\\/07\\\/las-escuelas-publicas-recibieron-mobiliario-equipamiento-y-capacitaciones-en-2024\\\/#breadcrumb\",\"itemListElement\":[{\"@type\":\"ListItem\",\"position\":1,\"name\":\"Portada\",\"item\":\"https:\\\/\\\/diarioprincipios.com\\\/\"},{\"@type\":\"ListItem\",\"position\":2,\"name\":\"Las Escuelas P\u00fablicas recibieron mobiliario, equipamiento y capacitaciones en 2024\"}]},{\"@type\":\"WebSite\",\"@id\":\"https:\\\/\\\/diarioprincipios.com\\\/#website\",\"url\":\"https:\\\/\\\/diarioprincipios.com\\\/\",\"name\":\"Principios\",\"description\":\"Principios Diario\",\"publisher\":{\"@id\":\"https:\\\/\\\/diarioprincipios.com\\\/#organization\"},\"potentialAction\":[{\"@type\":\"SearchAction\",\"target\":{\"@type\":\"EntryPoint\",\"urlTemplate\":\"https:\\\/\\\/diarioprincipios.com\\\/?s={search_term_string}\"},\"query-input\":{\"@type\":\"PropertyValueSpecification\",\"valueRequired\":true,\"valueName\":\"search_term_string\"}}],\"inLanguage\":\"es\"},{\"@type\":\"Organization\",\"@id\":\"https:\\\/\\\/diarioprincipios.com\\\/#organization\",\"name\":\"Principios\",\"url\":\"https:\\\/\\\/diarioprincipios.com\\\/\",\"logo\":{\"@type\":\"ImageObject\",\"inLanguage\":\"es\",\"@id\":\"https:\\\/\\\/diarioprincipios.com\\\/#\\\/schema\\\/logo\\\/image\\\/\",\"url\":\"https:\\\/\\\/diarioprincipios.com\\\/wp-content\\\/uploads\\\/2024\\\/04\\\/cropped-www.diarioprincipios.com_-1.png\",\"contentUrl\":\"https:\\\/\\\/diarioprincipios.com\\\/wp-content\\\/uploads\\\/2024\\\/04\\\/cropped-www.diarioprincipios.com_-1.png\",\"width\":5325,\"height\":1454,\"caption\":\"Principios\"},\"image\":{\"@id\":\"https:\\\/\\\/diarioprincipios.com\\\/#\\\/schema\\\/logo\\\/image\\\/\"}},{\"@type\":\"Person\",\"@id\":\"https:\\\/\\\/diarioprincipios.com\\\/#\\\/schema\\\/person\\\/436d5a1fd41a5e250e23ff5a6a7cb080\",\"name\":\"Hern\u00e1n L\u00f3pez\",\"image\":{\"@type\":\"ImageObject\",\"inLanguage\":\"es\",\"@id\":\"https:\\\/\\\/diarioprincipios.com\\\/wp-content\\\/litespeed\\\/avatar\\\/11ddfe5610ff3bd100522525b2571f48.jpg?ver=1777048341\",\"url\":\"https:\\\/\\\/diarioprincipios.com\\\/wp-content\\\/litespeed\\\/avatar\\\/11ddfe5610ff3bd100522525b2571f48.jpg?ver=1777048341\",\"contentUrl\":\"https:\\\/\\\/diarioprincipios.com\\\/wp-content\\\/litespeed\\\/avatar\\\/11ddfe5610ff3bd100522525b2571f48.jpg?ver=1777048341\",\"caption\":\"Hern\u00e1n L\u00f3pez\"},\"url\":\"https:\\\/\\\/diarioprincipios.com\\\/index.php\\\/author\\\/hernan\\\/\"}]}<\/script>\n<!-- \/ Yoast SEO plugin. -->","yoast_head_json":{"title":"Las Escuelas P\u00fablicas recibieron mobiliario, equipamiento y capacitaciones en 2024 - Principios","robots":{"index":"index","follow":"follow","max-snippet":"max-snippet:-1","max-image-preview":"max-image-preview:large","max-video-preview":"max-video-preview:-1"},"canonical":"https:\/\/diarioprincipios.com\/index.php\/2025\/01\/07\/las-escuelas-publicas-recibieron-mobiliario-equipamiento-y-capacitaciones-en-2024\/","og_locale":"es_ES","og_type":"article","og_title":"Las Escuelas P\u00fablicas recibieron mobiliario, equipamiento y capacitaciones en 2024 - Principios","og_description":"Durante el a\u00f1o 2024, a trav\u00e9s del financiamiento del Gobierno de la provincia de Buenos Aires -a cargo de Axel Kicillof-, se entreg\u00f3 mobiliario escolar a 14 instituciones educativas p\u00fablicas de Berazategui. Asimismo, 81 escuelas recibieron utensilios, vajilla y equipamiento.Al respecto, el presidente del Consejo Escolar, Fernando Cardozo, afirm\u00f3: \u201cGracias a la gesti\u00f3n del intendente...","og_url":"https:\/\/diarioprincipios.com\/index.php\/2025\/01\/07\/las-escuelas-publicas-recibieron-mobiliario-equipamiento-y-capacitaciones-en-2024\/","og_site_name":"Principios","article_published_time":"2025-01-07T21:51:26+00:00","article_modified_time":"2025-01-07T21:51:28+00:00","og_image":[{"width":1920,"height":1280,"url":"https:\/\/diarioprincipios.com\/wp-content\/uploads\/2025\/01\/LAS-ESCUELAS-PUBLICAS-RECIBIERON-MOBILIARIO-EQUIPAMIENTO-Y-CAPACITACIONES-EN-2024-2.jpg","type":"image\/jpeg"}],"author":"Hern\u00e1n L\u00f3pez","twitter_card":"summary_large_image","twitter_misc":{"Escrito por":"Hern\u00e1n L\u00f3pez","Tiempo de lectura":"2 minutos"},"schema":{"@context":"https:\/\/schema.org","@graph":[{"@type":"Article","@id":"https:\/\/diarioprincipios.com\/index.php\/2025\/01\/07\/las-escuelas-publicas-recibieron-mobiliario-equipamiento-y-capacitaciones-en-2024\/#article","isPartOf":{"@id":"https:\/\/diarioprincipios.com\/index.php\/2025\/01\/07\/las-escuelas-publicas-recibieron-mobiliario-equipamiento-y-capacitaciones-en-2024\/"},"author":{"name":"Hern\u00e1n L\u00f3pez","@id":"https:\/\/diarioprincipios.com\/#\/schema\/person\/436d5a1fd41a5e250e23ff5a6a7cb080"},"headline":"Las Escuelas P\u00fablicas recibieron mobiliario, equipamiento y capacitaciones en 2024","datePublished":"2025-01-07T21:51:26+00:00","dateModified":"2025-01-07T21:51:28+00:00","mainEntityOfPage":{"@id":"https:\/\/diarioprincipios.com\/index.php\/2025\/01\/07\/las-escuelas-publicas-recibieron-mobiliario-equipamiento-y-capacitaciones-en-2024\/"},"wordCount":281,"commentCount":0,"publisher":{"@id":"https:\/\/diarioprincipios.com\/#organization"},"image":{"@id":"https:\/\/diarioprincipios.com\/index.php\/2025\/01\/07\/las-escuelas-publicas-recibieron-mobiliario-equipamiento-y-capacitaciones-en-2024\/#primaryimage"},"thumbnailUrl":"https:\/\/diarioprincipios.com\/wp-content\/uploads\/2025\/01\/LAS-ESCUELAS-PUBLICAS-RECIBIERON-MOBILIARIO-EQUIPAMIENTO-Y-CAPACITACIONES-EN-2024-2.jpg","articleSection":["Berazategui","Cultura y Educaci\u00f3n"],"inLanguage":"es","potentialAction":[{"@type":"CommentAction","name":"Comment","target":["https:\/\/diarioprincipios.com\/index.php\/2025\/01\/07\/las-escuelas-publicas-recibieron-mobiliario-equipamiento-y-capacitaciones-en-2024\/#respond"]}]},{"@type":"WebPage","@id":"https:\/\/diarioprincipios.com\/index.php\/2025\/01\/07\/las-escuelas-publicas-recibieron-mobiliario-equipamiento-y-capacitaciones-en-2024\/","url":"https:\/\/diarioprincipios.com\/index.php\/2025\/01\/07\/las-escuelas-publicas-recibieron-mobiliario-equipamiento-y-capacitaciones-en-2024\/","name":"Las Escuelas P\u00fablicas recibieron mobiliario, equipamiento y capacitaciones en 2024 - Principios","isPartOf":{"@id":"https:\/\/diarioprincipios.com\/#website"},"primaryImageOfPage":{"@id":"https:\/\/diarioprincipios.com\/index.php\/2025\/01\/07\/las-escuelas-publicas-recibieron-mobiliario-equipamiento-y-capacitaciones-en-2024\/#primaryimage"},"image":{"@id":"https:\/\/diarioprincipios.com\/index.php\/2025\/01\/07\/las-escuelas-publicas-recibieron-mobiliario-equipamiento-y-capacitaciones-en-2024\/#primaryimage"},"thumbnailUrl":"https:\/\/diarioprincipios.com\/wp-content\/uploads\/2025\/01\/LAS-ESCUELAS-PUBLICAS-RECIBIERON-MOBILIARIO-EQUIPAMIENTO-Y-CAPACITACIONES-EN-2024-2.jpg","datePublished":"2025-01-07T21:51:26+00:00","dateModified":"2025-01-07T21:51:28+00:00","breadcrumb":{"@id":"https:\/\/diarioprincipios.com\/index.php\/2025\/01\/07\/las-escuelas-publicas-recibieron-mobiliario-equipamiento-y-capacitaciones-en-2024\/#breadcrumb"},"inLanguage":"es","potentialAction":[{"@type":"ReadAction","target":["https:\/\/diarioprincipios.com\/index.php\/2025\/01\/07\/las-escuelas-publicas-recibieron-mobiliario-equipamiento-y-capacitaciones-en-2024\/"]}]},{"@type":"ImageObject","inLanguage":"es","@id":"https:\/\/diarioprincipios.com\/index.php\/2025\/01\/07\/las-escuelas-publicas-recibieron-mobiliario-equipamiento-y-capacitaciones-en-2024\/#primaryimage","url":"https:\/\/diarioprincipios.com\/wp-content\/uploads\/2025\/01\/LAS-ESCUELAS-PUBLICAS-RECIBIERON-MOBILIARIO-EQUIPAMIENTO-Y-CAPACITACIONES-EN-2024-2.jpg","contentUrl":"https:\/\/diarioprincipios.com\/wp-content\/uploads\/2025\/01\/LAS-ESCUELAS-PUBLICAS-RECIBIERON-MOBILIARIO-EQUIPAMIENTO-Y-CAPACITACIONES-EN-2024-2.jpg","width":1920,"height":1280},{"@type":"BreadcrumbList","@id":"https:\/\/diarioprincipios.com\/index.php\/2025\/01\/07\/las-escuelas-publicas-recibieron-mobiliario-equipamiento-y-capacitaciones-en-2024\/#breadcrumb","itemListElement":[{"@type":"ListItem","position":1,"name":"Portada","item":"https:\/\/diarioprincipios.com\/"},{"@type":"ListItem","position":2,"name":"Las Escuelas P\u00fablicas recibieron mobiliario, equipamiento y capacitaciones en 2024"}]},{"@type":"WebSite","@id":"https:\/\/diarioprincipios.com\/#website","url":"https:\/\/diarioprincipios.com\/","name":"Principios","description":"Principios Diario","publisher":{"@id":"https:\/\/diarioprincipios.com\/#organization"},"potentialAction":[{"@type":"SearchAction","target":{"@type":"EntryPoint","urlTemplate":"https:\/\/diarioprincipios.com\/?s={search_term_string}"},"query-input":{"@type":"PropertyValueSpecification","valueRequired":true,"valueName":"search_term_string"}}],"inLanguage":"es"},{"@type":"Organization","@id":"https:\/\/diarioprincipios.com\/#organization","name":"Principios","url":"https:\/\/diarioprincipios.com\/","logo":{"@type":"ImageObject","inLanguage":"es","@id":"https:\/\/diarioprincipios.com\/#\/schema\/logo\/image\/","url":"https:\/\/diarioprincipios.com\/wp-content\/uploads\/2024\/04\/cropped-www.diarioprincipios.com_-1.png","contentUrl":"https:\/\/diarioprincipios.com\/wp-content\/uploads\/2024\/04\/cropped-www.diarioprincipios.com_-1.png","width":5325,"height":1454,"caption":"Principios"},"image":{"@id":"https:\/\/diarioprincipios.com\/#\/schema\/logo\/image\/"}},{"@type":"Person","@id":"https:\/\/diarioprincipios.com\/#\/schema\/person\/436d5a1fd41a5e250e23ff5a6a7cb080","name":"Hern\u00e1n L\u00f3pez","image":{"@type":"ImageObject","inLanguage":"es","@id":"https:\/\/diarioprincipios.com\/wp-content\/litespeed\/avatar\/11ddfe5610ff3bd100522525b2571f48.jpg?ver=1777048341","url":"https:\/\/diarioprincipios.com\/wp-content\/litespeed\/avatar\/11ddfe5610ff3bd100522525b2571f48.jpg?ver=1777048341","contentUrl":"https:\/\/diarioprincipios.com\/wp-content\/litespeed\/avatar\/11ddfe5610ff3bd100522525b2571f48.jpg?ver=1777048341","caption":"Hern\u00e1n L\u00f3pez"},"url":"https:\/\/diarioprincipios.com\/index.php\/author\/hernan\/"}]}},"jetpack_featured_media_url":"https:\/\/diarioprincipios.com\/wp-content\/uploads\/2025\/01\/LAS-ESCUELAS-PUBLICAS-RECIBIERON-MOBILIARIO-EQUIPAMIENTO-Y-CAPACITACIONES-EN-2024-2.jpg","_links":{"self":[{"href":"https:\/\/diarioprincipios.com\/index.php\/wp-json\/wp\/v2\/posts\/23937","targetHints":{"allow":["GET"]}}],"collection":[{"href":"https:\/\/diarioprincipios.com\/index.php\/wp-json\/wp\/v2\/posts"}],"about":[{"href":"https:\/\/diarioprincipios.com\/index.php\/wp-json\/wp\/v2\/types\/post"}],"author":[{"embeddable":true,"href":"https:\/\/diarioprincipios.com\/index.php\/wp-json\/wp\/v2\/users\/2"}],"replies":[{"embeddable":true,"href":"https:\/\/diarioprincipios.com\/index.php\/wp-json\/wp\/v2\/comments?post=23937"}],"version-history":[{"count":1,"href":"https:\/\/diarioprincipios.com\/index.php\/wp-json\/wp\/v2\/posts\/23937\/revisions"}],"predecessor-version":[{"id":23941,"href":"https:\/\/diarioprincipios.com\/index.php\/wp-json\/wp\/v2\/posts\/23937\/revisions\/23941"}],"wp:featuredmedia":[{"embeddable":true,"href":"https:\/\/diarioprincipios.com\/index.php\/wp-json\/wp\/v2\/media\/23940"}],"wp:attachment":[{"href":"https:\/\/diarioprincipios.com\/index.php\/wp-json\/wp\/v2\/media?parent=23937"}],"wp:term":[{"taxonomy":"category","embeddable":true,"href":"https:\/\/diarioprincipios.com\/index.php\/wp-json\/wp\/v2\/categories?post=23937"},{"taxonomy":"post_tag","embeddable":true,"href":"https:\/\/diarioprincipios.com\/index.php\/wp-json\/wp\/v2\/tags?post=23937"}],"curies":[{"name":"wp","href":"https:\/\/api.w.org\/{rel}","templated":true}]}}