{"id":239,"date":"2020-03-09T17:42:49","date_gmt":"2020-03-09T17:42:49","guid":{"rendered":"http:\/\/diarioprincipios.com\/?p=239"},"modified":"2020-03-09T17:42:51","modified_gmt":"2020-03-09T17:42:51","slug":"11-442-inscriptos-para-el-ciclo-2020-en-la-unaj","status":"publish","type":"post","link":"https:\/\/diarioprincipios.com\/index.php\/2020\/03\/09\/11-442-inscriptos-para-el-ciclo-2020-en-la-unaj\/","title":{"rendered":"11.442 inscriptos para el ciclo 2020 en la UNAJ"},"content":{"rendered":"\n<p>A diez a\u00f1os de su creaci\u00f3n, la Universidad dio inicio a un nuevo ciclo del Curso de Preparaci\u00f3n Universitaria con los y las estudiantes que eligieron algunas de las 23 carreras de su oferta acad\u00e9mica en las \u00e1reas de Ingenier\u00eda, Ciencias Sociales y Ciencias de la Salud.<\/p>\n\n\n\n<p>El Curso de Preparaci\u00f3n Universitaria (CPU) es la instancia de ingreso de la UNAJ para acompa\u00f1ar y dar la bienvenida&nbsp;a los y las ingresantes. Es la primera etapa del recorrido acad\u00e9mico y, si bien resulta un gran reto para muchos de los y las ingresantes, est\u00e1 pensado desde el estudiante, puesto para sus intereses y necesidades, es decir, en t\u00e9rminos de inclusi\u00f3n.<\/p>\n\n\n\n<p>El rector Ernesto Villanueva dio la bienvenida a ingresantes quienes con gran entusiasmo iniciaron sus estudios. \u201cPara nosotros siempre el inicio de clases es un desaf\u00edo enorme, desde el punto de vista log\u00edstico, cantidad de aulas, bancos. Tambi\u00e9n que el primer d\u00eda de clases no falte ning\u00fan docente. Y realmente, hemos estado muy bien en el aspecto organizativo\u201d. Hay que se\u00f1alar que debido a la importante y creciente demanda, este a\u00f1o la UNAJ cuenta con nuevas sedes que suman alrededor de 30 aulas fuera de la sede central.<\/p>\n\n\n\n<p>Carolina Gonz\u00e1lez Velasco, directora del Instituto de Estudios Iniciales, manifest\u00f3 por su parte el orgullo que implica cada nuevo inicio de CPU \u201cporque vemos que nuestra universidad sigue siendo elegida por tantos j\u00f3venes (y no tan j\u00f3venes) como el lugar para estudiar, formarse, para crecer\u201d. Y remarc\u00f3: \u201cPese a lo duro que han sido los \u00faltimos a\u00f1os, que sigan eligiendo la universidad p\u00fablica es para nosotros tambi\u00e9n un inmenso desaf\u00edo: el poder ofrecerles una educaci\u00f3n de calidad, con inclusi\u00f3n y con compromiso social, desde el primer d\u00eda que inician las clases hasta el final de sus estudios\u201d.<\/p>\n\n\n\n<p>El CPU consta de 3 materias: Lengua, Matem\u00e1tica y el Taller de Vida Universitaria; tiene una duraci\u00f3n de 3 semanas. Es un curso obligatorio pero no eliminatorio, lo cual quiere decir que tanto quienes aprueban como quienes desaprueban, ingresan a la universidad. Quienes desaprueben alguno de las tres materias tendr\u00e1n que cursar los Talleres Complementarios de las materias desaprobadas durante el 1er a\u00f1o, en simult\u00e1neo al resto de las materias<\/p>\n\n\n\n<h3 class=\"wp-block-heading\"><strong>Informaci\u00f3n para ingresantes<\/strong><\/h3>\n\n\n\n<p>Quienes se encuentran cursando el CPU y necesitan consultar el lugar, d\u00eda y horario de cursada, pueden ingresar a&nbsp;<a href=\"https:\/\/www.unaj.edu.ar\/horarioscpu\/\" target=\"_blank\" rel=\"noreferrer noopener\">https:\/\/www.unaj.edu.ar\/horarioscpu\/<\/a>.<\/p>\n\n\n\n<p>Para otras consultas sobre documentaci\u00f3n, deben dirigirse al Departamento de Alumnos de lunes a viernes, de 10 a 13.30 hs y de 15 a 18 hs; y al Instituto de Estudios Iniciales, de lunes a viernes de 9 a 13 y de 15 a 19 hs.<\/p>\n\n\n\n<p>Para saber c\u00f3mo llegar a la UNAJ:&nbsp;<a href=\"https:\/\/www.unaj.edu.ar\/como-llegar\/\" target=\"_blank\" rel=\"noreferrer noopener\">https:\/\/www.unaj.edu.ar\/como-llegar\/<\/a><\/p>\n","protected":false},"excerpt":{"rendered":"<p>A diez a\u00f1os de su creaci\u00f3n, la Universidad dio inicio a un nuevo ciclo del Curso de Preparaci\u00f3n Universitaria con los y las estudiantes que eligieron algunas de las 23 carreras de su oferta acad\u00e9mica en las \u00e1reas de Ingenier\u00eda, Ciencias Sociales y Ciencias de la Salud. El Curso de Preparaci\u00f3n Universitaria (CPU) es la&#8230;<\/p>\n","protected":false},"author":2,"featured_media":241,"comment_status":"open","ping_status":"open","sticky":false,"template":"","format":"standard","meta":{"footnotes":""},"categories":[7],"tags":[],"class_list":["post-239","post","type-post","status-publish","format-standard","has-post-thumbnail","hentry","category-provincia"],"featured_image_src":"https:\/\/diarioprincipios.com\/wp-content\/uploads\/2020\/03\/CPU-2020.jpg","blog_images":{"medium":"https:\/\/diarioprincipios.com\/wp-content\/uploads\/2020\/03\/CPU-2020-300x169.jpg","large":"https:\/\/diarioprincipios.com\/wp-content\/uploads\/2020\/03\/CPU-2020.jpg"},"ams_acf":[],"yoast_head":"<!-- This site is optimized with the Yoast SEO plugin v27.3 - https:\/\/yoast.com\/product\/yoast-seo-wordpress\/ -->\n<title>11.442 inscriptos para el ciclo 2020 en la UNAJ - Principios<\/title>\n<meta name=\"robots\" content=\"index, follow, max-snippet:-1, max-image-preview:large, max-video-preview:-1\" \/>\n<link rel=\"canonical\" href=\"https:\/\/diarioprincipios.com\/index.php\/2020\/03\/09\/11-442-inscriptos-para-el-ciclo-2020-en-la-unaj\/\" \/>\n<meta property=\"og:locale\" content=\"es_ES\" \/>\n<meta property=\"og:type\" content=\"article\" \/>\n<meta property=\"og:title\" content=\"11.442 inscriptos para el ciclo 2020 en la UNAJ - Principios\" \/>\n<meta property=\"og:description\" content=\"A diez a\u00f1os de su creaci\u00f3n, la Universidad dio inicio a un nuevo ciclo del Curso de Preparaci\u00f3n Universitaria con los y las estudiantes que eligieron algunas de las 23 carreras de su oferta acad\u00e9mica en las \u00e1reas de Ingenier\u00eda, Ciencias Sociales y Ciencias de la Salud. El Curso de Preparaci\u00f3n Universitaria (CPU) es la...\" \/>\n<meta property=\"og:url\" content=\"https:\/\/diarioprincipios.com\/index.php\/2020\/03\/09\/11-442-inscriptos-para-el-ciclo-2020-en-la-unaj\/\" \/>\n<meta property=\"og:site_name\" content=\"Principios\" \/>\n<meta property=\"article:published_time\" content=\"2020-03-09T17:42:49+00:00\" \/>\n<meta property=\"article:modified_time\" content=\"2020-03-09T17:42:51+00:00\" \/>\n<meta property=\"og:image\" content=\"https:\/\/diarioprincipios.com\/wp-content\/uploads\/2020\/03\/CPU-2020.jpg\" \/>\n\t<meta property=\"og:image:width\" content=\"680\" \/>\n\t<meta property=\"og:image:height\" content=\"382\" \/>\n\t<meta property=\"og:image:type\" content=\"image\/jpeg\" \/>\n<meta name=\"author\" content=\"Hern\u00e1n L\u00f3pez\" \/>\n<meta name=\"twitter:card\" content=\"summary_large_image\" \/>\n<meta name=\"twitter:label1\" content=\"Escrito por\" \/>\n\t<meta name=\"twitter:data1\" content=\"Hern\u00e1n L\u00f3pez\" \/>\n\t<meta name=\"twitter:label2\" content=\"Tiempo de lectura\" \/>\n\t<meta name=\"twitter:data2\" content=\"2 minutos\" \/>\n<script type=\"application\/ld+json\" class=\"yoast-schema-graph\">{\"@context\":\"https:\\\/\\\/schema.org\",\"@graph\":[{\"@type\":\"Article\",\"@id\":\"https:\\\/\\\/diarioprincipios.com\\\/index.php\\\/2020\\\/03\\\/09\\\/11-442-inscriptos-para-el-ciclo-2020-en-la-unaj\\\/#article\",\"isPartOf\":{\"@id\":\"https:\\\/\\\/diarioprincipios.com\\\/index.php\\\/2020\\\/03\\\/09\\\/11-442-inscriptos-para-el-ciclo-2020-en-la-unaj\\\/\"},\"author\":{\"name\":\"Hern\u00e1n L\u00f3pez\",\"@id\":\"https:\\\/\\\/diarioprincipios.com\\\/#\\\/schema\\\/person\\\/436d5a1fd41a5e250e23ff5a6a7cb080\"},\"headline\":\"11.442 inscriptos para el ciclo 2020 en la UNAJ\",\"datePublished\":\"2020-03-09T17:42:49+00:00\",\"dateModified\":\"2020-03-09T17:42:51+00:00\",\"mainEntityOfPage\":{\"@id\":\"https:\\\/\\\/diarioprincipios.com\\\/index.php\\\/2020\\\/03\\\/09\\\/11-442-inscriptos-para-el-ciclo-2020-en-la-unaj\\\/\"},\"wordCount\":486,\"commentCount\":0,\"publisher\":{\"@id\":\"https:\\\/\\\/diarioprincipios.com\\\/#organization\"},\"image\":{\"@id\":\"https:\\\/\\\/diarioprincipios.com\\\/index.php\\\/2020\\\/03\\\/09\\\/11-442-inscriptos-para-el-ciclo-2020-en-la-unaj\\\/#primaryimage\"},\"thumbnailUrl\":\"https:\\\/\\\/diarioprincipios.com\\\/wp-content\\\/uploads\\\/2020\\\/03\\\/CPU-2020.jpg\",\"articleSection\":[\"Provincia\"],\"inLanguage\":\"es\",\"potentialAction\":[{\"@type\":\"CommentAction\",\"name\":\"Comment\",\"target\":[\"https:\\\/\\\/diarioprincipios.com\\\/index.php\\\/2020\\\/03\\\/09\\\/11-442-inscriptos-para-el-ciclo-2020-en-la-unaj\\\/#respond\"]}]},{\"@type\":\"WebPage\",\"@id\":\"https:\\\/\\\/diarioprincipios.com\\\/index.php\\\/2020\\\/03\\\/09\\\/11-442-inscriptos-para-el-ciclo-2020-en-la-unaj\\\/\",\"url\":\"https:\\\/\\\/diarioprincipios.com\\\/index.php\\\/2020\\\/03\\\/09\\\/11-442-inscriptos-para-el-ciclo-2020-en-la-unaj\\\/\",\"name\":\"11.442 inscriptos para el ciclo 2020 en la UNAJ - Principios\",\"isPartOf\":{\"@id\":\"https:\\\/\\\/diarioprincipios.com\\\/#website\"},\"primaryImageOfPage\":{\"@id\":\"https:\\\/\\\/diarioprincipios.com\\\/index.php\\\/2020\\\/03\\\/09\\\/11-442-inscriptos-para-el-ciclo-2020-en-la-unaj\\\/#primaryimage\"},\"image\":{\"@id\":\"https:\\\/\\\/diarioprincipios.com\\\/index.php\\\/2020\\\/03\\\/09\\\/11-442-inscriptos-para-el-ciclo-2020-en-la-unaj\\\/#primaryimage\"},\"thumbnailUrl\":\"https:\\\/\\\/diarioprincipios.com\\\/wp-content\\\/uploads\\\/2020\\\/03\\\/CPU-2020.jpg\",\"datePublished\":\"2020-03-09T17:42:49+00:00\",\"dateModified\":\"2020-03-09T17:42:51+00:00\",\"breadcrumb\":{\"@id\":\"https:\\\/\\\/diarioprincipios.com\\\/index.php\\\/2020\\\/03\\\/09\\\/11-442-inscriptos-para-el-ciclo-2020-en-la-unaj\\\/#breadcrumb\"},\"inLanguage\":\"es\",\"potentialAction\":[{\"@type\":\"ReadAction\",\"target\":[\"https:\\\/\\\/diarioprincipios.com\\\/index.php\\\/2020\\\/03\\\/09\\\/11-442-inscriptos-para-el-ciclo-2020-en-la-unaj\\\/\"]}]},{\"@type\":\"ImageObject\",\"inLanguage\":\"es\",\"@id\":\"https:\\\/\\\/diarioprincipios.com\\\/index.php\\\/2020\\\/03\\\/09\\\/11-442-inscriptos-para-el-ciclo-2020-en-la-unaj\\\/#primaryimage\",\"url\":\"https:\\\/\\\/diarioprincipios.com\\\/wp-content\\\/uploads\\\/2020\\\/03\\\/CPU-2020.jpg\",\"contentUrl\":\"https:\\\/\\\/diarioprincipios.com\\\/wp-content\\\/uploads\\\/2020\\\/03\\\/CPU-2020.jpg\",\"width\":680,\"height\":382},{\"@type\":\"BreadcrumbList\",\"@id\":\"https:\\\/\\\/diarioprincipios.com\\\/index.php\\\/2020\\\/03\\\/09\\\/11-442-inscriptos-para-el-ciclo-2020-en-la-unaj\\\/#breadcrumb\",\"itemListElement\":[{\"@type\":\"ListItem\",\"position\":1,\"name\":\"Portada\",\"item\":\"https:\\\/\\\/diarioprincipios.com\\\/\"},{\"@type\":\"ListItem\",\"position\":2,\"name\":\"11.442 inscriptos para el ciclo 2020 en la UNAJ\"}]},{\"@type\":\"WebSite\",\"@id\":\"https:\\\/\\\/diarioprincipios.com\\\/#website\",\"url\":\"https:\\\/\\\/diarioprincipios.com\\\/\",\"name\":\"Principios\",\"description\":\"Principios Diario\",\"publisher\":{\"@id\":\"https:\\\/\\\/diarioprincipios.com\\\/#organization\"},\"potentialAction\":[{\"@type\":\"SearchAction\",\"target\":{\"@type\":\"EntryPoint\",\"urlTemplate\":\"https:\\\/\\\/diarioprincipios.com\\\/?s={search_term_string}\"},\"query-input\":{\"@type\":\"PropertyValueSpecification\",\"valueRequired\":true,\"valueName\":\"search_term_string\"}}],\"inLanguage\":\"es\"},{\"@type\":\"Organization\",\"@id\":\"https:\\\/\\\/diarioprincipios.com\\\/#organization\",\"name\":\"Principios\",\"url\":\"https:\\\/\\\/diarioprincipios.com\\\/\",\"logo\":{\"@type\":\"ImageObject\",\"inLanguage\":\"es\",\"@id\":\"https:\\\/\\\/diarioprincipios.com\\\/#\\\/schema\\\/logo\\\/image\\\/\",\"url\":\"https:\\\/\\\/diarioprincipios.com\\\/wp-content\\\/uploads\\\/2024\\\/04\\\/cropped-www.diarioprincipios.com_-1.png\",\"contentUrl\":\"https:\\\/\\\/diarioprincipios.com\\\/wp-content\\\/uploads\\\/2024\\\/04\\\/cropped-www.diarioprincipios.com_-1.png\",\"width\":5325,\"height\":1454,\"caption\":\"Principios\"},\"image\":{\"@id\":\"https:\\\/\\\/diarioprincipios.com\\\/#\\\/schema\\\/logo\\\/image\\\/\"}},{\"@type\":\"Person\",\"@id\":\"https:\\\/\\\/diarioprincipios.com\\\/#\\\/schema\\\/person\\\/436d5a1fd41a5e250e23ff5a6a7cb080\",\"name\":\"Hern\u00e1n L\u00f3pez\",\"image\":{\"@type\":\"ImageObject\",\"inLanguage\":\"es\",\"@id\":\"https:\\\/\\\/diarioprincipios.com\\\/wp-content\\\/litespeed\\\/avatar\\\/11ddfe5610ff3bd100522525b2571f48.jpg?ver=1777653193\",\"url\":\"https:\\\/\\\/diarioprincipios.com\\\/wp-content\\\/litespeed\\\/avatar\\\/11ddfe5610ff3bd100522525b2571f48.jpg?ver=1777653193\",\"contentUrl\":\"https:\\\/\\\/diarioprincipios.com\\\/wp-content\\\/litespeed\\\/avatar\\\/11ddfe5610ff3bd100522525b2571f48.jpg?ver=1777653193\",\"caption\":\"Hern\u00e1n L\u00f3pez\"},\"url\":\"https:\\\/\\\/diarioprincipios.com\\\/index.php\\\/author\\\/hernan\\\/\"}]}<\/script>\n<!-- \/ Yoast SEO plugin. -->","yoast_head_json":{"title":"11.442 inscriptos para el ciclo 2020 en la UNAJ - Principios","robots":{"index":"index","follow":"follow","max-snippet":"max-snippet:-1","max-image-preview":"max-image-preview:large","max-video-preview":"max-video-preview:-1"},"canonical":"https:\/\/diarioprincipios.com\/index.php\/2020\/03\/09\/11-442-inscriptos-para-el-ciclo-2020-en-la-unaj\/","og_locale":"es_ES","og_type":"article","og_title":"11.442 inscriptos para el ciclo 2020 en la UNAJ - Principios","og_description":"A diez a\u00f1os de su creaci\u00f3n, la Universidad dio inicio a un nuevo ciclo del Curso de Preparaci\u00f3n Universitaria con los y las estudiantes que eligieron algunas de las 23 carreras de su oferta acad\u00e9mica en las \u00e1reas de Ingenier\u00eda, Ciencias Sociales y Ciencias de la Salud. El Curso de Preparaci\u00f3n Universitaria (CPU) es la...","og_url":"https:\/\/diarioprincipios.com\/index.php\/2020\/03\/09\/11-442-inscriptos-para-el-ciclo-2020-en-la-unaj\/","og_site_name":"Principios","article_published_time":"2020-03-09T17:42:49+00:00","article_modified_time":"2020-03-09T17:42:51+00:00","og_image":[{"width":680,"height":382,"url":"https:\/\/diarioprincipios.com\/wp-content\/uploads\/2020\/03\/CPU-2020.jpg","type":"image\/jpeg"}],"author":"Hern\u00e1n L\u00f3pez","twitter_card":"summary_large_image","twitter_misc":{"Escrito por":"Hern\u00e1n L\u00f3pez","Tiempo de lectura":"2 minutos"},"schema":{"@context":"https:\/\/schema.org","@graph":[{"@type":"Article","@id":"https:\/\/diarioprincipios.com\/index.php\/2020\/03\/09\/11-442-inscriptos-para-el-ciclo-2020-en-la-unaj\/#article","isPartOf":{"@id":"https:\/\/diarioprincipios.com\/index.php\/2020\/03\/09\/11-442-inscriptos-para-el-ciclo-2020-en-la-unaj\/"},"author":{"name":"Hern\u00e1n L\u00f3pez","@id":"https:\/\/diarioprincipios.com\/#\/schema\/person\/436d5a1fd41a5e250e23ff5a6a7cb080"},"headline":"11.442 inscriptos para el ciclo 2020 en la UNAJ","datePublished":"2020-03-09T17:42:49+00:00","dateModified":"2020-03-09T17:42:51+00:00","mainEntityOfPage":{"@id":"https:\/\/diarioprincipios.com\/index.php\/2020\/03\/09\/11-442-inscriptos-para-el-ciclo-2020-en-la-unaj\/"},"wordCount":486,"commentCount":0,"publisher":{"@id":"https:\/\/diarioprincipios.com\/#organization"},"image":{"@id":"https:\/\/diarioprincipios.com\/index.php\/2020\/03\/09\/11-442-inscriptos-para-el-ciclo-2020-en-la-unaj\/#primaryimage"},"thumbnailUrl":"https:\/\/diarioprincipios.com\/wp-content\/uploads\/2020\/03\/CPU-2020.jpg","articleSection":["Provincia"],"inLanguage":"es","potentialAction":[{"@type":"CommentAction","name":"Comment","target":["https:\/\/diarioprincipios.com\/index.php\/2020\/03\/09\/11-442-inscriptos-para-el-ciclo-2020-en-la-unaj\/#respond"]}]},{"@type":"WebPage","@id":"https:\/\/diarioprincipios.com\/index.php\/2020\/03\/09\/11-442-inscriptos-para-el-ciclo-2020-en-la-unaj\/","url":"https:\/\/diarioprincipios.com\/index.php\/2020\/03\/09\/11-442-inscriptos-para-el-ciclo-2020-en-la-unaj\/","name":"11.442 inscriptos para el ciclo 2020 en la UNAJ - Principios","isPartOf":{"@id":"https:\/\/diarioprincipios.com\/#website"},"primaryImageOfPage":{"@id":"https:\/\/diarioprincipios.com\/index.php\/2020\/03\/09\/11-442-inscriptos-para-el-ciclo-2020-en-la-unaj\/#primaryimage"},"image":{"@id":"https:\/\/diarioprincipios.com\/index.php\/2020\/03\/09\/11-442-inscriptos-para-el-ciclo-2020-en-la-unaj\/#primaryimage"},"thumbnailUrl":"https:\/\/diarioprincipios.com\/wp-content\/uploads\/2020\/03\/CPU-2020.jpg","datePublished":"2020-03-09T17:42:49+00:00","dateModified":"2020-03-09T17:42:51+00:00","breadcrumb":{"@id":"https:\/\/diarioprincipios.com\/index.php\/2020\/03\/09\/11-442-inscriptos-para-el-ciclo-2020-en-la-unaj\/#breadcrumb"},"inLanguage":"es","potentialAction":[{"@type":"ReadAction","target":["https:\/\/diarioprincipios.com\/index.php\/2020\/03\/09\/11-442-inscriptos-para-el-ciclo-2020-en-la-unaj\/"]}]},{"@type":"ImageObject","inLanguage":"es","@id":"https:\/\/diarioprincipios.com\/index.php\/2020\/03\/09\/11-442-inscriptos-para-el-ciclo-2020-en-la-unaj\/#primaryimage","url":"https:\/\/diarioprincipios.com\/wp-content\/uploads\/2020\/03\/CPU-2020.jpg","contentUrl":"https:\/\/diarioprincipios.com\/wp-content\/uploads\/2020\/03\/CPU-2020.jpg","width":680,"height":382},{"@type":"BreadcrumbList","@id":"https:\/\/diarioprincipios.com\/index.php\/2020\/03\/09\/11-442-inscriptos-para-el-ciclo-2020-en-la-unaj\/#breadcrumb","itemListElement":[{"@type":"ListItem","position":1,"name":"Portada","item":"https:\/\/diarioprincipios.com\/"},{"@type":"ListItem","position":2,"name":"11.442 inscriptos para el ciclo 2020 en la UNAJ"}]},{"@type":"WebSite","@id":"https:\/\/diarioprincipios.com\/#website","url":"https:\/\/diarioprincipios.com\/","name":"Principios","description":"Principios Diario","publisher":{"@id":"https:\/\/diarioprincipios.com\/#organization"},"potentialAction":[{"@type":"SearchAction","target":{"@type":"EntryPoint","urlTemplate":"https:\/\/diarioprincipios.com\/?s={search_term_string}"},"query-input":{"@type":"PropertyValueSpecification","valueRequired":true,"valueName":"search_term_string"}}],"inLanguage":"es"},{"@type":"Organization","@id":"https:\/\/diarioprincipios.com\/#organization","name":"Principios","url":"https:\/\/diarioprincipios.com\/","logo":{"@type":"ImageObject","inLanguage":"es","@id":"https:\/\/diarioprincipios.com\/#\/schema\/logo\/image\/","url":"https:\/\/diarioprincipios.com\/wp-content\/uploads\/2024\/04\/cropped-www.diarioprincipios.com_-1.png","contentUrl":"https:\/\/diarioprincipios.com\/wp-content\/uploads\/2024\/04\/cropped-www.diarioprincipios.com_-1.png","width":5325,"height":1454,"caption":"Principios"},"image":{"@id":"https:\/\/diarioprincipios.com\/#\/schema\/logo\/image\/"}},{"@type":"Person","@id":"https:\/\/diarioprincipios.com\/#\/schema\/person\/436d5a1fd41a5e250e23ff5a6a7cb080","name":"Hern\u00e1n L\u00f3pez","image":{"@type":"ImageObject","inLanguage":"es","@id":"https:\/\/diarioprincipios.com\/wp-content\/litespeed\/avatar\/11ddfe5610ff3bd100522525b2571f48.jpg?ver=1777653193","url":"https:\/\/diarioprincipios.com\/wp-content\/litespeed\/avatar\/11ddfe5610ff3bd100522525b2571f48.jpg?ver=1777653193","contentUrl":"https:\/\/diarioprincipios.com\/wp-content\/litespeed\/avatar\/11ddfe5610ff3bd100522525b2571f48.jpg?ver=1777653193","caption":"Hern\u00e1n L\u00f3pez"},"url":"https:\/\/diarioprincipios.com\/index.php\/author\/hernan\/"}]}},"jetpack_featured_media_url":"https:\/\/diarioprincipios.com\/wp-content\/uploads\/2020\/03\/CPU-2020.jpg","_links":{"self":[{"href":"https:\/\/diarioprincipios.com\/index.php\/wp-json\/wp\/v2\/posts\/239","targetHints":{"allow":["GET"]}}],"collection":[{"href":"https:\/\/diarioprincipios.com\/index.php\/wp-json\/wp\/v2\/posts"}],"about":[{"href":"https:\/\/diarioprincipios.com\/index.php\/wp-json\/wp\/v2\/types\/post"}],"author":[{"embeddable":true,"href":"https:\/\/diarioprincipios.com\/index.php\/wp-json\/wp\/v2\/users\/2"}],"replies":[{"embeddable":true,"href":"https:\/\/diarioprincipios.com\/index.php\/wp-json\/wp\/v2\/comments?post=239"}],"version-history":[{"count":1,"href":"https:\/\/diarioprincipios.com\/index.php\/wp-json\/wp\/v2\/posts\/239\/revisions"}],"predecessor-version":[{"id":242,"href":"https:\/\/diarioprincipios.com\/index.php\/wp-json\/wp\/v2\/posts\/239\/revisions\/242"}],"wp:featuredmedia":[{"embeddable":true,"href":"https:\/\/diarioprincipios.com\/index.php\/wp-json\/wp\/v2\/media\/241"}],"wp:attachment":[{"href":"https:\/\/diarioprincipios.com\/index.php\/wp-json\/wp\/v2\/media?parent=239"}],"wp:term":[{"taxonomy":"category","embeddable":true,"href":"https:\/\/diarioprincipios.com\/index.php\/wp-json\/wp\/v2\/categories?post=239"},{"taxonomy":"post_tag","embeddable":true,"href":"https:\/\/diarioprincipios.com\/index.php\/wp-json\/wp\/v2\/tags?post=239"}],"curies":[{"name":"wp","href":"https:\/\/api.w.org\/{rel}","templated":true}]}}