{"id":23879,"date":"2024-12-27T09:53:48","date_gmt":"2024-12-27T12:53:48","guid":{"rendered":"http:\/\/diarioprincipios.com\/?p=23879"},"modified":"2024-12-27T09:53:50","modified_gmt":"2024-12-27T12:53:50","slug":"abrio-sus-puertas-nuevo-complejo-comercial","status":"publish","type":"post","link":"https:\/\/diarioprincipios.com\/index.php\/2024\/12\/27\/abrio-sus-puertas-nuevo-complejo-comercial\/","title":{"rendered":"Abri\u00f3 sus puertas nuevo Complejo Comercial"},"content":{"rendered":"\n<p><strong>Abri\u00f3 sus puertas el nuevo Centro comercial del Complejo Ardora (Av. Vergara e\/ Av. Eva Per\u00f3n y 31 -N\u00b0 3200-), con promociones y descuentos en distintos rubros para las compras navide\u00f1as. El intendente municipal, Juan Jos\u00e9 Mussi, recorri\u00f3 este emprendimiento privado y entreg\u00f3 certificados de habilitaci\u00f3n a los y las comerciantes.<\/strong><\/p>\n\n\n\n<p>En ese marco, los vecinos y vecinas tambi\u00e9n disfrutaron de shows, m\u00fasica en vivo, sorteos, descuentos y propuestas gastron\u00f3micas.<\/p>\n\n\n\n<figure class=\"wp-block-image size-large\"><img loading=\"lazy\" decoding=\"async\" width=\"1024\" height=\"683\" src=\"https:\/\/diarioprincipios.com\/wp-content\/uploads\/2024\/12\/SE-PRESENTO-LA-NOCHE-DE-ARDORA-EN-BERAZATEGUI-1-1-1024x683.jpg\" alt=\"\" class=\"wp-image-23880\" srcset=\"https:\/\/diarioprincipios.com\/wp-content\/uploads\/2024\/12\/SE-PRESENTO-LA-NOCHE-DE-ARDORA-EN-BERAZATEGUI-1-1-1024x683.jpg 1024w, https:\/\/diarioprincipios.com\/wp-content\/uploads\/2024\/12\/SE-PRESENTO-LA-NOCHE-DE-ARDORA-EN-BERAZATEGUI-1-1-300x200.jpg 300w, https:\/\/diarioprincipios.com\/wp-content\/uploads\/2024\/12\/SE-PRESENTO-LA-NOCHE-DE-ARDORA-EN-BERAZATEGUI-1-1-768x512.jpg 768w, https:\/\/diarioprincipios.com\/wp-content\/uploads\/2024\/12\/SE-PRESENTO-LA-NOCHE-DE-ARDORA-EN-BERAZATEGUI-1-1-1536x1024.jpg 1536w, https:\/\/diarioprincipios.com\/wp-content\/uploads\/2024\/12\/SE-PRESENTO-LA-NOCHE-DE-ARDORA-EN-BERAZATEGUI-1-1-600x400.jpg 600w, https:\/\/diarioprincipios.com\/wp-content\/uploads\/2024\/12\/SE-PRESENTO-LA-NOCHE-DE-ARDORA-EN-BERAZATEGUI-1-1.jpg 1920w\" sizes=\"auto, (max-width: 1024px) 100vw, 1024px\" \/><\/figure>\n\n\n\n<p>En este nuevo Centro comercial ya funcionan 17 locales y 13 se encuentran en obra (de los rubros gastron\u00f3mico, indumentaria, salud y est\u00e9tica; jugueter\u00eda, librer\u00eda y entretenimiento, entre otros).<\/p>\n\n\n\n<p>En ese marco, Mussi expres\u00f3: \u201cLe agradezco al emprendimiento privado Ardora, que haya elegido Berazategui. Y por contribuir con el desarrollo econ\u00f3mico local y la generaci\u00f3n de puestos laborales\u201d.<\/p>\n\n\n\n<p>Asimismo, el secretario de Trabajo municipal, Juan Manuel Parra, indic\u00f3: \u201cRecorrimos el Complejo junto al intendente Mussi, brindando apoyo a todos los comerciantes que vinieron a invertir y a dar puestos de trabajo para los y las berazateguenses. Estamos muy felices con este nuevo emprendimiento que se acerca al barrio, con una variada propuesta comercial, interesante y completa. El Intendente entreg\u00f3 habilitaciones a los comerciantes que abrieron hoy\u00bb.<\/p>\n\n\n\n<figure class=\"wp-block-image size-large\"><img loading=\"lazy\" decoding=\"async\" width=\"1024\" height=\"683\" src=\"https:\/\/diarioprincipios.com\/wp-content\/uploads\/2024\/12\/SE-PRESENTO-LA-NOCHE-DE-ARDORA-EN-BERAZATEGUI-4-1-1024x683.jpg\" alt=\"\" class=\"wp-image-23881\" srcset=\"https:\/\/diarioprincipios.com\/wp-content\/uploads\/2024\/12\/SE-PRESENTO-LA-NOCHE-DE-ARDORA-EN-BERAZATEGUI-4-1-1024x683.jpg 1024w, https:\/\/diarioprincipios.com\/wp-content\/uploads\/2024\/12\/SE-PRESENTO-LA-NOCHE-DE-ARDORA-EN-BERAZATEGUI-4-1-300x200.jpg 300w, https:\/\/diarioprincipios.com\/wp-content\/uploads\/2024\/12\/SE-PRESENTO-LA-NOCHE-DE-ARDORA-EN-BERAZATEGUI-4-1-768x512.jpg 768w, https:\/\/diarioprincipios.com\/wp-content\/uploads\/2024\/12\/SE-PRESENTO-LA-NOCHE-DE-ARDORA-EN-BERAZATEGUI-4-1-1536x1024.jpg 1536w, https:\/\/diarioprincipios.com\/wp-content\/uploads\/2024\/12\/SE-PRESENTO-LA-NOCHE-DE-ARDORA-EN-BERAZATEGUI-4-1-600x400.jpg 600w, https:\/\/diarioprincipios.com\/wp-content\/uploads\/2024\/12\/SE-PRESENTO-LA-NOCHE-DE-ARDORA-EN-BERAZATEGUI-4-1.jpg 1920w\" sizes=\"auto, (max-width: 1024px) 100vw, 1024px\" \/><\/figure>\n\n\n\n<p>Asimismo, Parra agreg\u00f3: \u00abEl Dr. Mussi nos pide apoyar a quienes quieran invertir en Berazategui y generar puestos de empleo genuino para nuestra comunidad. Queremos que Berazategui siga creciendo\u201d.<\/p>\n\n\n\n<p>Por su parte, Fernando Mayorano, desarrollador de Ardora, afirm\u00f3: \u201cArdora implica un master plan de cuatro a\u00f1os que contempla canchas de f\u00fatbol, el paseo de compras y un proyecto de viviendas que vamos a iniciar en breve. Esta zona se ha revitalizado y creemos que un lugar como \u00e9ste va a complementar e impulsar la zona. Hay espacio para estacionar; van a encontrar lavadero de autos, supermercado, propuestas gastron\u00f3micas, de indumentaria. Y, pr\u00f3ximamente, un gimnasio, entre muchas propuestas m\u00e1s para pasear y realizar distintas actividades\u201d.<\/p>\n\n\n\n<p>Acompa\u00f1aron al Intendente en la recorrida, adem\u00e1s, integrantes del Gabinete municipal.<\/p>\n","protected":false},"excerpt":{"rendered":"<p>Abri\u00f3 sus puertas el nuevo Centro comercial del Complejo Ardora (Av. Vergara e\/ Av. Eva Per\u00f3n y 31 -N\u00b0 3200-), con promociones y descuentos en distintos rubros para las compras navide\u00f1as. El intendente municipal, Juan Jos\u00e9 Mussi, recorri\u00f3 este emprendimiento privado y entreg\u00f3 certificados de habilitaci\u00f3n a los y las comerciantes. En ese marco, los&#8230;<\/p>\n","protected":false},"author":2,"featured_media":23882,"comment_status":"open","ping_status":"open","sticky":false,"template":"","format":"standard","meta":{"footnotes":""},"categories":[3,18],"tags":[],"class_list":["post-23879","post","type-post","status-publish","format-standard","has-post-thumbnail","hentry","category-berazategui","category-comercio-industria"],"featured_image_src":"https:\/\/diarioprincipios.com\/wp-content\/uploads\/2024\/12\/SE-PRESENTO-LA-NOCHE-DE-ARDORA-EN-BERAZATEGUI-6-1024x683.jpg","blog_images":{"medium":"https:\/\/diarioprincipios.com\/wp-content\/uploads\/2024\/12\/SE-PRESENTO-LA-NOCHE-DE-ARDORA-EN-BERAZATEGUI-6-300x200.jpg","large":"https:\/\/diarioprincipios.com\/wp-content\/uploads\/2024\/12\/SE-PRESENTO-LA-NOCHE-DE-ARDORA-EN-BERAZATEGUI-6-1024x683.jpg"},"ams_acf":[],"yoast_head":"<!-- This site is optimized with the Yoast SEO plugin v27.3 - https:\/\/yoast.com\/product\/yoast-seo-wordpress\/ -->\n<title>Abri\u00f3 sus puertas nuevo Complejo Comercial - Principios<\/title>\n<meta name=\"robots\" content=\"index, follow, max-snippet:-1, max-image-preview:large, max-video-preview:-1\" \/>\n<link rel=\"canonical\" href=\"https:\/\/diarioprincipios.com\/index.php\/2024\/12\/27\/abrio-sus-puertas-nuevo-complejo-comercial\/\" \/>\n<meta property=\"og:locale\" content=\"es_ES\" \/>\n<meta property=\"og:type\" content=\"article\" \/>\n<meta property=\"og:title\" content=\"Abri\u00f3 sus puertas nuevo Complejo Comercial - Principios\" \/>\n<meta property=\"og:description\" content=\"Abri\u00f3 sus puertas el nuevo Centro comercial del Complejo Ardora (Av. Vergara e\/ Av. Eva Per\u00f3n y 31 -N\u00b0 3200-), con promociones y descuentos en distintos rubros para las compras navide\u00f1as. El intendente municipal, Juan Jos\u00e9 Mussi, recorri\u00f3 este emprendimiento privado y entreg\u00f3 certificados de habilitaci\u00f3n a los y las comerciantes. En ese marco, los...\" \/>\n<meta property=\"og:url\" content=\"https:\/\/diarioprincipios.com\/index.php\/2024\/12\/27\/abrio-sus-puertas-nuevo-complejo-comercial\/\" \/>\n<meta property=\"og:site_name\" content=\"Principios\" \/>\n<meta property=\"article:published_time\" content=\"2024-12-27T12:53:48+00:00\" \/>\n<meta property=\"article:modified_time\" content=\"2024-12-27T12:53:50+00:00\" \/>\n<meta property=\"og:image\" content=\"https:\/\/diarioprincipios.com\/wp-content\/uploads\/2024\/12\/SE-PRESENTO-LA-NOCHE-DE-ARDORA-EN-BERAZATEGUI-6.jpg\" \/>\n\t<meta property=\"og:image:width\" content=\"1920\" \/>\n\t<meta property=\"og:image:height\" content=\"1280\" \/>\n\t<meta property=\"og:image:type\" content=\"image\/jpeg\" \/>\n<meta name=\"author\" content=\"Hern\u00e1n L\u00f3pez\" \/>\n<meta name=\"twitter:card\" content=\"summary_large_image\" \/>\n<meta name=\"twitter:label1\" content=\"Escrito por\" \/>\n\t<meta name=\"twitter:data1\" content=\"Hern\u00e1n L\u00f3pez\" \/>\n\t<meta name=\"twitter:label2\" content=\"Tiempo de lectura\" \/>\n\t<meta name=\"twitter:data2\" content=\"3 minutos\" \/>\n<script type=\"application\/ld+json\" class=\"yoast-schema-graph\">{\"@context\":\"https:\\\/\\\/schema.org\",\"@graph\":[{\"@type\":\"Article\",\"@id\":\"https:\\\/\\\/diarioprincipios.com\\\/index.php\\\/2024\\\/12\\\/27\\\/abrio-sus-puertas-nuevo-complejo-comercial\\\/#article\",\"isPartOf\":{\"@id\":\"https:\\\/\\\/diarioprincipios.com\\\/index.php\\\/2024\\\/12\\\/27\\\/abrio-sus-puertas-nuevo-complejo-comercial\\\/\"},\"author\":{\"name\":\"Hern\u00e1n L\u00f3pez\",\"@id\":\"https:\\\/\\\/diarioprincipios.com\\\/#\\\/schema\\\/person\\\/436d5a1fd41a5e250e23ff5a6a7cb080\"},\"headline\":\"Abri\u00f3 sus puertas nuevo Complejo Comercial\",\"datePublished\":\"2024-12-27T12:53:48+00:00\",\"dateModified\":\"2024-12-27T12:53:50+00:00\",\"mainEntityOfPage\":{\"@id\":\"https:\\\/\\\/diarioprincipios.com\\\/index.php\\\/2024\\\/12\\\/27\\\/abrio-sus-puertas-nuevo-complejo-comercial\\\/\"},\"wordCount\":343,\"commentCount\":0,\"publisher\":{\"@id\":\"https:\\\/\\\/diarioprincipios.com\\\/#organization\"},\"image\":{\"@id\":\"https:\\\/\\\/diarioprincipios.com\\\/index.php\\\/2024\\\/12\\\/27\\\/abrio-sus-puertas-nuevo-complejo-comercial\\\/#primaryimage\"},\"thumbnailUrl\":\"https:\\\/\\\/diarioprincipios.com\\\/wp-content\\\/uploads\\\/2024\\\/12\\\/SE-PRESENTO-LA-NOCHE-DE-ARDORA-EN-BERAZATEGUI-6.jpg\",\"articleSection\":[\"Berazategui\",\"Comercio e Industria\"],\"inLanguage\":\"es\",\"potentialAction\":[{\"@type\":\"CommentAction\",\"name\":\"Comment\",\"target\":[\"https:\\\/\\\/diarioprincipios.com\\\/index.php\\\/2024\\\/12\\\/27\\\/abrio-sus-puertas-nuevo-complejo-comercial\\\/#respond\"]}]},{\"@type\":\"WebPage\",\"@id\":\"https:\\\/\\\/diarioprincipios.com\\\/index.php\\\/2024\\\/12\\\/27\\\/abrio-sus-puertas-nuevo-complejo-comercial\\\/\",\"url\":\"https:\\\/\\\/diarioprincipios.com\\\/index.php\\\/2024\\\/12\\\/27\\\/abrio-sus-puertas-nuevo-complejo-comercial\\\/\",\"name\":\"Abri\u00f3 sus puertas nuevo Complejo Comercial - Principios\",\"isPartOf\":{\"@id\":\"https:\\\/\\\/diarioprincipios.com\\\/#website\"},\"primaryImageOfPage\":{\"@id\":\"https:\\\/\\\/diarioprincipios.com\\\/index.php\\\/2024\\\/12\\\/27\\\/abrio-sus-puertas-nuevo-complejo-comercial\\\/#primaryimage\"},\"image\":{\"@id\":\"https:\\\/\\\/diarioprincipios.com\\\/index.php\\\/2024\\\/12\\\/27\\\/abrio-sus-puertas-nuevo-complejo-comercial\\\/#primaryimage\"},\"thumbnailUrl\":\"https:\\\/\\\/diarioprincipios.com\\\/wp-content\\\/uploads\\\/2024\\\/12\\\/SE-PRESENTO-LA-NOCHE-DE-ARDORA-EN-BERAZATEGUI-6.jpg\",\"datePublished\":\"2024-12-27T12:53:48+00:00\",\"dateModified\":\"2024-12-27T12:53:50+00:00\",\"breadcrumb\":{\"@id\":\"https:\\\/\\\/diarioprincipios.com\\\/index.php\\\/2024\\\/12\\\/27\\\/abrio-sus-puertas-nuevo-complejo-comercial\\\/#breadcrumb\"},\"inLanguage\":\"es\",\"potentialAction\":[{\"@type\":\"ReadAction\",\"target\":[\"https:\\\/\\\/diarioprincipios.com\\\/index.php\\\/2024\\\/12\\\/27\\\/abrio-sus-puertas-nuevo-complejo-comercial\\\/\"]}]},{\"@type\":\"ImageObject\",\"inLanguage\":\"es\",\"@id\":\"https:\\\/\\\/diarioprincipios.com\\\/index.php\\\/2024\\\/12\\\/27\\\/abrio-sus-puertas-nuevo-complejo-comercial\\\/#primaryimage\",\"url\":\"https:\\\/\\\/diarioprincipios.com\\\/wp-content\\\/uploads\\\/2024\\\/12\\\/SE-PRESENTO-LA-NOCHE-DE-ARDORA-EN-BERAZATEGUI-6.jpg\",\"contentUrl\":\"https:\\\/\\\/diarioprincipios.com\\\/wp-content\\\/uploads\\\/2024\\\/12\\\/SE-PRESENTO-LA-NOCHE-DE-ARDORA-EN-BERAZATEGUI-6.jpg\",\"width\":1920,\"height\":1280},{\"@type\":\"BreadcrumbList\",\"@id\":\"https:\\\/\\\/diarioprincipios.com\\\/index.php\\\/2024\\\/12\\\/27\\\/abrio-sus-puertas-nuevo-complejo-comercial\\\/#breadcrumb\",\"itemListElement\":[{\"@type\":\"ListItem\",\"position\":1,\"name\":\"Portada\",\"item\":\"https:\\\/\\\/diarioprincipios.com\\\/\"},{\"@type\":\"ListItem\",\"position\":2,\"name\":\"Abri\u00f3 sus puertas nuevo Complejo Comercial\"}]},{\"@type\":\"WebSite\",\"@id\":\"https:\\\/\\\/diarioprincipios.com\\\/#website\",\"url\":\"https:\\\/\\\/diarioprincipios.com\\\/\",\"name\":\"Principios\",\"description\":\"Principios Diario\",\"publisher\":{\"@id\":\"https:\\\/\\\/diarioprincipios.com\\\/#organization\"},\"potentialAction\":[{\"@type\":\"SearchAction\",\"target\":{\"@type\":\"EntryPoint\",\"urlTemplate\":\"https:\\\/\\\/diarioprincipios.com\\\/?s={search_term_string}\"},\"query-input\":{\"@type\":\"PropertyValueSpecification\",\"valueRequired\":true,\"valueName\":\"search_term_string\"}}],\"inLanguage\":\"es\"},{\"@type\":\"Organization\",\"@id\":\"https:\\\/\\\/diarioprincipios.com\\\/#organization\",\"name\":\"Principios\",\"url\":\"https:\\\/\\\/diarioprincipios.com\\\/\",\"logo\":{\"@type\":\"ImageObject\",\"inLanguage\":\"es\",\"@id\":\"https:\\\/\\\/diarioprincipios.com\\\/#\\\/schema\\\/logo\\\/image\\\/\",\"url\":\"https:\\\/\\\/diarioprincipios.com\\\/wp-content\\\/uploads\\\/2024\\\/04\\\/cropped-www.diarioprincipios.com_-1.png\",\"contentUrl\":\"https:\\\/\\\/diarioprincipios.com\\\/wp-content\\\/uploads\\\/2024\\\/04\\\/cropped-www.diarioprincipios.com_-1.png\",\"width\":5325,\"height\":1454,\"caption\":\"Principios\"},\"image\":{\"@id\":\"https:\\\/\\\/diarioprincipios.com\\\/#\\\/schema\\\/logo\\\/image\\\/\"}},{\"@type\":\"Person\",\"@id\":\"https:\\\/\\\/diarioprincipios.com\\\/#\\\/schema\\\/person\\\/436d5a1fd41a5e250e23ff5a6a7cb080\",\"name\":\"Hern\u00e1n L\u00f3pez\",\"image\":{\"@type\":\"ImageObject\",\"inLanguage\":\"es\",\"@id\":\"https:\\\/\\\/diarioprincipios.com\\\/wp-content\\\/litespeed\\\/avatar\\\/11ddfe5610ff3bd100522525b2571f48.jpg?ver=1777048341\",\"url\":\"https:\\\/\\\/diarioprincipios.com\\\/wp-content\\\/litespeed\\\/avatar\\\/11ddfe5610ff3bd100522525b2571f48.jpg?ver=1777048341\",\"contentUrl\":\"https:\\\/\\\/diarioprincipios.com\\\/wp-content\\\/litespeed\\\/avatar\\\/11ddfe5610ff3bd100522525b2571f48.jpg?ver=1777048341\",\"caption\":\"Hern\u00e1n L\u00f3pez\"},\"url\":\"https:\\\/\\\/diarioprincipios.com\\\/index.php\\\/author\\\/hernan\\\/\"}]}<\/script>\n<!-- \/ Yoast SEO plugin. -->","yoast_head_json":{"title":"Abri\u00f3 sus puertas nuevo Complejo Comercial - Principios","robots":{"index":"index","follow":"follow","max-snippet":"max-snippet:-1","max-image-preview":"max-image-preview:large","max-video-preview":"max-video-preview:-1"},"canonical":"https:\/\/diarioprincipios.com\/index.php\/2024\/12\/27\/abrio-sus-puertas-nuevo-complejo-comercial\/","og_locale":"es_ES","og_type":"article","og_title":"Abri\u00f3 sus puertas nuevo Complejo Comercial - Principios","og_description":"Abri\u00f3 sus puertas el nuevo Centro comercial del Complejo Ardora (Av. Vergara e\/ Av. Eva Per\u00f3n y 31 -N\u00b0 3200-), con promociones y descuentos en distintos rubros para las compras navide\u00f1as. El intendente municipal, Juan Jos\u00e9 Mussi, recorri\u00f3 este emprendimiento privado y entreg\u00f3 certificados de habilitaci\u00f3n a los y las comerciantes. En ese marco, los...","og_url":"https:\/\/diarioprincipios.com\/index.php\/2024\/12\/27\/abrio-sus-puertas-nuevo-complejo-comercial\/","og_site_name":"Principios","article_published_time":"2024-12-27T12:53:48+00:00","article_modified_time":"2024-12-27T12:53:50+00:00","og_image":[{"width":1920,"height":1280,"url":"https:\/\/diarioprincipios.com\/wp-content\/uploads\/2024\/12\/SE-PRESENTO-LA-NOCHE-DE-ARDORA-EN-BERAZATEGUI-6.jpg","type":"image\/jpeg"}],"author":"Hern\u00e1n L\u00f3pez","twitter_card":"summary_large_image","twitter_misc":{"Escrito por":"Hern\u00e1n L\u00f3pez","Tiempo de lectura":"3 minutos"},"schema":{"@context":"https:\/\/schema.org","@graph":[{"@type":"Article","@id":"https:\/\/diarioprincipios.com\/index.php\/2024\/12\/27\/abrio-sus-puertas-nuevo-complejo-comercial\/#article","isPartOf":{"@id":"https:\/\/diarioprincipios.com\/index.php\/2024\/12\/27\/abrio-sus-puertas-nuevo-complejo-comercial\/"},"author":{"name":"Hern\u00e1n L\u00f3pez","@id":"https:\/\/diarioprincipios.com\/#\/schema\/person\/436d5a1fd41a5e250e23ff5a6a7cb080"},"headline":"Abri\u00f3 sus puertas nuevo Complejo Comercial","datePublished":"2024-12-27T12:53:48+00:00","dateModified":"2024-12-27T12:53:50+00:00","mainEntityOfPage":{"@id":"https:\/\/diarioprincipios.com\/index.php\/2024\/12\/27\/abrio-sus-puertas-nuevo-complejo-comercial\/"},"wordCount":343,"commentCount":0,"publisher":{"@id":"https:\/\/diarioprincipios.com\/#organization"},"image":{"@id":"https:\/\/diarioprincipios.com\/index.php\/2024\/12\/27\/abrio-sus-puertas-nuevo-complejo-comercial\/#primaryimage"},"thumbnailUrl":"https:\/\/diarioprincipios.com\/wp-content\/uploads\/2024\/12\/SE-PRESENTO-LA-NOCHE-DE-ARDORA-EN-BERAZATEGUI-6.jpg","articleSection":["Berazategui","Comercio e Industria"],"inLanguage":"es","potentialAction":[{"@type":"CommentAction","name":"Comment","target":["https:\/\/diarioprincipios.com\/index.php\/2024\/12\/27\/abrio-sus-puertas-nuevo-complejo-comercial\/#respond"]}]},{"@type":"WebPage","@id":"https:\/\/diarioprincipios.com\/index.php\/2024\/12\/27\/abrio-sus-puertas-nuevo-complejo-comercial\/","url":"https:\/\/diarioprincipios.com\/index.php\/2024\/12\/27\/abrio-sus-puertas-nuevo-complejo-comercial\/","name":"Abri\u00f3 sus puertas nuevo Complejo Comercial - Principios","isPartOf":{"@id":"https:\/\/diarioprincipios.com\/#website"},"primaryImageOfPage":{"@id":"https:\/\/diarioprincipios.com\/index.php\/2024\/12\/27\/abrio-sus-puertas-nuevo-complejo-comercial\/#primaryimage"},"image":{"@id":"https:\/\/diarioprincipios.com\/index.php\/2024\/12\/27\/abrio-sus-puertas-nuevo-complejo-comercial\/#primaryimage"},"thumbnailUrl":"https:\/\/diarioprincipios.com\/wp-content\/uploads\/2024\/12\/SE-PRESENTO-LA-NOCHE-DE-ARDORA-EN-BERAZATEGUI-6.jpg","datePublished":"2024-12-27T12:53:48+00:00","dateModified":"2024-12-27T12:53:50+00:00","breadcrumb":{"@id":"https:\/\/diarioprincipios.com\/index.php\/2024\/12\/27\/abrio-sus-puertas-nuevo-complejo-comercial\/#breadcrumb"},"inLanguage":"es","potentialAction":[{"@type":"ReadAction","target":["https:\/\/diarioprincipios.com\/index.php\/2024\/12\/27\/abrio-sus-puertas-nuevo-complejo-comercial\/"]}]},{"@type":"ImageObject","inLanguage":"es","@id":"https:\/\/diarioprincipios.com\/index.php\/2024\/12\/27\/abrio-sus-puertas-nuevo-complejo-comercial\/#primaryimage","url":"https:\/\/diarioprincipios.com\/wp-content\/uploads\/2024\/12\/SE-PRESENTO-LA-NOCHE-DE-ARDORA-EN-BERAZATEGUI-6.jpg","contentUrl":"https:\/\/diarioprincipios.com\/wp-content\/uploads\/2024\/12\/SE-PRESENTO-LA-NOCHE-DE-ARDORA-EN-BERAZATEGUI-6.jpg","width":1920,"height":1280},{"@type":"BreadcrumbList","@id":"https:\/\/diarioprincipios.com\/index.php\/2024\/12\/27\/abrio-sus-puertas-nuevo-complejo-comercial\/#breadcrumb","itemListElement":[{"@type":"ListItem","position":1,"name":"Portada","item":"https:\/\/diarioprincipios.com\/"},{"@type":"ListItem","position":2,"name":"Abri\u00f3 sus puertas nuevo Complejo Comercial"}]},{"@type":"WebSite","@id":"https:\/\/diarioprincipios.com\/#website","url":"https:\/\/diarioprincipios.com\/","name":"Principios","description":"Principios Diario","publisher":{"@id":"https:\/\/diarioprincipios.com\/#organization"},"potentialAction":[{"@type":"SearchAction","target":{"@type":"EntryPoint","urlTemplate":"https:\/\/diarioprincipios.com\/?s={search_term_string}"},"query-input":{"@type":"PropertyValueSpecification","valueRequired":true,"valueName":"search_term_string"}}],"inLanguage":"es"},{"@type":"Organization","@id":"https:\/\/diarioprincipios.com\/#organization","name":"Principios","url":"https:\/\/diarioprincipios.com\/","logo":{"@type":"ImageObject","inLanguage":"es","@id":"https:\/\/diarioprincipios.com\/#\/schema\/logo\/image\/","url":"https:\/\/diarioprincipios.com\/wp-content\/uploads\/2024\/04\/cropped-www.diarioprincipios.com_-1.png","contentUrl":"https:\/\/diarioprincipios.com\/wp-content\/uploads\/2024\/04\/cropped-www.diarioprincipios.com_-1.png","width":5325,"height":1454,"caption":"Principios"},"image":{"@id":"https:\/\/diarioprincipios.com\/#\/schema\/logo\/image\/"}},{"@type":"Person","@id":"https:\/\/diarioprincipios.com\/#\/schema\/person\/436d5a1fd41a5e250e23ff5a6a7cb080","name":"Hern\u00e1n L\u00f3pez","image":{"@type":"ImageObject","inLanguage":"es","@id":"https:\/\/diarioprincipios.com\/wp-content\/litespeed\/avatar\/11ddfe5610ff3bd100522525b2571f48.jpg?ver=1777048341","url":"https:\/\/diarioprincipios.com\/wp-content\/litespeed\/avatar\/11ddfe5610ff3bd100522525b2571f48.jpg?ver=1777048341","contentUrl":"https:\/\/diarioprincipios.com\/wp-content\/litespeed\/avatar\/11ddfe5610ff3bd100522525b2571f48.jpg?ver=1777048341","caption":"Hern\u00e1n L\u00f3pez"},"url":"https:\/\/diarioprincipios.com\/index.php\/author\/hernan\/"}]}},"jetpack_featured_media_url":"https:\/\/diarioprincipios.com\/wp-content\/uploads\/2024\/12\/SE-PRESENTO-LA-NOCHE-DE-ARDORA-EN-BERAZATEGUI-6.jpg","_links":{"self":[{"href":"https:\/\/diarioprincipios.com\/index.php\/wp-json\/wp\/v2\/posts\/23879","targetHints":{"allow":["GET"]}}],"collection":[{"href":"https:\/\/diarioprincipios.com\/index.php\/wp-json\/wp\/v2\/posts"}],"about":[{"href":"https:\/\/diarioprincipios.com\/index.php\/wp-json\/wp\/v2\/types\/post"}],"author":[{"embeddable":true,"href":"https:\/\/diarioprincipios.com\/index.php\/wp-json\/wp\/v2\/users\/2"}],"replies":[{"embeddable":true,"href":"https:\/\/diarioprincipios.com\/index.php\/wp-json\/wp\/v2\/comments?post=23879"}],"version-history":[{"count":1,"href":"https:\/\/diarioprincipios.com\/index.php\/wp-json\/wp\/v2\/posts\/23879\/revisions"}],"predecessor-version":[{"id":23883,"href":"https:\/\/diarioprincipios.com\/index.php\/wp-json\/wp\/v2\/posts\/23879\/revisions\/23883"}],"wp:featuredmedia":[{"embeddable":true,"href":"https:\/\/diarioprincipios.com\/index.php\/wp-json\/wp\/v2\/media\/23882"}],"wp:attachment":[{"href":"https:\/\/diarioprincipios.com\/index.php\/wp-json\/wp\/v2\/media?parent=23879"}],"wp:term":[{"taxonomy":"category","embeddable":true,"href":"https:\/\/diarioprincipios.com\/index.php\/wp-json\/wp\/v2\/categories?post=23879"},{"taxonomy":"post_tag","embeddable":true,"href":"https:\/\/diarioprincipios.com\/index.php\/wp-json\/wp\/v2\/tags?post=23879"}],"curies":[{"name":"wp","href":"https:\/\/api.w.org\/{rel}","templated":true}]}}