{"id":23873,"date":"2024-12-27T09:44:57","date_gmt":"2024-12-27T12:44:57","guid":{"rendered":"http:\/\/diarioprincipios.com\/?p=23873"},"modified":"2024-12-27T09:44:59","modified_gmt":"2024-12-27T12:44:59","slug":"la-cgt-regional-emitio-un-documento-contra-las-politicas-economicas-de-milei","status":"publish","type":"post","link":"https:\/\/diarioprincipios.com\/index.php\/2024\/12\/27\/la-cgt-regional-emitio-un-documento-contra-las-politicas-economicas-de-milei\/","title":{"rendered":"La CGT Regional emiti\u00f3 un documento contra las pol\u00edticas econ\u00f3micas de Milei"},"content":{"rendered":"\n<p>El jueves por la tarde se realiz\u00f3 la \u00faltima reuni\u00f3n del a\u00f1o de la CGT Regional Quilmes, Berazategui y Florencio Varela. El encuentro se llev\u00f3 a cabo en el Camping de los Municipales Varelenses y cont\u00f3 con la presencia de los intendentes de Berazategui, Dr. Juan Jos\u00e9 Mussi, y de Varela, Andr\u00e9s Watson y tambi\u00e9n del Diputado Nacional Julio Pereyra.<\/p>\n\n\n\n<p>La reuni\u00f3n estuvo encabezada por dos de los tres Secretarios Generales de la regional, Rub\u00e9n Zeballos ( Camioneros) y Fabi\u00e1n Salvatierra (UOM).<\/p>\n\n\n\n<figure class=\"wp-block-image size-large\"><img loading=\"lazy\" decoding=\"async\" width=\"1024\" height=\"768\" src=\"https:\/\/diarioprincipios.com\/wp-content\/uploads\/2024\/12\/IMG-20241227-WA0008-1024x768.jpg\" alt=\"\" class=\"wp-image-23874\" srcset=\"https:\/\/diarioprincipios.com\/wp-content\/uploads\/2024\/12\/IMG-20241227-WA0008-1024x768.jpg 1024w, https:\/\/diarioprincipios.com\/wp-content\/uploads\/2024\/12\/IMG-20241227-WA0008-300x225.jpg 300w, https:\/\/diarioprincipios.com\/wp-content\/uploads\/2024\/12\/IMG-20241227-WA0008-768x576.jpg 768w, https:\/\/diarioprincipios.com\/wp-content\/uploads\/2024\/12\/IMG-20241227-WA0008.jpg 1280w\" sizes=\"auto, (max-width: 1024px) 100vw, 1024px\" \/><\/figure>\n\n\n\n<p>El plenario reuni\u00f3 a representantes de m\u00e1s de 30 entidades gremiales de la zona, entre ellos se vio a Gabriel Carril Campusano del STMB, el gremio con m\u00e1s afiliados de Berazategui, y culmin\u00f3 con la redacci\u00f3n de un documento en el que el Consejo Directivo de la CGT Regional expres\u00f3 su en\u00e9rgico rechazo a \u201clas medidas econ\u00f3micas implementadas por el gobierno nacional que perjudican profundamente a la mayor\u00eda de los habitantes del pa\u00eds\u201d. El escrito denuncia el impacto negativo de estas pol\u00edticas en la industria nacional, las PyMES, los servicios estatales, la educaci\u00f3n, la salud y los jubilados.<\/p>\n\n\n\n<figure class=\"wp-block-image size-large\"><img loading=\"lazy\" decoding=\"async\" width=\"723\" height=\"1024\" src=\"https:\/\/diarioprincipios.com\/wp-content\/uploads\/2024\/12\/IMG-20241227-WA0004-723x1024.jpg\" alt=\"\" class=\"wp-image-23875\" srcset=\"https:\/\/diarioprincipios.com\/wp-content\/uploads\/2024\/12\/IMG-20241227-WA0004-723x1024.jpg 723w, https:\/\/diarioprincipios.com\/wp-content\/uploads\/2024\/12\/IMG-20241227-WA0004-212x300.jpg 212w, https:\/\/diarioprincipios.com\/wp-content\/uploads\/2024\/12\/IMG-20241227-WA0004-768x1087.jpg 768w, https:\/\/diarioprincipios.com\/wp-content\/uploads\/2024\/12\/IMG-20241227-WA0004.jpg 904w\" sizes=\"auto, (max-width: 723px) 100vw, 723px\" \/><\/figure>\n\n\n\n<p>Asimismo, el documento resalta el compromiso del movimiento obrero organizado como \u201cun actor clave en la defensa de los intereses de las y los trabajadores, tanto de manera colectiva como individual\u201d. Tambi\u00e9n manifiesta preocupaci\u00f3n por \u201cel cambio de votos por cargos en algunas provincias del pa\u00eds\u201d, y subraya la responsabilidad de las organizaciones gremiales de mantenerse firmes frente a \u201cuna l\u00f3gica perversa que busca dividir al movimiento obrero organizado\u201d.<\/p>\n\n\n\n<figure class=\"wp-block-image size-large\"><img loading=\"lazy\" decoding=\"async\" width=\"1024\" height=\"1024\" src=\"https:\/\/diarioprincipios.com\/wp-content\/uploads\/2024\/12\/FB_IMG_1735302198422-1024x1024.jpg\" alt=\"\" class=\"wp-image-23876\" srcset=\"https:\/\/diarioprincipios.com\/wp-content\/uploads\/2024\/12\/FB_IMG_1735302198422-1024x1024.jpg 1024w, https:\/\/diarioprincipios.com\/wp-content\/uploads\/2024\/12\/FB_IMG_1735302198422-300x300.jpg 300w, https:\/\/diarioprincipios.com\/wp-content\/uploads\/2024\/12\/FB_IMG_1735302198422-150x150.jpg 150w, https:\/\/diarioprincipios.com\/wp-content\/uploads\/2024\/12\/FB_IMG_1735302198422-768x768.jpg 768w, https:\/\/diarioprincipios.com\/wp-content\/uploads\/2024\/12\/FB_IMG_1735302198422.jpg 1080w\" sizes=\"auto, (max-width: 1024px) 100vw, 1024px\" \/><\/figure>\n\n\n\n<p>Por \u00faltimo, la regional se pronunci\u00f3 a favor de la aprobaci\u00f3n del presupuesto en la provincia de Buenos Aires, destacando que \u201ces imprescindible generar las condiciones necesarias para tratar y aprobar esta herramienta fundamental, clave para la implementaci\u00f3n de pol\u00edticas p\u00fablicas que promuevan el desarrollo en beneficio de los bonaerenses\u201d.<\/p>\n","protected":false},"excerpt":{"rendered":"<p>El jueves por la tarde se realiz\u00f3 la \u00faltima reuni\u00f3n del a\u00f1o de la CGT Regional Quilmes, Berazategui y Florencio Varela. El encuentro se llev\u00f3 a cabo en el Camping de los Municipales Varelenses y cont\u00f3 con la presencia de los intendentes de Berazategui, Dr. Juan Jos\u00e9 Mussi, y de Varela, Andr\u00e9s Watson y tambi\u00e9n&#8230;<\/p>\n","protected":false},"author":2,"featured_media":23877,"comment_status":"open","ping_status":"open","sticky":false,"template":"","format":"standard","meta":{"footnotes":""},"categories":[21,17],"tags":[],"class_list":["post-23873","post","type-post","status-publish","format-standard","has-post-thumbnail","hentry","category-gremiales","category-zona-sur"],"featured_image_src":"https:\/\/diarioprincipios.com\/wp-content\/uploads\/2024\/12\/FB_IMG_1735302175720-1024x942.jpg","blog_images":{"medium":"https:\/\/diarioprincipios.com\/wp-content\/uploads\/2024\/12\/FB_IMG_1735302175720-300x276.jpg","large":"https:\/\/diarioprincipios.com\/wp-content\/uploads\/2024\/12\/FB_IMG_1735302175720-1024x942.jpg"},"ams_acf":[],"yoast_head":"<!-- This site is optimized with the Yoast SEO plugin v27.3 - https:\/\/yoast.com\/product\/yoast-seo-wordpress\/ -->\n<title>La CGT Regional emiti\u00f3 un documento contra las pol\u00edticas econ\u00f3micas de Milei - Principios<\/title>\n<meta name=\"robots\" content=\"index, follow, max-snippet:-1, max-image-preview:large, max-video-preview:-1\" \/>\n<link rel=\"canonical\" href=\"https:\/\/diarioprincipios.com\/index.php\/2024\/12\/27\/la-cgt-regional-emitio-un-documento-contra-las-politicas-economicas-de-milei\/\" \/>\n<meta property=\"og:locale\" content=\"es_ES\" \/>\n<meta property=\"og:type\" content=\"article\" \/>\n<meta property=\"og:title\" content=\"La CGT Regional emiti\u00f3 un documento contra las pol\u00edticas econ\u00f3micas de Milei - Principios\" \/>\n<meta property=\"og:description\" content=\"El jueves por la tarde se realiz\u00f3 la \u00faltima reuni\u00f3n del a\u00f1o de la CGT Regional Quilmes, Berazategui y Florencio Varela. El encuentro se llev\u00f3 a cabo en el Camping de los Municipales Varelenses y cont\u00f3 con la presencia de los intendentes de Berazategui, Dr. Juan Jos\u00e9 Mussi, y de Varela, Andr\u00e9s Watson y tambi\u00e9n...\" \/>\n<meta property=\"og:url\" content=\"https:\/\/diarioprincipios.com\/index.php\/2024\/12\/27\/la-cgt-regional-emitio-un-documento-contra-las-politicas-economicas-de-milei\/\" \/>\n<meta property=\"og:site_name\" content=\"Principios\" \/>\n<meta property=\"article:published_time\" content=\"2024-12-27T12:44:57+00:00\" \/>\n<meta property=\"article:modified_time\" content=\"2024-12-27T12:44:59+00:00\" \/>\n<meta property=\"og:image\" content=\"https:\/\/diarioprincipios.com\/wp-content\/uploads\/2024\/12\/FB_IMG_1735302175720.jpg\" \/>\n\t<meta property=\"og:image:width\" content=\"1080\" \/>\n\t<meta property=\"og:image:height\" content=\"994\" \/>\n\t<meta property=\"og:image:type\" content=\"image\/jpeg\" \/>\n<meta name=\"author\" content=\"Hern\u00e1n L\u00f3pez\" \/>\n<meta name=\"twitter:card\" content=\"summary_large_image\" \/>\n<meta name=\"twitter:label1\" content=\"Escrito por\" \/>\n\t<meta name=\"twitter:data1\" content=\"Hern\u00e1n L\u00f3pez\" \/>\n\t<meta name=\"twitter:label2\" content=\"Tiempo de lectura\" \/>\n\t<meta name=\"twitter:data2\" content=\"3 minutos\" \/>\n<script type=\"application\/ld+json\" class=\"yoast-schema-graph\">{\"@context\":\"https:\\\/\\\/schema.org\",\"@graph\":[{\"@type\":\"Article\",\"@id\":\"https:\\\/\\\/diarioprincipios.com\\\/index.php\\\/2024\\\/12\\\/27\\\/la-cgt-regional-emitio-un-documento-contra-las-politicas-economicas-de-milei\\\/#article\",\"isPartOf\":{\"@id\":\"https:\\\/\\\/diarioprincipios.com\\\/index.php\\\/2024\\\/12\\\/27\\\/la-cgt-regional-emitio-un-documento-contra-las-politicas-economicas-de-milei\\\/\"},\"author\":{\"name\":\"Hern\u00e1n L\u00f3pez\",\"@id\":\"https:\\\/\\\/diarioprincipios.com\\\/#\\\/schema\\\/person\\\/436d5a1fd41a5e250e23ff5a6a7cb080\"},\"headline\":\"La CGT Regional emiti\u00f3 un documento contra las pol\u00edticas econ\u00f3micas de Milei\",\"datePublished\":\"2024-12-27T12:44:57+00:00\",\"dateModified\":\"2024-12-27T12:44:59+00:00\",\"mainEntityOfPage\":{\"@id\":\"https:\\\/\\\/diarioprincipios.com\\\/index.php\\\/2024\\\/12\\\/27\\\/la-cgt-regional-emitio-un-documento-contra-las-politicas-economicas-de-milei\\\/\"},\"wordCount\":335,\"commentCount\":0,\"publisher\":{\"@id\":\"https:\\\/\\\/diarioprincipios.com\\\/#organization\"},\"image\":{\"@id\":\"https:\\\/\\\/diarioprincipios.com\\\/index.php\\\/2024\\\/12\\\/27\\\/la-cgt-regional-emitio-un-documento-contra-las-politicas-economicas-de-milei\\\/#primaryimage\"},\"thumbnailUrl\":\"https:\\\/\\\/diarioprincipios.com\\\/wp-content\\\/uploads\\\/2024\\\/12\\\/FB_IMG_1735302175720.jpg\",\"articleSection\":[\"Gremiales\",\"Zonar Sur\"],\"inLanguage\":\"es\",\"potentialAction\":[{\"@type\":\"CommentAction\",\"name\":\"Comment\",\"target\":[\"https:\\\/\\\/diarioprincipios.com\\\/index.php\\\/2024\\\/12\\\/27\\\/la-cgt-regional-emitio-un-documento-contra-las-politicas-economicas-de-milei\\\/#respond\"]}]},{\"@type\":\"WebPage\",\"@id\":\"https:\\\/\\\/diarioprincipios.com\\\/index.php\\\/2024\\\/12\\\/27\\\/la-cgt-regional-emitio-un-documento-contra-las-politicas-economicas-de-milei\\\/\",\"url\":\"https:\\\/\\\/diarioprincipios.com\\\/index.php\\\/2024\\\/12\\\/27\\\/la-cgt-regional-emitio-un-documento-contra-las-politicas-economicas-de-milei\\\/\",\"name\":\"La CGT Regional emiti\u00f3 un documento contra las pol\u00edticas econ\u00f3micas de Milei - Principios\",\"isPartOf\":{\"@id\":\"https:\\\/\\\/diarioprincipios.com\\\/#website\"},\"primaryImageOfPage\":{\"@id\":\"https:\\\/\\\/diarioprincipios.com\\\/index.php\\\/2024\\\/12\\\/27\\\/la-cgt-regional-emitio-un-documento-contra-las-politicas-economicas-de-milei\\\/#primaryimage\"},\"image\":{\"@id\":\"https:\\\/\\\/diarioprincipios.com\\\/index.php\\\/2024\\\/12\\\/27\\\/la-cgt-regional-emitio-un-documento-contra-las-politicas-economicas-de-milei\\\/#primaryimage\"},\"thumbnailUrl\":\"https:\\\/\\\/diarioprincipios.com\\\/wp-content\\\/uploads\\\/2024\\\/12\\\/FB_IMG_1735302175720.jpg\",\"datePublished\":\"2024-12-27T12:44:57+00:00\",\"dateModified\":\"2024-12-27T12:44:59+00:00\",\"breadcrumb\":{\"@id\":\"https:\\\/\\\/diarioprincipios.com\\\/index.php\\\/2024\\\/12\\\/27\\\/la-cgt-regional-emitio-un-documento-contra-las-politicas-economicas-de-milei\\\/#breadcrumb\"},\"inLanguage\":\"es\",\"potentialAction\":[{\"@type\":\"ReadAction\",\"target\":[\"https:\\\/\\\/diarioprincipios.com\\\/index.php\\\/2024\\\/12\\\/27\\\/la-cgt-regional-emitio-un-documento-contra-las-politicas-economicas-de-milei\\\/\"]}]},{\"@type\":\"ImageObject\",\"inLanguage\":\"es\",\"@id\":\"https:\\\/\\\/diarioprincipios.com\\\/index.php\\\/2024\\\/12\\\/27\\\/la-cgt-regional-emitio-un-documento-contra-las-politicas-economicas-de-milei\\\/#primaryimage\",\"url\":\"https:\\\/\\\/diarioprincipios.com\\\/wp-content\\\/uploads\\\/2024\\\/12\\\/FB_IMG_1735302175720.jpg\",\"contentUrl\":\"https:\\\/\\\/diarioprincipios.com\\\/wp-content\\\/uploads\\\/2024\\\/12\\\/FB_IMG_1735302175720.jpg\",\"width\":1080,\"height\":994},{\"@type\":\"BreadcrumbList\",\"@id\":\"https:\\\/\\\/diarioprincipios.com\\\/index.php\\\/2024\\\/12\\\/27\\\/la-cgt-regional-emitio-un-documento-contra-las-politicas-economicas-de-milei\\\/#breadcrumb\",\"itemListElement\":[{\"@type\":\"ListItem\",\"position\":1,\"name\":\"Portada\",\"item\":\"https:\\\/\\\/diarioprincipios.com\\\/\"},{\"@type\":\"ListItem\",\"position\":2,\"name\":\"La CGT Regional emiti\u00f3 un documento contra las pol\u00edticas econ\u00f3micas de Milei\"}]},{\"@type\":\"WebSite\",\"@id\":\"https:\\\/\\\/diarioprincipios.com\\\/#website\",\"url\":\"https:\\\/\\\/diarioprincipios.com\\\/\",\"name\":\"Principios\",\"description\":\"Principios Diario\",\"publisher\":{\"@id\":\"https:\\\/\\\/diarioprincipios.com\\\/#organization\"},\"potentialAction\":[{\"@type\":\"SearchAction\",\"target\":{\"@type\":\"EntryPoint\",\"urlTemplate\":\"https:\\\/\\\/diarioprincipios.com\\\/?s={search_term_string}\"},\"query-input\":{\"@type\":\"PropertyValueSpecification\",\"valueRequired\":true,\"valueName\":\"search_term_string\"}}],\"inLanguage\":\"es\"},{\"@type\":\"Organization\",\"@id\":\"https:\\\/\\\/diarioprincipios.com\\\/#organization\",\"name\":\"Principios\",\"url\":\"https:\\\/\\\/diarioprincipios.com\\\/\",\"logo\":{\"@type\":\"ImageObject\",\"inLanguage\":\"es\",\"@id\":\"https:\\\/\\\/diarioprincipios.com\\\/#\\\/schema\\\/logo\\\/image\\\/\",\"url\":\"https:\\\/\\\/diarioprincipios.com\\\/wp-content\\\/uploads\\\/2024\\\/04\\\/cropped-www.diarioprincipios.com_-1.png\",\"contentUrl\":\"https:\\\/\\\/diarioprincipios.com\\\/wp-content\\\/uploads\\\/2024\\\/04\\\/cropped-www.diarioprincipios.com_-1.png\",\"width\":5325,\"height\":1454,\"caption\":\"Principios\"},\"image\":{\"@id\":\"https:\\\/\\\/diarioprincipios.com\\\/#\\\/schema\\\/logo\\\/image\\\/\"}},{\"@type\":\"Person\",\"@id\":\"https:\\\/\\\/diarioprincipios.com\\\/#\\\/schema\\\/person\\\/436d5a1fd41a5e250e23ff5a6a7cb080\",\"name\":\"Hern\u00e1n L\u00f3pez\",\"image\":{\"@type\":\"ImageObject\",\"inLanguage\":\"es\",\"@id\":\"https:\\\/\\\/diarioprincipios.com\\\/wp-content\\\/litespeed\\\/avatar\\\/11ddfe5610ff3bd100522525b2571f48.jpg?ver=1777048341\",\"url\":\"https:\\\/\\\/diarioprincipios.com\\\/wp-content\\\/litespeed\\\/avatar\\\/11ddfe5610ff3bd100522525b2571f48.jpg?ver=1777048341\",\"contentUrl\":\"https:\\\/\\\/diarioprincipios.com\\\/wp-content\\\/litespeed\\\/avatar\\\/11ddfe5610ff3bd100522525b2571f48.jpg?ver=1777048341\",\"caption\":\"Hern\u00e1n L\u00f3pez\"},\"url\":\"https:\\\/\\\/diarioprincipios.com\\\/index.php\\\/author\\\/hernan\\\/\"}]}<\/script>\n<!-- \/ Yoast SEO plugin. -->","yoast_head_json":{"title":"La CGT Regional emiti\u00f3 un documento contra las pol\u00edticas econ\u00f3micas de Milei - Principios","robots":{"index":"index","follow":"follow","max-snippet":"max-snippet:-1","max-image-preview":"max-image-preview:large","max-video-preview":"max-video-preview:-1"},"canonical":"https:\/\/diarioprincipios.com\/index.php\/2024\/12\/27\/la-cgt-regional-emitio-un-documento-contra-las-politicas-economicas-de-milei\/","og_locale":"es_ES","og_type":"article","og_title":"La CGT Regional emiti\u00f3 un documento contra las pol\u00edticas econ\u00f3micas de Milei - Principios","og_description":"El jueves por la tarde se realiz\u00f3 la \u00faltima reuni\u00f3n del a\u00f1o de la CGT Regional Quilmes, Berazategui y Florencio Varela. El encuentro se llev\u00f3 a cabo en el Camping de los Municipales Varelenses y cont\u00f3 con la presencia de los intendentes de Berazategui, Dr. Juan Jos\u00e9 Mussi, y de Varela, Andr\u00e9s Watson y tambi\u00e9n...","og_url":"https:\/\/diarioprincipios.com\/index.php\/2024\/12\/27\/la-cgt-regional-emitio-un-documento-contra-las-politicas-economicas-de-milei\/","og_site_name":"Principios","article_published_time":"2024-12-27T12:44:57+00:00","article_modified_time":"2024-12-27T12:44:59+00:00","og_image":[{"width":1080,"height":994,"url":"https:\/\/diarioprincipios.com\/wp-content\/uploads\/2024\/12\/FB_IMG_1735302175720.jpg","type":"image\/jpeg"}],"author":"Hern\u00e1n L\u00f3pez","twitter_card":"summary_large_image","twitter_misc":{"Escrito por":"Hern\u00e1n L\u00f3pez","Tiempo de lectura":"3 minutos"},"schema":{"@context":"https:\/\/schema.org","@graph":[{"@type":"Article","@id":"https:\/\/diarioprincipios.com\/index.php\/2024\/12\/27\/la-cgt-regional-emitio-un-documento-contra-las-politicas-economicas-de-milei\/#article","isPartOf":{"@id":"https:\/\/diarioprincipios.com\/index.php\/2024\/12\/27\/la-cgt-regional-emitio-un-documento-contra-las-politicas-economicas-de-milei\/"},"author":{"name":"Hern\u00e1n L\u00f3pez","@id":"https:\/\/diarioprincipios.com\/#\/schema\/person\/436d5a1fd41a5e250e23ff5a6a7cb080"},"headline":"La CGT Regional emiti\u00f3 un documento contra las pol\u00edticas econ\u00f3micas de Milei","datePublished":"2024-12-27T12:44:57+00:00","dateModified":"2024-12-27T12:44:59+00:00","mainEntityOfPage":{"@id":"https:\/\/diarioprincipios.com\/index.php\/2024\/12\/27\/la-cgt-regional-emitio-un-documento-contra-las-politicas-economicas-de-milei\/"},"wordCount":335,"commentCount":0,"publisher":{"@id":"https:\/\/diarioprincipios.com\/#organization"},"image":{"@id":"https:\/\/diarioprincipios.com\/index.php\/2024\/12\/27\/la-cgt-regional-emitio-un-documento-contra-las-politicas-economicas-de-milei\/#primaryimage"},"thumbnailUrl":"https:\/\/diarioprincipios.com\/wp-content\/uploads\/2024\/12\/FB_IMG_1735302175720.jpg","articleSection":["Gremiales","Zonar Sur"],"inLanguage":"es","potentialAction":[{"@type":"CommentAction","name":"Comment","target":["https:\/\/diarioprincipios.com\/index.php\/2024\/12\/27\/la-cgt-regional-emitio-un-documento-contra-las-politicas-economicas-de-milei\/#respond"]}]},{"@type":"WebPage","@id":"https:\/\/diarioprincipios.com\/index.php\/2024\/12\/27\/la-cgt-regional-emitio-un-documento-contra-las-politicas-economicas-de-milei\/","url":"https:\/\/diarioprincipios.com\/index.php\/2024\/12\/27\/la-cgt-regional-emitio-un-documento-contra-las-politicas-economicas-de-milei\/","name":"La CGT Regional emiti\u00f3 un documento contra las pol\u00edticas econ\u00f3micas de Milei - Principios","isPartOf":{"@id":"https:\/\/diarioprincipios.com\/#website"},"primaryImageOfPage":{"@id":"https:\/\/diarioprincipios.com\/index.php\/2024\/12\/27\/la-cgt-regional-emitio-un-documento-contra-las-politicas-economicas-de-milei\/#primaryimage"},"image":{"@id":"https:\/\/diarioprincipios.com\/index.php\/2024\/12\/27\/la-cgt-regional-emitio-un-documento-contra-las-politicas-economicas-de-milei\/#primaryimage"},"thumbnailUrl":"https:\/\/diarioprincipios.com\/wp-content\/uploads\/2024\/12\/FB_IMG_1735302175720.jpg","datePublished":"2024-12-27T12:44:57+00:00","dateModified":"2024-12-27T12:44:59+00:00","breadcrumb":{"@id":"https:\/\/diarioprincipios.com\/index.php\/2024\/12\/27\/la-cgt-regional-emitio-un-documento-contra-las-politicas-economicas-de-milei\/#breadcrumb"},"inLanguage":"es","potentialAction":[{"@type":"ReadAction","target":["https:\/\/diarioprincipios.com\/index.php\/2024\/12\/27\/la-cgt-regional-emitio-un-documento-contra-las-politicas-economicas-de-milei\/"]}]},{"@type":"ImageObject","inLanguage":"es","@id":"https:\/\/diarioprincipios.com\/index.php\/2024\/12\/27\/la-cgt-regional-emitio-un-documento-contra-las-politicas-economicas-de-milei\/#primaryimage","url":"https:\/\/diarioprincipios.com\/wp-content\/uploads\/2024\/12\/FB_IMG_1735302175720.jpg","contentUrl":"https:\/\/diarioprincipios.com\/wp-content\/uploads\/2024\/12\/FB_IMG_1735302175720.jpg","width":1080,"height":994},{"@type":"BreadcrumbList","@id":"https:\/\/diarioprincipios.com\/index.php\/2024\/12\/27\/la-cgt-regional-emitio-un-documento-contra-las-politicas-economicas-de-milei\/#breadcrumb","itemListElement":[{"@type":"ListItem","position":1,"name":"Portada","item":"https:\/\/diarioprincipios.com\/"},{"@type":"ListItem","position":2,"name":"La CGT Regional emiti\u00f3 un documento contra las pol\u00edticas econ\u00f3micas de Milei"}]},{"@type":"WebSite","@id":"https:\/\/diarioprincipios.com\/#website","url":"https:\/\/diarioprincipios.com\/","name":"Principios","description":"Principios Diario","publisher":{"@id":"https:\/\/diarioprincipios.com\/#organization"},"potentialAction":[{"@type":"SearchAction","target":{"@type":"EntryPoint","urlTemplate":"https:\/\/diarioprincipios.com\/?s={search_term_string}"},"query-input":{"@type":"PropertyValueSpecification","valueRequired":true,"valueName":"search_term_string"}}],"inLanguage":"es"},{"@type":"Organization","@id":"https:\/\/diarioprincipios.com\/#organization","name":"Principios","url":"https:\/\/diarioprincipios.com\/","logo":{"@type":"ImageObject","inLanguage":"es","@id":"https:\/\/diarioprincipios.com\/#\/schema\/logo\/image\/","url":"https:\/\/diarioprincipios.com\/wp-content\/uploads\/2024\/04\/cropped-www.diarioprincipios.com_-1.png","contentUrl":"https:\/\/diarioprincipios.com\/wp-content\/uploads\/2024\/04\/cropped-www.diarioprincipios.com_-1.png","width":5325,"height":1454,"caption":"Principios"},"image":{"@id":"https:\/\/diarioprincipios.com\/#\/schema\/logo\/image\/"}},{"@type":"Person","@id":"https:\/\/diarioprincipios.com\/#\/schema\/person\/436d5a1fd41a5e250e23ff5a6a7cb080","name":"Hern\u00e1n L\u00f3pez","image":{"@type":"ImageObject","inLanguage":"es","@id":"https:\/\/diarioprincipios.com\/wp-content\/litespeed\/avatar\/11ddfe5610ff3bd100522525b2571f48.jpg?ver=1777048341","url":"https:\/\/diarioprincipios.com\/wp-content\/litespeed\/avatar\/11ddfe5610ff3bd100522525b2571f48.jpg?ver=1777048341","contentUrl":"https:\/\/diarioprincipios.com\/wp-content\/litespeed\/avatar\/11ddfe5610ff3bd100522525b2571f48.jpg?ver=1777048341","caption":"Hern\u00e1n L\u00f3pez"},"url":"https:\/\/diarioprincipios.com\/index.php\/author\/hernan\/"}]}},"jetpack_featured_media_url":"https:\/\/diarioprincipios.com\/wp-content\/uploads\/2024\/12\/FB_IMG_1735302175720.jpg","_links":{"self":[{"href":"https:\/\/diarioprincipios.com\/index.php\/wp-json\/wp\/v2\/posts\/23873","targetHints":{"allow":["GET"]}}],"collection":[{"href":"https:\/\/diarioprincipios.com\/index.php\/wp-json\/wp\/v2\/posts"}],"about":[{"href":"https:\/\/diarioprincipios.com\/index.php\/wp-json\/wp\/v2\/types\/post"}],"author":[{"embeddable":true,"href":"https:\/\/diarioprincipios.com\/index.php\/wp-json\/wp\/v2\/users\/2"}],"replies":[{"embeddable":true,"href":"https:\/\/diarioprincipios.com\/index.php\/wp-json\/wp\/v2\/comments?post=23873"}],"version-history":[{"count":1,"href":"https:\/\/diarioprincipios.com\/index.php\/wp-json\/wp\/v2\/posts\/23873\/revisions"}],"predecessor-version":[{"id":23878,"href":"https:\/\/diarioprincipios.com\/index.php\/wp-json\/wp\/v2\/posts\/23873\/revisions\/23878"}],"wp:featuredmedia":[{"embeddable":true,"href":"https:\/\/diarioprincipios.com\/index.php\/wp-json\/wp\/v2\/media\/23877"}],"wp:attachment":[{"href":"https:\/\/diarioprincipios.com\/index.php\/wp-json\/wp\/v2\/media?parent=23873"}],"wp:term":[{"taxonomy":"category","embeddable":true,"href":"https:\/\/diarioprincipios.com\/index.php\/wp-json\/wp\/v2\/categories?post=23873"},{"taxonomy":"post_tag","embeddable":true,"href":"https:\/\/diarioprincipios.com\/index.php\/wp-json\/wp\/v2\/tags?post=23873"}],"curies":[{"name":"wp","href":"https:\/\/api.w.org\/{rel}","templated":true}]}}