{"id":23858,"date":"2024-12-20T11:36:39","date_gmt":"2024-12-20T14:36:39","guid":{"rendered":"http:\/\/diarioprincipios.com\/?p=23858"},"modified":"2024-12-20T11:36:41","modified_gmt":"2024-12-20T14:36:41","slug":"mas-de-500-egresados-gracias-al-plan-fines-2","status":"publish","type":"post","link":"https:\/\/diarioprincipios.com\/index.php\/2024\/12\/20\/mas-de-500-egresados-gracias-al-plan-fines-2\/","title":{"rendered":"M\u00e1s de 500 egresados gracias al Plan FinEs 2"},"content":{"rendered":"\n<p><strong>En Berazategui egresaron 557 estudiantes del Plan de Finalizaci\u00f3n de Estudios Secundarios (FinEs 2). El acto fue encabezado por el intendente municipal, Juan Jos\u00e9 Mussi. Ya son m\u00e1s de 16 mil los y las estudiantes del distrito que finalizaron sus estudios secundarios gracias a este programa. En esta oportunidad, egresaron vecinos y vecinas de 28 comisiones de nivel secundario.<\/strong><\/p>\n\n\n\n<p>En el marco del feliz evento, desarrollado en el Centro Municipal de Actividades Roberto De Vicenzo, y tras disfrutar del Himno Nacional Argentino -entonado por la artista berazateguense La Mili-, Mussi elogi\u00f3 a los estudiantes y afirm\u00f3: \u201cFelicito a nuestros flamantes egresados y egresadas. \u00bfC\u00f3mo no voy a estar orgulloso de Berazategui? Est\u00e1 ciudad no se resigna, quiere crecer. Hoy asistieron m\u00e1s de 3 mil personas: 557 estudiantes que se reciben y sus familias que los acompa\u00f1an. No aflojen. Soy partidario de los derechos, pero tambi\u00e9n de las obligaciones. Hoy vemos gente que cumple con la obligaci\u00f3n de crecer\u201d.<\/p>\n\n\n\n<figure class=\"wp-block-image size-large\"><img loading=\"lazy\" decoding=\"async\" width=\"1024\" height=\"683\" src=\"https:\/\/diarioprincipios.com\/wp-content\/uploads\/2024\/12\/MAS-DE-500-BERAZATEGUENSES-EGRESARON-GRACIAS-AL-PLAN-FINES-2-2-1024x683.jpg\" alt=\"\" class=\"wp-image-23859\" srcset=\"https:\/\/diarioprincipios.com\/wp-content\/uploads\/2024\/12\/MAS-DE-500-BERAZATEGUENSES-EGRESARON-GRACIAS-AL-PLAN-FINES-2-2-1024x683.jpg 1024w, https:\/\/diarioprincipios.com\/wp-content\/uploads\/2024\/12\/MAS-DE-500-BERAZATEGUENSES-EGRESARON-GRACIAS-AL-PLAN-FINES-2-2-300x200.jpg 300w, https:\/\/diarioprincipios.com\/wp-content\/uploads\/2024\/12\/MAS-DE-500-BERAZATEGUENSES-EGRESARON-GRACIAS-AL-PLAN-FINES-2-2-768x512.jpg 768w, https:\/\/diarioprincipios.com\/wp-content\/uploads\/2024\/12\/MAS-DE-500-BERAZATEGUENSES-EGRESARON-GRACIAS-AL-PLAN-FINES-2-2-1536x1024.jpg 1536w, https:\/\/diarioprincipios.com\/wp-content\/uploads\/2024\/12\/MAS-DE-500-BERAZATEGUENSES-EGRESARON-GRACIAS-AL-PLAN-FINES-2-2-600x400.jpg 600w, https:\/\/diarioprincipios.com\/wp-content\/uploads\/2024\/12\/MAS-DE-500-BERAZATEGUENSES-EGRESARON-GRACIAS-AL-PLAN-FINES-2-2.jpg 1920w\" sizes=\"auto, (max-width: 1024px) 100vw, 1024px\" \/><\/figure>\n\n\n\n<p>Adem\u00e1s, el Intendente asegur\u00f3: \u201cUstedes, hoy, con esta concurrencia y esfuerzo, dicen \u00b4queremos que siga adelante la Educaci\u00f3n p\u00fablica, gratuita, igualitaria y abierta a todos los sectores de la sociedad\u00b4. Cuando desde el Gobierno nacional dijeron \u00b4\u00a1basta de FinEs!\u00b4, sent\u00ed una desaz\u00f3n y temor de que la gente no pudiera seguir. Pero el gobernador Axel Kicillof se hizo cargo de los FinEs de la provincia de Buenos Aires y eso nos gener\u00f3 un gran alivio. Han dado un paso gigante en la vida, hay que estudiar y capacitarse. Quiero que mis hijos y nietos postizos de Berazategui tengan la oportunidad de seguir creciendo en la vida\u201d.<\/p>\n\n\n\n<figure class=\"wp-block-image size-large\"><img loading=\"lazy\" decoding=\"async\" width=\"1024\" height=\"683\" src=\"https:\/\/diarioprincipios.com\/wp-content\/uploads\/2024\/12\/MAS-DE-500-BERAZATEGUENSES-EGRESARON-GRACIAS-AL-PLAN-FINES-2-1-1024x683.jpg\" alt=\"\" class=\"wp-image-23860\" srcset=\"https:\/\/diarioprincipios.com\/wp-content\/uploads\/2024\/12\/MAS-DE-500-BERAZATEGUENSES-EGRESARON-GRACIAS-AL-PLAN-FINES-2-1-1024x683.jpg 1024w, https:\/\/diarioprincipios.com\/wp-content\/uploads\/2024\/12\/MAS-DE-500-BERAZATEGUENSES-EGRESARON-GRACIAS-AL-PLAN-FINES-2-1-300x200.jpg 300w, https:\/\/diarioprincipios.com\/wp-content\/uploads\/2024\/12\/MAS-DE-500-BERAZATEGUENSES-EGRESARON-GRACIAS-AL-PLAN-FINES-2-1-768x512.jpg 768w, https:\/\/diarioprincipios.com\/wp-content\/uploads\/2024\/12\/MAS-DE-500-BERAZATEGUENSES-EGRESARON-GRACIAS-AL-PLAN-FINES-2-1-1536x1024.jpg 1536w, https:\/\/diarioprincipios.com\/wp-content\/uploads\/2024\/12\/MAS-DE-500-BERAZATEGUENSES-EGRESARON-GRACIAS-AL-PLAN-FINES-2-1-600x400.jpg 600w, https:\/\/diarioprincipios.com\/wp-content\/uploads\/2024\/12\/MAS-DE-500-BERAZATEGUENSES-EGRESARON-GRACIAS-AL-PLAN-FINES-2-1.jpg 1920w\" sizes=\"auto, (max-width: 1024px) 100vw, 1024px\" \/><\/figure>\n\n\n\n<p>Por su parte, Mar\u00eda del Carmen Corbal\u00e1n, egresada de la Comisi\u00f3n de FinEs que funciona en la Casa del Ni\u00f1o Rucalhu\u00e9 (Ranelagh), expres\u00f3 con emoci\u00f3n: \u201cHoy es un d\u00eda de celebraci\u00f3n que marca un hito en nuestra vida. Hoy somos egresados y testigos del esfuerzo, dedicaci\u00f3n y perseverancia, unidos por el mismo deseo de aprender y crecer. Nunca es tarde para perseguir nuestros sue\u00f1os y lo hemos demostrado. Agradecemos a nuestros profesores, quienes nos guiaron con su sabidur\u00eda y paciencia; gracias por creer en nosotros. Y a nuestras familias y amigos por su apoyo incondicional. Que este d\u00eda quede guardado en nuestros corazones\u201d.<\/p>\n\n\n\n<p>Participaron en el acto, adem\u00e1s, integrantes del Gabinete municipal y del Consejo Escolar; el coordinador regional de FinEs, Javier L\u00f3pez; la inspectora Jefa Distrital, Gladys Ram\u00edrez; el inspector Jefe Regional de Educaci\u00f3n Estatal, Prof. Pablo Vinuesa; el equipo de trabajo de FinEs, autoridades educativas, estudiantes y familiares.<\/p>\n","protected":false},"excerpt":{"rendered":"<p>En Berazategui egresaron 557 estudiantes del Plan de Finalizaci\u00f3n de Estudios Secundarios (FinEs 2). El acto fue encabezado por el intendente municipal, Juan Jos\u00e9 Mussi. Ya son m\u00e1s de 16 mil los y las estudiantes del distrito que finalizaron sus estudios secundarios gracias a este programa. En esta oportunidad, egresaron vecinos y vecinas de 28&#8230;<\/p>\n","protected":false},"author":2,"featured_media":23861,"comment_status":"open","ping_status":"open","sticky":false,"template":"","format":"standard","meta":{"footnotes":""},"categories":[3,19],"tags":[],"class_list":["post-23858","post","type-post","status-publish","format-standard","has-post-thumbnail","hentry","category-berazategui","category-cultura-educacion"],"featured_image_src":"https:\/\/diarioprincipios.com\/wp-content\/uploads\/2024\/12\/MAS-DE-500-BERAZATEGUENSES-EGRESARON-GRACIAS-AL-PLAN-FINES-2-3-1024x683.jpg","blog_images":{"medium":"https:\/\/diarioprincipios.com\/wp-content\/uploads\/2024\/12\/MAS-DE-500-BERAZATEGUENSES-EGRESARON-GRACIAS-AL-PLAN-FINES-2-3-300x200.jpg","large":"https:\/\/diarioprincipios.com\/wp-content\/uploads\/2024\/12\/MAS-DE-500-BERAZATEGUENSES-EGRESARON-GRACIAS-AL-PLAN-FINES-2-3-1024x683.jpg"},"ams_acf":[],"yoast_head":"<!-- This site is optimized with the Yoast SEO plugin v27.3 - https:\/\/yoast.com\/product\/yoast-seo-wordpress\/ -->\n<title>M\u00e1s de 500 egresados gracias al Plan FinEs 2 - Principios<\/title>\n<meta name=\"robots\" content=\"index, follow, max-snippet:-1, max-image-preview:large, max-video-preview:-1\" \/>\n<link rel=\"canonical\" href=\"https:\/\/diarioprincipios.com\/index.php\/2024\/12\/20\/mas-de-500-egresados-gracias-al-plan-fines-2\/\" \/>\n<meta property=\"og:locale\" content=\"es_ES\" \/>\n<meta property=\"og:type\" content=\"article\" \/>\n<meta property=\"og:title\" content=\"M\u00e1s de 500 egresados gracias al Plan FinEs 2 - Principios\" \/>\n<meta property=\"og:description\" content=\"En Berazategui egresaron 557 estudiantes del Plan de Finalizaci\u00f3n de Estudios Secundarios (FinEs 2). El acto fue encabezado por el intendente municipal, Juan Jos\u00e9 Mussi. Ya son m\u00e1s de 16 mil los y las estudiantes del distrito que finalizaron sus estudios secundarios gracias a este programa. En esta oportunidad, egresaron vecinos y vecinas de 28...\" \/>\n<meta property=\"og:url\" content=\"https:\/\/diarioprincipios.com\/index.php\/2024\/12\/20\/mas-de-500-egresados-gracias-al-plan-fines-2\/\" \/>\n<meta property=\"og:site_name\" content=\"Principios\" \/>\n<meta property=\"article:published_time\" content=\"2024-12-20T14:36:39+00:00\" \/>\n<meta property=\"article:modified_time\" content=\"2024-12-20T14:36:41+00:00\" \/>\n<meta property=\"og:image\" content=\"https:\/\/diarioprincipios.com\/wp-content\/uploads\/2024\/12\/MAS-DE-500-BERAZATEGUENSES-EGRESARON-GRACIAS-AL-PLAN-FINES-2-3.jpg\" \/>\n\t<meta property=\"og:image:width\" content=\"1920\" \/>\n\t<meta property=\"og:image:height\" content=\"1280\" \/>\n\t<meta property=\"og:image:type\" content=\"image\/jpeg\" \/>\n<meta name=\"author\" content=\"Hern\u00e1n L\u00f3pez\" \/>\n<meta name=\"twitter:card\" content=\"summary_large_image\" \/>\n<meta name=\"twitter:label1\" content=\"Escrito por\" \/>\n\t<meta name=\"twitter:data1\" content=\"Hern\u00e1n L\u00f3pez\" \/>\n\t<meta name=\"twitter:label2\" content=\"Tiempo de lectura\" \/>\n\t<meta name=\"twitter:data2\" content=\"3 minutos\" \/>\n<script type=\"application\/ld+json\" class=\"yoast-schema-graph\">{\"@context\":\"https:\\\/\\\/schema.org\",\"@graph\":[{\"@type\":\"Article\",\"@id\":\"https:\\\/\\\/diarioprincipios.com\\\/index.php\\\/2024\\\/12\\\/20\\\/mas-de-500-egresados-gracias-al-plan-fines-2\\\/#article\",\"isPartOf\":{\"@id\":\"https:\\\/\\\/diarioprincipios.com\\\/index.php\\\/2024\\\/12\\\/20\\\/mas-de-500-egresados-gracias-al-plan-fines-2\\\/\"},\"author\":{\"name\":\"Hern\u00e1n L\u00f3pez\",\"@id\":\"https:\\\/\\\/diarioprincipios.com\\\/#\\\/schema\\\/person\\\/436d5a1fd41a5e250e23ff5a6a7cb080\"},\"headline\":\"M\u00e1s de 500 egresados gracias al Plan FinEs 2\",\"datePublished\":\"2024-12-20T14:36:39+00:00\",\"dateModified\":\"2024-12-20T14:36:41+00:00\",\"mainEntityOfPage\":{\"@id\":\"https:\\\/\\\/diarioprincipios.com\\\/index.php\\\/2024\\\/12\\\/20\\\/mas-de-500-egresados-gracias-al-plan-fines-2\\\/\"},\"wordCount\":442,\"commentCount\":0,\"publisher\":{\"@id\":\"https:\\\/\\\/diarioprincipios.com\\\/#organization\"},\"image\":{\"@id\":\"https:\\\/\\\/diarioprincipios.com\\\/index.php\\\/2024\\\/12\\\/20\\\/mas-de-500-egresados-gracias-al-plan-fines-2\\\/#primaryimage\"},\"thumbnailUrl\":\"https:\\\/\\\/diarioprincipios.com\\\/wp-content\\\/uploads\\\/2024\\\/12\\\/MAS-DE-500-BERAZATEGUENSES-EGRESARON-GRACIAS-AL-PLAN-FINES-2-3.jpg\",\"articleSection\":[\"Berazategui\",\"Cultura y Educaci\u00f3n\"],\"inLanguage\":\"es\",\"potentialAction\":[{\"@type\":\"CommentAction\",\"name\":\"Comment\",\"target\":[\"https:\\\/\\\/diarioprincipios.com\\\/index.php\\\/2024\\\/12\\\/20\\\/mas-de-500-egresados-gracias-al-plan-fines-2\\\/#respond\"]}]},{\"@type\":\"WebPage\",\"@id\":\"https:\\\/\\\/diarioprincipios.com\\\/index.php\\\/2024\\\/12\\\/20\\\/mas-de-500-egresados-gracias-al-plan-fines-2\\\/\",\"url\":\"https:\\\/\\\/diarioprincipios.com\\\/index.php\\\/2024\\\/12\\\/20\\\/mas-de-500-egresados-gracias-al-plan-fines-2\\\/\",\"name\":\"M\u00e1s de 500 egresados gracias al Plan FinEs 2 - Principios\",\"isPartOf\":{\"@id\":\"https:\\\/\\\/diarioprincipios.com\\\/#website\"},\"primaryImageOfPage\":{\"@id\":\"https:\\\/\\\/diarioprincipios.com\\\/index.php\\\/2024\\\/12\\\/20\\\/mas-de-500-egresados-gracias-al-plan-fines-2\\\/#primaryimage\"},\"image\":{\"@id\":\"https:\\\/\\\/diarioprincipios.com\\\/index.php\\\/2024\\\/12\\\/20\\\/mas-de-500-egresados-gracias-al-plan-fines-2\\\/#primaryimage\"},\"thumbnailUrl\":\"https:\\\/\\\/diarioprincipios.com\\\/wp-content\\\/uploads\\\/2024\\\/12\\\/MAS-DE-500-BERAZATEGUENSES-EGRESARON-GRACIAS-AL-PLAN-FINES-2-3.jpg\",\"datePublished\":\"2024-12-20T14:36:39+00:00\",\"dateModified\":\"2024-12-20T14:36:41+00:00\",\"breadcrumb\":{\"@id\":\"https:\\\/\\\/diarioprincipios.com\\\/index.php\\\/2024\\\/12\\\/20\\\/mas-de-500-egresados-gracias-al-plan-fines-2\\\/#breadcrumb\"},\"inLanguage\":\"es\",\"potentialAction\":[{\"@type\":\"ReadAction\",\"target\":[\"https:\\\/\\\/diarioprincipios.com\\\/index.php\\\/2024\\\/12\\\/20\\\/mas-de-500-egresados-gracias-al-plan-fines-2\\\/\"]}]},{\"@type\":\"ImageObject\",\"inLanguage\":\"es\",\"@id\":\"https:\\\/\\\/diarioprincipios.com\\\/index.php\\\/2024\\\/12\\\/20\\\/mas-de-500-egresados-gracias-al-plan-fines-2\\\/#primaryimage\",\"url\":\"https:\\\/\\\/diarioprincipios.com\\\/wp-content\\\/uploads\\\/2024\\\/12\\\/MAS-DE-500-BERAZATEGUENSES-EGRESARON-GRACIAS-AL-PLAN-FINES-2-3.jpg\",\"contentUrl\":\"https:\\\/\\\/diarioprincipios.com\\\/wp-content\\\/uploads\\\/2024\\\/12\\\/MAS-DE-500-BERAZATEGUENSES-EGRESARON-GRACIAS-AL-PLAN-FINES-2-3.jpg\",\"width\":1920,\"height\":1280},{\"@type\":\"BreadcrumbList\",\"@id\":\"https:\\\/\\\/diarioprincipios.com\\\/index.php\\\/2024\\\/12\\\/20\\\/mas-de-500-egresados-gracias-al-plan-fines-2\\\/#breadcrumb\",\"itemListElement\":[{\"@type\":\"ListItem\",\"position\":1,\"name\":\"Portada\",\"item\":\"https:\\\/\\\/diarioprincipios.com\\\/\"},{\"@type\":\"ListItem\",\"position\":2,\"name\":\"M\u00e1s de 500 egresados gracias al Plan FinEs 2\"}]},{\"@type\":\"WebSite\",\"@id\":\"https:\\\/\\\/diarioprincipios.com\\\/#website\",\"url\":\"https:\\\/\\\/diarioprincipios.com\\\/\",\"name\":\"Principios\",\"description\":\"Principios Diario\",\"publisher\":{\"@id\":\"https:\\\/\\\/diarioprincipios.com\\\/#organization\"},\"potentialAction\":[{\"@type\":\"SearchAction\",\"target\":{\"@type\":\"EntryPoint\",\"urlTemplate\":\"https:\\\/\\\/diarioprincipios.com\\\/?s={search_term_string}\"},\"query-input\":{\"@type\":\"PropertyValueSpecification\",\"valueRequired\":true,\"valueName\":\"search_term_string\"}}],\"inLanguage\":\"es\"},{\"@type\":\"Organization\",\"@id\":\"https:\\\/\\\/diarioprincipios.com\\\/#organization\",\"name\":\"Principios\",\"url\":\"https:\\\/\\\/diarioprincipios.com\\\/\",\"logo\":{\"@type\":\"ImageObject\",\"inLanguage\":\"es\",\"@id\":\"https:\\\/\\\/diarioprincipios.com\\\/#\\\/schema\\\/logo\\\/image\\\/\",\"url\":\"https:\\\/\\\/diarioprincipios.com\\\/wp-content\\\/uploads\\\/2024\\\/04\\\/cropped-www.diarioprincipios.com_-1.png\",\"contentUrl\":\"https:\\\/\\\/diarioprincipios.com\\\/wp-content\\\/uploads\\\/2024\\\/04\\\/cropped-www.diarioprincipios.com_-1.png\",\"width\":5325,\"height\":1454,\"caption\":\"Principios\"},\"image\":{\"@id\":\"https:\\\/\\\/diarioprincipios.com\\\/#\\\/schema\\\/logo\\\/image\\\/\"}},{\"@type\":\"Person\",\"@id\":\"https:\\\/\\\/diarioprincipios.com\\\/#\\\/schema\\\/person\\\/436d5a1fd41a5e250e23ff5a6a7cb080\",\"name\":\"Hern\u00e1n L\u00f3pez\",\"image\":{\"@type\":\"ImageObject\",\"inLanguage\":\"es\",\"@id\":\"https:\\\/\\\/diarioprincipios.com\\\/wp-content\\\/litespeed\\\/avatar\\\/11ddfe5610ff3bd100522525b2571f48.jpg?ver=1777048341\",\"url\":\"https:\\\/\\\/diarioprincipios.com\\\/wp-content\\\/litespeed\\\/avatar\\\/11ddfe5610ff3bd100522525b2571f48.jpg?ver=1777048341\",\"contentUrl\":\"https:\\\/\\\/diarioprincipios.com\\\/wp-content\\\/litespeed\\\/avatar\\\/11ddfe5610ff3bd100522525b2571f48.jpg?ver=1777048341\",\"caption\":\"Hern\u00e1n L\u00f3pez\"},\"url\":\"https:\\\/\\\/diarioprincipios.com\\\/index.php\\\/author\\\/hernan\\\/\"}]}<\/script>\n<!-- \/ Yoast SEO plugin. -->","yoast_head_json":{"title":"M\u00e1s de 500 egresados gracias al Plan FinEs 2 - Principios","robots":{"index":"index","follow":"follow","max-snippet":"max-snippet:-1","max-image-preview":"max-image-preview:large","max-video-preview":"max-video-preview:-1"},"canonical":"https:\/\/diarioprincipios.com\/index.php\/2024\/12\/20\/mas-de-500-egresados-gracias-al-plan-fines-2\/","og_locale":"es_ES","og_type":"article","og_title":"M\u00e1s de 500 egresados gracias al Plan FinEs 2 - Principios","og_description":"En Berazategui egresaron 557 estudiantes del Plan de Finalizaci\u00f3n de Estudios Secundarios (FinEs 2). El acto fue encabezado por el intendente municipal, Juan Jos\u00e9 Mussi. Ya son m\u00e1s de 16 mil los y las estudiantes del distrito que finalizaron sus estudios secundarios gracias a este programa. En esta oportunidad, egresaron vecinos y vecinas de 28...","og_url":"https:\/\/diarioprincipios.com\/index.php\/2024\/12\/20\/mas-de-500-egresados-gracias-al-plan-fines-2\/","og_site_name":"Principios","article_published_time":"2024-12-20T14:36:39+00:00","article_modified_time":"2024-12-20T14:36:41+00:00","og_image":[{"width":1920,"height":1280,"url":"https:\/\/diarioprincipios.com\/wp-content\/uploads\/2024\/12\/MAS-DE-500-BERAZATEGUENSES-EGRESARON-GRACIAS-AL-PLAN-FINES-2-3.jpg","type":"image\/jpeg"}],"author":"Hern\u00e1n L\u00f3pez","twitter_card":"summary_large_image","twitter_misc":{"Escrito por":"Hern\u00e1n L\u00f3pez","Tiempo de lectura":"3 minutos"},"schema":{"@context":"https:\/\/schema.org","@graph":[{"@type":"Article","@id":"https:\/\/diarioprincipios.com\/index.php\/2024\/12\/20\/mas-de-500-egresados-gracias-al-plan-fines-2\/#article","isPartOf":{"@id":"https:\/\/diarioprincipios.com\/index.php\/2024\/12\/20\/mas-de-500-egresados-gracias-al-plan-fines-2\/"},"author":{"name":"Hern\u00e1n L\u00f3pez","@id":"https:\/\/diarioprincipios.com\/#\/schema\/person\/436d5a1fd41a5e250e23ff5a6a7cb080"},"headline":"M\u00e1s de 500 egresados gracias al Plan FinEs 2","datePublished":"2024-12-20T14:36:39+00:00","dateModified":"2024-12-20T14:36:41+00:00","mainEntityOfPage":{"@id":"https:\/\/diarioprincipios.com\/index.php\/2024\/12\/20\/mas-de-500-egresados-gracias-al-plan-fines-2\/"},"wordCount":442,"commentCount":0,"publisher":{"@id":"https:\/\/diarioprincipios.com\/#organization"},"image":{"@id":"https:\/\/diarioprincipios.com\/index.php\/2024\/12\/20\/mas-de-500-egresados-gracias-al-plan-fines-2\/#primaryimage"},"thumbnailUrl":"https:\/\/diarioprincipios.com\/wp-content\/uploads\/2024\/12\/MAS-DE-500-BERAZATEGUENSES-EGRESARON-GRACIAS-AL-PLAN-FINES-2-3.jpg","articleSection":["Berazategui","Cultura y Educaci\u00f3n"],"inLanguage":"es","potentialAction":[{"@type":"CommentAction","name":"Comment","target":["https:\/\/diarioprincipios.com\/index.php\/2024\/12\/20\/mas-de-500-egresados-gracias-al-plan-fines-2\/#respond"]}]},{"@type":"WebPage","@id":"https:\/\/diarioprincipios.com\/index.php\/2024\/12\/20\/mas-de-500-egresados-gracias-al-plan-fines-2\/","url":"https:\/\/diarioprincipios.com\/index.php\/2024\/12\/20\/mas-de-500-egresados-gracias-al-plan-fines-2\/","name":"M\u00e1s de 500 egresados gracias al Plan FinEs 2 - Principios","isPartOf":{"@id":"https:\/\/diarioprincipios.com\/#website"},"primaryImageOfPage":{"@id":"https:\/\/diarioprincipios.com\/index.php\/2024\/12\/20\/mas-de-500-egresados-gracias-al-plan-fines-2\/#primaryimage"},"image":{"@id":"https:\/\/diarioprincipios.com\/index.php\/2024\/12\/20\/mas-de-500-egresados-gracias-al-plan-fines-2\/#primaryimage"},"thumbnailUrl":"https:\/\/diarioprincipios.com\/wp-content\/uploads\/2024\/12\/MAS-DE-500-BERAZATEGUENSES-EGRESARON-GRACIAS-AL-PLAN-FINES-2-3.jpg","datePublished":"2024-12-20T14:36:39+00:00","dateModified":"2024-12-20T14:36:41+00:00","breadcrumb":{"@id":"https:\/\/diarioprincipios.com\/index.php\/2024\/12\/20\/mas-de-500-egresados-gracias-al-plan-fines-2\/#breadcrumb"},"inLanguage":"es","potentialAction":[{"@type":"ReadAction","target":["https:\/\/diarioprincipios.com\/index.php\/2024\/12\/20\/mas-de-500-egresados-gracias-al-plan-fines-2\/"]}]},{"@type":"ImageObject","inLanguage":"es","@id":"https:\/\/diarioprincipios.com\/index.php\/2024\/12\/20\/mas-de-500-egresados-gracias-al-plan-fines-2\/#primaryimage","url":"https:\/\/diarioprincipios.com\/wp-content\/uploads\/2024\/12\/MAS-DE-500-BERAZATEGUENSES-EGRESARON-GRACIAS-AL-PLAN-FINES-2-3.jpg","contentUrl":"https:\/\/diarioprincipios.com\/wp-content\/uploads\/2024\/12\/MAS-DE-500-BERAZATEGUENSES-EGRESARON-GRACIAS-AL-PLAN-FINES-2-3.jpg","width":1920,"height":1280},{"@type":"BreadcrumbList","@id":"https:\/\/diarioprincipios.com\/index.php\/2024\/12\/20\/mas-de-500-egresados-gracias-al-plan-fines-2\/#breadcrumb","itemListElement":[{"@type":"ListItem","position":1,"name":"Portada","item":"https:\/\/diarioprincipios.com\/"},{"@type":"ListItem","position":2,"name":"M\u00e1s de 500 egresados gracias al Plan FinEs 2"}]},{"@type":"WebSite","@id":"https:\/\/diarioprincipios.com\/#website","url":"https:\/\/diarioprincipios.com\/","name":"Principios","description":"Principios Diario","publisher":{"@id":"https:\/\/diarioprincipios.com\/#organization"},"potentialAction":[{"@type":"SearchAction","target":{"@type":"EntryPoint","urlTemplate":"https:\/\/diarioprincipios.com\/?s={search_term_string}"},"query-input":{"@type":"PropertyValueSpecification","valueRequired":true,"valueName":"search_term_string"}}],"inLanguage":"es"},{"@type":"Organization","@id":"https:\/\/diarioprincipios.com\/#organization","name":"Principios","url":"https:\/\/diarioprincipios.com\/","logo":{"@type":"ImageObject","inLanguage":"es","@id":"https:\/\/diarioprincipios.com\/#\/schema\/logo\/image\/","url":"https:\/\/diarioprincipios.com\/wp-content\/uploads\/2024\/04\/cropped-www.diarioprincipios.com_-1.png","contentUrl":"https:\/\/diarioprincipios.com\/wp-content\/uploads\/2024\/04\/cropped-www.diarioprincipios.com_-1.png","width":5325,"height":1454,"caption":"Principios"},"image":{"@id":"https:\/\/diarioprincipios.com\/#\/schema\/logo\/image\/"}},{"@type":"Person","@id":"https:\/\/diarioprincipios.com\/#\/schema\/person\/436d5a1fd41a5e250e23ff5a6a7cb080","name":"Hern\u00e1n L\u00f3pez","image":{"@type":"ImageObject","inLanguage":"es","@id":"https:\/\/diarioprincipios.com\/wp-content\/litespeed\/avatar\/11ddfe5610ff3bd100522525b2571f48.jpg?ver=1777048341","url":"https:\/\/diarioprincipios.com\/wp-content\/litespeed\/avatar\/11ddfe5610ff3bd100522525b2571f48.jpg?ver=1777048341","contentUrl":"https:\/\/diarioprincipios.com\/wp-content\/litespeed\/avatar\/11ddfe5610ff3bd100522525b2571f48.jpg?ver=1777048341","caption":"Hern\u00e1n L\u00f3pez"},"url":"https:\/\/diarioprincipios.com\/index.php\/author\/hernan\/"}]}},"jetpack_featured_media_url":"https:\/\/diarioprincipios.com\/wp-content\/uploads\/2024\/12\/MAS-DE-500-BERAZATEGUENSES-EGRESARON-GRACIAS-AL-PLAN-FINES-2-3.jpg","_links":{"self":[{"href":"https:\/\/diarioprincipios.com\/index.php\/wp-json\/wp\/v2\/posts\/23858","targetHints":{"allow":["GET"]}}],"collection":[{"href":"https:\/\/diarioprincipios.com\/index.php\/wp-json\/wp\/v2\/posts"}],"about":[{"href":"https:\/\/diarioprincipios.com\/index.php\/wp-json\/wp\/v2\/types\/post"}],"author":[{"embeddable":true,"href":"https:\/\/diarioprincipios.com\/index.php\/wp-json\/wp\/v2\/users\/2"}],"replies":[{"embeddable":true,"href":"https:\/\/diarioprincipios.com\/index.php\/wp-json\/wp\/v2\/comments?post=23858"}],"version-history":[{"count":1,"href":"https:\/\/diarioprincipios.com\/index.php\/wp-json\/wp\/v2\/posts\/23858\/revisions"}],"predecessor-version":[{"id":23862,"href":"https:\/\/diarioprincipios.com\/index.php\/wp-json\/wp\/v2\/posts\/23858\/revisions\/23862"}],"wp:featuredmedia":[{"embeddable":true,"href":"https:\/\/diarioprincipios.com\/index.php\/wp-json\/wp\/v2\/media\/23861"}],"wp:attachment":[{"href":"https:\/\/diarioprincipios.com\/index.php\/wp-json\/wp\/v2\/media?parent=23858"}],"wp:term":[{"taxonomy":"category","embeddable":true,"href":"https:\/\/diarioprincipios.com\/index.php\/wp-json\/wp\/v2\/categories?post=23858"},{"taxonomy":"post_tag","embeddable":true,"href":"https:\/\/diarioprincipios.com\/index.php\/wp-json\/wp\/v2\/tags?post=23858"}],"curies":[{"name":"wp","href":"https:\/\/api.w.org\/{rel}","templated":true}]}}