{"id":23844,"date":"2024-12-19T11:40:03","date_gmt":"2024-12-19T14:40:03","guid":{"rendered":"http:\/\/diarioprincipios.com\/?p=23844"},"modified":"2024-12-19T11:40:05","modified_gmt":"2024-12-19T14:40:05","slug":"continua-la-ampliacion-del-complejo-cultural-municipal-la-humanitaria","status":"publish","type":"post","link":"https:\/\/diarioprincipios.com\/index.php\/2024\/12\/19\/continua-la-ampliacion-del-complejo-cultural-municipal-la-humanitaria\/","title":{"rendered":"Contin\u00faa la ampliaci\u00f3n del Complejo Cultural Municipal La Humanitaria"},"content":{"rendered":"\n<p><strong>Los trabajos ya avanzaron en un 50% y son realizados con fondos municipales. Pr\u00f3ximamente, los vecinos y vecinas de Hudson y Pl\u00e1tanos contar\u00e1n con una dependencia del Registro Provincial de las Personas cerca de sus casas. El proyecto tambi\u00e9n incluye la construcci\u00f3n de un dep\u00f3sito para el \u00e1rea de Arte P\u00fablico del Municipio y refacciones en el sector exterior del Complejo.<\/strong><br>Al respecto, el secretario de Cultura y Educaci\u00f3n municipal, Federico L\u00f3pez, destac\u00f3: \u201cAvanza la ampliaci\u00f3n en este lugar tan querido por la comunidad. Estamos muy contentos con esta obra -financiada \u00edntegramente por la Municipalidad e impulsada por nuestro intendente, Juan Jos\u00e9 Mussi- para los vecinos de Hudson y Pl\u00e1tanos. Es un lugar que ha tenido mucha vida cultural y social y que, con estos trabajos, es recuperado y revalorizado en su esencia\u201d.<\/p>\n\n\n\n<figure class=\"wp-block-image size-large\"><img loading=\"lazy\" decoding=\"async\" width=\"1024\" height=\"683\" src=\"https:\/\/diarioprincipios.com\/wp-content\/uploads\/2024\/12\/CONTINUA-LA-AMPLIACION-DEL-COMPLEJO-CULTURAL-MUNICIPAL-LA-HUMANITARIA-1-1024x683.jpg\" alt=\"\" class=\"wp-image-23845\" srcset=\"https:\/\/diarioprincipios.com\/wp-content\/uploads\/2024\/12\/CONTINUA-LA-AMPLIACION-DEL-COMPLEJO-CULTURAL-MUNICIPAL-LA-HUMANITARIA-1-1024x683.jpg 1024w, https:\/\/diarioprincipios.com\/wp-content\/uploads\/2024\/12\/CONTINUA-LA-AMPLIACION-DEL-COMPLEJO-CULTURAL-MUNICIPAL-LA-HUMANITARIA-1-300x200.jpg 300w, https:\/\/diarioprincipios.com\/wp-content\/uploads\/2024\/12\/CONTINUA-LA-AMPLIACION-DEL-COMPLEJO-CULTURAL-MUNICIPAL-LA-HUMANITARIA-1-768x512.jpg 768w, https:\/\/diarioprincipios.com\/wp-content\/uploads\/2024\/12\/CONTINUA-LA-AMPLIACION-DEL-COMPLEJO-CULTURAL-MUNICIPAL-LA-HUMANITARIA-1-1536x1024.jpg 1536w, https:\/\/diarioprincipios.com\/wp-content\/uploads\/2024\/12\/CONTINUA-LA-AMPLIACION-DEL-COMPLEJO-CULTURAL-MUNICIPAL-LA-HUMANITARIA-1-600x400.jpg 600w, https:\/\/diarioprincipios.com\/wp-content\/uploads\/2024\/12\/CONTINUA-LA-AMPLIACION-DEL-COMPLEJO-CULTURAL-MUNICIPAL-LA-HUMANITARIA-1.jpg 1920w\" sizes=\"auto, (max-width: 1024px) 100vw, 1024px\" \/><\/figure>\n\n\n\n<p><br>Adem\u00e1s, subray\u00f3 la importancia de incrementar los servicios que se brindan: \u201cAqu\u00ed la obra principal hoy es la construcci\u00f3n del Registro Provincial de las Personas -que tendr\u00e1 un SUM donde podr\u00e1n concretarse casamientos-. Tambi\u00e9n se construir\u00e1n el dep\u00f3sito y las oficinas del \u00e1rea de Arte P\u00fablico, con una sala de hornos. Por \u00faltimo, se realizar\u00e1 la mejora del espacio exterior, donde se brindan espect\u00e1culos, un espacio p\u00fablico de encuentro abierto a la comunidad\u201d.<br>En el Complejo Cultural Municipal La Humanitaria ya funciona el Centro C\u00edvico Hudson &#8211; Pl\u00e1tanos, la Delegaci\u00f3n Municipal y una sede de la Direcci\u00f3n General de Licencias de Conducir. Asimismo, ofrece propuestas culturales y recreativas durante todo el a\u00f1o, que pueden conocerse en\u00a0<a href=\"http:\/\/berazategui.gob.ar\/cultura\" target=\"_blank\" rel=\"noreferrer noopener\">berazategui.gob.ar\/cultura<\/a>.<\/p>\n\n\n\n<figure class=\"wp-block-image size-large\"><img loading=\"lazy\" decoding=\"async\" width=\"1024\" height=\"683\" src=\"https:\/\/diarioprincipios.com\/wp-content\/uploads\/2024\/12\/CONTINUA-LA-AMPLIACION-DEL-COMPLEJO-CULTURAL-MUNICIPAL-LA-HUMANITARIA-2-1024x683.jpg\" alt=\"\" class=\"wp-image-23846\" srcset=\"https:\/\/diarioprincipios.com\/wp-content\/uploads\/2024\/12\/CONTINUA-LA-AMPLIACION-DEL-COMPLEJO-CULTURAL-MUNICIPAL-LA-HUMANITARIA-2-1024x683.jpg 1024w, https:\/\/diarioprincipios.com\/wp-content\/uploads\/2024\/12\/CONTINUA-LA-AMPLIACION-DEL-COMPLEJO-CULTURAL-MUNICIPAL-LA-HUMANITARIA-2-300x200.jpg 300w, https:\/\/diarioprincipios.com\/wp-content\/uploads\/2024\/12\/CONTINUA-LA-AMPLIACION-DEL-COMPLEJO-CULTURAL-MUNICIPAL-LA-HUMANITARIA-2-768x512.jpg 768w, https:\/\/diarioprincipios.com\/wp-content\/uploads\/2024\/12\/CONTINUA-LA-AMPLIACION-DEL-COMPLEJO-CULTURAL-MUNICIPAL-LA-HUMANITARIA-2-1536x1024.jpg 1536w, https:\/\/diarioprincipios.com\/wp-content\/uploads\/2024\/12\/CONTINUA-LA-AMPLIACION-DEL-COMPLEJO-CULTURAL-MUNICIPAL-LA-HUMANITARIA-2-600x400.jpg 600w, https:\/\/diarioprincipios.com\/wp-content\/uploads\/2024\/12\/CONTINUA-LA-AMPLIACION-DEL-COMPLEJO-CULTURAL-MUNICIPAL-LA-HUMANITARIA-2.jpg 1920w\" sizes=\"auto, (max-width: 1024px) 100vw, 1024px\" \/><\/figure>\n\n\n\n<p><br>En el lugar donde est\u00e1 emplazado funcionaba la antigua Sociedad de Socorros Mutuos, creada en 1899 con el prop\u00f3sito de asistir a la comunidad, sobre todo a los primeros trabajadores de la Malter\u00eda Hudson. Los trabajos de ampliaci\u00f3n y renovaci\u00f3n respetan ese patrimonio hist\u00f3rico, a la vez que generan un espacio de encuentro abierto a la comunidad para el bien com\u00fan y beneficio de todos y todas.<\/p>\n","protected":false},"excerpt":{"rendered":"<p>Los trabajos ya avanzaron en un 50% y son realizados con fondos municipales. Pr\u00f3ximamente, los vecinos y vecinas de Hudson y Pl\u00e1tanos contar\u00e1n con una dependencia del Registro Provincial de las Personas cerca de sus casas. El proyecto tambi\u00e9n incluye la construcci\u00f3n de un dep\u00f3sito para el \u00e1rea de Arte P\u00fablico del Municipio y refacciones&#8230;<\/p>\n","protected":false},"author":2,"featured_media":23847,"comment_status":"open","ping_status":"open","sticky":false,"template":"","format":"standard","meta":{"footnotes":""},"categories":[3,19],"tags":[],"class_list":["post-23844","post","type-post","status-publish","format-standard","has-post-thumbnail","hentry","category-berazategui","category-cultura-educacion"],"featured_image_src":"https:\/\/diarioprincipios.com\/wp-content\/uploads\/2024\/12\/CONTINUA-LA-AMPLIACION-DEL-COMPLEJO-CULTURAL-MUNICIPAL-LA-HUMANITARIA-3-1024x683.jpg","blog_images":{"medium":"https:\/\/diarioprincipios.com\/wp-content\/uploads\/2024\/12\/CONTINUA-LA-AMPLIACION-DEL-COMPLEJO-CULTURAL-MUNICIPAL-LA-HUMANITARIA-3-300x200.jpg","large":"https:\/\/diarioprincipios.com\/wp-content\/uploads\/2024\/12\/CONTINUA-LA-AMPLIACION-DEL-COMPLEJO-CULTURAL-MUNICIPAL-LA-HUMANITARIA-3-1024x683.jpg"},"ams_acf":[],"yoast_head":"<!-- This site is optimized with the Yoast SEO plugin v27.3 - https:\/\/yoast.com\/product\/yoast-seo-wordpress\/ -->\n<title>Contin\u00faa la ampliaci\u00f3n del Complejo Cultural Municipal La Humanitaria - Principios<\/title>\n<meta name=\"robots\" content=\"index, follow, max-snippet:-1, max-image-preview:large, max-video-preview:-1\" \/>\n<link rel=\"canonical\" href=\"https:\/\/diarioprincipios.com\/index.php\/2024\/12\/19\/continua-la-ampliacion-del-complejo-cultural-municipal-la-humanitaria\/\" \/>\n<meta property=\"og:locale\" content=\"es_ES\" \/>\n<meta property=\"og:type\" content=\"article\" \/>\n<meta property=\"og:title\" content=\"Contin\u00faa la ampliaci\u00f3n del Complejo Cultural Municipal La Humanitaria - Principios\" \/>\n<meta property=\"og:description\" content=\"Los trabajos ya avanzaron en un 50% y son realizados con fondos municipales. Pr\u00f3ximamente, los vecinos y vecinas de Hudson y Pl\u00e1tanos contar\u00e1n con una dependencia del Registro Provincial de las Personas cerca de sus casas. El proyecto tambi\u00e9n incluye la construcci\u00f3n de un dep\u00f3sito para el \u00e1rea de Arte P\u00fablico del Municipio y refacciones...\" \/>\n<meta property=\"og:url\" content=\"https:\/\/diarioprincipios.com\/index.php\/2024\/12\/19\/continua-la-ampliacion-del-complejo-cultural-municipal-la-humanitaria\/\" \/>\n<meta property=\"og:site_name\" content=\"Principios\" \/>\n<meta property=\"article:published_time\" content=\"2024-12-19T14:40:03+00:00\" \/>\n<meta property=\"article:modified_time\" content=\"2024-12-19T14:40:05+00:00\" \/>\n<meta property=\"og:image\" content=\"https:\/\/diarioprincipios.com\/wp-content\/uploads\/2024\/12\/CONTINUA-LA-AMPLIACION-DEL-COMPLEJO-CULTURAL-MUNICIPAL-LA-HUMANITARIA-3.jpg\" \/>\n\t<meta property=\"og:image:width\" content=\"1920\" \/>\n\t<meta property=\"og:image:height\" content=\"1280\" \/>\n\t<meta property=\"og:image:type\" content=\"image\/jpeg\" \/>\n<meta name=\"author\" content=\"Hern\u00e1n L\u00f3pez\" \/>\n<meta name=\"twitter:card\" content=\"summary_large_image\" \/>\n<meta name=\"twitter:label1\" content=\"Escrito por\" \/>\n\t<meta name=\"twitter:data1\" content=\"Hern\u00e1n L\u00f3pez\" \/>\n\t<meta name=\"twitter:label2\" content=\"Tiempo de lectura\" \/>\n\t<meta name=\"twitter:data2\" content=\"3 minutos\" \/>\n<script type=\"application\/ld+json\" class=\"yoast-schema-graph\">{\"@context\":\"https:\\\/\\\/schema.org\",\"@graph\":[{\"@type\":\"Article\",\"@id\":\"https:\\\/\\\/diarioprincipios.com\\\/index.php\\\/2024\\\/12\\\/19\\\/continua-la-ampliacion-del-complejo-cultural-municipal-la-humanitaria\\\/#article\",\"isPartOf\":{\"@id\":\"https:\\\/\\\/diarioprincipios.com\\\/index.php\\\/2024\\\/12\\\/19\\\/continua-la-ampliacion-del-complejo-cultural-municipal-la-humanitaria\\\/\"},\"author\":{\"name\":\"Hern\u00e1n L\u00f3pez\",\"@id\":\"https:\\\/\\\/diarioprincipios.com\\\/#\\\/schema\\\/person\\\/436d5a1fd41a5e250e23ff5a6a7cb080\"},\"headline\":\"Contin\u00faa la ampliaci\u00f3n del Complejo Cultural Municipal La Humanitaria\",\"datePublished\":\"2024-12-19T14:40:03+00:00\",\"dateModified\":\"2024-12-19T14:40:05+00:00\",\"mainEntityOfPage\":{\"@id\":\"https:\\\/\\\/diarioprincipios.com\\\/index.php\\\/2024\\\/12\\\/19\\\/continua-la-ampliacion-del-complejo-cultural-municipal-la-humanitaria\\\/\"},\"wordCount\":360,\"commentCount\":0,\"publisher\":{\"@id\":\"https:\\\/\\\/diarioprincipios.com\\\/#organization\"},\"image\":{\"@id\":\"https:\\\/\\\/diarioprincipios.com\\\/index.php\\\/2024\\\/12\\\/19\\\/continua-la-ampliacion-del-complejo-cultural-municipal-la-humanitaria\\\/#primaryimage\"},\"thumbnailUrl\":\"https:\\\/\\\/diarioprincipios.com\\\/wp-content\\\/uploads\\\/2024\\\/12\\\/CONTINUA-LA-AMPLIACION-DEL-COMPLEJO-CULTURAL-MUNICIPAL-LA-HUMANITARIA-3.jpg\",\"articleSection\":[\"Berazategui\",\"Cultura y Educaci\u00f3n\"],\"inLanguage\":\"es\",\"potentialAction\":[{\"@type\":\"CommentAction\",\"name\":\"Comment\",\"target\":[\"https:\\\/\\\/diarioprincipios.com\\\/index.php\\\/2024\\\/12\\\/19\\\/continua-la-ampliacion-del-complejo-cultural-municipal-la-humanitaria\\\/#respond\"]}]},{\"@type\":\"WebPage\",\"@id\":\"https:\\\/\\\/diarioprincipios.com\\\/index.php\\\/2024\\\/12\\\/19\\\/continua-la-ampliacion-del-complejo-cultural-municipal-la-humanitaria\\\/\",\"url\":\"https:\\\/\\\/diarioprincipios.com\\\/index.php\\\/2024\\\/12\\\/19\\\/continua-la-ampliacion-del-complejo-cultural-municipal-la-humanitaria\\\/\",\"name\":\"Contin\u00faa la ampliaci\u00f3n del Complejo Cultural Municipal La Humanitaria - Principios\",\"isPartOf\":{\"@id\":\"https:\\\/\\\/diarioprincipios.com\\\/#website\"},\"primaryImageOfPage\":{\"@id\":\"https:\\\/\\\/diarioprincipios.com\\\/index.php\\\/2024\\\/12\\\/19\\\/continua-la-ampliacion-del-complejo-cultural-municipal-la-humanitaria\\\/#primaryimage\"},\"image\":{\"@id\":\"https:\\\/\\\/diarioprincipios.com\\\/index.php\\\/2024\\\/12\\\/19\\\/continua-la-ampliacion-del-complejo-cultural-municipal-la-humanitaria\\\/#primaryimage\"},\"thumbnailUrl\":\"https:\\\/\\\/diarioprincipios.com\\\/wp-content\\\/uploads\\\/2024\\\/12\\\/CONTINUA-LA-AMPLIACION-DEL-COMPLEJO-CULTURAL-MUNICIPAL-LA-HUMANITARIA-3.jpg\",\"datePublished\":\"2024-12-19T14:40:03+00:00\",\"dateModified\":\"2024-12-19T14:40:05+00:00\",\"breadcrumb\":{\"@id\":\"https:\\\/\\\/diarioprincipios.com\\\/index.php\\\/2024\\\/12\\\/19\\\/continua-la-ampliacion-del-complejo-cultural-municipal-la-humanitaria\\\/#breadcrumb\"},\"inLanguage\":\"es\",\"potentialAction\":[{\"@type\":\"ReadAction\",\"target\":[\"https:\\\/\\\/diarioprincipios.com\\\/index.php\\\/2024\\\/12\\\/19\\\/continua-la-ampliacion-del-complejo-cultural-municipal-la-humanitaria\\\/\"]}]},{\"@type\":\"ImageObject\",\"inLanguage\":\"es\",\"@id\":\"https:\\\/\\\/diarioprincipios.com\\\/index.php\\\/2024\\\/12\\\/19\\\/continua-la-ampliacion-del-complejo-cultural-municipal-la-humanitaria\\\/#primaryimage\",\"url\":\"https:\\\/\\\/diarioprincipios.com\\\/wp-content\\\/uploads\\\/2024\\\/12\\\/CONTINUA-LA-AMPLIACION-DEL-COMPLEJO-CULTURAL-MUNICIPAL-LA-HUMANITARIA-3.jpg\",\"contentUrl\":\"https:\\\/\\\/diarioprincipios.com\\\/wp-content\\\/uploads\\\/2024\\\/12\\\/CONTINUA-LA-AMPLIACION-DEL-COMPLEJO-CULTURAL-MUNICIPAL-LA-HUMANITARIA-3.jpg\",\"width\":1920,\"height\":1280},{\"@type\":\"BreadcrumbList\",\"@id\":\"https:\\\/\\\/diarioprincipios.com\\\/index.php\\\/2024\\\/12\\\/19\\\/continua-la-ampliacion-del-complejo-cultural-municipal-la-humanitaria\\\/#breadcrumb\",\"itemListElement\":[{\"@type\":\"ListItem\",\"position\":1,\"name\":\"Portada\",\"item\":\"https:\\\/\\\/diarioprincipios.com\\\/\"},{\"@type\":\"ListItem\",\"position\":2,\"name\":\"Contin\u00faa la ampliaci\u00f3n del Complejo Cultural Municipal La Humanitaria\"}]},{\"@type\":\"WebSite\",\"@id\":\"https:\\\/\\\/diarioprincipios.com\\\/#website\",\"url\":\"https:\\\/\\\/diarioprincipios.com\\\/\",\"name\":\"Principios\",\"description\":\"Principios Diario\",\"publisher\":{\"@id\":\"https:\\\/\\\/diarioprincipios.com\\\/#organization\"},\"potentialAction\":[{\"@type\":\"SearchAction\",\"target\":{\"@type\":\"EntryPoint\",\"urlTemplate\":\"https:\\\/\\\/diarioprincipios.com\\\/?s={search_term_string}\"},\"query-input\":{\"@type\":\"PropertyValueSpecification\",\"valueRequired\":true,\"valueName\":\"search_term_string\"}}],\"inLanguage\":\"es\"},{\"@type\":\"Organization\",\"@id\":\"https:\\\/\\\/diarioprincipios.com\\\/#organization\",\"name\":\"Principios\",\"url\":\"https:\\\/\\\/diarioprincipios.com\\\/\",\"logo\":{\"@type\":\"ImageObject\",\"inLanguage\":\"es\",\"@id\":\"https:\\\/\\\/diarioprincipios.com\\\/#\\\/schema\\\/logo\\\/image\\\/\",\"url\":\"https:\\\/\\\/diarioprincipios.com\\\/wp-content\\\/uploads\\\/2024\\\/04\\\/cropped-www.diarioprincipios.com_-1.png\",\"contentUrl\":\"https:\\\/\\\/diarioprincipios.com\\\/wp-content\\\/uploads\\\/2024\\\/04\\\/cropped-www.diarioprincipios.com_-1.png\",\"width\":5325,\"height\":1454,\"caption\":\"Principios\"},\"image\":{\"@id\":\"https:\\\/\\\/diarioprincipios.com\\\/#\\\/schema\\\/logo\\\/image\\\/\"}},{\"@type\":\"Person\",\"@id\":\"https:\\\/\\\/diarioprincipios.com\\\/#\\\/schema\\\/person\\\/436d5a1fd41a5e250e23ff5a6a7cb080\",\"name\":\"Hern\u00e1n L\u00f3pez\",\"image\":{\"@type\":\"ImageObject\",\"inLanguage\":\"es\",\"@id\":\"https:\\\/\\\/diarioprincipios.com\\\/wp-content\\\/litespeed\\\/avatar\\\/11ddfe5610ff3bd100522525b2571f48.jpg?ver=1777048341\",\"url\":\"https:\\\/\\\/diarioprincipios.com\\\/wp-content\\\/litespeed\\\/avatar\\\/11ddfe5610ff3bd100522525b2571f48.jpg?ver=1777048341\",\"contentUrl\":\"https:\\\/\\\/diarioprincipios.com\\\/wp-content\\\/litespeed\\\/avatar\\\/11ddfe5610ff3bd100522525b2571f48.jpg?ver=1777048341\",\"caption\":\"Hern\u00e1n L\u00f3pez\"},\"url\":\"https:\\\/\\\/diarioprincipios.com\\\/index.php\\\/author\\\/hernan\\\/\"}]}<\/script>\n<!-- \/ Yoast SEO plugin. -->","yoast_head_json":{"title":"Contin\u00faa la ampliaci\u00f3n del Complejo Cultural Municipal La Humanitaria - Principios","robots":{"index":"index","follow":"follow","max-snippet":"max-snippet:-1","max-image-preview":"max-image-preview:large","max-video-preview":"max-video-preview:-1"},"canonical":"https:\/\/diarioprincipios.com\/index.php\/2024\/12\/19\/continua-la-ampliacion-del-complejo-cultural-municipal-la-humanitaria\/","og_locale":"es_ES","og_type":"article","og_title":"Contin\u00faa la ampliaci\u00f3n del Complejo Cultural Municipal La Humanitaria - Principios","og_description":"Los trabajos ya avanzaron en un 50% y son realizados con fondos municipales. Pr\u00f3ximamente, los vecinos y vecinas de Hudson y Pl\u00e1tanos contar\u00e1n con una dependencia del Registro Provincial de las Personas cerca de sus casas. El proyecto tambi\u00e9n incluye la construcci\u00f3n de un dep\u00f3sito para el \u00e1rea de Arte P\u00fablico del Municipio y refacciones...","og_url":"https:\/\/diarioprincipios.com\/index.php\/2024\/12\/19\/continua-la-ampliacion-del-complejo-cultural-municipal-la-humanitaria\/","og_site_name":"Principios","article_published_time":"2024-12-19T14:40:03+00:00","article_modified_time":"2024-12-19T14:40:05+00:00","og_image":[{"width":1920,"height":1280,"url":"https:\/\/diarioprincipios.com\/wp-content\/uploads\/2024\/12\/CONTINUA-LA-AMPLIACION-DEL-COMPLEJO-CULTURAL-MUNICIPAL-LA-HUMANITARIA-3.jpg","type":"image\/jpeg"}],"author":"Hern\u00e1n L\u00f3pez","twitter_card":"summary_large_image","twitter_misc":{"Escrito por":"Hern\u00e1n L\u00f3pez","Tiempo de lectura":"3 minutos"},"schema":{"@context":"https:\/\/schema.org","@graph":[{"@type":"Article","@id":"https:\/\/diarioprincipios.com\/index.php\/2024\/12\/19\/continua-la-ampliacion-del-complejo-cultural-municipal-la-humanitaria\/#article","isPartOf":{"@id":"https:\/\/diarioprincipios.com\/index.php\/2024\/12\/19\/continua-la-ampliacion-del-complejo-cultural-municipal-la-humanitaria\/"},"author":{"name":"Hern\u00e1n L\u00f3pez","@id":"https:\/\/diarioprincipios.com\/#\/schema\/person\/436d5a1fd41a5e250e23ff5a6a7cb080"},"headline":"Contin\u00faa la ampliaci\u00f3n del Complejo Cultural Municipal La Humanitaria","datePublished":"2024-12-19T14:40:03+00:00","dateModified":"2024-12-19T14:40:05+00:00","mainEntityOfPage":{"@id":"https:\/\/diarioprincipios.com\/index.php\/2024\/12\/19\/continua-la-ampliacion-del-complejo-cultural-municipal-la-humanitaria\/"},"wordCount":360,"commentCount":0,"publisher":{"@id":"https:\/\/diarioprincipios.com\/#organization"},"image":{"@id":"https:\/\/diarioprincipios.com\/index.php\/2024\/12\/19\/continua-la-ampliacion-del-complejo-cultural-municipal-la-humanitaria\/#primaryimage"},"thumbnailUrl":"https:\/\/diarioprincipios.com\/wp-content\/uploads\/2024\/12\/CONTINUA-LA-AMPLIACION-DEL-COMPLEJO-CULTURAL-MUNICIPAL-LA-HUMANITARIA-3.jpg","articleSection":["Berazategui","Cultura y Educaci\u00f3n"],"inLanguage":"es","potentialAction":[{"@type":"CommentAction","name":"Comment","target":["https:\/\/diarioprincipios.com\/index.php\/2024\/12\/19\/continua-la-ampliacion-del-complejo-cultural-municipal-la-humanitaria\/#respond"]}]},{"@type":"WebPage","@id":"https:\/\/diarioprincipios.com\/index.php\/2024\/12\/19\/continua-la-ampliacion-del-complejo-cultural-municipal-la-humanitaria\/","url":"https:\/\/diarioprincipios.com\/index.php\/2024\/12\/19\/continua-la-ampliacion-del-complejo-cultural-municipal-la-humanitaria\/","name":"Contin\u00faa la ampliaci\u00f3n del Complejo Cultural Municipal La Humanitaria - Principios","isPartOf":{"@id":"https:\/\/diarioprincipios.com\/#website"},"primaryImageOfPage":{"@id":"https:\/\/diarioprincipios.com\/index.php\/2024\/12\/19\/continua-la-ampliacion-del-complejo-cultural-municipal-la-humanitaria\/#primaryimage"},"image":{"@id":"https:\/\/diarioprincipios.com\/index.php\/2024\/12\/19\/continua-la-ampliacion-del-complejo-cultural-municipal-la-humanitaria\/#primaryimage"},"thumbnailUrl":"https:\/\/diarioprincipios.com\/wp-content\/uploads\/2024\/12\/CONTINUA-LA-AMPLIACION-DEL-COMPLEJO-CULTURAL-MUNICIPAL-LA-HUMANITARIA-3.jpg","datePublished":"2024-12-19T14:40:03+00:00","dateModified":"2024-12-19T14:40:05+00:00","breadcrumb":{"@id":"https:\/\/diarioprincipios.com\/index.php\/2024\/12\/19\/continua-la-ampliacion-del-complejo-cultural-municipal-la-humanitaria\/#breadcrumb"},"inLanguage":"es","potentialAction":[{"@type":"ReadAction","target":["https:\/\/diarioprincipios.com\/index.php\/2024\/12\/19\/continua-la-ampliacion-del-complejo-cultural-municipal-la-humanitaria\/"]}]},{"@type":"ImageObject","inLanguage":"es","@id":"https:\/\/diarioprincipios.com\/index.php\/2024\/12\/19\/continua-la-ampliacion-del-complejo-cultural-municipal-la-humanitaria\/#primaryimage","url":"https:\/\/diarioprincipios.com\/wp-content\/uploads\/2024\/12\/CONTINUA-LA-AMPLIACION-DEL-COMPLEJO-CULTURAL-MUNICIPAL-LA-HUMANITARIA-3.jpg","contentUrl":"https:\/\/diarioprincipios.com\/wp-content\/uploads\/2024\/12\/CONTINUA-LA-AMPLIACION-DEL-COMPLEJO-CULTURAL-MUNICIPAL-LA-HUMANITARIA-3.jpg","width":1920,"height":1280},{"@type":"BreadcrumbList","@id":"https:\/\/diarioprincipios.com\/index.php\/2024\/12\/19\/continua-la-ampliacion-del-complejo-cultural-municipal-la-humanitaria\/#breadcrumb","itemListElement":[{"@type":"ListItem","position":1,"name":"Portada","item":"https:\/\/diarioprincipios.com\/"},{"@type":"ListItem","position":2,"name":"Contin\u00faa la ampliaci\u00f3n del Complejo Cultural Municipal La Humanitaria"}]},{"@type":"WebSite","@id":"https:\/\/diarioprincipios.com\/#website","url":"https:\/\/diarioprincipios.com\/","name":"Principios","description":"Principios Diario","publisher":{"@id":"https:\/\/diarioprincipios.com\/#organization"},"potentialAction":[{"@type":"SearchAction","target":{"@type":"EntryPoint","urlTemplate":"https:\/\/diarioprincipios.com\/?s={search_term_string}"},"query-input":{"@type":"PropertyValueSpecification","valueRequired":true,"valueName":"search_term_string"}}],"inLanguage":"es"},{"@type":"Organization","@id":"https:\/\/diarioprincipios.com\/#organization","name":"Principios","url":"https:\/\/diarioprincipios.com\/","logo":{"@type":"ImageObject","inLanguage":"es","@id":"https:\/\/diarioprincipios.com\/#\/schema\/logo\/image\/","url":"https:\/\/diarioprincipios.com\/wp-content\/uploads\/2024\/04\/cropped-www.diarioprincipios.com_-1.png","contentUrl":"https:\/\/diarioprincipios.com\/wp-content\/uploads\/2024\/04\/cropped-www.diarioprincipios.com_-1.png","width":5325,"height":1454,"caption":"Principios"},"image":{"@id":"https:\/\/diarioprincipios.com\/#\/schema\/logo\/image\/"}},{"@type":"Person","@id":"https:\/\/diarioprincipios.com\/#\/schema\/person\/436d5a1fd41a5e250e23ff5a6a7cb080","name":"Hern\u00e1n L\u00f3pez","image":{"@type":"ImageObject","inLanguage":"es","@id":"https:\/\/diarioprincipios.com\/wp-content\/litespeed\/avatar\/11ddfe5610ff3bd100522525b2571f48.jpg?ver=1777048341","url":"https:\/\/diarioprincipios.com\/wp-content\/litespeed\/avatar\/11ddfe5610ff3bd100522525b2571f48.jpg?ver=1777048341","contentUrl":"https:\/\/diarioprincipios.com\/wp-content\/litespeed\/avatar\/11ddfe5610ff3bd100522525b2571f48.jpg?ver=1777048341","caption":"Hern\u00e1n L\u00f3pez"},"url":"https:\/\/diarioprincipios.com\/index.php\/author\/hernan\/"}]}},"jetpack_featured_media_url":"https:\/\/diarioprincipios.com\/wp-content\/uploads\/2024\/12\/CONTINUA-LA-AMPLIACION-DEL-COMPLEJO-CULTURAL-MUNICIPAL-LA-HUMANITARIA-3.jpg","_links":{"self":[{"href":"https:\/\/diarioprincipios.com\/index.php\/wp-json\/wp\/v2\/posts\/23844","targetHints":{"allow":["GET"]}}],"collection":[{"href":"https:\/\/diarioprincipios.com\/index.php\/wp-json\/wp\/v2\/posts"}],"about":[{"href":"https:\/\/diarioprincipios.com\/index.php\/wp-json\/wp\/v2\/types\/post"}],"author":[{"embeddable":true,"href":"https:\/\/diarioprincipios.com\/index.php\/wp-json\/wp\/v2\/users\/2"}],"replies":[{"embeddable":true,"href":"https:\/\/diarioprincipios.com\/index.php\/wp-json\/wp\/v2\/comments?post=23844"}],"version-history":[{"count":1,"href":"https:\/\/diarioprincipios.com\/index.php\/wp-json\/wp\/v2\/posts\/23844\/revisions"}],"predecessor-version":[{"id":23848,"href":"https:\/\/diarioprincipios.com\/index.php\/wp-json\/wp\/v2\/posts\/23844\/revisions\/23848"}],"wp:featuredmedia":[{"embeddable":true,"href":"https:\/\/diarioprincipios.com\/index.php\/wp-json\/wp\/v2\/media\/23847"}],"wp:attachment":[{"href":"https:\/\/diarioprincipios.com\/index.php\/wp-json\/wp\/v2\/media?parent=23844"}],"wp:term":[{"taxonomy":"category","embeddable":true,"href":"https:\/\/diarioprincipios.com\/index.php\/wp-json\/wp\/v2\/categories?post=23844"},{"taxonomy":"post_tag","embeddable":true,"href":"https:\/\/diarioprincipios.com\/index.php\/wp-json\/wp\/v2\/tags?post=23844"}],"curies":[{"name":"wp","href":"https:\/\/api.w.org\/{rel}","templated":true}]}}