{"id":23825,"date":"2024-12-17T10:49:13","date_gmt":"2024-12-17T13:49:13","guid":{"rendered":"http:\/\/diarioprincipios.com\/?p=23825"},"modified":"2024-12-17T10:49:15","modified_gmt":"2024-12-17T13:49:15","slug":"se-inauguro-el-centro-comercial-polo-design","status":"publish","type":"post","link":"https:\/\/diarioprincipios.com\/index.php\/2024\/12\/17\/se-inauguro-el-centro-comercial-polo-design\/","title":{"rendered":"Se inaugur\u00f3 el Centro Comercial Polo Design"},"content":{"rendered":"\n<p><strong>En el Polo Maderero y Mueblero Hudson se inaugur\u00f3 Polo Design, un centro comercial a cielo abierto situado en el Km 30 de la Autopista Bs. As. &#8211; La Plata. El intendente de Berazategui, Juan Jos\u00e9 Mussi, particip\u00f3 del acto junto al presidente del Polo, Roberto Ventimiglia.<\/strong><br>El Centro Polo Design ya cuenta con 43 locales comerciales y una plaza gastron\u00f3mica; m\u00e1s de 30 marcas de gastronom\u00eda, decoraci\u00f3n y equipamiento para el hogar, con una amplia oferta de estilos y dise\u00f1os. Se encuentra en el Polo Maderero y Mueblero, uno de los 13 Parques y Miniparques industriales de Berazategui.<\/p>\n\n\n\n<figure class=\"wp-block-image size-large\"><img loading=\"lazy\" decoding=\"async\" width=\"1024\" height=\"683\" src=\"https:\/\/diarioprincipios.com\/wp-content\/uploads\/2024\/12\/SE-INAUGURO-EL-CENTRO-COMERCIAL-POLO-DESIGN-2-1024x683.jpg\" alt=\"\" class=\"wp-image-23826\" srcset=\"https:\/\/diarioprincipios.com\/wp-content\/uploads\/2024\/12\/SE-INAUGURO-EL-CENTRO-COMERCIAL-POLO-DESIGN-2-1024x683.jpg 1024w, https:\/\/diarioprincipios.com\/wp-content\/uploads\/2024\/12\/SE-INAUGURO-EL-CENTRO-COMERCIAL-POLO-DESIGN-2-300x200.jpg 300w, https:\/\/diarioprincipios.com\/wp-content\/uploads\/2024\/12\/SE-INAUGURO-EL-CENTRO-COMERCIAL-POLO-DESIGN-2-768x512.jpg 768w, https:\/\/diarioprincipios.com\/wp-content\/uploads\/2024\/12\/SE-INAUGURO-EL-CENTRO-COMERCIAL-POLO-DESIGN-2-1536x1024.jpg 1536w, https:\/\/diarioprincipios.com\/wp-content\/uploads\/2024\/12\/SE-INAUGURO-EL-CENTRO-COMERCIAL-POLO-DESIGN-2-600x400.jpg 600w, https:\/\/diarioprincipios.com\/wp-content\/uploads\/2024\/12\/SE-INAUGURO-EL-CENTRO-COMERCIAL-POLO-DESIGN-2.jpg 1920w\" sizes=\"auto, (max-width: 1024px) 100vw, 1024px\" \/><\/figure>\n\n\n\n<p><br>En ese marco, Mussi destac\u00f3: \u201cEn la funci\u00f3n p\u00fablica cumpl\u00ed 37 a\u00f1os como intendente de Berazategui. Ver que hicimos esto en el distrito, me emociona. Ver a la gente aqu\u00ed, el entusiasmo&#8230; Me dec\u00edan \u00b4esto lo hicimos porque somos una gran familia\u00b4. Yo creo que es la \u00fanica posibilidad: transformar todo en una gran familia y seguir adelante. La realidad es que en momentos dif\u00edciles, hay que tener coraje para hacer esto. Y se lo quiero agradecer modestamente a todos los que hoy vinieron de otros lugares, que eligieron Berazategui, que levantaron este espacio de la nada. Cuenten con nosotros. Tenemos que estar m\u00e1s unidos que nunca, unidos podemos m\u00e1s. Soy berazateguense, nac\u00ed cerca de ac\u00e1 y sigo en este lugar so\u00f1ando con estas cosas que hacen crecer a nuestra ciudad. Gracias por confiar y haber elegido Berazategui\u201d.<\/p>\n\n\n\n<figure class=\"wp-block-image size-large\"><img loading=\"lazy\" decoding=\"async\" width=\"1024\" height=\"683\" src=\"https:\/\/diarioprincipios.com\/wp-content\/uploads\/2024\/12\/SE-INAUGURO-EL-CENTRO-COMERCIAL-POLO-DESIGN-6-1024x683.jpg\" alt=\"\" class=\"wp-image-23827\" srcset=\"https:\/\/diarioprincipios.com\/wp-content\/uploads\/2024\/12\/SE-INAUGURO-EL-CENTRO-COMERCIAL-POLO-DESIGN-6-1024x683.jpg 1024w, https:\/\/diarioprincipios.com\/wp-content\/uploads\/2024\/12\/SE-INAUGURO-EL-CENTRO-COMERCIAL-POLO-DESIGN-6-300x200.jpg 300w, https:\/\/diarioprincipios.com\/wp-content\/uploads\/2024\/12\/SE-INAUGURO-EL-CENTRO-COMERCIAL-POLO-DESIGN-6-768x512.jpg 768w, https:\/\/diarioprincipios.com\/wp-content\/uploads\/2024\/12\/SE-INAUGURO-EL-CENTRO-COMERCIAL-POLO-DESIGN-6-1536x1024.jpg 1536w, https:\/\/diarioprincipios.com\/wp-content\/uploads\/2024\/12\/SE-INAUGURO-EL-CENTRO-COMERCIAL-POLO-DESIGN-6-600x400.jpg 600w, https:\/\/diarioprincipios.com\/wp-content\/uploads\/2024\/12\/SE-INAUGURO-EL-CENTRO-COMERCIAL-POLO-DESIGN-6.jpg 1920w\" sizes=\"auto, (max-width: 1024px) 100vw, 1024px\" \/><\/figure>\n\n\n\n<p><br>Asimismo, Ventimiglia expres\u00f3: \u201cHoy es un d\u00eda maravilloso. El Dr. Mussi recorri\u00f3 los locales y el Bertoia Tower. Es un d\u00eda especial para nosotros porque llegamos a esto con mucho sacrificio y una gran convocatoria. Hoy empieza un nuevo camino. Recibimos gente de todas partes del pa\u00eds que quiere equipar su vivienda, oficina y emprendimiento. Lo pudimos hacer porque somos un grupo de empresarios muy unidos, con el apoyo incondicional del intendente Mussi y su Gabinete\u201d.<\/p>\n\n\n\n<figure class=\"wp-block-image size-large\"><img loading=\"lazy\" decoding=\"async\" width=\"1024\" height=\"683\" src=\"https:\/\/diarioprincipios.com\/wp-content\/uploads\/2024\/12\/SE-INAUGURO-EL-CENTRO-COMERCIAL-POLO-DESIGN-5-1024x683.jpg\" alt=\"\" class=\"wp-image-23828\" srcset=\"https:\/\/diarioprincipios.com\/wp-content\/uploads\/2024\/12\/SE-INAUGURO-EL-CENTRO-COMERCIAL-POLO-DESIGN-5-1024x683.jpg 1024w, https:\/\/diarioprincipios.com\/wp-content\/uploads\/2024\/12\/SE-INAUGURO-EL-CENTRO-COMERCIAL-POLO-DESIGN-5-300x200.jpg 300w, https:\/\/diarioprincipios.com\/wp-content\/uploads\/2024\/12\/SE-INAUGURO-EL-CENTRO-COMERCIAL-POLO-DESIGN-5-768x512.jpg 768w, https:\/\/diarioprincipios.com\/wp-content\/uploads\/2024\/12\/SE-INAUGURO-EL-CENTRO-COMERCIAL-POLO-DESIGN-5-1536x1024.jpg 1536w, https:\/\/diarioprincipios.com\/wp-content\/uploads\/2024\/12\/SE-INAUGURO-EL-CENTRO-COMERCIAL-POLO-DESIGN-5-600x400.jpg 600w, https:\/\/diarioprincipios.com\/wp-content\/uploads\/2024\/12\/SE-INAUGURO-EL-CENTRO-COMERCIAL-POLO-DESIGN-5.jpg 1920w\" sizes=\"auto, (max-width: 1024px) 100vw, 1024px\" \/><\/figure>\n\n\n\n<p><br>Por su parte, el secretario de Trabajo municipal, Juan Manuel Parra, indic\u00f3: \u201cHoy, este espacio abri\u00f3 sus puertas a la comunidad de Berazategui. El Intendente acompa\u00f1\u00f3 el desarrollo y la producci\u00f3n en estos 37 a\u00f1os de gesti\u00f3n al frente del Municipio, con una impronta industrial muy fuerte y pol\u00edticas que apoyan e incentivan el crecimiento de la industria. Este nuevo emprendimiento viene a aportar una nueva mirada y forma de integraci\u00f3n entre lo comercial y lo industrial en nuestro municipio\u201d.<br>Asistieron, adem\u00e1s, otros integrantes del Gabinete municipal; socios, inversores, industriales y proveedores.<\/p>\n","protected":false},"excerpt":{"rendered":"<p>En el Polo Maderero y Mueblero Hudson se inaugur\u00f3 Polo Design, un centro comercial a cielo abierto situado en el Km 30 de la Autopista Bs. As. &#8211; La Plata. El intendente de Berazategui, Juan Jos\u00e9 Mussi, particip\u00f3 del acto junto al presidente del Polo, Roberto Ventimiglia.El Centro Polo Design ya cuenta con 43 locales&#8230;<\/p>\n","protected":false},"author":2,"featured_media":23829,"comment_status":"open","ping_status":"open","sticky":false,"template":"","format":"standard","meta":{"footnotes":""},"categories":[3,18],"tags":[],"class_list":["post-23825","post","type-post","status-publish","format-standard","has-post-thumbnail","hentry","category-berazategui","category-comercio-industria"],"featured_image_src":"https:\/\/diarioprincipios.com\/wp-content\/uploads\/2024\/12\/SE-INAUGURO-EL-CENTRO-COMERCIAL-POLO-DESIGN-3-1024x683.jpg","blog_images":{"medium":"https:\/\/diarioprincipios.com\/wp-content\/uploads\/2024\/12\/SE-INAUGURO-EL-CENTRO-COMERCIAL-POLO-DESIGN-3-300x200.jpg","large":"https:\/\/diarioprincipios.com\/wp-content\/uploads\/2024\/12\/SE-INAUGURO-EL-CENTRO-COMERCIAL-POLO-DESIGN-3-1024x683.jpg"},"ams_acf":[],"yoast_head":"<!-- This site is optimized with the Yoast SEO plugin v27.3 - https:\/\/yoast.com\/product\/yoast-seo-wordpress\/ -->\n<title>Se inaugur\u00f3 el Centro Comercial Polo Design - Principios<\/title>\n<meta name=\"robots\" content=\"index, follow, max-snippet:-1, max-image-preview:large, max-video-preview:-1\" \/>\n<link rel=\"canonical\" href=\"https:\/\/diarioprincipios.com\/index.php\/2024\/12\/17\/se-inauguro-el-centro-comercial-polo-design\/\" \/>\n<meta property=\"og:locale\" content=\"es_ES\" \/>\n<meta property=\"og:type\" content=\"article\" \/>\n<meta property=\"og:title\" content=\"Se inaugur\u00f3 el Centro Comercial Polo Design - Principios\" \/>\n<meta property=\"og:description\" content=\"En el Polo Maderero y Mueblero Hudson se inaugur\u00f3 Polo Design, un centro comercial a cielo abierto situado en el Km 30 de la Autopista Bs. As. &#8211; La Plata. El intendente de Berazategui, Juan Jos\u00e9 Mussi, particip\u00f3 del acto junto al presidente del Polo, Roberto Ventimiglia.El Centro Polo Design ya cuenta con 43 locales...\" \/>\n<meta property=\"og:url\" content=\"https:\/\/diarioprincipios.com\/index.php\/2024\/12\/17\/se-inauguro-el-centro-comercial-polo-design\/\" \/>\n<meta property=\"og:site_name\" content=\"Principios\" \/>\n<meta property=\"article:published_time\" content=\"2024-12-17T13:49:13+00:00\" \/>\n<meta property=\"article:modified_time\" content=\"2024-12-17T13:49:15+00:00\" \/>\n<meta property=\"og:image\" content=\"https:\/\/diarioprincipios.com\/wp-content\/uploads\/2024\/12\/SE-INAUGURO-EL-CENTRO-COMERCIAL-POLO-DESIGN-3.jpg\" \/>\n\t<meta property=\"og:image:width\" content=\"1920\" \/>\n\t<meta property=\"og:image:height\" content=\"1280\" \/>\n\t<meta property=\"og:image:type\" content=\"image\/jpeg\" \/>\n<meta name=\"author\" content=\"Hern\u00e1n L\u00f3pez\" \/>\n<meta name=\"twitter:card\" content=\"summary_large_image\" \/>\n<meta name=\"twitter:label1\" content=\"Escrito por\" \/>\n\t<meta name=\"twitter:data1\" content=\"Hern\u00e1n L\u00f3pez\" \/>\n\t<meta name=\"twitter:label2\" content=\"Tiempo de lectura\" \/>\n\t<meta name=\"twitter:data2\" content=\"3 minutos\" \/>\n<script type=\"application\/ld+json\" class=\"yoast-schema-graph\">{\"@context\":\"https:\\\/\\\/schema.org\",\"@graph\":[{\"@type\":\"Article\",\"@id\":\"https:\\\/\\\/diarioprincipios.com\\\/index.php\\\/2024\\\/12\\\/17\\\/se-inauguro-el-centro-comercial-polo-design\\\/#article\",\"isPartOf\":{\"@id\":\"https:\\\/\\\/diarioprincipios.com\\\/index.php\\\/2024\\\/12\\\/17\\\/se-inauguro-el-centro-comercial-polo-design\\\/\"},\"author\":{\"name\":\"Hern\u00e1n L\u00f3pez\",\"@id\":\"https:\\\/\\\/diarioprincipios.com\\\/#\\\/schema\\\/person\\\/436d5a1fd41a5e250e23ff5a6a7cb080\"},\"headline\":\"Se inaugur\u00f3 el Centro Comercial Polo Design\",\"datePublished\":\"2024-12-17T13:49:13+00:00\",\"dateModified\":\"2024-12-17T13:49:15+00:00\",\"mainEntityOfPage\":{\"@id\":\"https:\\\/\\\/diarioprincipios.com\\\/index.php\\\/2024\\\/12\\\/17\\\/se-inauguro-el-centro-comercial-polo-design\\\/\"},\"wordCount\":428,\"commentCount\":0,\"publisher\":{\"@id\":\"https:\\\/\\\/diarioprincipios.com\\\/#organization\"},\"image\":{\"@id\":\"https:\\\/\\\/diarioprincipios.com\\\/index.php\\\/2024\\\/12\\\/17\\\/se-inauguro-el-centro-comercial-polo-design\\\/#primaryimage\"},\"thumbnailUrl\":\"https:\\\/\\\/diarioprincipios.com\\\/wp-content\\\/uploads\\\/2024\\\/12\\\/SE-INAUGURO-EL-CENTRO-COMERCIAL-POLO-DESIGN-3.jpg\",\"articleSection\":[\"Berazategui\",\"Comercio e Industria\"],\"inLanguage\":\"es\",\"potentialAction\":[{\"@type\":\"CommentAction\",\"name\":\"Comment\",\"target\":[\"https:\\\/\\\/diarioprincipios.com\\\/index.php\\\/2024\\\/12\\\/17\\\/se-inauguro-el-centro-comercial-polo-design\\\/#respond\"]}]},{\"@type\":\"WebPage\",\"@id\":\"https:\\\/\\\/diarioprincipios.com\\\/index.php\\\/2024\\\/12\\\/17\\\/se-inauguro-el-centro-comercial-polo-design\\\/\",\"url\":\"https:\\\/\\\/diarioprincipios.com\\\/index.php\\\/2024\\\/12\\\/17\\\/se-inauguro-el-centro-comercial-polo-design\\\/\",\"name\":\"Se inaugur\u00f3 el Centro Comercial Polo Design - Principios\",\"isPartOf\":{\"@id\":\"https:\\\/\\\/diarioprincipios.com\\\/#website\"},\"primaryImageOfPage\":{\"@id\":\"https:\\\/\\\/diarioprincipios.com\\\/index.php\\\/2024\\\/12\\\/17\\\/se-inauguro-el-centro-comercial-polo-design\\\/#primaryimage\"},\"image\":{\"@id\":\"https:\\\/\\\/diarioprincipios.com\\\/index.php\\\/2024\\\/12\\\/17\\\/se-inauguro-el-centro-comercial-polo-design\\\/#primaryimage\"},\"thumbnailUrl\":\"https:\\\/\\\/diarioprincipios.com\\\/wp-content\\\/uploads\\\/2024\\\/12\\\/SE-INAUGURO-EL-CENTRO-COMERCIAL-POLO-DESIGN-3.jpg\",\"datePublished\":\"2024-12-17T13:49:13+00:00\",\"dateModified\":\"2024-12-17T13:49:15+00:00\",\"breadcrumb\":{\"@id\":\"https:\\\/\\\/diarioprincipios.com\\\/index.php\\\/2024\\\/12\\\/17\\\/se-inauguro-el-centro-comercial-polo-design\\\/#breadcrumb\"},\"inLanguage\":\"es\",\"potentialAction\":[{\"@type\":\"ReadAction\",\"target\":[\"https:\\\/\\\/diarioprincipios.com\\\/index.php\\\/2024\\\/12\\\/17\\\/se-inauguro-el-centro-comercial-polo-design\\\/\"]}]},{\"@type\":\"ImageObject\",\"inLanguage\":\"es\",\"@id\":\"https:\\\/\\\/diarioprincipios.com\\\/index.php\\\/2024\\\/12\\\/17\\\/se-inauguro-el-centro-comercial-polo-design\\\/#primaryimage\",\"url\":\"https:\\\/\\\/diarioprincipios.com\\\/wp-content\\\/uploads\\\/2024\\\/12\\\/SE-INAUGURO-EL-CENTRO-COMERCIAL-POLO-DESIGN-3.jpg\",\"contentUrl\":\"https:\\\/\\\/diarioprincipios.com\\\/wp-content\\\/uploads\\\/2024\\\/12\\\/SE-INAUGURO-EL-CENTRO-COMERCIAL-POLO-DESIGN-3.jpg\",\"width\":1920,\"height\":1280},{\"@type\":\"BreadcrumbList\",\"@id\":\"https:\\\/\\\/diarioprincipios.com\\\/index.php\\\/2024\\\/12\\\/17\\\/se-inauguro-el-centro-comercial-polo-design\\\/#breadcrumb\",\"itemListElement\":[{\"@type\":\"ListItem\",\"position\":1,\"name\":\"Portada\",\"item\":\"https:\\\/\\\/diarioprincipios.com\\\/\"},{\"@type\":\"ListItem\",\"position\":2,\"name\":\"Se inaugur\u00f3 el Centro Comercial Polo Design\"}]},{\"@type\":\"WebSite\",\"@id\":\"https:\\\/\\\/diarioprincipios.com\\\/#website\",\"url\":\"https:\\\/\\\/diarioprincipios.com\\\/\",\"name\":\"Principios\",\"description\":\"Principios Diario\",\"publisher\":{\"@id\":\"https:\\\/\\\/diarioprincipios.com\\\/#organization\"},\"potentialAction\":[{\"@type\":\"SearchAction\",\"target\":{\"@type\":\"EntryPoint\",\"urlTemplate\":\"https:\\\/\\\/diarioprincipios.com\\\/?s={search_term_string}\"},\"query-input\":{\"@type\":\"PropertyValueSpecification\",\"valueRequired\":true,\"valueName\":\"search_term_string\"}}],\"inLanguage\":\"es\"},{\"@type\":\"Organization\",\"@id\":\"https:\\\/\\\/diarioprincipios.com\\\/#organization\",\"name\":\"Principios\",\"url\":\"https:\\\/\\\/diarioprincipios.com\\\/\",\"logo\":{\"@type\":\"ImageObject\",\"inLanguage\":\"es\",\"@id\":\"https:\\\/\\\/diarioprincipios.com\\\/#\\\/schema\\\/logo\\\/image\\\/\",\"url\":\"https:\\\/\\\/diarioprincipios.com\\\/wp-content\\\/uploads\\\/2024\\\/04\\\/cropped-www.diarioprincipios.com_-1.png\",\"contentUrl\":\"https:\\\/\\\/diarioprincipios.com\\\/wp-content\\\/uploads\\\/2024\\\/04\\\/cropped-www.diarioprincipios.com_-1.png\",\"width\":5325,\"height\":1454,\"caption\":\"Principios\"},\"image\":{\"@id\":\"https:\\\/\\\/diarioprincipios.com\\\/#\\\/schema\\\/logo\\\/image\\\/\"}},{\"@type\":\"Person\",\"@id\":\"https:\\\/\\\/diarioprincipios.com\\\/#\\\/schema\\\/person\\\/436d5a1fd41a5e250e23ff5a6a7cb080\",\"name\":\"Hern\u00e1n L\u00f3pez\",\"image\":{\"@type\":\"ImageObject\",\"inLanguage\":\"es\",\"@id\":\"https:\\\/\\\/diarioprincipios.com\\\/wp-content\\\/litespeed\\\/avatar\\\/11ddfe5610ff3bd100522525b2571f48.jpg?ver=1777048341\",\"url\":\"https:\\\/\\\/diarioprincipios.com\\\/wp-content\\\/litespeed\\\/avatar\\\/11ddfe5610ff3bd100522525b2571f48.jpg?ver=1777048341\",\"contentUrl\":\"https:\\\/\\\/diarioprincipios.com\\\/wp-content\\\/litespeed\\\/avatar\\\/11ddfe5610ff3bd100522525b2571f48.jpg?ver=1777048341\",\"caption\":\"Hern\u00e1n L\u00f3pez\"},\"url\":\"https:\\\/\\\/diarioprincipios.com\\\/index.php\\\/author\\\/hernan\\\/\"}]}<\/script>\n<!-- \/ Yoast SEO plugin. -->","yoast_head_json":{"title":"Se inaugur\u00f3 el Centro Comercial Polo Design - Principios","robots":{"index":"index","follow":"follow","max-snippet":"max-snippet:-1","max-image-preview":"max-image-preview:large","max-video-preview":"max-video-preview:-1"},"canonical":"https:\/\/diarioprincipios.com\/index.php\/2024\/12\/17\/se-inauguro-el-centro-comercial-polo-design\/","og_locale":"es_ES","og_type":"article","og_title":"Se inaugur\u00f3 el Centro Comercial Polo Design - Principios","og_description":"En el Polo Maderero y Mueblero Hudson se inaugur\u00f3 Polo Design, un centro comercial a cielo abierto situado en el Km 30 de la Autopista Bs. As. &#8211; La Plata. El intendente de Berazategui, Juan Jos\u00e9 Mussi, particip\u00f3 del acto junto al presidente del Polo, Roberto Ventimiglia.El Centro Polo Design ya cuenta con 43 locales...","og_url":"https:\/\/diarioprincipios.com\/index.php\/2024\/12\/17\/se-inauguro-el-centro-comercial-polo-design\/","og_site_name":"Principios","article_published_time":"2024-12-17T13:49:13+00:00","article_modified_time":"2024-12-17T13:49:15+00:00","og_image":[{"width":1920,"height":1280,"url":"https:\/\/diarioprincipios.com\/wp-content\/uploads\/2024\/12\/SE-INAUGURO-EL-CENTRO-COMERCIAL-POLO-DESIGN-3.jpg","type":"image\/jpeg"}],"author":"Hern\u00e1n L\u00f3pez","twitter_card":"summary_large_image","twitter_misc":{"Escrito por":"Hern\u00e1n L\u00f3pez","Tiempo de lectura":"3 minutos"},"schema":{"@context":"https:\/\/schema.org","@graph":[{"@type":"Article","@id":"https:\/\/diarioprincipios.com\/index.php\/2024\/12\/17\/se-inauguro-el-centro-comercial-polo-design\/#article","isPartOf":{"@id":"https:\/\/diarioprincipios.com\/index.php\/2024\/12\/17\/se-inauguro-el-centro-comercial-polo-design\/"},"author":{"name":"Hern\u00e1n L\u00f3pez","@id":"https:\/\/diarioprincipios.com\/#\/schema\/person\/436d5a1fd41a5e250e23ff5a6a7cb080"},"headline":"Se inaugur\u00f3 el Centro Comercial Polo Design","datePublished":"2024-12-17T13:49:13+00:00","dateModified":"2024-12-17T13:49:15+00:00","mainEntityOfPage":{"@id":"https:\/\/diarioprincipios.com\/index.php\/2024\/12\/17\/se-inauguro-el-centro-comercial-polo-design\/"},"wordCount":428,"commentCount":0,"publisher":{"@id":"https:\/\/diarioprincipios.com\/#organization"},"image":{"@id":"https:\/\/diarioprincipios.com\/index.php\/2024\/12\/17\/se-inauguro-el-centro-comercial-polo-design\/#primaryimage"},"thumbnailUrl":"https:\/\/diarioprincipios.com\/wp-content\/uploads\/2024\/12\/SE-INAUGURO-EL-CENTRO-COMERCIAL-POLO-DESIGN-3.jpg","articleSection":["Berazategui","Comercio e Industria"],"inLanguage":"es","potentialAction":[{"@type":"CommentAction","name":"Comment","target":["https:\/\/diarioprincipios.com\/index.php\/2024\/12\/17\/se-inauguro-el-centro-comercial-polo-design\/#respond"]}]},{"@type":"WebPage","@id":"https:\/\/diarioprincipios.com\/index.php\/2024\/12\/17\/se-inauguro-el-centro-comercial-polo-design\/","url":"https:\/\/diarioprincipios.com\/index.php\/2024\/12\/17\/se-inauguro-el-centro-comercial-polo-design\/","name":"Se inaugur\u00f3 el Centro Comercial Polo Design - Principios","isPartOf":{"@id":"https:\/\/diarioprincipios.com\/#website"},"primaryImageOfPage":{"@id":"https:\/\/diarioprincipios.com\/index.php\/2024\/12\/17\/se-inauguro-el-centro-comercial-polo-design\/#primaryimage"},"image":{"@id":"https:\/\/diarioprincipios.com\/index.php\/2024\/12\/17\/se-inauguro-el-centro-comercial-polo-design\/#primaryimage"},"thumbnailUrl":"https:\/\/diarioprincipios.com\/wp-content\/uploads\/2024\/12\/SE-INAUGURO-EL-CENTRO-COMERCIAL-POLO-DESIGN-3.jpg","datePublished":"2024-12-17T13:49:13+00:00","dateModified":"2024-12-17T13:49:15+00:00","breadcrumb":{"@id":"https:\/\/diarioprincipios.com\/index.php\/2024\/12\/17\/se-inauguro-el-centro-comercial-polo-design\/#breadcrumb"},"inLanguage":"es","potentialAction":[{"@type":"ReadAction","target":["https:\/\/diarioprincipios.com\/index.php\/2024\/12\/17\/se-inauguro-el-centro-comercial-polo-design\/"]}]},{"@type":"ImageObject","inLanguage":"es","@id":"https:\/\/diarioprincipios.com\/index.php\/2024\/12\/17\/se-inauguro-el-centro-comercial-polo-design\/#primaryimage","url":"https:\/\/diarioprincipios.com\/wp-content\/uploads\/2024\/12\/SE-INAUGURO-EL-CENTRO-COMERCIAL-POLO-DESIGN-3.jpg","contentUrl":"https:\/\/diarioprincipios.com\/wp-content\/uploads\/2024\/12\/SE-INAUGURO-EL-CENTRO-COMERCIAL-POLO-DESIGN-3.jpg","width":1920,"height":1280},{"@type":"BreadcrumbList","@id":"https:\/\/diarioprincipios.com\/index.php\/2024\/12\/17\/se-inauguro-el-centro-comercial-polo-design\/#breadcrumb","itemListElement":[{"@type":"ListItem","position":1,"name":"Portada","item":"https:\/\/diarioprincipios.com\/"},{"@type":"ListItem","position":2,"name":"Se inaugur\u00f3 el Centro Comercial Polo Design"}]},{"@type":"WebSite","@id":"https:\/\/diarioprincipios.com\/#website","url":"https:\/\/diarioprincipios.com\/","name":"Principios","description":"Principios Diario","publisher":{"@id":"https:\/\/diarioprincipios.com\/#organization"},"potentialAction":[{"@type":"SearchAction","target":{"@type":"EntryPoint","urlTemplate":"https:\/\/diarioprincipios.com\/?s={search_term_string}"},"query-input":{"@type":"PropertyValueSpecification","valueRequired":true,"valueName":"search_term_string"}}],"inLanguage":"es"},{"@type":"Organization","@id":"https:\/\/diarioprincipios.com\/#organization","name":"Principios","url":"https:\/\/diarioprincipios.com\/","logo":{"@type":"ImageObject","inLanguage":"es","@id":"https:\/\/diarioprincipios.com\/#\/schema\/logo\/image\/","url":"https:\/\/diarioprincipios.com\/wp-content\/uploads\/2024\/04\/cropped-www.diarioprincipios.com_-1.png","contentUrl":"https:\/\/diarioprincipios.com\/wp-content\/uploads\/2024\/04\/cropped-www.diarioprincipios.com_-1.png","width":5325,"height":1454,"caption":"Principios"},"image":{"@id":"https:\/\/diarioprincipios.com\/#\/schema\/logo\/image\/"}},{"@type":"Person","@id":"https:\/\/diarioprincipios.com\/#\/schema\/person\/436d5a1fd41a5e250e23ff5a6a7cb080","name":"Hern\u00e1n L\u00f3pez","image":{"@type":"ImageObject","inLanguage":"es","@id":"https:\/\/diarioprincipios.com\/wp-content\/litespeed\/avatar\/11ddfe5610ff3bd100522525b2571f48.jpg?ver=1777048341","url":"https:\/\/diarioprincipios.com\/wp-content\/litespeed\/avatar\/11ddfe5610ff3bd100522525b2571f48.jpg?ver=1777048341","contentUrl":"https:\/\/diarioprincipios.com\/wp-content\/litespeed\/avatar\/11ddfe5610ff3bd100522525b2571f48.jpg?ver=1777048341","caption":"Hern\u00e1n L\u00f3pez"},"url":"https:\/\/diarioprincipios.com\/index.php\/author\/hernan\/"}]}},"jetpack_featured_media_url":"https:\/\/diarioprincipios.com\/wp-content\/uploads\/2024\/12\/SE-INAUGURO-EL-CENTRO-COMERCIAL-POLO-DESIGN-3.jpg","_links":{"self":[{"href":"https:\/\/diarioprincipios.com\/index.php\/wp-json\/wp\/v2\/posts\/23825","targetHints":{"allow":["GET"]}}],"collection":[{"href":"https:\/\/diarioprincipios.com\/index.php\/wp-json\/wp\/v2\/posts"}],"about":[{"href":"https:\/\/diarioprincipios.com\/index.php\/wp-json\/wp\/v2\/types\/post"}],"author":[{"embeddable":true,"href":"https:\/\/diarioprincipios.com\/index.php\/wp-json\/wp\/v2\/users\/2"}],"replies":[{"embeddable":true,"href":"https:\/\/diarioprincipios.com\/index.php\/wp-json\/wp\/v2\/comments?post=23825"}],"version-history":[{"count":1,"href":"https:\/\/diarioprincipios.com\/index.php\/wp-json\/wp\/v2\/posts\/23825\/revisions"}],"predecessor-version":[{"id":23830,"href":"https:\/\/diarioprincipios.com\/index.php\/wp-json\/wp\/v2\/posts\/23825\/revisions\/23830"}],"wp:featuredmedia":[{"embeddable":true,"href":"https:\/\/diarioprincipios.com\/index.php\/wp-json\/wp\/v2\/media\/23829"}],"wp:attachment":[{"href":"https:\/\/diarioprincipios.com\/index.php\/wp-json\/wp\/v2\/media?parent=23825"}],"wp:term":[{"taxonomy":"category","embeddable":true,"href":"https:\/\/diarioprincipios.com\/index.php\/wp-json\/wp\/v2\/categories?post=23825"},{"taxonomy":"post_tag","embeddable":true,"href":"https:\/\/diarioprincipios.com\/index.php\/wp-json\/wp\/v2\/tags?post=23825"}],"curies":[{"name":"wp","href":"https:\/\/api.w.org\/{rel}","templated":true}]}}