{"id":23810,"date":"2024-12-17T09:32:02","date_gmt":"2024-12-17T12:32:02","guid":{"rendered":"http:\/\/diarioprincipios.com\/?p=23810"},"modified":"2024-12-17T10:09:58","modified_gmt":"2024-12-17T13:09:58","slug":"gran-ceremonia-de-premiacion-de-la-asociacion-de-voley","status":"publish","type":"post","link":"https:\/\/diarioprincipios.com\/index.php\/2024\/12\/17\/gran-ceremonia-de-premiacion-de-la-asociacion-de-voley\/","title":{"rendered":"Gran Ceremonia de Premiaci\u00f3n de la Asociaci\u00f3n de V\u00f3ley"},"content":{"rendered":"\n<p>En el SUM del Instituto Manuel Belgrano de Berazategui se realiz\u00f3 el fin de semana la Ceremonia de Entrega de Premios del Torneo Clausura 2024 organizado por la Asociaci\u00f3n de V\u00f3ley Capital Nacional del Vidrio.<br>Celia Cabrera, presidenta de la Asociaci\u00f3n, destac\u00f3 que \u00abfue una gran Ceremonia con masiva presencia de los integrantes de los equipos, estamos felices de poder premiar una vez m\u00e1s el esfuerzo, la dedicaci\u00f3n y el trabajo de cientos de j\u00f3venes deportistas\u00bb.<\/p>\n\n\n\n<figure class=\"wp-block-image size-large\"><img loading=\"lazy\" decoding=\"async\" width=\"1024\" height=\"695\" src=\"https:\/\/diarioprincipios.com\/wp-content\/uploads\/2024\/12\/PREMAICION-2024-51-1024x695.jpg\" alt=\"\" class=\"wp-image-23811\" srcset=\"https:\/\/diarioprincipios.com\/wp-content\/uploads\/2024\/12\/PREMAICION-2024-51-1024x695.jpg 1024w, https:\/\/diarioprincipios.com\/wp-content\/uploads\/2024\/12\/PREMAICION-2024-51-300x203.jpg 300w, https:\/\/diarioprincipios.com\/wp-content\/uploads\/2024\/12\/PREMAICION-2024-51-768x521.jpg 768w, https:\/\/diarioprincipios.com\/wp-content\/uploads\/2024\/12\/PREMAICION-2024-51-1536x1042.jpg 1536w, https:\/\/diarioprincipios.com\/wp-content\/uploads\/2024\/12\/PREMAICION-2024-51-2048x1389.jpg 2048w\" sizes=\"auto, (max-width: 1024px) 100vw, 1024px\" \/><\/figure>\n\n\n\n<p><br>Agreg\u00f3 que \u00abcada a\u00f1o superamos la cantidad de participantes y el nivel de los Torneos es mayor, eso nos llena de orgullo\u00bb.<br>M\u00e1s adelante dijo que \u00aben este 2024 se han logrado cosas muy importantes y nuestros equipos se han destacado en Torneos de nivel provincial y nacional\u00bb.<\/p>\n\n\n\n<figure class=\"wp-block-image size-large\"><img loading=\"lazy\" decoding=\"async\" width=\"1024\" height=\"1024\" src=\"https:\/\/diarioprincipios.com\/wp-content\/uploads\/2024\/12\/PREMAICION-2024-89-1024x1024.jpg\" alt=\"\" class=\"wp-image-23812\" srcset=\"https:\/\/diarioprincipios.com\/wp-content\/uploads\/2024\/12\/PREMAICION-2024-89-1024x1024.jpg 1024w, https:\/\/diarioprincipios.com\/wp-content\/uploads\/2024\/12\/PREMAICION-2024-89-300x300.jpg 300w, https:\/\/diarioprincipios.com\/wp-content\/uploads\/2024\/12\/PREMAICION-2024-89-150x150.jpg 150w, https:\/\/diarioprincipios.com\/wp-content\/uploads\/2024\/12\/PREMAICION-2024-89-768x768.jpg 768w, https:\/\/diarioprincipios.com\/wp-content\/uploads\/2024\/12\/PREMAICION-2024-89-1536x1536.jpg 1536w, https:\/\/diarioprincipios.com\/wp-content\/uploads\/2024\/12\/PREMAICION-2024-89-2048x2048.jpg 2048w\" sizes=\"auto, (max-width: 1024px) 100vw, 1024px\" \/><\/figure>\n\n\n\n<p><br>Los premiados en la gala de este fin de semana fueron:<br>Inferiores Damas :<br>Categor\u00eda Sub 14<br>Primer puesto : Sicilianos (Berazategui)<br>Segundo puesto : Quilmes Oeste<br>Tercer puesto : Sokol , (Avellanada ).<br>Jugadora destacada: Micaela Marin<br>Cuarto puesto : S.F .Belgrano ( Quilmes )<\/p>\n\n\n\n<p>Sub 16<br>Primer puesto:<br>San Pedro (Berazategui )<br>Segundo Puesto<br>Cortazar (Varela )<br>Tercer puesto<br>Sokol (Avellanada )<br>Cuarto puesto<br>Pueblo Nuevo (Berazategui )<\/p>\n\n\n\n<figure class=\"wp-block-image size-large\"><img loading=\"lazy\" decoding=\"async\" width=\"1024\" height=\"1024\" src=\"https:\/\/diarioprincipios.com\/wp-content\/uploads\/2024\/12\/PREMAICION-2024-79-1024x1024.jpg\" alt=\"\" class=\"wp-image-23813\" srcset=\"https:\/\/diarioprincipios.com\/wp-content\/uploads\/2024\/12\/PREMAICION-2024-79-1024x1024.jpg 1024w, https:\/\/diarioprincipios.com\/wp-content\/uploads\/2024\/12\/PREMAICION-2024-79-300x300.jpg 300w, https:\/\/diarioprincipios.com\/wp-content\/uploads\/2024\/12\/PREMAICION-2024-79-150x150.jpg 150w, https:\/\/diarioprincipios.com\/wp-content\/uploads\/2024\/12\/PREMAICION-2024-79-768x768.jpg 768w, https:\/\/diarioprincipios.com\/wp-content\/uploads\/2024\/12\/PREMAICION-2024-79-1536x1536.jpg 1536w, https:\/\/diarioprincipios.com\/wp-content\/uploads\/2024\/12\/PREMAICION-2024-79-2048x2048.jpg 2048w\" sizes=\"auto, (max-width: 1024px) 100vw, 1024px\" \/><\/figure>\n\n\n\n<p>Sub 18<br>Primer puesto:<br>San Pedro (Berazategui)<br>Segundo puesto<br>Cortazar (Varela)<br>Tercer puesto<br>El Nacional (Varela )<br>Cuarto puesto<br>Pueblo Nuevo Berazategui<\/p>\n\n\n\n<p>Sub 21<br>Primer puesto:<br>La Socie (Avellanada )<br>Segundo Puesto<br>Cortazar (Varela)<br>Jugadora destacada Cardozo Melany<br>Tercer puesto<br>KQP (Berazategui )<br>Cuarto puesto<br>Ciruelos (Berazategui )<\/p>\n\n\n\n<p>Caballeros inferiores<br>Sub 16<br>Primer puesto:<br>Deportivo Dok Sud (Avellaneda )<br>Segundo puesto<br>Nacional (Varela)<br>Tercer puesto<br>Sokol (Avellanada )<br>Cuarto puesto<br>Remolcador (Quilmes )<\/p>\n\n\n\n<figure class=\"wp-block-image size-large\"><img loading=\"lazy\" decoding=\"async\" width=\"1024\" height=\"683\" src=\"https:\/\/diarioprincipios.com\/wp-content\/uploads\/2024\/12\/PREMAICION-2024-64-1024x683.jpg\" alt=\"\" class=\"wp-image-23814\" srcset=\"https:\/\/diarioprincipios.com\/wp-content\/uploads\/2024\/12\/PREMAICION-2024-64-1024x683.jpg 1024w, https:\/\/diarioprincipios.com\/wp-content\/uploads\/2024\/12\/PREMAICION-2024-64-300x200.jpg 300w, https:\/\/diarioprincipios.com\/wp-content\/uploads\/2024\/12\/PREMAICION-2024-64-768x512.jpg 768w, https:\/\/diarioprincipios.com\/wp-content\/uploads\/2024\/12\/PREMAICION-2024-64-1536x1024.jpg 1536w, https:\/\/diarioprincipios.com\/wp-content\/uploads\/2024\/12\/PREMAICION-2024-64-2048x1365.jpg 2048w, https:\/\/diarioprincipios.com\/wp-content\/uploads\/2024\/12\/PREMAICION-2024-64-600x400.jpg 600w\" sizes=\"auto, (max-width: 1024px) 100vw, 1024px\" \/><\/figure>\n\n\n\n<p>Sub 18<br>Primer puesto<br>La Socie (Avellaneda )<br>Segundo puesto<br>Quilmes Oeste<br>Tercer puesto<br>Deportivo Dok Sud (Avellaneda )<br>Cuarto puesto<br>Sokol (Avellaneda )<\/p>\n\n\n\n<p>Sub 21:<br>Primer puesto<br>KQP (Berazategui )<br>Segundo puesto<br>La Socie (Avellaneda )<br>Tercer puesto<br>Sokol (Avellaneda)<br>Cuarto puesto<br>Quilmes Oeste<\/p>\n\n\n\n<p>Mayores Damas A<br>Primer puesto:<br>Las Pibas (Berazategui )<br>Jugadora destacada Brisa Noguera<br>Segundo puesto<br>Planeta Voley (Berazategui )<br>Tercer puesto<br>Morgan ( Berazategui )<br>Cuarto puesto<br>9 de julio ( Varela )<\/p>\n\n\n\n<figure class=\"wp-block-image size-large\"><img loading=\"lazy\" decoding=\"async\" width=\"1024\" height=\"703\" src=\"https:\/\/diarioprincipios.com\/wp-content\/uploads\/2024\/12\/PREMAICION-2024-58-1024x703.jpg\" alt=\"\" class=\"wp-image-23816\" srcset=\"https:\/\/diarioprincipios.com\/wp-content\/uploads\/2024\/12\/PREMAICION-2024-58-1024x703.jpg 1024w, https:\/\/diarioprincipios.com\/wp-content\/uploads\/2024\/12\/PREMAICION-2024-58-300x206.jpg 300w, https:\/\/diarioprincipios.com\/wp-content\/uploads\/2024\/12\/PREMAICION-2024-58-768x527.jpg 768w, https:\/\/diarioprincipios.com\/wp-content\/uploads\/2024\/12\/PREMAICION-2024-58-1536x1055.jpg 1536w, https:\/\/diarioprincipios.com\/wp-content\/uploads\/2024\/12\/PREMAICION-2024-58-2048x1406.jpg 2048w\" sizes=\"auto, (max-width: 1024px) 100vw, 1024px\" \/><\/figure>\n\n\n\n<p>Copa Plata<br>L 5<br>Mayores damas B<br>Primer puesto<br>La Socie (Avellaneda )<br>Segundo puesto<br>Deportivo Dok Sud (Avellaneda )<br>Tercer puesto<br>Sokol (Avellaneda )<br>Cuarto puesto<br>Planeta voley (Berazategui )<\/p>\n\n\n\n<p>Copa Plata<br>Primavera<br>Caballeros nivel A<br>Primer puesto<br>LMA (Berazategui )<br>Jugador destacado Gonzalo Castillo<br>Segundo puesto<br>Inter la Ca\u00f1ada (Berazategui )<br>Tercer puesto<br>La Socie (Avellaneda )<br>Cuarto puesto<br>Aguilas (Berazategui )<br>Copa Plata<br>Ositas voley (Berazategui )<\/p>\n\n\n\n<figure class=\"wp-block-image size-large\"><img loading=\"lazy\" decoding=\"async\" width=\"1024\" height=\"1024\" src=\"https:\/\/diarioprincipios.com\/wp-content\/uploads\/2024\/12\/PREMAICION-2024-6-1024x1024.jpg\" alt=\"\" class=\"wp-image-23815\" srcset=\"https:\/\/diarioprincipios.com\/wp-content\/uploads\/2024\/12\/PREMAICION-2024-6-1024x1024.jpg 1024w, https:\/\/diarioprincipios.com\/wp-content\/uploads\/2024\/12\/PREMAICION-2024-6-300x300.jpg 300w, https:\/\/diarioprincipios.com\/wp-content\/uploads\/2024\/12\/PREMAICION-2024-6-150x150.jpg 150w, https:\/\/diarioprincipios.com\/wp-content\/uploads\/2024\/12\/PREMAICION-2024-6-768x768.jpg 768w, https:\/\/diarioprincipios.com\/wp-content\/uploads\/2024\/12\/PREMAICION-2024-6-1536x1536.jpg 1536w, https:\/\/diarioprincipios.com\/wp-content\/uploads\/2024\/12\/PREMAICION-2024-6-2048x2048.jpg 2048w\" sizes=\"auto, (max-width: 1024px) 100vw, 1024px\" \/><\/figure>\n\n\n\n<p>Nivel B<br>Primer puesto<br>Sokol ( Avellaneda )<br>Segundo puesto<br>Pueblo Nuevo (Berazategui )<br>Tercer puesto<br>Sportivo Dok Sud (Avellaneda )<br>Cuarto puesto<br>Momias (Berazategui )<\/p>\n\n\n\n<p>Copa Plata<br>6 de junio ( Berazategui )<br>Maxi voley +35<br>Primer puesto<br>Ogros voley ( Varela )<br>Segundo puesto<br>Los Morgan jugador destacado Sebastian L\u00f3pez (Berazategui )<br>Tercer puesto<br>La Gorgoneta ( Quilmes )<br>Cuarto puesto<br>9 de Julio<br>(Berazategui )<\/p>\n\n\n\n<figure class=\"wp-block-image size-large\"><img loading=\"lazy\" decoding=\"async\" width=\"1024\" height=\"747\" src=\"https:\/\/diarioprincipios.com\/wp-content\/uploads\/2024\/12\/PREMAICION-2024-18-1024x747.jpg\" alt=\"\" class=\"wp-image-23817\" srcset=\"https:\/\/diarioprincipios.com\/wp-content\/uploads\/2024\/12\/PREMAICION-2024-18-1024x747.jpg 1024w, https:\/\/diarioprincipios.com\/wp-content\/uploads\/2024\/12\/PREMAICION-2024-18-300x219.jpg 300w, https:\/\/diarioprincipios.com\/wp-content\/uploads\/2024\/12\/PREMAICION-2024-18-768x560.jpg 768w, https:\/\/diarioprincipios.com\/wp-content\/uploads\/2024\/12\/PREMAICION-2024-18-1536x1121.jpg 1536w, https:\/\/diarioprincipios.com\/wp-content\/uploads\/2024\/12\/PREMAICION-2024-18-2048x1494.jpg 2048w\" sizes=\"auto, (max-width: 1024px) 100vw, 1024px\" \/><\/figure>\n\n\n\n<p>Finalmente, la presidenta de la Asociaci\u00f3n de V\u00f3ley tuvo un p\u00e1rrafo especial para agradecer \u00bb a Oscar Manjarin, persona destacada del V\u00f3ley que trajo este deporte a la ciudad all\u00e1 por 1970 y fund\u00f3 la Liga Sure\u00f1a en Quilmes, tambi\u00e9n a Horacio Valdez, m\u00e1ximo referente de los vidrieros a quien le debemos mucho por su apoyo y por supuesto tambi\u00e9n al doctor Juan Jos\u00e9 Mussi, que desde la Intendencia ha promovido siempre pol\u00edticas que fomentan el deporte y siempre ha estado para la Asociaci\u00f3n de V\u00f3ley cada vez que hemos requerido su apoyo\u00bb.<\/p>\n","protected":false},"excerpt":{"rendered":"<p>En el SUM del Instituto Manuel Belgrano de Berazategui se realiz\u00f3 el fin de semana la Ceremonia de Entrega de Premios del Torneo Clausura 2024 organizado por la Asociaci\u00f3n de V\u00f3ley Capital Nacional del Vidrio.Celia Cabrera, presidenta de la Asociaci\u00f3n, destac\u00f3 que \u00abfue una gran Ceremonia con masiva presencia de los integrantes de los equipos,&#8230;<\/p>\n","protected":false},"author":2,"featured_media":23818,"comment_status":"open","ping_status":"open","sticky":false,"template":"","format":"standard","meta":{"footnotes":""},"categories":[6],"tags":[],"class_list":["post-23810","post","type-post","status-publish","format-standard","has-post-thumbnail","hentry","category-deportes"],"featured_image_src":"https:\/\/diarioprincipios.com\/wp-content\/uploads\/2024\/12\/PREMAICION-2024-85-1024x781.jpg","blog_images":{"medium":"https:\/\/diarioprincipios.com\/wp-content\/uploads\/2024\/12\/PREMAICION-2024-85-300x229.jpg","large":"https:\/\/diarioprincipios.com\/wp-content\/uploads\/2024\/12\/PREMAICION-2024-85-1024x781.jpg"},"ams_acf":[],"yoast_head":"<!-- This site is optimized with the Yoast SEO plugin v27.3 - https:\/\/yoast.com\/product\/yoast-seo-wordpress\/ -->\n<title>Gran Ceremonia de Premiaci\u00f3n de la Asociaci\u00f3n de V\u00f3ley - Principios<\/title>\n<meta name=\"robots\" content=\"index, follow, max-snippet:-1, max-image-preview:large, max-video-preview:-1\" \/>\n<link rel=\"canonical\" href=\"https:\/\/diarioprincipios.com\/index.php\/2024\/12\/17\/gran-ceremonia-de-premiacion-de-la-asociacion-de-voley\/\" \/>\n<meta property=\"og:locale\" content=\"es_ES\" \/>\n<meta property=\"og:type\" content=\"article\" \/>\n<meta property=\"og:title\" content=\"Gran Ceremonia de Premiaci\u00f3n de la Asociaci\u00f3n de V\u00f3ley - Principios\" \/>\n<meta property=\"og:description\" content=\"En el SUM del Instituto Manuel Belgrano de Berazategui se realiz\u00f3 el fin de semana la Ceremonia de Entrega de Premios del Torneo Clausura 2024 organizado por la Asociaci\u00f3n de V\u00f3ley Capital Nacional del Vidrio.Celia Cabrera, presidenta de la Asociaci\u00f3n, destac\u00f3 que \u00abfue una gran Ceremonia con masiva presencia de los integrantes de los equipos,...\" \/>\n<meta property=\"og:url\" content=\"https:\/\/diarioprincipios.com\/index.php\/2024\/12\/17\/gran-ceremonia-de-premiacion-de-la-asociacion-de-voley\/\" \/>\n<meta property=\"og:site_name\" content=\"Principios\" \/>\n<meta property=\"article:published_time\" content=\"2024-12-17T12:32:02+00:00\" \/>\n<meta property=\"article:modified_time\" content=\"2024-12-17T13:09:58+00:00\" \/>\n<meta property=\"og:image\" content=\"https:\/\/diarioprincipios.com\/wp-content\/uploads\/2024\/12\/PREMAICION-2024-85-scaled.jpg\" \/>\n\t<meta property=\"og:image:width\" content=\"2560\" \/>\n\t<meta property=\"og:image:height\" content=\"1953\" \/>\n\t<meta property=\"og:image:type\" content=\"image\/jpeg\" \/>\n<meta name=\"author\" content=\"Hern\u00e1n L\u00f3pez\" \/>\n<meta name=\"twitter:card\" content=\"summary_large_image\" \/>\n<meta name=\"twitter:label1\" content=\"Escrito por\" \/>\n\t<meta name=\"twitter:data1\" content=\"Hern\u00e1n L\u00f3pez\" \/>\n\t<meta name=\"twitter:label2\" content=\"Tiempo de lectura\" \/>\n\t<meta name=\"twitter:data2\" content=\"4 minutos\" \/>\n<script type=\"application\/ld+json\" class=\"yoast-schema-graph\">{\"@context\":\"https:\\\/\\\/schema.org\",\"@graph\":[{\"@type\":\"Article\",\"@id\":\"https:\\\/\\\/diarioprincipios.com\\\/index.php\\\/2024\\\/12\\\/17\\\/gran-ceremonia-de-premiacion-de-la-asociacion-de-voley\\\/#article\",\"isPartOf\":{\"@id\":\"https:\\\/\\\/diarioprincipios.com\\\/index.php\\\/2024\\\/12\\\/17\\\/gran-ceremonia-de-premiacion-de-la-asociacion-de-voley\\\/\"},\"author\":{\"name\":\"Hern\u00e1n L\u00f3pez\",\"@id\":\"https:\\\/\\\/diarioprincipios.com\\\/#\\\/schema\\\/person\\\/436d5a1fd41a5e250e23ff5a6a7cb080\"},\"headline\":\"Gran Ceremonia de Premiaci\u00f3n de la Asociaci\u00f3n de V\u00f3ley\",\"datePublished\":\"2024-12-17T12:32:02+00:00\",\"dateModified\":\"2024-12-17T13:09:58+00:00\",\"mainEntityOfPage\":{\"@id\":\"https:\\\/\\\/diarioprincipios.com\\\/index.php\\\/2024\\\/12\\\/17\\\/gran-ceremonia-de-premiacion-de-la-asociacion-de-voley\\\/\"},\"wordCount\":490,\"commentCount\":0,\"publisher\":{\"@id\":\"https:\\\/\\\/diarioprincipios.com\\\/#organization\"},\"image\":{\"@id\":\"https:\\\/\\\/diarioprincipios.com\\\/index.php\\\/2024\\\/12\\\/17\\\/gran-ceremonia-de-premiacion-de-la-asociacion-de-voley\\\/#primaryimage\"},\"thumbnailUrl\":\"https:\\\/\\\/diarioprincipios.com\\\/wp-content\\\/uploads\\\/2024\\\/12\\\/PREMAICION-2024-85-scaled.jpg\",\"articleSection\":[\"Deportes\"],\"inLanguage\":\"es\",\"potentialAction\":[{\"@type\":\"CommentAction\",\"name\":\"Comment\",\"target\":[\"https:\\\/\\\/diarioprincipios.com\\\/index.php\\\/2024\\\/12\\\/17\\\/gran-ceremonia-de-premiacion-de-la-asociacion-de-voley\\\/#respond\"]}]},{\"@type\":\"WebPage\",\"@id\":\"https:\\\/\\\/diarioprincipios.com\\\/index.php\\\/2024\\\/12\\\/17\\\/gran-ceremonia-de-premiacion-de-la-asociacion-de-voley\\\/\",\"url\":\"https:\\\/\\\/diarioprincipios.com\\\/index.php\\\/2024\\\/12\\\/17\\\/gran-ceremonia-de-premiacion-de-la-asociacion-de-voley\\\/\",\"name\":\"Gran Ceremonia de Premiaci\u00f3n de la Asociaci\u00f3n de V\u00f3ley - Principios\",\"isPartOf\":{\"@id\":\"https:\\\/\\\/diarioprincipios.com\\\/#website\"},\"primaryImageOfPage\":{\"@id\":\"https:\\\/\\\/diarioprincipios.com\\\/index.php\\\/2024\\\/12\\\/17\\\/gran-ceremonia-de-premiacion-de-la-asociacion-de-voley\\\/#primaryimage\"},\"image\":{\"@id\":\"https:\\\/\\\/diarioprincipios.com\\\/index.php\\\/2024\\\/12\\\/17\\\/gran-ceremonia-de-premiacion-de-la-asociacion-de-voley\\\/#primaryimage\"},\"thumbnailUrl\":\"https:\\\/\\\/diarioprincipios.com\\\/wp-content\\\/uploads\\\/2024\\\/12\\\/PREMAICION-2024-85-scaled.jpg\",\"datePublished\":\"2024-12-17T12:32:02+00:00\",\"dateModified\":\"2024-12-17T13:09:58+00:00\",\"breadcrumb\":{\"@id\":\"https:\\\/\\\/diarioprincipios.com\\\/index.php\\\/2024\\\/12\\\/17\\\/gran-ceremonia-de-premiacion-de-la-asociacion-de-voley\\\/#breadcrumb\"},\"inLanguage\":\"es\",\"potentialAction\":[{\"@type\":\"ReadAction\",\"target\":[\"https:\\\/\\\/diarioprincipios.com\\\/index.php\\\/2024\\\/12\\\/17\\\/gran-ceremonia-de-premiacion-de-la-asociacion-de-voley\\\/\"]}]},{\"@type\":\"ImageObject\",\"inLanguage\":\"es\",\"@id\":\"https:\\\/\\\/diarioprincipios.com\\\/index.php\\\/2024\\\/12\\\/17\\\/gran-ceremonia-de-premiacion-de-la-asociacion-de-voley\\\/#primaryimage\",\"url\":\"https:\\\/\\\/diarioprincipios.com\\\/wp-content\\\/uploads\\\/2024\\\/12\\\/PREMAICION-2024-85-scaled.jpg\",\"contentUrl\":\"https:\\\/\\\/diarioprincipios.com\\\/wp-content\\\/uploads\\\/2024\\\/12\\\/PREMAICION-2024-85-scaled.jpg\",\"width\":2560,\"height\":1953},{\"@type\":\"BreadcrumbList\",\"@id\":\"https:\\\/\\\/diarioprincipios.com\\\/index.php\\\/2024\\\/12\\\/17\\\/gran-ceremonia-de-premiacion-de-la-asociacion-de-voley\\\/#breadcrumb\",\"itemListElement\":[{\"@type\":\"ListItem\",\"position\":1,\"name\":\"Portada\",\"item\":\"https:\\\/\\\/diarioprincipios.com\\\/\"},{\"@type\":\"ListItem\",\"position\":2,\"name\":\"Gran Ceremonia de Premiaci\u00f3n de la Asociaci\u00f3n de V\u00f3ley\"}]},{\"@type\":\"WebSite\",\"@id\":\"https:\\\/\\\/diarioprincipios.com\\\/#website\",\"url\":\"https:\\\/\\\/diarioprincipios.com\\\/\",\"name\":\"Principios\",\"description\":\"Principios Diario\",\"publisher\":{\"@id\":\"https:\\\/\\\/diarioprincipios.com\\\/#organization\"},\"potentialAction\":[{\"@type\":\"SearchAction\",\"target\":{\"@type\":\"EntryPoint\",\"urlTemplate\":\"https:\\\/\\\/diarioprincipios.com\\\/?s={search_term_string}\"},\"query-input\":{\"@type\":\"PropertyValueSpecification\",\"valueRequired\":true,\"valueName\":\"search_term_string\"}}],\"inLanguage\":\"es\"},{\"@type\":\"Organization\",\"@id\":\"https:\\\/\\\/diarioprincipios.com\\\/#organization\",\"name\":\"Principios\",\"url\":\"https:\\\/\\\/diarioprincipios.com\\\/\",\"logo\":{\"@type\":\"ImageObject\",\"inLanguage\":\"es\",\"@id\":\"https:\\\/\\\/diarioprincipios.com\\\/#\\\/schema\\\/logo\\\/image\\\/\",\"url\":\"https:\\\/\\\/diarioprincipios.com\\\/wp-content\\\/uploads\\\/2024\\\/04\\\/cropped-www.diarioprincipios.com_-1.png\",\"contentUrl\":\"https:\\\/\\\/diarioprincipios.com\\\/wp-content\\\/uploads\\\/2024\\\/04\\\/cropped-www.diarioprincipios.com_-1.png\",\"width\":5325,\"height\":1454,\"caption\":\"Principios\"},\"image\":{\"@id\":\"https:\\\/\\\/diarioprincipios.com\\\/#\\\/schema\\\/logo\\\/image\\\/\"}},{\"@type\":\"Person\",\"@id\":\"https:\\\/\\\/diarioprincipios.com\\\/#\\\/schema\\\/person\\\/436d5a1fd41a5e250e23ff5a6a7cb080\",\"name\":\"Hern\u00e1n L\u00f3pez\",\"image\":{\"@type\":\"ImageObject\",\"inLanguage\":\"es\",\"@id\":\"https:\\\/\\\/diarioprincipios.com\\\/wp-content\\\/litespeed\\\/avatar\\\/11ddfe5610ff3bd100522525b2571f48.jpg?ver=1777048341\",\"url\":\"https:\\\/\\\/diarioprincipios.com\\\/wp-content\\\/litespeed\\\/avatar\\\/11ddfe5610ff3bd100522525b2571f48.jpg?ver=1777048341\",\"contentUrl\":\"https:\\\/\\\/diarioprincipios.com\\\/wp-content\\\/litespeed\\\/avatar\\\/11ddfe5610ff3bd100522525b2571f48.jpg?ver=1777048341\",\"caption\":\"Hern\u00e1n L\u00f3pez\"},\"url\":\"https:\\\/\\\/diarioprincipios.com\\\/index.php\\\/author\\\/hernan\\\/\"}]}<\/script>\n<!-- \/ Yoast SEO plugin. -->","yoast_head_json":{"title":"Gran Ceremonia de Premiaci\u00f3n de la Asociaci\u00f3n de V\u00f3ley - Principios","robots":{"index":"index","follow":"follow","max-snippet":"max-snippet:-1","max-image-preview":"max-image-preview:large","max-video-preview":"max-video-preview:-1"},"canonical":"https:\/\/diarioprincipios.com\/index.php\/2024\/12\/17\/gran-ceremonia-de-premiacion-de-la-asociacion-de-voley\/","og_locale":"es_ES","og_type":"article","og_title":"Gran Ceremonia de Premiaci\u00f3n de la Asociaci\u00f3n de V\u00f3ley - Principios","og_description":"En el SUM del Instituto Manuel Belgrano de Berazategui se realiz\u00f3 el fin de semana la Ceremonia de Entrega de Premios del Torneo Clausura 2024 organizado por la Asociaci\u00f3n de V\u00f3ley Capital Nacional del Vidrio.Celia Cabrera, presidenta de la Asociaci\u00f3n, destac\u00f3 que \u00abfue una gran Ceremonia con masiva presencia de los integrantes de los equipos,...","og_url":"https:\/\/diarioprincipios.com\/index.php\/2024\/12\/17\/gran-ceremonia-de-premiacion-de-la-asociacion-de-voley\/","og_site_name":"Principios","article_published_time":"2024-12-17T12:32:02+00:00","article_modified_time":"2024-12-17T13:09:58+00:00","og_image":[{"width":2560,"height":1953,"url":"https:\/\/diarioprincipios.com\/wp-content\/uploads\/2024\/12\/PREMAICION-2024-85-scaled.jpg","type":"image\/jpeg"}],"author":"Hern\u00e1n L\u00f3pez","twitter_card":"summary_large_image","twitter_misc":{"Escrito por":"Hern\u00e1n L\u00f3pez","Tiempo de lectura":"4 minutos"},"schema":{"@context":"https:\/\/schema.org","@graph":[{"@type":"Article","@id":"https:\/\/diarioprincipios.com\/index.php\/2024\/12\/17\/gran-ceremonia-de-premiacion-de-la-asociacion-de-voley\/#article","isPartOf":{"@id":"https:\/\/diarioprincipios.com\/index.php\/2024\/12\/17\/gran-ceremonia-de-premiacion-de-la-asociacion-de-voley\/"},"author":{"name":"Hern\u00e1n L\u00f3pez","@id":"https:\/\/diarioprincipios.com\/#\/schema\/person\/436d5a1fd41a5e250e23ff5a6a7cb080"},"headline":"Gran Ceremonia de Premiaci\u00f3n de la Asociaci\u00f3n de V\u00f3ley","datePublished":"2024-12-17T12:32:02+00:00","dateModified":"2024-12-17T13:09:58+00:00","mainEntityOfPage":{"@id":"https:\/\/diarioprincipios.com\/index.php\/2024\/12\/17\/gran-ceremonia-de-premiacion-de-la-asociacion-de-voley\/"},"wordCount":490,"commentCount":0,"publisher":{"@id":"https:\/\/diarioprincipios.com\/#organization"},"image":{"@id":"https:\/\/diarioprincipios.com\/index.php\/2024\/12\/17\/gran-ceremonia-de-premiacion-de-la-asociacion-de-voley\/#primaryimage"},"thumbnailUrl":"https:\/\/diarioprincipios.com\/wp-content\/uploads\/2024\/12\/PREMAICION-2024-85-scaled.jpg","articleSection":["Deportes"],"inLanguage":"es","potentialAction":[{"@type":"CommentAction","name":"Comment","target":["https:\/\/diarioprincipios.com\/index.php\/2024\/12\/17\/gran-ceremonia-de-premiacion-de-la-asociacion-de-voley\/#respond"]}]},{"@type":"WebPage","@id":"https:\/\/diarioprincipios.com\/index.php\/2024\/12\/17\/gran-ceremonia-de-premiacion-de-la-asociacion-de-voley\/","url":"https:\/\/diarioprincipios.com\/index.php\/2024\/12\/17\/gran-ceremonia-de-premiacion-de-la-asociacion-de-voley\/","name":"Gran Ceremonia de Premiaci\u00f3n de la Asociaci\u00f3n de V\u00f3ley - Principios","isPartOf":{"@id":"https:\/\/diarioprincipios.com\/#website"},"primaryImageOfPage":{"@id":"https:\/\/diarioprincipios.com\/index.php\/2024\/12\/17\/gran-ceremonia-de-premiacion-de-la-asociacion-de-voley\/#primaryimage"},"image":{"@id":"https:\/\/diarioprincipios.com\/index.php\/2024\/12\/17\/gran-ceremonia-de-premiacion-de-la-asociacion-de-voley\/#primaryimage"},"thumbnailUrl":"https:\/\/diarioprincipios.com\/wp-content\/uploads\/2024\/12\/PREMAICION-2024-85-scaled.jpg","datePublished":"2024-12-17T12:32:02+00:00","dateModified":"2024-12-17T13:09:58+00:00","breadcrumb":{"@id":"https:\/\/diarioprincipios.com\/index.php\/2024\/12\/17\/gran-ceremonia-de-premiacion-de-la-asociacion-de-voley\/#breadcrumb"},"inLanguage":"es","potentialAction":[{"@type":"ReadAction","target":["https:\/\/diarioprincipios.com\/index.php\/2024\/12\/17\/gran-ceremonia-de-premiacion-de-la-asociacion-de-voley\/"]}]},{"@type":"ImageObject","inLanguage":"es","@id":"https:\/\/diarioprincipios.com\/index.php\/2024\/12\/17\/gran-ceremonia-de-premiacion-de-la-asociacion-de-voley\/#primaryimage","url":"https:\/\/diarioprincipios.com\/wp-content\/uploads\/2024\/12\/PREMAICION-2024-85-scaled.jpg","contentUrl":"https:\/\/diarioprincipios.com\/wp-content\/uploads\/2024\/12\/PREMAICION-2024-85-scaled.jpg","width":2560,"height":1953},{"@type":"BreadcrumbList","@id":"https:\/\/diarioprincipios.com\/index.php\/2024\/12\/17\/gran-ceremonia-de-premiacion-de-la-asociacion-de-voley\/#breadcrumb","itemListElement":[{"@type":"ListItem","position":1,"name":"Portada","item":"https:\/\/diarioprincipios.com\/"},{"@type":"ListItem","position":2,"name":"Gran Ceremonia de Premiaci\u00f3n de la Asociaci\u00f3n de V\u00f3ley"}]},{"@type":"WebSite","@id":"https:\/\/diarioprincipios.com\/#website","url":"https:\/\/diarioprincipios.com\/","name":"Principios","description":"Principios Diario","publisher":{"@id":"https:\/\/diarioprincipios.com\/#organization"},"potentialAction":[{"@type":"SearchAction","target":{"@type":"EntryPoint","urlTemplate":"https:\/\/diarioprincipios.com\/?s={search_term_string}"},"query-input":{"@type":"PropertyValueSpecification","valueRequired":true,"valueName":"search_term_string"}}],"inLanguage":"es"},{"@type":"Organization","@id":"https:\/\/diarioprincipios.com\/#organization","name":"Principios","url":"https:\/\/diarioprincipios.com\/","logo":{"@type":"ImageObject","inLanguage":"es","@id":"https:\/\/diarioprincipios.com\/#\/schema\/logo\/image\/","url":"https:\/\/diarioprincipios.com\/wp-content\/uploads\/2024\/04\/cropped-www.diarioprincipios.com_-1.png","contentUrl":"https:\/\/diarioprincipios.com\/wp-content\/uploads\/2024\/04\/cropped-www.diarioprincipios.com_-1.png","width":5325,"height":1454,"caption":"Principios"},"image":{"@id":"https:\/\/diarioprincipios.com\/#\/schema\/logo\/image\/"}},{"@type":"Person","@id":"https:\/\/diarioprincipios.com\/#\/schema\/person\/436d5a1fd41a5e250e23ff5a6a7cb080","name":"Hern\u00e1n L\u00f3pez","image":{"@type":"ImageObject","inLanguage":"es","@id":"https:\/\/diarioprincipios.com\/wp-content\/litespeed\/avatar\/11ddfe5610ff3bd100522525b2571f48.jpg?ver=1777048341","url":"https:\/\/diarioprincipios.com\/wp-content\/litespeed\/avatar\/11ddfe5610ff3bd100522525b2571f48.jpg?ver=1777048341","contentUrl":"https:\/\/diarioprincipios.com\/wp-content\/litespeed\/avatar\/11ddfe5610ff3bd100522525b2571f48.jpg?ver=1777048341","caption":"Hern\u00e1n L\u00f3pez"},"url":"https:\/\/diarioprincipios.com\/index.php\/author\/hernan\/"}]}},"jetpack_featured_media_url":"https:\/\/diarioprincipios.com\/wp-content\/uploads\/2024\/12\/PREMAICION-2024-85-scaled.jpg","_links":{"self":[{"href":"https:\/\/diarioprincipios.com\/index.php\/wp-json\/wp\/v2\/posts\/23810","targetHints":{"allow":["GET"]}}],"collection":[{"href":"https:\/\/diarioprincipios.com\/index.php\/wp-json\/wp\/v2\/posts"}],"about":[{"href":"https:\/\/diarioprincipios.com\/index.php\/wp-json\/wp\/v2\/types\/post"}],"author":[{"embeddable":true,"href":"https:\/\/diarioprincipios.com\/index.php\/wp-json\/wp\/v2\/users\/2"}],"replies":[{"embeddable":true,"href":"https:\/\/diarioprincipios.com\/index.php\/wp-json\/wp\/v2\/comments?post=23810"}],"version-history":[{"count":2,"href":"https:\/\/diarioprincipios.com\/index.php\/wp-json\/wp\/v2\/posts\/23810\/revisions"}],"predecessor-version":[{"id":23820,"href":"https:\/\/diarioprincipios.com\/index.php\/wp-json\/wp\/v2\/posts\/23810\/revisions\/23820"}],"wp:featuredmedia":[{"embeddable":true,"href":"https:\/\/diarioprincipios.com\/index.php\/wp-json\/wp\/v2\/media\/23818"}],"wp:attachment":[{"href":"https:\/\/diarioprincipios.com\/index.php\/wp-json\/wp\/v2\/media?parent=23810"}],"wp:term":[{"taxonomy":"category","embeddable":true,"href":"https:\/\/diarioprincipios.com\/index.php\/wp-json\/wp\/v2\/categories?post=23810"},{"taxonomy":"post_tag","embeddable":true,"href":"https:\/\/diarioprincipios.com\/index.php\/wp-json\/wp\/v2\/tags?post=23810"}],"curies":[{"name":"wp","href":"https:\/\/api.w.org\/{rel}","templated":true}]}}