{"id":23679,"date":"2024-11-29T18:58:40","date_gmt":"2024-11-29T21:58:40","guid":{"rendered":"http:\/\/diarioprincipios.com\/?p=23679"},"modified":"2024-11-29T18:58:42","modified_gmt":"2024-11-29T21:58:42","slug":"comienza-la-temporada-de-verano-en-los-predios-de-comercio","status":"publish","type":"post","link":"https:\/\/diarioprincipios.com\/index.php\/2024\/11\/29\/comienza-la-temporada-de-verano-en-los-predios-de-comercio\/","title":{"rendered":"Comienza la Temporada de Verano en los predios de Comercio"},"content":{"rendered":"\n<p>Este domingo 1 de diciembre , desde las 9 de la ma\u00f1ana, abren sus puertas los Complejos Recreativos del Centro de Empleados de Comercio de Quilmes, Berazategui y Florencio Varela, iniciando asi la Temporada de Verano 2025.<br>Desde el gremio que conduce Roberto \u00abMata\u00bb Rodriguez destacaron que \u00abesperamos que la familia mercantil pueda venir a disfrutar de una nueva temporada de verano junto a nosotros, estamos seguros de que se viene un verano lleno de emociones\u00bb.<br>El Centro de Empleados de Comercio posee dos hermosos predios, uno en la zona de El Pato y otro en la Ribera de Quilmes<\/p>\n","protected":false},"excerpt":{"rendered":"<p>Este domingo 1 de diciembre , desde las 9 de la ma\u00f1ana, abren sus puertas los Complejos Recreativos del Centro de Empleados de Comercio de Quilmes, Berazategui y Florencio Varela, iniciando asi la Temporada de Verano 2025.Desde el gremio que conduce Roberto \u00abMata\u00bb Rodriguez destacaron que \u00abesperamos que la familia mercantil pueda venir a disfrutar&#8230;<\/p>\n","protected":false},"author":2,"featured_media":23680,"comment_status":"open","ping_status":"open","sticky":false,"template":"","format":"standard","meta":{"footnotes":""},"categories":[17],"tags":[],"class_list":["post-23679","post","type-post","status-publish","format-standard","has-post-thumbnail","hentry","category-zona-sur"],"featured_image_src":"https:\/\/diarioprincipios.com\/wp-content\/uploads\/2024\/11\/IMG-20241129-WA0095-798x1024.jpg","blog_images":{"medium":"https:\/\/diarioprincipios.com\/wp-content\/uploads\/2024\/11\/IMG-20241129-WA0095-234x300.jpg","large":"https:\/\/diarioprincipios.com\/wp-content\/uploads\/2024\/11\/IMG-20241129-WA0095-798x1024.jpg"},"ams_acf":[],"yoast_head":"<!-- This site is optimized with the Yoast SEO plugin v27.3 - https:\/\/yoast.com\/product\/yoast-seo-wordpress\/ -->\n<title>Comienza la Temporada de Verano en los predios de Comercio - Principios<\/title>\n<meta name=\"robots\" content=\"index, follow, max-snippet:-1, max-image-preview:large, max-video-preview:-1\" \/>\n<link rel=\"canonical\" href=\"https:\/\/diarioprincipios.com\/index.php\/2024\/11\/29\/comienza-la-temporada-de-verano-en-los-predios-de-comercio\/\" \/>\n<meta property=\"og:locale\" content=\"es_ES\" \/>\n<meta property=\"og:type\" content=\"article\" \/>\n<meta property=\"og:title\" content=\"Comienza la Temporada de Verano en los predios de Comercio - Principios\" \/>\n<meta property=\"og:description\" content=\"Este domingo 1 de diciembre , desde las 9 de la ma\u00f1ana, abren sus puertas los Complejos Recreativos del Centro de Empleados de Comercio de Quilmes, Berazategui y Florencio Varela, iniciando asi la Temporada de Verano 2025.Desde el gremio que conduce Roberto \u00abMata\u00bb Rodriguez destacaron que \u00abesperamos que la familia mercantil pueda venir a disfrutar...\" \/>\n<meta property=\"og:url\" content=\"https:\/\/diarioprincipios.com\/index.php\/2024\/11\/29\/comienza-la-temporada-de-verano-en-los-predios-de-comercio\/\" \/>\n<meta property=\"og:site_name\" content=\"Principios\" \/>\n<meta property=\"article:published_time\" content=\"2024-11-29T21:58:40+00:00\" \/>\n<meta property=\"article:modified_time\" content=\"2024-11-29T21:58:42+00:00\" \/>\n<meta property=\"og:image\" content=\"https:\/\/diarioprincipios.com\/wp-content\/uploads\/2024\/11\/IMG-20241129-WA0095.jpg\" \/>\n\t<meta property=\"og:image:width\" content=\"1080\" \/>\n\t<meta property=\"og:image:height\" content=\"1385\" \/>\n\t<meta property=\"og:image:type\" content=\"image\/jpeg\" \/>\n<meta name=\"author\" content=\"Hern\u00e1n L\u00f3pez\" \/>\n<meta name=\"twitter:card\" content=\"summary_large_image\" \/>\n<meta name=\"twitter:label1\" content=\"Escrito por\" \/>\n\t<meta name=\"twitter:data1\" content=\"Hern\u00e1n L\u00f3pez\" \/>\n\t<meta name=\"twitter:label2\" content=\"Tiempo de lectura\" \/>\n\t<meta name=\"twitter:data2\" content=\"1 minuto\" \/>\n<script type=\"application\/ld+json\" class=\"yoast-schema-graph\">{\"@context\":\"https:\\\/\\\/schema.org\",\"@graph\":[{\"@type\":\"Article\",\"@id\":\"https:\\\/\\\/diarioprincipios.com\\\/index.php\\\/2024\\\/11\\\/29\\\/comienza-la-temporada-de-verano-en-los-predios-de-comercio\\\/#article\",\"isPartOf\":{\"@id\":\"https:\\\/\\\/diarioprincipios.com\\\/index.php\\\/2024\\\/11\\\/29\\\/comienza-la-temporada-de-verano-en-los-predios-de-comercio\\\/\"},\"author\":{\"name\":\"Hern\u00e1n L\u00f3pez\",\"@id\":\"https:\\\/\\\/diarioprincipios.com\\\/#\\\/schema\\\/person\\\/436d5a1fd41a5e250e23ff5a6a7cb080\"},\"headline\":\"Comienza la Temporada de Verano en los predios de Comercio\",\"datePublished\":\"2024-11-29T21:58:40+00:00\",\"dateModified\":\"2024-11-29T21:58:42+00:00\",\"mainEntityOfPage\":{\"@id\":\"https:\\\/\\\/diarioprincipios.com\\\/index.php\\\/2024\\\/11\\\/29\\\/comienza-la-temporada-de-verano-en-los-predios-de-comercio\\\/\"},\"wordCount\":107,\"commentCount\":0,\"publisher\":{\"@id\":\"https:\\\/\\\/diarioprincipios.com\\\/#organization\"},\"image\":{\"@id\":\"https:\\\/\\\/diarioprincipios.com\\\/index.php\\\/2024\\\/11\\\/29\\\/comienza-la-temporada-de-verano-en-los-predios-de-comercio\\\/#primaryimage\"},\"thumbnailUrl\":\"https:\\\/\\\/diarioprincipios.com\\\/wp-content\\\/uploads\\\/2024\\\/11\\\/IMG-20241129-WA0095.jpg\",\"articleSection\":[\"Zonar Sur\"],\"inLanguage\":\"es\",\"potentialAction\":[{\"@type\":\"CommentAction\",\"name\":\"Comment\",\"target\":[\"https:\\\/\\\/diarioprincipios.com\\\/index.php\\\/2024\\\/11\\\/29\\\/comienza-la-temporada-de-verano-en-los-predios-de-comercio\\\/#respond\"]}]},{\"@type\":\"WebPage\",\"@id\":\"https:\\\/\\\/diarioprincipios.com\\\/index.php\\\/2024\\\/11\\\/29\\\/comienza-la-temporada-de-verano-en-los-predios-de-comercio\\\/\",\"url\":\"https:\\\/\\\/diarioprincipios.com\\\/index.php\\\/2024\\\/11\\\/29\\\/comienza-la-temporada-de-verano-en-los-predios-de-comercio\\\/\",\"name\":\"Comienza la Temporada de Verano en los predios de Comercio - Principios\",\"isPartOf\":{\"@id\":\"https:\\\/\\\/diarioprincipios.com\\\/#website\"},\"primaryImageOfPage\":{\"@id\":\"https:\\\/\\\/diarioprincipios.com\\\/index.php\\\/2024\\\/11\\\/29\\\/comienza-la-temporada-de-verano-en-los-predios-de-comercio\\\/#primaryimage\"},\"image\":{\"@id\":\"https:\\\/\\\/diarioprincipios.com\\\/index.php\\\/2024\\\/11\\\/29\\\/comienza-la-temporada-de-verano-en-los-predios-de-comercio\\\/#primaryimage\"},\"thumbnailUrl\":\"https:\\\/\\\/diarioprincipios.com\\\/wp-content\\\/uploads\\\/2024\\\/11\\\/IMG-20241129-WA0095.jpg\",\"datePublished\":\"2024-11-29T21:58:40+00:00\",\"dateModified\":\"2024-11-29T21:58:42+00:00\",\"breadcrumb\":{\"@id\":\"https:\\\/\\\/diarioprincipios.com\\\/index.php\\\/2024\\\/11\\\/29\\\/comienza-la-temporada-de-verano-en-los-predios-de-comercio\\\/#breadcrumb\"},\"inLanguage\":\"es\",\"potentialAction\":[{\"@type\":\"ReadAction\",\"target\":[\"https:\\\/\\\/diarioprincipios.com\\\/index.php\\\/2024\\\/11\\\/29\\\/comienza-la-temporada-de-verano-en-los-predios-de-comercio\\\/\"]}]},{\"@type\":\"ImageObject\",\"inLanguage\":\"es\",\"@id\":\"https:\\\/\\\/diarioprincipios.com\\\/index.php\\\/2024\\\/11\\\/29\\\/comienza-la-temporada-de-verano-en-los-predios-de-comercio\\\/#primaryimage\",\"url\":\"https:\\\/\\\/diarioprincipios.com\\\/wp-content\\\/uploads\\\/2024\\\/11\\\/IMG-20241129-WA0095.jpg\",\"contentUrl\":\"https:\\\/\\\/diarioprincipios.com\\\/wp-content\\\/uploads\\\/2024\\\/11\\\/IMG-20241129-WA0095.jpg\",\"width\":1080,\"height\":1385},{\"@type\":\"BreadcrumbList\",\"@id\":\"https:\\\/\\\/diarioprincipios.com\\\/index.php\\\/2024\\\/11\\\/29\\\/comienza-la-temporada-de-verano-en-los-predios-de-comercio\\\/#breadcrumb\",\"itemListElement\":[{\"@type\":\"ListItem\",\"position\":1,\"name\":\"Portada\",\"item\":\"https:\\\/\\\/diarioprincipios.com\\\/\"},{\"@type\":\"ListItem\",\"position\":2,\"name\":\"Comienza la Temporada de Verano en los predios de Comercio\"}]},{\"@type\":\"WebSite\",\"@id\":\"https:\\\/\\\/diarioprincipios.com\\\/#website\",\"url\":\"https:\\\/\\\/diarioprincipios.com\\\/\",\"name\":\"Principios\",\"description\":\"Principios Diario\",\"publisher\":{\"@id\":\"https:\\\/\\\/diarioprincipios.com\\\/#organization\"},\"potentialAction\":[{\"@type\":\"SearchAction\",\"target\":{\"@type\":\"EntryPoint\",\"urlTemplate\":\"https:\\\/\\\/diarioprincipios.com\\\/?s={search_term_string}\"},\"query-input\":{\"@type\":\"PropertyValueSpecification\",\"valueRequired\":true,\"valueName\":\"search_term_string\"}}],\"inLanguage\":\"es\"},{\"@type\":\"Organization\",\"@id\":\"https:\\\/\\\/diarioprincipios.com\\\/#organization\",\"name\":\"Principios\",\"url\":\"https:\\\/\\\/diarioprincipios.com\\\/\",\"logo\":{\"@type\":\"ImageObject\",\"inLanguage\":\"es\",\"@id\":\"https:\\\/\\\/diarioprincipios.com\\\/#\\\/schema\\\/logo\\\/image\\\/\",\"url\":\"https:\\\/\\\/diarioprincipios.com\\\/wp-content\\\/uploads\\\/2024\\\/04\\\/cropped-www.diarioprincipios.com_-1.png\",\"contentUrl\":\"https:\\\/\\\/diarioprincipios.com\\\/wp-content\\\/uploads\\\/2024\\\/04\\\/cropped-www.diarioprincipios.com_-1.png\",\"width\":5325,\"height\":1454,\"caption\":\"Principios\"},\"image\":{\"@id\":\"https:\\\/\\\/diarioprincipios.com\\\/#\\\/schema\\\/logo\\\/image\\\/\"}},{\"@type\":\"Person\",\"@id\":\"https:\\\/\\\/diarioprincipios.com\\\/#\\\/schema\\\/person\\\/436d5a1fd41a5e250e23ff5a6a7cb080\",\"name\":\"Hern\u00e1n L\u00f3pez\",\"image\":{\"@type\":\"ImageObject\",\"inLanguage\":\"es\",\"@id\":\"https:\\\/\\\/diarioprincipios.com\\\/wp-content\\\/litespeed\\\/avatar\\\/11ddfe5610ff3bd100522525b2571f48.jpg?ver=1777048341\",\"url\":\"https:\\\/\\\/diarioprincipios.com\\\/wp-content\\\/litespeed\\\/avatar\\\/11ddfe5610ff3bd100522525b2571f48.jpg?ver=1777048341\",\"contentUrl\":\"https:\\\/\\\/diarioprincipios.com\\\/wp-content\\\/litespeed\\\/avatar\\\/11ddfe5610ff3bd100522525b2571f48.jpg?ver=1777048341\",\"caption\":\"Hern\u00e1n L\u00f3pez\"},\"url\":\"https:\\\/\\\/diarioprincipios.com\\\/index.php\\\/author\\\/hernan\\\/\"}]}<\/script>\n<!-- \/ Yoast SEO plugin. -->","yoast_head_json":{"title":"Comienza la Temporada de Verano en los predios de Comercio - Principios","robots":{"index":"index","follow":"follow","max-snippet":"max-snippet:-1","max-image-preview":"max-image-preview:large","max-video-preview":"max-video-preview:-1"},"canonical":"https:\/\/diarioprincipios.com\/index.php\/2024\/11\/29\/comienza-la-temporada-de-verano-en-los-predios-de-comercio\/","og_locale":"es_ES","og_type":"article","og_title":"Comienza la Temporada de Verano en los predios de Comercio - Principios","og_description":"Este domingo 1 de diciembre , desde las 9 de la ma\u00f1ana, abren sus puertas los Complejos Recreativos del Centro de Empleados de Comercio de Quilmes, Berazategui y Florencio Varela, iniciando asi la Temporada de Verano 2025.Desde el gremio que conduce Roberto \u00abMata\u00bb Rodriguez destacaron que \u00abesperamos que la familia mercantil pueda venir a disfrutar...","og_url":"https:\/\/diarioprincipios.com\/index.php\/2024\/11\/29\/comienza-la-temporada-de-verano-en-los-predios-de-comercio\/","og_site_name":"Principios","article_published_time":"2024-11-29T21:58:40+00:00","article_modified_time":"2024-11-29T21:58:42+00:00","og_image":[{"width":1080,"height":1385,"url":"https:\/\/diarioprincipios.com\/wp-content\/uploads\/2024\/11\/IMG-20241129-WA0095.jpg","type":"image\/jpeg"}],"author":"Hern\u00e1n L\u00f3pez","twitter_card":"summary_large_image","twitter_misc":{"Escrito por":"Hern\u00e1n L\u00f3pez","Tiempo de lectura":"1 minuto"},"schema":{"@context":"https:\/\/schema.org","@graph":[{"@type":"Article","@id":"https:\/\/diarioprincipios.com\/index.php\/2024\/11\/29\/comienza-la-temporada-de-verano-en-los-predios-de-comercio\/#article","isPartOf":{"@id":"https:\/\/diarioprincipios.com\/index.php\/2024\/11\/29\/comienza-la-temporada-de-verano-en-los-predios-de-comercio\/"},"author":{"name":"Hern\u00e1n L\u00f3pez","@id":"https:\/\/diarioprincipios.com\/#\/schema\/person\/436d5a1fd41a5e250e23ff5a6a7cb080"},"headline":"Comienza la Temporada de Verano en los predios de Comercio","datePublished":"2024-11-29T21:58:40+00:00","dateModified":"2024-11-29T21:58:42+00:00","mainEntityOfPage":{"@id":"https:\/\/diarioprincipios.com\/index.php\/2024\/11\/29\/comienza-la-temporada-de-verano-en-los-predios-de-comercio\/"},"wordCount":107,"commentCount":0,"publisher":{"@id":"https:\/\/diarioprincipios.com\/#organization"},"image":{"@id":"https:\/\/diarioprincipios.com\/index.php\/2024\/11\/29\/comienza-la-temporada-de-verano-en-los-predios-de-comercio\/#primaryimage"},"thumbnailUrl":"https:\/\/diarioprincipios.com\/wp-content\/uploads\/2024\/11\/IMG-20241129-WA0095.jpg","articleSection":["Zonar Sur"],"inLanguage":"es","potentialAction":[{"@type":"CommentAction","name":"Comment","target":["https:\/\/diarioprincipios.com\/index.php\/2024\/11\/29\/comienza-la-temporada-de-verano-en-los-predios-de-comercio\/#respond"]}]},{"@type":"WebPage","@id":"https:\/\/diarioprincipios.com\/index.php\/2024\/11\/29\/comienza-la-temporada-de-verano-en-los-predios-de-comercio\/","url":"https:\/\/diarioprincipios.com\/index.php\/2024\/11\/29\/comienza-la-temporada-de-verano-en-los-predios-de-comercio\/","name":"Comienza la Temporada de Verano en los predios de Comercio - Principios","isPartOf":{"@id":"https:\/\/diarioprincipios.com\/#website"},"primaryImageOfPage":{"@id":"https:\/\/diarioprincipios.com\/index.php\/2024\/11\/29\/comienza-la-temporada-de-verano-en-los-predios-de-comercio\/#primaryimage"},"image":{"@id":"https:\/\/diarioprincipios.com\/index.php\/2024\/11\/29\/comienza-la-temporada-de-verano-en-los-predios-de-comercio\/#primaryimage"},"thumbnailUrl":"https:\/\/diarioprincipios.com\/wp-content\/uploads\/2024\/11\/IMG-20241129-WA0095.jpg","datePublished":"2024-11-29T21:58:40+00:00","dateModified":"2024-11-29T21:58:42+00:00","breadcrumb":{"@id":"https:\/\/diarioprincipios.com\/index.php\/2024\/11\/29\/comienza-la-temporada-de-verano-en-los-predios-de-comercio\/#breadcrumb"},"inLanguage":"es","potentialAction":[{"@type":"ReadAction","target":["https:\/\/diarioprincipios.com\/index.php\/2024\/11\/29\/comienza-la-temporada-de-verano-en-los-predios-de-comercio\/"]}]},{"@type":"ImageObject","inLanguage":"es","@id":"https:\/\/diarioprincipios.com\/index.php\/2024\/11\/29\/comienza-la-temporada-de-verano-en-los-predios-de-comercio\/#primaryimage","url":"https:\/\/diarioprincipios.com\/wp-content\/uploads\/2024\/11\/IMG-20241129-WA0095.jpg","contentUrl":"https:\/\/diarioprincipios.com\/wp-content\/uploads\/2024\/11\/IMG-20241129-WA0095.jpg","width":1080,"height":1385},{"@type":"BreadcrumbList","@id":"https:\/\/diarioprincipios.com\/index.php\/2024\/11\/29\/comienza-la-temporada-de-verano-en-los-predios-de-comercio\/#breadcrumb","itemListElement":[{"@type":"ListItem","position":1,"name":"Portada","item":"https:\/\/diarioprincipios.com\/"},{"@type":"ListItem","position":2,"name":"Comienza la Temporada de Verano en los predios de Comercio"}]},{"@type":"WebSite","@id":"https:\/\/diarioprincipios.com\/#website","url":"https:\/\/diarioprincipios.com\/","name":"Principios","description":"Principios Diario","publisher":{"@id":"https:\/\/diarioprincipios.com\/#organization"},"potentialAction":[{"@type":"SearchAction","target":{"@type":"EntryPoint","urlTemplate":"https:\/\/diarioprincipios.com\/?s={search_term_string}"},"query-input":{"@type":"PropertyValueSpecification","valueRequired":true,"valueName":"search_term_string"}}],"inLanguage":"es"},{"@type":"Organization","@id":"https:\/\/diarioprincipios.com\/#organization","name":"Principios","url":"https:\/\/diarioprincipios.com\/","logo":{"@type":"ImageObject","inLanguage":"es","@id":"https:\/\/diarioprincipios.com\/#\/schema\/logo\/image\/","url":"https:\/\/diarioprincipios.com\/wp-content\/uploads\/2024\/04\/cropped-www.diarioprincipios.com_-1.png","contentUrl":"https:\/\/diarioprincipios.com\/wp-content\/uploads\/2024\/04\/cropped-www.diarioprincipios.com_-1.png","width":5325,"height":1454,"caption":"Principios"},"image":{"@id":"https:\/\/diarioprincipios.com\/#\/schema\/logo\/image\/"}},{"@type":"Person","@id":"https:\/\/diarioprincipios.com\/#\/schema\/person\/436d5a1fd41a5e250e23ff5a6a7cb080","name":"Hern\u00e1n L\u00f3pez","image":{"@type":"ImageObject","inLanguage":"es","@id":"https:\/\/diarioprincipios.com\/wp-content\/litespeed\/avatar\/11ddfe5610ff3bd100522525b2571f48.jpg?ver=1777048341","url":"https:\/\/diarioprincipios.com\/wp-content\/litespeed\/avatar\/11ddfe5610ff3bd100522525b2571f48.jpg?ver=1777048341","contentUrl":"https:\/\/diarioprincipios.com\/wp-content\/litespeed\/avatar\/11ddfe5610ff3bd100522525b2571f48.jpg?ver=1777048341","caption":"Hern\u00e1n L\u00f3pez"},"url":"https:\/\/diarioprincipios.com\/index.php\/author\/hernan\/"}]}},"jetpack_featured_media_url":"https:\/\/diarioprincipios.com\/wp-content\/uploads\/2024\/11\/IMG-20241129-WA0095.jpg","_links":{"self":[{"href":"https:\/\/diarioprincipios.com\/index.php\/wp-json\/wp\/v2\/posts\/23679","targetHints":{"allow":["GET"]}}],"collection":[{"href":"https:\/\/diarioprincipios.com\/index.php\/wp-json\/wp\/v2\/posts"}],"about":[{"href":"https:\/\/diarioprincipios.com\/index.php\/wp-json\/wp\/v2\/types\/post"}],"author":[{"embeddable":true,"href":"https:\/\/diarioprincipios.com\/index.php\/wp-json\/wp\/v2\/users\/2"}],"replies":[{"embeddable":true,"href":"https:\/\/diarioprincipios.com\/index.php\/wp-json\/wp\/v2\/comments?post=23679"}],"version-history":[{"count":1,"href":"https:\/\/diarioprincipios.com\/index.php\/wp-json\/wp\/v2\/posts\/23679\/revisions"}],"predecessor-version":[{"id":23681,"href":"https:\/\/diarioprincipios.com\/index.php\/wp-json\/wp\/v2\/posts\/23679\/revisions\/23681"}],"wp:featuredmedia":[{"embeddable":true,"href":"https:\/\/diarioprincipios.com\/index.php\/wp-json\/wp\/v2\/media\/23680"}],"wp:attachment":[{"href":"https:\/\/diarioprincipios.com\/index.php\/wp-json\/wp\/v2\/media?parent=23679"}],"wp:term":[{"taxonomy":"category","embeddable":true,"href":"https:\/\/diarioprincipios.com\/index.php\/wp-json\/wp\/v2\/categories?post=23679"},{"taxonomy":"post_tag","embeddable":true,"href":"https:\/\/diarioprincipios.com\/index.php\/wp-json\/wp\/v2\/tags?post=23679"}],"curies":[{"name":"wp","href":"https:\/\/api.w.org\/{rel}","templated":true}]}}