{"id":23652,"date":"2024-11-27T15:20:56","date_gmt":"2024-11-27T18:20:56","guid":{"rendered":"http:\/\/diarioprincipios.com\/?p=23652"},"modified":"2024-11-27T15:20:59","modified_gmt":"2024-11-27T18:20:59","slug":"se-celebraron-los-90-anos-de-la-escuela-primaria-n-10","status":"publish","type":"post","link":"https:\/\/diarioprincipios.com\/index.php\/2024\/11\/27\/se-celebraron-los-90-anos-de-la-escuela-primaria-n-10\/","title":{"rendered":"Se celebraron los 90 a\u00f1os de la Escuela Primaria N\u00b0 10"},"content":{"rendered":"\n<p><strong>Se celebraron los 90 a\u00f1os de la Escuela Primaria N\u00b0 10 \u201cDr. Ricardo Guti\u00e9rrez\u201d, de Sourigues. El intendente de Berazategui, Juan Jos\u00e9 Mussi, particip\u00f3 de los festejos y le obsequi\u00f3 un televisor LED 50\u201d a la instituci\u00f3n.<\/strong><\/p>\n\n\n\n<p>\u201cEs tan importante y tan reconfortante estar hoy aqu\u00ed. Estas son las cosas lindas de la Escuela P\u00fablica; soy tan fan\u00e1tico de Berazategui que creo esto solo pasa aqu\u00ed\u00bb, aseguro el Dr. Mussi ante vecinos, docentes y estudiantes. Y ampli\u00f3: \u00abEsta es la Escuela P\u00fablica: 90 a\u00f1os, gratuita, igualitaria, abierta a todos los sectores de la sociedad, y la defienden los padres y docentes. Tenemos que apoyarla; tiene algo tan importante como el amor\u201d.<\/p>\n\n\n\n<figure class=\"wp-block-image size-large\"><img loading=\"lazy\" decoding=\"async\" width=\"1024\" height=\"683\" src=\"https:\/\/diarioprincipios.com\/wp-content\/uploads\/2024\/11\/LA-ESCUELA-PRIMARIA-N\u00b0-10-CELEBRO-SU-90\u00b0-ANIVERSARIO-4-1024x683.jpg\" alt=\"\" class=\"wp-image-23653\" srcset=\"https:\/\/diarioprincipios.com\/wp-content\/uploads\/2024\/11\/LA-ESCUELA-PRIMARIA-N\u00b0-10-CELEBRO-SU-90\u00b0-ANIVERSARIO-4-1024x683.jpg 1024w, https:\/\/diarioprincipios.com\/wp-content\/uploads\/2024\/11\/LA-ESCUELA-PRIMARIA-N\u00b0-10-CELEBRO-SU-90\u00b0-ANIVERSARIO-4-300x200.jpg 300w, https:\/\/diarioprincipios.com\/wp-content\/uploads\/2024\/11\/LA-ESCUELA-PRIMARIA-N\u00b0-10-CELEBRO-SU-90\u00b0-ANIVERSARIO-4-768x512.jpg 768w, https:\/\/diarioprincipios.com\/wp-content\/uploads\/2024\/11\/LA-ESCUELA-PRIMARIA-N\u00b0-10-CELEBRO-SU-90\u00b0-ANIVERSARIO-4-1536x1024.jpg 1536w, https:\/\/diarioprincipios.com\/wp-content\/uploads\/2024\/11\/LA-ESCUELA-PRIMARIA-N\u00b0-10-CELEBRO-SU-90\u00b0-ANIVERSARIO-4-600x400.jpg 600w, https:\/\/diarioprincipios.com\/wp-content\/uploads\/2024\/11\/LA-ESCUELA-PRIMARIA-N\u00b0-10-CELEBRO-SU-90\u00b0-ANIVERSARIO-4.jpg 1920w\" sizes=\"auto, (max-width: 1024px) 100vw, 1024px\" \/><\/figure>\n\n\n\n<p>En tanto, la directora de la instituci\u00f3n -que cuenta con una matr\u00edcula de 796 estudiantes-, Claudia L\u00f3pez, indic\u00f3: \u201cAgradecemos la presencia del Dr. Mussi, que nos acompa\u00f1\u00f3 en la celebraci\u00f3n de los 90 a\u00f1os de nuestra escuela y que siempre hace posible que est\u00e9 embellecida\u201d.<\/p>\n\n\n\n<figure class=\"wp-block-image size-large\"><img loading=\"lazy\" decoding=\"async\" width=\"1024\" height=\"683\" src=\"https:\/\/diarioprincipios.com\/wp-content\/uploads\/2024\/11\/LA-ESCUELA-PRIMARIA-N\u00b0-10-CELEBRO-SU-90\u00b0-ANIVERSARIO-3-1024x683.jpg\" alt=\"\" class=\"wp-image-23654\" srcset=\"https:\/\/diarioprincipios.com\/wp-content\/uploads\/2024\/11\/LA-ESCUELA-PRIMARIA-N\u00b0-10-CELEBRO-SU-90\u00b0-ANIVERSARIO-3-1024x683.jpg 1024w, https:\/\/diarioprincipios.com\/wp-content\/uploads\/2024\/11\/LA-ESCUELA-PRIMARIA-N\u00b0-10-CELEBRO-SU-90\u00b0-ANIVERSARIO-3-300x200.jpg 300w, https:\/\/diarioprincipios.com\/wp-content\/uploads\/2024\/11\/LA-ESCUELA-PRIMARIA-N\u00b0-10-CELEBRO-SU-90\u00b0-ANIVERSARIO-3-768x512.jpg 768w, https:\/\/diarioprincipios.com\/wp-content\/uploads\/2024\/11\/LA-ESCUELA-PRIMARIA-N\u00b0-10-CELEBRO-SU-90\u00b0-ANIVERSARIO-3-1536x1024.jpg 1536w, https:\/\/diarioprincipios.com\/wp-content\/uploads\/2024\/11\/LA-ESCUELA-PRIMARIA-N\u00b0-10-CELEBRO-SU-90\u00b0-ANIVERSARIO-3-600x400.jpg 600w, https:\/\/diarioprincipios.com\/wp-content\/uploads\/2024\/11\/LA-ESCUELA-PRIMARIA-N\u00b0-10-CELEBRO-SU-90\u00b0-ANIVERSARIO-3.jpg 1920w\" sizes=\"auto, (max-width: 1024px) 100vw, 1024px\" \/><\/figure>\n\n\n\n<p>El festejo tambi\u00e9n incluy\u00f3 n\u00fameros art\u00edsticos y musicales, adem\u00e1s de una muestra din\u00e1mica a cargo de estudiantes y docentes de la escuela e integrantes de instituciones del barrio.<\/p>\n\n\n\n<p>Tambi\u00e9n participaron el secretario de Cultura y Educaci\u00f3n municipal, Federico L\u00f3pez -junto a otros integrantes del Gabinete-; el presidente del Consejo Escolar, Fernando Cardozo; la inspectora jefa distrital, Gladys Ram\u00edrez; y representantes de cooperadoras escolares.<\/p>\n","protected":false},"excerpt":{"rendered":"<p>Se celebraron los 90 a\u00f1os de la Escuela Primaria N\u00b0 10 \u201cDr. Ricardo Guti\u00e9rrez\u201d, de Sourigues. El intendente de Berazategui, Juan Jos\u00e9 Mussi, particip\u00f3 de los festejos y le obsequi\u00f3 un televisor LED 50\u201d a la instituci\u00f3n. \u201cEs tan importante y tan reconfortante estar hoy aqu\u00ed. Estas son las cosas lindas de la Escuela P\u00fablica;&#8230;<\/p>\n","protected":false},"author":2,"featured_media":23655,"comment_status":"open","ping_status":"open","sticky":false,"template":"","format":"standard","meta":{"footnotes":""},"categories":[3,19],"tags":[],"class_list":["post-23652","post","type-post","status-publish","format-standard","has-post-thumbnail","hentry","category-berazategui","category-cultura-educacion"],"featured_image_src":"https:\/\/diarioprincipios.com\/wp-content\/uploads\/2024\/11\/LA-ESCUELA-PRIMARIA-N\u00b0-10-CELEBRO-SU-90\u00b0-ANIVERSARIO-2-1024x683.jpg","blog_images":{"medium":"https:\/\/diarioprincipios.com\/wp-content\/uploads\/2024\/11\/LA-ESCUELA-PRIMARIA-N\u00b0-10-CELEBRO-SU-90\u00b0-ANIVERSARIO-2-300x200.jpg","large":"https:\/\/diarioprincipios.com\/wp-content\/uploads\/2024\/11\/LA-ESCUELA-PRIMARIA-N\u00b0-10-CELEBRO-SU-90\u00b0-ANIVERSARIO-2-1024x683.jpg"},"ams_acf":[],"yoast_head":"<!-- This site is optimized with the Yoast SEO plugin v27.3 - https:\/\/yoast.com\/product\/yoast-seo-wordpress\/ -->\n<title>Se celebraron los 90 a\u00f1os de la Escuela Primaria N\u00b0 10 - Principios<\/title>\n<meta name=\"robots\" content=\"index, follow, max-snippet:-1, max-image-preview:large, max-video-preview:-1\" \/>\n<link rel=\"canonical\" href=\"https:\/\/diarioprincipios.com\/index.php\/2024\/11\/27\/se-celebraron-los-90-anos-de-la-escuela-primaria-n-10\/\" \/>\n<meta property=\"og:locale\" content=\"es_ES\" \/>\n<meta property=\"og:type\" content=\"article\" \/>\n<meta property=\"og:title\" content=\"Se celebraron los 90 a\u00f1os de la Escuela Primaria N\u00b0 10 - Principios\" \/>\n<meta property=\"og:description\" content=\"Se celebraron los 90 a\u00f1os de la Escuela Primaria N\u00b0 10 \u201cDr. Ricardo Guti\u00e9rrez\u201d, de Sourigues. El intendente de Berazategui, Juan Jos\u00e9 Mussi, particip\u00f3 de los festejos y le obsequi\u00f3 un televisor LED 50\u201d a la instituci\u00f3n. \u201cEs tan importante y tan reconfortante estar hoy aqu\u00ed. Estas son las cosas lindas de la Escuela P\u00fablica;...\" \/>\n<meta property=\"og:url\" content=\"https:\/\/diarioprincipios.com\/index.php\/2024\/11\/27\/se-celebraron-los-90-anos-de-la-escuela-primaria-n-10\/\" \/>\n<meta property=\"og:site_name\" content=\"Principios\" \/>\n<meta property=\"article:published_time\" content=\"2024-11-27T18:20:56+00:00\" \/>\n<meta property=\"article:modified_time\" content=\"2024-11-27T18:20:59+00:00\" \/>\n<meta property=\"og:image\" content=\"https:\/\/diarioprincipios.com\/wp-content\/uploads\/2024\/11\/LA-ESCUELA-PRIMARIA-N\u00b0-10-CELEBRO-SU-90\u00b0-ANIVERSARIO-2.jpg\" \/>\n\t<meta property=\"og:image:width\" content=\"1920\" \/>\n\t<meta property=\"og:image:height\" content=\"1280\" \/>\n\t<meta property=\"og:image:type\" content=\"image\/jpeg\" \/>\n<meta name=\"author\" content=\"Hern\u00e1n L\u00f3pez\" \/>\n<meta name=\"twitter:card\" content=\"summary_large_image\" \/>\n<meta name=\"twitter:label1\" content=\"Escrito por\" \/>\n\t<meta name=\"twitter:data1\" content=\"Hern\u00e1n L\u00f3pez\" \/>\n\t<meta name=\"twitter:label2\" content=\"Tiempo de lectura\" \/>\n\t<meta name=\"twitter:data2\" content=\"2 minutos\" \/>\n<script type=\"application\/ld+json\" class=\"yoast-schema-graph\">{\"@context\":\"https:\\\/\\\/schema.org\",\"@graph\":[{\"@type\":\"Article\",\"@id\":\"https:\\\/\\\/diarioprincipios.com\\\/index.php\\\/2024\\\/11\\\/27\\\/se-celebraron-los-90-anos-de-la-escuela-primaria-n-10\\\/#article\",\"isPartOf\":{\"@id\":\"https:\\\/\\\/diarioprincipios.com\\\/index.php\\\/2024\\\/11\\\/27\\\/se-celebraron-los-90-anos-de-la-escuela-primaria-n-10\\\/\"},\"author\":{\"name\":\"Hern\u00e1n L\u00f3pez\",\"@id\":\"https:\\\/\\\/diarioprincipios.com\\\/#\\\/schema\\\/person\\\/436d5a1fd41a5e250e23ff5a6a7cb080\"},\"headline\":\"Se celebraron los 90 a\u00f1os de la Escuela Primaria N\u00b0 10\",\"datePublished\":\"2024-11-27T18:20:56+00:00\",\"dateModified\":\"2024-11-27T18:20:59+00:00\",\"mainEntityOfPage\":{\"@id\":\"https:\\\/\\\/diarioprincipios.com\\\/index.php\\\/2024\\\/11\\\/27\\\/se-celebraron-los-90-anos-de-la-escuela-primaria-n-10\\\/\"},\"wordCount\":244,\"commentCount\":0,\"publisher\":{\"@id\":\"https:\\\/\\\/diarioprincipios.com\\\/#organization\"},\"image\":{\"@id\":\"https:\\\/\\\/diarioprincipios.com\\\/index.php\\\/2024\\\/11\\\/27\\\/se-celebraron-los-90-anos-de-la-escuela-primaria-n-10\\\/#primaryimage\"},\"thumbnailUrl\":\"https:\\\/\\\/diarioprincipios.com\\\/wp-content\\\/uploads\\\/2024\\\/11\\\/LA-ESCUELA-PRIMARIA-N\u00b0-10-CELEBRO-SU-90\u00b0-ANIVERSARIO-2.jpg\",\"articleSection\":[\"Berazategui\",\"Cultura y Educaci\u00f3n\"],\"inLanguage\":\"es\",\"potentialAction\":[{\"@type\":\"CommentAction\",\"name\":\"Comment\",\"target\":[\"https:\\\/\\\/diarioprincipios.com\\\/index.php\\\/2024\\\/11\\\/27\\\/se-celebraron-los-90-anos-de-la-escuela-primaria-n-10\\\/#respond\"]}]},{\"@type\":\"WebPage\",\"@id\":\"https:\\\/\\\/diarioprincipios.com\\\/index.php\\\/2024\\\/11\\\/27\\\/se-celebraron-los-90-anos-de-la-escuela-primaria-n-10\\\/\",\"url\":\"https:\\\/\\\/diarioprincipios.com\\\/index.php\\\/2024\\\/11\\\/27\\\/se-celebraron-los-90-anos-de-la-escuela-primaria-n-10\\\/\",\"name\":\"Se celebraron los 90 a\u00f1os de la Escuela Primaria N\u00b0 10 - Principios\",\"isPartOf\":{\"@id\":\"https:\\\/\\\/diarioprincipios.com\\\/#website\"},\"primaryImageOfPage\":{\"@id\":\"https:\\\/\\\/diarioprincipios.com\\\/index.php\\\/2024\\\/11\\\/27\\\/se-celebraron-los-90-anos-de-la-escuela-primaria-n-10\\\/#primaryimage\"},\"image\":{\"@id\":\"https:\\\/\\\/diarioprincipios.com\\\/index.php\\\/2024\\\/11\\\/27\\\/se-celebraron-los-90-anos-de-la-escuela-primaria-n-10\\\/#primaryimage\"},\"thumbnailUrl\":\"https:\\\/\\\/diarioprincipios.com\\\/wp-content\\\/uploads\\\/2024\\\/11\\\/LA-ESCUELA-PRIMARIA-N\u00b0-10-CELEBRO-SU-90\u00b0-ANIVERSARIO-2.jpg\",\"datePublished\":\"2024-11-27T18:20:56+00:00\",\"dateModified\":\"2024-11-27T18:20:59+00:00\",\"breadcrumb\":{\"@id\":\"https:\\\/\\\/diarioprincipios.com\\\/index.php\\\/2024\\\/11\\\/27\\\/se-celebraron-los-90-anos-de-la-escuela-primaria-n-10\\\/#breadcrumb\"},\"inLanguage\":\"es\",\"potentialAction\":[{\"@type\":\"ReadAction\",\"target\":[\"https:\\\/\\\/diarioprincipios.com\\\/index.php\\\/2024\\\/11\\\/27\\\/se-celebraron-los-90-anos-de-la-escuela-primaria-n-10\\\/\"]}]},{\"@type\":\"ImageObject\",\"inLanguage\":\"es\",\"@id\":\"https:\\\/\\\/diarioprincipios.com\\\/index.php\\\/2024\\\/11\\\/27\\\/se-celebraron-los-90-anos-de-la-escuela-primaria-n-10\\\/#primaryimage\",\"url\":\"https:\\\/\\\/diarioprincipios.com\\\/wp-content\\\/uploads\\\/2024\\\/11\\\/LA-ESCUELA-PRIMARIA-N\u00b0-10-CELEBRO-SU-90\u00b0-ANIVERSARIO-2.jpg\",\"contentUrl\":\"https:\\\/\\\/diarioprincipios.com\\\/wp-content\\\/uploads\\\/2024\\\/11\\\/LA-ESCUELA-PRIMARIA-N\u00b0-10-CELEBRO-SU-90\u00b0-ANIVERSARIO-2.jpg\",\"width\":1920,\"height\":1280},{\"@type\":\"BreadcrumbList\",\"@id\":\"https:\\\/\\\/diarioprincipios.com\\\/index.php\\\/2024\\\/11\\\/27\\\/se-celebraron-los-90-anos-de-la-escuela-primaria-n-10\\\/#breadcrumb\",\"itemListElement\":[{\"@type\":\"ListItem\",\"position\":1,\"name\":\"Portada\",\"item\":\"https:\\\/\\\/diarioprincipios.com\\\/\"},{\"@type\":\"ListItem\",\"position\":2,\"name\":\"Se celebraron los 90 a\u00f1os de la Escuela Primaria N\u00b0 10\"}]},{\"@type\":\"WebSite\",\"@id\":\"https:\\\/\\\/diarioprincipios.com\\\/#website\",\"url\":\"https:\\\/\\\/diarioprincipios.com\\\/\",\"name\":\"Principios\",\"description\":\"Principios Diario\",\"publisher\":{\"@id\":\"https:\\\/\\\/diarioprincipios.com\\\/#organization\"},\"potentialAction\":[{\"@type\":\"SearchAction\",\"target\":{\"@type\":\"EntryPoint\",\"urlTemplate\":\"https:\\\/\\\/diarioprincipios.com\\\/?s={search_term_string}\"},\"query-input\":{\"@type\":\"PropertyValueSpecification\",\"valueRequired\":true,\"valueName\":\"search_term_string\"}}],\"inLanguage\":\"es\"},{\"@type\":\"Organization\",\"@id\":\"https:\\\/\\\/diarioprincipios.com\\\/#organization\",\"name\":\"Principios\",\"url\":\"https:\\\/\\\/diarioprincipios.com\\\/\",\"logo\":{\"@type\":\"ImageObject\",\"inLanguage\":\"es\",\"@id\":\"https:\\\/\\\/diarioprincipios.com\\\/#\\\/schema\\\/logo\\\/image\\\/\",\"url\":\"https:\\\/\\\/diarioprincipios.com\\\/wp-content\\\/uploads\\\/2024\\\/04\\\/cropped-www.diarioprincipios.com_-1.png\",\"contentUrl\":\"https:\\\/\\\/diarioprincipios.com\\\/wp-content\\\/uploads\\\/2024\\\/04\\\/cropped-www.diarioprincipios.com_-1.png\",\"width\":5325,\"height\":1454,\"caption\":\"Principios\"},\"image\":{\"@id\":\"https:\\\/\\\/diarioprincipios.com\\\/#\\\/schema\\\/logo\\\/image\\\/\"}},{\"@type\":\"Person\",\"@id\":\"https:\\\/\\\/diarioprincipios.com\\\/#\\\/schema\\\/person\\\/436d5a1fd41a5e250e23ff5a6a7cb080\",\"name\":\"Hern\u00e1n L\u00f3pez\",\"image\":{\"@type\":\"ImageObject\",\"inLanguage\":\"es\",\"@id\":\"https:\\\/\\\/diarioprincipios.com\\\/wp-content\\\/litespeed\\\/avatar\\\/11ddfe5610ff3bd100522525b2571f48.jpg?ver=1777048341\",\"url\":\"https:\\\/\\\/diarioprincipios.com\\\/wp-content\\\/litespeed\\\/avatar\\\/11ddfe5610ff3bd100522525b2571f48.jpg?ver=1777048341\",\"contentUrl\":\"https:\\\/\\\/diarioprincipios.com\\\/wp-content\\\/litespeed\\\/avatar\\\/11ddfe5610ff3bd100522525b2571f48.jpg?ver=1777048341\",\"caption\":\"Hern\u00e1n L\u00f3pez\"},\"url\":\"https:\\\/\\\/diarioprincipios.com\\\/index.php\\\/author\\\/hernan\\\/\"}]}<\/script>\n<!-- \/ Yoast SEO plugin. -->","yoast_head_json":{"title":"Se celebraron los 90 a\u00f1os de la Escuela Primaria N\u00b0 10 - Principios","robots":{"index":"index","follow":"follow","max-snippet":"max-snippet:-1","max-image-preview":"max-image-preview:large","max-video-preview":"max-video-preview:-1"},"canonical":"https:\/\/diarioprincipios.com\/index.php\/2024\/11\/27\/se-celebraron-los-90-anos-de-la-escuela-primaria-n-10\/","og_locale":"es_ES","og_type":"article","og_title":"Se celebraron los 90 a\u00f1os de la Escuela Primaria N\u00b0 10 - Principios","og_description":"Se celebraron los 90 a\u00f1os de la Escuela Primaria N\u00b0 10 \u201cDr. Ricardo Guti\u00e9rrez\u201d, de Sourigues. El intendente de Berazategui, Juan Jos\u00e9 Mussi, particip\u00f3 de los festejos y le obsequi\u00f3 un televisor LED 50\u201d a la instituci\u00f3n. \u201cEs tan importante y tan reconfortante estar hoy aqu\u00ed. Estas son las cosas lindas de la Escuela P\u00fablica;...","og_url":"https:\/\/diarioprincipios.com\/index.php\/2024\/11\/27\/se-celebraron-los-90-anos-de-la-escuela-primaria-n-10\/","og_site_name":"Principios","article_published_time":"2024-11-27T18:20:56+00:00","article_modified_time":"2024-11-27T18:20:59+00:00","og_image":[{"width":1920,"height":1280,"url":"https:\/\/diarioprincipios.com\/wp-content\/uploads\/2024\/11\/LA-ESCUELA-PRIMARIA-N\u00b0-10-CELEBRO-SU-90\u00b0-ANIVERSARIO-2.jpg","type":"image\/jpeg"}],"author":"Hern\u00e1n L\u00f3pez","twitter_card":"summary_large_image","twitter_misc":{"Escrito por":"Hern\u00e1n L\u00f3pez","Tiempo de lectura":"2 minutos"},"schema":{"@context":"https:\/\/schema.org","@graph":[{"@type":"Article","@id":"https:\/\/diarioprincipios.com\/index.php\/2024\/11\/27\/se-celebraron-los-90-anos-de-la-escuela-primaria-n-10\/#article","isPartOf":{"@id":"https:\/\/diarioprincipios.com\/index.php\/2024\/11\/27\/se-celebraron-los-90-anos-de-la-escuela-primaria-n-10\/"},"author":{"name":"Hern\u00e1n L\u00f3pez","@id":"https:\/\/diarioprincipios.com\/#\/schema\/person\/436d5a1fd41a5e250e23ff5a6a7cb080"},"headline":"Se celebraron los 90 a\u00f1os de la Escuela Primaria N\u00b0 10","datePublished":"2024-11-27T18:20:56+00:00","dateModified":"2024-11-27T18:20:59+00:00","mainEntityOfPage":{"@id":"https:\/\/diarioprincipios.com\/index.php\/2024\/11\/27\/se-celebraron-los-90-anos-de-la-escuela-primaria-n-10\/"},"wordCount":244,"commentCount":0,"publisher":{"@id":"https:\/\/diarioprincipios.com\/#organization"},"image":{"@id":"https:\/\/diarioprincipios.com\/index.php\/2024\/11\/27\/se-celebraron-los-90-anos-de-la-escuela-primaria-n-10\/#primaryimage"},"thumbnailUrl":"https:\/\/diarioprincipios.com\/wp-content\/uploads\/2024\/11\/LA-ESCUELA-PRIMARIA-N\u00b0-10-CELEBRO-SU-90\u00b0-ANIVERSARIO-2.jpg","articleSection":["Berazategui","Cultura y Educaci\u00f3n"],"inLanguage":"es","potentialAction":[{"@type":"CommentAction","name":"Comment","target":["https:\/\/diarioprincipios.com\/index.php\/2024\/11\/27\/se-celebraron-los-90-anos-de-la-escuela-primaria-n-10\/#respond"]}]},{"@type":"WebPage","@id":"https:\/\/diarioprincipios.com\/index.php\/2024\/11\/27\/se-celebraron-los-90-anos-de-la-escuela-primaria-n-10\/","url":"https:\/\/diarioprincipios.com\/index.php\/2024\/11\/27\/se-celebraron-los-90-anos-de-la-escuela-primaria-n-10\/","name":"Se celebraron los 90 a\u00f1os de la Escuela Primaria N\u00b0 10 - Principios","isPartOf":{"@id":"https:\/\/diarioprincipios.com\/#website"},"primaryImageOfPage":{"@id":"https:\/\/diarioprincipios.com\/index.php\/2024\/11\/27\/se-celebraron-los-90-anos-de-la-escuela-primaria-n-10\/#primaryimage"},"image":{"@id":"https:\/\/diarioprincipios.com\/index.php\/2024\/11\/27\/se-celebraron-los-90-anos-de-la-escuela-primaria-n-10\/#primaryimage"},"thumbnailUrl":"https:\/\/diarioprincipios.com\/wp-content\/uploads\/2024\/11\/LA-ESCUELA-PRIMARIA-N\u00b0-10-CELEBRO-SU-90\u00b0-ANIVERSARIO-2.jpg","datePublished":"2024-11-27T18:20:56+00:00","dateModified":"2024-11-27T18:20:59+00:00","breadcrumb":{"@id":"https:\/\/diarioprincipios.com\/index.php\/2024\/11\/27\/se-celebraron-los-90-anos-de-la-escuela-primaria-n-10\/#breadcrumb"},"inLanguage":"es","potentialAction":[{"@type":"ReadAction","target":["https:\/\/diarioprincipios.com\/index.php\/2024\/11\/27\/se-celebraron-los-90-anos-de-la-escuela-primaria-n-10\/"]}]},{"@type":"ImageObject","inLanguage":"es","@id":"https:\/\/diarioprincipios.com\/index.php\/2024\/11\/27\/se-celebraron-los-90-anos-de-la-escuela-primaria-n-10\/#primaryimage","url":"https:\/\/diarioprincipios.com\/wp-content\/uploads\/2024\/11\/LA-ESCUELA-PRIMARIA-N\u00b0-10-CELEBRO-SU-90\u00b0-ANIVERSARIO-2.jpg","contentUrl":"https:\/\/diarioprincipios.com\/wp-content\/uploads\/2024\/11\/LA-ESCUELA-PRIMARIA-N\u00b0-10-CELEBRO-SU-90\u00b0-ANIVERSARIO-2.jpg","width":1920,"height":1280},{"@type":"BreadcrumbList","@id":"https:\/\/diarioprincipios.com\/index.php\/2024\/11\/27\/se-celebraron-los-90-anos-de-la-escuela-primaria-n-10\/#breadcrumb","itemListElement":[{"@type":"ListItem","position":1,"name":"Portada","item":"https:\/\/diarioprincipios.com\/"},{"@type":"ListItem","position":2,"name":"Se celebraron los 90 a\u00f1os de la Escuela Primaria N\u00b0 10"}]},{"@type":"WebSite","@id":"https:\/\/diarioprincipios.com\/#website","url":"https:\/\/diarioprincipios.com\/","name":"Principios","description":"Principios Diario","publisher":{"@id":"https:\/\/diarioprincipios.com\/#organization"},"potentialAction":[{"@type":"SearchAction","target":{"@type":"EntryPoint","urlTemplate":"https:\/\/diarioprincipios.com\/?s={search_term_string}"},"query-input":{"@type":"PropertyValueSpecification","valueRequired":true,"valueName":"search_term_string"}}],"inLanguage":"es"},{"@type":"Organization","@id":"https:\/\/diarioprincipios.com\/#organization","name":"Principios","url":"https:\/\/diarioprincipios.com\/","logo":{"@type":"ImageObject","inLanguage":"es","@id":"https:\/\/diarioprincipios.com\/#\/schema\/logo\/image\/","url":"https:\/\/diarioprincipios.com\/wp-content\/uploads\/2024\/04\/cropped-www.diarioprincipios.com_-1.png","contentUrl":"https:\/\/diarioprincipios.com\/wp-content\/uploads\/2024\/04\/cropped-www.diarioprincipios.com_-1.png","width":5325,"height":1454,"caption":"Principios"},"image":{"@id":"https:\/\/diarioprincipios.com\/#\/schema\/logo\/image\/"}},{"@type":"Person","@id":"https:\/\/diarioprincipios.com\/#\/schema\/person\/436d5a1fd41a5e250e23ff5a6a7cb080","name":"Hern\u00e1n L\u00f3pez","image":{"@type":"ImageObject","inLanguage":"es","@id":"https:\/\/diarioprincipios.com\/wp-content\/litespeed\/avatar\/11ddfe5610ff3bd100522525b2571f48.jpg?ver=1777048341","url":"https:\/\/diarioprincipios.com\/wp-content\/litespeed\/avatar\/11ddfe5610ff3bd100522525b2571f48.jpg?ver=1777048341","contentUrl":"https:\/\/diarioprincipios.com\/wp-content\/litespeed\/avatar\/11ddfe5610ff3bd100522525b2571f48.jpg?ver=1777048341","caption":"Hern\u00e1n L\u00f3pez"},"url":"https:\/\/diarioprincipios.com\/index.php\/author\/hernan\/"}]}},"jetpack_featured_media_url":"https:\/\/diarioprincipios.com\/wp-content\/uploads\/2024\/11\/LA-ESCUELA-PRIMARIA-N\u00b0-10-CELEBRO-SU-90\u00b0-ANIVERSARIO-2.jpg","_links":{"self":[{"href":"https:\/\/diarioprincipios.com\/index.php\/wp-json\/wp\/v2\/posts\/23652","targetHints":{"allow":["GET"]}}],"collection":[{"href":"https:\/\/diarioprincipios.com\/index.php\/wp-json\/wp\/v2\/posts"}],"about":[{"href":"https:\/\/diarioprincipios.com\/index.php\/wp-json\/wp\/v2\/types\/post"}],"author":[{"embeddable":true,"href":"https:\/\/diarioprincipios.com\/index.php\/wp-json\/wp\/v2\/users\/2"}],"replies":[{"embeddable":true,"href":"https:\/\/diarioprincipios.com\/index.php\/wp-json\/wp\/v2\/comments?post=23652"}],"version-history":[{"count":1,"href":"https:\/\/diarioprincipios.com\/index.php\/wp-json\/wp\/v2\/posts\/23652\/revisions"}],"predecessor-version":[{"id":23656,"href":"https:\/\/diarioprincipios.com\/index.php\/wp-json\/wp\/v2\/posts\/23652\/revisions\/23656"}],"wp:featuredmedia":[{"embeddable":true,"href":"https:\/\/diarioprincipios.com\/index.php\/wp-json\/wp\/v2\/media\/23655"}],"wp:attachment":[{"href":"https:\/\/diarioprincipios.com\/index.php\/wp-json\/wp\/v2\/media?parent=23652"}],"wp:term":[{"taxonomy":"category","embeddable":true,"href":"https:\/\/diarioprincipios.com\/index.php\/wp-json\/wp\/v2\/categories?post=23652"},{"taxonomy":"post_tag","embeddable":true,"href":"https:\/\/diarioprincipios.com\/index.php\/wp-json\/wp\/v2\/tags?post=23652"}],"curies":[{"name":"wp","href":"https:\/\/api.w.org\/{rel}","templated":true}]}}