{"id":23640,"date":"2024-11-26T23:02:35","date_gmt":"2024-11-27T02:02:35","guid":{"rendered":"http:\/\/diarioprincipios.com\/?p=23640"},"modified":"2024-11-26T23:02:38","modified_gmt":"2024-11-27T02:02:38","slug":"estudiantes-de-talleres-y-escuelas-municipales-de-berazategui-brillaron-en-la-mae","status":"publish","type":"post","link":"https:\/\/diarioprincipios.com\/index.php\/2024\/11\/26\/estudiantes-de-talleres-y-escuelas-municipales-de-berazategui-brillaron-en-la-mae\/","title":{"rendered":"Estudiantes de Talleres y Escuelas Municipales de Berazategui brillaron en la MAE"},"content":{"rendered":"\n<p>Se realiz\u00f3 la 32\u00b0 edici\u00f3n de la Muestra Anual Educativa (MAE), un emblem\u00e1tico evento que tiene como objetivo exhibir el trabajo y la producci\u00f3n anual de las y los estudiantes que participan en los talleres de las \u00c1reas Educativas y las Escuelas Municipales de Artesan\u00edas, Cer\u00e1mica, Fotograf\u00eda, M\u00fasica y Vidrio. Adem\u00e1s, hubo n\u00fameros art\u00edsticos y distintas propuestas recreativas, l\u00fadicas y participativas para disfrutar en familia o con amigos.<\/p>\n\n\n\n<figure class=\"wp-block-image size-large\"><img loading=\"lazy\" decoding=\"async\" width=\"1024\" height=\"683\" src=\"https:\/\/diarioprincipios.com\/wp-content\/uploads\/2024\/11\/ESTUDIANTES-DE-TALLERES-Y-ESCUELAS-MUNICIPALES-DE-BERAZATEGUI-BRILLARON-EN-LA-MAE-2-1024x683.jpg\" alt=\"\" class=\"wp-image-23641\" srcset=\"https:\/\/diarioprincipios.com\/wp-content\/uploads\/2024\/11\/ESTUDIANTES-DE-TALLERES-Y-ESCUELAS-MUNICIPALES-DE-BERAZATEGUI-BRILLARON-EN-LA-MAE-2-1024x683.jpg 1024w, https:\/\/diarioprincipios.com\/wp-content\/uploads\/2024\/11\/ESTUDIANTES-DE-TALLERES-Y-ESCUELAS-MUNICIPALES-DE-BERAZATEGUI-BRILLARON-EN-LA-MAE-2-300x200.jpg 300w, https:\/\/diarioprincipios.com\/wp-content\/uploads\/2024\/11\/ESTUDIANTES-DE-TALLERES-Y-ESCUELAS-MUNICIPALES-DE-BERAZATEGUI-BRILLARON-EN-LA-MAE-2-768x512.jpg 768w, https:\/\/diarioprincipios.com\/wp-content\/uploads\/2024\/11\/ESTUDIANTES-DE-TALLERES-Y-ESCUELAS-MUNICIPALES-DE-BERAZATEGUI-BRILLARON-EN-LA-MAE-2-1536x1024.jpg 1536w, https:\/\/diarioprincipios.com\/wp-content\/uploads\/2024\/11\/ESTUDIANTES-DE-TALLERES-Y-ESCUELAS-MUNICIPALES-DE-BERAZATEGUI-BRILLARON-EN-LA-MAE-2-600x400.jpg 600w, https:\/\/diarioprincipios.com\/wp-content\/uploads\/2024\/11\/ESTUDIANTES-DE-TALLERES-Y-ESCUELAS-MUNICIPALES-DE-BERAZATEGUI-BRILLARON-EN-LA-MAE-2.jpg 1920w\" sizes=\"auto, (max-width: 1024px) 100vw, 1024px\" \/><\/figure>\n\n\n\n<p>La MAE es organizada todos los a\u00f1os por la Secretar\u00eda de Cultura y Educaci\u00f3n, a cargo de Federico L\u00f3pez, por impulso del intendente Juan Jos\u00e9 Mussi. En esta edici\u00f3n 2024, se realiz\u00f3 durante el s\u00e1bado 23 y domingo 24 de noviembre, en la Plaza San Mart\u00edn.<\/p>\n\n\n\n<p>Cecilia Castillo, una de las estudiantes de la Escuela de Danzas, donde forma parte del \u201cTaller de puesta en escena de Tango\u201d, afirm\u00f3: \u201cLa MAE, para m\u00ed, significa mucho porque mostramos lo que aprendimos durante todo el a\u00f1o. Estoy muy contenta por participar, pero principalmente por la posibilidad que me brinda Berazategui de aprender a bailar tango\u201d.<\/p>\n\n\n\n<figure class=\"wp-block-image size-large\"><img loading=\"lazy\" decoding=\"async\" width=\"1024\" height=\"683\" src=\"https:\/\/diarioprincipios.com\/wp-content\/uploads\/2024\/11\/ESTUDIANTES-DE-TALLERES-Y-ESCUELAS-MUNICIPALES-DE-BERAZATEGUI-BRILLARON-EN-LA-MAE-1024x683.jpg\" alt=\"\" class=\"wp-image-23642\" srcset=\"https:\/\/diarioprincipios.com\/wp-content\/uploads\/2024\/11\/ESTUDIANTES-DE-TALLERES-Y-ESCUELAS-MUNICIPALES-DE-BERAZATEGUI-BRILLARON-EN-LA-MAE-1024x683.jpg 1024w, https:\/\/diarioprincipios.com\/wp-content\/uploads\/2024\/11\/ESTUDIANTES-DE-TALLERES-Y-ESCUELAS-MUNICIPALES-DE-BERAZATEGUI-BRILLARON-EN-LA-MAE-300x200.jpg 300w, https:\/\/diarioprincipios.com\/wp-content\/uploads\/2024\/11\/ESTUDIANTES-DE-TALLERES-Y-ESCUELAS-MUNICIPALES-DE-BERAZATEGUI-BRILLARON-EN-LA-MAE-768x512.jpg 768w, https:\/\/diarioprincipios.com\/wp-content\/uploads\/2024\/11\/ESTUDIANTES-DE-TALLERES-Y-ESCUELAS-MUNICIPALES-DE-BERAZATEGUI-BRILLARON-EN-LA-MAE-1536x1024.jpg 1536w, https:\/\/diarioprincipios.com\/wp-content\/uploads\/2024\/11\/ESTUDIANTES-DE-TALLERES-Y-ESCUELAS-MUNICIPALES-DE-BERAZATEGUI-BRILLARON-EN-LA-MAE-600x400.jpg 600w, https:\/\/diarioprincipios.com\/wp-content\/uploads\/2024\/11\/ESTUDIANTES-DE-TALLERES-Y-ESCUELAS-MUNICIPALES-DE-BERAZATEGUI-BRILLARON-EN-LA-MAE.jpg 1920w\" sizes=\"auto, (max-width: 1024px) 100vw, 1024px\" \/><\/figure>\n\n\n\n<p>En tanto, Matilde Aranda, estudiante de la Escuela de Cer\u00e1mica, expres\u00f3: \u201cEs la primera vez que participo de la MAE; hay much\u00edsima gente que viene a disfrutar de la cultura. Estoy encantada con la movida cultural de Berazategui, porque es mucha la oferta educativa que hay\u201d.<\/p>\n\n\n\n<p>A su vez, Antonio Messino, integrante de la Escuela del Vidrio, se\u00f1al\u00f3: \u201cPas\u00e9 por muchos de los talleres que ofrece la Escuela y quiero destacar la calidad de profesores con los que cuenta. Adem\u00e1s, se forman grandes grupos humanos, algo invaluable. Con la MAE coronamos todo lo que hacemos en el a\u00f1o; se trata de compartir nuestras creaciones con la comunidad\u201d.<\/p>\n\n\n\n<figure class=\"wp-block-image size-large\"><img loading=\"lazy\" decoding=\"async\" width=\"1024\" height=\"683\" src=\"https:\/\/diarioprincipios.com\/wp-content\/uploads\/2024\/11\/ESTUDIANTES-DE-TALLERES-Y-ESCUELAS-MUNICIPALES-DE-BERAZATEGUI-BRILLARON-EN-LA-MAE-3-1024x683.jpg\" alt=\"\" class=\"wp-image-23643\" srcset=\"https:\/\/diarioprincipios.com\/wp-content\/uploads\/2024\/11\/ESTUDIANTES-DE-TALLERES-Y-ESCUELAS-MUNICIPALES-DE-BERAZATEGUI-BRILLARON-EN-LA-MAE-3-1024x683.jpg 1024w, https:\/\/diarioprincipios.com\/wp-content\/uploads\/2024\/11\/ESTUDIANTES-DE-TALLERES-Y-ESCUELAS-MUNICIPALES-DE-BERAZATEGUI-BRILLARON-EN-LA-MAE-3-300x200.jpg 300w, https:\/\/diarioprincipios.com\/wp-content\/uploads\/2024\/11\/ESTUDIANTES-DE-TALLERES-Y-ESCUELAS-MUNICIPALES-DE-BERAZATEGUI-BRILLARON-EN-LA-MAE-3-768x512.jpg 768w, https:\/\/diarioprincipios.com\/wp-content\/uploads\/2024\/11\/ESTUDIANTES-DE-TALLERES-Y-ESCUELAS-MUNICIPALES-DE-BERAZATEGUI-BRILLARON-EN-LA-MAE-3-1536x1024.jpg 1536w, https:\/\/diarioprincipios.com\/wp-content\/uploads\/2024\/11\/ESTUDIANTES-DE-TALLERES-Y-ESCUELAS-MUNICIPALES-DE-BERAZATEGUI-BRILLARON-EN-LA-MAE-3-600x400.jpg 600w, https:\/\/diarioprincipios.com\/wp-content\/uploads\/2024\/11\/ESTUDIANTES-DE-TALLERES-Y-ESCUELAS-MUNICIPALES-DE-BERAZATEGUI-BRILLARON-EN-LA-MAE-3.jpg 1920w\" sizes=\"auto, (max-width: 1024px) 100vw, 1024px\" \/><\/figure>\n\n\n\n<p>Uno de los espect\u00e1culos que se llev\u00f3 a cabo fue la presentaci\u00f3n del cantante y violinista N\u00e9stor Garnica, quien destac\u00f3: \u201cEs muy lindo que haya estos encuentros culturales, donde las familias pueden disfrutar de distintas expresiones art\u00edsticas y divertirse\u201d.<\/p>\n\n\n\n<p>A lo largo de las dos jornadas, tambi\u00e9n hubo actividades de los Complejos Culturales Municipales La Casa de la Estaci\u00f3n y La Calle, el \u00e1rea de Industrias Creativas, los Museos Municipales y el m\u00f3vil de Cultura Colectiva. Asimismo, participaron instituciones emblem\u00e1ticas, como el Autoclub de Berazategui, el Club de Leones y los Ballets Tradicionalistas.<\/p>\n","protected":false},"excerpt":{"rendered":"<p>Se realiz\u00f3 la 32\u00b0 edici\u00f3n de la Muestra Anual Educativa (MAE), un emblem\u00e1tico evento que tiene como objetivo exhibir el trabajo y la producci\u00f3n anual de las y los estudiantes que participan en los talleres de las \u00c1reas Educativas y las Escuelas Municipales de Artesan\u00edas, Cer\u00e1mica, Fotograf\u00eda, M\u00fasica y Vidrio. Adem\u00e1s, hubo n\u00fameros art\u00edsticos y&#8230;<\/p>\n","protected":false},"author":2,"featured_media":23644,"comment_status":"open","ping_status":"open","sticky":false,"template":"","format":"standard","meta":{"footnotes":""},"categories":[3,19],"tags":[],"class_list":["post-23640","post","type-post","status-publish","format-standard","has-post-thumbnail","hentry","category-berazategui","category-cultura-educacion"],"featured_image_src":"https:\/\/diarioprincipios.com\/wp-content\/uploads\/2024\/11\/ESTUDIANTES-DE-TALLERES-Y-ESCUELAS-MUNICIPALES-DE-BERAZATEGUI-BRILLARON-EN-LA-MAE-1-1024x683.jpg","blog_images":{"medium":"https:\/\/diarioprincipios.com\/wp-content\/uploads\/2024\/11\/ESTUDIANTES-DE-TALLERES-Y-ESCUELAS-MUNICIPALES-DE-BERAZATEGUI-BRILLARON-EN-LA-MAE-1-300x200.jpg","large":"https:\/\/diarioprincipios.com\/wp-content\/uploads\/2024\/11\/ESTUDIANTES-DE-TALLERES-Y-ESCUELAS-MUNICIPALES-DE-BERAZATEGUI-BRILLARON-EN-LA-MAE-1-1024x683.jpg"},"ams_acf":[],"yoast_head":"<!-- This site is optimized with the Yoast SEO plugin v27.3 - https:\/\/yoast.com\/product\/yoast-seo-wordpress\/ -->\n<title>Estudiantes de Talleres y Escuelas Municipales de Berazategui brillaron en la MAE - Principios<\/title>\n<meta name=\"robots\" content=\"index, follow, max-snippet:-1, max-image-preview:large, max-video-preview:-1\" \/>\n<link rel=\"canonical\" href=\"https:\/\/diarioprincipios.com\/index.php\/2024\/11\/26\/estudiantes-de-talleres-y-escuelas-municipales-de-berazategui-brillaron-en-la-mae\/\" \/>\n<meta property=\"og:locale\" content=\"es_ES\" \/>\n<meta property=\"og:type\" content=\"article\" \/>\n<meta property=\"og:title\" content=\"Estudiantes de Talleres y Escuelas Municipales de Berazategui brillaron en la MAE - Principios\" \/>\n<meta property=\"og:description\" content=\"Se realiz\u00f3 la 32\u00b0 edici\u00f3n de la Muestra Anual Educativa (MAE), un emblem\u00e1tico evento que tiene como objetivo exhibir el trabajo y la producci\u00f3n anual de las y los estudiantes que participan en los talleres de las \u00c1reas Educativas y las Escuelas Municipales de Artesan\u00edas, Cer\u00e1mica, Fotograf\u00eda, M\u00fasica y Vidrio. Adem\u00e1s, hubo n\u00fameros art\u00edsticos y...\" \/>\n<meta property=\"og:url\" content=\"https:\/\/diarioprincipios.com\/index.php\/2024\/11\/26\/estudiantes-de-talleres-y-escuelas-municipales-de-berazategui-brillaron-en-la-mae\/\" \/>\n<meta property=\"og:site_name\" content=\"Principios\" \/>\n<meta property=\"article:published_time\" content=\"2024-11-27T02:02:35+00:00\" \/>\n<meta property=\"article:modified_time\" content=\"2024-11-27T02:02:38+00:00\" \/>\n<meta property=\"og:image\" content=\"https:\/\/diarioprincipios.com\/wp-content\/uploads\/2024\/11\/ESTUDIANTES-DE-TALLERES-Y-ESCUELAS-MUNICIPALES-DE-BERAZATEGUI-BRILLARON-EN-LA-MAE-1.jpg\" \/>\n\t<meta property=\"og:image:width\" content=\"1920\" \/>\n\t<meta property=\"og:image:height\" content=\"1281\" \/>\n\t<meta property=\"og:image:type\" content=\"image\/jpeg\" \/>\n<meta name=\"author\" content=\"Hern\u00e1n L\u00f3pez\" \/>\n<meta name=\"twitter:card\" content=\"summary_large_image\" \/>\n<meta name=\"twitter:label1\" content=\"Escrito por\" \/>\n\t<meta name=\"twitter:data1\" content=\"Hern\u00e1n L\u00f3pez\" \/>\n\t<meta name=\"twitter:label2\" content=\"Tiempo de lectura\" \/>\n\t<meta name=\"twitter:data2\" content=\"3 minutos\" \/>\n<script type=\"application\/ld+json\" class=\"yoast-schema-graph\">{\"@context\":\"https:\\\/\\\/schema.org\",\"@graph\":[{\"@type\":\"Article\",\"@id\":\"https:\\\/\\\/diarioprincipios.com\\\/index.php\\\/2024\\\/11\\\/26\\\/estudiantes-de-talleres-y-escuelas-municipales-de-berazategui-brillaron-en-la-mae\\\/#article\",\"isPartOf\":{\"@id\":\"https:\\\/\\\/diarioprincipios.com\\\/index.php\\\/2024\\\/11\\\/26\\\/estudiantes-de-talleres-y-escuelas-municipales-de-berazategui-brillaron-en-la-mae\\\/\"},\"author\":{\"name\":\"Hern\u00e1n L\u00f3pez\",\"@id\":\"https:\\\/\\\/diarioprincipios.com\\\/#\\\/schema\\\/person\\\/436d5a1fd41a5e250e23ff5a6a7cb080\"},\"headline\":\"Estudiantes de Talleres y Escuelas Municipales de Berazategui brillaron en la MAE\",\"datePublished\":\"2024-11-27T02:02:35+00:00\",\"dateModified\":\"2024-11-27T02:02:38+00:00\",\"mainEntityOfPage\":{\"@id\":\"https:\\\/\\\/diarioprincipios.com\\\/index.php\\\/2024\\\/11\\\/26\\\/estudiantes-de-talleres-y-escuelas-municipales-de-berazategui-brillaron-en-la-mae\\\/\"},\"wordCount\":411,\"commentCount\":0,\"publisher\":{\"@id\":\"https:\\\/\\\/diarioprincipios.com\\\/#organization\"},\"image\":{\"@id\":\"https:\\\/\\\/diarioprincipios.com\\\/index.php\\\/2024\\\/11\\\/26\\\/estudiantes-de-talleres-y-escuelas-municipales-de-berazategui-brillaron-en-la-mae\\\/#primaryimage\"},\"thumbnailUrl\":\"https:\\\/\\\/diarioprincipios.com\\\/wp-content\\\/uploads\\\/2024\\\/11\\\/ESTUDIANTES-DE-TALLERES-Y-ESCUELAS-MUNICIPALES-DE-BERAZATEGUI-BRILLARON-EN-LA-MAE-1.jpg\",\"articleSection\":[\"Berazategui\",\"Cultura y Educaci\u00f3n\"],\"inLanguage\":\"es\",\"potentialAction\":[{\"@type\":\"CommentAction\",\"name\":\"Comment\",\"target\":[\"https:\\\/\\\/diarioprincipios.com\\\/index.php\\\/2024\\\/11\\\/26\\\/estudiantes-de-talleres-y-escuelas-municipales-de-berazategui-brillaron-en-la-mae\\\/#respond\"]}]},{\"@type\":\"WebPage\",\"@id\":\"https:\\\/\\\/diarioprincipios.com\\\/index.php\\\/2024\\\/11\\\/26\\\/estudiantes-de-talleres-y-escuelas-municipales-de-berazategui-brillaron-en-la-mae\\\/\",\"url\":\"https:\\\/\\\/diarioprincipios.com\\\/index.php\\\/2024\\\/11\\\/26\\\/estudiantes-de-talleres-y-escuelas-municipales-de-berazategui-brillaron-en-la-mae\\\/\",\"name\":\"Estudiantes de Talleres y Escuelas Municipales de Berazategui brillaron en la MAE - Principios\",\"isPartOf\":{\"@id\":\"https:\\\/\\\/diarioprincipios.com\\\/#website\"},\"primaryImageOfPage\":{\"@id\":\"https:\\\/\\\/diarioprincipios.com\\\/index.php\\\/2024\\\/11\\\/26\\\/estudiantes-de-talleres-y-escuelas-municipales-de-berazategui-brillaron-en-la-mae\\\/#primaryimage\"},\"image\":{\"@id\":\"https:\\\/\\\/diarioprincipios.com\\\/index.php\\\/2024\\\/11\\\/26\\\/estudiantes-de-talleres-y-escuelas-municipales-de-berazategui-brillaron-en-la-mae\\\/#primaryimage\"},\"thumbnailUrl\":\"https:\\\/\\\/diarioprincipios.com\\\/wp-content\\\/uploads\\\/2024\\\/11\\\/ESTUDIANTES-DE-TALLERES-Y-ESCUELAS-MUNICIPALES-DE-BERAZATEGUI-BRILLARON-EN-LA-MAE-1.jpg\",\"datePublished\":\"2024-11-27T02:02:35+00:00\",\"dateModified\":\"2024-11-27T02:02:38+00:00\",\"breadcrumb\":{\"@id\":\"https:\\\/\\\/diarioprincipios.com\\\/index.php\\\/2024\\\/11\\\/26\\\/estudiantes-de-talleres-y-escuelas-municipales-de-berazategui-brillaron-en-la-mae\\\/#breadcrumb\"},\"inLanguage\":\"es\",\"potentialAction\":[{\"@type\":\"ReadAction\",\"target\":[\"https:\\\/\\\/diarioprincipios.com\\\/index.php\\\/2024\\\/11\\\/26\\\/estudiantes-de-talleres-y-escuelas-municipales-de-berazategui-brillaron-en-la-mae\\\/\"]}]},{\"@type\":\"ImageObject\",\"inLanguage\":\"es\",\"@id\":\"https:\\\/\\\/diarioprincipios.com\\\/index.php\\\/2024\\\/11\\\/26\\\/estudiantes-de-talleres-y-escuelas-municipales-de-berazategui-brillaron-en-la-mae\\\/#primaryimage\",\"url\":\"https:\\\/\\\/diarioprincipios.com\\\/wp-content\\\/uploads\\\/2024\\\/11\\\/ESTUDIANTES-DE-TALLERES-Y-ESCUELAS-MUNICIPALES-DE-BERAZATEGUI-BRILLARON-EN-LA-MAE-1.jpg\",\"contentUrl\":\"https:\\\/\\\/diarioprincipios.com\\\/wp-content\\\/uploads\\\/2024\\\/11\\\/ESTUDIANTES-DE-TALLERES-Y-ESCUELAS-MUNICIPALES-DE-BERAZATEGUI-BRILLARON-EN-LA-MAE-1.jpg\",\"width\":1920,\"height\":1281},{\"@type\":\"BreadcrumbList\",\"@id\":\"https:\\\/\\\/diarioprincipios.com\\\/index.php\\\/2024\\\/11\\\/26\\\/estudiantes-de-talleres-y-escuelas-municipales-de-berazategui-brillaron-en-la-mae\\\/#breadcrumb\",\"itemListElement\":[{\"@type\":\"ListItem\",\"position\":1,\"name\":\"Portada\",\"item\":\"https:\\\/\\\/diarioprincipios.com\\\/\"},{\"@type\":\"ListItem\",\"position\":2,\"name\":\"Estudiantes de Talleres y Escuelas Municipales de Berazategui brillaron en la MAE\"}]},{\"@type\":\"WebSite\",\"@id\":\"https:\\\/\\\/diarioprincipios.com\\\/#website\",\"url\":\"https:\\\/\\\/diarioprincipios.com\\\/\",\"name\":\"Principios\",\"description\":\"Principios Diario\",\"publisher\":{\"@id\":\"https:\\\/\\\/diarioprincipios.com\\\/#organization\"},\"potentialAction\":[{\"@type\":\"SearchAction\",\"target\":{\"@type\":\"EntryPoint\",\"urlTemplate\":\"https:\\\/\\\/diarioprincipios.com\\\/?s={search_term_string}\"},\"query-input\":{\"@type\":\"PropertyValueSpecification\",\"valueRequired\":true,\"valueName\":\"search_term_string\"}}],\"inLanguage\":\"es\"},{\"@type\":\"Organization\",\"@id\":\"https:\\\/\\\/diarioprincipios.com\\\/#organization\",\"name\":\"Principios\",\"url\":\"https:\\\/\\\/diarioprincipios.com\\\/\",\"logo\":{\"@type\":\"ImageObject\",\"inLanguage\":\"es\",\"@id\":\"https:\\\/\\\/diarioprincipios.com\\\/#\\\/schema\\\/logo\\\/image\\\/\",\"url\":\"https:\\\/\\\/diarioprincipios.com\\\/wp-content\\\/uploads\\\/2024\\\/04\\\/cropped-www.diarioprincipios.com_-1.png\",\"contentUrl\":\"https:\\\/\\\/diarioprincipios.com\\\/wp-content\\\/uploads\\\/2024\\\/04\\\/cropped-www.diarioprincipios.com_-1.png\",\"width\":5325,\"height\":1454,\"caption\":\"Principios\"},\"image\":{\"@id\":\"https:\\\/\\\/diarioprincipios.com\\\/#\\\/schema\\\/logo\\\/image\\\/\"}},{\"@type\":\"Person\",\"@id\":\"https:\\\/\\\/diarioprincipios.com\\\/#\\\/schema\\\/person\\\/436d5a1fd41a5e250e23ff5a6a7cb080\",\"name\":\"Hern\u00e1n L\u00f3pez\",\"image\":{\"@type\":\"ImageObject\",\"inLanguage\":\"es\",\"@id\":\"https:\\\/\\\/diarioprincipios.com\\\/wp-content\\\/litespeed\\\/avatar\\\/11ddfe5610ff3bd100522525b2571f48.jpg?ver=1777048341\",\"url\":\"https:\\\/\\\/diarioprincipios.com\\\/wp-content\\\/litespeed\\\/avatar\\\/11ddfe5610ff3bd100522525b2571f48.jpg?ver=1777048341\",\"contentUrl\":\"https:\\\/\\\/diarioprincipios.com\\\/wp-content\\\/litespeed\\\/avatar\\\/11ddfe5610ff3bd100522525b2571f48.jpg?ver=1777048341\",\"caption\":\"Hern\u00e1n L\u00f3pez\"},\"url\":\"https:\\\/\\\/diarioprincipios.com\\\/index.php\\\/author\\\/hernan\\\/\"}]}<\/script>\n<!-- \/ Yoast SEO plugin. -->","yoast_head_json":{"title":"Estudiantes de Talleres y Escuelas Municipales de Berazategui brillaron en la MAE - Principios","robots":{"index":"index","follow":"follow","max-snippet":"max-snippet:-1","max-image-preview":"max-image-preview:large","max-video-preview":"max-video-preview:-1"},"canonical":"https:\/\/diarioprincipios.com\/index.php\/2024\/11\/26\/estudiantes-de-talleres-y-escuelas-municipales-de-berazategui-brillaron-en-la-mae\/","og_locale":"es_ES","og_type":"article","og_title":"Estudiantes de Talleres y Escuelas Municipales de Berazategui brillaron en la MAE - Principios","og_description":"Se realiz\u00f3 la 32\u00b0 edici\u00f3n de la Muestra Anual Educativa (MAE), un emblem\u00e1tico evento que tiene como objetivo exhibir el trabajo y la producci\u00f3n anual de las y los estudiantes que participan en los talleres de las \u00c1reas Educativas y las Escuelas Municipales de Artesan\u00edas, Cer\u00e1mica, Fotograf\u00eda, M\u00fasica y Vidrio. Adem\u00e1s, hubo n\u00fameros art\u00edsticos y...","og_url":"https:\/\/diarioprincipios.com\/index.php\/2024\/11\/26\/estudiantes-de-talleres-y-escuelas-municipales-de-berazategui-brillaron-en-la-mae\/","og_site_name":"Principios","article_published_time":"2024-11-27T02:02:35+00:00","article_modified_time":"2024-11-27T02:02:38+00:00","og_image":[{"width":1920,"height":1281,"url":"https:\/\/diarioprincipios.com\/wp-content\/uploads\/2024\/11\/ESTUDIANTES-DE-TALLERES-Y-ESCUELAS-MUNICIPALES-DE-BERAZATEGUI-BRILLARON-EN-LA-MAE-1.jpg","type":"image\/jpeg"}],"author":"Hern\u00e1n L\u00f3pez","twitter_card":"summary_large_image","twitter_misc":{"Escrito por":"Hern\u00e1n L\u00f3pez","Tiempo de lectura":"3 minutos"},"schema":{"@context":"https:\/\/schema.org","@graph":[{"@type":"Article","@id":"https:\/\/diarioprincipios.com\/index.php\/2024\/11\/26\/estudiantes-de-talleres-y-escuelas-municipales-de-berazategui-brillaron-en-la-mae\/#article","isPartOf":{"@id":"https:\/\/diarioprincipios.com\/index.php\/2024\/11\/26\/estudiantes-de-talleres-y-escuelas-municipales-de-berazategui-brillaron-en-la-mae\/"},"author":{"name":"Hern\u00e1n L\u00f3pez","@id":"https:\/\/diarioprincipios.com\/#\/schema\/person\/436d5a1fd41a5e250e23ff5a6a7cb080"},"headline":"Estudiantes de Talleres y Escuelas Municipales de Berazategui brillaron en la MAE","datePublished":"2024-11-27T02:02:35+00:00","dateModified":"2024-11-27T02:02:38+00:00","mainEntityOfPage":{"@id":"https:\/\/diarioprincipios.com\/index.php\/2024\/11\/26\/estudiantes-de-talleres-y-escuelas-municipales-de-berazategui-brillaron-en-la-mae\/"},"wordCount":411,"commentCount":0,"publisher":{"@id":"https:\/\/diarioprincipios.com\/#organization"},"image":{"@id":"https:\/\/diarioprincipios.com\/index.php\/2024\/11\/26\/estudiantes-de-talleres-y-escuelas-municipales-de-berazategui-brillaron-en-la-mae\/#primaryimage"},"thumbnailUrl":"https:\/\/diarioprincipios.com\/wp-content\/uploads\/2024\/11\/ESTUDIANTES-DE-TALLERES-Y-ESCUELAS-MUNICIPALES-DE-BERAZATEGUI-BRILLARON-EN-LA-MAE-1.jpg","articleSection":["Berazategui","Cultura y Educaci\u00f3n"],"inLanguage":"es","potentialAction":[{"@type":"CommentAction","name":"Comment","target":["https:\/\/diarioprincipios.com\/index.php\/2024\/11\/26\/estudiantes-de-talleres-y-escuelas-municipales-de-berazategui-brillaron-en-la-mae\/#respond"]}]},{"@type":"WebPage","@id":"https:\/\/diarioprincipios.com\/index.php\/2024\/11\/26\/estudiantes-de-talleres-y-escuelas-municipales-de-berazategui-brillaron-en-la-mae\/","url":"https:\/\/diarioprincipios.com\/index.php\/2024\/11\/26\/estudiantes-de-talleres-y-escuelas-municipales-de-berazategui-brillaron-en-la-mae\/","name":"Estudiantes de Talleres y Escuelas Municipales de Berazategui brillaron en la MAE - Principios","isPartOf":{"@id":"https:\/\/diarioprincipios.com\/#website"},"primaryImageOfPage":{"@id":"https:\/\/diarioprincipios.com\/index.php\/2024\/11\/26\/estudiantes-de-talleres-y-escuelas-municipales-de-berazategui-brillaron-en-la-mae\/#primaryimage"},"image":{"@id":"https:\/\/diarioprincipios.com\/index.php\/2024\/11\/26\/estudiantes-de-talleres-y-escuelas-municipales-de-berazategui-brillaron-en-la-mae\/#primaryimage"},"thumbnailUrl":"https:\/\/diarioprincipios.com\/wp-content\/uploads\/2024\/11\/ESTUDIANTES-DE-TALLERES-Y-ESCUELAS-MUNICIPALES-DE-BERAZATEGUI-BRILLARON-EN-LA-MAE-1.jpg","datePublished":"2024-11-27T02:02:35+00:00","dateModified":"2024-11-27T02:02:38+00:00","breadcrumb":{"@id":"https:\/\/diarioprincipios.com\/index.php\/2024\/11\/26\/estudiantes-de-talleres-y-escuelas-municipales-de-berazategui-brillaron-en-la-mae\/#breadcrumb"},"inLanguage":"es","potentialAction":[{"@type":"ReadAction","target":["https:\/\/diarioprincipios.com\/index.php\/2024\/11\/26\/estudiantes-de-talleres-y-escuelas-municipales-de-berazategui-brillaron-en-la-mae\/"]}]},{"@type":"ImageObject","inLanguage":"es","@id":"https:\/\/diarioprincipios.com\/index.php\/2024\/11\/26\/estudiantes-de-talleres-y-escuelas-municipales-de-berazategui-brillaron-en-la-mae\/#primaryimage","url":"https:\/\/diarioprincipios.com\/wp-content\/uploads\/2024\/11\/ESTUDIANTES-DE-TALLERES-Y-ESCUELAS-MUNICIPALES-DE-BERAZATEGUI-BRILLARON-EN-LA-MAE-1.jpg","contentUrl":"https:\/\/diarioprincipios.com\/wp-content\/uploads\/2024\/11\/ESTUDIANTES-DE-TALLERES-Y-ESCUELAS-MUNICIPALES-DE-BERAZATEGUI-BRILLARON-EN-LA-MAE-1.jpg","width":1920,"height":1281},{"@type":"BreadcrumbList","@id":"https:\/\/diarioprincipios.com\/index.php\/2024\/11\/26\/estudiantes-de-talleres-y-escuelas-municipales-de-berazategui-brillaron-en-la-mae\/#breadcrumb","itemListElement":[{"@type":"ListItem","position":1,"name":"Portada","item":"https:\/\/diarioprincipios.com\/"},{"@type":"ListItem","position":2,"name":"Estudiantes de Talleres y Escuelas Municipales de Berazategui brillaron en la MAE"}]},{"@type":"WebSite","@id":"https:\/\/diarioprincipios.com\/#website","url":"https:\/\/diarioprincipios.com\/","name":"Principios","description":"Principios Diario","publisher":{"@id":"https:\/\/diarioprincipios.com\/#organization"},"potentialAction":[{"@type":"SearchAction","target":{"@type":"EntryPoint","urlTemplate":"https:\/\/diarioprincipios.com\/?s={search_term_string}"},"query-input":{"@type":"PropertyValueSpecification","valueRequired":true,"valueName":"search_term_string"}}],"inLanguage":"es"},{"@type":"Organization","@id":"https:\/\/diarioprincipios.com\/#organization","name":"Principios","url":"https:\/\/diarioprincipios.com\/","logo":{"@type":"ImageObject","inLanguage":"es","@id":"https:\/\/diarioprincipios.com\/#\/schema\/logo\/image\/","url":"https:\/\/diarioprincipios.com\/wp-content\/uploads\/2024\/04\/cropped-www.diarioprincipios.com_-1.png","contentUrl":"https:\/\/diarioprincipios.com\/wp-content\/uploads\/2024\/04\/cropped-www.diarioprincipios.com_-1.png","width":5325,"height":1454,"caption":"Principios"},"image":{"@id":"https:\/\/diarioprincipios.com\/#\/schema\/logo\/image\/"}},{"@type":"Person","@id":"https:\/\/diarioprincipios.com\/#\/schema\/person\/436d5a1fd41a5e250e23ff5a6a7cb080","name":"Hern\u00e1n L\u00f3pez","image":{"@type":"ImageObject","inLanguage":"es","@id":"https:\/\/diarioprincipios.com\/wp-content\/litespeed\/avatar\/11ddfe5610ff3bd100522525b2571f48.jpg?ver=1777048341","url":"https:\/\/diarioprincipios.com\/wp-content\/litespeed\/avatar\/11ddfe5610ff3bd100522525b2571f48.jpg?ver=1777048341","contentUrl":"https:\/\/diarioprincipios.com\/wp-content\/litespeed\/avatar\/11ddfe5610ff3bd100522525b2571f48.jpg?ver=1777048341","caption":"Hern\u00e1n L\u00f3pez"},"url":"https:\/\/diarioprincipios.com\/index.php\/author\/hernan\/"}]}},"jetpack_featured_media_url":"https:\/\/diarioprincipios.com\/wp-content\/uploads\/2024\/11\/ESTUDIANTES-DE-TALLERES-Y-ESCUELAS-MUNICIPALES-DE-BERAZATEGUI-BRILLARON-EN-LA-MAE-1.jpg","_links":{"self":[{"href":"https:\/\/diarioprincipios.com\/index.php\/wp-json\/wp\/v2\/posts\/23640","targetHints":{"allow":["GET"]}}],"collection":[{"href":"https:\/\/diarioprincipios.com\/index.php\/wp-json\/wp\/v2\/posts"}],"about":[{"href":"https:\/\/diarioprincipios.com\/index.php\/wp-json\/wp\/v2\/types\/post"}],"author":[{"embeddable":true,"href":"https:\/\/diarioprincipios.com\/index.php\/wp-json\/wp\/v2\/users\/2"}],"replies":[{"embeddable":true,"href":"https:\/\/diarioprincipios.com\/index.php\/wp-json\/wp\/v2\/comments?post=23640"}],"version-history":[{"count":1,"href":"https:\/\/diarioprincipios.com\/index.php\/wp-json\/wp\/v2\/posts\/23640\/revisions"}],"predecessor-version":[{"id":23645,"href":"https:\/\/diarioprincipios.com\/index.php\/wp-json\/wp\/v2\/posts\/23640\/revisions\/23645"}],"wp:featuredmedia":[{"embeddable":true,"href":"https:\/\/diarioprincipios.com\/index.php\/wp-json\/wp\/v2\/media\/23644"}],"wp:attachment":[{"href":"https:\/\/diarioprincipios.com\/index.php\/wp-json\/wp\/v2\/media?parent=23640"}],"wp:term":[{"taxonomy":"category","embeddable":true,"href":"https:\/\/diarioprincipios.com\/index.php\/wp-json\/wp\/v2\/categories?post=23640"},{"taxonomy":"post_tag","embeddable":true,"href":"https:\/\/diarioprincipios.com\/index.php\/wp-json\/wp\/v2\/tags?post=23640"}],"curies":[{"name":"wp","href":"https:\/\/api.w.org\/{rel}","templated":true}]}}