{"id":23632,"date":"2024-11-26T11:59:08","date_gmt":"2024-11-26T14:59:08","guid":{"rendered":"http:\/\/diarioprincipios.com\/?p=23632"},"modified":"2024-11-26T11:59:11","modified_gmt":"2024-11-26T14:59:11","slug":"gran-jornada-de-festejos-por-el-152o-aniversario-de-ezpeleta","status":"publish","type":"post","link":"https:\/\/diarioprincipios.com\/index.php\/2024\/11\/26\/gran-jornada-de-festejos-por-el-152o-aniversario-de-ezpeleta\/","title":{"rendered":"Gran Jornada de festejos por el 152\u00ba aniversario de Ezpeleta"},"content":{"rendered":"\n<p>El Municipio de Quilmes celebr\u00f3 este domingo junto a cientos de vecinos, vecinas y representantes de instituciones el 152\u00ba aniversario de Ezpeleta, en una jornada que comenz\u00f3 por la ma\u00f1ana con el desfile tradicionalista sobre la avenida Centenario y Bogot\u00e1; sigui\u00f3 a la tarde con un acto formal en la plaza San Mart\u00edn, en Hip\u00f3lito Yrigoyen y Carbonari; y termin\u00f3 a la noche con una nueva edici\u00f3n del festival Somos Quilmes.<\/p>\n\n\n\n<p>Con la presencia de funcionarios municipales, el acto en la plaza San Mart\u00edn cont\u00f3 con la presencia de La Sonora de Ezpeleta. Adem\u00e1s, en la ocasi\u00f3n, se hizo entrega de reconocimientos a los integrantes de la comisi\u00f3n de festejos, Franco Buono y Osvaldo Mouso, y al historiador de Ezpeleta, Claudio Schbib, ante la presencia de integrantes de instituciones y escuelas con sus abanderados.<\/p>\n\n\n\n<figure class=\"wp-block-image size-full\"><img loading=\"lazy\" decoding=\"async\" width=\"720\" height=\"479\" src=\"https:\/\/diarioprincipios.com\/wp-content\/uploads\/2024\/11\/GRAN-JORNADA-DE-FESTEJOS-POR-EL-152o-ANIVERSARIO-DE-EZPELETA-2.jpg\" alt=\"\" class=\"wp-image-23633\" srcset=\"https:\/\/diarioprincipios.com\/wp-content\/uploads\/2024\/11\/GRAN-JORNADA-DE-FESTEJOS-POR-EL-152o-ANIVERSARIO-DE-EZPELETA-2.jpg 720w, https:\/\/diarioprincipios.com\/wp-content\/uploads\/2024\/11\/GRAN-JORNADA-DE-FESTEJOS-POR-EL-152o-ANIVERSARIO-DE-EZPELETA-2-300x200.jpg 300w, https:\/\/diarioprincipios.com\/wp-content\/uploads\/2024\/11\/GRAN-JORNADA-DE-FESTEJOS-POR-EL-152o-ANIVERSARIO-DE-EZPELETA-2-600x400.jpg 600w\" sizes=\"auto, (max-width: 720px) 100vw, 720px\" \/><\/figure>\n\n\n\n<p>Los asistentes a la jornada pudieron disfrutar de la feria gastron\u00f3mica, con una gran variedad de stands, y de los espect\u00e1culos musicales que brindaron el ballet Coraz\u00f3n Leg\u00fcero; la banda de la Escuela N\u00ba 18; Gramo de Cumbia; Amambay; Judi Colman; Los Espejos de Petrushka y Los Rayos Covers Band, antes de que se suspenda el final de la jornada por tormenta.<\/p>\n\n\n\n<p>El evento estuvo organizado por la Comisi\u00f3n de Festejos de Ezpeleta, con el acompa\u00f1amiento del Municipio de Quilmes, y en el lugar se implementaron los correspondientes protocolos de seguridad, fiscalizaci\u00f3n y limpieza para un correcto funcionamiento de las actividades previstas.<\/p>\n","protected":false},"excerpt":{"rendered":"<p>El Municipio de Quilmes celebr\u00f3 este domingo junto a cientos de vecinos, vecinas y representantes de instituciones el 152\u00ba aniversario de Ezpeleta, en una jornada que comenz\u00f3 por la ma\u00f1ana con el desfile tradicionalista sobre la avenida Centenario y Bogot\u00e1; sigui\u00f3 a la tarde con un acto formal en la plaza San Mart\u00edn, en Hip\u00f3lito&#8230;<\/p>\n","protected":false},"author":2,"featured_media":23634,"comment_status":"open","ping_status":"open","sticky":false,"template":"","format":"standard","meta":{"footnotes":""},"categories":[4,17],"tags":[],"class_list":["post-23632","post","type-post","status-publish","format-standard","has-post-thumbnail","hentry","category-quilmes","category-zona-sur"],"featured_image_src":"https:\/\/diarioprincipios.com\/wp-content\/uploads\/2024\/11\/GRAN-JORNADA-DE-FESTEJOS-POR-EL-152o-ANIVERSARIO-DE-EZPELETA-5-1024x683.jpg","blog_images":{"medium":"https:\/\/diarioprincipios.com\/wp-content\/uploads\/2024\/11\/GRAN-JORNADA-DE-FESTEJOS-POR-EL-152o-ANIVERSARIO-DE-EZPELETA-5-300x200.jpg","large":"https:\/\/diarioprincipios.com\/wp-content\/uploads\/2024\/11\/GRAN-JORNADA-DE-FESTEJOS-POR-EL-152o-ANIVERSARIO-DE-EZPELETA-5-1024x683.jpg"},"ams_acf":[],"yoast_head":"<!-- This site is optimized with the Yoast SEO plugin v27.3 - https:\/\/yoast.com\/product\/yoast-seo-wordpress\/ -->\n<title>Gran Jornada de festejos por el 152\u00ba aniversario de Ezpeleta - Principios<\/title>\n<meta name=\"robots\" content=\"index, follow, max-snippet:-1, max-image-preview:large, max-video-preview:-1\" \/>\n<link rel=\"canonical\" href=\"https:\/\/diarioprincipios.com\/index.php\/2024\/11\/26\/gran-jornada-de-festejos-por-el-152o-aniversario-de-ezpeleta\/\" \/>\n<meta property=\"og:locale\" content=\"es_ES\" \/>\n<meta property=\"og:type\" content=\"article\" \/>\n<meta property=\"og:title\" content=\"Gran Jornada de festejos por el 152\u00ba aniversario de Ezpeleta - Principios\" \/>\n<meta property=\"og:description\" content=\"El Municipio de Quilmes celebr\u00f3 este domingo junto a cientos de vecinos, vecinas y representantes de instituciones el 152\u00ba aniversario de Ezpeleta, en una jornada que comenz\u00f3 por la ma\u00f1ana con el desfile tradicionalista sobre la avenida Centenario y Bogot\u00e1; sigui\u00f3 a la tarde con un acto formal en la plaza San Mart\u00edn, en Hip\u00f3lito...\" \/>\n<meta property=\"og:url\" content=\"https:\/\/diarioprincipios.com\/index.php\/2024\/11\/26\/gran-jornada-de-festejos-por-el-152o-aniversario-de-ezpeleta\/\" \/>\n<meta property=\"og:site_name\" content=\"Principios\" \/>\n<meta property=\"article:published_time\" content=\"2024-11-26T14:59:08+00:00\" \/>\n<meta property=\"article:modified_time\" content=\"2024-11-26T14:59:11+00:00\" \/>\n<meta property=\"og:image\" content=\"https:\/\/diarioprincipios.com\/wp-content\/uploads\/2024\/11\/GRAN-JORNADA-DE-FESTEJOS-POR-EL-152o-ANIVERSARIO-DE-EZPELETA-5.jpg\" \/>\n\t<meta property=\"og:image:width\" content=\"1280\" \/>\n\t<meta property=\"og:image:height\" content=\"854\" \/>\n\t<meta property=\"og:image:type\" content=\"image\/jpeg\" \/>\n<meta name=\"author\" content=\"Hern\u00e1n L\u00f3pez\" \/>\n<meta name=\"twitter:card\" content=\"summary_large_image\" \/>\n<meta name=\"twitter:label1\" content=\"Escrito por\" \/>\n\t<meta name=\"twitter:data1\" content=\"Hern\u00e1n L\u00f3pez\" \/>\n\t<meta name=\"twitter:label2\" content=\"Tiempo de lectura\" \/>\n\t<meta name=\"twitter:data2\" content=\"2 minutos\" \/>\n<script type=\"application\/ld+json\" class=\"yoast-schema-graph\">{\"@context\":\"https:\\\/\\\/schema.org\",\"@graph\":[{\"@type\":\"Article\",\"@id\":\"https:\\\/\\\/diarioprincipios.com\\\/index.php\\\/2024\\\/11\\\/26\\\/gran-jornada-de-festejos-por-el-152o-aniversario-de-ezpeleta\\\/#article\",\"isPartOf\":{\"@id\":\"https:\\\/\\\/diarioprincipios.com\\\/index.php\\\/2024\\\/11\\\/26\\\/gran-jornada-de-festejos-por-el-152o-aniversario-de-ezpeleta\\\/\"},\"author\":{\"name\":\"Hern\u00e1n L\u00f3pez\",\"@id\":\"https:\\\/\\\/diarioprincipios.com\\\/#\\\/schema\\\/person\\\/436d5a1fd41a5e250e23ff5a6a7cb080\"},\"headline\":\"Gran Jornada de festejos por el 152\u00ba aniversario de Ezpeleta\",\"datePublished\":\"2024-11-26T14:59:08+00:00\",\"dateModified\":\"2024-11-26T14:59:11+00:00\",\"mainEntityOfPage\":{\"@id\":\"https:\\\/\\\/diarioprincipios.com\\\/index.php\\\/2024\\\/11\\\/26\\\/gran-jornada-de-festejos-por-el-152o-aniversario-de-ezpeleta\\\/\"},\"wordCount\":258,\"commentCount\":0,\"publisher\":{\"@id\":\"https:\\\/\\\/diarioprincipios.com\\\/#organization\"},\"image\":{\"@id\":\"https:\\\/\\\/diarioprincipios.com\\\/index.php\\\/2024\\\/11\\\/26\\\/gran-jornada-de-festejos-por-el-152o-aniversario-de-ezpeleta\\\/#primaryimage\"},\"thumbnailUrl\":\"https:\\\/\\\/diarioprincipios.com\\\/wp-content\\\/uploads\\\/2024\\\/11\\\/GRAN-JORNADA-DE-FESTEJOS-POR-EL-152o-ANIVERSARIO-DE-EZPELETA-5.jpg\",\"articleSection\":[\"Quilmes\",\"Zonar Sur\"],\"inLanguage\":\"es\",\"potentialAction\":[{\"@type\":\"CommentAction\",\"name\":\"Comment\",\"target\":[\"https:\\\/\\\/diarioprincipios.com\\\/index.php\\\/2024\\\/11\\\/26\\\/gran-jornada-de-festejos-por-el-152o-aniversario-de-ezpeleta\\\/#respond\"]}]},{\"@type\":\"WebPage\",\"@id\":\"https:\\\/\\\/diarioprincipios.com\\\/index.php\\\/2024\\\/11\\\/26\\\/gran-jornada-de-festejos-por-el-152o-aniversario-de-ezpeleta\\\/\",\"url\":\"https:\\\/\\\/diarioprincipios.com\\\/index.php\\\/2024\\\/11\\\/26\\\/gran-jornada-de-festejos-por-el-152o-aniversario-de-ezpeleta\\\/\",\"name\":\"Gran Jornada de festejos por el 152\u00ba aniversario de Ezpeleta - Principios\",\"isPartOf\":{\"@id\":\"https:\\\/\\\/diarioprincipios.com\\\/#website\"},\"primaryImageOfPage\":{\"@id\":\"https:\\\/\\\/diarioprincipios.com\\\/index.php\\\/2024\\\/11\\\/26\\\/gran-jornada-de-festejos-por-el-152o-aniversario-de-ezpeleta\\\/#primaryimage\"},\"image\":{\"@id\":\"https:\\\/\\\/diarioprincipios.com\\\/index.php\\\/2024\\\/11\\\/26\\\/gran-jornada-de-festejos-por-el-152o-aniversario-de-ezpeleta\\\/#primaryimage\"},\"thumbnailUrl\":\"https:\\\/\\\/diarioprincipios.com\\\/wp-content\\\/uploads\\\/2024\\\/11\\\/GRAN-JORNADA-DE-FESTEJOS-POR-EL-152o-ANIVERSARIO-DE-EZPELETA-5.jpg\",\"datePublished\":\"2024-11-26T14:59:08+00:00\",\"dateModified\":\"2024-11-26T14:59:11+00:00\",\"breadcrumb\":{\"@id\":\"https:\\\/\\\/diarioprincipios.com\\\/index.php\\\/2024\\\/11\\\/26\\\/gran-jornada-de-festejos-por-el-152o-aniversario-de-ezpeleta\\\/#breadcrumb\"},\"inLanguage\":\"es\",\"potentialAction\":[{\"@type\":\"ReadAction\",\"target\":[\"https:\\\/\\\/diarioprincipios.com\\\/index.php\\\/2024\\\/11\\\/26\\\/gran-jornada-de-festejos-por-el-152o-aniversario-de-ezpeleta\\\/\"]}]},{\"@type\":\"ImageObject\",\"inLanguage\":\"es\",\"@id\":\"https:\\\/\\\/diarioprincipios.com\\\/index.php\\\/2024\\\/11\\\/26\\\/gran-jornada-de-festejos-por-el-152o-aniversario-de-ezpeleta\\\/#primaryimage\",\"url\":\"https:\\\/\\\/diarioprincipios.com\\\/wp-content\\\/uploads\\\/2024\\\/11\\\/GRAN-JORNADA-DE-FESTEJOS-POR-EL-152o-ANIVERSARIO-DE-EZPELETA-5.jpg\",\"contentUrl\":\"https:\\\/\\\/diarioprincipios.com\\\/wp-content\\\/uploads\\\/2024\\\/11\\\/GRAN-JORNADA-DE-FESTEJOS-POR-EL-152o-ANIVERSARIO-DE-EZPELETA-5.jpg\",\"width\":1280,\"height\":854},{\"@type\":\"BreadcrumbList\",\"@id\":\"https:\\\/\\\/diarioprincipios.com\\\/index.php\\\/2024\\\/11\\\/26\\\/gran-jornada-de-festejos-por-el-152o-aniversario-de-ezpeleta\\\/#breadcrumb\",\"itemListElement\":[{\"@type\":\"ListItem\",\"position\":1,\"name\":\"Portada\",\"item\":\"https:\\\/\\\/diarioprincipios.com\\\/\"},{\"@type\":\"ListItem\",\"position\":2,\"name\":\"Gran Jornada de festejos por el 152\u00ba aniversario de Ezpeleta\"}]},{\"@type\":\"WebSite\",\"@id\":\"https:\\\/\\\/diarioprincipios.com\\\/#website\",\"url\":\"https:\\\/\\\/diarioprincipios.com\\\/\",\"name\":\"Principios\",\"description\":\"Principios Diario\",\"publisher\":{\"@id\":\"https:\\\/\\\/diarioprincipios.com\\\/#organization\"},\"potentialAction\":[{\"@type\":\"SearchAction\",\"target\":{\"@type\":\"EntryPoint\",\"urlTemplate\":\"https:\\\/\\\/diarioprincipios.com\\\/?s={search_term_string}\"},\"query-input\":{\"@type\":\"PropertyValueSpecification\",\"valueRequired\":true,\"valueName\":\"search_term_string\"}}],\"inLanguage\":\"es\"},{\"@type\":\"Organization\",\"@id\":\"https:\\\/\\\/diarioprincipios.com\\\/#organization\",\"name\":\"Principios\",\"url\":\"https:\\\/\\\/diarioprincipios.com\\\/\",\"logo\":{\"@type\":\"ImageObject\",\"inLanguage\":\"es\",\"@id\":\"https:\\\/\\\/diarioprincipios.com\\\/#\\\/schema\\\/logo\\\/image\\\/\",\"url\":\"https:\\\/\\\/diarioprincipios.com\\\/wp-content\\\/uploads\\\/2024\\\/04\\\/cropped-www.diarioprincipios.com_-1.png\",\"contentUrl\":\"https:\\\/\\\/diarioprincipios.com\\\/wp-content\\\/uploads\\\/2024\\\/04\\\/cropped-www.diarioprincipios.com_-1.png\",\"width\":5325,\"height\":1454,\"caption\":\"Principios\"},\"image\":{\"@id\":\"https:\\\/\\\/diarioprincipios.com\\\/#\\\/schema\\\/logo\\\/image\\\/\"}},{\"@type\":\"Person\",\"@id\":\"https:\\\/\\\/diarioprincipios.com\\\/#\\\/schema\\\/person\\\/436d5a1fd41a5e250e23ff5a6a7cb080\",\"name\":\"Hern\u00e1n L\u00f3pez\",\"image\":{\"@type\":\"ImageObject\",\"inLanguage\":\"es\",\"@id\":\"https:\\\/\\\/diarioprincipios.com\\\/wp-content\\\/litespeed\\\/avatar\\\/11ddfe5610ff3bd100522525b2571f48.jpg?ver=1777048341\",\"url\":\"https:\\\/\\\/diarioprincipios.com\\\/wp-content\\\/litespeed\\\/avatar\\\/11ddfe5610ff3bd100522525b2571f48.jpg?ver=1777048341\",\"contentUrl\":\"https:\\\/\\\/diarioprincipios.com\\\/wp-content\\\/litespeed\\\/avatar\\\/11ddfe5610ff3bd100522525b2571f48.jpg?ver=1777048341\",\"caption\":\"Hern\u00e1n L\u00f3pez\"},\"url\":\"https:\\\/\\\/diarioprincipios.com\\\/index.php\\\/author\\\/hernan\\\/\"}]}<\/script>\n<!-- \/ Yoast SEO plugin. -->","yoast_head_json":{"title":"Gran Jornada de festejos por el 152\u00ba aniversario de Ezpeleta - Principios","robots":{"index":"index","follow":"follow","max-snippet":"max-snippet:-1","max-image-preview":"max-image-preview:large","max-video-preview":"max-video-preview:-1"},"canonical":"https:\/\/diarioprincipios.com\/index.php\/2024\/11\/26\/gran-jornada-de-festejos-por-el-152o-aniversario-de-ezpeleta\/","og_locale":"es_ES","og_type":"article","og_title":"Gran Jornada de festejos por el 152\u00ba aniversario de Ezpeleta - Principios","og_description":"El Municipio de Quilmes celebr\u00f3 este domingo junto a cientos de vecinos, vecinas y representantes de instituciones el 152\u00ba aniversario de Ezpeleta, en una jornada que comenz\u00f3 por la ma\u00f1ana con el desfile tradicionalista sobre la avenida Centenario y Bogot\u00e1; sigui\u00f3 a la tarde con un acto formal en la plaza San Mart\u00edn, en Hip\u00f3lito...","og_url":"https:\/\/diarioprincipios.com\/index.php\/2024\/11\/26\/gran-jornada-de-festejos-por-el-152o-aniversario-de-ezpeleta\/","og_site_name":"Principios","article_published_time":"2024-11-26T14:59:08+00:00","article_modified_time":"2024-11-26T14:59:11+00:00","og_image":[{"width":1280,"height":854,"url":"https:\/\/diarioprincipios.com\/wp-content\/uploads\/2024\/11\/GRAN-JORNADA-DE-FESTEJOS-POR-EL-152o-ANIVERSARIO-DE-EZPELETA-5.jpg","type":"image\/jpeg"}],"author":"Hern\u00e1n L\u00f3pez","twitter_card":"summary_large_image","twitter_misc":{"Escrito por":"Hern\u00e1n L\u00f3pez","Tiempo de lectura":"2 minutos"},"schema":{"@context":"https:\/\/schema.org","@graph":[{"@type":"Article","@id":"https:\/\/diarioprincipios.com\/index.php\/2024\/11\/26\/gran-jornada-de-festejos-por-el-152o-aniversario-de-ezpeleta\/#article","isPartOf":{"@id":"https:\/\/diarioprincipios.com\/index.php\/2024\/11\/26\/gran-jornada-de-festejos-por-el-152o-aniversario-de-ezpeleta\/"},"author":{"name":"Hern\u00e1n L\u00f3pez","@id":"https:\/\/diarioprincipios.com\/#\/schema\/person\/436d5a1fd41a5e250e23ff5a6a7cb080"},"headline":"Gran Jornada de festejos por el 152\u00ba aniversario de Ezpeleta","datePublished":"2024-11-26T14:59:08+00:00","dateModified":"2024-11-26T14:59:11+00:00","mainEntityOfPage":{"@id":"https:\/\/diarioprincipios.com\/index.php\/2024\/11\/26\/gran-jornada-de-festejos-por-el-152o-aniversario-de-ezpeleta\/"},"wordCount":258,"commentCount":0,"publisher":{"@id":"https:\/\/diarioprincipios.com\/#organization"},"image":{"@id":"https:\/\/diarioprincipios.com\/index.php\/2024\/11\/26\/gran-jornada-de-festejos-por-el-152o-aniversario-de-ezpeleta\/#primaryimage"},"thumbnailUrl":"https:\/\/diarioprincipios.com\/wp-content\/uploads\/2024\/11\/GRAN-JORNADA-DE-FESTEJOS-POR-EL-152o-ANIVERSARIO-DE-EZPELETA-5.jpg","articleSection":["Quilmes","Zonar Sur"],"inLanguage":"es","potentialAction":[{"@type":"CommentAction","name":"Comment","target":["https:\/\/diarioprincipios.com\/index.php\/2024\/11\/26\/gran-jornada-de-festejos-por-el-152o-aniversario-de-ezpeleta\/#respond"]}]},{"@type":"WebPage","@id":"https:\/\/diarioprincipios.com\/index.php\/2024\/11\/26\/gran-jornada-de-festejos-por-el-152o-aniversario-de-ezpeleta\/","url":"https:\/\/diarioprincipios.com\/index.php\/2024\/11\/26\/gran-jornada-de-festejos-por-el-152o-aniversario-de-ezpeleta\/","name":"Gran Jornada de festejos por el 152\u00ba aniversario de Ezpeleta - Principios","isPartOf":{"@id":"https:\/\/diarioprincipios.com\/#website"},"primaryImageOfPage":{"@id":"https:\/\/diarioprincipios.com\/index.php\/2024\/11\/26\/gran-jornada-de-festejos-por-el-152o-aniversario-de-ezpeleta\/#primaryimage"},"image":{"@id":"https:\/\/diarioprincipios.com\/index.php\/2024\/11\/26\/gran-jornada-de-festejos-por-el-152o-aniversario-de-ezpeleta\/#primaryimage"},"thumbnailUrl":"https:\/\/diarioprincipios.com\/wp-content\/uploads\/2024\/11\/GRAN-JORNADA-DE-FESTEJOS-POR-EL-152o-ANIVERSARIO-DE-EZPELETA-5.jpg","datePublished":"2024-11-26T14:59:08+00:00","dateModified":"2024-11-26T14:59:11+00:00","breadcrumb":{"@id":"https:\/\/diarioprincipios.com\/index.php\/2024\/11\/26\/gran-jornada-de-festejos-por-el-152o-aniversario-de-ezpeleta\/#breadcrumb"},"inLanguage":"es","potentialAction":[{"@type":"ReadAction","target":["https:\/\/diarioprincipios.com\/index.php\/2024\/11\/26\/gran-jornada-de-festejos-por-el-152o-aniversario-de-ezpeleta\/"]}]},{"@type":"ImageObject","inLanguage":"es","@id":"https:\/\/diarioprincipios.com\/index.php\/2024\/11\/26\/gran-jornada-de-festejos-por-el-152o-aniversario-de-ezpeleta\/#primaryimage","url":"https:\/\/diarioprincipios.com\/wp-content\/uploads\/2024\/11\/GRAN-JORNADA-DE-FESTEJOS-POR-EL-152o-ANIVERSARIO-DE-EZPELETA-5.jpg","contentUrl":"https:\/\/diarioprincipios.com\/wp-content\/uploads\/2024\/11\/GRAN-JORNADA-DE-FESTEJOS-POR-EL-152o-ANIVERSARIO-DE-EZPELETA-5.jpg","width":1280,"height":854},{"@type":"BreadcrumbList","@id":"https:\/\/diarioprincipios.com\/index.php\/2024\/11\/26\/gran-jornada-de-festejos-por-el-152o-aniversario-de-ezpeleta\/#breadcrumb","itemListElement":[{"@type":"ListItem","position":1,"name":"Portada","item":"https:\/\/diarioprincipios.com\/"},{"@type":"ListItem","position":2,"name":"Gran Jornada de festejos por el 152\u00ba aniversario de Ezpeleta"}]},{"@type":"WebSite","@id":"https:\/\/diarioprincipios.com\/#website","url":"https:\/\/diarioprincipios.com\/","name":"Principios","description":"Principios Diario","publisher":{"@id":"https:\/\/diarioprincipios.com\/#organization"},"potentialAction":[{"@type":"SearchAction","target":{"@type":"EntryPoint","urlTemplate":"https:\/\/diarioprincipios.com\/?s={search_term_string}"},"query-input":{"@type":"PropertyValueSpecification","valueRequired":true,"valueName":"search_term_string"}}],"inLanguage":"es"},{"@type":"Organization","@id":"https:\/\/diarioprincipios.com\/#organization","name":"Principios","url":"https:\/\/diarioprincipios.com\/","logo":{"@type":"ImageObject","inLanguage":"es","@id":"https:\/\/diarioprincipios.com\/#\/schema\/logo\/image\/","url":"https:\/\/diarioprincipios.com\/wp-content\/uploads\/2024\/04\/cropped-www.diarioprincipios.com_-1.png","contentUrl":"https:\/\/diarioprincipios.com\/wp-content\/uploads\/2024\/04\/cropped-www.diarioprincipios.com_-1.png","width":5325,"height":1454,"caption":"Principios"},"image":{"@id":"https:\/\/diarioprincipios.com\/#\/schema\/logo\/image\/"}},{"@type":"Person","@id":"https:\/\/diarioprincipios.com\/#\/schema\/person\/436d5a1fd41a5e250e23ff5a6a7cb080","name":"Hern\u00e1n L\u00f3pez","image":{"@type":"ImageObject","inLanguage":"es","@id":"https:\/\/diarioprincipios.com\/wp-content\/litespeed\/avatar\/11ddfe5610ff3bd100522525b2571f48.jpg?ver=1777048341","url":"https:\/\/diarioprincipios.com\/wp-content\/litespeed\/avatar\/11ddfe5610ff3bd100522525b2571f48.jpg?ver=1777048341","contentUrl":"https:\/\/diarioprincipios.com\/wp-content\/litespeed\/avatar\/11ddfe5610ff3bd100522525b2571f48.jpg?ver=1777048341","caption":"Hern\u00e1n L\u00f3pez"},"url":"https:\/\/diarioprincipios.com\/index.php\/author\/hernan\/"}]}},"jetpack_featured_media_url":"https:\/\/diarioprincipios.com\/wp-content\/uploads\/2024\/11\/GRAN-JORNADA-DE-FESTEJOS-POR-EL-152o-ANIVERSARIO-DE-EZPELETA-5.jpg","_links":{"self":[{"href":"https:\/\/diarioprincipios.com\/index.php\/wp-json\/wp\/v2\/posts\/23632","targetHints":{"allow":["GET"]}}],"collection":[{"href":"https:\/\/diarioprincipios.com\/index.php\/wp-json\/wp\/v2\/posts"}],"about":[{"href":"https:\/\/diarioprincipios.com\/index.php\/wp-json\/wp\/v2\/types\/post"}],"author":[{"embeddable":true,"href":"https:\/\/diarioprincipios.com\/index.php\/wp-json\/wp\/v2\/users\/2"}],"replies":[{"embeddable":true,"href":"https:\/\/diarioprincipios.com\/index.php\/wp-json\/wp\/v2\/comments?post=23632"}],"version-history":[{"count":1,"href":"https:\/\/diarioprincipios.com\/index.php\/wp-json\/wp\/v2\/posts\/23632\/revisions"}],"predecessor-version":[{"id":23635,"href":"https:\/\/diarioprincipios.com\/index.php\/wp-json\/wp\/v2\/posts\/23632\/revisions\/23635"}],"wp:featuredmedia":[{"embeddable":true,"href":"https:\/\/diarioprincipios.com\/index.php\/wp-json\/wp\/v2\/media\/23634"}],"wp:attachment":[{"href":"https:\/\/diarioprincipios.com\/index.php\/wp-json\/wp\/v2\/media?parent=23632"}],"wp:term":[{"taxonomy":"category","embeddable":true,"href":"https:\/\/diarioprincipios.com\/index.php\/wp-json\/wp\/v2\/categories?post=23632"},{"taxonomy":"post_tag","embeddable":true,"href":"https:\/\/diarioprincipios.com\/index.php\/wp-json\/wp\/v2\/tags?post=23632"}],"curies":[{"name":"wp","href":"https:\/\/api.w.org\/{rel}","templated":true}]}}