{"id":23628,"date":"2024-11-26T11:41:40","date_gmt":"2024-11-26T14:41:40","guid":{"rendered":"http:\/\/diarioprincipios.com\/?p=23628"},"modified":"2024-11-26T11:41:41","modified_gmt":"2024-11-26T14:41:41","slug":"se-presento-la-app-alerta-911-para-situaciones-de-violencia-por-razones-de-genero","status":"publish","type":"post","link":"https:\/\/diarioprincipios.com\/index.php\/2024\/11\/26\/se-presento-la-app-alerta-911-para-situaciones-de-violencia-por-razones-de-genero\/","title":{"rendered":"Se present\u00f3\u00a0la APP ALERTA 911 para situaciones de violencia por razones de g\u00e9nero"},"content":{"rendered":"\n<p>En el marco del 25 de noviembre,<strong>&nbsp;D\u00eda Internacional de la Eliminaci\u00f3n de las Violencias contra las Mujeres<\/strong>, la<strong>&nbsp;ministra de Mujeres y Diversidad<\/strong>,&nbsp;<strong>Estela D\u00edaz<\/strong>, present\u00f3 la&nbsp;<strong>App \u201cAlerta 911\u201d<\/strong>, una aplicaci\u00f3n inform\u00e1tica integrada al sistema de Atenci\u00f3n de Emergencias y elaborada en el marco del trabajo articulado junto al&nbsp;<strong>Ministerio de Seguridad de la provincia de Buenos Aires.<\/strong><\/p>\n\n\n\n<p>\u201cEs una herramienta fundamental de prevenci\u00f3n de la violencia porque es una aplicaci\u00f3n accesible, moderna, que tiene todas las herramientas para hacer una denuncia, tener una videollamada, hasta para tener pruebas y es totalmente gratuita porque la provee el Estado\u201d sostuvo Estela D\u00edaz.&nbsp;<\/p>\n\n\n\n<p>Por su parte, la directora provincial de Pol\u00edticas de G\u00e9nero y Derechos Humanos del Ministerio de Seguridad,&nbsp;<strong>Romina<\/strong><strong>&nbsp;Cutura,<\/strong>&nbsp;agreg\u00f3: \u201cEsta aplicaci\u00f3n es una herramienta del Estado. Se trata de un recurso gratuito y no necesita una orden ni ninguna intervenci\u00f3n judicial para su funcionamiento.\u201d<\/p>\n\n\n\n<p>La presentaci\u00f3n tambi\u00e9n fue realizada junto a la subsecretaria de Pol\u00edticas contra las Violencias por Razones de G\u00e9nero,<strong>&nbsp;Laurana Malacalza<\/strong><strong>;<\/strong>la directora provincial de Situaciones de Alto Riesgo y Casos Cr\u00edticos,<strong>&nbsp;Valeria Monetta<\/strong>; y la secretaria de Mujeres y Diversidad del municipio de La Plata,&nbsp;<strong>Silvina Perugino<\/strong>.<\/p>\n\n\n\n<figure class=\"wp-block-image size-large\"><img loading=\"lazy\" decoding=\"async\" width=\"1024\" height=\"683\" src=\"https:\/\/diarioprincipios.com\/wp-content\/uploads\/2024\/11\/25112024-MMD08806-1024x683.jpg\" alt=\"\" class=\"wp-image-23629\" srcset=\"https:\/\/diarioprincipios.com\/wp-content\/uploads\/2024\/11\/25112024-MMD08806-1024x683.jpg 1024w, https:\/\/diarioprincipios.com\/wp-content\/uploads\/2024\/11\/25112024-MMD08806-300x200.jpg 300w, https:\/\/diarioprincipios.com\/wp-content\/uploads\/2024\/11\/25112024-MMD08806-768x512.jpg 768w, https:\/\/diarioprincipios.com\/wp-content\/uploads\/2024\/11\/25112024-MMD08806-1536x1024.jpg 1536w, https:\/\/diarioprincipios.com\/wp-content\/uploads\/2024\/11\/25112024-MMD08806-2048x1365.jpg 2048w, https:\/\/diarioprincipios.com\/wp-content\/uploads\/2024\/11\/25112024-MMD08806-600x400.jpg 600w\" sizes=\"auto, (max-width: 1024px) 100vw, 1024px\" \/><\/figure>\n\n\n\n<p>La actividad se realiz\u00f3 en el Centro Cultural Islas Malvinas de La Plata y cont\u00f3 con la participaci\u00f3n de funcionarias del ministerio de Mujeres y Diversidad y del ministerio de Seguridad de la provincia de Buenos Aires, autoridades municipales y titulares de \u00e1reas de g\u00e9nero.<\/p>\n\n\n\n<p>Esta iniciativa propone mejorar el uso de<strong>&nbsp;herramientas tecnol\u00f3gicas<\/strong>&nbsp;disponibles, con el fin de prevenir y proteger a las mujeres y diversidades que atraviesan&nbsp;<strong>situaciones de violencia por razones de g\u00e9nero<\/strong>.<\/p>\n\n\n\n<p>La app \u201cAlerta 911\u201d complementa las pol\u00edticas de prevenci\u00f3n y cuidado de la poblaci\u00f3n y, en particular, permite a los usuarios enviar&nbsp;<strong>alertas geolocalizadas<\/strong>&nbsp;y archivos multimedia (fotos, videos, audios), e&nbsp;<strong>interactuar con el personal de la Central de Atenci\u00f3n Telef\u00f3nica de Emergencias<\/strong>, permitiendo simplificar y optimizar el proceso de atenci\u00f3n y asistencia ante una situaci\u00f3n de emergencia.<\/p>\n\n\n\n<p>La aplicaci\u00f3n permitir\u00e1 agilizar y consolidar el&nbsp;<strong>trabajo articulado<\/strong>&nbsp;entre las<strong>&nbsp;\u00e1reas de g\u00e9nero municipales, el 911 y nuestro Ministerio<\/strong>. Esta herramienta se suma a las medidas de protecci\u00f3n ya impulsadas para abordar y prevenir situaciones de violencia de g\u00e9nero.<\/p>\n\n\n\n<p>En este marco, ambas carteras impulsaron un<strong>&nbsp;convenio con Telef\u00f3nica M\u00f3viles Argentina S.A.<\/strong>, para implementar el servicio \u00abZero Rating\u00bb, que permite el uso gratuito de datos para los servicios vinculados a la aplicaci\u00f3n \u00abAlerta 911\u00bb. Gracias a este acuerdo,<strong>&nbsp;las y los bonaerenses podr\u00e1n utilizar este sistema sin ning\u00fan tipo de costo<\/strong>&nbsp;y acceder de manera sencilla a la<strong>&nbsp;asistencia en situaciones de emergencia en contexto de violencia por razones de g\u00e9nero<\/strong>.<\/p>\n","protected":false},"excerpt":{"rendered":"<p>En el marco del 25 de noviembre,&nbsp;D\u00eda Internacional de la Eliminaci\u00f3n de las Violencias contra las Mujeres, la&nbsp;ministra de Mujeres y Diversidad,&nbsp;Estela D\u00edaz, present\u00f3 la&nbsp;App \u201cAlerta 911\u201d, una aplicaci\u00f3n inform\u00e1tica integrada al sistema de Atenci\u00f3n de Emergencias y elaborada en el marco del trabajo articulado junto al&nbsp;Ministerio de Seguridad de la provincia de Buenos Aires&#8230;.<\/p>\n","protected":false},"author":2,"featured_media":23630,"comment_status":"open","ping_status":"open","sticky":false,"template":"","format":"standard","meta":{"footnotes":""},"categories":[7],"tags":[],"class_list":["post-23628","post","type-post","status-publish","format-standard","has-post-thumbnail","hentry","category-provincia"],"featured_image_src":"https:\/\/diarioprincipios.com\/wp-content\/uploads\/2024\/11\/25112024-MMD08873-1024x683.jpg","blog_images":{"medium":"https:\/\/diarioprincipios.com\/wp-content\/uploads\/2024\/11\/25112024-MMD08873-300x200.jpg","large":"https:\/\/diarioprincipios.com\/wp-content\/uploads\/2024\/11\/25112024-MMD08873-1024x683.jpg"},"ams_acf":[],"yoast_head":"<!-- This site is optimized with the Yoast SEO plugin v27.3 - https:\/\/yoast.com\/product\/yoast-seo-wordpress\/ -->\n<title>Se present\u00f3\u00a0la APP ALERTA 911 para situaciones de violencia por razones de g\u00e9nero - Principios<\/title>\n<meta name=\"robots\" content=\"index, follow, max-snippet:-1, max-image-preview:large, max-video-preview:-1\" \/>\n<link rel=\"canonical\" href=\"https:\/\/diarioprincipios.com\/index.php\/2024\/11\/26\/se-presento-la-app-alerta-911-para-situaciones-de-violencia-por-razones-de-genero\/\" \/>\n<meta property=\"og:locale\" content=\"es_ES\" \/>\n<meta property=\"og:type\" content=\"article\" \/>\n<meta property=\"og:title\" content=\"Se present\u00f3\u00a0la APP ALERTA 911 para situaciones de violencia por razones de g\u00e9nero - Principios\" \/>\n<meta property=\"og:description\" content=\"En el marco del 25 de noviembre,&nbsp;D\u00eda Internacional de la Eliminaci\u00f3n de las Violencias contra las Mujeres, la&nbsp;ministra de Mujeres y Diversidad,&nbsp;Estela D\u00edaz, present\u00f3 la&nbsp;App \u201cAlerta 911\u201d, una aplicaci\u00f3n inform\u00e1tica integrada al sistema de Atenci\u00f3n de Emergencias y elaborada en el marco del trabajo articulado junto al&nbsp;Ministerio de Seguridad de la provincia de Buenos Aires....\" \/>\n<meta property=\"og:url\" content=\"https:\/\/diarioprincipios.com\/index.php\/2024\/11\/26\/se-presento-la-app-alerta-911-para-situaciones-de-violencia-por-razones-de-genero\/\" \/>\n<meta property=\"og:site_name\" content=\"Principios\" \/>\n<meta property=\"article:published_time\" content=\"2024-11-26T14:41:40+00:00\" \/>\n<meta property=\"article:modified_time\" content=\"2024-11-26T14:41:41+00:00\" \/>\n<meta property=\"og:image\" content=\"https:\/\/diarioprincipios.com\/wp-content\/uploads\/2024\/11\/25112024-MMD08873-scaled.jpg\" \/>\n\t<meta property=\"og:image:width\" content=\"2560\" \/>\n\t<meta property=\"og:image:height\" content=\"1706\" \/>\n\t<meta property=\"og:image:type\" content=\"image\/jpeg\" \/>\n<meta name=\"author\" content=\"Hern\u00e1n L\u00f3pez\" \/>\n<meta name=\"twitter:card\" content=\"summary_large_image\" \/>\n<meta name=\"twitter:label1\" content=\"Escrito por\" \/>\n\t<meta name=\"twitter:data1\" content=\"Hern\u00e1n L\u00f3pez\" \/>\n\t<meta name=\"twitter:label2\" content=\"Tiempo de lectura\" \/>\n\t<meta name=\"twitter:data2\" content=\"3 minutos\" \/>\n<script type=\"application\/ld+json\" class=\"yoast-schema-graph\">{\"@context\":\"https:\\\/\\\/schema.org\",\"@graph\":[{\"@type\":\"Article\",\"@id\":\"https:\\\/\\\/diarioprincipios.com\\\/index.php\\\/2024\\\/11\\\/26\\\/se-presento-la-app-alerta-911-para-situaciones-de-violencia-por-razones-de-genero\\\/#article\",\"isPartOf\":{\"@id\":\"https:\\\/\\\/diarioprincipios.com\\\/index.php\\\/2024\\\/11\\\/26\\\/se-presento-la-app-alerta-911-para-situaciones-de-violencia-por-razones-de-genero\\\/\"},\"author\":{\"name\":\"Hern\u00e1n L\u00f3pez\",\"@id\":\"https:\\\/\\\/diarioprincipios.com\\\/#\\\/schema\\\/person\\\/436d5a1fd41a5e250e23ff5a6a7cb080\"},\"headline\":\"Se present\u00f3\u00a0la APP ALERTA 911 para situaciones de violencia por razones de g\u00e9nero\",\"datePublished\":\"2024-11-26T14:41:40+00:00\",\"dateModified\":\"2024-11-26T14:41:41+00:00\",\"mainEntityOfPage\":{\"@id\":\"https:\\\/\\\/diarioprincipios.com\\\/index.php\\\/2024\\\/11\\\/26\\\/se-presento-la-app-alerta-911-para-situaciones-de-violencia-por-razones-de-genero\\\/\"},\"wordCount\":515,\"commentCount\":0,\"publisher\":{\"@id\":\"https:\\\/\\\/diarioprincipios.com\\\/#organization\"},\"image\":{\"@id\":\"https:\\\/\\\/diarioprincipios.com\\\/index.php\\\/2024\\\/11\\\/26\\\/se-presento-la-app-alerta-911-para-situaciones-de-violencia-por-razones-de-genero\\\/#primaryimage\"},\"thumbnailUrl\":\"https:\\\/\\\/diarioprincipios.com\\\/wp-content\\\/uploads\\\/2024\\\/11\\\/25112024-MMD08873-scaled.jpg\",\"articleSection\":[\"Provincia\"],\"inLanguage\":\"es\",\"potentialAction\":[{\"@type\":\"CommentAction\",\"name\":\"Comment\",\"target\":[\"https:\\\/\\\/diarioprincipios.com\\\/index.php\\\/2024\\\/11\\\/26\\\/se-presento-la-app-alerta-911-para-situaciones-de-violencia-por-razones-de-genero\\\/#respond\"]}]},{\"@type\":\"WebPage\",\"@id\":\"https:\\\/\\\/diarioprincipios.com\\\/index.php\\\/2024\\\/11\\\/26\\\/se-presento-la-app-alerta-911-para-situaciones-de-violencia-por-razones-de-genero\\\/\",\"url\":\"https:\\\/\\\/diarioprincipios.com\\\/index.php\\\/2024\\\/11\\\/26\\\/se-presento-la-app-alerta-911-para-situaciones-de-violencia-por-razones-de-genero\\\/\",\"name\":\"Se present\u00f3\u00a0la APP ALERTA 911 para situaciones de violencia por razones de g\u00e9nero - Principios\",\"isPartOf\":{\"@id\":\"https:\\\/\\\/diarioprincipios.com\\\/#website\"},\"primaryImageOfPage\":{\"@id\":\"https:\\\/\\\/diarioprincipios.com\\\/index.php\\\/2024\\\/11\\\/26\\\/se-presento-la-app-alerta-911-para-situaciones-de-violencia-por-razones-de-genero\\\/#primaryimage\"},\"image\":{\"@id\":\"https:\\\/\\\/diarioprincipios.com\\\/index.php\\\/2024\\\/11\\\/26\\\/se-presento-la-app-alerta-911-para-situaciones-de-violencia-por-razones-de-genero\\\/#primaryimage\"},\"thumbnailUrl\":\"https:\\\/\\\/diarioprincipios.com\\\/wp-content\\\/uploads\\\/2024\\\/11\\\/25112024-MMD08873-scaled.jpg\",\"datePublished\":\"2024-11-26T14:41:40+00:00\",\"dateModified\":\"2024-11-26T14:41:41+00:00\",\"breadcrumb\":{\"@id\":\"https:\\\/\\\/diarioprincipios.com\\\/index.php\\\/2024\\\/11\\\/26\\\/se-presento-la-app-alerta-911-para-situaciones-de-violencia-por-razones-de-genero\\\/#breadcrumb\"},\"inLanguage\":\"es\",\"potentialAction\":[{\"@type\":\"ReadAction\",\"target\":[\"https:\\\/\\\/diarioprincipios.com\\\/index.php\\\/2024\\\/11\\\/26\\\/se-presento-la-app-alerta-911-para-situaciones-de-violencia-por-razones-de-genero\\\/\"]}]},{\"@type\":\"ImageObject\",\"inLanguage\":\"es\",\"@id\":\"https:\\\/\\\/diarioprincipios.com\\\/index.php\\\/2024\\\/11\\\/26\\\/se-presento-la-app-alerta-911-para-situaciones-de-violencia-por-razones-de-genero\\\/#primaryimage\",\"url\":\"https:\\\/\\\/diarioprincipios.com\\\/wp-content\\\/uploads\\\/2024\\\/11\\\/25112024-MMD08873-scaled.jpg\",\"contentUrl\":\"https:\\\/\\\/diarioprincipios.com\\\/wp-content\\\/uploads\\\/2024\\\/11\\\/25112024-MMD08873-scaled.jpg\",\"width\":2560,\"height\":1706},{\"@type\":\"BreadcrumbList\",\"@id\":\"https:\\\/\\\/diarioprincipios.com\\\/index.php\\\/2024\\\/11\\\/26\\\/se-presento-la-app-alerta-911-para-situaciones-de-violencia-por-razones-de-genero\\\/#breadcrumb\",\"itemListElement\":[{\"@type\":\"ListItem\",\"position\":1,\"name\":\"Portada\",\"item\":\"https:\\\/\\\/diarioprincipios.com\\\/\"},{\"@type\":\"ListItem\",\"position\":2,\"name\":\"Se present\u00f3\u00a0la APP ALERTA 911 para situaciones de violencia por razones de g\u00e9nero\"}]},{\"@type\":\"WebSite\",\"@id\":\"https:\\\/\\\/diarioprincipios.com\\\/#website\",\"url\":\"https:\\\/\\\/diarioprincipios.com\\\/\",\"name\":\"Principios\",\"description\":\"Principios Diario\",\"publisher\":{\"@id\":\"https:\\\/\\\/diarioprincipios.com\\\/#organization\"},\"potentialAction\":[{\"@type\":\"SearchAction\",\"target\":{\"@type\":\"EntryPoint\",\"urlTemplate\":\"https:\\\/\\\/diarioprincipios.com\\\/?s={search_term_string}\"},\"query-input\":{\"@type\":\"PropertyValueSpecification\",\"valueRequired\":true,\"valueName\":\"search_term_string\"}}],\"inLanguage\":\"es\"},{\"@type\":\"Organization\",\"@id\":\"https:\\\/\\\/diarioprincipios.com\\\/#organization\",\"name\":\"Principios\",\"url\":\"https:\\\/\\\/diarioprincipios.com\\\/\",\"logo\":{\"@type\":\"ImageObject\",\"inLanguage\":\"es\",\"@id\":\"https:\\\/\\\/diarioprincipios.com\\\/#\\\/schema\\\/logo\\\/image\\\/\",\"url\":\"https:\\\/\\\/diarioprincipios.com\\\/wp-content\\\/uploads\\\/2024\\\/04\\\/cropped-www.diarioprincipios.com_-1.png\",\"contentUrl\":\"https:\\\/\\\/diarioprincipios.com\\\/wp-content\\\/uploads\\\/2024\\\/04\\\/cropped-www.diarioprincipios.com_-1.png\",\"width\":5325,\"height\":1454,\"caption\":\"Principios\"},\"image\":{\"@id\":\"https:\\\/\\\/diarioprincipios.com\\\/#\\\/schema\\\/logo\\\/image\\\/\"}},{\"@type\":\"Person\",\"@id\":\"https:\\\/\\\/diarioprincipios.com\\\/#\\\/schema\\\/person\\\/436d5a1fd41a5e250e23ff5a6a7cb080\",\"name\":\"Hern\u00e1n L\u00f3pez\",\"image\":{\"@type\":\"ImageObject\",\"inLanguage\":\"es\",\"@id\":\"https:\\\/\\\/diarioprincipios.com\\\/wp-content\\\/litespeed\\\/avatar\\\/11ddfe5610ff3bd100522525b2571f48.jpg?ver=1777048341\",\"url\":\"https:\\\/\\\/diarioprincipios.com\\\/wp-content\\\/litespeed\\\/avatar\\\/11ddfe5610ff3bd100522525b2571f48.jpg?ver=1777048341\",\"contentUrl\":\"https:\\\/\\\/diarioprincipios.com\\\/wp-content\\\/litespeed\\\/avatar\\\/11ddfe5610ff3bd100522525b2571f48.jpg?ver=1777048341\",\"caption\":\"Hern\u00e1n L\u00f3pez\"},\"url\":\"https:\\\/\\\/diarioprincipios.com\\\/index.php\\\/author\\\/hernan\\\/\"}]}<\/script>\n<!-- \/ Yoast SEO plugin. -->","yoast_head_json":{"title":"Se present\u00f3\u00a0la APP ALERTA 911 para situaciones de violencia por razones de g\u00e9nero - Principios","robots":{"index":"index","follow":"follow","max-snippet":"max-snippet:-1","max-image-preview":"max-image-preview:large","max-video-preview":"max-video-preview:-1"},"canonical":"https:\/\/diarioprincipios.com\/index.php\/2024\/11\/26\/se-presento-la-app-alerta-911-para-situaciones-de-violencia-por-razones-de-genero\/","og_locale":"es_ES","og_type":"article","og_title":"Se present\u00f3\u00a0la APP ALERTA 911 para situaciones de violencia por razones de g\u00e9nero - Principios","og_description":"En el marco del 25 de noviembre,&nbsp;D\u00eda Internacional de la Eliminaci\u00f3n de las Violencias contra las Mujeres, la&nbsp;ministra de Mujeres y Diversidad,&nbsp;Estela D\u00edaz, present\u00f3 la&nbsp;App \u201cAlerta 911\u201d, una aplicaci\u00f3n inform\u00e1tica integrada al sistema de Atenci\u00f3n de Emergencias y elaborada en el marco del trabajo articulado junto al&nbsp;Ministerio de Seguridad de la provincia de Buenos Aires....","og_url":"https:\/\/diarioprincipios.com\/index.php\/2024\/11\/26\/se-presento-la-app-alerta-911-para-situaciones-de-violencia-por-razones-de-genero\/","og_site_name":"Principios","article_published_time":"2024-11-26T14:41:40+00:00","article_modified_time":"2024-11-26T14:41:41+00:00","og_image":[{"width":2560,"height":1706,"url":"https:\/\/diarioprincipios.com\/wp-content\/uploads\/2024\/11\/25112024-MMD08873-scaled.jpg","type":"image\/jpeg"}],"author":"Hern\u00e1n L\u00f3pez","twitter_card":"summary_large_image","twitter_misc":{"Escrito por":"Hern\u00e1n L\u00f3pez","Tiempo de lectura":"3 minutos"},"schema":{"@context":"https:\/\/schema.org","@graph":[{"@type":"Article","@id":"https:\/\/diarioprincipios.com\/index.php\/2024\/11\/26\/se-presento-la-app-alerta-911-para-situaciones-de-violencia-por-razones-de-genero\/#article","isPartOf":{"@id":"https:\/\/diarioprincipios.com\/index.php\/2024\/11\/26\/se-presento-la-app-alerta-911-para-situaciones-de-violencia-por-razones-de-genero\/"},"author":{"name":"Hern\u00e1n L\u00f3pez","@id":"https:\/\/diarioprincipios.com\/#\/schema\/person\/436d5a1fd41a5e250e23ff5a6a7cb080"},"headline":"Se present\u00f3\u00a0la APP ALERTA 911 para situaciones de violencia por razones de g\u00e9nero","datePublished":"2024-11-26T14:41:40+00:00","dateModified":"2024-11-26T14:41:41+00:00","mainEntityOfPage":{"@id":"https:\/\/diarioprincipios.com\/index.php\/2024\/11\/26\/se-presento-la-app-alerta-911-para-situaciones-de-violencia-por-razones-de-genero\/"},"wordCount":515,"commentCount":0,"publisher":{"@id":"https:\/\/diarioprincipios.com\/#organization"},"image":{"@id":"https:\/\/diarioprincipios.com\/index.php\/2024\/11\/26\/se-presento-la-app-alerta-911-para-situaciones-de-violencia-por-razones-de-genero\/#primaryimage"},"thumbnailUrl":"https:\/\/diarioprincipios.com\/wp-content\/uploads\/2024\/11\/25112024-MMD08873-scaled.jpg","articleSection":["Provincia"],"inLanguage":"es","potentialAction":[{"@type":"CommentAction","name":"Comment","target":["https:\/\/diarioprincipios.com\/index.php\/2024\/11\/26\/se-presento-la-app-alerta-911-para-situaciones-de-violencia-por-razones-de-genero\/#respond"]}]},{"@type":"WebPage","@id":"https:\/\/diarioprincipios.com\/index.php\/2024\/11\/26\/se-presento-la-app-alerta-911-para-situaciones-de-violencia-por-razones-de-genero\/","url":"https:\/\/diarioprincipios.com\/index.php\/2024\/11\/26\/se-presento-la-app-alerta-911-para-situaciones-de-violencia-por-razones-de-genero\/","name":"Se present\u00f3\u00a0la APP ALERTA 911 para situaciones de violencia por razones de g\u00e9nero - Principios","isPartOf":{"@id":"https:\/\/diarioprincipios.com\/#website"},"primaryImageOfPage":{"@id":"https:\/\/diarioprincipios.com\/index.php\/2024\/11\/26\/se-presento-la-app-alerta-911-para-situaciones-de-violencia-por-razones-de-genero\/#primaryimage"},"image":{"@id":"https:\/\/diarioprincipios.com\/index.php\/2024\/11\/26\/se-presento-la-app-alerta-911-para-situaciones-de-violencia-por-razones-de-genero\/#primaryimage"},"thumbnailUrl":"https:\/\/diarioprincipios.com\/wp-content\/uploads\/2024\/11\/25112024-MMD08873-scaled.jpg","datePublished":"2024-11-26T14:41:40+00:00","dateModified":"2024-11-26T14:41:41+00:00","breadcrumb":{"@id":"https:\/\/diarioprincipios.com\/index.php\/2024\/11\/26\/se-presento-la-app-alerta-911-para-situaciones-de-violencia-por-razones-de-genero\/#breadcrumb"},"inLanguage":"es","potentialAction":[{"@type":"ReadAction","target":["https:\/\/diarioprincipios.com\/index.php\/2024\/11\/26\/se-presento-la-app-alerta-911-para-situaciones-de-violencia-por-razones-de-genero\/"]}]},{"@type":"ImageObject","inLanguage":"es","@id":"https:\/\/diarioprincipios.com\/index.php\/2024\/11\/26\/se-presento-la-app-alerta-911-para-situaciones-de-violencia-por-razones-de-genero\/#primaryimage","url":"https:\/\/diarioprincipios.com\/wp-content\/uploads\/2024\/11\/25112024-MMD08873-scaled.jpg","contentUrl":"https:\/\/diarioprincipios.com\/wp-content\/uploads\/2024\/11\/25112024-MMD08873-scaled.jpg","width":2560,"height":1706},{"@type":"BreadcrumbList","@id":"https:\/\/diarioprincipios.com\/index.php\/2024\/11\/26\/se-presento-la-app-alerta-911-para-situaciones-de-violencia-por-razones-de-genero\/#breadcrumb","itemListElement":[{"@type":"ListItem","position":1,"name":"Portada","item":"https:\/\/diarioprincipios.com\/"},{"@type":"ListItem","position":2,"name":"Se present\u00f3\u00a0la APP ALERTA 911 para situaciones de violencia por razones de g\u00e9nero"}]},{"@type":"WebSite","@id":"https:\/\/diarioprincipios.com\/#website","url":"https:\/\/diarioprincipios.com\/","name":"Principios","description":"Principios Diario","publisher":{"@id":"https:\/\/diarioprincipios.com\/#organization"},"potentialAction":[{"@type":"SearchAction","target":{"@type":"EntryPoint","urlTemplate":"https:\/\/diarioprincipios.com\/?s={search_term_string}"},"query-input":{"@type":"PropertyValueSpecification","valueRequired":true,"valueName":"search_term_string"}}],"inLanguage":"es"},{"@type":"Organization","@id":"https:\/\/diarioprincipios.com\/#organization","name":"Principios","url":"https:\/\/diarioprincipios.com\/","logo":{"@type":"ImageObject","inLanguage":"es","@id":"https:\/\/diarioprincipios.com\/#\/schema\/logo\/image\/","url":"https:\/\/diarioprincipios.com\/wp-content\/uploads\/2024\/04\/cropped-www.diarioprincipios.com_-1.png","contentUrl":"https:\/\/diarioprincipios.com\/wp-content\/uploads\/2024\/04\/cropped-www.diarioprincipios.com_-1.png","width":5325,"height":1454,"caption":"Principios"},"image":{"@id":"https:\/\/diarioprincipios.com\/#\/schema\/logo\/image\/"}},{"@type":"Person","@id":"https:\/\/diarioprincipios.com\/#\/schema\/person\/436d5a1fd41a5e250e23ff5a6a7cb080","name":"Hern\u00e1n L\u00f3pez","image":{"@type":"ImageObject","inLanguage":"es","@id":"https:\/\/diarioprincipios.com\/wp-content\/litespeed\/avatar\/11ddfe5610ff3bd100522525b2571f48.jpg?ver=1777048341","url":"https:\/\/diarioprincipios.com\/wp-content\/litespeed\/avatar\/11ddfe5610ff3bd100522525b2571f48.jpg?ver=1777048341","contentUrl":"https:\/\/diarioprincipios.com\/wp-content\/litespeed\/avatar\/11ddfe5610ff3bd100522525b2571f48.jpg?ver=1777048341","caption":"Hern\u00e1n L\u00f3pez"},"url":"https:\/\/diarioprincipios.com\/index.php\/author\/hernan\/"}]}},"jetpack_featured_media_url":"https:\/\/diarioprincipios.com\/wp-content\/uploads\/2024\/11\/25112024-MMD08873-scaled.jpg","_links":{"self":[{"href":"https:\/\/diarioprincipios.com\/index.php\/wp-json\/wp\/v2\/posts\/23628","targetHints":{"allow":["GET"]}}],"collection":[{"href":"https:\/\/diarioprincipios.com\/index.php\/wp-json\/wp\/v2\/posts"}],"about":[{"href":"https:\/\/diarioprincipios.com\/index.php\/wp-json\/wp\/v2\/types\/post"}],"author":[{"embeddable":true,"href":"https:\/\/diarioprincipios.com\/index.php\/wp-json\/wp\/v2\/users\/2"}],"replies":[{"embeddable":true,"href":"https:\/\/diarioprincipios.com\/index.php\/wp-json\/wp\/v2\/comments?post=23628"}],"version-history":[{"count":1,"href":"https:\/\/diarioprincipios.com\/index.php\/wp-json\/wp\/v2\/posts\/23628\/revisions"}],"predecessor-version":[{"id":23631,"href":"https:\/\/diarioprincipios.com\/index.php\/wp-json\/wp\/v2\/posts\/23628\/revisions\/23631"}],"wp:featuredmedia":[{"embeddable":true,"href":"https:\/\/diarioprincipios.com\/index.php\/wp-json\/wp\/v2\/media\/23630"}],"wp:attachment":[{"href":"https:\/\/diarioprincipios.com\/index.php\/wp-json\/wp\/v2\/media?parent=23628"}],"wp:term":[{"taxonomy":"category","embeddable":true,"href":"https:\/\/diarioprincipios.com\/index.php\/wp-json\/wp\/v2\/categories?post=23628"},{"taxonomy":"post_tag","embeddable":true,"href":"https:\/\/diarioprincipios.com\/index.php\/wp-json\/wp\/v2\/tags?post=23628"}],"curies":[{"name":"wp","href":"https:\/\/api.w.org\/{rel}","templated":true}]}}