{"id":23617,"date":"2024-11-25T23:49:12","date_gmt":"2024-11-26T02:49:12","guid":{"rendered":"http:\/\/diarioprincipios.com\/?p=23617"},"modified":"2024-11-25T23:49:14","modified_gmt":"2024-11-26T02:49:14","slug":"mas-de-100-empleados-municipales-recibieron-indumentaria","status":"publish","type":"post","link":"https:\/\/diarioprincipios.com\/index.php\/2024\/11\/25\/mas-de-100-empleados-municipales-recibieron-indumentaria\/","title":{"rendered":"M\u00e1s de 100 Empleados Municipales recibieron indumentaria"},"content":{"rendered":"\n<p><strong>Se entreg\u00f3 indumentaria a 110 empleados y empleadas municipales de la Secretar\u00eda de Gobierno de la Municipalidad de Berazategui. El acto fue encabezado por el intendente Juan Jos\u00e9 Mussi, acompa\u00f1ado del secretario del \u00e1rea, Antonio Amarilla.<\/strong><\/p>\n\n\n\n<figure class=\"wp-block-image size-large\"><img loading=\"lazy\" decoding=\"async\" width=\"1024\" height=\"728\" src=\"https:\/\/diarioprincipios.com\/wp-content\/uploads\/2024\/11\/MAS-DE-100-TRABAJADORES-MUNICIPALES-RECIBIERON-INDUMENTARIA-1-1024x728.jpg\" alt=\"\" class=\"wp-image-23618\" srcset=\"https:\/\/diarioprincipios.com\/wp-content\/uploads\/2024\/11\/MAS-DE-100-TRABAJADORES-MUNICIPALES-RECIBIERON-INDUMENTARIA-1-1024x728.jpg 1024w, https:\/\/diarioprincipios.com\/wp-content\/uploads\/2024\/11\/MAS-DE-100-TRABAJADORES-MUNICIPALES-RECIBIERON-INDUMENTARIA-1-300x213.jpg 300w, https:\/\/diarioprincipios.com\/wp-content\/uploads\/2024\/11\/MAS-DE-100-TRABAJADORES-MUNICIPALES-RECIBIERON-INDUMENTARIA-1-768x546.jpg 768w, https:\/\/diarioprincipios.com\/wp-content\/uploads\/2024\/11\/MAS-DE-100-TRABAJADORES-MUNICIPALES-RECIBIERON-INDUMENTARIA-1-1536x1092.jpg 1536w, https:\/\/diarioprincipios.com\/wp-content\/uploads\/2024\/11\/MAS-DE-100-TRABAJADORES-MUNICIPALES-RECIBIERON-INDUMENTARIA-1.jpg 1920w\" sizes=\"auto, (max-width: 1024px) 100vw, 1024px\" \/><\/figure>\n\n\n\n<p><br>Los trabajadores y trabajadoras recibieron camisas, chombas, cardigans, ambos, zapatillas de seguridad y pantalones, de acuerdo a la tarea que desempe\u00f1an particularmente.<br>En ese marco, Mussi expres\u00f3: \u201cLes agradezco por su labor. Les recuerdo, como siempre, que tenemos que tratar bien a la gente. No importa el estamento en el que nos desempe\u00f1emos, los vecinos son nuestros jefes\u201d.<\/p>\n\n\n\n<figure class=\"wp-block-image size-large\"><img loading=\"lazy\" decoding=\"async\" width=\"1024\" height=\"683\" src=\"https:\/\/diarioprincipios.com\/wp-content\/uploads\/2024\/11\/MAS-DE-100-TRABAJADORES-MUNICIPALES-RECIBIERON-INDUMENTARIA-1024x683.jpg\" alt=\"\" class=\"wp-image-23619\" srcset=\"https:\/\/diarioprincipios.com\/wp-content\/uploads\/2024\/11\/MAS-DE-100-TRABAJADORES-MUNICIPALES-RECIBIERON-INDUMENTARIA-1024x683.jpg 1024w, https:\/\/diarioprincipios.com\/wp-content\/uploads\/2024\/11\/MAS-DE-100-TRABAJADORES-MUNICIPALES-RECIBIERON-INDUMENTARIA-300x200.jpg 300w, https:\/\/diarioprincipios.com\/wp-content\/uploads\/2024\/11\/MAS-DE-100-TRABAJADORES-MUNICIPALES-RECIBIERON-INDUMENTARIA-768x512.jpg 768w, https:\/\/diarioprincipios.com\/wp-content\/uploads\/2024\/11\/MAS-DE-100-TRABAJADORES-MUNICIPALES-RECIBIERON-INDUMENTARIA-1536x1024.jpg 1536w, https:\/\/diarioprincipios.com\/wp-content\/uploads\/2024\/11\/MAS-DE-100-TRABAJADORES-MUNICIPALES-RECIBIERON-INDUMENTARIA-600x400.jpg 600w, https:\/\/diarioprincipios.com\/wp-content\/uploads\/2024\/11\/MAS-DE-100-TRABAJADORES-MUNICIPALES-RECIBIERON-INDUMENTARIA.jpg 1920w\" sizes=\"auto, (max-width: 1024px) 100vw, 1024px\" \/><\/figure>\n\n\n\n<p><br>En tanto, Antonio Amarilla indic\u00f3: \u201cLes agradezco el compromiso. Conformamos un equipo y una familia, para que las cosas salgan bien y darle lo mejor a Berazategui. Eso es lo que pregona el intendente Mussi\u201d.<\/p>\n","protected":false},"excerpt":{"rendered":"<p>Se entreg\u00f3 indumentaria a 110 empleados y empleadas municipales de la Secretar\u00eda de Gobierno de la Municipalidad de Berazategui. El acto fue encabezado por el intendente Juan Jos\u00e9 Mussi, acompa\u00f1ado del secretario del \u00e1rea, Antonio Amarilla. Los trabajadores y trabajadoras recibieron camisas, chombas, cardigans, ambos, zapatillas de seguridad y pantalones, de acuerdo a la tarea&#8230;<\/p>\n","protected":false},"author":2,"featured_media":23620,"comment_status":"open","ping_status":"open","sticky":false,"template":"","format":"standard","meta":{"footnotes":""},"categories":[3],"tags":[],"class_list":["post-23617","post","type-post","status-publish","format-standard","has-post-thumbnail","hentry","category-berazategui"],"featured_image_src":"https:\/\/diarioprincipios.com\/wp-content\/uploads\/2024\/11\/MAS-DE-100-TRABAJADORES-MUNICIPALES-RECIBIERON-INDUMENTARIA-3-1024x727.jpg","blog_images":{"medium":"https:\/\/diarioprincipios.com\/wp-content\/uploads\/2024\/11\/MAS-DE-100-TRABAJADORES-MUNICIPALES-RECIBIERON-INDUMENTARIA-3-300x213.jpg","large":"https:\/\/diarioprincipios.com\/wp-content\/uploads\/2024\/11\/MAS-DE-100-TRABAJADORES-MUNICIPALES-RECIBIERON-INDUMENTARIA-3-1024x727.jpg"},"ams_acf":[],"yoast_head":"<!-- This site is optimized with the Yoast SEO plugin v27.3 - https:\/\/yoast.com\/product\/yoast-seo-wordpress\/ -->\n<title>M\u00e1s de 100 Empleados Municipales recibieron indumentaria - Principios<\/title>\n<meta name=\"robots\" content=\"index, follow, max-snippet:-1, max-image-preview:large, max-video-preview:-1\" \/>\n<link rel=\"canonical\" href=\"https:\/\/diarioprincipios.com\/index.php\/2024\/11\/25\/mas-de-100-empleados-municipales-recibieron-indumentaria\/\" \/>\n<meta property=\"og:locale\" content=\"es_ES\" \/>\n<meta property=\"og:type\" content=\"article\" \/>\n<meta property=\"og:title\" content=\"M\u00e1s de 100 Empleados Municipales recibieron indumentaria - Principios\" \/>\n<meta property=\"og:description\" content=\"Se entreg\u00f3 indumentaria a 110 empleados y empleadas municipales de la Secretar\u00eda de Gobierno de la Municipalidad de Berazategui. El acto fue encabezado por el intendente Juan Jos\u00e9 Mussi, acompa\u00f1ado del secretario del \u00e1rea, Antonio Amarilla. Los trabajadores y trabajadoras recibieron camisas, chombas, cardigans, ambos, zapatillas de seguridad y pantalones, de acuerdo a la tarea...\" \/>\n<meta property=\"og:url\" content=\"https:\/\/diarioprincipios.com\/index.php\/2024\/11\/25\/mas-de-100-empleados-municipales-recibieron-indumentaria\/\" \/>\n<meta property=\"og:site_name\" content=\"Principios\" \/>\n<meta property=\"article:published_time\" content=\"2024-11-26T02:49:12+00:00\" \/>\n<meta property=\"article:modified_time\" content=\"2024-11-26T02:49:14+00:00\" \/>\n<meta property=\"og:image\" content=\"https:\/\/diarioprincipios.com\/wp-content\/uploads\/2024\/11\/MAS-DE-100-TRABAJADORES-MUNICIPALES-RECIBIERON-INDUMENTARIA-3.jpg\" \/>\n\t<meta property=\"og:image:width\" content=\"1920\" \/>\n\t<meta property=\"og:image:height\" content=\"1363\" \/>\n\t<meta property=\"og:image:type\" content=\"image\/jpeg\" \/>\n<meta name=\"author\" content=\"Hern\u00e1n L\u00f3pez\" \/>\n<meta name=\"twitter:card\" content=\"summary_large_image\" \/>\n<meta name=\"twitter:label1\" content=\"Escrito por\" \/>\n\t<meta name=\"twitter:data1\" content=\"Hern\u00e1n L\u00f3pez\" \/>\n\t<meta name=\"twitter:label2\" content=\"Tiempo de lectura\" \/>\n\t<meta name=\"twitter:data2\" content=\"2 minutos\" \/>\n<script type=\"application\/ld+json\" class=\"yoast-schema-graph\">{\"@context\":\"https:\\\/\\\/schema.org\",\"@graph\":[{\"@type\":\"Article\",\"@id\":\"https:\\\/\\\/diarioprincipios.com\\\/index.php\\\/2024\\\/11\\\/25\\\/mas-de-100-empleados-municipales-recibieron-indumentaria\\\/#article\",\"isPartOf\":{\"@id\":\"https:\\\/\\\/diarioprincipios.com\\\/index.php\\\/2024\\\/11\\\/25\\\/mas-de-100-empleados-municipales-recibieron-indumentaria\\\/\"},\"author\":{\"name\":\"Hern\u00e1n L\u00f3pez\",\"@id\":\"https:\\\/\\\/diarioprincipios.com\\\/#\\\/schema\\\/person\\\/436d5a1fd41a5e250e23ff5a6a7cb080\"},\"headline\":\"M\u00e1s de 100 Empleados Municipales recibieron indumentaria\",\"datePublished\":\"2024-11-26T02:49:12+00:00\",\"dateModified\":\"2024-11-26T02:49:14+00:00\",\"mainEntityOfPage\":{\"@id\":\"https:\\\/\\\/diarioprincipios.com\\\/index.php\\\/2024\\\/11\\\/25\\\/mas-de-100-empleados-municipales-recibieron-indumentaria\\\/\"},\"wordCount\":139,\"commentCount\":0,\"publisher\":{\"@id\":\"https:\\\/\\\/diarioprincipios.com\\\/#organization\"},\"image\":{\"@id\":\"https:\\\/\\\/diarioprincipios.com\\\/index.php\\\/2024\\\/11\\\/25\\\/mas-de-100-empleados-municipales-recibieron-indumentaria\\\/#primaryimage\"},\"thumbnailUrl\":\"https:\\\/\\\/diarioprincipios.com\\\/wp-content\\\/uploads\\\/2024\\\/11\\\/MAS-DE-100-TRABAJADORES-MUNICIPALES-RECIBIERON-INDUMENTARIA-3.jpg\",\"articleSection\":[\"Berazategui\"],\"inLanguage\":\"es\",\"potentialAction\":[{\"@type\":\"CommentAction\",\"name\":\"Comment\",\"target\":[\"https:\\\/\\\/diarioprincipios.com\\\/index.php\\\/2024\\\/11\\\/25\\\/mas-de-100-empleados-municipales-recibieron-indumentaria\\\/#respond\"]}]},{\"@type\":\"WebPage\",\"@id\":\"https:\\\/\\\/diarioprincipios.com\\\/index.php\\\/2024\\\/11\\\/25\\\/mas-de-100-empleados-municipales-recibieron-indumentaria\\\/\",\"url\":\"https:\\\/\\\/diarioprincipios.com\\\/index.php\\\/2024\\\/11\\\/25\\\/mas-de-100-empleados-municipales-recibieron-indumentaria\\\/\",\"name\":\"M\u00e1s de 100 Empleados Municipales recibieron indumentaria - Principios\",\"isPartOf\":{\"@id\":\"https:\\\/\\\/diarioprincipios.com\\\/#website\"},\"primaryImageOfPage\":{\"@id\":\"https:\\\/\\\/diarioprincipios.com\\\/index.php\\\/2024\\\/11\\\/25\\\/mas-de-100-empleados-municipales-recibieron-indumentaria\\\/#primaryimage\"},\"image\":{\"@id\":\"https:\\\/\\\/diarioprincipios.com\\\/index.php\\\/2024\\\/11\\\/25\\\/mas-de-100-empleados-municipales-recibieron-indumentaria\\\/#primaryimage\"},\"thumbnailUrl\":\"https:\\\/\\\/diarioprincipios.com\\\/wp-content\\\/uploads\\\/2024\\\/11\\\/MAS-DE-100-TRABAJADORES-MUNICIPALES-RECIBIERON-INDUMENTARIA-3.jpg\",\"datePublished\":\"2024-11-26T02:49:12+00:00\",\"dateModified\":\"2024-11-26T02:49:14+00:00\",\"breadcrumb\":{\"@id\":\"https:\\\/\\\/diarioprincipios.com\\\/index.php\\\/2024\\\/11\\\/25\\\/mas-de-100-empleados-municipales-recibieron-indumentaria\\\/#breadcrumb\"},\"inLanguage\":\"es\",\"potentialAction\":[{\"@type\":\"ReadAction\",\"target\":[\"https:\\\/\\\/diarioprincipios.com\\\/index.php\\\/2024\\\/11\\\/25\\\/mas-de-100-empleados-municipales-recibieron-indumentaria\\\/\"]}]},{\"@type\":\"ImageObject\",\"inLanguage\":\"es\",\"@id\":\"https:\\\/\\\/diarioprincipios.com\\\/index.php\\\/2024\\\/11\\\/25\\\/mas-de-100-empleados-municipales-recibieron-indumentaria\\\/#primaryimage\",\"url\":\"https:\\\/\\\/diarioprincipios.com\\\/wp-content\\\/uploads\\\/2024\\\/11\\\/MAS-DE-100-TRABAJADORES-MUNICIPALES-RECIBIERON-INDUMENTARIA-3.jpg\",\"contentUrl\":\"https:\\\/\\\/diarioprincipios.com\\\/wp-content\\\/uploads\\\/2024\\\/11\\\/MAS-DE-100-TRABAJADORES-MUNICIPALES-RECIBIERON-INDUMENTARIA-3.jpg\",\"width\":1920,\"height\":1363},{\"@type\":\"BreadcrumbList\",\"@id\":\"https:\\\/\\\/diarioprincipios.com\\\/index.php\\\/2024\\\/11\\\/25\\\/mas-de-100-empleados-municipales-recibieron-indumentaria\\\/#breadcrumb\",\"itemListElement\":[{\"@type\":\"ListItem\",\"position\":1,\"name\":\"Portada\",\"item\":\"https:\\\/\\\/diarioprincipios.com\\\/\"},{\"@type\":\"ListItem\",\"position\":2,\"name\":\"M\u00e1s de 100 Empleados Municipales recibieron indumentaria\"}]},{\"@type\":\"WebSite\",\"@id\":\"https:\\\/\\\/diarioprincipios.com\\\/#website\",\"url\":\"https:\\\/\\\/diarioprincipios.com\\\/\",\"name\":\"Principios\",\"description\":\"Principios Diario\",\"publisher\":{\"@id\":\"https:\\\/\\\/diarioprincipios.com\\\/#organization\"},\"potentialAction\":[{\"@type\":\"SearchAction\",\"target\":{\"@type\":\"EntryPoint\",\"urlTemplate\":\"https:\\\/\\\/diarioprincipios.com\\\/?s={search_term_string}\"},\"query-input\":{\"@type\":\"PropertyValueSpecification\",\"valueRequired\":true,\"valueName\":\"search_term_string\"}}],\"inLanguage\":\"es\"},{\"@type\":\"Organization\",\"@id\":\"https:\\\/\\\/diarioprincipios.com\\\/#organization\",\"name\":\"Principios\",\"url\":\"https:\\\/\\\/diarioprincipios.com\\\/\",\"logo\":{\"@type\":\"ImageObject\",\"inLanguage\":\"es\",\"@id\":\"https:\\\/\\\/diarioprincipios.com\\\/#\\\/schema\\\/logo\\\/image\\\/\",\"url\":\"https:\\\/\\\/diarioprincipios.com\\\/wp-content\\\/uploads\\\/2024\\\/04\\\/cropped-www.diarioprincipios.com_-1.png\",\"contentUrl\":\"https:\\\/\\\/diarioprincipios.com\\\/wp-content\\\/uploads\\\/2024\\\/04\\\/cropped-www.diarioprincipios.com_-1.png\",\"width\":5325,\"height\":1454,\"caption\":\"Principios\"},\"image\":{\"@id\":\"https:\\\/\\\/diarioprincipios.com\\\/#\\\/schema\\\/logo\\\/image\\\/\"}},{\"@type\":\"Person\",\"@id\":\"https:\\\/\\\/diarioprincipios.com\\\/#\\\/schema\\\/person\\\/436d5a1fd41a5e250e23ff5a6a7cb080\",\"name\":\"Hern\u00e1n L\u00f3pez\",\"image\":{\"@type\":\"ImageObject\",\"inLanguage\":\"es\",\"@id\":\"https:\\\/\\\/diarioprincipios.com\\\/wp-content\\\/litespeed\\\/avatar\\\/11ddfe5610ff3bd100522525b2571f48.jpg?ver=1777048341\",\"url\":\"https:\\\/\\\/diarioprincipios.com\\\/wp-content\\\/litespeed\\\/avatar\\\/11ddfe5610ff3bd100522525b2571f48.jpg?ver=1777048341\",\"contentUrl\":\"https:\\\/\\\/diarioprincipios.com\\\/wp-content\\\/litespeed\\\/avatar\\\/11ddfe5610ff3bd100522525b2571f48.jpg?ver=1777048341\",\"caption\":\"Hern\u00e1n L\u00f3pez\"},\"url\":\"https:\\\/\\\/diarioprincipios.com\\\/index.php\\\/author\\\/hernan\\\/\"}]}<\/script>\n<!-- \/ Yoast SEO plugin. -->","yoast_head_json":{"title":"M\u00e1s de 100 Empleados Municipales recibieron indumentaria - Principios","robots":{"index":"index","follow":"follow","max-snippet":"max-snippet:-1","max-image-preview":"max-image-preview:large","max-video-preview":"max-video-preview:-1"},"canonical":"https:\/\/diarioprincipios.com\/index.php\/2024\/11\/25\/mas-de-100-empleados-municipales-recibieron-indumentaria\/","og_locale":"es_ES","og_type":"article","og_title":"M\u00e1s de 100 Empleados Municipales recibieron indumentaria - Principios","og_description":"Se entreg\u00f3 indumentaria a 110 empleados y empleadas municipales de la Secretar\u00eda de Gobierno de la Municipalidad de Berazategui. El acto fue encabezado por el intendente Juan Jos\u00e9 Mussi, acompa\u00f1ado del secretario del \u00e1rea, Antonio Amarilla. Los trabajadores y trabajadoras recibieron camisas, chombas, cardigans, ambos, zapatillas de seguridad y pantalones, de acuerdo a la tarea...","og_url":"https:\/\/diarioprincipios.com\/index.php\/2024\/11\/25\/mas-de-100-empleados-municipales-recibieron-indumentaria\/","og_site_name":"Principios","article_published_time":"2024-11-26T02:49:12+00:00","article_modified_time":"2024-11-26T02:49:14+00:00","og_image":[{"width":1920,"height":1363,"url":"https:\/\/diarioprincipios.com\/wp-content\/uploads\/2024\/11\/MAS-DE-100-TRABAJADORES-MUNICIPALES-RECIBIERON-INDUMENTARIA-3.jpg","type":"image\/jpeg"}],"author":"Hern\u00e1n L\u00f3pez","twitter_card":"summary_large_image","twitter_misc":{"Escrito por":"Hern\u00e1n L\u00f3pez","Tiempo de lectura":"2 minutos"},"schema":{"@context":"https:\/\/schema.org","@graph":[{"@type":"Article","@id":"https:\/\/diarioprincipios.com\/index.php\/2024\/11\/25\/mas-de-100-empleados-municipales-recibieron-indumentaria\/#article","isPartOf":{"@id":"https:\/\/diarioprincipios.com\/index.php\/2024\/11\/25\/mas-de-100-empleados-municipales-recibieron-indumentaria\/"},"author":{"name":"Hern\u00e1n L\u00f3pez","@id":"https:\/\/diarioprincipios.com\/#\/schema\/person\/436d5a1fd41a5e250e23ff5a6a7cb080"},"headline":"M\u00e1s de 100 Empleados Municipales recibieron indumentaria","datePublished":"2024-11-26T02:49:12+00:00","dateModified":"2024-11-26T02:49:14+00:00","mainEntityOfPage":{"@id":"https:\/\/diarioprincipios.com\/index.php\/2024\/11\/25\/mas-de-100-empleados-municipales-recibieron-indumentaria\/"},"wordCount":139,"commentCount":0,"publisher":{"@id":"https:\/\/diarioprincipios.com\/#organization"},"image":{"@id":"https:\/\/diarioprincipios.com\/index.php\/2024\/11\/25\/mas-de-100-empleados-municipales-recibieron-indumentaria\/#primaryimage"},"thumbnailUrl":"https:\/\/diarioprincipios.com\/wp-content\/uploads\/2024\/11\/MAS-DE-100-TRABAJADORES-MUNICIPALES-RECIBIERON-INDUMENTARIA-3.jpg","articleSection":["Berazategui"],"inLanguage":"es","potentialAction":[{"@type":"CommentAction","name":"Comment","target":["https:\/\/diarioprincipios.com\/index.php\/2024\/11\/25\/mas-de-100-empleados-municipales-recibieron-indumentaria\/#respond"]}]},{"@type":"WebPage","@id":"https:\/\/diarioprincipios.com\/index.php\/2024\/11\/25\/mas-de-100-empleados-municipales-recibieron-indumentaria\/","url":"https:\/\/diarioprincipios.com\/index.php\/2024\/11\/25\/mas-de-100-empleados-municipales-recibieron-indumentaria\/","name":"M\u00e1s de 100 Empleados Municipales recibieron indumentaria - Principios","isPartOf":{"@id":"https:\/\/diarioprincipios.com\/#website"},"primaryImageOfPage":{"@id":"https:\/\/diarioprincipios.com\/index.php\/2024\/11\/25\/mas-de-100-empleados-municipales-recibieron-indumentaria\/#primaryimage"},"image":{"@id":"https:\/\/diarioprincipios.com\/index.php\/2024\/11\/25\/mas-de-100-empleados-municipales-recibieron-indumentaria\/#primaryimage"},"thumbnailUrl":"https:\/\/diarioprincipios.com\/wp-content\/uploads\/2024\/11\/MAS-DE-100-TRABAJADORES-MUNICIPALES-RECIBIERON-INDUMENTARIA-3.jpg","datePublished":"2024-11-26T02:49:12+00:00","dateModified":"2024-11-26T02:49:14+00:00","breadcrumb":{"@id":"https:\/\/diarioprincipios.com\/index.php\/2024\/11\/25\/mas-de-100-empleados-municipales-recibieron-indumentaria\/#breadcrumb"},"inLanguage":"es","potentialAction":[{"@type":"ReadAction","target":["https:\/\/diarioprincipios.com\/index.php\/2024\/11\/25\/mas-de-100-empleados-municipales-recibieron-indumentaria\/"]}]},{"@type":"ImageObject","inLanguage":"es","@id":"https:\/\/diarioprincipios.com\/index.php\/2024\/11\/25\/mas-de-100-empleados-municipales-recibieron-indumentaria\/#primaryimage","url":"https:\/\/diarioprincipios.com\/wp-content\/uploads\/2024\/11\/MAS-DE-100-TRABAJADORES-MUNICIPALES-RECIBIERON-INDUMENTARIA-3.jpg","contentUrl":"https:\/\/diarioprincipios.com\/wp-content\/uploads\/2024\/11\/MAS-DE-100-TRABAJADORES-MUNICIPALES-RECIBIERON-INDUMENTARIA-3.jpg","width":1920,"height":1363},{"@type":"BreadcrumbList","@id":"https:\/\/diarioprincipios.com\/index.php\/2024\/11\/25\/mas-de-100-empleados-municipales-recibieron-indumentaria\/#breadcrumb","itemListElement":[{"@type":"ListItem","position":1,"name":"Portada","item":"https:\/\/diarioprincipios.com\/"},{"@type":"ListItem","position":2,"name":"M\u00e1s de 100 Empleados Municipales recibieron indumentaria"}]},{"@type":"WebSite","@id":"https:\/\/diarioprincipios.com\/#website","url":"https:\/\/diarioprincipios.com\/","name":"Principios","description":"Principios Diario","publisher":{"@id":"https:\/\/diarioprincipios.com\/#organization"},"potentialAction":[{"@type":"SearchAction","target":{"@type":"EntryPoint","urlTemplate":"https:\/\/diarioprincipios.com\/?s={search_term_string}"},"query-input":{"@type":"PropertyValueSpecification","valueRequired":true,"valueName":"search_term_string"}}],"inLanguage":"es"},{"@type":"Organization","@id":"https:\/\/diarioprincipios.com\/#organization","name":"Principios","url":"https:\/\/diarioprincipios.com\/","logo":{"@type":"ImageObject","inLanguage":"es","@id":"https:\/\/diarioprincipios.com\/#\/schema\/logo\/image\/","url":"https:\/\/diarioprincipios.com\/wp-content\/uploads\/2024\/04\/cropped-www.diarioprincipios.com_-1.png","contentUrl":"https:\/\/diarioprincipios.com\/wp-content\/uploads\/2024\/04\/cropped-www.diarioprincipios.com_-1.png","width":5325,"height":1454,"caption":"Principios"},"image":{"@id":"https:\/\/diarioprincipios.com\/#\/schema\/logo\/image\/"}},{"@type":"Person","@id":"https:\/\/diarioprincipios.com\/#\/schema\/person\/436d5a1fd41a5e250e23ff5a6a7cb080","name":"Hern\u00e1n L\u00f3pez","image":{"@type":"ImageObject","inLanguage":"es","@id":"https:\/\/diarioprincipios.com\/wp-content\/litespeed\/avatar\/11ddfe5610ff3bd100522525b2571f48.jpg?ver=1777048341","url":"https:\/\/diarioprincipios.com\/wp-content\/litespeed\/avatar\/11ddfe5610ff3bd100522525b2571f48.jpg?ver=1777048341","contentUrl":"https:\/\/diarioprincipios.com\/wp-content\/litespeed\/avatar\/11ddfe5610ff3bd100522525b2571f48.jpg?ver=1777048341","caption":"Hern\u00e1n L\u00f3pez"},"url":"https:\/\/diarioprincipios.com\/index.php\/author\/hernan\/"}]}},"jetpack_featured_media_url":"https:\/\/diarioprincipios.com\/wp-content\/uploads\/2024\/11\/MAS-DE-100-TRABAJADORES-MUNICIPALES-RECIBIERON-INDUMENTARIA-3.jpg","_links":{"self":[{"href":"https:\/\/diarioprincipios.com\/index.php\/wp-json\/wp\/v2\/posts\/23617","targetHints":{"allow":["GET"]}}],"collection":[{"href":"https:\/\/diarioprincipios.com\/index.php\/wp-json\/wp\/v2\/posts"}],"about":[{"href":"https:\/\/diarioprincipios.com\/index.php\/wp-json\/wp\/v2\/types\/post"}],"author":[{"embeddable":true,"href":"https:\/\/diarioprincipios.com\/index.php\/wp-json\/wp\/v2\/users\/2"}],"replies":[{"embeddable":true,"href":"https:\/\/diarioprincipios.com\/index.php\/wp-json\/wp\/v2\/comments?post=23617"}],"version-history":[{"count":1,"href":"https:\/\/diarioprincipios.com\/index.php\/wp-json\/wp\/v2\/posts\/23617\/revisions"}],"predecessor-version":[{"id":23621,"href":"https:\/\/diarioprincipios.com\/index.php\/wp-json\/wp\/v2\/posts\/23617\/revisions\/23621"}],"wp:featuredmedia":[{"embeddable":true,"href":"https:\/\/diarioprincipios.com\/index.php\/wp-json\/wp\/v2\/media\/23620"}],"wp:attachment":[{"href":"https:\/\/diarioprincipios.com\/index.php\/wp-json\/wp\/v2\/media?parent=23617"}],"wp:term":[{"taxonomy":"category","embeddable":true,"href":"https:\/\/diarioprincipios.com\/index.php\/wp-json\/wp\/v2\/categories?post=23617"},{"taxonomy":"post_tag","embeddable":true,"href":"https:\/\/diarioprincipios.com\/index.php\/wp-json\/wp\/v2\/tags?post=23617"}],"curies":[{"name":"wp","href":"https:\/\/api.w.org\/{rel}","templated":true}]}}