{"id":23601,"date":"2024-11-22T11:23:41","date_gmt":"2024-11-22T14:23:41","guid":{"rendered":"http:\/\/diarioprincipios.com\/?p=23601"},"modified":"2024-11-22T11:23:44","modified_gmt":"2024-11-22T14:23:44","slug":"este-fin-de-semana-en-plaza-san-martin-se-desarrollara-la-32-muestra-anual-educativa","status":"publish","type":"post","link":"https:\/\/diarioprincipios.com\/index.php\/2024\/11\/22\/este-fin-de-semana-en-plaza-san-martin-se-desarrollara-la-32-muestra-anual-educativa\/","title":{"rendered":"Este fin de semana en Plaza San Mart\u00edn se desarrollar\u00e1 la 32\u00b0 Muestra Anual Educativa"},"content":{"rendered":"\n<p><strong>Se viene una nueva MAE, la Muestra Anual Educativa de Berazategui (MAE), este 23 y 24 de noviembre en la Plaza San Mart\u00edn (Av. Mitre e\/ 6 y 7), con acceso libre y gratuito. Se trata de la 32\u00b0 edici\u00f3n de este emblem\u00e1tico evento que contar\u00e1 con n\u00fameros art\u00edsticos y distintas propuestas recreativas, l\u00fadicas y participativas para disfrutar en familia o con amigos. El s\u00e1bado 23 se realizar\u00e1 de 14.00 a 00.00; y el domingo 24 se podr\u00e1 visitar de 14.00 a 22.00. El evento se suspende en caso de lluvia.<\/strong><br>La MAE es organizada por la Municipalidad de Berazategui -a cargo del intendente Juan Jos\u00e9 Mussi-, a trav\u00e9s de la Secretar\u00eda de Cultura y Educaci\u00f3n.<br>Al respecto, el secretario de Cultura y Educaci\u00f3n, Federico L\u00f3pez, destac\u00f3: \u201cEs una propuesta que engloba toda la pol\u00edtica cultural del distrito, desarrollada a lo largo del a\u00f1o. Va a haber much\u00edsimos talleres abiertos y participativos. El lema de esta edici\u00f3n es \u2018A la MAE la hacemos entre todos\u2019, porque es una fiesta popular de Berazategui\u201d.<\/p>\n\n\n\n<figure class=\"wp-block-image size-large\"><img loading=\"lazy\" decoding=\"async\" width=\"1024\" height=\"683\" src=\"https:\/\/diarioprincipios.com\/wp-content\/uploads\/2024\/11\/BERAZATEGUI-SE-PREPARA-PARA-LA-32\u00b0-MUESTRA-ANUAL-EDUCATIVA-3-1024x683.jpg\" alt=\"\" class=\"wp-image-23602\" srcset=\"https:\/\/diarioprincipios.com\/wp-content\/uploads\/2024\/11\/BERAZATEGUI-SE-PREPARA-PARA-LA-32\u00b0-MUESTRA-ANUAL-EDUCATIVA-3-1024x683.jpg 1024w, https:\/\/diarioprincipios.com\/wp-content\/uploads\/2024\/11\/BERAZATEGUI-SE-PREPARA-PARA-LA-32\u00b0-MUESTRA-ANUAL-EDUCATIVA-3-300x200.jpg 300w, https:\/\/diarioprincipios.com\/wp-content\/uploads\/2024\/11\/BERAZATEGUI-SE-PREPARA-PARA-LA-32\u00b0-MUESTRA-ANUAL-EDUCATIVA-3-768x512.jpg 768w, https:\/\/diarioprincipios.com\/wp-content\/uploads\/2024\/11\/BERAZATEGUI-SE-PREPARA-PARA-LA-32\u00b0-MUESTRA-ANUAL-EDUCATIVA-3-1536x1024.jpg 1536w, https:\/\/diarioprincipios.com\/wp-content\/uploads\/2024\/11\/BERAZATEGUI-SE-PREPARA-PARA-LA-32\u00b0-MUESTRA-ANUAL-EDUCATIVA-3-600x400.jpg 600w, https:\/\/diarioprincipios.com\/wp-content\/uploads\/2024\/11\/BERAZATEGUI-SE-PREPARA-PARA-LA-32\u00b0-MUESTRA-ANUAL-EDUCATIVA-3.jpg 1920w\" sizes=\"auto, (max-width: 1024px) 100vw, 1024px\" \/><\/figure>\n\n\n\n<p>Adem\u00e1s, L\u00f3pez expres\u00f3: \u201cLa participaci\u00f3n de las y los vecinos aumenta cada a\u00f1o y eso es producto de la decisi\u00f3n pol\u00edtica firme del intendente Mussi, de llevar adelante pol\u00edticas p\u00fablicas culturales de calidad y abiertas para toda la comunidad\u201d.<br>Como cada a\u00f1o, la Muestra exhibe el trabajo y la producci\u00f3n anual de las y los estudiantes que participan en los talleres de las \u00c1reas Educativas y las Escuelas Municipales de Artesan\u00edas, Cer\u00e1mica, Fotograf\u00eda, M\u00fasica y Vidrio. Y, en esta edici\u00f3n, el s\u00e1bado (23\/11) tendr\u00e1 un gran cierre a cargo del folclorista N\u00e9stor Garnica. En tanto, el domingo (24\/11) finalizar\u00e1 de la mano del grupo Los Amados, con boleros y m\u00fasica tropical.<br>Asimismo, habr\u00e1 actividades de La Casa de la Estaci\u00f3n, el Complejo Cultural Municipal La Calle, el \u00e1rea de Industrias Creativas y el m\u00f3vil de Cultura Colectiva; adem\u00e1s de espect\u00e1culos al aire libre, a cargo de la Orquesta Municipal de Berazategui y del grupo What a Funk, entre otros.<br>Para m\u00e1s informaci\u00f3n, se puede ingresar en\u00a0<a href=\"http:\/\/berazategui.gob.ar\/cultura\" target=\"_blank\" rel=\"noreferrer noopener\">Berazategui.gob.ar\/cultura<\/a>.<\/p>\n","protected":false},"excerpt":{"rendered":"<p>Se viene una nueva MAE, la Muestra Anual Educativa de Berazategui (MAE), este 23 y 24 de noviembre en la Plaza San Mart\u00edn (Av. Mitre e\/ 6 y 7), con acceso libre y gratuito. Se trata de la 32\u00b0 edici\u00f3n de este emblem\u00e1tico evento que contar\u00e1 con n\u00fameros art\u00edsticos y distintas propuestas recreativas, l\u00fadicas y&#8230;<\/p>\n","protected":false},"author":2,"featured_media":23603,"comment_status":"open","ping_status":"open","sticky":false,"template":"","format":"standard","meta":{"footnotes":""},"categories":[3,19],"tags":[],"class_list":["post-23601","post","type-post","status-publish","format-standard","has-post-thumbnail","hentry","category-berazategui","category-cultura-educacion"],"featured_image_src":"https:\/\/diarioprincipios.com\/wp-content\/uploads\/2024\/11\/BERAZATEGUI-SE-PREPARA-PARA-LA-32\u00b0-MUESTRA-ANUAL-EDUCATIVA-4-1024x683.jpg","blog_images":{"medium":"https:\/\/diarioprincipios.com\/wp-content\/uploads\/2024\/11\/BERAZATEGUI-SE-PREPARA-PARA-LA-32\u00b0-MUESTRA-ANUAL-EDUCATIVA-4-300x200.jpg","large":"https:\/\/diarioprincipios.com\/wp-content\/uploads\/2024\/11\/BERAZATEGUI-SE-PREPARA-PARA-LA-32\u00b0-MUESTRA-ANUAL-EDUCATIVA-4-1024x683.jpg"},"ams_acf":[],"yoast_head":"<!-- This site is optimized with the Yoast SEO plugin v27.3 - https:\/\/yoast.com\/product\/yoast-seo-wordpress\/ -->\n<title>Este fin de semana en Plaza San Mart\u00edn se desarrollar\u00e1 la 32\u00b0 Muestra Anual Educativa - Principios<\/title>\n<meta name=\"robots\" content=\"index, follow, max-snippet:-1, max-image-preview:large, max-video-preview:-1\" \/>\n<link rel=\"canonical\" href=\"https:\/\/diarioprincipios.com\/index.php\/2024\/11\/22\/este-fin-de-semana-en-plaza-san-martin-se-desarrollara-la-32-muestra-anual-educativa\/\" \/>\n<meta property=\"og:locale\" content=\"es_ES\" \/>\n<meta property=\"og:type\" content=\"article\" \/>\n<meta property=\"og:title\" content=\"Este fin de semana en Plaza San Mart\u00edn se desarrollar\u00e1 la 32\u00b0 Muestra Anual Educativa - Principios\" \/>\n<meta property=\"og:description\" content=\"Se viene una nueva MAE, la Muestra Anual Educativa de Berazategui (MAE), este 23 y 24 de noviembre en la Plaza San Mart\u00edn (Av. Mitre e\/ 6 y 7), con acceso libre y gratuito. Se trata de la 32\u00b0 edici\u00f3n de este emblem\u00e1tico evento que contar\u00e1 con n\u00fameros art\u00edsticos y distintas propuestas recreativas, l\u00fadicas y...\" \/>\n<meta property=\"og:url\" content=\"https:\/\/diarioprincipios.com\/index.php\/2024\/11\/22\/este-fin-de-semana-en-plaza-san-martin-se-desarrollara-la-32-muestra-anual-educativa\/\" \/>\n<meta property=\"og:site_name\" content=\"Principios\" \/>\n<meta property=\"article:published_time\" content=\"2024-11-22T14:23:41+00:00\" \/>\n<meta property=\"article:modified_time\" content=\"2024-11-22T14:23:44+00:00\" \/>\n<meta property=\"og:image\" content=\"https:\/\/diarioprincipios.com\/wp-content\/uploads\/2024\/11\/BERAZATEGUI-SE-PREPARA-PARA-LA-32\u00b0-MUESTRA-ANUAL-EDUCATIVA-4.jpg\" \/>\n\t<meta property=\"og:image:width\" content=\"1920\" \/>\n\t<meta property=\"og:image:height\" content=\"1280\" \/>\n\t<meta property=\"og:image:type\" content=\"image\/jpeg\" \/>\n<meta name=\"author\" content=\"Hern\u00e1n L\u00f3pez\" \/>\n<meta name=\"twitter:card\" content=\"summary_large_image\" \/>\n<meta name=\"twitter:label1\" content=\"Escrito por\" \/>\n\t<meta name=\"twitter:data1\" content=\"Hern\u00e1n L\u00f3pez\" \/>\n\t<meta name=\"twitter:label2\" content=\"Tiempo de lectura\" \/>\n\t<meta name=\"twitter:data2\" content=\"2 minutos\" \/>\n<script type=\"application\/ld+json\" class=\"yoast-schema-graph\">{\"@context\":\"https:\\\/\\\/schema.org\",\"@graph\":[{\"@type\":\"Article\",\"@id\":\"https:\\\/\\\/diarioprincipios.com\\\/index.php\\\/2024\\\/11\\\/22\\\/este-fin-de-semana-en-plaza-san-martin-se-desarrollara-la-32-muestra-anual-educativa\\\/#article\",\"isPartOf\":{\"@id\":\"https:\\\/\\\/diarioprincipios.com\\\/index.php\\\/2024\\\/11\\\/22\\\/este-fin-de-semana-en-plaza-san-martin-se-desarrollara-la-32-muestra-anual-educativa\\\/\"},\"author\":{\"name\":\"Hern\u00e1n L\u00f3pez\",\"@id\":\"https:\\\/\\\/diarioprincipios.com\\\/#\\\/schema\\\/person\\\/436d5a1fd41a5e250e23ff5a6a7cb080\"},\"headline\":\"Este fin de semana en Plaza San Mart\u00edn se desarrollar\u00e1 la 32\u00b0 Muestra Anual Educativa\",\"datePublished\":\"2024-11-22T14:23:41+00:00\",\"dateModified\":\"2024-11-22T14:23:44+00:00\",\"mainEntityOfPage\":{\"@id\":\"https:\\\/\\\/diarioprincipios.com\\\/index.php\\\/2024\\\/11\\\/22\\\/este-fin-de-semana-en-plaza-san-martin-se-desarrollara-la-32-muestra-anual-educativa\\\/\"},\"wordCount\":384,\"commentCount\":0,\"publisher\":{\"@id\":\"https:\\\/\\\/diarioprincipios.com\\\/#organization\"},\"image\":{\"@id\":\"https:\\\/\\\/diarioprincipios.com\\\/index.php\\\/2024\\\/11\\\/22\\\/este-fin-de-semana-en-plaza-san-martin-se-desarrollara-la-32-muestra-anual-educativa\\\/#primaryimage\"},\"thumbnailUrl\":\"https:\\\/\\\/diarioprincipios.com\\\/wp-content\\\/uploads\\\/2024\\\/11\\\/BERAZATEGUI-SE-PREPARA-PARA-LA-32\u00b0-MUESTRA-ANUAL-EDUCATIVA-4.jpg\",\"articleSection\":[\"Berazategui\",\"Cultura y Educaci\u00f3n\"],\"inLanguage\":\"es\",\"potentialAction\":[{\"@type\":\"CommentAction\",\"name\":\"Comment\",\"target\":[\"https:\\\/\\\/diarioprincipios.com\\\/index.php\\\/2024\\\/11\\\/22\\\/este-fin-de-semana-en-plaza-san-martin-se-desarrollara-la-32-muestra-anual-educativa\\\/#respond\"]}]},{\"@type\":\"WebPage\",\"@id\":\"https:\\\/\\\/diarioprincipios.com\\\/index.php\\\/2024\\\/11\\\/22\\\/este-fin-de-semana-en-plaza-san-martin-se-desarrollara-la-32-muestra-anual-educativa\\\/\",\"url\":\"https:\\\/\\\/diarioprincipios.com\\\/index.php\\\/2024\\\/11\\\/22\\\/este-fin-de-semana-en-plaza-san-martin-se-desarrollara-la-32-muestra-anual-educativa\\\/\",\"name\":\"Este fin de semana en Plaza San Mart\u00edn se desarrollar\u00e1 la 32\u00b0 Muestra Anual Educativa - Principios\",\"isPartOf\":{\"@id\":\"https:\\\/\\\/diarioprincipios.com\\\/#website\"},\"primaryImageOfPage\":{\"@id\":\"https:\\\/\\\/diarioprincipios.com\\\/index.php\\\/2024\\\/11\\\/22\\\/este-fin-de-semana-en-plaza-san-martin-se-desarrollara-la-32-muestra-anual-educativa\\\/#primaryimage\"},\"image\":{\"@id\":\"https:\\\/\\\/diarioprincipios.com\\\/index.php\\\/2024\\\/11\\\/22\\\/este-fin-de-semana-en-plaza-san-martin-se-desarrollara-la-32-muestra-anual-educativa\\\/#primaryimage\"},\"thumbnailUrl\":\"https:\\\/\\\/diarioprincipios.com\\\/wp-content\\\/uploads\\\/2024\\\/11\\\/BERAZATEGUI-SE-PREPARA-PARA-LA-32\u00b0-MUESTRA-ANUAL-EDUCATIVA-4.jpg\",\"datePublished\":\"2024-11-22T14:23:41+00:00\",\"dateModified\":\"2024-11-22T14:23:44+00:00\",\"breadcrumb\":{\"@id\":\"https:\\\/\\\/diarioprincipios.com\\\/index.php\\\/2024\\\/11\\\/22\\\/este-fin-de-semana-en-plaza-san-martin-se-desarrollara-la-32-muestra-anual-educativa\\\/#breadcrumb\"},\"inLanguage\":\"es\",\"potentialAction\":[{\"@type\":\"ReadAction\",\"target\":[\"https:\\\/\\\/diarioprincipios.com\\\/index.php\\\/2024\\\/11\\\/22\\\/este-fin-de-semana-en-plaza-san-martin-se-desarrollara-la-32-muestra-anual-educativa\\\/\"]}]},{\"@type\":\"ImageObject\",\"inLanguage\":\"es\",\"@id\":\"https:\\\/\\\/diarioprincipios.com\\\/index.php\\\/2024\\\/11\\\/22\\\/este-fin-de-semana-en-plaza-san-martin-se-desarrollara-la-32-muestra-anual-educativa\\\/#primaryimage\",\"url\":\"https:\\\/\\\/diarioprincipios.com\\\/wp-content\\\/uploads\\\/2024\\\/11\\\/BERAZATEGUI-SE-PREPARA-PARA-LA-32\u00b0-MUESTRA-ANUAL-EDUCATIVA-4.jpg\",\"contentUrl\":\"https:\\\/\\\/diarioprincipios.com\\\/wp-content\\\/uploads\\\/2024\\\/11\\\/BERAZATEGUI-SE-PREPARA-PARA-LA-32\u00b0-MUESTRA-ANUAL-EDUCATIVA-4.jpg\",\"width\":1920,\"height\":1280},{\"@type\":\"BreadcrumbList\",\"@id\":\"https:\\\/\\\/diarioprincipios.com\\\/index.php\\\/2024\\\/11\\\/22\\\/este-fin-de-semana-en-plaza-san-martin-se-desarrollara-la-32-muestra-anual-educativa\\\/#breadcrumb\",\"itemListElement\":[{\"@type\":\"ListItem\",\"position\":1,\"name\":\"Portada\",\"item\":\"https:\\\/\\\/diarioprincipios.com\\\/\"},{\"@type\":\"ListItem\",\"position\":2,\"name\":\"Este fin de semana en Plaza San Mart\u00edn se desarrollar\u00e1 la 32\u00b0 Muestra Anual Educativa\"}]},{\"@type\":\"WebSite\",\"@id\":\"https:\\\/\\\/diarioprincipios.com\\\/#website\",\"url\":\"https:\\\/\\\/diarioprincipios.com\\\/\",\"name\":\"Principios\",\"description\":\"Principios Diario\",\"publisher\":{\"@id\":\"https:\\\/\\\/diarioprincipios.com\\\/#organization\"},\"potentialAction\":[{\"@type\":\"SearchAction\",\"target\":{\"@type\":\"EntryPoint\",\"urlTemplate\":\"https:\\\/\\\/diarioprincipios.com\\\/?s={search_term_string}\"},\"query-input\":{\"@type\":\"PropertyValueSpecification\",\"valueRequired\":true,\"valueName\":\"search_term_string\"}}],\"inLanguage\":\"es\"},{\"@type\":\"Organization\",\"@id\":\"https:\\\/\\\/diarioprincipios.com\\\/#organization\",\"name\":\"Principios\",\"url\":\"https:\\\/\\\/diarioprincipios.com\\\/\",\"logo\":{\"@type\":\"ImageObject\",\"inLanguage\":\"es\",\"@id\":\"https:\\\/\\\/diarioprincipios.com\\\/#\\\/schema\\\/logo\\\/image\\\/\",\"url\":\"https:\\\/\\\/diarioprincipios.com\\\/wp-content\\\/uploads\\\/2024\\\/04\\\/cropped-www.diarioprincipios.com_-1.png\",\"contentUrl\":\"https:\\\/\\\/diarioprincipios.com\\\/wp-content\\\/uploads\\\/2024\\\/04\\\/cropped-www.diarioprincipios.com_-1.png\",\"width\":5325,\"height\":1454,\"caption\":\"Principios\"},\"image\":{\"@id\":\"https:\\\/\\\/diarioprincipios.com\\\/#\\\/schema\\\/logo\\\/image\\\/\"}},{\"@type\":\"Person\",\"@id\":\"https:\\\/\\\/diarioprincipios.com\\\/#\\\/schema\\\/person\\\/436d5a1fd41a5e250e23ff5a6a7cb080\",\"name\":\"Hern\u00e1n L\u00f3pez\",\"image\":{\"@type\":\"ImageObject\",\"inLanguage\":\"es\",\"@id\":\"https:\\\/\\\/diarioprincipios.com\\\/wp-content\\\/litespeed\\\/avatar\\\/11ddfe5610ff3bd100522525b2571f48.jpg?ver=1777048341\",\"url\":\"https:\\\/\\\/diarioprincipios.com\\\/wp-content\\\/litespeed\\\/avatar\\\/11ddfe5610ff3bd100522525b2571f48.jpg?ver=1777048341\",\"contentUrl\":\"https:\\\/\\\/diarioprincipios.com\\\/wp-content\\\/litespeed\\\/avatar\\\/11ddfe5610ff3bd100522525b2571f48.jpg?ver=1777048341\",\"caption\":\"Hern\u00e1n L\u00f3pez\"},\"url\":\"https:\\\/\\\/diarioprincipios.com\\\/index.php\\\/author\\\/hernan\\\/\"}]}<\/script>\n<!-- \/ Yoast SEO plugin. -->","yoast_head_json":{"title":"Este fin de semana en Plaza San Mart\u00edn se desarrollar\u00e1 la 32\u00b0 Muestra Anual Educativa - Principios","robots":{"index":"index","follow":"follow","max-snippet":"max-snippet:-1","max-image-preview":"max-image-preview:large","max-video-preview":"max-video-preview:-1"},"canonical":"https:\/\/diarioprincipios.com\/index.php\/2024\/11\/22\/este-fin-de-semana-en-plaza-san-martin-se-desarrollara-la-32-muestra-anual-educativa\/","og_locale":"es_ES","og_type":"article","og_title":"Este fin de semana en Plaza San Mart\u00edn se desarrollar\u00e1 la 32\u00b0 Muestra Anual Educativa - Principios","og_description":"Se viene una nueva MAE, la Muestra Anual Educativa de Berazategui (MAE), este 23 y 24 de noviembre en la Plaza San Mart\u00edn (Av. Mitre e\/ 6 y 7), con acceso libre y gratuito. Se trata de la 32\u00b0 edici\u00f3n de este emblem\u00e1tico evento que contar\u00e1 con n\u00fameros art\u00edsticos y distintas propuestas recreativas, l\u00fadicas y...","og_url":"https:\/\/diarioprincipios.com\/index.php\/2024\/11\/22\/este-fin-de-semana-en-plaza-san-martin-se-desarrollara-la-32-muestra-anual-educativa\/","og_site_name":"Principios","article_published_time":"2024-11-22T14:23:41+00:00","article_modified_time":"2024-11-22T14:23:44+00:00","og_image":[{"width":1920,"height":1280,"url":"https:\/\/diarioprincipios.com\/wp-content\/uploads\/2024\/11\/BERAZATEGUI-SE-PREPARA-PARA-LA-32\u00b0-MUESTRA-ANUAL-EDUCATIVA-4.jpg","type":"image\/jpeg"}],"author":"Hern\u00e1n L\u00f3pez","twitter_card":"summary_large_image","twitter_misc":{"Escrito por":"Hern\u00e1n L\u00f3pez","Tiempo de lectura":"2 minutos"},"schema":{"@context":"https:\/\/schema.org","@graph":[{"@type":"Article","@id":"https:\/\/diarioprincipios.com\/index.php\/2024\/11\/22\/este-fin-de-semana-en-plaza-san-martin-se-desarrollara-la-32-muestra-anual-educativa\/#article","isPartOf":{"@id":"https:\/\/diarioprincipios.com\/index.php\/2024\/11\/22\/este-fin-de-semana-en-plaza-san-martin-se-desarrollara-la-32-muestra-anual-educativa\/"},"author":{"name":"Hern\u00e1n L\u00f3pez","@id":"https:\/\/diarioprincipios.com\/#\/schema\/person\/436d5a1fd41a5e250e23ff5a6a7cb080"},"headline":"Este fin de semana en Plaza San Mart\u00edn se desarrollar\u00e1 la 32\u00b0 Muestra Anual Educativa","datePublished":"2024-11-22T14:23:41+00:00","dateModified":"2024-11-22T14:23:44+00:00","mainEntityOfPage":{"@id":"https:\/\/diarioprincipios.com\/index.php\/2024\/11\/22\/este-fin-de-semana-en-plaza-san-martin-se-desarrollara-la-32-muestra-anual-educativa\/"},"wordCount":384,"commentCount":0,"publisher":{"@id":"https:\/\/diarioprincipios.com\/#organization"},"image":{"@id":"https:\/\/diarioprincipios.com\/index.php\/2024\/11\/22\/este-fin-de-semana-en-plaza-san-martin-se-desarrollara-la-32-muestra-anual-educativa\/#primaryimage"},"thumbnailUrl":"https:\/\/diarioprincipios.com\/wp-content\/uploads\/2024\/11\/BERAZATEGUI-SE-PREPARA-PARA-LA-32\u00b0-MUESTRA-ANUAL-EDUCATIVA-4.jpg","articleSection":["Berazategui","Cultura y Educaci\u00f3n"],"inLanguage":"es","potentialAction":[{"@type":"CommentAction","name":"Comment","target":["https:\/\/diarioprincipios.com\/index.php\/2024\/11\/22\/este-fin-de-semana-en-plaza-san-martin-se-desarrollara-la-32-muestra-anual-educativa\/#respond"]}]},{"@type":"WebPage","@id":"https:\/\/diarioprincipios.com\/index.php\/2024\/11\/22\/este-fin-de-semana-en-plaza-san-martin-se-desarrollara-la-32-muestra-anual-educativa\/","url":"https:\/\/diarioprincipios.com\/index.php\/2024\/11\/22\/este-fin-de-semana-en-plaza-san-martin-se-desarrollara-la-32-muestra-anual-educativa\/","name":"Este fin de semana en Plaza San Mart\u00edn se desarrollar\u00e1 la 32\u00b0 Muestra Anual Educativa - Principios","isPartOf":{"@id":"https:\/\/diarioprincipios.com\/#website"},"primaryImageOfPage":{"@id":"https:\/\/diarioprincipios.com\/index.php\/2024\/11\/22\/este-fin-de-semana-en-plaza-san-martin-se-desarrollara-la-32-muestra-anual-educativa\/#primaryimage"},"image":{"@id":"https:\/\/diarioprincipios.com\/index.php\/2024\/11\/22\/este-fin-de-semana-en-plaza-san-martin-se-desarrollara-la-32-muestra-anual-educativa\/#primaryimage"},"thumbnailUrl":"https:\/\/diarioprincipios.com\/wp-content\/uploads\/2024\/11\/BERAZATEGUI-SE-PREPARA-PARA-LA-32\u00b0-MUESTRA-ANUAL-EDUCATIVA-4.jpg","datePublished":"2024-11-22T14:23:41+00:00","dateModified":"2024-11-22T14:23:44+00:00","breadcrumb":{"@id":"https:\/\/diarioprincipios.com\/index.php\/2024\/11\/22\/este-fin-de-semana-en-plaza-san-martin-se-desarrollara-la-32-muestra-anual-educativa\/#breadcrumb"},"inLanguage":"es","potentialAction":[{"@type":"ReadAction","target":["https:\/\/diarioprincipios.com\/index.php\/2024\/11\/22\/este-fin-de-semana-en-plaza-san-martin-se-desarrollara-la-32-muestra-anual-educativa\/"]}]},{"@type":"ImageObject","inLanguage":"es","@id":"https:\/\/diarioprincipios.com\/index.php\/2024\/11\/22\/este-fin-de-semana-en-plaza-san-martin-se-desarrollara-la-32-muestra-anual-educativa\/#primaryimage","url":"https:\/\/diarioprincipios.com\/wp-content\/uploads\/2024\/11\/BERAZATEGUI-SE-PREPARA-PARA-LA-32\u00b0-MUESTRA-ANUAL-EDUCATIVA-4.jpg","contentUrl":"https:\/\/diarioprincipios.com\/wp-content\/uploads\/2024\/11\/BERAZATEGUI-SE-PREPARA-PARA-LA-32\u00b0-MUESTRA-ANUAL-EDUCATIVA-4.jpg","width":1920,"height":1280},{"@type":"BreadcrumbList","@id":"https:\/\/diarioprincipios.com\/index.php\/2024\/11\/22\/este-fin-de-semana-en-plaza-san-martin-se-desarrollara-la-32-muestra-anual-educativa\/#breadcrumb","itemListElement":[{"@type":"ListItem","position":1,"name":"Portada","item":"https:\/\/diarioprincipios.com\/"},{"@type":"ListItem","position":2,"name":"Este fin de semana en Plaza San Mart\u00edn se desarrollar\u00e1 la 32\u00b0 Muestra Anual Educativa"}]},{"@type":"WebSite","@id":"https:\/\/diarioprincipios.com\/#website","url":"https:\/\/diarioprincipios.com\/","name":"Principios","description":"Principios Diario","publisher":{"@id":"https:\/\/diarioprincipios.com\/#organization"},"potentialAction":[{"@type":"SearchAction","target":{"@type":"EntryPoint","urlTemplate":"https:\/\/diarioprincipios.com\/?s={search_term_string}"},"query-input":{"@type":"PropertyValueSpecification","valueRequired":true,"valueName":"search_term_string"}}],"inLanguage":"es"},{"@type":"Organization","@id":"https:\/\/diarioprincipios.com\/#organization","name":"Principios","url":"https:\/\/diarioprincipios.com\/","logo":{"@type":"ImageObject","inLanguage":"es","@id":"https:\/\/diarioprincipios.com\/#\/schema\/logo\/image\/","url":"https:\/\/diarioprincipios.com\/wp-content\/uploads\/2024\/04\/cropped-www.diarioprincipios.com_-1.png","contentUrl":"https:\/\/diarioprincipios.com\/wp-content\/uploads\/2024\/04\/cropped-www.diarioprincipios.com_-1.png","width":5325,"height":1454,"caption":"Principios"},"image":{"@id":"https:\/\/diarioprincipios.com\/#\/schema\/logo\/image\/"}},{"@type":"Person","@id":"https:\/\/diarioprincipios.com\/#\/schema\/person\/436d5a1fd41a5e250e23ff5a6a7cb080","name":"Hern\u00e1n L\u00f3pez","image":{"@type":"ImageObject","inLanguage":"es","@id":"https:\/\/diarioprincipios.com\/wp-content\/litespeed\/avatar\/11ddfe5610ff3bd100522525b2571f48.jpg?ver=1777048341","url":"https:\/\/diarioprincipios.com\/wp-content\/litespeed\/avatar\/11ddfe5610ff3bd100522525b2571f48.jpg?ver=1777048341","contentUrl":"https:\/\/diarioprincipios.com\/wp-content\/litespeed\/avatar\/11ddfe5610ff3bd100522525b2571f48.jpg?ver=1777048341","caption":"Hern\u00e1n L\u00f3pez"},"url":"https:\/\/diarioprincipios.com\/index.php\/author\/hernan\/"}]}},"jetpack_featured_media_url":"https:\/\/diarioprincipios.com\/wp-content\/uploads\/2024\/11\/BERAZATEGUI-SE-PREPARA-PARA-LA-32\u00b0-MUESTRA-ANUAL-EDUCATIVA-4.jpg","_links":{"self":[{"href":"https:\/\/diarioprincipios.com\/index.php\/wp-json\/wp\/v2\/posts\/23601","targetHints":{"allow":["GET"]}}],"collection":[{"href":"https:\/\/diarioprincipios.com\/index.php\/wp-json\/wp\/v2\/posts"}],"about":[{"href":"https:\/\/diarioprincipios.com\/index.php\/wp-json\/wp\/v2\/types\/post"}],"author":[{"embeddable":true,"href":"https:\/\/diarioprincipios.com\/index.php\/wp-json\/wp\/v2\/users\/2"}],"replies":[{"embeddable":true,"href":"https:\/\/diarioprincipios.com\/index.php\/wp-json\/wp\/v2\/comments?post=23601"}],"version-history":[{"count":1,"href":"https:\/\/diarioprincipios.com\/index.php\/wp-json\/wp\/v2\/posts\/23601\/revisions"}],"predecessor-version":[{"id":23604,"href":"https:\/\/diarioprincipios.com\/index.php\/wp-json\/wp\/v2\/posts\/23601\/revisions\/23604"}],"wp:featuredmedia":[{"embeddable":true,"href":"https:\/\/diarioprincipios.com\/index.php\/wp-json\/wp\/v2\/media\/23603"}],"wp:attachment":[{"href":"https:\/\/diarioprincipios.com\/index.php\/wp-json\/wp\/v2\/media?parent=23601"}],"wp:term":[{"taxonomy":"category","embeddable":true,"href":"https:\/\/diarioprincipios.com\/index.php\/wp-json\/wp\/v2\/categories?post=23601"},{"taxonomy":"post_tag","embeddable":true,"href":"https:\/\/diarioprincipios.com\/index.php\/wp-json\/wp\/v2\/tags?post=23601"}],"curies":[{"name":"wp","href":"https:\/\/api.w.org\/{rel}","templated":true}]}}